{"id":106587,"date":"2014-05-28T16:41:47","date_gmt":"2014-05-28T14:41:47","guid":{"rendered":"https:\/\/sandzakpress.net\/arhiva\/?p=106587"},"modified":"2014-05-28T16:41:47","modified_gmt":"2014-05-28T14:41:47","slug":"u-evropski-parlament-usle-stranke-koje-se-zalazu-za-protjerivanje-muslimana","status":"publish","type":"post","link":"https:\/\/sandzakpress.net\/arhiva\/u-evropski-parlament-usle-stranke-koje-se-zalazu-za-protjerivanje-muslimana\/","title":{"rendered":"U Evropski parlament u\u0161le stranke koje se zala\u017eu za protjerivanje muslimana"},"content":{"rendered":"<p><img loading=\"lazy\" decoding=\"async\" class=\"aligncenter size-full wp-image-106588\" src=\"https:\/\/sandzakpress.net\/arhiva\/wp-content\/uploads\/2014\/05\/Pro+Deutschland+Protest+Berlin+Mosques+b9x5MS0VXiMl.jpg\" alt=\"Pro+Deutschland+Protest+Berlin+Mosques+b9x5MS0VXiMl\" width=\"594\" height=\"397\" \/><\/p>\n<p><strong><span style=\"font-weight: inherit; font-style: inherit;\">EU &#8211; U Evropski parlament, nakon izbora, u\u0161lo je devet ekstremno desnih stranaka. Glasnogovornik jedne od tih stranaka ima istetoviranu svastiku, vo\u0111a druge stranke, pak, sugerisao je da se na imigrante pusti virus Ebole, a jedna od tih stranaka se zala\u017ee i za izbacivanje muslimana iz zemlje.<\/span><\/strong><\/p>\n<p>Prvi put u historiji Evropske unije ove godine \u0107e u Briselu sjediti predstavnici neonacisti\u010dkih stranaka.<\/p>\n<p>Huffington Post predstavio je te stranke i njihove \u201cideje\u201d.<\/p>\n<p><strong>1.Nacionalna fronta<\/strong><\/p>\n<p>Stranka kojoj je fokus na antiimigracijskoj platformi dobila je \u010detvrtinu glasova u Francuskoj, na izborima za Evropski parlament.<\/p>\n<p>Vo\u0111a Marine Le Pen morala je naporno raditi na \u010di\u0161\u0107enju stranke, a na udaru se na\u0161ao i utemeljitelj Nacionalnog fronta, njen otac Jean Marie Le Pen koji je nedavno izjavio da bi \u201cGospodin Ebola\u201d mogao za tri mjeseca rije\u0161iti evropsko pitanje imigracije. Jean Marie Le Pen do sada je nebrojeno puta osu\u0111van zbog pozivanja na mr\u017enju i diskriminaciju, a jednom je plinske komore koje su koristili nacisti nazvao \u201cmalim detaljima\u201d.<\/p>\n<p><strong>2.Nacionalna demokratska stranka (NPD)<\/strong><\/p>\n<p>Njema\u010dka neonacisti\u010dka stranka kampanju je bazirala na platformi zaustavljanja imigracije, a \u010dlanovi ove stranke nerijetko su nazivani antisemitima i rasistima. U intervjuima koje su davali nagla\u0161avali su da je Evropa \u201ckontinent bijelih ljudi\u201d, a jedan od njihovih slogana bio je i \u201cNovac za bake umjesto za Sinte i Rome\u201d.<\/p>\n<p><strong>3.Zlatna zora<\/strong><\/p>\n<p>Gr\u010dka ultranacionalisti\u010dka sranka Zlatna zora uspjela je izboriti mjesto u Evropskom parlamentu. Glasnogovornik stranke ima istetoviranu svastiku, a ve\u0107i broj \u010dlanova te stranke nalazi se u zatvoru budu\u0107i da su bili dio zlo\u010dina\u010dke organitacije. Ipak, \u010delni ljudi stranke insistiraju na tome da njihovi pripadnici nisu kriminalci niti neonacisti. Ina\u010de, Zlatna zora je tre\u0107a najpopularnija stranka u Gr\u010dkoj.<\/p>\n<p><strong>4.Finci<\/strong><\/p>\n<p>Finska antievropska stranka zabilje\u017eila je lo\u0161iji rezultat od predvi\u0111enog, ali je ipak imala dovoljno glasova da se izbori za dva svoja predstavnika u Evropskom parlamentu. Ova stranka ranije je bila poznata i pod nazivom \u201cPravi Finci\u201d. Vo\u0111a stranke James Hirvisaari je ka\u017enjen 2011. godine zbog izjave o muslimanima na svom blogu. Tako\u0111er, on je jednom odbio poziv na proslavu Dana nezavisnosti zbog istospolnih parova, a stranka je istovremeno odbacivala optu\u017ebe za rasizam i homofobiju.<\/p>\n<p><strong>5.Danska narodna stranka<\/strong><\/p>\n<p>Danska narodna stranka osvojila je gotovo 27 posto glasova i udvostru\u010dila broj svojih zastupnika u Evropskom parlamentu. Utemeljiteljica stranke Pia Kj\u00e6rsgaard smatra da Danska nije zemlja u kojoj je imigracija prirodna ili dobrodo\u0161la. Zbog svojih stavova na\u0161la se na udaru kritike \u0160ve\u0111ana, no ona je na to odgovorila:<\/p>\n<p>\u201cUkoliko oni (imigranti) \u017eele Stockholm, Goteborg ili Malmo pretvoriti u skandinavski Bejrut, s ratovima klanova, ubistvima iz \u010dasti i brutalnim silovanjima \u2013 neka to i \u010dine. Mi uvijek mo\u017eemo staviti rampu na most Oresund.\u201d<\/p>\n<p><strong>6.Stranka slobode<\/strong><\/p>\n<p>Holandska stranka krajnje desnice mo\u017ee biti razo\u010darana jer su najvi\u0161e glasova dobile proevropske stranke. Naime, stranka koju predvodi Geert Wilders poznata je po svojoj kritici islama i muslimana, a upravo Wilders je jednom kazao: \u201cJa ne mrzim muslimane, mrzim islam.\u201d Stranka se zala\u017ee za prekid imigracije muslimana te vra\u0107anje onih koji su se nastanili u Holandiji.<\/p>\n<p>\u201cIslam je Trojanski konj u Evropi. Ako sada ne zaustavimo islamifikaciju, pojava Eurabije i Netharanije je samo pitanje vremena\u201d, kazao je jednom Wilders.<\/p>\n<p>A, glasa\u010dima je obe\u0107ao manje Marokanaca u zemlji. Stranka je na izborima osvojila \u010detiri zastupni\u010dka mjesta.<\/p>\n<p><strong>7.Jobbik \u2013 Pokret za bolju Ma\u0111arsku<\/strong><\/p>\n<p>Desni\u010darska nacionalisti\u010dka stranka Jobbik jedna je od najo\u010ditijih neonacisti\u010dkih stranaka u Evropskom parlamentu. Ove godine su postigli iste rezultate kao i 2009. godine te \u0107e u Evropskom parlamentu imati tri svoja zastupnika. Stranka je poznata po tome \u0161to su \u010dlanovi tra\u017eili da se Jevreji u Ma\u0111arskoj upi\u0161u u poseban registar te su potencirali da Jevreji predstavljaju potencijalnu opasnost za nacionalnu sigurnost Ma\u0111arske.<\/p>\n<p><strong>8.Austrijska slobodarska stranka<\/strong><\/p>\n<p>Stranka krajnje desnice na ovim izborima ostvarila je odli\u010dne rezultate i udvostru\u010dila broj zastupnika u Evropskom parlamentu te se nadaju da \u0107e formirati savez sa francuskim Nacionalnim frontom.<\/p>\n<p>\u201cAko ima doseljenika iz Turske koji se \u017eale na kri\u017e u \u0161kolskoj u\u010dionici, onda neka se vrate ku\u0107i\u201d, re\u010denica je koju \u010desto koristi vo\u0111a te stranke Heinz -Christian Strache. Ina\u010de, stranka se \u017eestoko protivi imigraciji muslimana te smataraju da Austrija vi\u0161e ne bi trebala primati muslimane. Strache za sebe tvrdi da nije rasist jer on \u201cjede kebab\u201d.<\/p>\n<p><strong>9. Lega Nord<\/strong><\/p>\n<p>Italijanska stranka krajnje desnice osvojila je \u0161est posto glasova u Italiji. \u201cAfrika nije proizvela velike genijalce \u0161to svi mogu vidjeti iz enciklopedije Mickey Mouse\u201d, izjava je jednog od biv\u0161ih zastupnika te stranke u Evropskom parlamentu.<\/p>\n<p>(Klix.ba)<\/p>\n","protected":false},"excerpt":{"rendered":"<p>Kakva je budu\u0107nost muslimana Evrope?<\/p>\n","protected":false},"author":83,"featured_media":106588,"comment_status":"open","ping_status":"open","sticky":false,"template":"","format":"standard","meta":{"footnotes":""},"categories":[72,9538,9539,9550,9544,9543,10175,10176,9548,9,9545,9549,10310,8957,10309],"tags":[],"class_list":{"0":"post-106587","1":"post","2":"type-post","3":"status-publish","4":"format-standard","5":"has-post-thumbnail","7":"category-novi-pazar","8":"category-njemacka-dijaspora-gradovi-vase-vijesti","9":"category-austrija-dijaspora-gradovi-vase-vijesti","10":"category-francuska-dijaspora-gradovi-vase-vijesti","11":"category-svicarska-dijaspora-gradovi-vase-vijesti","12":"category-svedska-dijaspora-gradovi-vase-vijesti","13":"category-danska-dijaspora-gradovi-vase-vijesti","14":"category-norveska-dijaspora-gradovi-vase-vijesti","15":"category-belgija-dijaspora-gradovi-vase-vijesti","16":"category-svijet","17":"category-holandija-dijaspora-gradovi-vase-vijesti","18":"category-luxemburg","19":"category-velika-britanija","20":"category-vijesti-dana","21":"category-italija"},"yoast_head":"<!-- This site is optimized with the Yoast SEO Premium plugin v23.1 (Yoast SEO v24.9) - https:\/\/yoast.com\/wordpress\/plugins\/seo\/ -->\n<title>U Evropski parlament u\u0161le stranke koje se zala\u017eu za protjerivanje muslimana<\/title>\n<meta name=\"robots\" content=\"index, follow, max-snippet:-1, max-image-preview:large, max-video-preview:-1\" \/>\n<link rel=\"canonical\" href=\"https:\/\/sandzakpress.net\/arhiva\/u-evropski-parlament-usle-stranke-koje-se-zalazu-za-protjerivanje-muslimana\/\" \/>\n<meta property=\"og:locale\" content=\"bs_BA\" \/>\n<meta property=\"og:type\" content=\"article\" \/>\n<meta property=\"og:title\" content=\"U Evropski parlament u\u0161le stranke koje se zala\u017eu za protjerivanje muslimana\" \/>\n<meta property=\"og:description\" content=\"Kakva je budu\u0107nost muslimana Evrope?\" \/>\n<meta property=\"og:url\" content=\"https:\/\/sandzakpress.net\/arhiva\/u-evropski-parlament-usle-stranke-koje-se-zalazu-za-protjerivanje-muslimana\/\" \/>\n<meta property=\"og:site_name\" content=\"Sand\u017eak PRESS\" \/>\n<meta property=\"article:published_time\" content=\"2014-05-28T14:41:47+00:00\" \/>\n<meta property=\"og:image\" content=\"https:\/\/sandzakpress.net\/arhiva\/wp-content\/uploads\/2014\/05\/Pro+Deutschland+Protest+Berlin+Mosques+b9x5MS0VXiMl.jpg\" \/>\n\t<meta property=\"og:image:width\" content=\"594\" \/>\n\t<meta property=\"og:image:height\" content=\"397\" \/>\n\t<meta property=\"og:image:type\" content=\"image\/jpeg\" \/>\n<meta name=\"author\" content=\"bosniak\" \/>\n<meta name=\"twitter:card\" content=\"summary_large_image\" \/>\n<meta name=\"twitter:label1\" content=\"Written by\" \/>\n\t<meta name=\"twitter:data1\" content=\"bosniak\" \/>\n\t<meta name=\"twitter:label2\" content=\"Est. reading time\" \/>\n\t<meta name=\"twitter:data2\" content=\"4 minute\" \/>\n<script type=\"application\/ld+json\" class=\"yoast-schema-graph\">{\"@context\":\"https:\/\/schema.org\",\"@graph\":[{\"@type\":\"Article\",\"@id\":\"https:\/\/sandzakpress.net\/arhiva\/u-evropski-parlament-usle-stranke-koje-se-zalazu-za-protjerivanje-muslimana\/#article\",\"isPartOf\":{\"@id\":\"https:\/\/sandzakpress.net\/arhiva\/u-evropski-parlament-usle-stranke-koje-se-zalazu-za-protjerivanje-muslimana\/\"},\"author\":{\"name\":\"bosniak\",\"@id\":\"https:\/\/sandzakpress.net\/arhiva\/#\/schema\/person\/c8baee722073534b583ea7bdb2e36c02\"},\"headline\":\"U Evropski parlament u\u0161le stranke koje se zala\u017eu za protjerivanje muslimana\",\"datePublished\":\"2014-05-28T14:41:47+00:00\",\"mainEntityOfPage\":{\"@id\":\"https:\/\/sandzakpress.net\/arhiva\/u-evropski-parlament-usle-stranke-koje-se-zalazu-za-protjerivanje-muslimana\/\"},\"wordCount\":794,\"commentCount\":4,\"publisher\":{\"@id\":\"https:\/\/sandzakpress.net\/arhiva\/#\/schema\/person\/6e72b67d6e51910a1117b3b483ba20bd\"},\"image\":{\"@id\":\"https:\/\/sandzakpress.net\/arhiva\/u-evropski-parlament-usle-stranke-koje-se-zalazu-za-protjerivanje-muslimana\/#primaryimage\"},\"thumbnailUrl\":\"https:\/\/sandzakpress.net\/arhiva\/wp-content\/uploads\/2014\/05\/Pro+Deutschland+Protest+Berlin+Mosques+b9x5MS0VXiMl.jpg\",\"articleSection\":[\"Novi Pazar\",\"Njema\u010dka\",\"Austrija\",\"Francuska\",\"\u0160vicarska\",\"\u0160vedska\",\"Danska\",\"Norve\u0161ka\",\"Belgija\",\"Svijet\",\"Holandija\",\"Luksemburg\",\"Velika Britanija\",\"VIJESTI DANA\",\"Italija\"],\"inLanguage\":\"bs-BA\",\"potentialAction\":[{\"@type\":\"CommentAction\",\"name\":\"Comment\",\"target\":[\"https:\/\/sandzakpress.net\/arhiva\/u-evropski-parlament-usle-stranke-koje-se-zalazu-za-protjerivanje-muslimana\/#respond\"]}]},{\"@type\":\"WebPage\",\"@id\":\"https:\/\/sandzakpress.net\/arhiva\/u-evropski-parlament-usle-stranke-koje-se-zalazu-za-protjerivanje-muslimana\/\",\"url\":\"https:\/\/sandzakpress.net\/arhiva\/u-evropski-parlament-usle-stranke-koje-se-zalazu-za-protjerivanje-muslimana\/\",\"name\":\"U Evropski parlament u\u0161le stranke koje se zala\u017eu za protjerivanje muslimana\",\"isPartOf\":{\"@id\":\"https:\/\/sandzakpress.net\/arhiva\/#website\"},\"primaryImageOfPage\":{\"@id\":\"https:\/\/sandzakpress.net\/arhiva\/u-evropski-parlament-usle-stranke-koje-se-zalazu-za-protjerivanje-muslimana\/#primaryimage\"},\"image\":{\"@id\":\"https:\/\/sandzakpress.net\/arhiva\/u-evropski-parlament-usle-stranke-koje-se-zalazu-za-protjerivanje-muslimana\/#primaryimage\"},\"thumbnailUrl\":\"https:\/\/sandzakpress.net\/arhiva\/wp-content\/uploads\/2014\/05\/Pro+Deutschland+Protest+Berlin+Mosques+b9x5MS0VXiMl.jpg\",\"datePublished\":\"2014-05-28T14:41:47+00:00\",\"breadcrumb\":{\"@id\":\"https:\/\/sandzakpress.net\/arhiva\/u-evropski-parlament-usle-stranke-koje-se-zalazu-za-protjerivanje-muslimana\/#breadcrumb\"},\"inLanguage\":\"bs-BA\",\"potentialAction\":[{\"@type\":\"ReadAction\",\"target\":[\"https:\/\/sandzakpress.net\/arhiva\/u-evropski-parlament-usle-stranke-koje-se-zalazu-za-protjerivanje-muslimana\/\"]}]},{\"@type\":\"ImageObject\",\"inLanguage\":\"bs-BA\",\"@id\":\"https:\/\/sandzakpress.net\/arhiva\/u-evropski-parlament-usle-stranke-koje-se-zalazu-za-protjerivanje-muslimana\/#primaryimage\",\"url\":\"https:\/\/sandzakpress.net\/arhiva\/wp-content\/uploads\/2014\/05\/Pro+Deutschland+Protest+Berlin+Mosques+b9x5MS0VXiMl.jpg\",\"contentUrl\":\"https:\/\/sandzakpress.net\/arhiva\/wp-content\/uploads\/2014\/05\/Pro+Deutschland+Protest+Berlin+Mosques+b9x5MS0VXiMl.jpg\",\"width\":594,\"height\":397},{\"@type\":\"BreadcrumbList\",\"@id\":\"https:\/\/sandzakpress.net\/arhiva\/u-evropski-parlament-usle-stranke-koje-se-zalazu-za-protjerivanje-muslimana\/#breadcrumb\",\"itemListElement\":[{\"@type\":\"ListItem\",\"position\":1,\"name\":\"Home\",\"item\":\"https:\/\/sandzakpress.net\/arhiva\/\"},{\"@type\":\"ListItem\",\"position\":2,\"name\":\"U Evropski parlament u\u0161le stranke koje se zala\u017eu za protjerivanje muslimana\"}]},{\"@type\":\"WebSite\",\"@id\":\"https:\/\/sandzakpress.net\/arhiva\/#website\",\"url\":\"https:\/\/sandzakpress.net\/arhiva\/\",\"name\":\"Sand\u017eak PRESS\",\"description\":\"Prve elektronske novine u Sand\u017eaku\",\"publisher\":{\"@id\":\"https:\/\/sandzakpress.net\/arhiva\/#\/schema\/person\/6e72b67d6e51910a1117b3b483ba20bd\"},\"potentialAction\":[{\"@type\":\"SearchAction\",\"target\":{\"@type\":\"EntryPoint\",\"urlTemplate\":\"https:\/\/sandzakpress.net\/arhiva\/?s={search_term_string}\"},\"query-input\":{\"@type\":\"PropertyValueSpecification\",\"valueRequired\":true,\"valueName\":\"search_term_string\"}}],\"inLanguage\":\"bs-BA\"},{\"@type\":[\"Person\",\"Organization\"],\"@id\":\"https:\/\/sandzakpress.net\/arhiva\/#\/schema\/person\/6e72b67d6e51910a1117b3b483ba20bd\",\"name\":\"Kul\",\"image\":{\"@type\":\"ImageObject\",\"inLanguage\":\"bs-BA\",\"@id\":\"https:\/\/sandzakpress.net\/arhiva\/#\/schema\/person\/image\/\",\"url\":\"https:\/\/secure.gravatar.com\/avatar\/42263f39aa27ac04c43cab85c280eb2e?s=96&d=mm&r=pg\",\"contentUrl\":\"https:\/\/secure.gravatar.com\/avatar\/42263f39aa27ac04c43cab85c280eb2e?s=96&d=mm&r=pg\",\"caption\":\"Kul\"},\"logo\":{\"@id\":\"https:\/\/sandzakpress.net\/arhiva\/#\/schema\/person\/image\/\"}},{\"@type\":\"Person\",\"@id\":\"https:\/\/sandzakpress.net\/arhiva\/#\/schema\/person\/c8baee722073534b583ea7bdb2e36c02\",\"name\":\"bosniak\",\"image\":{\"@type\":\"ImageObject\",\"inLanguage\":\"bs-BA\",\"@id\":\"https:\/\/sandzakpress.net\/arhiva\/#\/schema\/person\/image\/\",\"url\":\"https:\/\/secure.gravatar.com\/avatar\/a04fd330bfe3a36a72a0ad4a6d89fca7?s=96&d=mm&r=pg\",\"contentUrl\":\"https:\/\/secure.gravatar.com\/avatar\/a04fd330bfe3a36a72a0ad4a6d89fca7?s=96&d=mm&r=pg\",\"caption\":\"bosniak\"},\"url\":\"https:\/\/sandzakpress.net\/arhiva\/author\/bosniak\/\"}]}<\/script>\n<!-- \/ Yoast SEO Premium plugin. -->","yoast_head_json":{"title":"U Evropski parlament u\u0161le stranke koje se zala\u017eu za protjerivanje muslimana","robots":{"index":"index","follow":"follow","max-snippet":"max-snippet:-1","max-image-preview":"max-image-preview:large","max-video-preview":"max-video-preview:-1"},"canonical":"https:\/\/sandzakpress.net\/arhiva\/u-evropski-parlament-usle-stranke-koje-se-zalazu-za-protjerivanje-muslimana\/","og_locale":"bs_BA","og_type":"article","og_title":"U Evropski parlament u\u0161le stranke koje se zala\u017eu za protjerivanje muslimana","og_description":"Kakva je budu\u0107nost muslimana Evrope?","og_url":"https:\/\/sandzakpress.net\/arhiva\/u-evropski-parlament-usle-stranke-koje-se-zalazu-za-protjerivanje-muslimana\/","og_site_name":"Sand\u017eak PRESS","article_published_time":"2014-05-28T14:41:47+00:00","og_image":[{"width":594,"height":397,"url":"https:\/\/sandzakpress.net\/arhiva\/wp-content\/uploads\/2014\/05\/Pro+Deutschland+Protest+Berlin+Mosques+b9x5MS0VXiMl.jpg","type":"image\/jpeg"}],"author":"bosniak","twitter_card":"summary_large_image","twitter_misc":{"Written by":"bosniak","Est. reading time":"4 minute"},"schema":{"@context":"https:\/\/schema.org","@graph":[{"@type":"Article","@id":"https:\/\/sandzakpress.net\/arhiva\/u-evropski-parlament-usle-stranke-koje-se-zalazu-za-protjerivanje-muslimana\/#article","isPartOf":{"@id":"https:\/\/sandzakpress.net\/arhiva\/u-evropski-parlament-usle-stranke-koje-se-zalazu-za-protjerivanje-muslimana\/"},"author":{"name":"bosniak","@id":"https:\/\/sandzakpress.net\/arhiva\/#\/schema\/person\/c8baee722073534b583ea7bdb2e36c02"},"headline":"U Evropski parlament u\u0161le stranke koje se zala\u017eu za protjerivanje muslimana","datePublished":"2014-05-28T14:41:47+00:00","mainEntityOfPage":{"@id":"https:\/\/sandzakpress.net\/arhiva\/u-evropski-parlament-usle-stranke-koje-se-zalazu-za-protjerivanje-muslimana\/"},"wordCount":794,"commentCount":4,"publisher":{"@id":"https:\/\/sandzakpress.net\/arhiva\/#\/schema\/person\/6e72b67d6e51910a1117b3b483ba20bd"},"image":{"@id":"https:\/\/sandzakpress.net\/arhiva\/u-evropski-parlament-usle-stranke-koje-se-zalazu-za-protjerivanje-muslimana\/#primaryimage"},"thumbnailUrl":"https:\/\/sandzakpress.net\/arhiva\/wp-content\/uploads\/2014\/05\/Pro+Deutschland+Protest+Berlin+Mosques+b9x5MS0VXiMl.jpg","articleSection":["Novi Pazar","Njema\u010dka","Austrija","Francuska","\u0160vicarska","\u0160vedska","Danska","Norve\u0161ka","Belgija","Svijet","Holandija","Luksemburg","Velika Britanija","VIJESTI DANA","Italija"],"inLanguage":"bs-BA","potentialAction":[{"@type":"CommentAction","name":"Comment","target":["https:\/\/sandzakpress.net\/arhiva\/u-evropski-parlament-usle-stranke-koje-se-zalazu-za-protjerivanje-muslimana\/#respond"]}]},{"@type":"WebPage","@id":"https:\/\/sandzakpress.net\/arhiva\/u-evropski-parlament-usle-stranke-koje-se-zalazu-za-protjerivanje-muslimana\/","url":"https:\/\/sandzakpress.net\/arhiva\/u-evropski-parlament-usle-stranke-koje-se-zalazu-za-protjerivanje-muslimana\/","name":"U Evropski parlament u\u0161le stranke koje se zala\u017eu za protjerivanje muslimana","isPartOf":{"@id":"https:\/\/sandzakpress.net\/arhiva\/#website"},"primaryImageOfPage":{"@id":"https:\/\/sandzakpress.net\/arhiva\/u-evropski-parlament-usle-stranke-koje-se-zalazu-za-protjerivanje-muslimana\/#primaryimage"},"image":{"@id":"https:\/\/sandzakpress.net\/arhiva\/u-evropski-parlament-usle-stranke-koje-se-zalazu-za-protjerivanje-muslimana\/#primaryimage"},"thumbnailUrl":"https:\/\/sandzakpress.net\/arhiva\/wp-content\/uploads\/2014\/05\/Pro+Deutschland+Protest+Berlin+Mosques+b9x5MS0VXiMl.jpg","datePublished":"2014-05-28T14:41:47+00:00","breadcrumb":{"@id":"https:\/\/sandzakpress.net\/arhiva\/u-evropski-parlament-usle-stranke-koje-se-zalazu-za-protjerivanje-muslimana\/#breadcrumb"},"inLanguage":"bs-BA","potentialAction":[{"@type":"ReadAction","target":["https:\/\/sandzakpress.net\/arhiva\/u-evropski-parlament-usle-stranke-koje-se-zalazu-za-protjerivanje-muslimana\/"]}]},{"@type":"ImageObject","inLanguage":"bs-BA","@id":"https:\/\/sandzakpress.net\/arhiva\/u-evropski-parlament-usle-stranke-koje-se-zalazu-za-protjerivanje-muslimana\/#primaryimage","url":"https:\/\/sandzakpress.net\/arhiva\/wp-content\/uploads\/2014\/05\/Pro+Deutschland+Protest+Berlin+Mosques+b9x5MS0VXiMl.jpg","contentUrl":"https:\/\/sandzakpress.net\/arhiva\/wp-content\/uploads\/2014\/05\/Pro+Deutschland+Protest+Berlin+Mosques+b9x5MS0VXiMl.jpg","width":594,"height":397},{"@type":"BreadcrumbList","@id":"https:\/\/sandzakpress.net\/arhiva\/u-evropski-parlament-usle-stranke-koje-se-zalazu-za-protjerivanje-muslimana\/#breadcrumb","itemListElement":[{"@type":"ListItem","position":1,"name":"Home","item":"https:\/\/sandzakpress.net\/arhiva\/"},{"@type":"ListItem","position":2,"name":"U Evropski parlament u\u0161le stranke koje se zala\u017eu za protjerivanje muslimana"}]},{"@type":"WebSite","@id":"https:\/\/sandzakpress.net\/arhiva\/#website","url":"https:\/\/sandzakpress.net\/arhiva\/","name":"Sand\u017eak PRESS","description":"Prve elektronske novine u Sand\u017eaku","publisher":{"@id":"https:\/\/sandzakpress.net\/arhiva\/#\/schema\/person\/6e72b67d6e51910a1117b3b483ba20bd"},"potentialAction":[{"@type":"SearchAction","target":{"@type":"EntryPoint","urlTemplate":"https:\/\/sandzakpress.net\/arhiva\/?s={search_term_string}"},"query-input":{"@type":"PropertyValueSpecification","valueRequired":true,"valueName":"search_term_string"}}],"inLanguage":"bs-BA"},{"@type":["Person","Organization"],"@id":"https:\/\/sandzakpress.net\/arhiva\/#\/schema\/person\/6e72b67d6e51910a1117b3b483ba20bd","name":"Kul","image":{"@type":"ImageObject","inLanguage":"bs-BA","@id":"https:\/\/sandzakpress.net\/arhiva\/#\/schema\/person\/image\/","url":"https:\/\/secure.gravatar.com\/avatar\/42263f39aa27ac04c43cab85c280eb2e?s=96&d=mm&r=pg","contentUrl":"https:\/\/secure.gravatar.com\/avatar\/42263f39aa27ac04c43cab85c280eb2e?s=96&d=mm&r=pg","caption":"Kul"},"logo":{"@id":"https:\/\/sandzakpress.net\/arhiva\/#\/schema\/person\/image\/"}},{"@type":"Person","@id":"https:\/\/sandzakpress.net\/arhiva\/#\/schema\/person\/c8baee722073534b583ea7bdb2e36c02","name":"bosniak","image":{"@type":"ImageObject","inLanguage":"bs-BA","@id":"https:\/\/sandzakpress.net\/arhiva\/#\/schema\/person\/image\/","url":"https:\/\/secure.gravatar.com\/avatar\/a04fd330bfe3a36a72a0ad4a6d89fca7?s=96&d=mm&r=pg","contentUrl":"https:\/\/secure.gravatar.com\/avatar\/a04fd330bfe3a36a72a0ad4a6d89fca7?s=96&d=mm&r=pg","caption":"bosniak"},"url":"https:\/\/sandzakpress.net\/arhiva\/author\/bosniak\/"}]}},"_links":{"self":[{"href":"https:\/\/sandzakpress.net\/arhiva\/wp-json\/wp\/v2\/posts\/106587"}],"collection":[{"href":"https:\/\/sandzakpress.net\/arhiva\/wp-json\/wp\/v2\/posts"}],"about":[{"href":"https:\/\/sandzakpress.net\/arhiva\/wp-json\/wp\/v2\/types\/post"}],"author":[{"embeddable":true,"href":"https:\/\/sandzakpress.net\/arhiva\/wp-json\/wp\/v2\/users\/83"}],"replies":[{"embeddable":true,"href":"https:\/\/sandzakpress.net\/arhiva\/wp-json\/wp\/v2\/comments?post=106587"}],"version-history":[{"count":0,"href":"https:\/\/sandzakpress.net\/arhiva\/wp-json\/wp\/v2\/posts\/106587\/revisions"}],"wp:featuredmedia":[{"embeddable":true,"href":"https:\/\/sandzakpress.net\/arhiva\/wp-json\/wp\/v2\/media\/106588"}],"wp:attachment":[{"href":"https:\/\/sandzakpress.net\/arhiva\/wp-json\/wp\/v2\/media?parent=106587"}],"wp:term":[{"taxonomy":"category","embeddable":true,"href":"https:\/\/sandzakpress.net\/arhiva\/wp-json\/wp\/v2\/categories?post=106587"},{"taxonomy":"post_tag","embeddable":true,"href":"https:\/\/sandzakpress.net\/arhiva\/wp-json\/wp\/v2\/tags?post=106587"}],"curies":[{"name":"wp","href":"https:\/\/api.w.org\/{rel}","templated":true}]}}