{"id":10657,"date":"2010-12-17T01:52:12","date_gmt":"2010-12-17T00:52:12","guid":{"rendered":"https:\/\/sandzakpress.net\/arhiva\/?p=10657"},"modified":"2010-12-17T01:52:12","modified_gmt":"2010-12-17T00:52:12","slug":"sdp-i-sda-formirale-koaliciju-i-promijenile-vlast-u-sjenici","status":"publish","type":"post","link":"https:\/\/sandzakpress.net\/arhiva\/sdp-i-sda-formirale-koaliciju-i-promijenile-vlast-u-sjenici\/","title":{"rendered":"SDP i SDA formirale koaliciju i promijenile vlast u Sjenici"},"content":{"rendered":"<p><strong><a href=\"https:\/\/sandzakpress.net\/arhiva\/wp-content\/uploads\/2010\/12\/sda-i-sdp.jpg\"><img loading=\"lazy\" decoding=\"async\" class=\"alignleft size-medium wp-image-10663\" title=\"sda i sdp\" src=\"https:\/\/sandzakpress.net\/arhiva\/wp-content\/uploads\/2010\/12\/sda-i-sdp-300x204.jpg\" alt=\"\" width=\"300\" height=\"204\" \/><\/a>Sjenica &#8211; Novu vladaju\u0107u ve\u0107inu od danas u Sjenici \u010dine Stranka demokrtaske akcije Sand\u017eaka (14 odbornika), Sand\u017ea\u010dka demokratska partija (8 odbornika), Liberalno demokratska partija (2), Demokratska partija (2) i Socijalisti\u010dka partija Srbije (1).<\/strong><\/p>\n<p>Opoziciju \u0107e sada u ovoj op\u0161tini \u010diniti Demokrtaska stranka Srbije, Nova Srbija, Srpska radikalna stranka, koje su do ju\u010der bile na vlasti, kao i Narodni pokret Sand\u017eaka i Grupa gra\u0111ana Mensura Gi\u010devi\u0107a.<\/p>\n<p>Du\u017enosti su razrije\u0161eni Momir Kova\u010devi\u0107 (NS) dosada\u0161nji zamjenik predsjednika SO i Veroslav Karli\u010di\u0107 (DSS) dosada\u0161nji zamjenik predsjednika op\u0161tine, a na njihova mjesta su imenovani Dijana \u0160iljkovi\u0107 (DS) i Hazbo Mujovi\u0107 (SDA).<\/p>\n<p>SDA je dobila i dva mjesta pomo\u0107nika predsjednika, na koja su imenovani Muhedin Fijuljanin i Senad Mahmutovi\u0107.<\/p>\n<p>Odbornici Skup\u0161rine su u skladu sa stvarenjem nove vla\u0111aju\u0107e ve\u0107ine smijenili i dosada\u0161nje direktore svih javnih preduze\u0107a i ustanova koja su pod ingerencijiom op\u0161tine.<\/p>\n<p>Novi direktor Turisti\u010dke organizacije je Murat Garibovi\u0107, Ustanove za sport Mirsad Hod\u017ei\u0107, Ustanove za kulturu Ermedin Kola\u0161inac, Gradske biblioteka Mustafa Balti\u0107, dok \u0107e direktori JKP Vrela, JKP Seoski vodovodi i Direkcije za urbanizam biti naknadno imenovani.<\/p>\n<p>Veroslav Karli\u010di\u0107, smijenjeni zamjenik predsjednika op\u0161tine, smatra da je ova promjena vlasti u Sjenici \u201e\u0161tetna za kadrove sa srpske liste\u201c, dok je Momir Kova\u010devi\u0107, smijenjeni zamenik predsjednika SO, za govornicom rekao da je rije\u010d o \u201ediskriminaciji nad Srbima i da su smjene na nacionalnoj osnovi\u201c.<\/p>\n<p>Muriz Turkovi\u0107, predsjednik op\u0161tine Sjenica demantuje takve tvrdnje navode\u0107i da je do promjena do\u0161lo \u201eda bi se izbjegao preveliki uticaj malih partija i zarad interesa svih gra\u0111ana\u201d.<\/p>\n<p>Ovo je \u010detvrti put, od izbora 2008. godine, da se mijenja struktura vladaju\u0107e ve\u0107ine u sjeni\u010dkoj skup\u0161tini.<\/p>\n<p>Kako Sand\u017eak PRESS nezvani\u010dno saznaje, razlog zbog kojeg op\u0161tinski ogranak LDP-a u Sjenici u\u010destvuje u vlasti je taj \u0161to SDP posjeduje mandate dvojice LDP-ovih odbornika.<\/p>\n<p>Izvor: <strong>SandzakPRESS.net<\/strong><\/p>\n","protected":false},"excerpt":{"rendered":"<p>Sjenica &#8211; Novu vladaju\u0107u ve\u0107inu od danas u Sjenici \u010dine Stranka demokrtaske akcije Sand\u017eaka (14 odbornika), Sand\u017ea\u010dka demokratska partija (8 odbornika), Liberalno demokratska partija (2), Demokratska partija (2) i Socijalisti\u010dka partija Srbije (1). Opoziciju \u0107e sada u ovoj op\u0161tini \u010diniti Demokrtaska stranka Srbije, Nova Srbija, Srpska radikalna stranka, koje su do ju\u010der bile na vlasti, [&hellip;]<\/p>\n","protected":false},"author":83,"featured_media":10663,"comment_status":"open","ping_status":"open","sticky":false,"template":"","format":"standard","meta":{"footnotes":""},"categories":[1,52],"tags":[],"class_list":{"0":"post-10657","1":"post","2":"type-post","3":"status-publish","4":"format-standard","5":"has-post-thumbnail","7":"category-politika","8":"category-sjenica"},"yoast_head":"<!-- This site is optimized with the Yoast SEO Premium plugin v23.1 (Yoast SEO v24.9) - https:\/\/yoast.com\/wordpress\/plugins\/seo\/ -->\n<title>SDP i SDA formirale koaliciju i promijenile vlast u Sjenici<\/title>\n<meta name=\"robots\" content=\"index, follow, max-snippet:-1, max-image-preview:large, max-video-preview:-1\" \/>\n<link rel=\"canonical\" href=\"https:\/\/sandzakpress.net\/arhiva\/sdp-i-sda-formirale-koaliciju-i-promijenile-vlast-u-sjenici\/\" \/>\n<meta property=\"og:locale\" content=\"bs_BA\" \/>\n<meta property=\"og:type\" content=\"article\" \/>\n<meta property=\"og:title\" content=\"SDP i SDA formirale koaliciju i promijenile vlast u Sjenici\" \/>\n<meta property=\"og:description\" content=\"Sjenica &#8211; Novu vladaju\u0107u ve\u0107inu od danas u Sjenici \u010dine Stranka demokrtaske akcije Sand\u017eaka (14 odbornika), Sand\u017ea\u010dka demokratska partija (8 odbornika), Liberalno demokratska partija (2), Demokratska partija (2) i Socijalisti\u010dka partija Srbije (1). Opoziciju \u0107e sada u ovoj op\u0161tini \u010diniti Demokrtaska stranka Srbije, Nova Srbija, Srpska radikalna stranka, koje su do ju\u010der bile na vlasti, [&hellip;]\" \/>\n<meta property=\"og:url\" content=\"https:\/\/sandzakpress.net\/arhiva\/sdp-i-sda-formirale-koaliciju-i-promijenile-vlast-u-sjenici\/\" \/>\n<meta property=\"og:site_name\" content=\"Sand\u017eak PRESS\" \/>\n<meta property=\"article:published_time\" content=\"2010-12-17T00:52:12+00:00\" \/>\n<meta property=\"og:image\" content=\"https:\/\/sandzakpress.net\/arhiva\/wp-content\/uploads\/2010\/12\/sda-i-sdp.jpg\" \/>\n\t<meta property=\"og:image:width\" content=\"416\" \/>\n\t<meta property=\"og:image:height\" content=\"284\" \/>\n\t<meta property=\"og:image:type\" content=\"image\/jpeg\" \/>\n<meta name=\"author\" content=\"bosniak\" \/>\n<meta name=\"twitter:card\" content=\"summary_large_image\" \/>\n<meta name=\"twitter:label1\" content=\"Written by\" \/>\n\t<meta name=\"twitter:data1\" content=\"bosniak\" \/>\n\t<meta name=\"twitter:label2\" content=\"Est. reading time\" \/>\n\t<meta name=\"twitter:data2\" content=\"2 minute\" \/>\n<script type=\"application\/ld+json\" class=\"yoast-schema-graph\">{\"@context\":\"https:\/\/schema.org\",\"@graph\":[{\"@type\":\"Article\",\"@id\":\"https:\/\/sandzakpress.net\/arhiva\/sdp-i-sda-formirale-koaliciju-i-promijenile-vlast-u-sjenici\/#article\",\"isPartOf\":{\"@id\":\"https:\/\/sandzakpress.net\/arhiva\/sdp-i-sda-formirale-koaliciju-i-promijenile-vlast-u-sjenici\/\"},\"author\":{\"name\":\"bosniak\",\"@id\":\"https:\/\/sandzakpress.net\/arhiva\/#\/schema\/person\/c8baee722073534b583ea7bdb2e36c02\"},\"headline\":\"SDP i SDA formirale koaliciju i promijenile vlast u Sjenici\",\"datePublished\":\"2010-12-17T00:52:12+00:00\",\"mainEntityOfPage\":{\"@id\":\"https:\/\/sandzakpress.net\/arhiva\/sdp-i-sda-formirale-koaliciju-i-promijenile-vlast-u-sjenici\/\"},\"wordCount\":339,\"commentCount\":9,\"publisher\":{\"@id\":\"https:\/\/sandzakpress.net\/arhiva\/#\/schema\/person\/6e72b67d6e51910a1117b3b483ba20bd\"},\"image\":{\"@id\":\"https:\/\/sandzakpress.net\/arhiva\/sdp-i-sda-formirale-koaliciju-i-promijenile-vlast-u-sjenici\/#primaryimage\"},\"thumbnailUrl\":\"https:\/\/sandzakpress.net\/arhiva\/wp-content\/uploads\/2010\/12\/sda-i-sdp.jpg\",\"articleSection\":[\"Politika\",\"Sjenica\"],\"inLanguage\":\"bs-BA\",\"potentialAction\":[{\"@type\":\"CommentAction\",\"name\":\"Comment\",\"target\":[\"https:\/\/sandzakpress.net\/arhiva\/sdp-i-sda-formirale-koaliciju-i-promijenile-vlast-u-sjenici\/#respond\"]}]},{\"@type\":\"WebPage\",\"@id\":\"https:\/\/sandzakpress.net\/arhiva\/sdp-i-sda-formirale-koaliciju-i-promijenile-vlast-u-sjenici\/\",\"url\":\"https:\/\/sandzakpress.net\/arhiva\/sdp-i-sda-formirale-koaliciju-i-promijenile-vlast-u-sjenici\/\",\"name\":\"SDP i SDA formirale koaliciju i promijenile vlast u Sjenici\",\"isPartOf\":{\"@id\":\"https:\/\/sandzakpress.net\/arhiva\/#website\"},\"primaryImageOfPage\":{\"@id\":\"https:\/\/sandzakpress.net\/arhiva\/sdp-i-sda-formirale-koaliciju-i-promijenile-vlast-u-sjenici\/#primaryimage\"},\"image\":{\"@id\":\"https:\/\/sandzakpress.net\/arhiva\/sdp-i-sda-formirale-koaliciju-i-promijenile-vlast-u-sjenici\/#primaryimage\"},\"thumbnailUrl\":\"https:\/\/sandzakpress.net\/arhiva\/wp-content\/uploads\/2010\/12\/sda-i-sdp.jpg\",\"datePublished\":\"2010-12-17T00:52:12+00:00\",\"breadcrumb\":{\"@id\":\"https:\/\/sandzakpress.net\/arhiva\/sdp-i-sda-formirale-koaliciju-i-promijenile-vlast-u-sjenici\/#breadcrumb\"},\"inLanguage\":\"bs-BA\",\"potentialAction\":[{\"@type\":\"ReadAction\",\"target\":[\"https:\/\/sandzakpress.net\/arhiva\/sdp-i-sda-formirale-koaliciju-i-promijenile-vlast-u-sjenici\/\"]}]},{\"@type\":\"ImageObject\",\"inLanguage\":\"bs-BA\",\"@id\":\"https:\/\/sandzakpress.net\/arhiva\/sdp-i-sda-formirale-koaliciju-i-promijenile-vlast-u-sjenici\/#primaryimage\",\"url\":\"https:\/\/sandzakpress.net\/arhiva\/wp-content\/uploads\/2010\/12\/sda-i-sdp.jpg\",\"contentUrl\":\"https:\/\/sandzakpress.net\/arhiva\/wp-content\/uploads\/2010\/12\/sda-i-sdp.jpg\",\"width\":416,\"height\":284},{\"@type\":\"BreadcrumbList\",\"@id\":\"https:\/\/sandzakpress.net\/arhiva\/sdp-i-sda-formirale-koaliciju-i-promijenile-vlast-u-sjenici\/#breadcrumb\",\"itemListElement\":[{\"@type\":\"ListItem\",\"position\":1,\"name\":\"Home\",\"item\":\"https:\/\/sandzakpress.net\/arhiva\/\"},{\"@type\":\"ListItem\",\"position\":2,\"name\":\"SDP i SDA formirale koaliciju i promijenile vlast u Sjenici\"}]},{\"@type\":\"WebSite\",\"@id\":\"https:\/\/sandzakpress.net\/arhiva\/#website\",\"url\":\"https:\/\/sandzakpress.net\/arhiva\/\",\"name\":\"Sand\u017eak PRESS\",\"description\":\"Prve elektronske novine u Sand\u017eaku\",\"publisher\":{\"@id\":\"https:\/\/sandzakpress.net\/arhiva\/#\/schema\/person\/6e72b67d6e51910a1117b3b483ba20bd\"},\"potentialAction\":[{\"@type\":\"SearchAction\",\"target\":{\"@type\":\"EntryPoint\",\"urlTemplate\":\"https:\/\/sandzakpress.net\/arhiva\/?s={search_term_string}\"},\"query-input\":{\"@type\":\"PropertyValueSpecification\",\"valueRequired\":true,\"valueName\":\"search_term_string\"}}],\"inLanguage\":\"bs-BA\"},{\"@type\":[\"Person\",\"Organization\"],\"@id\":\"https:\/\/sandzakpress.net\/arhiva\/#\/schema\/person\/6e72b67d6e51910a1117b3b483ba20bd\",\"name\":\"Kul\",\"image\":{\"@type\":\"ImageObject\",\"inLanguage\":\"bs-BA\",\"@id\":\"https:\/\/sandzakpress.net\/arhiva\/#\/schema\/person\/image\/\",\"url\":\"https:\/\/secure.gravatar.com\/avatar\/42263f39aa27ac04c43cab85c280eb2e?s=96&d=mm&r=pg\",\"contentUrl\":\"https:\/\/secure.gravatar.com\/avatar\/42263f39aa27ac04c43cab85c280eb2e?s=96&d=mm&r=pg\",\"caption\":\"Kul\"},\"logo\":{\"@id\":\"https:\/\/sandzakpress.net\/arhiva\/#\/schema\/person\/image\/\"}},{\"@type\":\"Person\",\"@id\":\"https:\/\/sandzakpress.net\/arhiva\/#\/schema\/person\/c8baee722073534b583ea7bdb2e36c02\",\"name\":\"bosniak\",\"image\":{\"@type\":\"ImageObject\",\"inLanguage\":\"bs-BA\",\"@id\":\"https:\/\/sandzakpress.net\/arhiva\/#\/schema\/person\/image\/\",\"url\":\"https:\/\/secure.gravatar.com\/avatar\/a04fd330bfe3a36a72a0ad4a6d89fca7?s=96&d=mm&r=pg\",\"contentUrl\":\"https:\/\/secure.gravatar.com\/avatar\/a04fd330bfe3a36a72a0ad4a6d89fca7?s=96&d=mm&r=pg\",\"caption\":\"bosniak\"},\"url\":\"https:\/\/sandzakpress.net\/arhiva\/author\/bosniak\/\"}]}<\/script>\n<!-- \/ Yoast SEO Premium plugin. -->","yoast_head_json":{"title":"SDP i SDA formirale koaliciju i promijenile vlast u Sjenici","robots":{"index":"index","follow":"follow","max-snippet":"max-snippet:-1","max-image-preview":"max-image-preview:large","max-video-preview":"max-video-preview:-1"},"canonical":"https:\/\/sandzakpress.net\/arhiva\/sdp-i-sda-formirale-koaliciju-i-promijenile-vlast-u-sjenici\/","og_locale":"bs_BA","og_type":"article","og_title":"SDP i SDA formirale koaliciju i promijenile vlast u Sjenici","og_description":"Sjenica &#8211; Novu vladaju\u0107u ve\u0107inu od danas u Sjenici \u010dine Stranka demokrtaske akcije Sand\u017eaka (14 odbornika), Sand\u017ea\u010dka demokratska partija (8 odbornika), Liberalno demokratska partija (2), Demokratska partija (2) i Socijalisti\u010dka partija Srbije (1). Opoziciju \u0107e sada u ovoj op\u0161tini \u010diniti Demokrtaska stranka Srbije, Nova Srbija, Srpska radikalna stranka, koje su do ju\u010der bile na vlasti, [&hellip;]","og_url":"https:\/\/sandzakpress.net\/arhiva\/sdp-i-sda-formirale-koaliciju-i-promijenile-vlast-u-sjenici\/","og_site_name":"Sand\u017eak PRESS","article_published_time":"2010-12-17T00:52:12+00:00","og_image":[{"width":416,"height":284,"url":"https:\/\/sandzakpress.net\/arhiva\/wp-content\/uploads\/2010\/12\/sda-i-sdp.jpg","type":"image\/jpeg"}],"author":"bosniak","twitter_card":"summary_large_image","twitter_misc":{"Written by":"bosniak","Est. reading time":"2 minute"},"schema":{"@context":"https:\/\/schema.org","@graph":[{"@type":"Article","@id":"https:\/\/sandzakpress.net\/arhiva\/sdp-i-sda-formirale-koaliciju-i-promijenile-vlast-u-sjenici\/#article","isPartOf":{"@id":"https:\/\/sandzakpress.net\/arhiva\/sdp-i-sda-formirale-koaliciju-i-promijenile-vlast-u-sjenici\/"},"author":{"name":"bosniak","@id":"https:\/\/sandzakpress.net\/arhiva\/#\/schema\/person\/c8baee722073534b583ea7bdb2e36c02"},"headline":"SDP i SDA formirale koaliciju i promijenile vlast u Sjenici","datePublished":"2010-12-17T00:52:12+00:00","mainEntityOfPage":{"@id":"https:\/\/sandzakpress.net\/arhiva\/sdp-i-sda-formirale-koaliciju-i-promijenile-vlast-u-sjenici\/"},"wordCount":339,"commentCount":9,"publisher":{"@id":"https:\/\/sandzakpress.net\/arhiva\/#\/schema\/person\/6e72b67d6e51910a1117b3b483ba20bd"},"image":{"@id":"https:\/\/sandzakpress.net\/arhiva\/sdp-i-sda-formirale-koaliciju-i-promijenile-vlast-u-sjenici\/#primaryimage"},"thumbnailUrl":"https:\/\/sandzakpress.net\/arhiva\/wp-content\/uploads\/2010\/12\/sda-i-sdp.jpg","articleSection":["Politika","Sjenica"],"inLanguage":"bs-BA","potentialAction":[{"@type":"CommentAction","name":"Comment","target":["https:\/\/sandzakpress.net\/arhiva\/sdp-i-sda-formirale-koaliciju-i-promijenile-vlast-u-sjenici\/#respond"]}]},{"@type":"WebPage","@id":"https:\/\/sandzakpress.net\/arhiva\/sdp-i-sda-formirale-koaliciju-i-promijenile-vlast-u-sjenici\/","url":"https:\/\/sandzakpress.net\/arhiva\/sdp-i-sda-formirale-koaliciju-i-promijenile-vlast-u-sjenici\/","name":"SDP i SDA formirale koaliciju i promijenile vlast u Sjenici","isPartOf":{"@id":"https:\/\/sandzakpress.net\/arhiva\/#website"},"primaryImageOfPage":{"@id":"https:\/\/sandzakpress.net\/arhiva\/sdp-i-sda-formirale-koaliciju-i-promijenile-vlast-u-sjenici\/#primaryimage"},"image":{"@id":"https:\/\/sandzakpress.net\/arhiva\/sdp-i-sda-formirale-koaliciju-i-promijenile-vlast-u-sjenici\/#primaryimage"},"thumbnailUrl":"https:\/\/sandzakpress.net\/arhiva\/wp-content\/uploads\/2010\/12\/sda-i-sdp.jpg","datePublished":"2010-12-17T00:52:12+00:00","breadcrumb":{"@id":"https:\/\/sandzakpress.net\/arhiva\/sdp-i-sda-formirale-koaliciju-i-promijenile-vlast-u-sjenici\/#breadcrumb"},"inLanguage":"bs-BA","potentialAction":[{"@type":"ReadAction","target":["https:\/\/sandzakpress.net\/arhiva\/sdp-i-sda-formirale-koaliciju-i-promijenile-vlast-u-sjenici\/"]}]},{"@type":"ImageObject","inLanguage":"bs-BA","@id":"https:\/\/sandzakpress.net\/arhiva\/sdp-i-sda-formirale-koaliciju-i-promijenile-vlast-u-sjenici\/#primaryimage","url":"https:\/\/sandzakpress.net\/arhiva\/wp-content\/uploads\/2010\/12\/sda-i-sdp.jpg","contentUrl":"https:\/\/sandzakpress.net\/arhiva\/wp-content\/uploads\/2010\/12\/sda-i-sdp.jpg","width":416,"height":284},{"@type":"BreadcrumbList","@id":"https:\/\/sandzakpress.net\/arhiva\/sdp-i-sda-formirale-koaliciju-i-promijenile-vlast-u-sjenici\/#breadcrumb","itemListElement":[{"@type":"ListItem","position":1,"name":"Home","item":"https:\/\/sandzakpress.net\/arhiva\/"},{"@type":"ListItem","position":2,"name":"SDP i SDA formirale koaliciju i promijenile vlast u Sjenici"}]},{"@type":"WebSite","@id":"https:\/\/sandzakpress.net\/arhiva\/#website","url":"https:\/\/sandzakpress.net\/arhiva\/","name":"Sand\u017eak PRESS","description":"Prve elektronske novine u Sand\u017eaku","publisher":{"@id":"https:\/\/sandzakpress.net\/arhiva\/#\/schema\/person\/6e72b67d6e51910a1117b3b483ba20bd"},"potentialAction":[{"@type":"SearchAction","target":{"@type":"EntryPoint","urlTemplate":"https:\/\/sandzakpress.net\/arhiva\/?s={search_term_string}"},"query-input":{"@type":"PropertyValueSpecification","valueRequired":true,"valueName":"search_term_string"}}],"inLanguage":"bs-BA"},{"@type":["Person","Organization"],"@id":"https:\/\/sandzakpress.net\/arhiva\/#\/schema\/person\/6e72b67d6e51910a1117b3b483ba20bd","name":"Kul","image":{"@type":"ImageObject","inLanguage":"bs-BA","@id":"https:\/\/sandzakpress.net\/arhiva\/#\/schema\/person\/image\/","url":"https:\/\/secure.gravatar.com\/avatar\/42263f39aa27ac04c43cab85c280eb2e?s=96&d=mm&r=pg","contentUrl":"https:\/\/secure.gravatar.com\/avatar\/42263f39aa27ac04c43cab85c280eb2e?s=96&d=mm&r=pg","caption":"Kul"},"logo":{"@id":"https:\/\/sandzakpress.net\/arhiva\/#\/schema\/person\/image\/"}},{"@type":"Person","@id":"https:\/\/sandzakpress.net\/arhiva\/#\/schema\/person\/c8baee722073534b583ea7bdb2e36c02","name":"bosniak","image":{"@type":"ImageObject","inLanguage":"bs-BA","@id":"https:\/\/sandzakpress.net\/arhiva\/#\/schema\/person\/image\/","url":"https:\/\/secure.gravatar.com\/avatar\/a04fd330bfe3a36a72a0ad4a6d89fca7?s=96&d=mm&r=pg","contentUrl":"https:\/\/secure.gravatar.com\/avatar\/a04fd330bfe3a36a72a0ad4a6d89fca7?s=96&d=mm&r=pg","caption":"bosniak"},"url":"https:\/\/sandzakpress.net\/arhiva\/author\/bosniak\/"}]}},"_links":{"self":[{"href":"https:\/\/sandzakpress.net\/arhiva\/wp-json\/wp\/v2\/posts\/10657"}],"collection":[{"href":"https:\/\/sandzakpress.net\/arhiva\/wp-json\/wp\/v2\/posts"}],"about":[{"href":"https:\/\/sandzakpress.net\/arhiva\/wp-json\/wp\/v2\/types\/post"}],"author":[{"embeddable":true,"href":"https:\/\/sandzakpress.net\/arhiva\/wp-json\/wp\/v2\/users\/83"}],"replies":[{"embeddable":true,"href":"https:\/\/sandzakpress.net\/arhiva\/wp-json\/wp\/v2\/comments?post=10657"}],"version-history":[{"count":0,"href":"https:\/\/sandzakpress.net\/arhiva\/wp-json\/wp\/v2\/posts\/10657\/revisions"}],"wp:featuredmedia":[{"embeddable":true,"href":"https:\/\/sandzakpress.net\/arhiva\/wp-json\/wp\/v2\/media\/10663"}],"wp:attachment":[{"href":"https:\/\/sandzakpress.net\/arhiva\/wp-json\/wp\/v2\/media?parent=10657"}],"wp:term":[{"taxonomy":"category","embeddable":true,"href":"https:\/\/sandzakpress.net\/arhiva\/wp-json\/wp\/v2\/categories?post=10657"},{"taxonomy":"post_tag","embeddable":true,"href":"https:\/\/sandzakpress.net\/arhiva\/wp-json\/wp\/v2\/tags?post=10657"}],"curies":[{"name":"wp","href":"https:\/\/api.w.org\/{rel}","templated":true}]}}