{"id":106364,"date":"2014-05-23T19:05:23","date_gmt":"2014-05-23T17:05:23","guid":{"rendered":"https:\/\/sandzakpress.net\/arhiva\/?p=106364"},"modified":"2014-05-23T19:05:23","modified_gmt":"2014-05-23T17:05:23","slug":"turska-vlada-pokrenula-humanitarnu-kampanju-za-pomoc-ugrozenim-od-poplava","status":"publish","type":"post","link":"https:\/\/sandzakpress.net\/arhiva\/turska-vlada-pokrenula-humanitarnu-kampanju-za-pomoc-ugrozenim-od-poplava\/","title":{"rendered":"Turska vlada pokrenula humanitarnu kampanju za pomo\u0107 ugro\u017eenim od poplava"},"content":{"rendered":"<p><strong><img loading=\"lazy\" decoding=\"async\" class=\"alignleft\" src=\"http:\/\/www.trtbosanski.com\/fotograf\/haberler\/detay\/turska-vlada-pokrenula-humanitarnu-kampanju-za-pomoc-ugrozenim-od-poplava-_trt-bosanski-27500.jpg\" alt=\"\" width=\"302\" height=\"183\" \/>Turska, BiH &#8211;\u00a0Ured premijera Republike Turske pokrenuo je humanitarnu kampanju za prikupljanje pomo\u0107i ugro\u017eenim od poplava koje su zadesile isto\u010dni Balkan, uklju\u010duju\u0107i Bosnu i Hercegovinu, Srbiju i Hrvatsku.<\/strong><\/p>\n<div style=\"color: #414141;\">Odluka o prikupljanju humanitarne pomo\u0107i, koju je potpisao premijer Recep Tayyip Erdogan, objavljena je u dana\u0161njim Slu\u017ebenim novinama.<\/div>\n<div style=\"color: #414141;\"><\/div>\n<div style=\"color: #414141;\">U odluci je nagla\u0161eno da je stotine hiljada ljudi u isto\u010dnom Balkanu zbog poplava u \u017eivotnoj opasnosti i suo\u010deno sa nesta\u0161icom hrane, vode, problemom smje\u0161taja i obolijevanja od zaraznih bolesti.<\/div>\n<div style=\"color: #414141;\"><\/div>\n<div style=\"color: #414141;\">Spremnost na saradnju i solidarnost Republike Turske, a shodno o\u010dekivanjima turskog naroda, pru\u017eit \u0107e svaku vrstu pomo\u0107i kako bi se pomoglo unesre\u0107enim i ugro\u017eenim u poplavama, istaknuto je u tekstu odluke.<\/div>\n<div style=\"color: #414141;\"><\/div>\n<div style=\"color: #414141;\">&#8220;S tim ciljem, u koordinaciji Uprave za katastrofe i hitne situacije (AFAD) pri Vladi Turske i uz u\u010de\u0161\u0107e humanitarnih organizacija, fondacija, udru\u017eenja, profesionalnih organizacija i nevladinih organizacija pokrenuta je humanitarna kampanja za slanje pomo\u0107i isklju\u010divo u poplavama pogo\u0111ene zemlje. U okviru pokrenute kampanje, sva sredstva prikupljena u organizaciji na\u0161eg guvernerstva, op\u0107ina, svih dr\u017eavnih institucija i agencija \u00a0bi\u0107e preusmjerena na navedene \u017eiro-ra\u010dune. Fizi\u010dka i pravna lica mo\u0107i \u0107e direktno uplatiti donacije. Organizacije civilnog dru\u0161tva koje to \u017eele mo\u0107i \u0107e uplatiti donacije na ove ra\u010dune kako bi dostavile pomo\u0107 u region. Potpuno smo uvjereni da \u0107e svi na\u0161i gra\u0111ani, mediji na dr\u017eavnom i lokalnom nivou, nevladine organizacije, dr\u017eavne institucije i agencije, dr\u017eavni slu\u017ebenici na svim nivoima, komore i unije, u svakom vidu svojevoljno podr\u017eati humanitarnu kampanju&#8221;.<\/div>\n<div style=\"color: #414141;\"><\/div>\n<div style=\"color: #414141;\"><strong>\u017diro ra\u010duni za humanitarnu pomo\u0107 su sljede\u0107i:<\/strong><\/div>\n<div style=\"color: #414141;\"><\/div>\n<div style=\"color: #414141;\">T.C Ziraat Bankas\u0131 Ankara Kamu Giri\u015fimci \u015eubesi<\/div>\n<div style=\"color: #414141;\">TL ra\u010dun IBAN No :TR130001002533555555555102 No: 55555555-5102<\/div>\n<div style=\"color: #414141;\">USD Dolar ra\u010dun lBAN No :TR830001002533555555555103 Hesap No : 55555555-5103<\/div>\n<div style=\"color: #414141;\">EURO ra\u010dun lBAN No :TR56O001OO2533555555555104 Hesap No : 55555555-5104<\/div>\n<div style=\"color: #414141;\"><\/div>\n<div style=\"color: #414141;\">Banka Swift Kod No :TCZBTR2A<\/div>\n<div style=\"color: #414141;\"><\/div>\n<div style=\"color: #414141;\">T. Vak\u0131flar Bankas\u0131 A.O Tunal\u0131 Hilmi\/Ankara \u015eubesi<\/div>\n<div style=\"color: #414141;\">TL ra\u010dun \u00a0IBAN No :TR500001500158007302234081 No : 00158007302234081<\/div>\n<div style=\"color: #414141;\"><\/div>\n<div style=\"color: #414141;\">USD Dolar ra\u010dun IBAN No :TR71000150015804S014700S38 Hesap No : 00158048014700838<\/div>\n<div style=\"color: #414141;\">EURO ra\u010dun lBAN No :TR690001500158048014700847 Hesap No : 00158048014700847<\/div>\n<div style=\"color: #414141;\"><\/div>\n<div style=\"color: #414141;\">Banka Swift Kod No :TVBATR2A<\/div>\n<div style=\"color: #414141;\"><\/div>\n<div style=\"color: #414141;\">T. Halk Bankas\u0131 Bakanl\u0131klar \u015eubesi<\/div>\n<div style=\"color: #414141;\"><\/div>\n<div style=\"color: #414141;\">TL Hesap lBAN No :TR510001200940800005000021 Br. : 05000021<\/div>\n<div style=\"color: #414141;\">USD ra\u010dun IBAN No :TR880001200940800058000155 Br. : 58000155<\/div>\n<div style=\"color: #414141;\">EURO ra\u010dun lBAN No :TR610001200940800058000156 Br. : 58000156<\/div>\n<div style=\"color: #414141;\"><\/div>\n<div style=\"color: #414141;\">Banka Swift Kod No :TRHBTR2A<\/div>\n<div style=\"color: #414141;\"><\/div>\n<div style=\"color: #414141;\">Fizi\u010dka i pravna lica mo\u0107i \u0107e direktno uplatiti donacije na navedene \u017eiro-ra\u010dune, kao i putem mobilnih telefona slanjem SMS poruke sa tekstom &#8220;Balkan&#8221;, na broj &#8220;1866&#8221; i na taj na\u010din donirati 5 (pet) turskih lira.<\/div>\n<div style=\"color: #414141;\"><\/div>\n<div style=\"color: #414141;\">(trtbosanski)<\/div>\n","protected":false},"excerpt":{"rendered":"<p>Turska, BiH &#8211;\u00a0Ured premijera Republike Turske pokrenuo je humanitarnu kampanju za prikupljanje pomo\u0107i ugro\u017eenim od poplava koje su zadesile isto\u010dni Balkan, uklju\u010duju\u0107i Bosnu i Hercegovinu, Srbiju i Hrvatsku. Odluka o prikupljanju humanitarne pomo\u0107i, koju je potpisao premijer Recep Tayyip Erdogan, objavljena je u dana\u0161njim Slu\u017ebenim novinama. U odluci je nagla\u0161eno da je stotine hiljada ljudi [&hellip;]<\/p>\n","protected":false},"author":83,"featured_media":106365,"comment_status":"open","ping_status":"open","sticky":false,"template":"","format":"standard","meta":{"footnotes":""},"categories":[2860,9,2692],"tags":[],"class_list":{"0":"post-106364","1":"post","2":"type-post","3":"status-publish","4":"format-standard","5":"has-post-thumbnail","7":"category-bosna-i-hercegovina-gradovi","8":"category-svijet","9":"category-turska-gradovi"},"yoast_head":"<!-- This site is optimized with the Yoast SEO Premium plugin v23.1 (Yoast SEO v24.9) - https:\/\/yoast.com\/wordpress\/plugins\/seo\/ -->\n<title>Turska vlada pokrenula humanitarnu kampanju za pomo\u0107 ugro\u017eenim od poplava<\/title>\n<meta name=\"robots\" content=\"index, follow, max-snippet:-1, max-image-preview:large, max-video-preview:-1\" \/>\n<link rel=\"canonical\" href=\"https:\/\/sandzakpress.net\/arhiva\/turska-vlada-pokrenula-humanitarnu-kampanju-za-pomoc-ugrozenim-od-poplava\/\" \/>\n<meta property=\"og:locale\" content=\"bs_BA\" \/>\n<meta property=\"og:type\" content=\"article\" \/>\n<meta property=\"og:title\" content=\"Turska vlada pokrenula humanitarnu kampanju za pomo\u0107 ugro\u017eenim od poplava\" \/>\n<meta property=\"og:description\" content=\"Turska, BiH &#8211;\u00a0Ured premijera Republike Turske pokrenuo je humanitarnu kampanju za prikupljanje pomo\u0107i ugro\u017eenim od poplava koje su zadesile isto\u010dni Balkan, uklju\u010duju\u0107i Bosnu i Hercegovinu, Srbiju i Hrvatsku. Odluka o prikupljanju humanitarne pomo\u0107i, koju je potpisao premijer Recep Tayyip Erdogan, objavljena je u dana\u0161njim Slu\u017ebenim novinama. U odluci je nagla\u0161eno da je stotine hiljada ljudi [&hellip;]\" \/>\n<meta property=\"og:url\" content=\"https:\/\/sandzakpress.net\/arhiva\/turska-vlada-pokrenula-humanitarnu-kampanju-za-pomoc-ugrozenim-od-poplava\/\" \/>\n<meta property=\"og:site_name\" content=\"Sand\u017eak PRESS\" \/>\n<meta property=\"article:published_time\" content=\"2014-05-23T17:05:23+00:00\" \/>\n<meta property=\"og:image\" content=\"https:\/\/sandzakpress.net\/arhiva\/wp-content\/uploads\/2014\/05\/turska-vlada-pokrenula-humanitarnu-kampanju-za-pomoc-ugrozenim-od-poplava-_trt-bosanski-27500.jpg\" \/>\n\t<meta property=\"og:image:width\" content=\"600\" \/>\n\t<meta property=\"og:image:height\" content=\"363\" \/>\n\t<meta property=\"og:image:type\" content=\"image\/jpeg\" \/>\n<meta name=\"author\" content=\"bosniak\" \/>\n<meta name=\"twitter:card\" content=\"summary_large_image\" \/>\n<meta name=\"twitter:label1\" content=\"Written by\" \/>\n\t<meta name=\"twitter:data1\" content=\"bosniak\" \/>\n\t<meta name=\"twitter:label2\" content=\"Est. reading time\" \/>\n\t<meta name=\"twitter:data2\" content=\"2 minute\" \/>\n<script type=\"application\/ld+json\" class=\"yoast-schema-graph\">{\"@context\":\"https:\/\/schema.org\",\"@graph\":[{\"@type\":\"Article\",\"@id\":\"https:\/\/sandzakpress.net\/arhiva\/turska-vlada-pokrenula-humanitarnu-kampanju-za-pomoc-ugrozenim-od-poplava\/#article\",\"isPartOf\":{\"@id\":\"https:\/\/sandzakpress.net\/arhiva\/turska-vlada-pokrenula-humanitarnu-kampanju-za-pomoc-ugrozenim-od-poplava\/\"},\"author\":{\"name\":\"bosniak\",\"@id\":\"https:\/\/sandzakpress.net\/arhiva\/#\/schema\/person\/c8baee722073534b583ea7bdb2e36c02\"},\"headline\":\"Turska vlada pokrenula humanitarnu kampanju za pomo\u0107 ugro\u017eenim od poplava\",\"datePublished\":\"2014-05-23T17:05:23+00:00\",\"mainEntityOfPage\":{\"@id\":\"https:\/\/sandzakpress.net\/arhiva\/turska-vlada-pokrenula-humanitarnu-kampanju-za-pomoc-ugrozenim-od-poplava\/\"},\"wordCount\":449,\"commentCount\":0,\"publisher\":{\"@id\":\"https:\/\/sandzakpress.net\/arhiva\/#\/schema\/person\/6e72b67d6e51910a1117b3b483ba20bd\"},\"image\":{\"@id\":\"https:\/\/sandzakpress.net\/arhiva\/turska-vlada-pokrenula-humanitarnu-kampanju-za-pomoc-ugrozenim-od-poplava\/#primaryimage\"},\"thumbnailUrl\":\"https:\/\/sandzakpress.net\/arhiva\/wp-content\/uploads\/2014\/05\/turska-vlada-pokrenula-humanitarnu-kampanju-za-pomoc-ugrozenim-od-poplava-_trt-bosanski-27500.jpg\",\"articleSection\":[\"Bosna i Hercegovina\",\"Svijet\",\"Turska\"],\"inLanguage\":\"bs-BA\",\"potentialAction\":[{\"@type\":\"CommentAction\",\"name\":\"Comment\",\"target\":[\"https:\/\/sandzakpress.net\/arhiva\/turska-vlada-pokrenula-humanitarnu-kampanju-za-pomoc-ugrozenim-od-poplava\/#respond\"]}]},{\"@type\":\"WebPage\",\"@id\":\"https:\/\/sandzakpress.net\/arhiva\/turska-vlada-pokrenula-humanitarnu-kampanju-za-pomoc-ugrozenim-od-poplava\/\",\"url\":\"https:\/\/sandzakpress.net\/arhiva\/turska-vlada-pokrenula-humanitarnu-kampanju-za-pomoc-ugrozenim-od-poplava\/\",\"name\":\"Turska vlada pokrenula humanitarnu kampanju za pomo\u0107 ugro\u017eenim od poplava\",\"isPartOf\":{\"@id\":\"https:\/\/sandzakpress.net\/arhiva\/#website\"},\"primaryImageOfPage\":{\"@id\":\"https:\/\/sandzakpress.net\/arhiva\/turska-vlada-pokrenula-humanitarnu-kampanju-za-pomoc-ugrozenim-od-poplava\/#primaryimage\"},\"image\":{\"@id\":\"https:\/\/sandzakpress.net\/arhiva\/turska-vlada-pokrenula-humanitarnu-kampanju-za-pomoc-ugrozenim-od-poplava\/#primaryimage\"},\"thumbnailUrl\":\"https:\/\/sandzakpress.net\/arhiva\/wp-content\/uploads\/2014\/05\/turska-vlada-pokrenula-humanitarnu-kampanju-za-pomoc-ugrozenim-od-poplava-_trt-bosanski-27500.jpg\",\"datePublished\":\"2014-05-23T17:05:23+00:00\",\"breadcrumb\":{\"@id\":\"https:\/\/sandzakpress.net\/arhiva\/turska-vlada-pokrenula-humanitarnu-kampanju-za-pomoc-ugrozenim-od-poplava\/#breadcrumb\"},\"inLanguage\":\"bs-BA\",\"potentialAction\":[{\"@type\":\"ReadAction\",\"target\":[\"https:\/\/sandzakpress.net\/arhiva\/turska-vlada-pokrenula-humanitarnu-kampanju-za-pomoc-ugrozenim-od-poplava\/\"]}]},{\"@type\":\"ImageObject\",\"inLanguage\":\"bs-BA\",\"@id\":\"https:\/\/sandzakpress.net\/arhiva\/turska-vlada-pokrenula-humanitarnu-kampanju-za-pomoc-ugrozenim-od-poplava\/#primaryimage\",\"url\":\"https:\/\/sandzakpress.net\/arhiva\/wp-content\/uploads\/2014\/05\/turska-vlada-pokrenula-humanitarnu-kampanju-za-pomoc-ugrozenim-od-poplava-_trt-bosanski-27500.jpg\",\"contentUrl\":\"https:\/\/sandzakpress.net\/arhiva\/wp-content\/uploads\/2014\/05\/turska-vlada-pokrenula-humanitarnu-kampanju-za-pomoc-ugrozenim-od-poplava-_trt-bosanski-27500.jpg\",\"width\":600,\"height\":363},{\"@type\":\"BreadcrumbList\",\"@id\":\"https:\/\/sandzakpress.net\/arhiva\/turska-vlada-pokrenula-humanitarnu-kampanju-za-pomoc-ugrozenim-od-poplava\/#breadcrumb\",\"itemListElement\":[{\"@type\":\"ListItem\",\"position\":1,\"name\":\"Home\",\"item\":\"https:\/\/sandzakpress.net\/arhiva\/\"},{\"@type\":\"ListItem\",\"position\":2,\"name\":\"Turska vlada pokrenula humanitarnu kampanju za pomo\u0107 ugro\u017eenim od poplava\"}]},{\"@type\":\"WebSite\",\"@id\":\"https:\/\/sandzakpress.net\/arhiva\/#website\",\"url\":\"https:\/\/sandzakpress.net\/arhiva\/\",\"name\":\"Sand\u017eak PRESS\",\"description\":\"Prve elektronske novine u Sand\u017eaku\",\"publisher\":{\"@id\":\"https:\/\/sandzakpress.net\/arhiva\/#\/schema\/person\/6e72b67d6e51910a1117b3b483ba20bd\"},\"potentialAction\":[{\"@type\":\"SearchAction\",\"target\":{\"@type\":\"EntryPoint\",\"urlTemplate\":\"https:\/\/sandzakpress.net\/arhiva\/?s={search_term_string}\"},\"query-input\":{\"@type\":\"PropertyValueSpecification\",\"valueRequired\":true,\"valueName\":\"search_term_string\"}}],\"inLanguage\":\"bs-BA\"},{\"@type\":[\"Person\",\"Organization\"],\"@id\":\"https:\/\/sandzakpress.net\/arhiva\/#\/schema\/person\/6e72b67d6e51910a1117b3b483ba20bd\",\"name\":\"Kul\",\"image\":{\"@type\":\"ImageObject\",\"inLanguage\":\"bs-BA\",\"@id\":\"https:\/\/sandzakpress.net\/arhiva\/#\/schema\/person\/image\/\",\"url\":\"https:\/\/secure.gravatar.com\/avatar\/42263f39aa27ac04c43cab85c280eb2e?s=96&d=mm&r=pg\",\"contentUrl\":\"https:\/\/secure.gravatar.com\/avatar\/42263f39aa27ac04c43cab85c280eb2e?s=96&d=mm&r=pg\",\"caption\":\"Kul\"},\"logo\":{\"@id\":\"https:\/\/sandzakpress.net\/arhiva\/#\/schema\/person\/image\/\"}},{\"@type\":\"Person\",\"@id\":\"https:\/\/sandzakpress.net\/arhiva\/#\/schema\/person\/c8baee722073534b583ea7bdb2e36c02\",\"name\":\"bosniak\",\"image\":{\"@type\":\"ImageObject\",\"inLanguage\":\"bs-BA\",\"@id\":\"https:\/\/sandzakpress.net\/arhiva\/#\/schema\/person\/image\/\",\"url\":\"https:\/\/secure.gravatar.com\/avatar\/a04fd330bfe3a36a72a0ad4a6d89fca7?s=96&d=mm&r=pg\",\"contentUrl\":\"https:\/\/secure.gravatar.com\/avatar\/a04fd330bfe3a36a72a0ad4a6d89fca7?s=96&d=mm&r=pg\",\"caption\":\"bosniak\"},\"url\":\"https:\/\/sandzakpress.net\/arhiva\/author\/bosniak\/\"}]}<\/script>\n<!-- \/ Yoast SEO Premium plugin. -->","yoast_head_json":{"title":"Turska vlada pokrenula humanitarnu kampanju za pomo\u0107 ugro\u017eenim od poplava","robots":{"index":"index","follow":"follow","max-snippet":"max-snippet:-1","max-image-preview":"max-image-preview:large","max-video-preview":"max-video-preview:-1"},"canonical":"https:\/\/sandzakpress.net\/arhiva\/turska-vlada-pokrenula-humanitarnu-kampanju-za-pomoc-ugrozenim-od-poplava\/","og_locale":"bs_BA","og_type":"article","og_title":"Turska vlada pokrenula humanitarnu kampanju za pomo\u0107 ugro\u017eenim od poplava","og_description":"Turska, BiH &#8211;\u00a0Ured premijera Republike Turske pokrenuo je humanitarnu kampanju za prikupljanje pomo\u0107i ugro\u017eenim od poplava koje su zadesile isto\u010dni Balkan, uklju\u010duju\u0107i Bosnu i Hercegovinu, Srbiju i Hrvatsku. Odluka o prikupljanju humanitarne pomo\u0107i, koju je potpisao premijer Recep Tayyip Erdogan, objavljena je u dana\u0161njim Slu\u017ebenim novinama. U odluci je nagla\u0161eno da je stotine hiljada ljudi [&hellip;]","og_url":"https:\/\/sandzakpress.net\/arhiva\/turska-vlada-pokrenula-humanitarnu-kampanju-za-pomoc-ugrozenim-od-poplava\/","og_site_name":"Sand\u017eak PRESS","article_published_time":"2014-05-23T17:05:23+00:00","og_image":[{"width":600,"height":363,"url":"https:\/\/sandzakpress.net\/arhiva\/wp-content\/uploads\/2014\/05\/turska-vlada-pokrenula-humanitarnu-kampanju-za-pomoc-ugrozenim-od-poplava-_trt-bosanski-27500.jpg","type":"image\/jpeg"}],"author":"bosniak","twitter_card":"summary_large_image","twitter_misc":{"Written by":"bosniak","Est. reading time":"2 minute"},"schema":{"@context":"https:\/\/schema.org","@graph":[{"@type":"Article","@id":"https:\/\/sandzakpress.net\/arhiva\/turska-vlada-pokrenula-humanitarnu-kampanju-za-pomoc-ugrozenim-od-poplava\/#article","isPartOf":{"@id":"https:\/\/sandzakpress.net\/arhiva\/turska-vlada-pokrenula-humanitarnu-kampanju-za-pomoc-ugrozenim-od-poplava\/"},"author":{"name":"bosniak","@id":"https:\/\/sandzakpress.net\/arhiva\/#\/schema\/person\/c8baee722073534b583ea7bdb2e36c02"},"headline":"Turska vlada pokrenula humanitarnu kampanju za pomo\u0107 ugro\u017eenim od poplava","datePublished":"2014-05-23T17:05:23+00:00","mainEntityOfPage":{"@id":"https:\/\/sandzakpress.net\/arhiva\/turska-vlada-pokrenula-humanitarnu-kampanju-za-pomoc-ugrozenim-od-poplava\/"},"wordCount":449,"commentCount":0,"publisher":{"@id":"https:\/\/sandzakpress.net\/arhiva\/#\/schema\/person\/6e72b67d6e51910a1117b3b483ba20bd"},"image":{"@id":"https:\/\/sandzakpress.net\/arhiva\/turska-vlada-pokrenula-humanitarnu-kampanju-za-pomoc-ugrozenim-od-poplava\/#primaryimage"},"thumbnailUrl":"https:\/\/sandzakpress.net\/arhiva\/wp-content\/uploads\/2014\/05\/turska-vlada-pokrenula-humanitarnu-kampanju-za-pomoc-ugrozenim-od-poplava-_trt-bosanski-27500.jpg","articleSection":["Bosna i Hercegovina","Svijet","Turska"],"inLanguage":"bs-BA","potentialAction":[{"@type":"CommentAction","name":"Comment","target":["https:\/\/sandzakpress.net\/arhiva\/turska-vlada-pokrenula-humanitarnu-kampanju-za-pomoc-ugrozenim-od-poplava\/#respond"]}]},{"@type":"WebPage","@id":"https:\/\/sandzakpress.net\/arhiva\/turska-vlada-pokrenula-humanitarnu-kampanju-za-pomoc-ugrozenim-od-poplava\/","url":"https:\/\/sandzakpress.net\/arhiva\/turska-vlada-pokrenula-humanitarnu-kampanju-za-pomoc-ugrozenim-od-poplava\/","name":"Turska vlada pokrenula humanitarnu kampanju za pomo\u0107 ugro\u017eenim od poplava","isPartOf":{"@id":"https:\/\/sandzakpress.net\/arhiva\/#website"},"primaryImageOfPage":{"@id":"https:\/\/sandzakpress.net\/arhiva\/turska-vlada-pokrenula-humanitarnu-kampanju-za-pomoc-ugrozenim-od-poplava\/#primaryimage"},"image":{"@id":"https:\/\/sandzakpress.net\/arhiva\/turska-vlada-pokrenula-humanitarnu-kampanju-za-pomoc-ugrozenim-od-poplava\/#primaryimage"},"thumbnailUrl":"https:\/\/sandzakpress.net\/arhiva\/wp-content\/uploads\/2014\/05\/turska-vlada-pokrenula-humanitarnu-kampanju-za-pomoc-ugrozenim-od-poplava-_trt-bosanski-27500.jpg","datePublished":"2014-05-23T17:05:23+00:00","breadcrumb":{"@id":"https:\/\/sandzakpress.net\/arhiva\/turska-vlada-pokrenula-humanitarnu-kampanju-za-pomoc-ugrozenim-od-poplava\/#breadcrumb"},"inLanguage":"bs-BA","potentialAction":[{"@type":"ReadAction","target":["https:\/\/sandzakpress.net\/arhiva\/turska-vlada-pokrenula-humanitarnu-kampanju-za-pomoc-ugrozenim-od-poplava\/"]}]},{"@type":"ImageObject","inLanguage":"bs-BA","@id":"https:\/\/sandzakpress.net\/arhiva\/turska-vlada-pokrenula-humanitarnu-kampanju-za-pomoc-ugrozenim-od-poplava\/#primaryimage","url":"https:\/\/sandzakpress.net\/arhiva\/wp-content\/uploads\/2014\/05\/turska-vlada-pokrenula-humanitarnu-kampanju-za-pomoc-ugrozenim-od-poplava-_trt-bosanski-27500.jpg","contentUrl":"https:\/\/sandzakpress.net\/arhiva\/wp-content\/uploads\/2014\/05\/turska-vlada-pokrenula-humanitarnu-kampanju-za-pomoc-ugrozenim-od-poplava-_trt-bosanski-27500.jpg","width":600,"height":363},{"@type":"BreadcrumbList","@id":"https:\/\/sandzakpress.net\/arhiva\/turska-vlada-pokrenula-humanitarnu-kampanju-za-pomoc-ugrozenim-od-poplava\/#breadcrumb","itemListElement":[{"@type":"ListItem","position":1,"name":"Home","item":"https:\/\/sandzakpress.net\/arhiva\/"},{"@type":"ListItem","position":2,"name":"Turska vlada pokrenula humanitarnu kampanju za pomo\u0107 ugro\u017eenim od poplava"}]},{"@type":"WebSite","@id":"https:\/\/sandzakpress.net\/arhiva\/#website","url":"https:\/\/sandzakpress.net\/arhiva\/","name":"Sand\u017eak PRESS","description":"Prve elektronske novine u Sand\u017eaku","publisher":{"@id":"https:\/\/sandzakpress.net\/arhiva\/#\/schema\/person\/6e72b67d6e51910a1117b3b483ba20bd"},"potentialAction":[{"@type":"SearchAction","target":{"@type":"EntryPoint","urlTemplate":"https:\/\/sandzakpress.net\/arhiva\/?s={search_term_string}"},"query-input":{"@type":"PropertyValueSpecification","valueRequired":true,"valueName":"search_term_string"}}],"inLanguage":"bs-BA"},{"@type":["Person","Organization"],"@id":"https:\/\/sandzakpress.net\/arhiva\/#\/schema\/person\/6e72b67d6e51910a1117b3b483ba20bd","name":"Kul","image":{"@type":"ImageObject","inLanguage":"bs-BA","@id":"https:\/\/sandzakpress.net\/arhiva\/#\/schema\/person\/image\/","url":"https:\/\/secure.gravatar.com\/avatar\/42263f39aa27ac04c43cab85c280eb2e?s=96&d=mm&r=pg","contentUrl":"https:\/\/secure.gravatar.com\/avatar\/42263f39aa27ac04c43cab85c280eb2e?s=96&d=mm&r=pg","caption":"Kul"},"logo":{"@id":"https:\/\/sandzakpress.net\/arhiva\/#\/schema\/person\/image\/"}},{"@type":"Person","@id":"https:\/\/sandzakpress.net\/arhiva\/#\/schema\/person\/c8baee722073534b583ea7bdb2e36c02","name":"bosniak","image":{"@type":"ImageObject","inLanguage":"bs-BA","@id":"https:\/\/sandzakpress.net\/arhiva\/#\/schema\/person\/image\/","url":"https:\/\/secure.gravatar.com\/avatar\/a04fd330bfe3a36a72a0ad4a6d89fca7?s=96&d=mm&r=pg","contentUrl":"https:\/\/secure.gravatar.com\/avatar\/a04fd330bfe3a36a72a0ad4a6d89fca7?s=96&d=mm&r=pg","caption":"bosniak"},"url":"https:\/\/sandzakpress.net\/arhiva\/author\/bosniak\/"}]}},"_links":{"self":[{"href":"https:\/\/sandzakpress.net\/arhiva\/wp-json\/wp\/v2\/posts\/106364"}],"collection":[{"href":"https:\/\/sandzakpress.net\/arhiva\/wp-json\/wp\/v2\/posts"}],"about":[{"href":"https:\/\/sandzakpress.net\/arhiva\/wp-json\/wp\/v2\/types\/post"}],"author":[{"embeddable":true,"href":"https:\/\/sandzakpress.net\/arhiva\/wp-json\/wp\/v2\/users\/83"}],"replies":[{"embeddable":true,"href":"https:\/\/sandzakpress.net\/arhiva\/wp-json\/wp\/v2\/comments?post=106364"}],"version-history":[{"count":0,"href":"https:\/\/sandzakpress.net\/arhiva\/wp-json\/wp\/v2\/posts\/106364\/revisions"}],"wp:featuredmedia":[{"embeddable":true,"href":"https:\/\/sandzakpress.net\/arhiva\/wp-json\/wp\/v2\/media\/106365"}],"wp:attachment":[{"href":"https:\/\/sandzakpress.net\/arhiva\/wp-json\/wp\/v2\/media?parent=106364"}],"wp:term":[{"taxonomy":"category","embeddable":true,"href":"https:\/\/sandzakpress.net\/arhiva\/wp-json\/wp\/v2\/categories?post=106364"},{"taxonomy":"post_tag","embeddable":true,"href":"https:\/\/sandzakpress.net\/arhiva\/wp-json\/wp\/v2\/tags?post=106364"}],"curies":[{"name":"wp","href":"https:\/\/api.w.org\/{rel}","templated":true}]}}