{"id":106254,"date":"2014-05-22T14:32:22","date_gmt":"2014-05-22T12:32:22","guid":{"rendered":"https:\/\/sandzakpress.net\/arhiva\/?p=106254"},"modified":"2014-05-23T23:18:06","modified_gmt":"2014-05-23T21:18:06","slug":"da-su-sve-zlatili-dosta-im-je-bilo","status":"publish","type":"post","link":"https:\/\/sandzakpress.net\/arhiva\/da-su-sve-zlatili-dosta-im-je-bilo\/","title":{"rendered":"Da su sve zlatili, dosta im je bilo!"},"content":{"rendered":"<p style=\"color: #005b04;\"><strong><img loading=\"lazy\" decoding=\"async\" class=\"alignleft\" title=\"Samir Guberini\u0107\" src=\"http:\/\/www.bdzajednica.me\/materijal\/vijesti\/samir-guberinic.jpg\" alt=\"\" width=\"292\" height=\"250\" \/>Vlast treba nastojati da omogu\u0107i svakom stanovniku ostvarenje \u0161to boljeg kvaliteta njegovog \u017eivota. Bio on star, mlad, mu\u0161karac, \u017eena, osoba sa invaliditetom, dijete, stanovnik sela ili grada, svaki pojedinac zaslu\u017euje izradu programa i projekata kojim \u0107e se unaprijediti kvalitet njegovog \u017eivota<\/strong>.<\/p>\n<p style=\"color: #005b04;\">Do sad je bila praksa da su se mnogi projekti pokrenuti od strane vlasti u toku realizacije zaustavljali, trpjeli promjene, da su njihovi rezultati bili minimalni ili sasvim i\u0161li u minus i da \u0107e posljedice toga osje\u0107ati generacije poslije nas.<\/p>\n<p style=\"color: #005b04;\">Kvalitet \u017eivota svih kategorija dru\u0161tva je sve lo\u0161iji iz godine u godinu. Ne mislim samo na materijalnu stranu \u017eivota, na tokakvu hranu jedemo, \u0161ta obla\u010dimo, koliko pla\u0107amo lijekove. Mislim i na osje\u0107aj zapostavljenosti i izdaje od strane onih koji treba da vode brigu o \u010dlanovima dru\u0161tvene zajednice, na osje\u0107aj da niko ne brine o tome kako \u017eivimo, kako nas, kada odemo pred neki \u0161alter i pred neka vrata da ostvarimo na\u0161e pravo, do\u010dekaju smrknuta i neljubazna lica. Kao da ne znaju \u0161ta i je posao, kao da ih mi za to ne pla\u0107amo. Za obi\u010dnu potvrdu, moramo tra\u017eiti \u201evezu\u201c da je ne bismo morali \u010dekati po dva \u2013 tri dana.<\/p>\n<p><span style=\"color: #005b04;\">Pitam vas, jeste li sve ovo do\u017eiveli u vrijeme ove vlasti i stranaka koje je podr\u017eavaju?<\/span><\/p>\n<p style=\"color: #005b04;\">Ako niste, onda ni\u0161ta. Onda u\u017eivajte u dobro organiziranom \u017eivotu, gdje nema veza i vezica, gdje nema nepravde, gdje nema siroma\u0161tva, gdje nema neravnopravnosti. Ali, ako jesmo do\u017eivjeli, onda moramo re\u0107i: ,,Dosta je bilo!\u201c<\/p>\n<p style=\"color: #005b04;\">Dosta su na ovakav na\u010din upravljali politi\u010dkim, dru\u0161tvenim, duhovnim, kulturnim, pravnim i svim drugim vrijednostima na\u0161ih \u017eivota. Pa da su sve zlatili, dosta im je bilo!<\/p>\n<p style=\"color: #005b04;\">25 godina je dug period \u0161ansi za ostvarenje uspjeha, a oni ho\u0107e jo\u0161. Sve \u010dega su se dohvatili, upropastili su. Dr\u017eavu su nam ugasili, ekonomiju uni\u0161tili, kulturu upropastili, narod podijelili, Islamsku zajednicu raspar\u010dali, bo\u0161nja\u010dke politi\u010dare hapsili, stanovnike nam \u201eo\u0107erali\u201c, sela opusto\u0161ili i na\u0161e krvnike nisu kaznili. Ako ova vlast za to nije odgovorna, onda ko je?<\/p>\n<p style=\"color: #005b04;\">Kada se cijepala dr\u017eava \u2013 oni su aktivno u\u010destvovali. Kada se vodio rat za mir &#8211; oni su aktivno u\u010destvovali. Kada se doga\u0111ala deportacija, Bukovica, \u0160trpci, Kalu\u0111erski Laz &#8211; oni su aktivno u\u010destvovali. Kada nam se cijepala na\u0161a vjerska institucija (Islamska zajednica u SFRJ) &#8211; oni su aktivno u\u010destvovali. Kada su fabrike upropa\u0161\u0107avane &#8211; oni su aktivno u\u010destvovali. Kada su te fabrike poslije prodavane &#8211; oni su aktivno u\u010destvovali. Kada nam je narod i\u0161ao u tu\u0111inu &#8211; oni su aktivno u\u010destvovali. A oni koji nisu aktivno u\u010destvovali, onda su aktivno \u0161utjeli. Onda su dozvolili da se sve ovo nama izde\u0161ava.<\/p>\n<p style=\"color: #005b04;\">Stanje u Ju\u017enom Sand\u017eaku ili Sjevernoj Crnoj Gori (kako ko voli) je rezultat lo\u0161e namjere ili nebrige. Stalni atak ili zapostavljanje \u017eivotnog prostora Bo\u0161njaka doveli su do porazne statistike koja bi morala zabrinuti vlasti. Velika stopa nezaposlenosti, katastrofalno stanje u privredi, ogroman broj stanovnika koji je napustio rodni kraj, \u010dine brojke koje se upore\u0111uju sa kataklizmi\u010dnim scenarijima. Kao da je neko namjerno \u017eelio resetovati brojke koje se odnose na Bijelo Polje, Berane, Pljevlja, Ro\u017eaje, Plav, Gusinje, Petnjicu.<\/p>\n<p style=\"color: #005b04;\">Pored svega ovoga, Bo\u0161njaci se poku\u0161avaju oduprijeti tihoj, a u nekim mjestima i nasilnoj asimilaciji i pocrnogor\u010davanju. Godine 2003., na primjer, Murat (ime sam upotrijebio kao ilustraciju) se izjasio kao Bo\u0161njak. Godine 2011. Murat posta Crnogorac kome je maternji crnogorski. A Muratova majka niti je Crnogorka, niti je ikada govorila crnogorskim jezikom. Ovome se stidljivo, bez potrebne o\u0161trine i zauzimanja odlu\u010dnog stava i garda, suprostavila na\u0161a va\u017ena institucija, Islamska zajednica u Crnoj Gori. S vremena na vrijeme ogla\u0161avala se stidljivo, po ovom pitanju, i politi\u010dka stranka koja tvrdi da je jedini predstavnik Bo\u0161njaka. Me\u0111utim, o aktivnostima ova dva subjekta najvi\u0161e govore sami rezultati.<\/p>\n<p style=\"color: #005b04;\">Pominjanjem Islamske zajednice i Bo\u0161nja\u010dke stranke \u017eelio sam ista\u0107i da odgovornost za stanje bo\u0161nja\u010dkog naroda, prije svih, le\u017ei na Bo\u0161njacima. Institucije koje prestavljaju muslimane Bo\u0161njake, i pojedinci koji ih vode odgovarat \u0107e narodu za svoja djela, i \u0161to je jo\u0161 va\u017enije Allahu Svemogu\u0107em.<\/p>\n<p style=\"color: #005b04;\">I ne samo vo\u0111e, svaki \u010dovjek i \u017eena snose odgovornost za stanje u kojem se nalazimo. U ovom vremenu, nesavr\u0161enom politi\u010dkom sistemu i ovom prostoru svaki pojedinac danas ima mogu\u0107nost izbora. Birat \u0107emo onoga ko zna savjesno upravljati ljudima i resursima. Zaokru\u017eivanjem odre\u0111enog broja glasa\u010d preuzima odgovornost za ono \u0161to taj, koga je zaokru\u017eio, u\u010dini ili propusti u\u010diniti.<\/p>\n<p style=\"color: #005b04;\">Stanje jednog naroda \u0107e se promijeniti onda kad on sam promijeni odnos prema sebi. Kur'anski ajet nam to potvr\u0111uje. \u201eAllah d\u017e.\u0161. ne\u0107e promijeniti stanje jednog naroda sve dok taj narod ne promijeni sebe.\u201c<\/p>\n<p style=\"color: #005b04;\">Zato, ako \u017eelimo pobolj\u0161ati kvalitet na\u0161ih \u017eivota, stanje na\u0161eg naroda, zajednice, dru\u0161tva, svakog pojedinca, onda prvo moramo promijeniti sebe. Moramo kona\u010dno prestati glasati za one koji ne\u0107e ili ne umiju da pravedno upravljaju ljudima i resursima. Ako ovako postupi svaki pojedinac, za o\u010dekivati je da \u0107e se i stanje cijelog naroda po\u010deti mijenjati na bolje.<\/p>\n<p style=\"color: #005b04;\" align=\"right\">Samir Guberini\u0107,<br \/>\nPredsjednik Skup\u0161tine OO BDZ Bijelo Polje<\/p>\n","protected":false},"excerpt":{"rendered":"<p>Samir Guberini\u0107<\/p>\n","protected":false},"author":83,"featured_media":106255,"comment_status":"open","ping_status":"open","sticky":false,"template":"","format":"standard","meta":{"footnotes":""},"categories":[10196],"tags":[],"class_list":{"0":"post-106254","1":"post","2":"type-post","3":"status-publish","4":"format-standard","5":"has-post-thumbnail","7":"category-iz-pera-nasih-autora"},"yoast_head":"<!-- This site is optimized with the Yoast SEO Premium plugin v23.1 (Yoast SEO v24.9) - https:\/\/yoast.com\/wordpress\/plugins\/seo\/ -->\n<title>Da su sve zlatili, dosta im je bilo!<\/title>\n<meta name=\"robots\" content=\"index, follow, max-snippet:-1, max-image-preview:large, max-video-preview:-1\" \/>\n<link rel=\"canonical\" href=\"https:\/\/sandzakpress.net\/arhiva\/da-su-sve-zlatili-dosta-im-je-bilo\/\" \/>\n<meta property=\"og:locale\" content=\"bs_BA\" \/>\n<meta property=\"og:type\" content=\"article\" \/>\n<meta property=\"og:title\" content=\"Da su sve zlatili, dosta im je bilo!\" \/>\n<meta property=\"og:description\" content=\"Samir Guberini\u0107\" \/>\n<meta property=\"og:url\" content=\"https:\/\/sandzakpress.net\/arhiva\/da-su-sve-zlatili-dosta-im-je-bilo\/\" \/>\n<meta property=\"og:site_name\" content=\"Sand\u017eak PRESS\" \/>\n<meta property=\"article:published_time\" content=\"2014-05-22T12:32:22+00:00\" \/>\n<meta property=\"article:modified_time\" content=\"2014-05-23T21:18:06+00:00\" \/>\n<meta property=\"og:image\" content=\"https:\/\/sandzakpress.net\/arhiva\/wp-content\/uploads\/2014\/05\/samir-guberinic.jpg\" \/>\n\t<meta property=\"og:image:width\" content=\"675\" \/>\n\t<meta property=\"og:image:height\" content=\"578\" \/>\n\t<meta property=\"og:image:type\" content=\"image\/jpeg\" \/>\n<meta name=\"author\" content=\"bosniak\" \/>\n<meta name=\"twitter:card\" content=\"summary_large_image\" \/>\n<meta name=\"twitter:label1\" content=\"Written by\" \/>\n\t<meta name=\"twitter:data1\" content=\"bosniak\" \/>\n\t<meta name=\"twitter:label2\" content=\"Est. reading time\" \/>\n\t<meta name=\"twitter:data2\" content=\"4 minute\" \/>\n<script type=\"application\/ld+json\" class=\"yoast-schema-graph\">{\"@context\":\"https:\/\/schema.org\",\"@graph\":[{\"@type\":\"Article\",\"@id\":\"https:\/\/sandzakpress.net\/arhiva\/da-su-sve-zlatili-dosta-im-je-bilo\/#article\",\"isPartOf\":{\"@id\":\"https:\/\/sandzakpress.net\/arhiva\/da-su-sve-zlatili-dosta-im-je-bilo\/\"},\"author\":{\"name\":\"bosniak\",\"@id\":\"https:\/\/sandzakpress.net\/arhiva\/#\/schema\/person\/c8baee722073534b583ea7bdb2e36c02\"},\"headline\":\"Da su sve zlatili, dosta im je bilo!\",\"datePublished\":\"2014-05-22T12:32:22+00:00\",\"dateModified\":\"2014-05-23T21:18:06+00:00\",\"mainEntityOfPage\":{\"@id\":\"https:\/\/sandzakpress.net\/arhiva\/da-su-sve-zlatili-dosta-im-je-bilo\/\"},\"wordCount\":908,\"commentCount\":0,\"publisher\":{\"@id\":\"https:\/\/sandzakpress.net\/arhiva\/#\/schema\/person\/6e72b67d6e51910a1117b3b483ba20bd\"},\"image\":{\"@id\":\"https:\/\/sandzakpress.net\/arhiva\/da-su-sve-zlatili-dosta-im-je-bilo\/#primaryimage\"},\"thumbnailUrl\":\"https:\/\/sandzakpress.net\/arhiva\/wp-content\/uploads\/2014\/05\/samir-guberinic.jpg\",\"articleSection\":[\"Iz pera na\u0161ih autora\"],\"inLanguage\":\"bs-BA\",\"potentialAction\":[{\"@type\":\"CommentAction\",\"name\":\"Comment\",\"target\":[\"https:\/\/sandzakpress.net\/arhiva\/da-su-sve-zlatili-dosta-im-je-bilo\/#respond\"]}]},{\"@type\":\"WebPage\",\"@id\":\"https:\/\/sandzakpress.net\/arhiva\/da-su-sve-zlatili-dosta-im-je-bilo\/\",\"url\":\"https:\/\/sandzakpress.net\/arhiva\/da-su-sve-zlatili-dosta-im-je-bilo\/\",\"name\":\"Da su sve zlatili, dosta im je bilo!\",\"isPartOf\":{\"@id\":\"https:\/\/sandzakpress.net\/arhiva\/#website\"},\"primaryImageOfPage\":{\"@id\":\"https:\/\/sandzakpress.net\/arhiva\/da-su-sve-zlatili-dosta-im-je-bilo\/#primaryimage\"},\"image\":{\"@id\":\"https:\/\/sandzakpress.net\/arhiva\/da-su-sve-zlatili-dosta-im-je-bilo\/#primaryimage\"},\"thumbnailUrl\":\"https:\/\/sandzakpress.net\/arhiva\/wp-content\/uploads\/2014\/05\/samir-guberinic.jpg\",\"datePublished\":\"2014-05-22T12:32:22+00:00\",\"dateModified\":\"2014-05-23T21:18:06+00:00\",\"breadcrumb\":{\"@id\":\"https:\/\/sandzakpress.net\/arhiva\/da-su-sve-zlatili-dosta-im-je-bilo\/#breadcrumb\"},\"inLanguage\":\"bs-BA\",\"potentialAction\":[{\"@type\":\"ReadAction\",\"target\":[\"https:\/\/sandzakpress.net\/arhiva\/da-su-sve-zlatili-dosta-im-je-bilo\/\"]}]},{\"@type\":\"ImageObject\",\"inLanguage\":\"bs-BA\",\"@id\":\"https:\/\/sandzakpress.net\/arhiva\/da-su-sve-zlatili-dosta-im-je-bilo\/#primaryimage\",\"url\":\"https:\/\/sandzakpress.net\/arhiva\/wp-content\/uploads\/2014\/05\/samir-guberinic.jpg\",\"contentUrl\":\"https:\/\/sandzakpress.net\/arhiva\/wp-content\/uploads\/2014\/05\/samir-guberinic.jpg\",\"width\":675,\"height\":578},{\"@type\":\"BreadcrumbList\",\"@id\":\"https:\/\/sandzakpress.net\/arhiva\/da-su-sve-zlatili-dosta-im-je-bilo\/#breadcrumb\",\"itemListElement\":[{\"@type\":\"ListItem\",\"position\":1,\"name\":\"Home\",\"item\":\"https:\/\/sandzakpress.net\/arhiva\/\"},{\"@type\":\"ListItem\",\"position\":2,\"name\":\"Da su sve zlatili, dosta im je bilo!\"}]},{\"@type\":\"WebSite\",\"@id\":\"https:\/\/sandzakpress.net\/arhiva\/#website\",\"url\":\"https:\/\/sandzakpress.net\/arhiva\/\",\"name\":\"Sand\u017eak PRESS\",\"description\":\"Prve elektronske novine u Sand\u017eaku\",\"publisher\":{\"@id\":\"https:\/\/sandzakpress.net\/arhiva\/#\/schema\/person\/6e72b67d6e51910a1117b3b483ba20bd\"},\"potentialAction\":[{\"@type\":\"SearchAction\",\"target\":{\"@type\":\"EntryPoint\",\"urlTemplate\":\"https:\/\/sandzakpress.net\/arhiva\/?s={search_term_string}\"},\"query-input\":{\"@type\":\"PropertyValueSpecification\",\"valueRequired\":true,\"valueName\":\"search_term_string\"}}],\"inLanguage\":\"bs-BA\"},{\"@type\":[\"Person\",\"Organization\"],\"@id\":\"https:\/\/sandzakpress.net\/arhiva\/#\/schema\/person\/6e72b67d6e51910a1117b3b483ba20bd\",\"name\":\"Kul\",\"image\":{\"@type\":\"ImageObject\",\"inLanguage\":\"bs-BA\",\"@id\":\"https:\/\/sandzakpress.net\/arhiva\/#\/schema\/person\/image\/\",\"url\":\"https:\/\/secure.gravatar.com\/avatar\/42263f39aa27ac04c43cab85c280eb2e?s=96&d=mm&r=pg\",\"contentUrl\":\"https:\/\/secure.gravatar.com\/avatar\/42263f39aa27ac04c43cab85c280eb2e?s=96&d=mm&r=pg\",\"caption\":\"Kul\"},\"logo\":{\"@id\":\"https:\/\/sandzakpress.net\/arhiva\/#\/schema\/person\/image\/\"}},{\"@type\":\"Person\",\"@id\":\"https:\/\/sandzakpress.net\/arhiva\/#\/schema\/person\/c8baee722073534b583ea7bdb2e36c02\",\"name\":\"bosniak\",\"image\":{\"@type\":\"ImageObject\",\"inLanguage\":\"bs-BA\",\"@id\":\"https:\/\/sandzakpress.net\/arhiva\/#\/schema\/person\/image\/\",\"url\":\"https:\/\/secure.gravatar.com\/avatar\/a04fd330bfe3a36a72a0ad4a6d89fca7?s=96&d=mm&r=pg\",\"contentUrl\":\"https:\/\/secure.gravatar.com\/avatar\/a04fd330bfe3a36a72a0ad4a6d89fca7?s=96&d=mm&r=pg\",\"caption\":\"bosniak\"},\"url\":\"https:\/\/sandzakpress.net\/arhiva\/author\/bosniak\/\"}]}<\/script>\n<!-- \/ Yoast SEO Premium plugin. -->","yoast_head_json":{"title":"Da su sve zlatili, dosta im je bilo!","robots":{"index":"index","follow":"follow","max-snippet":"max-snippet:-1","max-image-preview":"max-image-preview:large","max-video-preview":"max-video-preview:-1"},"canonical":"https:\/\/sandzakpress.net\/arhiva\/da-su-sve-zlatili-dosta-im-je-bilo\/","og_locale":"bs_BA","og_type":"article","og_title":"Da su sve zlatili, dosta im je bilo!","og_description":"Samir Guberini\u0107","og_url":"https:\/\/sandzakpress.net\/arhiva\/da-su-sve-zlatili-dosta-im-je-bilo\/","og_site_name":"Sand\u017eak PRESS","article_published_time":"2014-05-22T12:32:22+00:00","article_modified_time":"2014-05-23T21:18:06+00:00","og_image":[{"width":675,"height":578,"url":"https:\/\/sandzakpress.net\/arhiva\/wp-content\/uploads\/2014\/05\/samir-guberinic.jpg","type":"image\/jpeg"}],"author":"bosniak","twitter_card":"summary_large_image","twitter_misc":{"Written by":"bosniak","Est. reading time":"4 minute"},"schema":{"@context":"https:\/\/schema.org","@graph":[{"@type":"Article","@id":"https:\/\/sandzakpress.net\/arhiva\/da-su-sve-zlatili-dosta-im-je-bilo\/#article","isPartOf":{"@id":"https:\/\/sandzakpress.net\/arhiva\/da-su-sve-zlatili-dosta-im-je-bilo\/"},"author":{"name":"bosniak","@id":"https:\/\/sandzakpress.net\/arhiva\/#\/schema\/person\/c8baee722073534b583ea7bdb2e36c02"},"headline":"Da su sve zlatili, dosta im je bilo!","datePublished":"2014-05-22T12:32:22+00:00","dateModified":"2014-05-23T21:18:06+00:00","mainEntityOfPage":{"@id":"https:\/\/sandzakpress.net\/arhiva\/da-su-sve-zlatili-dosta-im-je-bilo\/"},"wordCount":908,"commentCount":0,"publisher":{"@id":"https:\/\/sandzakpress.net\/arhiva\/#\/schema\/person\/6e72b67d6e51910a1117b3b483ba20bd"},"image":{"@id":"https:\/\/sandzakpress.net\/arhiva\/da-su-sve-zlatili-dosta-im-je-bilo\/#primaryimage"},"thumbnailUrl":"https:\/\/sandzakpress.net\/arhiva\/wp-content\/uploads\/2014\/05\/samir-guberinic.jpg","articleSection":["Iz pera na\u0161ih autora"],"inLanguage":"bs-BA","potentialAction":[{"@type":"CommentAction","name":"Comment","target":["https:\/\/sandzakpress.net\/arhiva\/da-su-sve-zlatili-dosta-im-je-bilo\/#respond"]}]},{"@type":"WebPage","@id":"https:\/\/sandzakpress.net\/arhiva\/da-su-sve-zlatili-dosta-im-je-bilo\/","url":"https:\/\/sandzakpress.net\/arhiva\/da-su-sve-zlatili-dosta-im-je-bilo\/","name":"Da su sve zlatili, dosta im je bilo!","isPartOf":{"@id":"https:\/\/sandzakpress.net\/arhiva\/#website"},"primaryImageOfPage":{"@id":"https:\/\/sandzakpress.net\/arhiva\/da-su-sve-zlatili-dosta-im-je-bilo\/#primaryimage"},"image":{"@id":"https:\/\/sandzakpress.net\/arhiva\/da-su-sve-zlatili-dosta-im-je-bilo\/#primaryimage"},"thumbnailUrl":"https:\/\/sandzakpress.net\/arhiva\/wp-content\/uploads\/2014\/05\/samir-guberinic.jpg","datePublished":"2014-05-22T12:32:22+00:00","dateModified":"2014-05-23T21:18:06+00:00","breadcrumb":{"@id":"https:\/\/sandzakpress.net\/arhiva\/da-su-sve-zlatili-dosta-im-je-bilo\/#breadcrumb"},"inLanguage":"bs-BA","potentialAction":[{"@type":"ReadAction","target":["https:\/\/sandzakpress.net\/arhiva\/da-su-sve-zlatili-dosta-im-je-bilo\/"]}]},{"@type":"ImageObject","inLanguage":"bs-BA","@id":"https:\/\/sandzakpress.net\/arhiva\/da-su-sve-zlatili-dosta-im-je-bilo\/#primaryimage","url":"https:\/\/sandzakpress.net\/arhiva\/wp-content\/uploads\/2014\/05\/samir-guberinic.jpg","contentUrl":"https:\/\/sandzakpress.net\/arhiva\/wp-content\/uploads\/2014\/05\/samir-guberinic.jpg","width":675,"height":578},{"@type":"BreadcrumbList","@id":"https:\/\/sandzakpress.net\/arhiva\/da-su-sve-zlatili-dosta-im-je-bilo\/#breadcrumb","itemListElement":[{"@type":"ListItem","position":1,"name":"Home","item":"https:\/\/sandzakpress.net\/arhiva\/"},{"@type":"ListItem","position":2,"name":"Da su sve zlatili, dosta im je bilo!"}]},{"@type":"WebSite","@id":"https:\/\/sandzakpress.net\/arhiva\/#website","url":"https:\/\/sandzakpress.net\/arhiva\/","name":"Sand\u017eak PRESS","description":"Prve elektronske novine u Sand\u017eaku","publisher":{"@id":"https:\/\/sandzakpress.net\/arhiva\/#\/schema\/person\/6e72b67d6e51910a1117b3b483ba20bd"},"potentialAction":[{"@type":"SearchAction","target":{"@type":"EntryPoint","urlTemplate":"https:\/\/sandzakpress.net\/arhiva\/?s={search_term_string}"},"query-input":{"@type":"PropertyValueSpecification","valueRequired":true,"valueName":"search_term_string"}}],"inLanguage":"bs-BA"},{"@type":["Person","Organization"],"@id":"https:\/\/sandzakpress.net\/arhiva\/#\/schema\/person\/6e72b67d6e51910a1117b3b483ba20bd","name":"Kul","image":{"@type":"ImageObject","inLanguage":"bs-BA","@id":"https:\/\/sandzakpress.net\/arhiva\/#\/schema\/person\/image\/","url":"https:\/\/secure.gravatar.com\/avatar\/42263f39aa27ac04c43cab85c280eb2e?s=96&d=mm&r=pg","contentUrl":"https:\/\/secure.gravatar.com\/avatar\/42263f39aa27ac04c43cab85c280eb2e?s=96&d=mm&r=pg","caption":"Kul"},"logo":{"@id":"https:\/\/sandzakpress.net\/arhiva\/#\/schema\/person\/image\/"}},{"@type":"Person","@id":"https:\/\/sandzakpress.net\/arhiva\/#\/schema\/person\/c8baee722073534b583ea7bdb2e36c02","name":"bosniak","image":{"@type":"ImageObject","inLanguage":"bs-BA","@id":"https:\/\/sandzakpress.net\/arhiva\/#\/schema\/person\/image\/","url":"https:\/\/secure.gravatar.com\/avatar\/a04fd330bfe3a36a72a0ad4a6d89fca7?s=96&d=mm&r=pg","contentUrl":"https:\/\/secure.gravatar.com\/avatar\/a04fd330bfe3a36a72a0ad4a6d89fca7?s=96&d=mm&r=pg","caption":"bosniak"},"url":"https:\/\/sandzakpress.net\/arhiva\/author\/bosniak\/"}]}},"_links":{"self":[{"href":"https:\/\/sandzakpress.net\/arhiva\/wp-json\/wp\/v2\/posts\/106254"}],"collection":[{"href":"https:\/\/sandzakpress.net\/arhiva\/wp-json\/wp\/v2\/posts"}],"about":[{"href":"https:\/\/sandzakpress.net\/arhiva\/wp-json\/wp\/v2\/types\/post"}],"author":[{"embeddable":true,"href":"https:\/\/sandzakpress.net\/arhiva\/wp-json\/wp\/v2\/users\/83"}],"replies":[{"embeddable":true,"href":"https:\/\/sandzakpress.net\/arhiva\/wp-json\/wp\/v2\/comments?post=106254"}],"version-history":[{"count":0,"href":"https:\/\/sandzakpress.net\/arhiva\/wp-json\/wp\/v2\/posts\/106254\/revisions"}],"wp:featuredmedia":[{"embeddable":true,"href":"https:\/\/sandzakpress.net\/arhiva\/wp-json\/wp\/v2\/media\/106255"}],"wp:attachment":[{"href":"https:\/\/sandzakpress.net\/arhiva\/wp-json\/wp\/v2\/media?parent=106254"}],"wp:term":[{"taxonomy":"category","embeddable":true,"href":"https:\/\/sandzakpress.net\/arhiva\/wp-json\/wp\/v2\/categories?post=106254"},{"taxonomy":"post_tag","embeddable":true,"href":"https:\/\/sandzakpress.net\/arhiva\/wp-json\/wp\/v2\/tags?post=106254"}],"curies":[{"name":"wp","href":"https:\/\/api.w.org\/{rel}","templated":true}]}}