{"id":10608,"date":"2010-12-16T02:16:26","date_gmt":"2010-12-16T01:16:26","guid":{"rendered":"https:\/\/sandzakpress.net\/arhiva\/?p=10608"},"modified":"2010-12-16T02:16:26","modified_gmt":"2010-12-16T01:16:26","slug":"ciplic-muftija-ce-izgubiti","status":"publish","type":"post","link":"https:\/\/sandzakpress.net\/arhiva\/ciplic-muftija-ce-izgubiti\/","title":{"rendered":"\u010cipli\u0107: Muftija \u0107e izgubiti!"},"content":{"rendered":"<figure id=\"attachment_10609\" aria-describedby=\"caption-attachment-10609\" style=\"width: 300px\" class=\"wp-caption alignleft\"><a href=\"https:\/\/sandzakpress.net\/arhiva\/wp-content\/uploads\/2010\/12\/dru-ciplic.jpg\"><img loading=\"lazy\" decoding=\"async\" class=\"size-medium wp-image-10609\" title=\"dru-ciplic\" src=\"https:\/\/sandzakpress.net\/arhiva\/wp-content\/uploads\/2010\/12\/dru-ciplic-300x213.jpg\" alt=\"\" width=\"300\" height=\"213\" \/><\/a><figcaption id=\"caption-attachment-10609\" class=\"wp-caption-text\">Svetozar \u010cipli\u0107, ministar za ljudska i manjinska prava<\/figcaption><\/figure>\n<p><strong>Za  Svetozara \u010cipli\u0107a stvari su potpuno jasne &#8211; rok za konstituisanje  nacionalnog savjeta bo\u0161nja\u010dke nacionalne manjine je istekao, tri liste  nisu uspele da se dogovore, pa sledi formiranje privremenog organa od  njihovih predstavnika, a uskoro i novi izbori. Bez obzira na najave  Bo\u0161nja\u010dke kulturne zajednice muftije Muamera ef. Zukorli\u0107a da \u0107e  bojkotovati glasanje, drugog re\u0161enja nema, bar tako tvrdi ministar za  ljudska i manjinska prava.<\/strong><\/p>\n<p>Za to vrijeme, dodatno su se podigle tenzije u Sand\u017eaku, a ministru se na du\u0161u stavljaju optu\u017ebe da je ova situacija namjerno izazvana:<\/p>\n<p>&#8211; Nikakvih opstrukcija nije bilo. Pola godine radili smo maksimalno transparentno, insistirali da se predstavnici sve tri liste okupe za stolom. Kompromis nije prona\u0111en i mora da se ide na nove izbore.<\/p>\n<p><strong>* Na va\u0161 ra\u010dun iznijete su veoma ozbiljne kritike zbog malverzacija sa bira\u010dkim spiskovima, nepravilnosti tokom procedure izbora i konstituisanja savjeta&#8230;<\/strong><\/p>\n<p>&#8211; Neke optu\u017ebe su besmislene, poput onih za bira\u010dke spiskove, koje su vodile lokalne samouprave, a ne Ministarstvo. Nikakvih malverzacija nije bilo ni kod izbornog postupka, ni prilikom formiranja nacionalnog sajveta. U svim tim optu\u017ebama prednja\u010di muftija Zukorli\u0107, koji, koliko vidim, radi po principu \u201dmuti vodu da izgleda dublje\u201d.<\/p>\n<p><strong>* Muftija Zukorli\u0107 nije jedini koji iznosi kritike na ra\u010dun Ministarstva, tu su i ombudsman, povjerenici za ravnopravnost i informacije&#8230;<\/strong><\/p>\n<p>&#8211; Ombudsman je dao odre\u0111ene preporuke, od kojih je dio ve\u0107 ispo\u0161tovan, na primjer, u pogledu stavljanja poslovnika van snage. Za\u0161titnik gra\u0111ana nije rekao da je nezakonito postupano nego da u zakonu nije bilo dovoljno jakog pravnog osnova da se ne\u0161to uradi, pa je preporu\u010dio izmjene propisa. A povjernik za informacije je podnio krivi\u010dne prijave protiv NN lica iz lokalne samouprave, a ne Ministarstva, zbog neovla\u0161\u0107enog upisa u bira\u010dki spisak.<\/p>\n<p><strong>* \u010cedomir Jovanovi\u0107 tvrdi da ovaj problem ne uspijeva da se razrije\u0161i zbog internih potreba u djelu vladaju\u0107e koalicije. Da li je ta\u010dno da ste sve radili pod uticajem ministara Ljaji\u0107a i Ugljanina, koji podr\u017eavaju druge dvije liste?<\/strong><\/p>\n<p>&#8211; Apsolutno neta\u010dno. Da sam sam vodio ove pregovore i \u010ditav proces, onda bi zaista postojala osnovana sumnja da sam, namjerno, zbog nekih ljudi koji sjede u Vladi, \u010ditavu pri\u010du vodio na ovaj na\u010din. Ali, OEBS je od po\u010detka tu i prati \u0161ta se doga\u0111a. Jovanovi\u0107 ili ne razume \u010ditavu stvar, ili namjerno poku\u0161ava da je zamagli. Problem je u onome ko nije htio da se dogovori, a ne u Ministarstvu, koje je poku\u0161avalo da \u010ditav proces dr\u017ei u zakonskom okviru.<br \/>\n<strong> * Predsjednik Tadi\u0107 najavio je rekonstrukciju Vlade, strahujete li za svoju poziciju?<\/strong><br \/>\n&#8211; Nemam egzistencijalni strah \u0161ta \u0107u raditi kada i ako prestanem da budem ministar. Rekonstrukcija Vlade imala je smisla 2009, ali sada, u predizbornoj godini, nema svrhu, jer \u0107e biti potro\u0161eno previ\u0161e vremena, a poslovi koji se rade bi\u0107e zaustavljeni.<\/p>\n<p><strong>* Muftija Zukorli\u0107 prijeti i internacionalizacijom problema i tra\u017ei za\u0161titu od Sarajeva. Mo\u017ee li \u010ditava stvar da se podigne na taj nivo i da se Srbija zaista na\u0111e u problemu?<\/strong><\/p>\n<p>&#8211; Ne mo\u017ee. Ve\u0107 sam rekao da su misije OEBS, Savjeta Evrope i EU od po\u010detka uklju\u010dene u proces i jasno vide \u0161ta se de\u0161ava &#8211; da je muftija Zukorli\u0107 poku\u0161ao da zloupotrebi nacionalne savjete i da u izbore nije u\u0161ao da bi se bavio onim \u0161to je njihova nadle\u017enost, ve\u0107 da bi promovisao ideje o autonomiji, povezivanju srpskog i crnogorskog dijela Sand\u017eaka&#8230;<\/p>\n<p><strong>* Kakav odgovor dr\u017eave mo\u017ee da bude na to, a da ne bude optu\u017eena za kr\u0161enje ljudskih prava, nedemokratsko pona\u0161anje&#8230;<\/strong><\/p>\n<p>&#8211; Zukorli\u0107eve prijetnje su za unutra\u0161nju upotrebu. Odgovor dr\u017eave na zapaljivu retoriku treba da bude nastavak investiranja u Sand\u017eak, uklju\u010divanje \u0161to vi\u0161e Bo\u0161njaka u policiju i druge dr\u017eavne institucije. Pa, ko u Srbiji i Evropi Zukorli\u0107eve tvrdnje mo\u017ee da shvati ozbiljno, imaju\u0107i u vidu da i u Vladi sjede dvojica nacionalnih lidera Bo\u0161njaka. Valjda nisu Ljaji\u0107 i Ugljanin samo \u201dukrasi\u201d u Njemanjinoj.<\/p>\n<p><strong>* Jedan od njih, ministar Ugljanin, tako\u0111e je nedavno rekao da se\u00a0kr\u0161e prava\u00a0Bo\u0161njaka u Sand\u017eaku&#8230;<\/strong><\/p>\n<p>&#8211; Razgovarao sam s njim o tome. On je mislio ne na politi\u010dko ve\u0107 na ekonomsko kr\u0161enje ljudskih prava, jer gra\u0111ani zbog lo\u0161e privredne situacije i lo\u0161e infrastrukture ne mogu da ostvaruju sva svoja prava.<\/p>\n<p><strong>* Da li \u0107e ponavljanje izbora dovesti do novih napetosti u Sand\u017eaku? Mnogi strahuju od ponavljanja kosovskog scenarija?<\/strong><\/p>\n<p>&#8211; Ti strahovi su apsolutno neutemeljeni. Srbija ula\u017ee koliko god mo\u017ee u Sand\u017eak, i to je najbolji put za smirivanje tenzija. Politi\u010dki lider koji ho\u0107e da ih di\u017ee, da pravi sukobe, ube\u0111en sam, osu\u0111en je na propast. Zukorli\u0107 se i protivi novom glasanju iz straha da ne\u0107e ponoviti uspeh sa prethodnih izbora.<\/p>\n<p><strong>* Ima li u procesu regionalizacije, koji predstoji, skrivenih opasnosti od novog raspar\u010davanja Srbije?<\/strong><\/p>\n<p>&#8211; Regionalizacija zahtijeva promjenu Ustava, jer su postoje\u0107e odredbe o ovom procesu komplikovane, djelimi\u010dno i protivre\u010dne. Kada ta tema do\u0111e na red, svi odgovorni politi\u010dari treba da objasne da regionalizacija nije klica separatizma.<\/p>\n<p>Izvor: <strong>Novosti.rs<\/strong><\/p>\n","protected":false},"excerpt":{"rendered":"<p>Za Svetozara \u010cipli\u0107a stvari su potpuno jasne &#8211; rok za konstituisanje nacionalnog savjeta bo\u0161nja\u010dke nacionalne manjine je istekao, tri liste nisu uspele da se dogovore, pa sledi formiranje privremenog organa od njihovih predstavnika, a uskoro i novi izbori. Bez obzira na najave Bo\u0161nja\u010dke kulturne zajednice muftije Muamera ef. Zukorli\u0107a da \u0107e bojkotovati glasanje, drugog re\u0161enja [&hellip;]<\/p>\n","protected":false},"author":83,"featured_media":10609,"comment_status":"open","ping_status":"open","sticky":false,"template":"","format":"standard","meta":{"footnotes":""},"categories":[72,52,327,392,393,394],"tags":[],"class_list":{"0":"post-10608","1":"post","2":"type-post","3":"status-publish","4":"format-standard","5":"has-post-thumbnail","7":"category-novi-pazar","8":"category-sjenica","9":"category-tutin","10":"category-prijepolje_","11":"category-priboj","12":"category-nova-varos"},"yoast_head":"<!-- This site is optimized with the Yoast SEO Premium plugin v23.1 (Yoast SEO v24.9) - https:\/\/yoast.com\/wordpress\/plugins\/seo\/ -->\n<title>\u010cipli\u0107: Muftija \u0107e izgubiti!<\/title>\n<meta name=\"robots\" content=\"index, follow, max-snippet:-1, max-image-preview:large, max-video-preview:-1\" \/>\n<link rel=\"canonical\" href=\"https:\/\/sandzakpress.net\/arhiva\/ciplic-muftija-ce-izgubiti\/\" \/>\n<meta property=\"og:locale\" content=\"bs_BA\" \/>\n<meta property=\"og:type\" content=\"article\" \/>\n<meta property=\"og:title\" content=\"\u010cipli\u0107: Muftija \u0107e izgubiti!\" \/>\n<meta property=\"og:description\" content=\"Za Svetozara \u010cipli\u0107a stvari su potpuno jasne &#8211; rok za konstituisanje nacionalnog savjeta bo\u0161nja\u010dke nacionalne manjine je istekao, tri liste nisu uspele da se dogovore, pa sledi formiranje privremenog organa od njihovih predstavnika, a uskoro i novi izbori. Bez obzira na najave Bo\u0161nja\u010dke kulturne zajednice muftije Muamera ef. Zukorli\u0107a da \u0107e bojkotovati glasanje, drugog re\u0161enja [&hellip;]\" \/>\n<meta property=\"og:url\" content=\"https:\/\/sandzakpress.net\/arhiva\/ciplic-muftija-ce-izgubiti\/\" \/>\n<meta property=\"og:site_name\" content=\"Sand\u017eak PRESS\" \/>\n<meta property=\"article:published_time\" content=\"2010-12-16T01:16:26+00:00\" \/>\n<meta property=\"og:image\" content=\"https:\/\/sandzakpress.net\/arhiva\/wp-content\/uploads\/2010\/12\/dru-ciplic.jpg\" \/>\n\t<meta property=\"og:image:width\" content=\"616\" \/>\n\t<meta property=\"og:image:height\" content=\"439\" \/>\n\t<meta property=\"og:image:type\" content=\"image\/jpeg\" \/>\n<meta name=\"author\" content=\"bosniak\" \/>\n<meta name=\"twitter:card\" content=\"summary_large_image\" \/>\n<meta name=\"twitter:label1\" content=\"Written by\" \/>\n\t<meta name=\"twitter:data1\" content=\"bosniak\" \/>\n\t<meta name=\"twitter:label2\" content=\"Est. reading time\" \/>\n\t<meta name=\"twitter:data2\" content=\"5 minuta\" \/>\n<script type=\"application\/ld+json\" class=\"yoast-schema-graph\">{\"@context\":\"https:\/\/schema.org\",\"@graph\":[{\"@type\":\"Article\",\"@id\":\"https:\/\/sandzakpress.net\/arhiva\/ciplic-muftija-ce-izgubiti\/#article\",\"isPartOf\":{\"@id\":\"https:\/\/sandzakpress.net\/arhiva\/ciplic-muftija-ce-izgubiti\/\"},\"author\":{\"name\":\"bosniak\",\"@id\":\"https:\/\/sandzakpress.net\/arhiva\/#\/schema\/person\/c8baee722073534b583ea7bdb2e36c02\"},\"headline\":\"\u010cipli\u0107: Muftija \u0107e izgubiti!\",\"datePublished\":\"2010-12-16T01:16:26+00:00\",\"mainEntityOfPage\":{\"@id\":\"https:\/\/sandzakpress.net\/arhiva\/ciplic-muftija-ce-izgubiti\/\"},\"wordCount\":905,\"commentCount\":5,\"publisher\":{\"@id\":\"https:\/\/sandzakpress.net\/arhiva\/#\/schema\/person\/6e72b67d6e51910a1117b3b483ba20bd\"},\"image\":{\"@id\":\"https:\/\/sandzakpress.net\/arhiva\/ciplic-muftija-ce-izgubiti\/#primaryimage\"},\"thumbnailUrl\":\"https:\/\/sandzakpress.net\/arhiva\/wp-content\/uploads\/2010\/12\/dru-ciplic.jpg\",\"articleSection\":[\"Novi Pazar\",\"Sjenica\",\"Tutin\",\"Prijepolje\",\"Priboj\",\"Nova Varo\u0161\"],\"inLanguage\":\"bs-BA\",\"potentialAction\":[{\"@type\":\"CommentAction\",\"name\":\"Comment\",\"target\":[\"https:\/\/sandzakpress.net\/arhiva\/ciplic-muftija-ce-izgubiti\/#respond\"]}]},{\"@type\":\"WebPage\",\"@id\":\"https:\/\/sandzakpress.net\/arhiva\/ciplic-muftija-ce-izgubiti\/\",\"url\":\"https:\/\/sandzakpress.net\/arhiva\/ciplic-muftija-ce-izgubiti\/\",\"name\":\"\u010cipli\u0107: Muftija \u0107e izgubiti!\",\"isPartOf\":{\"@id\":\"https:\/\/sandzakpress.net\/arhiva\/#website\"},\"primaryImageOfPage\":{\"@id\":\"https:\/\/sandzakpress.net\/arhiva\/ciplic-muftija-ce-izgubiti\/#primaryimage\"},\"image\":{\"@id\":\"https:\/\/sandzakpress.net\/arhiva\/ciplic-muftija-ce-izgubiti\/#primaryimage\"},\"thumbnailUrl\":\"https:\/\/sandzakpress.net\/arhiva\/wp-content\/uploads\/2010\/12\/dru-ciplic.jpg\",\"datePublished\":\"2010-12-16T01:16:26+00:00\",\"breadcrumb\":{\"@id\":\"https:\/\/sandzakpress.net\/arhiva\/ciplic-muftija-ce-izgubiti\/#breadcrumb\"},\"inLanguage\":\"bs-BA\",\"potentialAction\":[{\"@type\":\"ReadAction\",\"target\":[\"https:\/\/sandzakpress.net\/arhiva\/ciplic-muftija-ce-izgubiti\/\"]}]},{\"@type\":\"ImageObject\",\"inLanguage\":\"bs-BA\",\"@id\":\"https:\/\/sandzakpress.net\/arhiva\/ciplic-muftija-ce-izgubiti\/#primaryimage\",\"url\":\"https:\/\/sandzakpress.net\/arhiva\/wp-content\/uploads\/2010\/12\/dru-ciplic.jpg\",\"contentUrl\":\"https:\/\/sandzakpress.net\/arhiva\/wp-content\/uploads\/2010\/12\/dru-ciplic.jpg\",\"width\":616,\"height\":439},{\"@type\":\"BreadcrumbList\",\"@id\":\"https:\/\/sandzakpress.net\/arhiva\/ciplic-muftija-ce-izgubiti\/#breadcrumb\",\"itemListElement\":[{\"@type\":\"ListItem\",\"position\":1,\"name\":\"Home\",\"item\":\"https:\/\/sandzakpress.net\/arhiva\/\"},{\"@type\":\"ListItem\",\"position\":2,\"name\":\"\u010cipli\u0107: Muftija \u0107e izgubiti!\"}]},{\"@type\":\"WebSite\",\"@id\":\"https:\/\/sandzakpress.net\/arhiva\/#website\",\"url\":\"https:\/\/sandzakpress.net\/arhiva\/\",\"name\":\"Sand\u017eak PRESS\",\"description\":\"Prve elektronske novine u Sand\u017eaku\",\"publisher\":{\"@id\":\"https:\/\/sandzakpress.net\/arhiva\/#\/schema\/person\/6e72b67d6e51910a1117b3b483ba20bd\"},\"potentialAction\":[{\"@type\":\"SearchAction\",\"target\":{\"@type\":\"EntryPoint\",\"urlTemplate\":\"https:\/\/sandzakpress.net\/arhiva\/?s={search_term_string}\"},\"query-input\":{\"@type\":\"PropertyValueSpecification\",\"valueRequired\":true,\"valueName\":\"search_term_string\"}}],\"inLanguage\":\"bs-BA\"},{\"@type\":[\"Person\",\"Organization\"],\"@id\":\"https:\/\/sandzakpress.net\/arhiva\/#\/schema\/person\/6e72b67d6e51910a1117b3b483ba20bd\",\"name\":\"Kul\",\"image\":{\"@type\":\"ImageObject\",\"inLanguage\":\"bs-BA\",\"@id\":\"https:\/\/sandzakpress.net\/arhiva\/#\/schema\/person\/image\/\",\"url\":\"https:\/\/secure.gravatar.com\/avatar\/42263f39aa27ac04c43cab85c280eb2e?s=96&d=mm&r=pg\",\"contentUrl\":\"https:\/\/secure.gravatar.com\/avatar\/42263f39aa27ac04c43cab85c280eb2e?s=96&d=mm&r=pg\",\"caption\":\"Kul\"},\"logo\":{\"@id\":\"https:\/\/sandzakpress.net\/arhiva\/#\/schema\/person\/image\/\"}},{\"@type\":\"Person\",\"@id\":\"https:\/\/sandzakpress.net\/arhiva\/#\/schema\/person\/c8baee722073534b583ea7bdb2e36c02\",\"name\":\"bosniak\",\"image\":{\"@type\":\"ImageObject\",\"inLanguage\":\"bs-BA\",\"@id\":\"https:\/\/sandzakpress.net\/arhiva\/#\/schema\/person\/image\/\",\"url\":\"https:\/\/secure.gravatar.com\/avatar\/a04fd330bfe3a36a72a0ad4a6d89fca7?s=96&d=mm&r=pg\",\"contentUrl\":\"https:\/\/secure.gravatar.com\/avatar\/a04fd330bfe3a36a72a0ad4a6d89fca7?s=96&d=mm&r=pg\",\"caption\":\"bosniak\"},\"url\":\"https:\/\/sandzakpress.net\/arhiva\/author\/bosniak\/\"}]}<\/script>\n<!-- \/ Yoast SEO Premium plugin. -->","yoast_head_json":{"title":"\u010cipli\u0107: Muftija \u0107e izgubiti!","robots":{"index":"index","follow":"follow","max-snippet":"max-snippet:-1","max-image-preview":"max-image-preview:large","max-video-preview":"max-video-preview:-1"},"canonical":"https:\/\/sandzakpress.net\/arhiva\/ciplic-muftija-ce-izgubiti\/","og_locale":"bs_BA","og_type":"article","og_title":"\u010cipli\u0107: Muftija \u0107e izgubiti!","og_description":"Za Svetozara \u010cipli\u0107a stvari su potpuno jasne &#8211; rok za konstituisanje nacionalnog savjeta bo\u0161nja\u010dke nacionalne manjine je istekao, tri liste nisu uspele da se dogovore, pa sledi formiranje privremenog organa od njihovih predstavnika, a uskoro i novi izbori. Bez obzira na najave Bo\u0161nja\u010dke kulturne zajednice muftije Muamera ef. Zukorli\u0107a da \u0107e bojkotovati glasanje, drugog re\u0161enja [&hellip;]","og_url":"https:\/\/sandzakpress.net\/arhiva\/ciplic-muftija-ce-izgubiti\/","og_site_name":"Sand\u017eak PRESS","article_published_time":"2010-12-16T01:16:26+00:00","og_image":[{"width":616,"height":439,"url":"https:\/\/sandzakpress.net\/arhiva\/wp-content\/uploads\/2010\/12\/dru-ciplic.jpg","type":"image\/jpeg"}],"author":"bosniak","twitter_card":"summary_large_image","twitter_misc":{"Written by":"bosniak","Est. reading time":"5 minuta"},"schema":{"@context":"https:\/\/schema.org","@graph":[{"@type":"Article","@id":"https:\/\/sandzakpress.net\/arhiva\/ciplic-muftija-ce-izgubiti\/#article","isPartOf":{"@id":"https:\/\/sandzakpress.net\/arhiva\/ciplic-muftija-ce-izgubiti\/"},"author":{"name":"bosniak","@id":"https:\/\/sandzakpress.net\/arhiva\/#\/schema\/person\/c8baee722073534b583ea7bdb2e36c02"},"headline":"\u010cipli\u0107: Muftija \u0107e izgubiti!","datePublished":"2010-12-16T01:16:26+00:00","mainEntityOfPage":{"@id":"https:\/\/sandzakpress.net\/arhiva\/ciplic-muftija-ce-izgubiti\/"},"wordCount":905,"commentCount":5,"publisher":{"@id":"https:\/\/sandzakpress.net\/arhiva\/#\/schema\/person\/6e72b67d6e51910a1117b3b483ba20bd"},"image":{"@id":"https:\/\/sandzakpress.net\/arhiva\/ciplic-muftija-ce-izgubiti\/#primaryimage"},"thumbnailUrl":"https:\/\/sandzakpress.net\/arhiva\/wp-content\/uploads\/2010\/12\/dru-ciplic.jpg","articleSection":["Novi Pazar","Sjenica","Tutin","Prijepolje","Priboj","Nova Varo\u0161"],"inLanguage":"bs-BA","potentialAction":[{"@type":"CommentAction","name":"Comment","target":["https:\/\/sandzakpress.net\/arhiva\/ciplic-muftija-ce-izgubiti\/#respond"]}]},{"@type":"WebPage","@id":"https:\/\/sandzakpress.net\/arhiva\/ciplic-muftija-ce-izgubiti\/","url":"https:\/\/sandzakpress.net\/arhiva\/ciplic-muftija-ce-izgubiti\/","name":"\u010cipli\u0107: Muftija \u0107e izgubiti!","isPartOf":{"@id":"https:\/\/sandzakpress.net\/arhiva\/#website"},"primaryImageOfPage":{"@id":"https:\/\/sandzakpress.net\/arhiva\/ciplic-muftija-ce-izgubiti\/#primaryimage"},"image":{"@id":"https:\/\/sandzakpress.net\/arhiva\/ciplic-muftija-ce-izgubiti\/#primaryimage"},"thumbnailUrl":"https:\/\/sandzakpress.net\/arhiva\/wp-content\/uploads\/2010\/12\/dru-ciplic.jpg","datePublished":"2010-12-16T01:16:26+00:00","breadcrumb":{"@id":"https:\/\/sandzakpress.net\/arhiva\/ciplic-muftija-ce-izgubiti\/#breadcrumb"},"inLanguage":"bs-BA","potentialAction":[{"@type":"ReadAction","target":["https:\/\/sandzakpress.net\/arhiva\/ciplic-muftija-ce-izgubiti\/"]}]},{"@type":"ImageObject","inLanguage":"bs-BA","@id":"https:\/\/sandzakpress.net\/arhiva\/ciplic-muftija-ce-izgubiti\/#primaryimage","url":"https:\/\/sandzakpress.net\/arhiva\/wp-content\/uploads\/2010\/12\/dru-ciplic.jpg","contentUrl":"https:\/\/sandzakpress.net\/arhiva\/wp-content\/uploads\/2010\/12\/dru-ciplic.jpg","width":616,"height":439},{"@type":"BreadcrumbList","@id":"https:\/\/sandzakpress.net\/arhiva\/ciplic-muftija-ce-izgubiti\/#breadcrumb","itemListElement":[{"@type":"ListItem","position":1,"name":"Home","item":"https:\/\/sandzakpress.net\/arhiva\/"},{"@type":"ListItem","position":2,"name":"\u010cipli\u0107: Muftija \u0107e izgubiti!"}]},{"@type":"WebSite","@id":"https:\/\/sandzakpress.net\/arhiva\/#website","url":"https:\/\/sandzakpress.net\/arhiva\/","name":"Sand\u017eak PRESS","description":"Prve elektronske novine u Sand\u017eaku","publisher":{"@id":"https:\/\/sandzakpress.net\/arhiva\/#\/schema\/person\/6e72b67d6e51910a1117b3b483ba20bd"},"potentialAction":[{"@type":"SearchAction","target":{"@type":"EntryPoint","urlTemplate":"https:\/\/sandzakpress.net\/arhiva\/?s={search_term_string}"},"query-input":{"@type":"PropertyValueSpecification","valueRequired":true,"valueName":"search_term_string"}}],"inLanguage":"bs-BA"},{"@type":["Person","Organization"],"@id":"https:\/\/sandzakpress.net\/arhiva\/#\/schema\/person\/6e72b67d6e51910a1117b3b483ba20bd","name":"Kul","image":{"@type":"ImageObject","inLanguage":"bs-BA","@id":"https:\/\/sandzakpress.net\/arhiva\/#\/schema\/person\/image\/","url":"https:\/\/secure.gravatar.com\/avatar\/42263f39aa27ac04c43cab85c280eb2e?s=96&d=mm&r=pg","contentUrl":"https:\/\/secure.gravatar.com\/avatar\/42263f39aa27ac04c43cab85c280eb2e?s=96&d=mm&r=pg","caption":"Kul"},"logo":{"@id":"https:\/\/sandzakpress.net\/arhiva\/#\/schema\/person\/image\/"}},{"@type":"Person","@id":"https:\/\/sandzakpress.net\/arhiva\/#\/schema\/person\/c8baee722073534b583ea7bdb2e36c02","name":"bosniak","image":{"@type":"ImageObject","inLanguage":"bs-BA","@id":"https:\/\/sandzakpress.net\/arhiva\/#\/schema\/person\/image\/","url":"https:\/\/secure.gravatar.com\/avatar\/a04fd330bfe3a36a72a0ad4a6d89fca7?s=96&d=mm&r=pg","contentUrl":"https:\/\/secure.gravatar.com\/avatar\/a04fd330bfe3a36a72a0ad4a6d89fca7?s=96&d=mm&r=pg","caption":"bosniak"},"url":"https:\/\/sandzakpress.net\/arhiva\/author\/bosniak\/"}]}},"_links":{"self":[{"href":"https:\/\/sandzakpress.net\/arhiva\/wp-json\/wp\/v2\/posts\/10608"}],"collection":[{"href":"https:\/\/sandzakpress.net\/arhiva\/wp-json\/wp\/v2\/posts"}],"about":[{"href":"https:\/\/sandzakpress.net\/arhiva\/wp-json\/wp\/v2\/types\/post"}],"author":[{"embeddable":true,"href":"https:\/\/sandzakpress.net\/arhiva\/wp-json\/wp\/v2\/users\/83"}],"replies":[{"embeddable":true,"href":"https:\/\/sandzakpress.net\/arhiva\/wp-json\/wp\/v2\/comments?post=10608"}],"version-history":[{"count":0,"href":"https:\/\/sandzakpress.net\/arhiva\/wp-json\/wp\/v2\/posts\/10608\/revisions"}],"wp:featuredmedia":[{"embeddable":true,"href":"https:\/\/sandzakpress.net\/arhiva\/wp-json\/wp\/v2\/media\/10609"}],"wp:attachment":[{"href":"https:\/\/sandzakpress.net\/arhiva\/wp-json\/wp\/v2\/media?parent=10608"}],"wp:term":[{"taxonomy":"category","embeddable":true,"href":"https:\/\/sandzakpress.net\/arhiva\/wp-json\/wp\/v2\/categories?post=10608"},{"taxonomy":"post_tag","embeddable":true,"href":"https:\/\/sandzakpress.net\/arhiva\/wp-json\/wp\/v2\/tags?post=10608"}],"curies":[{"name":"wp","href":"https:\/\/api.w.org\/{rel}","templated":true}]}}