{"id":10594,"date":"2010-12-16T02:03:00","date_gmt":"2010-12-16T01:03:00","guid":{"rendered":"https:\/\/sandzakpress.net\/arhiva\/?p=10594"},"modified":"2010-12-16T02:03:00","modified_gmt":"2010-12-16T01:03:00","slug":"opasna-zarada-u-kamionima","status":"publish","type":"post","link":"https:\/\/sandzakpress.net\/arhiva\/opasna-zarada-u-kamionima\/","title":{"rendered":"Opasna zarada u kamionima"},"content":{"rendered":"<p><strong><a href=\"https:\/\/sandzakpress.net\/arhiva\/wp-content\/uploads\/2010\/12\/cg-kamioni.jpg\"><img loading=\"lazy\" decoding=\"async\" class=\"alignleft size-medium wp-image-10595\" title=\"cg-kamioni\" src=\"https:\/\/sandzakpress.net\/arhiva\/wp-content\/uploads\/2010\/12\/cg-kamioni-300x208.jpg\" alt=\"\" width=\"300\" height=\"208\" \/><\/a>Ro\u017eaje &#8211; Po svemu sude\u0107i, vlasti u Crnoj Gori u aran\u017emanu sa vlastima Kosova realizuju unosan posao ali samo za Kosovare, dok \u0107e crnogorskoj strani, osim direktnim u\u010desnicima u poslu, ostati samo mrvice.<\/strong><\/p>\n<p>Crnoj Gori ostat \u0107e i o\u0161te\u0107ena magistrala, \u010dija je desna traka od Kule pa gotovo do Bara obojena u crveno, na\u010deti most na Ribarevinama i potonula magistrala u Skakavcu kod Berana.<\/p>\n<p>Magistralom od Kule, preko Berana i dalje do Bara, nekoliko mjeseci, svakodnevno tutnji po stotinak te\u0161kih kamiona natovarenih crvenom zemljom, koja curi iz kamiona i donosi nespokoj, posebno ljudima \u010dija su imanja u blizini saobra\u0107ajnice.<\/p>\n<p>Kako \u201cNovosti\u201d saznaju, prilikom prevratanja dva kamiona sa ovim teretom, jednog u Dapsi\u0107ima kod Berana, drugog u Stjepenici kod Bijelog Polja, intervenisale su i specijalne ekipe koje su na brzu ruku pokupile prosutu zemlju i netragom nestale&#8230;<\/p>\n<p>\u0160ta se zaista krije u te\u0161kim kamionima, \u010diji su vlasnici firme sa Kosmeta, ali i dvije iz Crne Gore, za koje se zna da su u dobrim odnosima sa vrhom crnogorske vlasti?<\/p>\n<p>&#8211; U njima je ruda olova i cinka, koja se sa Kosova prevozi do Bara, a potom prema Kini &#8211; saop\u0161tio nam je izvor iz Uprave carina Crne Gore, koji nije \u017eeleo da mu se otkriva identitet.<\/p>\n<p>&#8211; Ti kamioni su odnedavno po\u010deli da zemlju iz Bara vra\u0107aju na Kosovo. Odakle kre\u0107e i gdje se vra\u0107a, nije mi poznato, ali, znam da Crna Gora nema nikakve koristi od cijelog posla. Naplati samo ekolo\u0161ku taksu, koja se pla\u0107a jednom godi\u0161nje, i to je to. Naravno, prevoznici dobro prolaze, jer posao ne stoji &#8211; ka\u017ee ovaj \u010dovjek, izbjegavaju\u0107i da ka\u017ee da li se prilikom ulaska na teritoriju Crne Gore makar jedan kamion podvrgava kontroli, na primjer, na radioaktivnost tereta koji nosi&#8230;<\/p>\n<p>Ruda se tovari sa jalovi\u0161ta u Kosovskoj Mitrovici. Vozi se za Kinu, gdje se obavlja jo\u0161 jedna flotacija. U njoj, bez obzira na to \u0161to je prera\u0111ena, ima zlata, cinka i olova. Potom se vra\u0107a na deponiju u Mitrovici, ka\u017ee jedan od policajaca sa grani\u010dnog prijelaza Kula.<\/p>\n<p>&#8211; Kamioni, najverovatnije, kre\u0107u sa deponije rudnika Trep\u010da. Ranije je taj otpad vo\u017een za Bugarsku, ali sada se ide preko Crne Gore i dalje brodovima, ko zna gdje &#8211; izjavio je ovim povodom jedan od lidera Srba sa Kosmeta, Milan Ivanovi\u0107.<\/p>\n<p>Izvor \u201cNovosti\u201d tvrdi da je ovo posao kojim se dodatno pelje\u0161i dr\u017eava Srbija, jer se kamionima odvla\u010di i ruda feronikla iz tri rudnika na Kosmetu, koja je ranije prera\u0111ivana u kombinatu u Glogovcu.<\/p>\n<p>&#8211; Srbija i dalje vra\u0107a kredite za kombinat koji je po\u010deo da radi 1984. godine. Zbog o\u0161te\u0107enja u NATO bombardovanju i lo\u0161e tehnologije, kombinat i njegovi novi vlasnici, za koje niko ne zna ko su, rudu izvozi u SAD. Tona feronikla ko\u0161ta od 25.000 do 30.000 dolara &#8211; ka\u017ee na\u0161 sagovornik, koji poja\u0161njava da se mjese\u010dno preko Crne Gore izveze oko 50.000 tona.<\/p>\n<p>&#8211; To je ta\u010dno 1,25 milijardi dolara. Ako se posao radio od kraja jula to je iznos od oko 7,5 milijardi dolara! Cifra da se zavrti u glavi. Osim toga, posao \u0107e trajati najmanje 18 mjeseci. Ne mogu da vjerujem da niko u Crnoj Gori nije \u201comastio brke\u201d &#8211; ka\u017ee izvor \u201cNovosti\u201d, posle \u010dijeg iskaza se vlastima u Crnoj Gori mo\u017ee postaviti nekoliko logi\u010dnih pitanja.<\/p>\n<p>Izvor: <strong>Novosti.rs<\/strong><\/p>\n","protected":false},"excerpt":{"rendered":"<p>Ro\u017eaje &#8211; Po svemu sude\u0107i, vlasti u Crnoj Gori u aran\u017emanu sa vlastima Kosova realizuju unosan posao ali samo za Kosovare, dok \u0107e crnogorskoj strani, osim direktnim u\u010desnicima u poslu, ostati samo mrvice. Crnoj Gori ostat \u0107e i o\u0161te\u0107ena magistrala, \u010dija je desna traka od Kule pa gotovo do Bara obojena u crveno, na\u010deti most [&hellip;]<\/p>\n","protected":false},"author":83,"featured_media":10595,"comment_status":"open","ping_status":"open","sticky":false,"template":"","format":"standard","meta":{"footnotes":""},"categories":[398,801],"tags":[],"class_list":{"0":"post-10594","1":"post","2":"type-post","3":"status-publish","4":"format-standard","5":"has-post-thumbnail","7":"category-rozaje","8":"category-crna_hronika"},"yoast_head":"<!-- This site is optimized with the Yoast SEO Premium plugin v23.1 (Yoast SEO v24.9) - https:\/\/yoast.com\/wordpress\/plugins\/seo\/ -->\n<title>Opasna zarada u kamionima<\/title>\n<meta name=\"robots\" content=\"index, follow, max-snippet:-1, max-image-preview:large, max-video-preview:-1\" \/>\n<link rel=\"canonical\" href=\"https:\/\/sandzakpress.net\/arhiva\/opasna-zarada-u-kamionima\/\" \/>\n<meta property=\"og:locale\" content=\"bs_BA\" \/>\n<meta property=\"og:type\" content=\"article\" \/>\n<meta property=\"og:title\" content=\"Opasna zarada u kamionima\" \/>\n<meta property=\"og:description\" content=\"Ro\u017eaje &#8211; Po svemu sude\u0107i, vlasti u Crnoj Gori u aran\u017emanu sa vlastima Kosova realizuju unosan posao ali samo za Kosovare, dok \u0107e crnogorskoj strani, osim direktnim u\u010desnicima u poslu, ostati samo mrvice. Crnoj Gori ostat \u0107e i o\u0161te\u0107ena magistrala, \u010dija je desna traka od Kule pa gotovo do Bara obojena u crveno, na\u010deti most [&hellip;]\" \/>\n<meta property=\"og:url\" content=\"https:\/\/sandzakpress.net\/arhiva\/opasna-zarada-u-kamionima\/\" \/>\n<meta property=\"og:site_name\" content=\"Sand\u017eak PRESS\" \/>\n<meta property=\"article:published_time\" content=\"2010-12-16T01:03:00+00:00\" \/>\n<meta property=\"og:image\" content=\"https:\/\/sandzakpress.net\/arhiva\/wp-content\/uploads\/2010\/12\/cg-kamioni.jpg\" \/>\n\t<meta property=\"og:image:width\" content=\"594\" \/>\n\t<meta property=\"og:image:height\" content=\"412\" \/>\n\t<meta property=\"og:image:type\" content=\"image\/jpeg\" \/>\n<meta name=\"author\" content=\"bosniak\" \/>\n<meta name=\"twitter:card\" content=\"summary_large_image\" \/>\n<meta name=\"twitter:label1\" content=\"Written by\" \/>\n\t<meta name=\"twitter:data1\" content=\"bosniak\" \/>\n\t<meta name=\"twitter:label2\" content=\"Est. reading time\" \/>\n\t<meta name=\"twitter:data2\" content=\"3 minute\" \/>\n<script type=\"application\/ld+json\" class=\"yoast-schema-graph\">{\"@context\":\"https:\/\/schema.org\",\"@graph\":[{\"@type\":\"Article\",\"@id\":\"https:\/\/sandzakpress.net\/arhiva\/opasna-zarada-u-kamionima\/#article\",\"isPartOf\":{\"@id\":\"https:\/\/sandzakpress.net\/arhiva\/opasna-zarada-u-kamionima\/\"},\"author\":{\"name\":\"bosniak\",\"@id\":\"https:\/\/sandzakpress.net\/arhiva\/#\/schema\/person\/c8baee722073534b583ea7bdb2e36c02\"},\"headline\":\"Opasna zarada u kamionima\",\"datePublished\":\"2010-12-16T01:03:00+00:00\",\"mainEntityOfPage\":{\"@id\":\"https:\/\/sandzakpress.net\/arhiva\/opasna-zarada-u-kamionima\/\"},\"wordCount\":583,\"commentCount\":0,\"publisher\":{\"@id\":\"https:\/\/sandzakpress.net\/arhiva\/#\/schema\/person\/6e72b67d6e51910a1117b3b483ba20bd\"},\"image\":{\"@id\":\"https:\/\/sandzakpress.net\/arhiva\/opasna-zarada-u-kamionima\/#primaryimage\"},\"thumbnailUrl\":\"https:\/\/sandzakpress.net\/arhiva\/wp-content\/uploads\/2010\/12\/cg-kamioni.jpg\",\"articleSection\":[\"Ro\u017eaje\",\"Hronika\"],\"inLanguage\":\"bs-BA\",\"potentialAction\":[{\"@type\":\"CommentAction\",\"name\":\"Comment\",\"target\":[\"https:\/\/sandzakpress.net\/arhiva\/opasna-zarada-u-kamionima\/#respond\"]}]},{\"@type\":\"WebPage\",\"@id\":\"https:\/\/sandzakpress.net\/arhiva\/opasna-zarada-u-kamionima\/\",\"url\":\"https:\/\/sandzakpress.net\/arhiva\/opasna-zarada-u-kamionima\/\",\"name\":\"Opasna zarada u kamionima\",\"isPartOf\":{\"@id\":\"https:\/\/sandzakpress.net\/arhiva\/#website\"},\"primaryImageOfPage\":{\"@id\":\"https:\/\/sandzakpress.net\/arhiva\/opasna-zarada-u-kamionima\/#primaryimage\"},\"image\":{\"@id\":\"https:\/\/sandzakpress.net\/arhiva\/opasna-zarada-u-kamionima\/#primaryimage\"},\"thumbnailUrl\":\"https:\/\/sandzakpress.net\/arhiva\/wp-content\/uploads\/2010\/12\/cg-kamioni.jpg\",\"datePublished\":\"2010-12-16T01:03:00+00:00\",\"breadcrumb\":{\"@id\":\"https:\/\/sandzakpress.net\/arhiva\/opasna-zarada-u-kamionima\/#breadcrumb\"},\"inLanguage\":\"bs-BA\",\"potentialAction\":[{\"@type\":\"ReadAction\",\"target\":[\"https:\/\/sandzakpress.net\/arhiva\/opasna-zarada-u-kamionima\/\"]}]},{\"@type\":\"ImageObject\",\"inLanguage\":\"bs-BA\",\"@id\":\"https:\/\/sandzakpress.net\/arhiva\/opasna-zarada-u-kamionima\/#primaryimage\",\"url\":\"https:\/\/sandzakpress.net\/arhiva\/wp-content\/uploads\/2010\/12\/cg-kamioni.jpg\",\"contentUrl\":\"https:\/\/sandzakpress.net\/arhiva\/wp-content\/uploads\/2010\/12\/cg-kamioni.jpg\",\"width\":594,\"height\":412},{\"@type\":\"BreadcrumbList\",\"@id\":\"https:\/\/sandzakpress.net\/arhiva\/opasna-zarada-u-kamionima\/#breadcrumb\",\"itemListElement\":[{\"@type\":\"ListItem\",\"position\":1,\"name\":\"Home\",\"item\":\"https:\/\/sandzakpress.net\/arhiva\/\"},{\"@type\":\"ListItem\",\"position\":2,\"name\":\"Opasna zarada u kamionima\"}]},{\"@type\":\"WebSite\",\"@id\":\"https:\/\/sandzakpress.net\/arhiva\/#website\",\"url\":\"https:\/\/sandzakpress.net\/arhiva\/\",\"name\":\"Sand\u017eak PRESS\",\"description\":\"Prve elektronske novine u Sand\u017eaku\",\"publisher\":{\"@id\":\"https:\/\/sandzakpress.net\/arhiva\/#\/schema\/person\/6e72b67d6e51910a1117b3b483ba20bd\"},\"potentialAction\":[{\"@type\":\"SearchAction\",\"target\":{\"@type\":\"EntryPoint\",\"urlTemplate\":\"https:\/\/sandzakpress.net\/arhiva\/?s={search_term_string}\"},\"query-input\":{\"@type\":\"PropertyValueSpecification\",\"valueRequired\":true,\"valueName\":\"search_term_string\"}}],\"inLanguage\":\"bs-BA\"},{\"@type\":[\"Person\",\"Organization\"],\"@id\":\"https:\/\/sandzakpress.net\/arhiva\/#\/schema\/person\/6e72b67d6e51910a1117b3b483ba20bd\",\"name\":\"Kul\",\"image\":{\"@type\":\"ImageObject\",\"inLanguage\":\"bs-BA\",\"@id\":\"https:\/\/sandzakpress.net\/arhiva\/#\/schema\/person\/image\/\",\"url\":\"https:\/\/secure.gravatar.com\/avatar\/42263f39aa27ac04c43cab85c280eb2e?s=96&d=mm&r=pg\",\"contentUrl\":\"https:\/\/secure.gravatar.com\/avatar\/42263f39aa27ac04c43cab85c280eb2e?s=96&d=mm&r=pg\",\"caption\":\"Kul\"},\"logo\":{\"@id\":\"https:\/\/sandzakpress.net\/arhiva\/#\/schema\/person\/image\/\"}},{\"@type\":\"Person\",\"@id\":\"https:\/\/sandzakpress.net\/arhiva\/#\/schema\/person\/c8baee722073534b583ea7bdb2e36c02\",\"name\":\"bosniak\",\"image\":{\"@type\":\"ImageObject\",\"inLanguage\":\"bs-BA\",\"@id\":\"https:\/\/sandzakpress.net\/arhiva\/#\/schema\/person\/image\/\",\"url\":\"https:\/\/secure.gravatar.com\/avatar\/a04fd330bfe3a36a72a0ad4a6d89fca7?s=96&d=mm&r=pg\",\"contentUrl\":\"https:\/\/secure.gravatar.com\/avatar\/a04fd330bfe3a36a72a0ad4a6d89fca7?s=96&d=mm&r=pg\",\"caption\":\"bosniak\"},\"url\":\"https:\/\/sandzakpress.net\/arhiva\/author\/bosniak\/\"}]}<\/script>\n<!-- \/ Yoast SEO Premium plugin. -->","yoast_head_json":{"title":"Opasna zarada u kamionima","robots":{"index":"index","follow":"follow","max-snippet":"max-snippet:-1","max-image-preview":"max-image-preview:large","max-video-preview":"max-video-preview:-1"},"canonical":"https:\/\/sandzakpress.net\/arhiva\/opasna-zarada-u-kamionima\/","og_locale":"bs_BA","og_type":"article","og_title":"Opasna zarada u kamionima","og_description":"Ro\u017eaje &#8211; Po svemu sude\u0107i, vlasti u Crnoj Gori u aran\u017emanu sa vlastima Kosova realizuju unosan posao ali samo za Kosovare, dok \u0107e crnogorskoj strani, osim direktnim u\u010desnicima u poslu, ostati samo mrvice. Crnoj Gori ostat \u0107e i o\u0161te\u0107ena magistrala, \u010dija je desna traka od Kule pa gotovo do Bara obojena u crveno, na\u010deti most [&hellip;]","og_url":"https:\/\/sandzakpress.net\/arhiva\/opasna-zarada-u-kamionima\/","og_site_name":"Sand\u017eak PRESS","article_published_time":"2010-12-16T01:03:00+00:00","og_image":[{"width":594,"height":412,"url":"https:\/\/sandzakpress.net\/arhiva\/wp-content\/uploads\/2010\/12\/cg-kamioni.jpg","type":"image\/jpeg"}],"author":"bosniak","twitter_card":"summary_large_image","twitter_misc":{"Written by":"bosniak","Est. reading time":"3 minute"},"schema":{"@context":"https:\/\/schema.org","@graph":[{"@type":"Article","@id":"https:\/\/sandzakpress.net\/arhiva\/opasna-zarada-u-kamionima\/#article","isPartOf":{"@id":"https:\/\/sandzakpress.net\/arhiva\/opasna-zarada-u-kamionima\/"},"author":{"name":"bosniak","@id":"https:\/\/sandzakpress.net\/arhiva\/#\/schema\/person\/c8baee722073534b583ea7bdb2e36c02"},"headline":"Opasna zarada u kamionima","datePublished":"2010-12-16T01:03:00+00:00","mainEntityOfPage":{"@id":"https:\/\/sandzakpress.net\/arhiva\/opasna-zarada-u-kamionima\/"},"wordCount":583,"commentCount":0,"publisher":{"@id":"https:\/\/sandzakpress.net\/arhiva\/#\/schema\/person\/6e72b67d6e51910a1117b3b483ba20bd"},"image":{"@id":"https:\/\/sandzakpress.net\/arhiva\/opasna-zarada-u-kamionima\/#primaryimage"},"thumbnailUrl":"https:\/\/sandzakpress.net\/arhiva\/wp-content\/uploads\/2010\/12\/cg-kamioni.jpg","articleSection":["Ro\u017eaje","Hronika"],"inLanguage":"bs-BA","potentialAction":[{"@type":"CommentAction","name":"Comment","target":["https:\/\/sandzakpress.net\/arhiva\/opasna-zarada-u-kamionima\/#respond"]}]},{"@type":"WebPage","@id":"https:\/\/sandzakpress.net\/arhiva\/opasna-zarada-u-kamionima\/","url":"https:\/\/sandzakpress.net\/arhiva\/opasna-zarada-u-kamionima\/","name":"Opasna zarada u kamionima","isPartOf":{"@id":"https:\/\/sandzakpress.net\/arhiva\/#website"},"primaryImageOfPage":{"@id":"https:\/\/sandzakpress.net\/arhiva\/opasna-zarada-u-kamionima\/#primaryimage"},"image":{"@id":"https:\/\/sandzakpress.net\/arhiva\/opasna-zarada-u-kamionima\/#primaryimage"},"thumbnailUrl":"https:\/\/sandzakpress.net\/arhiva\/wp-content\/uploads\/2010\/12\/cg-kamioni.jpg","datePublished":"2010-12-16T01:03:00+00:00","breadcrumb":{"@id":"https:\/\/sandzakpress.net\/arhiva\/opasna-zarada-u-kamionima\/#breadcrumb"},"inLanguage":"bs-BA","potentialAction":[{"@type":"ReadAction","target":["https:\/\/sandzakpress.net\/arhiva\/opasna-zarada-u-kamionima\/"]}]},{"@type":"ImageObject","inLanguage":"bs-BA","@id":"https:\/\/sandzakpress.net\/arhiva\/opasna-zarada-u-kamionima\/#primaryimage","url":"https:\/\/sandzakpress.net\/arhiva\/wp-content\/uploads\/2010\/12\/cg-kamioni.jpg","contentUrl":"https:\/\/sandzakpress.net\/arhiva\/wp-content\/uploads\/2010\/12\/cg-kamioni.jpg","width":594,"height":412},{"@type":"BreadcrumbList","@id":"https:\/\/sandzakpress.net\/arhiva\/opasna-zarada-u-kamionima\/#breadcrumb","itemListElement":[{"@type":"ListItem","position":1,"name":"Home","item":"https:\/\/sandzakpress.net\/arhiva\/"},{"@type":"ListItem","position":2,"name":"Opasna zarada u kamionima"}]},{"@type":"WebSite","@id":"https:\/\/sandzakpress.net\/arhiva\/#website","url":"https:\/\/sandzakpress.net\/arhiva\/","name":"Sand\u017eak PRESS","description":"Prve elektronske novine u Sand\u017eaku","publisher":{"@id":"https:\/\/sandzakpress.net\/arhiva\/#\/schema\/person\/6e72b67d6e51910a1117b3b483ba20bd"},"potentialAction":[{"@type":"SearchAction","target":{"@type":"EntryPoint","urlTemplate":"https:\/\/sandzakpress.net\/arhiva\/?s={search_term_string}"},"query-input":{"@type":"PropertyValueSpecification","valueRequired":true,"valueName":"search_term_string"}}],"inLanguage":"bs-BA"},{"@type":["Person","Organization"],"@id":"https:\/\/sandzakpress.net\/arhiva\/#\/schema\/person\/6e72b67d6e51910a1117b3b483ba20bd","name":"Kul","image":{"@type":"ImageObject","inLanguage":"bs-BA","@id":"https:\/\/sandzakpress.net\/arhiva\/#\/schema\/person\/image\/","url":"https:\/\/secure.gravatar.com\/avatar\/42263f39aa27ac04c43cab85c280eb2e?s=96&d=mm&r=pg","contentUrl":"https:\/\/secure.gravatar.com\/avatar\/42263f39aa27ac04c43cab85c280eb2e?s=96&d=mm&r=pg","caption":"Kul"},"logo":{"@id":"https:\/\/sandzakpress.net\/arhiva\/#\/schema\/person\/image\/"}},{"@type":"Person","@id":"https:\/\/sandzakpress.net\/arhiva\/#\/schema\/person\/c8baee722073534b583ea7bdb2e36c02","name":"bosniak","image":{"@type":"ImageObject","inLanguage":"bs-BA","@id":"https:\/\/sandzakpress.net\/arhiva\/#\/schema\/person\/image\/","url":"https:\/\/secure.gravatar.com\/avatar\/a04fd330bfe3a36a72a0ad4a6d89fca7?s=96&d=mm&r=pg","contentUrl":"https:\/\/secure.gravatar.com\/avatar\/a04fd330bfe3a36a72a0ad4a6d89fca7?s=96&d=mm&r=pg","caption":"bosniak"},"url":"https:\/\/sandzakpress.net\/arhiva\/author\/bosniak\/"}]}},"_links":{"self":[{"href":"https:\/\/sandzakpress.net\/arhiva\/wp-json\/wp\/v2\/posts\/10594"}],"collection":[{"href":"https:\/\/sandzakpress.net\/arhiva\/wp-json\/wp\/v2\/posts"}],"about":[{"href":"https:\/\/sandzakpress.net\/arhiva\/wp-json\/wp\/v2\/types\/post"}],"author":[{"embeddable":true,"href":"https:\/\/sandzakpress.net\/arhiva\/wp-json\/wp\/v2\/users\/83"}],"replies":[{"embeddable":true,"href":"https:\/\/sandzakpress.net\/arhiva\/wp-json\/wp\/v2\/comments?post=10594"}],"version-history":[{"count":0,"href":"https:\/\/sandzakpress.net\/arhiva\/wp-json\/wp\/v2\/posts\/10594\/revisions"}],"wp:featuredmedia":[{"embeddable":true,"href":"https:\/\/sandzakpress.net\/arhiva\/wp-json\/wp\/v2\/media\/10595"}],"wp:attachment":[{"href":"https:\/\/sandzakpress.net\/arhiva\/wp-json\/wp\/v2\/media?parent=10594"}],"wp:term":[{"taxonomy":"category","embeddable":true,"href":"https:\/\/sandzakpress.net\/arhiva\/wp-json\/wp\/v2\/categories?post=10594"},{"taxonomy":"post_tag","embeddable":true,"href":"https:\/\/sandzakpress.net\/arhiva\/wp-json\/wp\/v2\/tags?post=10594"}],"curies":[{"name":"wp","href":"https:\/\/api.w.org\/{rel}","templated":true}]}}