{"id":105662,"date":"2014-05-13T14:36:39","date_gmt":"2014-05-13T12:36:39","guid":{"rendered":"https:\/\/sandzakpress.net\/arhiva\/?p=105662"},"modified":"2014-05-13T14:38:09","modified_gmt":"2014-05-13T12:38:09","slug":"vucic-u-prvoj-zvanicnoj-posjeti-bih","status":"publish","type":"post","link":"https:\/\/sandzakpress.net\/arhiva\/vucic-u-prvoj-zvanicnoj-posjeti-bih\/","title":{"rendered":"Vu\u010di\u0107 u prvoj zvani\u010dnoj posjeti BiH"},"content":{"rendered":"<p>&nbsp;<\/p>\n<p><span style=\"font-style: inherit; font-weight: inherit;\"><b><strong style=\"font-style: inherit;\"><img loading=\"lazy\" decoding=\"async\" class=\"alignleft\" src=\"http:\/\/bosnapress.co\/wp-content\/uploads\/2014\/05\/news-2014-March-vucic_bevanda_aa3_884577593.jpg\" alt=\"\" width=\"311\" height=\"233\" \/>BiH, Srbija \u2013 Predsjednik Vlade Republike Srbije, Aleksandar Vu\u010di\u0107, doputovao je jutros u zvani\u010dnu jednodnevnu posjetu Bosni i Hercegovini \u0161to je njegova prva posjeta drugoj zemlji otkako je imenovan za predsjednika Vlade nakon vanrednih parlamentarnih izbora u Srbiji.<\/strong><\/b><\/span><\/p>\n<p><span style=\"font-style: inherit; font-weight: inherit;\">Vu\u010di\u0107 je do\u010dekan na platou ispred zgrade Parlamentarne skup\u0161tine BiH (PSBiH) uz najvi\u0161e dr\u017eavne po\u010dasti.<\/span><\/p>\n<p><span style=\"font-style: inherit; font-weight: inherit;\">Vu\u010di\u0107a je do\u010dekao predsjedavaju\u0107i Vije\u0107a ministara BiH, Vjekoslav Bevanda, uz po\u010dasnu jedinicu Oru\u017eanih snaga BiH koja je bila raspore\u0111ena du\u017e crvenog tepiha ispred zgrade PSBiH.<\/span><\/p>\n<p><span style=\"font-style: inherit; font-weight: inherit;\">Susret je po\u010deo rukovanjem dvojice dr\u017eavnika i intoniranjem himni BiH i Srbije, nakon \u010dega su njih dvojica oti\u0161la na zvani\u010dne razgovore.<\/span><\/p>\n<p><span style=\"font-style: inherit; font-weight: inherit;\">\u201cOvdje vam govorim isto kao \u0161to govorim u Beogradu, Washingtonu, Moskvi ili Bruxellesu i to bez licemjernog dodvoravanja. Po\u0161tujem integritet BiH i ponavljam da niko ne mo\u017ee uni\u0161titi BiH ili Republiku Srpsku\u201d, ponovio je Vu\u010di\u0107.<\/span><\/p>\n<p><span style=\"font-style: inherit; font-weight: inherit;\">Bevanda i Vu\u010di\u0107 upoznali su novinare u Sarajevu o temama sastanka, naglasiv\u0161i da je fokus interesovanja dviju zemalja na pobolj\u0161anju ekonomske saradnje, iako je Srbija u BiH uvezla robe u vrijednosti 203 miliona eura, a BiH u Srbiju oko 83 miliona eura.<\/span><\/p>\n<p><span style=\"font-style: inherit; font-weight: inherit;\">Vu\u010di\u0107 je ranije kazao da \u0107e njegova prva zvani\u010dna posjeta inostranstvu biti odlazak u Sarajevo zato \u0161to je Bosna i Hercegovina za Srbiju veliki trgovinski partner, Srbija ima mnogo ve\u0107u trgovinsku razmjenu s BiH nego na primjer s Velikom Britanijom, a tu razmjenu i privrednu saradnju potrebno je unaprijediti, javlja Fena.<\/span><\/p>\n<p><span style=\"font-style: inherit; font-weight: inherit;\">Premijer Srbije ranije je podvukao da s njim ide i ministar finansija Lazar Krsti\u0107 i da \u0107e u Sarajevu predlo\u017eiti konkretne projekte i rje\u0161enja.<\/span><\/p>\n<p><span style=\"font-style: inherit; font-weight: inherit;\">Protokolom posjete predvi\u0111eno je da se Vu\u010di\u0107 susretne s predsjedavaju\u0107im i zamjenicima predsjedavaju\u0107ih oba doma Parlamentarne skup\u0161tine BiH, s predsjedavaju\u0107im i \u010dlanovima Predsjedni\u0161tva BiH, sa Zlatkom Lagumd\u017eijom, ministrom vanjskih poslova BiH te s predstavnicima Vije\u0107a za regionalnu saradnju (RCC).<\/span><\/p>\n<p><span style=\"font-style: inherit; font-weight: inherit;\">Tokom posjete Bosni i Hercegovini, premijer Srbije Aleksandar Vu\u010di\u0107 u utorak \u0107e obi\u0107i i Op\u0107u bolnicu \u201cPrim. dr. Abdulah Naka\u0161\u201d u Sarajevu.<\/span><\/p>\n<p><span style=\"font-style: inherit; font-weight: inherit;\">\u201cOdjeljenju Ginekologije, tom prilikom, premijer Vu\u010di\u0107 \u0107e donirati \u201cbabytherm 8010\u201d, sto za zagrijavanje novoro\u0111en\u010dadi. Taj ure\u0111aj pru\u017ea kvalitetno termalno okru\u017eenje uz pogodnosti lakog pristupa pacijentu\u201d, potvr\u0111eno je Feni iz Op\u0107e bolnice.<\/span><\/p>\n<p>(bosniapress)<\/p>\n","protected":false},"excerpt":{"rendered":"<p>&nbsp; BiH, Srbija \u2013 Predsjednik Vlade Republike Srbije, Aleksandar Vu\u010di\u0107, doputovao je jutros u zvani\u010dnu jednodnevnu posjetu Bosni i Hercegovini \u0161to je njegova prva posjeta drugoj zemlji otkako je imenovan za predsjednika Vlade nakon vanrednih parlamentarnih izbora u Srbiji. Vu\u010di\u0107 je do\u010dekan na platou ispred zgrade Parlamentarne skup\u0161tine BiH (PSBiH) uz najvi\u0161e dr\u017eavne po\u010dasti. Vu\u010di\u0107a [&hellip;]<\/p>\n","protected":false},"author":83,"featured_media":105663,"comment_status":"open","ping_status":"open","sticky":false,"template":"","format":"standard","meta":{"footnotes":""},"categories":[2860,1,10307,8957],"tags":[],"class_list":{"0":"post-105662","1":"post","2":"type-post","3":"status-publish","4":"format-standard","5":"has-post-thumbnail","7":"category-bosna-i-hercegovina-gradovi","8":"category-politika","9":"category-srbija","10":"category-vijesti-dana"},"yoast_head":"<!-- This site is optimized with the Yoast SEO Premium plugin v23.1 (Yoast SEO v24.9) - https:\/\/yoast.com\/wordpress\/plugins\/seo\/ -->\n<title>Vu\u010di\u0107 u prvoj zvani\u010dnoj posjeti BiH<\/title>\n<meta name=\"robots\" content=\"index, follow, max-snippet:-1, max-image-preview:large, max-video-preview:-1\" \/>\n<link rel=\"canonical\" href=\"https:\/\/sandzakpress.net\/arhiva\/vucic-u-prvoj-zvanicnoj-posjeti-bih\/\" \/>\n<meta property=\"og:locale\" content=\"bs_BA\" \/>\n<meta property=\"og:type\" content=\"article\" \/>\n<meta property=\"og:title\" content=\"Vu\u010di\u0107 u prvoj zvani\u010dnoj posjeti BiH\" \/>\n<meta property=\"og:description\" content=\"&nbsp; BiH, Srbija \u2013 Predsjednik Vlade Republike Srbije, Aleksandar Vu\u010di\u0107, doputovao je jutros u zvani\u010dnu jednodnevnu posjetu Bosni i Hercegovini \u0161to je njegova prva posjeta drugoj zemlji otkako je imenovan za predsjednika Vlade nakon vanrednih parlamentarnih izbora u Srbiji. Vu\u010di\u0107 je do\u010dekan na platou ispred zgrade Parlamentarne skup\u0161tine BiH (PSBiH) uz najvi\u0161e dr\u017eavne po\u010dasti. Vu\u010di\u0107a [&hellip;]\" \/>\n<meta property=\"og:url\" content=\"https:\/\/sandzakpress.net\/arhiva\/vucic-u-prvoj-zvanicnoj-posjeti-bih\/\" \/>\n<meta property=\"og:site_name\" content=\"Sand\u017eak PRESS\" \/>\n<meta property=\"article:published_time\" content=\"2014-05-13T12:36:39+00:00\" \/>\n<meta property=\"article:modified_time\" content=\"2014-05-13T12:38:09+00:00\" \/>\n<meta property=\"og:image\" content=\"https:\/\/sandzakpress.net\/arhiva\/wp-content\/uploads\/2014\/05\/news-2014-March-vucic_bevanda_aa3_884577593.jpg\" \/>\n\t<meta property=\"og:image:width\" content=\"600\" \/>\n\t<meta property=\"og:image:height\" content=\"450\" \/>\n\t<meta property=\"og:image:type\" content=\"image\/jpeg\" \/>\n<meta name=\"author\" content=\"bosniak\" \/>\n<meta name=\"twitter:card\" content=\"summary_large_image\" \/>\n<meta name=\"twitter:label1\" content=\"Written by\" \/>\n\t<meta name=\"twitter:data1\" content=\"bosniak\" \/>\n\t<meta name=\"twitter:label2\" content=\"Est. reading time\" \/>\n\t<meta name=\"twitter:data2\" content=\"2 minute\" \/>\n<script type=\"application\/ld+json\" class=\"yoast-schema-graph\">{\"@context\":\"https:\/\/schema.org\",\"@graph\":[{\"@type\":\"Article\",\"@id\":\"https:\/\/sandzakpress.net\/arhiva\/vucic-u-prvoj-zvanicnoj-posjeti-bih\/#article\",\"isPartOf\":{\"@id\":\"https:\/\/sandzakpress.net\/arhiva\/vucic-u-prvoj-zvanicnoj-posjeti-bih\/\"},\"author\":{\"name\":\"bosniak\",\"@id\":\"https:\/\/sandzakpress.net\/arhiva\/#\/schema\/person\/c8baee722073534b583ea7bdb2e36c02\"},\"headline\":\"Vu\u010di\u0107 u prvoj zvani\u010dnoj posjeti BiH\",\"datePublished\":\"2014-05-13T12:36:39+00:00\",\"dateModified\":\"2014-05-13T12:38:09+00:00\",\"mainEntityOfPage\":{\"@id\":\"https:\/\/sandzakpress.net\/arhiva\/vucic-u-prvoj-zvanicnoj-posjeti-bih\/\"},\"wordCount\":401,\"commentCount\":6,\"publisher\":{\"@id\":\"https:\/\/sandzakpress.net\/arhiva\/#\/schema\/person\/6e72b67d6e51910a1117b3b483ba20bd\"},\"image\":{\"@id\":\"https:\/\/sandzakpress.net\/arhiva\/vucic-u-prvoj-zvanicnoj-posjeti-bih\/#primaryimage\"},\"thumbnailUrl\":\"https:\/\/sandzakpress.net\/arhiva\/wp-content\/uploads\/2014\/05\/news-2014-March-vucic_bevanda_aa3_884577593.jpg\",\"articleSection\":[\"Bosna i Hercegovina\",\"Politika\",\"Srbija\",\"VIJESTI DANA\"],\"inLanguage\":\"bs-BA\",\"potentialAction\":[{\"@type\":\"CommentAction\",\"name\":\"Comment\",\"target\":[\"https:\/\/sandzakpress.net\/arhiva\/vucic-u-prvoj-zvanicnoj-posjeti-bih\/#respond\"]}]},{\"@type\":\"WebPage\",\"@id\":\"https:\/\/sandzakpress.net\/arhiva\/vucic-u-prvoj-zvanicnoj-posjeti-bih\/\",\"url\":\"https:\/\/sandzakpress.net\/arhiva\/vucic-u-prvoj-zvanicnoj-posjeti-bih\/\",\"name\":\"Vu\u010di\u0107 u prvoj zvani\u010dnoj posjeti BiH\",\"isPartOf\":{\"@id\":\"https:\/\/sandzakpress.net\/arhiva\/#website\"},\"primaryImageOfPage\":{\"@id\":\"https:\/\/sandzakpress.net\/arhiva\/vucic-u-prvoj-zvanicnoj-posjeti-bih\/#primaryimage\"},\"image\":{\"@id\":\"https:\/\/sandzakpress.net\/arhiva\/vucic-u-prvoj-zvanicnoj-posjeti-bih\/#primaryimage\"},\"thumbnailUrl\":\"https:\/\/sandzakpress.net\/arhiva\/wp-content\/uploads\/2014\/05\/news-2014-March-vucic_bevanda_aa3_884577593.jpg\",\"datePublished\":\"2014-05-13T12:36:39+00:00\",\"dateModified\":\"2014-05-13T12:38:09+00:00\",\"breadcrumb\":{\"@id\":\"https:\/\/sandzakpress.net\/arhiva\/vucic-u-prvoj-zvanicnoj-posjeti-bih\/#breadcrumb\"},\"inLanguage\":\"bs-BA\",\"potentialAction\":[{\"@type\":\"ReadAction\",\"target\":[\"https:\/\/sandzakpress.net\/arhiva\/vucic-u-prvoj-zvanicnoj-posjeti-bih\/\"]}]},{\"@type\":\"ImageObject\",\"inLanguage\":\"bs-BA\",\"@id\":\"https:\/\/sandzakpress.net\/arhiva\/vucic-u-prvoj-zvanicnoj-posjeti-bih\/#primaryimage\",\"url\":\"https:\/\/sandzakpress.net\/arhiva\/wp-content\/uploads\/2014\/05\/news-2014-March-vucic_bevanda_aa3_884577593.jpg\",\"contentUrl\":\"https:\/\/sandzakpress.net\/arhiva\/wp-content\/uploads\/2014\/05\/news-2014-March-vucic_bevanda_aa3_884577593.jpg\",\"width\":600,\"height\":450},{\"@type\":\"BreadcrumbList\",\"@id\":\"https:\/\/sandzakpress.net\/arhiva\/vucic-u-prvoj-zvanicnoj-posjeti-bih\/#breadcrumb\",\"itemListElement\":[{\"@type\":\"ListItem\",\"position\":1,\"name\":\"Home\",\"item\":\"https:\/\/sandzakpress.net\/arhiva\/\"},{\"@type\":\"ListItem\",\"position\":2,\"name\":\"Vu\u010di\u0107 u prvoj zvani\u010dnoj posjeti BiH\"}]},{\"@type\":\"WebSite\",\"@id\":\"https:\/\/sandzakpress.net\/arhiva\/#website\",\"url\":\"https:\/\/sandzakpress.net\/arhiva\/\",\"name\":\"Sand\u017eak PRESS\",\"description\":\"Prve elektronske novine u Sand\u017eaku\",\"publisher\":{\"@id\":\"https:\/\/sandzakpress.net\/arhiva\/#\/schema\/person\/6e72b67d6e51910a1117b3b483ba20bd\"},\"potentialAction\":[{\"@type\":\"SearchAction\",\"target\":{\"@type\":\"EntryPoint\",\"urlTemplate\":\"https:\/\/sandzakpress.net\/arhiva\/?s={search_term_string}\"},\"query-input\":{\"@type\":\"PropertyValueSpecification\",\"valueRequired\":true,\"valueName\":\"search_term_string\"}}],\"inLanguage\":\"bs-BA\"},{\"@type\":[\"Person\",\"Organization\"],\"@id\":\"https:\/\/sandzakpress.net\/arhiva\/#\/schema\/person\/6e72b67d6e51910a1117b3b483ba20bd\",\"name\":\"Kul\",\"image\":{\"@type\":\"ImageObject\",\"inLanguage\":\"bs-BA\",\"@id\":\"https:\/\/sandzakpress.net\/arhiva\/#\/schema\/person\/image\/\",\"url\":\"https:\/\/secure.gravatar.com\/avatar\/42263f39aa27ac04c43cab85c280eb2e?s=96&d=mm&r=pg\",\"contentUrl\":\"https:\/\/secure.gravatar.com\/avatar\/42263f39aa27ac04c43cab85c280eb2e?s=96&d=mm&r=pg\",\"caption\":\"Kul\"},\"logo\":{\"@id\":\"https:\/\/sandzakpress.net\/arhiva\/#\/schema\/person\/image\/\"}},{\"@type\":\"Person\",\"@id\":\"https:\/\/sandzakpress.net\/arhiva\/#\/schema\/person\/c8baee722073534b583ea7bdb2e36c02\",\"name\":\"bosniak\",\"image\":{\"@type\":\"ImageObject\",\"inLanguage\":\"bs-BA\",\"@id\":\"https:\/\/sandzakpress.net\/arhiva\/#\/schema\/person\/image\/\",\"url\":\"https:\/\/secure.gravatar.com\/avatar\/a04fd330bfe3a36a72a0ad4a6d89fca7?s=96&d=mm&r=pg\",\"contentUrl\":\"https:\/\/secure.gravatar.com\/avatar\/a04fd330bfe3a36a72a0ad4a6d89fca7?s=96&d=mm&r=pg\",\"caption\":\"bosniak\"},\"url\":\"https:\/\/sandzakpress.net\/arhiva\/author\/bosniak\/\"}]}<\/script>\n<!-- \/ Yoast SEO Premium plugin. -->","yoast_head_json":{"title":"Vu\u010di\u0107 u prvoj zvani\u010dnoj posjeti BiH","robots":{"index":"index","follow":"follow","max-snippet":"max-snippet:-1","max-image-preview":"max-image-preview:large","max-video-preview":"max-video-preview:-1"},"canonical":"https:\/\/sandzakpress.net\/arhiva\/vucic-u-prvoj-zvanicnoj-posjeti-bih\/","og_locale":"bs_BA","og_type":"article","og_title":"Vu\u010di\u0107 u prvoj zvani\u010dnoj posjeti BiH","og_description":"&nbsp; BiH, Srbija \u2013 Predsjednik Vlade Republike Srbije, Aleksandar Vu\u010di\u0107, doputovao je jutros u zvani\u010dnu jednodnevnu posjetu Bosni i Hercegovini \u0161to je njegova prva posjeta drugoj zemlji otkako je imenovan za predsjednika Vlade nakon vanrednih parlamentarnih izbora u Srbiji. Vu\u010di\u0107 je do\u010dekan na platou ispred zgrade Parlamentarne skup\u0161tine BiH (PSBiH) uz najvi\u0161e dr\u017eavne po\u010dasti. Vu\u010di\u0107a [&hellip;]","og_url":"https:\/\/sandzakpress.net\/arhiva\/vucic-u-prvoj-zvanicnoj-posjeti-bih\/","og_site_name":"Sand\u017eak PRESS","article_published_time":"2014-05-13T12:36:39+00:00","article_modified_time":"2014-05-13T12:38:09+00:00","og_image":[{"width":600,"height":450,"url":"https:\/\/sandzakpress.net\/arhiva\/wp-content\/uploads\/2014\/05\/news-2014-March-vucic_bevanda_aa3_884577593.jpg","type":"image\/jpeg"}],"author":"bosniak","twitter_card":"summary_large_image","twitter_misc":{"Written by":"bosniak","Est. reading time":"2 minute"},"schema":{"@context":"https:\/\/schema.org","@graph":[{"@type":"Article","@id":"https:\/\/sandzakpress.net\/arhiva\/vucic-u-prvoj-zvanicnoj-posjeti-bih\/#article","isPartOf":{"@id":"https:\/\/sandzakpress.net\/arhiva\/vucic-u-prvoj-zvanicnoj-posjeti-bih\/"},"author":{"name":"bosniak","@id":"https:\/\/sandzakpress.net\/arhiva\/#\/schema\/person\/c8baee722073534b583ea7bdb2e36c02"},"headline":"Vu\u010di\u0107 u prvoj zvani\u010dnoj posjeti BiH","datePublished":"2014-05-13T12:36:39+00:00","dateModified":"2014-05-13T12:38:09+00:00","mainEntityOfPage":{"@id":"https:\/\/sandzakpress.net\/arhiva\/vucic-u-prvoj-zvanicnoj-posjeti-bih\/"},"wordCount":401,"commentCount":6,"publisher":{"@id":"https:\/\/sandzakpress.net\/arhiva\/#\/schema\/person\/6e72b67d6e51910a1117b3b483ba20bd"},"image":{"@id":"https:\/\/sandzakpress.net\/arhiva\/vucic-u-prvoj-zvanicnoj-posjeti-bih\/#primaryimage"},"thumbnailUrl":"https:\/\/sandzakpress.net\/arhiva\/wp-content\/uploads\/2014\/05\/news-2014-March-vucic_bevanda_aa3_884577593.jpg","articleSection":["Bosna i Hercegovina","Politika","Srbija","VIJESTI DANA"],"inLanguage":"bs-BA","potentialAction":[{"@type":"CommentAction","name":"Comment","target":["https:\/\/sandzakpress.net\/arhiva\/vucic-u-prvoj-zvanicnoj-posjeti-bih\/#respond"]}]},{"@type":"WebPage","@id":"https:\/\/sandzakpress.net\/arhiva\/vucic-u-prvoj-zvanicnoj-posjeti-bih\/","url":"https:\/\/sandzakpress.net\/arhiva\/vucic-u-prvoj-zvanicnoj-posjeti-bih\/","name":"Vu\u010di\u0107 u prvoj zvani\u010dnoj posjeti BiH","isPartOf":{"@id":"https:\/\/sandzakpress.net\/arhiva\/#website"},"primaryImageOfPage":{"@id":"https:\/\/sandzakpress.net\/arhiva\/vucic-u-prvoj-zvanicnoj-posjeti-bih\/#primaryimage"},"image":{"@id":"https:\/\/sandzakpress.net\/arhiva\/vucic-u-prvoj-zvanicnoj-posjeti-bih\/#primaryimage"},"thumbnailUrl":"https:\/\/sandzakpress.net\/arhiva\/wp-content\/uploads\/2014\/05\/news-2014-March-vucic_bevanda_aa3_884577593.jpg","datePublished":"2014-05-13T12:36:39+00:00","dateModified":"2014-05-13T12:38:09+00:00","breadcrumb":{"@id":"https:\/\/sandzakpress.net\/arhiva\/vucic-u-prvoj-zvanicnoj-posjeti-bih\/#breadcrumb"},"inLanguage":"bs-BA","potentialAction":[{"@type":"ReadAction","target":["https:\/\/sandzakpress.net\/arhiva\/vucic-u-prvoj-zvanicnoj-posjeti-bih\/"]}]},{"@type":"ImageObject","inLanguage":"bs-BA","@id":"https:\/\/sandzakpress.net\/arhiva\/vucic-u-prvoj-zvanicnoj-posjeti-bih\/#primaryimage","url":"https:\/\/sandzakpress.net\/arhiva\/wp-content\/uploads\/2014\/05\/news-2014-March-vucic_bevanda_aa3_884577593.jpg","contentUrl":"https:\/\/sandzakpress.net\/arhiva\/wp-content\/uploads\/2014\/05\/news-2014-March-vucic_bevanda_aa3_884577593.jpg","width":600,"height":450},{"@type":"BreadcrumbList","@id":"https:\/\/sandzakpress.net\/arhiva\/vucic-u-prvoj-zvanicnoj-posjeti-bih\/#breadcrumb","itemListElement":[{"@type":"ListItem","position":1,"name":"Home","item":"https:\/\/sandzakpress.net\/arhiva\/"},{"@type":"ListItem","position":2,"name":"Vu\u010di\u0107 u prvoj zvani\u010dnoj posjeti BiH"}]},{"@type":"WebSite","@id":"https:\/\/sandzakpress.net\/arhiva\/#website","url":"https:\/\/sandzakpress.net\/arhiva\/","name":"Sand\u017eak PRESS","description":"Prve elektronske novine u Sand\u017eaku","publisher":{"@id":"https:\/\/sandzakpress.net\/arhiva\/#\/schema\/person\/6e72b67d6e51910a1117b3b483ba20bd"},"potentialAction":[{"@type":"SearchAction","target":{"@type":"EntryPoint","urlTemplate":"https:\/\/sandzakpress.net\/arhiva\/?s={search_term_string}"},"query-input":{"@type":"PropertyValueSpecification","valueRequired":true,"valueName":"search_term_string"}}],"inLanguage":"bs-BA"},{"@type":["Person","Organization"],"@id":"https:\/\/sandzakpress.net\/arhiva\/#\/schema\/person\/6e72b67d6e51910a1117b3b483ba20bd","name":"Kul","image":{"@type":"ImageObject","inLanguage":"bs-BA","@id":"https:\/\/sandzakpress.net\/arhiva\/#\/schema\/person\/image\/","url":"https:\/\/secure.gravatar.com\/avatar\/42263f39aa27ac04c43cab85c280eb2e?s=96&d=mm&r=pg","contentUrl":"https:\/\/secure.gravatar.com\/avatar\/42263f39aa27ac04c43cab85c280eb2e?s=96&d=mm&r=pg","caption":"Kul"},"logo":{"@id":"https:\/\/sandzakpress.net\/arhiva\/#\/schema\/person\/image\/"}},{"@type":"Person","@id":"https:\/\/sandzakpress.net\/arhiva\/#\/schema\/person\/c8baee722073534b583ea7bdb2e36c02","name":"bosniak","image":{"@type":"ImageObject","inLanguage":"bs-BA","@id":"https:\/\/sandzakpress.net\/arhiva\/#\/schema\/person\/image\/","url":"https:\/\/secure.gravatar.com\/avatar\/a04fd330bfe3a36a72a0ad4a6d89fca7?s=96&d=mm&r=pg","contentUrl":"https:\/\/secure.gravatar.com\/avatar\/a04fd330bfe3a36a72a0ad4a6d89fca7?s=96&d=mm&r=pg","caption":"bosniak"},"url":"https:\/\/sandzakpress.net\/arhiva\/author\/bosniak\/"}]}},"_links":{"self":[{"href":"https:\/\/sandzakpress.net\/arhiva\/wp-json\/wp\/v2\/posts\/105662"}],"collection":[{"href":"https:\/\/sandzakpress.net\/arhiva\/wp-json\/wp\/v2\/posts"}],"about":[{"href":"https:\/\/sandzakpress.net\/arhiva\/wp-json\/wp\/v2\/types\/post"}],"author":[{"embeddable":true,"href":"https:\/\/sandzakpress.net\/arhiva\/wp-json\/wp\/v2\/users\/83"}],"replies":[{"embeddable":true,"href":"https:\/\/sandzakpress.net\/arhiva\/wp-json\/wp\/v2\/comments?post=105662"}],"version-history":[{"count":0,"href":"https:\/\/sandzakpress.net\/arhiva\/wp-json\/wp\/v2\/posts\/105662\/revisions"}],"wp:featuredmedia":[{"embeddable":true,"href":"https:\/\/sandzakpress.net\/arhiva\/wp-json\/wp\/v2\/media\/105663"}],"wp:attachment":[{"href":"https:\/\/sandzakpress.net\/arhiva\/wp-json\/wp\/v2\/media?parent=105662"}],"wp:term":[{"taxonomy":"category","embeddable":true,"href":"https:\/\/sandzakpress.net\/arhiva\/wp-json\/wp\/v2\/categories?post=105662"},{"taxonomy":"post_tag","embeddable":true,"href":"https:\/\/sandzakpress.net\/arhiva\/wp-json\/wp\/v2\/tags?post=105662"}],"curies":[{"name":"wp","href":"https:\/\/api.w.org\/{rel}","templated":true}]}}