{"id":105649,"date":"2014-05-13T00:19:49","date_gmt":"2014-05-12T22:19:49","guid":{"rendered":"https:\/\/sandzakpress.net\/arhiva\/?p=105649"},"modified":"2014-05-13T00:39:43","modified_gmt":"2014-05-12T22:39:43","slug":"sud-u-strasbourgu-kaznio-tursku-zbog-kipra","status":"publish","type":"post","link":"https:\/\/sandzakpress.net\/arhiva\/sud-u-strasbourgu-kaznio-tursku-zbog-kipra\/","title":{"rendered":"Sud u Strasbourgu kaznio Tursku zbog Kipra"},"content":{"rendered":"<p><strong><img loading=\"lazy\" decoding=\"async\" class=\"alignleft\" src=\"http:\/\/balkans.aljazeera.net\/sites\/staff.balkans.aljazeera.com\/files\/styles\/aljazeera_article_main_image\/public\/h_00331519-a.jpg?itok=wlC2W9Ma\" alt=\"Kipar, Turska, Invazija, Evropski sud, Strasbourg, Od\u0161teta, Gr\u010dka, Grci\" width=\"304\" height=\"153\" \/>Turska &#8211; Evropski sud za ljudska prava nalo\u017eio je Turskoj da plati od\u0161tetu od 90 miliona eura zbog invazije na Kipar 1974. godine.<\/strong><\/p>\n<p style=\"color: #323232;\">Evropski sud za ljudska prava u Strasbourgu naredio je Turskoj da plati 90 miliona eura od\u0161tete\u00a0<a style=\"font-weight: bold !important; color: #f0711b;\" href=\"http:\/\/balkans.aljazeera.net\/tag\/kipar\">Kipru<\/a>, zbog invazije na taj otok 1974. godine.<\/p>\n<p style=\"color: #323232;\">Kipar je od turske invazije podijeljen na sjeverni i ju\u017eni dio, a dr\u017eavu kiparskih Turaka na sjeveru otoka priznaje samo Turska.<\/p>\n<p style=\"color: #323232;\">U dana\u0161njoj presudi suda\u00a0<a style=\"font-weight: bold !important; color: #f0711b;\" href=\"http:\/\/balkans.aljazeera.net\/tag\/turska\">Turskoj<\/a>\u00a0je nare\u0111eno da plati 30 miliona eura od\u0161tete ro\u0111acima onih koji su nestali u operaciji i 60 miliona eura od\u0161tete gr\u010dkim Kipranima zbog podjele otoka.<\/p>\n<p style=\"color: #323232;\">Ova od\u0161teta je jedna od najve\u0107ih koju je ikada naredio ovaj sud sa sjedi\u0161tem u Strasbourgu.<\/p>\n<p style=\"color: #323232;\"><strong>Pregovori o ujedinjenju<\/strong><\/p>\n<p style=\"color: #323232;\">Turska invazija na Kipar uslijedila je nakon dr\u017eavnog udara pristalica ujedinjenja sa Gr\u010dkom.<\/p>\n<p style=\"color: #323232;\">Dr\u017eava kiparskih Turaka progla\u0161ena je na sjeveru, a odluka suda dolazi u trenutku kada obje strane ula\u017eu napore za ponovnim ujedinjenjem.<\/p>\n<p style=\"color: #323232;\">Kipar je \u010dlanica Evropske unije od 2004, ali \u010dlanstvo va\u017ei samo za gr\u010dki dio zemlje, jer je poku\u0161aj Ujedinjenih naroda za ujedinjenje propao uo\u010di prijema, zbog odbijanja kiparskih Grka da na referendumu prihvate dogovoreno rje\u0161enje jer su smatrali da privilegira Turke.<\/p>\n<p style=\"color: #323232;\">Lideri kiparskih Turaka i Grka u februaru su poslije 20-mjese\u010dne pauze nastavili pregovore o ujedinjenju Kipra. Turska strana nagovijestila je mogu\u0107nost postizanja rje\u0161enja tokom ove godine.<\/p>\n<p style=\"color: #323232;\"><em>Izvor: Agencije<\/em><\/p>\n","protected":false},"excerpt":{"rendered":"<p>Turska &#8211; Evropski sud za ljudska prava nalo\u017eio je Turskoj da plati od\u0161tetu od 90 miliona eura zbog invazije na Kipar 1974. godine. Evropski sud za ljudska prava u Strasbourgu naredio je Turskoj da plati 90 miliona eura od\u0161tete\u00a0Kipru, zbog invazije na taj otok 1974. godine. Kipar je od turske invazije podijeljen na sjeverni i [&hellip;]<\/p>\n","protected":false},"author":83,"featured_media":105650,"comment_status":"open","ping_status":"open","sticky":false,"template":"","format":"standard","meta":{"footnotes":""},"categories":[9,8957,2692],"tags":[],"class_list":{"0":"post-105649","1":"post","2":"type-post","3":"status-publish","4":"format-standard","5":"has-post-thumbnail","7":"category-svijet","8":"category-vijesti-dana","9":"category-turska-gradovi"},"yoast_head":"<!-- This site is optimized with the Yoast SEO Premium plugin v23.1 (Yoast SEO v24.9) - https:\/\/yoast.com\/wordpress\/plugins\/seo\/ -->\n<title>Sud u Strasbourgu kaznio Tursku zbog Kipra<\/title>\n<meta name=\"robots\" content=\"index, follow, max-snippet:-1, max-image-preview:large, max-video-preview:-1\" \/>\n<link rel=\"canonical\" href=\"https:\/\/sandzakpress.net\/arhiva\/sud-u-strasbourgu-kaznio-tursku-zbog-kipra\/\" \/>\n<meta property=\"og:locale\" content=\"bs_BA\" \/>\n<meta property=\"og:type\" content=\"article\" \/>\n<meta property=\"og:title\" content=\"Sud u Strasbourgu kaznio Tursku zbog Kipra\" \/>\n<meta property=\"og:description\" content=\"Turska &#8211; Evropski sud za ljudska prava nalo\u017eio je Turskoj da plati od\u0161tetu od 90 miliona eura zbog invazije na Kipar 1974. godine. Evropski sud za ljudska prava u Strasbourgu naredio je Turskoj da plati 90 miliona eura od\u0161tete\u00a0Kipru, zbog invazije na taj otok 1974. godine. Kipar je od turske invazije podijeljen na sjeverni i [&hellip;]\" \/>\n<meta property=\"og:url\" content=\"https:\/\/sandzakpress.net\/arhiva\/sud-u-strasbourgu-kaznio-tursku-zbog-kipra\/\" \/>\n<meta property=\"og:site_name\" content=\"Sand\u017eak PRESS\" \/>\n<meta property=\"article:published_time\" content=\"2014-05-12T22:19:49+00:00\" \/>\n<meta property=\"article:modified_time\" content=\"2014-05-12T22:39:43+00:00\" \/>\n<meta property=\"og:image\" content=\"https:\/\/sandzakpress.net\/arhiva\/wp-content\/uploads\/2014\/05\/h_00331519-a.jpg\" \/>\n\t<meta property=\"og:image:width\" content=\"900\" \/>\n\t<meta property=\"og:image:height\" content=\"596\" \/>\n\t<meta property=\"og:image:type\" content=\"image\/jpeg\" \/>\n<meta name=\"author\" content=\"bosniak\" \/>\n<meta name=\"twitter:card\" content=\"summary_large_image\" \/>\n<meta name=\"twitter:label1\" content=\"Written by\" \/>\n\t<meta name=\"twitter:data1\" content=\"bosniak\" \/>\n\t<meta name=\"twitter:label2\" content=\"Est. reading time\" \/>\n\t<meta name=\"twitter:data2\" content=\"1 minuta\" \/>\n<script type=\"application\/ld+json\" class=\"yoast-schema-graph\">{\"@context\":\"https:\/\/schema.org\",\"@graph\":[{\"@type\":\"Article\",\"@id\":\"https:\/\/sandzakpress.net\/arhiva\/sud-u-strasbourgu-kaznio-tursku-zbog-kipra\/#article\",\"isPartOf\":{\"@id\":\"https:\/\/sandzakpress.net\/arhiva\/sud-u-strasbourgu-kaznio-tursku-zbog-kipra\/\"},\"author\":{\"name\":\"bosniak\",\"@id\":\"https:\/\/sandzakpress.net\/arhiva\/#\/schema\/person\/c8baee722073534b583ea7bdb2e36c02\"},\"headline\":\"Sud u Strasbourgu kaznio Tursku zbog Kipra\",\"datePublished\":\"2014-05-12T22:19:49+00:00\",\"dateModified\":\"2014-05-12T22:39:43+00:00\",\"mainEntityOfPage\":{\"@id\":\"https:\/\/sandzakpress.net\/arhiva\/sud-u-strasbourgu-kaznio-tursku-zbog-kipra\/\"},\"wordCount\":247,\"commentCount\":4,\"publisher\":{\"@id\":\"https:\/\/sandzakpress.net\/arhiva\/#\/schema\/person\/6e72b67d6e51910a1117b3b483ba20bd\"},\"image\":{\"@id\":\"https:\/\/sandzakpress.net\/arhiva\/sud-u-strasbourgu-kaznio-tursku-zbog-kipra\/#primaryimage\"},\"thumbnailUrl\":\"https:\/\/sandzakpress.net\/arhiva\/wp-content\/uploads\/2014\/05\/h_00331519-a.jpg\",\"articleSection\":[\"Svijet\",\"VIJESTI DANA\",\"Turska\"],\"inLanguage\":\"bs-BA\",\"potentialAction\":[{\"@type\":\"CommentAction\",\"name\":\"Comment\",\"target\":[\"https:\/\/sandzakpress.net\/arhiva\/sud-u-strasbourgu-kaznio-tursku-zbog-kipra\/#respond\"]}]},{\"@type\":\"WebPage\",\"@id\":\"https:\/\/sandzakpress.net\/arhiva\/sud-u-strasbourgu-kaznio-tursku-zbog-kipra\/\",\"url\":\"https:\/\/sandzakpress.net\/arhiva\/sud-u-strasbourgu-kaznio-tursku-zbog-kipra\/\",\"name\":\"Sud u Strasbourgu kaznio Tursku zbog Kipra\",\"isPartOf\":{\"@id\":\"https:\/\/sandzakpress.net\/arhiva\/#website\"},\"primaryImageOfPage\":{\"@id\":\"https:\/\/sandzakpress.net\/arhiva\/sud-u-strasbourgu-kaznio-tursku-zbog-kipra\/#primaryimage\"},\"image\":{\"@id\":\"https:\/\/sandzakpress.net\/arhiva\/sud-u-strasbourgu-kaznio-tursku-zbog-kipra\/#primaryimage\"},\"thumbnailUrl\":\"https:\/\/sandzakpress.net\/arhiva\/wp-content\/uploads\/2014\/05\/h_00331519-a.jpg\",\"datePublished\":\"2014-05-12T22:19:49+00:00\",\"dateModified\":\"2014-05-12T22:39:43+00:00\",\"breadcrumb\":{\"@id\":\"https:\/\/sandzakpress.net\/arhiva\/sud-u-strasbourgu-kaznio-tursku-zbog-kipra\/#breadcrumb\"},\"inLanguage\":\"bs-BA\",\"potentialAction\":[{\"@type\":\"ReadAction\",\"target\":[\"https:\/\/sandzakpress.net\/arhiva\/sud-u-strasbourgu-kaznio-tursku-zbog-kipra\/\"]}]},{\"@type\":\"ImageObject\",\"inLanguage\":\"bs-BA\",\"@id\":\"https:\/\/sandzakpress.net\/arhiva\/sud-u-strasbourgu-kaznio-tursku-zbog-kipra\/#primaryimage\",\"url\":\"https:\/\/sandzakpress.net\/arhiva\/wp-content\/uploads\/2014\/05\/h_00331519-a.jpg\",\"contentUrl\":\"https:\/\/sandzakpress.net\/arhiva\/wp-content\/uploads\/2014\/05\/h_00331519-a.jpg\",\"width\":900,\"height\":596},{\"@type\":\"BreadcrumbList\",\"@id\":\"https:\/\/sandzakpress.net\/arhiva\/sud-u-strasbourgu-kaznio-tursku-zbog-kipra\/#breadcrumb\",\"itemListElement\":[{\"@type\":\"ListItem\",\"position\":1,\"name\":\"Home\",\"item\":\"https:\/\/sandzakpress.net\/arhiva\/\"},{\"@type\":\"ListItem\",\"position\":2,\"name\":\"Sud u Strasbourgu kaznio Tursku zbog Kipra\"}]},{\"@type\":\"WebSite\",\"@id\":\"https:\/\/sandzakpress.net\/arhiva\/#website\",\"url\":\"https:\/\/sandzakpress.net\/arhiva\/\",\"name\":\"Sand\u017eak PRESS\",\"description\":\"Prve elektronske novine u Sand\u017eaku\",\"publisher\":{\"@id\":\"https:\/\/sandzakpress.net\/arhiva\/#\/schema\/person\/6e72b67d6e51910a1117b3b483ba20bd\"},\"potentialAction\":[{\"@type\":\"SearchAction\",\"target\":{\"@type\":\"EntryPoint\",\"urlTemplate\":\"https:\/\/sandzakpress.net\/arhiva\/?s={search_term_string}\"},\"query-input\":{\"@type\":\"PropertyValueSpecification\",\"valueRequired\":true,\"valueName\":\"search_term_string\"}}],\"inLanguage\":\"bs-BA\"},{\"@type\":[\"Person\",\"Organization\"],\"@id\":\"https:\/\/sandzakpress.net\/arhiva\/#\/schema\/person\/6e72b67d6e51910a1117b3b483ba20bd\",\"name\":\"Kul\",\"image\":{\"@type\":\"ImageObject\",\"inLanguage\":\"bs-BA\",\"@id\":\"https:\/\/sandzakpress.net\/arhiva\/#\/schema\/person\/image\/\",\"url\":\"https:\/\/secure.gravatar.com\/avatar\/42263f39aa27ac04c43cab85c280eb2e?s=96&d=mm&r=pg\",\"contentUrl\":\"https:\/\/secure.gravatar.com\/avatar\/42263f39aa27ac04c43cab85c280eb2e?s=96&d=mm&r=pg\",\"caption\":\"Kul\"},\"logo\":{\"@id\":\"https:\/\/sandzakpress.net\/arhiva\/#\/schema\/person\/image\/\"}},{\"@type\":\"Person\",\"@id\":\"https:\/\/sandzakpress.net\/arhiva\/#\/schema\/person\/c8baee722073534b583ea7bdb2e36c02\",\"name\":\"bosniak\",\"image\":{\"@type\":\"ImageObject\",\"inLanguage\":\"bs-BA\",\"@id\":\"https:\/\/sandzakpress.net\/arhiva\/#\/schema\/person\/image\/\",\"url\":\"https:\/\/secure.gravatar.com\/avatar\/a04fd330bfe3a36a72a0ad4a6d89fca7?s=96&d=mm&r=pg\",\"contentUrl\":\"https:\/\/secure.gravatar.com\/avatar\/a04fd330bfe3a36a72a0ad4a6d89fca7?s=96&d=mm&r=pg\",\"caption\":\"bosniak\"},\"url\":\"https:\/\/sandzakpress.net\/arhiva\/author\/bosniak\/\"}]}<\/script>\n<!-- \/ Yoast SEO Premium plugin. -->","yoast_head_json":{"title":"Sud u Strasbourgu kaznio Tursku zbog Kipra","robots":{"index":"index","follow":"follow","max-snippet":"max-snippet:-1","max-image-preview":"max-image-preview:large","max-video-preview":"max-video-preview:-1"},"canonical":"https:\/\/sandzakpress.net\/arhiva\/sud-u-strasbourgu-kaznio-tursku-zbog-kipra\/","og_locale":"bs_BA","og_type":"article","og_title":"Sud u Strasbourgu kaznio Tursku zbog Kipra","og_description":"Turska &#8211; Evropski sud za ljudska prava nalo\u017eio je Turskoj da plati od\u0161tetu od 90 miliona eura zbog invazije na Kipar 1974. godine. Evropski sud za ljudska prava u Strasbourgu naredio je Turskoj da plati 90 miliona eura od\u0161tete\u00a0Kipru, zbog invazije na taj otok 1974. godine. Kipar je od turske invazije podijeljen na sjeverni i [&hellip;]","og_url":"https:\/\/sandzakpress.net\/arhiva\/sud-u-strasbourgu-kaznio-tursku-zbog-kipra\/","og_site_name":"Sand\u017eak PRESS","article_published_time":"2014-05-12T22:19:49+00:00","article_modified_time":"2014-05-12T22:39:43+00:00","og_image":[{"width":900,"height":596,"url":"https:\/\/sandzakpress.net\/arhiva\/wp-content\/uploads\/2014\/05\/h_00331519-a.jpg","type":"image\/jpeg"}],"author":"bosniak","twitter_card":"summary_large_image","twitter_misc":{"Written by":"bosniak","Est. reading time":"1 minuta"},"schema":{"@context":"https:\/\/schema.org","@graph":[{"@type":"Article","@id":"https:\/\/sandzakpress.net\/arhiva\/sud-u-strasbourgu-kaznio-tursku-zbog-kipra\/#article","isPartOf":{"@id":"https:\/\/sandzakpress.net\/arhiva\/sud-u-strasbourgu-kaznio-tursku-zbog-kipra\/"},"author":{"name":"bosniak","@id":"https:\/\/sandzakpress.net\/arhiva\/#\/schema\/person\/c8baee722073534b583ea7bdb2e36c02"},"headline":"Sud u Strasbourgu kaznio Tursku zbog Kipra","datePublished":"2014-05-12T22:19:49+00:00","dateModified":"2014-05-12T22:39:43+00:00","mainEntityOfPage":{"@id":"https:\/\/sandzakpress.net\/arhiva\/sud-u-strasbourgu-kaznio-tursku-zbog-kipra\/"},"wordCount":247,"commentCount":4,"publisher":{"@id":"https:\/\/sandzakpress.net\/arhiva\/#\/schema\/person\/6e72b67d6e51910a1117b3b483ba20bd"},"image":{"@id":"https:\/\/sandzakpress.net\/arhiva\/sud-u-strasbourgu-kaznio-tursku-zbog-kipra\/#primaryimage"},"thumbnailUrl":"https:\/\/sandzakpress.net\/arhiva\/wp-content\/uploads\/2014\/05\/h_00331519-a.jpg","articleSection":["Svijet","VIJESTI DANA","Turska"],"inLanguage":"bs-BA","potentialAction":[{"@type":"CommentAction","name":"Comment","target":["https:\/\/sandzakpress.net\/arhiva\/sud-u-strasbourgu-kaznio-tursku-zbog-kipra\/#respond"]}]},{"@type":"WebPage","@id":"https:\/\/sandzakpress.net\/arhiva\/sud-u-strasbourgu-kaznio-tursku-zbog-kipra\/","url":"https:\/\/sandzakpress.net\/arhiva\/sud-u-strasbourgu-kaznio-tursku-zbog-kipra\/","name":"Sud u Strasbourgu kaznio Tursku zbog Kipra","isPartOf":{"@id":"https:\/\/sandzakpress.net\/arhiva\/#website"},"primaryImageOfPage":{"@id":"https:\/\/sandzakpress.net\/arhiva\/sud-u-strasbourgu-kaznio-tursku-zbog-kipra\/#primaryimage"},"image":{"@id":"https:\/\/sandzakpress.net\/arhiva\/sud-u-strasbourgu-kaznio-tursku-zbog-kipra\/#primaryimage"},"thumbnailUrl":"https:\/\/sandzakpress.net\/arhiva\/wp-content\/uploads\/2014\/05\/h_00331519-a.jpg","datePublished":"2014-05-12T22:19:49+00:00","dateModified":"2014-05-12T22:39:43+00:00","breadcrumb":{"@id":"https:\/\/sandzakpress.net\/arhiva\/sud-u-strasbourgu-kaznio-tursku-zbog-kipra\/#breadcrumb"},"inLanguage":"bs-BA","potentialAction":[{"@type":"ReadAction","target":["https:\/\/sandzakpress.net\/arhiva\/sud-u-strasbourgu-kaznio-tursku-zbog-kipra\/"]}]},{"@type":"ImageObject","inLanguage":"bs-BA","@id":"https:\/\/sandzakpress.net\/arhiva\/sud-u-strasbourgu-kaznio-tursku-zbog-kipra\/#primaryimage","url":"https:\/\/sandzakpress.net\/arhiva\/wp-content\/uploads\/2014\/05\/h_00331519-a.jpg","contentUrl":"https:\/\/sandzakpress.net\/arhiva\/wp-content\/uploads\/2014\/05\/h_00331519-a.jpg","width":900,"height":596},{"@type":"BreadcrumbList","@id":"https:\/\/sandzakpress.net\/arhiva\/sud-u-strasbourgu-kaznio-tursku-zbog-kipra\/#breadcrumb","itemListElement":[{"@type":"ListItem","position":1,"name":"Home","item":"https:\/\/sandzakpress.net\/arhiva\/"},{"@type":"ListItem","position":2,"name":"Sud u Strasbourgu kaznio Tursku zbog Kipra"}]},{"@type":"WebSite","@id":"https:\/\/sandzakpress.net\/arhiva\/#website","url":"https:\/\/sandzakpress.net\/arhiva\/","name":"Sand\u017eak PRESS","description":"Prve elektronske novine u Sand\u017eaku","publisher":{"@id":"https:\/\/sandzakpress.net\/arhiva\/#\/schema\/person\/6e72b67d6e51910a1117b3b483ba20bd"},"potentialAction":[{"@type":"SearchAction","target":{"@type":"EntryPoint","urlTemplate":"https:\/\/sandzakpress.net\/arhiva\/?s={search_term_string}"},"query-input":{"@type":"PropertyValueSpecification","valueRequired":true,"valueName":"search_term_string"}}],"inLanguage":"bs-BA"},{"@type":["Person","Organization"],"@id":"https:\/\/sandzakpress.net\/arhiva\/#\/schema\/person\/6e72b67d6e51910a1117b3b483ba20bd","name":"Kul","image":{"@type":"ImageObject","inLanguage":"bs-BA","@id":"https:\/\/sandzakpress.net\/arhiva\/#\/schema\/person\/image\/","url":"https:\/\/secure.gravatar.com\/avatar\/42263f39aa27ac04c43cab85c280eb2e?s=96&d=mm&r=pg","contentUrl":"https:\/\/secure.gravatar.com\/avatar\/42263f39aa27ac04c43cab85c280eb2e?s=96&d=mm&r=pg","caption":"Kul"},"logo":{"@id":"https:\/\/sandzakpress.net\/arhiva\/#\/schema\/person\/image\/"}},{"@type":"Person","@id":"https:\/\/sandzakpress.net\/arhiva\/#\/schema\/person\/c8baee722073534b583ea7bdb2e36c02","name":"bosniak","image":{"@type":"ImageObject","inLanguage":"bs-BA","@id":"https:\/\/sandzakpress.net\/arhiva\/#\/schema\/person\/image\/","url":"https:\/\/secure.gravatar.com\/avatar\/a04fd330bfe3a36a72a0ad4a6d89fca7?s=96&d=mm&r=pg","contentUrl":"https:\/\/secure.gravatar.com\/avatar\/a04fd330bfe3a36a72a0ad4a6d89fca7?s=96&d=mm&r=pg","caption":"bosniak"},"url":"https:\/\/sandzakpress.net\/arhiva\/author\/bosniak\/"}]}},"_links":{"self":[{"href":"https:\/\/sandzakpress.net\/arhiva\/wp-json\/wp\/v2\/posts\/105649"}],"collection":[{"href":"https:\/\/sandzakpress.net\/arhiva\/wp-json\/wp\/v2\/posts"}],"about":[{"href":"https:\/\/sandzakpress.net\/arhiva\/wp-json\/wp\/v2\/types\/post"}],"author":[{"embeddable":true,"href":"https:\/\/sandzakpress.net\/arhiva\/wp-json\/wp\/v2\/users\/83"}],"replies":[{"embeddable":true,"href":"https:\/\/sandzakpress.net\/arhiva\/wp-json\/wp\/v2\/comments?post=105649"}],"version-history":[{"count":0,"href":"https:\/\/sandzakpress.net\/arhiva\/wp-json\/wp\/v2\/posts\/105649\/revisions"}],"wp:featuredmedia":[{"embeddable":true,"href":"https:\/\/sandzakpress.net\/arhiva\/wp-json\/wp\/v2\/media\/105650"}],"wp:attachment":[{"href":"https:\/\/sandzakpress.net\/arhiva\/wp-json\/wp\/v2\/media?parent=105649"}],"wp:term":[{"taxonomy":"category","embeddable":true,"href":"https:\/\/sandzakpress.net\/arhiva\/wp-json\/wp\/v2\/categories?post=105649"},{"taxonomy":"post_tag","embeddable":true,"href":"https:\/\/sandzakpress.net\/arhiva\/wp-json\/wp\/v2\/tags?post=105649"}],"curies":[{"name":"wp","href":"https:\/\/api.w.org\/{rel}","templated":true}]}}