{"id":105563,"date":"2014-05-11T13:13:53","date_gmt":"2014-05-11T11:13:53","guid":{"rendered":"https:\/\/sandzakpress.net\/arhiva\/?p=105563"},"modified":"2014-05-11T19:14:10","modified_gmt":"2014-05-11T17:14:10","slug":"marovic-lokalni-izbori-su-bitka-za-crnu-goru","status":"publish","type":"post","link":"https:\/\/sandzakpress.net\/arhiva\/marovic-lokalni-izbori-su-bitka-za-crnu-goru\/","title":{"rendered":"Marovi\u0107: Lokalni izbori su bitka za Crnu Goru"},"content":{"rendered":"<p><img loading=\"lazy\" decoding=\"async\" class=\" wp-image-191444 alignleft\" style=\"font-size: 14px; line-height: 1.5em;\" alt=\"foto: dps.me \" src=\"http:\/\/cdn.aktuelno.me\/wp-content\/uploads\/2014\/03\/Svetozar_Marovic.jpg\" width=\"320\" height=\"218\" data-wp-pid=\"191444\" \/><strong>Crna Gora &#8211;\u00a0Ne mo\u017ee se zaboraviti doprinos koje je Ro\u017eaje dalo u obnovi dr\u017eavnosti Crne Gore, naglasio je Svetozar Marovi\u0107, potpredsjednik Demokratske partije socijalista DPS Crne Gore ju\u010de u sali Centra za kulturu u Ro\u017eajama gdje su se okupili \u010dlanovi mjesnih odbora Lijeve i Desne obale Ibra, simpaziteri i gra\u0111ani tog grada.<\/strong><\/p>\n<p>Borbom za dobijanje izbora u svakoj od lokalnih sredina dobija se bitka za Crnu Goru, istakao je Marovi\u0107, ukazuju\u0107i na neuporedive prednosti politike DPS-a u odnosu na politi\u010dku konkurenciju.<\/p>\n<p>Nusret Kala\u010d, nosilac liste \u201cZa evropsko Ro\u017eaje \u2013 Milo \u0110ukanovi\u0107\u201c naglasio je da je Ro\u017eaje posljednjih godina zna\u010dajno unaprije\u0111eno u pogledu rje\u0161avanja va\u017enih infrastrukturnih pitanja i najavio realizaciju zna\u010dajnih projekata koje \u0107e zna\u010diti unapre\u0111ivanje \u017eivota u Ro\u017eajama.<\/p>\n<p>(cdm)<\/p>\n","protected":false},"excerpt":{"rendered":"<p>Crna Gora &#8211;\u00a0Ne mo\u017ee se zaboraviti doprinos koje je Ro\u017eaje dalo u obnovi dr\u017eavnosti Crne Gore, naglasio je Svetozar Marovi\u0107, potpredsjednik Demokratske partije socijalista DPS Crne Gore ju\u010de u sali Centra za kulturu u Ro\u017eajama gdje su se okupili \u010dlanovi mjesnih odbora Lijeve i Desne obale Ibra, simpaziteri i gra\u0111ani tog grada. Borbom za dobijanje [&hellip;]<\/p>\n","protected":false},"author":83,"featured_media":105564,"comment_status":"open","ping_status":"open","sticky":false,"template":"","format":"standard","meta":{"footnotes":""},"categories":[1,10308],"tags":[],"class_list":{"0":"post-105563","1":"post","2":"type-post","3":"status-publish","4":"format-standard","5":"has-post-thumbnail","7":"category-politika","8":"category-crna-gora"},"yoast_head":"<!-- This site is optimized with the Yoast SEO Premium plugin v23.1 (Yoast SEO v24.9) - https:\/\/yoast.com\/wordpress\/plugins\/seo\/ -->\n<title>Marovi\u0107: Lokalni izbori su bitka za Crnu Goru<\/title>\n<meta name=\"robots\" content=\"index, follow, max-snippet:-1, max-image-preview:large, max-video-preview:-1\" \/>\n<link rel=\"canonical\" href=\"https:\/\/sandzakpress.net\/arhiva\/marovic-lokalni-izbori-su-bitka-za-crnu-goru\/\" \/>\n<meta property=\"og:locale\" content=\"bs_BA\" \/>\n<meta property=\"og:type\" content=\"article\" \/>\n<meta property=\"og:title\" content=\"Marovi\u0107: Lokalni izbori su bitka za Crnu Goru\" \/>\n<meta property=\"og:description\" content=\"Crna Gora &#8211;\u00a0Ne mo\u017ee se zaboraviti doprinos koje je Ro\u017eaje dalo u obnovi dr\u017eavnosti Crne Gore, naglasio je Svetozar Marovi\u0107, potpredsjednik Demokratske partije socijalista DPS Crne Gore ju\u010de u sali Centra za kulturu u Ro\u017eajama gdje su se okupili \u010dlanovi mjesnih odbora Lijeve i Desne obale Ibra, simpaziteri i gra\u0111ani tog grada. Borbom za dobijanje [&hellip;]\" \/>\n<meta property=\"og:url\" content=\"https:\/\/sandzakpress.net\/arhiva\/marovic-lokalni-izbori-su-bitka-za-crnu-goru\/\" \/>\n<meta property=\"og:site_name\" content=\"Sand\u017eak PRESS\" \/>\n<meta property=\"article:published_time\" content=\"2014-05-11T11:13:53+00:00\" \/>\n<meta property=\"article:modified_time\" content=\"2014-05-11T17:14:10+00:00\" \/>\n<meta property=\"og:image\" content=\"https:\/\/sandzakpress.net\/arhiva\/wp-content\/uploads\/2014\/05\/Svetozar_Marovic.jpg\" \/>\n\t<meta property=\"og:image:width\" content=\"640\" \/>\n\t<meta property=\"og:image:height\" content=\"435\" \/>\n\t<meta property=\"og:image:type\" content=\"image\/jpeg\" \/>\n<meta name=\"author\" content=\"bosniak\" \/>\n<meta name=\"twitter:card\" content=\"summary_large_image\" \/>\n<meta name=\"twitter:label1\" content=\"Written by\" \/>\n\t<meta name=\"twitter:data1\" content=\"bosniak\" \/>\n\t<meta name=\"twitter:label2\" content=\"Est. reading time\" \/>\n\t<meta name=\"twitter:data2\" content=\"1 minuta\" \/>\n<script type=\"application\/ld+json\" class=\"yoast-schema-graph\">{\"@context\":\"https:\/\/schema.org\",\"@graph\":[{\"@type\":\"Article\",\"@id\":\"https:\/\/sandzakpress.net\/arhiva\/marovic-lokalni-izbori-su-bitka-za-crnu-goru\/#article\",\"isPartOf\":{\"@id\":\"https:\/\/sandzakpress.net\/arhiva\/marovic-lokalni-izbori-su-bitka-za-crnu-goru\/\"},\"author\":{\"name\":\"bosniak\",\"@id\":\"https:\/\/sandzakpress.net\/arhiva\/#\/schema\/person\/c8baee722073534b583ea7bdb2e36c02\"},\"headline\":\"Marovi\u0107: Lokalni izbori su bitka za Crnu Goru\",\"datePublished\":\"2014-05-11T11:13:53+00:00\",\"dateModified\":\"2014-05-11T17:14:10+00:00\",\"mainEntityOfPage\":{\"@id\":\"https:\/\/sandzakpress.net\/arhiva\/marovic-lokalni-izbori-su-bitka-za-crnu-goru\/\"},\"wordCount\":145,\"commentCount\":1,\"publisher\":{\"@id\":\"https:\/\/sandzakpress.net\/arhiva\/#\/schema\/person\/6e72b67d6e51910a1117b3b483ba20bd\"},\"image\":{\"@id\":\"https:\/\/sandzakpress.net\/arhiva\/marovic-lokalni-izbori-su-bitka-za-crnu-goru\/#primaryimage\"},\"thumbnailUrl\":\"https:\/\/sandzakpress.net\/arhiva\/wp-content\/uploads\/2014\/05\/Svetozar_Marovic.jpg\",\"articleSection\":[\"Politika\",\"Crna Gora\"],\"inLanguage\":\"bs-BA\",\"potentialAction\":[{\"@type\":\"CommentAction\",\"name\":\"Comment\",\"target\":[\"https:\/\/sandzakpress.net\/arhiva\/marovic-lokalni-izbori-su-bitka-za-crnu-goru\/#respond\"]}]},{\"@type\":\"WebPage\",\"@id\":\"https:\/\/sandzakpress.net\/arhiva\/marovic-lokalni-izbori-su-bitka-za-crnu-goru\/\",\"url\":\"https:\/\/sandzakpress.net\/arhiva\/marovic-lokalni-izbori-su-bitka-za-crnu-goru\/\",\"name\":\"Marovi\u0107: Lokalni izbori su bitka za Crnu Goru\",\"isPartOf\":{\"@id\":\"https:\/\/sandzakpress.net\/arhiva\/#website\"},\"primaryImageOfPage\":{\"@id\":\"https:\/\/sandzakpress.net\/arhiva\/marovic-lokalni-izbori-su-bitka-za-crnu-goru\/#primaryimage\"},\"image\":{\"@id\":\"https:\/\/sandzakpress.net\/arhiva\/marovic-lokalni-izbori-su-bitka-za-crnu-goru\/#primaryimage\"},\"thumbnailUrl\":\"https:\/\/sandzakpress.net\/arhiva\/wp-content\/uploads\/2014\/05\/Svetozar_Marovic.jpg\",\"datePublished\":\"2014-05-11T11:13:53+00:00\",\"dateModified\":\"2014-05-11T17:14:10+00:00\",\"breadcrumb\":{\"@id\":\"https:\/\/sandzakpress.net\/arhiva\/marovic-lokalni-izbori-su-bitka-za-crnu-goru\/#breadcrumb\"},\"inLanguage\":\"bs-BA\",\"potentialAction\":[{\"@type\":\"ReadAction\",\"target\":[\"https:\/\/sandzakpress.net\/arhiva\/marovic-lokalni-izbori-su-bitka-za-crnu-goru\/\"]}]},{\"@type\":\"ImageObject\",\"inLanguage\":\"bs-BA\",\"@id\":\"https:\/\/sandzakpress.net\/arhiva\/marovic-lokalni-izbori-su-bitka-za-crnu-goru\/#primaryimage\",\"url\":\"https:\/\/sandzakpress.net\/arhiva\/wp-content\/uploads\/2014\/05\/Svetozar_Marovic.jpg\",\"contentUrl\":\"https:\/\/sandzakpress.net\/arhiva\/wp-content\/uploads\/2014\/05\/Svetozar_Marovic.jpg\",\"width\":640,\"height\":435},{\"@type\":\"BreadcrumbList\",\"@id\":\"https:\/\/sandzakpress.net\/arhiva\/marovic-lokalni-izbori-su-bitka-za-crnu-goru\/#breadcrumb\",\"itemListElement\":[{\"@type\":\"ListItem\",\"position\":1,\"name\":\"Home\",\"item\":\"https:\/\/sandzakpress.net\/arhiva\/\"},{\"@type\":\"ListItem\",\"position\":2,\"name\":\"Marovi\u0107: Lokalni izbori su bitka za Crnu Goru\"}]},{\"@type\":\"WebSite\",\"@id\":\"https:\/\/sandzakpress.net\/arhiva\/#website\",\"url\":\"https:\/\/sandzakpress.net\/arhiva\/\",\"name\":\"Sand\u017eak PRESS\",\"description\":\"Prve elektronske novine u Sand\u017eaku\",\"publisher\":{\"@id\":\"https:\/\/sandzakpress.net\/arhiva\/#\/schema\/person\/6e72b67d6e51910a1117b3b483ba20bd\"},\"potentialAction\":[{\"@type\":\"SearchAction\",\"target\":{\"@type\":\"EntryPoint\",\"urlTemplate\":\"https:\/\/sandzakpress.net\/arhiva\/?s={search_term_string}\"},\"query-input\":{\"@type\":\"PropertyValueSpecification\",\"valueRequired\":true,\"valueName\":\"search_term_string\"}}],\"inLanguage\":\"bs-BA\"},{\"@type\":[\"Person\",\"Organization\"],\"@id\":\"https:\/\/sandzakpress.net\/arhiva\/#\/schema\/person\/6e72b67d6e51910a1117b3b483ba20bd\",\"name\":\"Kul\",\"image\":{\"@type\":\"ImageObject\",\"inLanguage\":\"bs-BA\",\"@id\":\"https:\/\/sandzakpress.net\/arhiva\/#\/schema\/person\/image\/\",\"url\":\"https:\/\/secure.gravatar.com\/avatar\/42263f39aa27ac04c43cab85c280eb2e?s=96&d=mm&r=pg\",\"contentUrl\":\"https:\/\/secure.gravatar.com\/avatar\/42263f39aa27ac04c43cab85c280eb2e?s=96&d=mm&r=pg\",\"caption\":\"Kul\"},\"logo\":{\"@id\":\"https:\/\/sandzakpress.net\/arhiva\/#\/schema\/person\/image\/\"}},{\"@type\":\"Person\",\"@id\":\"https:\/\/sandzakpress.net\/arhiva\/#\/schema\/person\/c8baee722073534b583ea7bdb2e36c02\",\"name\":\"bosniak\",\"image\":{\"@type\":\"ImageObject\",\"inLanguage\":\"bs-BA\",\"@id\":\"https:\/\/sandzakpress.net\/arhiva\/#\/schema\/person\/image\/\",\"url\":\"https:\/\/secure.gravatar.com\/avatar\/a04fd330bfe3a36a72a0ad4a6d89fca7?s=96&d=mm&r=pg\",\"contentUrl\":\"https:\/\/secure.gravatar.com\/avatar\/a04fd330bfe3a36a72a0ad4a6d89fca7?s=96&d=mm&r=pg\",\"caption\":\"bosniak\"},\"url\":\"https:\/\/sandzakpress.net\/arhiva\/author\/bosniak\/\"}]}<\/script>\n<!-- \/ Yoast SEO Premium plugin. -->","yoast_head_json":{"title":"Marovi\u0107: Lokalni izbori su bitka za Crnu Goru","robots":{"index":"index","follow":"follow","max-snippet":"max-snippet:-1","max-image-preview":"max-image-preview:large","max-video-preview":"max-video-preview:-1"},"canonical":"https:\/\/sandzakpress.net\/arhiva\/marovic-lokalni-izbori-su-bitka-za-crnu-goru\/","og_locale":"bs_BA","og_type":"article","og_title":"Marovi\u0107: Lokalni izbori su bitka za Crnu Goru","og_description":"Crna Gora &#8211;\u00a0Ne mo\u017ee se zaboraviti doprinos koje je Ro\u017eaje dalo u obnovi dr\u017eavnosti Crne Gore, naglasio je Svetozar Marovi\u0107, potpredsjednik Demokratske partije socijalista DPS Crne Gore ju\u010de u sali Centra za kulturu u Ro\u017eajama gdje su se okupili \u010dlanovi mjesnih odbora Lijeve i Desne obale Ibra, simpaziteri i gra\u0111ani tog grada. Borbom za dobijanje [&hellip;]","og_url":"https:\/\/sandzakpress.net\/arhiva\/marovic-lokalni-izbori-su-bitka-za-crnu-goru\/","og_site_name":"Sand\u017eak PRESS","article_published_time":"2014-05-11T11:13:53+00:00","article_modified_time":"2014-05-11T17:14:10+00:00","og_image":[{"width":640,"height":435,"url":"https:\/\/sandzakpress.net\/arhiva\/wp-content\/uploads\/2014\/05\/Svetozar_Marovic.jpg","type":"image\/jpeg"}],"author":"bosniak","twitter_card":"summary_large_image","twitter_misc":{"Written by":"bosniak","Est. reading time":"1 minuta"},"schema":{"@context":"https:\/\/schema.org","@graph":[{"@type":"Article","@id":"https:\/\/sandzakpress.net\/arhiva\/marovic-lokalni-izbori-su-bitka-za-crnu-goru\/#article","isPartOf":{"@id":"https:\/\/sandzakpress.net\/arhiva\/marovic-lokalni-izbori-su-bitka-za-crnu-goru\/"},"author":{"name":"bosniak","@id":"https:\/\/sandzakpress.net\/arhiva\/#\/schema\/person\/c8baee722073534b583ea7bdb2e36c02"},"headline":"Marovi\u0107: Lokalni izbori su bitka za Crnu Goru","datePublished":"2014-05-11T11:13:53+00:00","dateModified":"2014-05-11T17:14:10+00:00","mainEntityOfPage":{"@id":"https:\/\/sandzakpress.net\/arhiva\/marovic-lokalni-izbori-su-bitka-za-crnu-goru\/"},"wordCount":145,"commentCount":1,"publisher":{"@id":"https:\/\/sandzakpress.net\/arhiva\/#\/schema\/person\/6e72b67d6e51910a1117b3b483ba20bd"},"image":{"@id":"https:\/\/sandzakpress.net\/arhiva\/marovic-lokalni-izbori-su-bitka-za-crnu-goru\/#primaryimage"},"thumbnailUrl":"https:\/\/sandzakpress.net\/arhiva\/wp-content\/uploads\/2014\/05\/Svetozar_Marovic.jpg","articleSection":["Politika","Crna Gora"],"inLanguage":"bs-BA","potentialAction":[{"@type":"CommentAction","name":"Comment","target":["https:\/\/sandzakpress.net\/arhiva\/marovic-lokalni-izbori-su-bitka-za-crnu-goru\/#respond"]}]},{"@type":"WebPage","@id":"https:\/\/sandzakpress.net\/arhiva\/marovic-lokalni-izbori-su-bitka-za-crnu-goru\/","url":"https:\/\/sandzakpress.net\/arhiva\/marovic-lokalni-izbori-su-bitka-za-crnu-goru\/","name":"Marovi\u0107: Lokalni izbori su bitka za Crnu Goru","isPartOf":{"@id":"https:\/\/sandzakpress.net\/arhiva\/#website"},"primaryImageOfPage":{"@id":"https:\/\/sandzakpress.net\/arhiva\/marovic-lokalni-izbori-su-bitka-za-crnu-goru\/#primaryimage"},"image":{"@id":"https:\/\/sandzakpress.net\/arhiva\/marovic-lokalni-izbori-su-bitka-za-crnu-goru\/#primaryimage"},"thumbnailUrl":"https:\/\/sandzakpress.net\/arhiva\/wp-content\/uploads\/2014\/05\/Svetozar_Marovic.jpg","datePublished":"2014-05-11T11:13:53+00:00","dateModified":"2014-05-11T17:14:10+00:00","breadcrumb":{"@id":"https:\/\/sandzakpress.net\/arhiva\/marovic-lokalni-izbori-su-bitka-za-crnu-goru\/#breadcrumb"},"inLanguage":"bs-BA","potentialAction":[{"@type":"ReadAction","target":["https:\/\/sandzakpress.net\/arhiva\/marovic-lokalni-izbori-su-bitka-za-crnu-goru\/"]}]},{"@type":"ImageObject","inLanguage":"bs-BA","@id":"https:\/\/sandzakpress.net\/arhiva\/marovic-lokalni-izbori-su-bitka-za-crnu-goru\/#primaryimage","url":"https:\/\/sandzakpress.net\/arhiva\/wp-content\/uploads\/2014\/05\/Svetozar_Marovic.jpg","contentUrl":"https:\/\/sandzakpress.net\/arhiva\/wp-content\/uploads\/2014\/05\/Svetozar_Marovic.jpg","width":640,"height":435},{"@type":"BreadcrumbList","@id":"https:\/\/sandzakpress.net\/arhiva\/marovic-lokalni-izbori-su-bitka-za-crnu-goru\/#breadcrumb","itemListElement":[{"@type":"ListItem","position":1,"name":"Home","item":"https:\/\/sandzakpress.net\/arhiva\/"},{"@type":"ListItem","position":2,"name":"Marovi\u0107: Lokalni izbori su bitka za Crnu Goru"}]},{"@type":"WebSite","@id":"https:\/\/sandzakpress.net\/arhiva\/#website","url":"https:\/\/sandzakpress.net\/arhiva\/","name":"Sand\u017eak PRESS","description":"Prve elektronske novine u Sand\u017eaku","publisher":{"@id":"https:\/\/sandzakpress.net\/arhiva\/#\/schema\/person\/6e72b67d6e51910a1117b3b483ba20bd"},"potentialAction":[{"@type":"SearchAction","target":{"@type":"EntryPoint","urlTemplate":"https:\/\/sandzakpress.net\/arhiva\/?s={search_term_string}"},"query-input":{"@type":"PropertyValueSpecification","valueRequired":true,"valueName":"search_term_string"}}],"inLanguage":"bs-BA"},{"@type":["Person","Organization"],"@id":"https:\/\/sandzakpress.net\/arhiva\/#\/schema\/person\/6e72b67d6e51910a1117b3b483ba20bd","name":"Kul","image":{"@type":"ImageObject","inLanguage":"bs-BA","@id":"https:\/\/sandzakpress.net\/arhiva\/#\/schema\/person\/image\/","url":"https:\/\/secure.gravatar.com\/avatar\/42263f39aa27ac04c43cab85c280eb2e?s=96&d=mm&r=pg","contentUrl":"https:\/\/secure.gravatar.com\/avatar\/42263f39aa27ac04c43cab85c280eb2e?s=96&d=mm&r=pg","caption":"Kul"},"logo":{"@id":"https:\/\/sandzakpress.net\/arhiva\/#\/schema\/person\/image\/"}},{"@type":"Person","@id":"https:\/\/sandzakpress.net\/arhiva\/#\/schema\/person\/c8baee722073534b583ea7bdb2e36c02","name":"bosniak","image":{"@type":"ImageObject","inLanguage":"bs-BA","@id":"https:\/\/sandzakpress.net\/arhiva\/#\/schema\/person\/image\/","url":"https:\/\/secure.gravatar.com\/avatar\/a04fd330bfe3a36a72a0ad4a6d89fca7?s=96&d=mm&r=pg","contentUrl":"https:\/\/secure.gravatar.com\/avatar\/a04fd330bfe3a36a72a0ad4a6d89fca7?s=96&d=mm&r=pg","caption":"bosniak"},"url":"https:\/\/sandzakpress.net\/arhiva\/author\/bosniak\/"}]}},"_links":{"self":[{"href":"https:\/\/sandzakpress.net\/arhiva\/wp-json\/wp\/v2\/posts\/105563"}],"collection":[{"href":"https:\/\/sandzakpress.net\/arhiva\/wp-json\/wp\/v2\/posts"}],"about":[{"href":"https:\/\/sandzakpress.net\/arhiva\/wp-json\/wp\/v2\/types\/post"}],"author":[{"embeddable":true,"href":"https:\/\/sandzakpress.net\/arhiva\/wp-json\/wp\/v2\/users\/83"}],"replies":[{"embeddable":true,"href":"https:\/\/sandzakpress.net\/arhiva\/wp-json\/wp\/v2\/comments?post=105563"}],"version-history":[{"count":0,"href":"https:\/\/sandzakpress.net\/arhiva\/wp-json\/wp\/v2\/posts\/105563\/revisions"}],"wp:featuredmedia":[{"embeddable":true,"href":"https:\/\/sandzakpress.net\/arhiva\/wp-json\/wp\/v2\/media\/105564"}],"wp:attachment":[{"href":"https:\/\/sandzakpress.net\/arhiva\/wp-json\/wp\/v2\/media?parent=105563"}],"wp:term":[{"taxonomy":"category","embeddable":true,"href":"https:\/\/sandzakpress.net\/arhiva\/wp-json\/wp\/v2\/categories?post=105563"},{"taxonomy":"post_tag","embeddable":true,"href":"https:\/\/sandzakpress.net\/arhiva\/wp-json\/wp\/v2\/tags?post=105563"}],"curies":[{"name":"wp","href":"https:\/\/api.w.org\/{rel}","templated":true}]}}