{"id":105499,"date":"2014-05-11T01:57:23","date_gmt":"2014-05-10T23:57:23","guid":{"rendered":"https:\/\/sandzakpress.net\/arhiva\/?p=105499"},"modified":"2014-05-11T01:57:23","modified_gmt":"2014-05-10T23:57:23","slug":"crna-gora-pocinje-izgradnju-auto-puta-prema-sjenici","status":"publish","type":"post","link":"https:\/\/sandzakpress.net\/arhiva\/crna-gora-pocinje-izgradnju-auto-puta-prema-sjenici\/","title":{"rendered":"Crna Gora po\u010dinje izgradnju auto-puta prema Sjenici"},"content":{"rendered":"<p><strong>S<\/strong><img loading=\"lazy\" decoding=\"async\" class=\"alignleft\" style=\"font-size: 14px; line-height: 1.5em; -webkit-user-select: none;\" alt=\"\" src=\"http:\/\/i.imgur.com\/1xjl8b6.jpg?1\" width=\"300\" height=\"200\" \/><strong style=\"font-size: 14px; line-height: 1.5em;\">jenica, Crna Gora &#8211;\u00a0Kineska kompanija \u201e\u010cajna roud and brid\u017e korporej\u0161n\u201c (CRBC) najavila je da \u0107e uskoro po\u010deti da gradi autoput od Bara do Boljara na granici Crne Gore i Srbije.<\/strong><\/p>\n<p>Crna\u00a0Gora\u00a0je dobar primjer uspje\u0161ne saradnje Kine i zemalja jugoisto\u010dne Evrope, rekao je generalni direktor CRBC-a Lu Shan, prenosi RTV Crne Gore.<\/p>\n<p>On je, na sastanku sa crnogorskim ministrom saobra\u0107aja i pomorstva Ivanom Brajovi\u0107em, naglasio da je CRBC posve\u0107ena realizaciji tog projekta i da je spremna da po\u010dne radove u Crnoj Gori \u010dim se u Eksim banci Kine zavr\u0161e procedure za dobijanje kredita.<\/p>\n<p>Shan je potrdio da je oprema spremna i odre\u0111en projekt menad\u017eer za Crnu Goru, a Brajovi\u0107 je rekao da \u0107e crnogorska strana ulo\u017eiti maksimalne napore za ubrzavanje vladine i parlamentarne procedure, kako bi \u0161to prije po\u010dela gradnja.<\/p>\n<p>Crnogorska delegacija je, tokom drugog dana foruma u kineskom gradu Makao, u\u010destvovala na panelu posvje\u0107enom partnerstvu izme\u0111u Kine i centralne i jugoisto\u010dne Evrope. Na panelu je, kako je saop\u0161teno iz ministarstva, jo\u0161 jednom nagla\u0161ena namjera Kine da investira 10 milijardi dolara u region centralne i jugoisto\u010dne Evrope u cilju unapre\u0111enja privredne saradnje.<\/p>\n<p>(tanjug)<\/p>\n","protected":false},"excerpt":{"rendered":"<p>Sjenica, Crna Gora &#8211;\u00a0Kineska kompanija \u201e\u010cajna roud and brid\u017e korporej\u0161n\u201c (CRBC) najavila je da \u0107e uskoro po\u010deti da gradi autoput od Bara do Boljara na granici Crne Gore i Srbije. Crna\u00a0Gora\u00a0je dobar primjer uspje\u0161ne saradnje Kine i zemalja jugoisto\u010dne Evrope, rekao je generalni direktor CRBC-a Lu Shan, prenosi RTV Crne Gore. On je, na sastanku [&hellip;]<\/p>\n","protected":false},"author":83,"featured_media":105500,"comment_status":"open","ping_status":"open","sticky":false,"template":"","format":"standard","meta":{"footnotes":""},"categories":[1,52,10308],"tags":[],"class_list":{"0":"post-105499","1":"post","2":"type-post","3":"status-publish","4":"format-standard","5":"has-post-thumbnail","7":"category-politika","8":"category-sjenica","9":"category-crna-gora"},"yoast_head":"<!-- This site is optimized with the Yoast SEO Premium plugin v23.1 (Yoast SEO v24.9) - https:\/\/yoast.com\/wordpress\/plugins\/seo\/ -->\n<title>Crna Gora po\u010dinje izgradnju auto-puta prema Sjenici<\/title>\n<meta name=\"robots\" content=\"index, follow, max-snippet:-1, max-image-preview:large, max-video-preview:-1\" \/>\n<link rel=\"canonical\" href=\"https:\/\/sandzakpress.net\/arhiva\/crna-gora-pocinje-izgradnju-auto-puta-prema-sjenici\/\" \/>\n<meta property=\"og:locale\" content=\"bs_BA\" \/>\n<meta property=\"og:type\" content=\"article\" \/>\n<meta property=\"og:title\" content=\"Crna Gora po\u010dinje izgradnju auto-puta prema Sjenici\" \/>\n<meta property=\"og:description\" content=\"Sjenica, Crna Gora &#8211;\u00a0Kineska kompanija \u201e\u010cajna roud and brid\u017e korporej\u0161n\u201c (CRBC) najavila je da \u0107e uskoro po\u010deti da gradi autoput od Bara do Boljara na granici Crne Gore i Srbije. Crna\u00a0Gora\u00a0je dobar primjer uspje\u0161ne saradnje Kine i zemalja jugoisto\u010dne Evrope, rekao je generalni direktor CRBC-a Lu Shan, prenosi RTV Crne Gore. On je, na sastanku [&hellip;]\" \/>\n<meta property=\"og:url\" content=\"https:\/\/sandzakpress.net\/arhiva\/crna-gora-pocinje-izgradnju-auto-puta-prema-sjenici\/\" \/>\n<meta property=\"og:site_name\" content=\"Sand\u017eak PRESS\" \/>\n<meta property=\"article:published_time\" content=\"2014-05-10T23:57:23+00:00\" \/>\n<meta property=\"og:image\" content=\"https:\/\/sandzakpress.net\/arhiva\/wp-content\/uploads\/2014\/05\/1xjl8b6.jpg\" \/>\n\t<meta property=\"og:image:width\" content=\"600\" \/>\n\t<meta property=\"og:image:height\" content=\"400\" \/>\n\t<meta property=\"og:image:type\" content=\"image\/jpeg\" \/>\n<meta name=\"author\" content=\"bosniak\" \/>\n<meta name=\"twitter:card\" content=\"summary_large_image\" \/>\n<meta name=\"twitter:label1\" content=\"Written by\" \/>\n\t<meta name=\"twitter:data1\" content=\"bosniak\" \/>\n\t<meta name=\"twitter:label2\" content=\"Est. reading time\" \/>\n\t<meta name=\"twitter:data2\" content=\"1 minuta\" \/>\n<script type=\"application\/ld+json\" class=\"yoast-schema-graph\">{\"@context\":\"https:\/\/schema.org\",\"@graph\":[{\"@type\":\"Article\",\"@id\":\"https:\/\/sandzakpress.net\/arhiva\/crna-gora-pocinje-izgradnju-auto-puta-prema-sjenici\/#article\",\"isPartOf\":{\"@id\":\"https:\/\/sandzakpress.net\/arhiva\/crna-gora-pocinje-izgradnju-auto-puta-prema-sjenici\/\"},\"author\":{\"name\":\"bosniak\",\"@id\":\"https:\/\/sandzakpress.net\/arhiva\/#\/schema\/person\/c8baee722073534b583ea7bdb2e36c02\"},\"headline\":\"Crna Gora po\u010dinje izgradnju auto-puta prema Sjenici\",\"datePublished\":\"2014-05-10T23:57:23+00:00\",\"mainEntityOfPage\":{\"@id\":\"https:\/\/sandzakpress.net\/arhiva\/crna-gora-pocinje-izgradnju-auto-puta-prema-sjenici\/\"},\"wordCount\":214,\"commentCount\":0,\"publisher\":{\"@id\":\"https:\/\/sandzakpress.net\/arhiva\/#\/schema\/person\/6e72b67d6e51910a1117b3b483ba20bd\"},\"image\":{\"@id\":\"https:\/\/sandzakpress.net\/arhiva\/crna-gora-pocinje-izgradnju-auto-puta-prema-sjenici\/#primaryimage\"},\"thumbnailUrl\":\"https:\/\/sandzakpress.net\/arhiva\/wp-content\/uploads\/2014\/05\/1xjl8b6.jpg\",\"articleSection\":[\"Politika\",\"Sjenica\",\"Crna Gora\"],\"inLanguage\":\"bs-BA\",\"potentialAction\":[{\"@type\":\"CommentAction\",\"name\":\"Comment\",\"target\":[\"https:\/\/sandzakpress.net\/arhiva\/crna-gora-pocinje-izgradnju-auto-puta-prema-sjenici\/#respond\"]}]},{\"@type\":\"WebPage\",\"@id\":\"https:\/\/sandzakpress.net\/arhiva\/crna-gora-pocinje-izgradnju-auto-puta-prema-sjenici\/\",\"url\":\"https:\/\/sandzakpress.net\/arhiva\/crna-gora-pocinje-izgradnju-auto-puta-prema-sjenici\/\",\"name\":\"Crna Gora po\u010dinje izgradnju auto-puta prema Sjenici\",\"isPartOf\":{\"@id\":\"https:\/\/sandzakpress.net\/arhiva\/#website\"},\"primaryImageOfPage\":{\"@id\":\"https:\/\/sandzakpress.net\/arhiva\/crna-gora-pocinje-izgradnju-auto-puta-prema-sjenici\/#primaryimage\"},\"image\":{\"@id\":\"https:\/\/sandzakpress.net\/arhiva\/crna-gora-pocinje-izgradnju-auto-puta-prema-sjenici\/#primaryimage\"},\"thumbnailUrl\":\"https:\/\/sandzakpress.net\/arhiva\/wp-content\/uploads\/2014\/05\/1xjl8b6.jpg\",\"datePublished\":\"2014-05-10T23:57:23+00:00\",\"breadcrumb\":{\"@id\":\"https:\/\/sandzakpress.net\/arhiva\/crna-gora-pocinje-izgradnju-auto-puta-prema-sjenici\/#breadcrumb\"},\"inLanguage\":\"bs-BA\",\"potentialAction\":[{\"@type\":\"ReadAction\",\"target\":[\"https:\/\/sandzakpress.net\/arhiva\/crna-gora-pocinje-izgradnju-auto-puta-prema-sjenici\/\"]}]},{\"@type\":\"ImageObject\",\"inLanguage\":\"bs-BA\",\"@id\":\"https:\/\/sandzakpress.net\/arhiva\/crna-gora-pocinje-izgradnju-auto-puta-prema-sjenici\/#primaryimage\",\"url\":\"https:\/\/sandzakpress.net\/arhiva\/wp-content\/uploads\/2014\/05\/1xjl8b6.jpg\",\"contentUrl\":\"https:\/\/sandzakpress.net\/arhiva\/wp-content\/uploads\/2014\/05\/1xjl8b6.jpg\",\"width\":600,\"height\":400},{\"@type\":\"BreadcrumbList\",\"@id\":\"https:\/\/sandzakpress.net\/arhiva\/crna-gora-pocinje-izgradnju-auto-puta-prema-sjenici\/#breadcrumb\",\"itemListElement\":[{\"@type\":\"ListItem\",\"position\":1,\"name\":\"Home\",\"item\":\"https:\/\/sandzakpress.net\/arhiva\/\"},{\"@type\":\"ListItem\",\"position\":2,\"name\":\"Crna Gora po\u010dinje izgradnju auto-puta prema Sjenici\"}]},{\"@type\":\"WebSite\",\"@id\":\"https:\/\/sandzakpress.net\/arhiva\/#website\",\"url\":\"https:\/\/sandzakpress.net\/arhiva\/\",\"name\":\"Sand\u017eak PRESS\",\"description\":\"Prve elektronske novine u Sand\u017eaku\",\"publisher\":{\"@id\":\"https:\/\/sandzakpress.net\/arhiva\/#\/schema\/person\/6e72b67d6e51910a1117b3b483ba20bd\"},\"potentialAction\":[{\"@type\":\"SearchAction\",\"target\":{\"@type\":\"EntryPoint\",\"urlTemplate\":\"https:\/\/sandzakpress.net\/arhiva\/?s={search_term_string}\"},\"query-input\":{\"@type\":\"PropertyValueSpecification\",\"valueRequired\":true,\"valueName\":\"search_term_string\"}}],\"inLanguage\":\"bs-BA\"},{\"@type\":[\"Person\",\"Organization\"],\"@id\":\"https:\/\/sandzakpress.net\/arhiva\/#\/schema\/person\/6e72b67d6e51910a1117b3b483ba20bd\",\"name\":\"Kul\",\"image\":{\"@type\":\"ImageObject\",\"inLanguage\":\"bs-BA\",\"@id\":\"https:\/\/sandzakpress.net\/arhiva\/#\/schema\/person\/image\/\",\"url\":\"https:\/\/secure.gravatar.com\/avatar\/42263f39aa27ac04c43cab85c280eb2e?s=96&d=mm&r=pg\",\"contentUrl\":\"https:\/\/secure.gravatar.com\/avatar\/42263f39aa27ac04c43cab85c280eb2e?s=96&d=mm&r=pg\",\"caption\":\"Kul\"},\"logo\":{\"@id\":\"https:\/\/sandzakpress.net\/arhiva\/#\/schema\/person\/image\/\"}},{\"@type\":\"Person\",\"@id\":\"https:\/\/sandzakpress.net\/arhiva\/#\/schema\/person\/c8baee722073534b583ea7bdb2e36c02\",\"name\":\"bosniak\",\"image\":{\"@type\":\"ImageObject\",\"inLanguage\":\"bs-BA\",\"@id\":\"https:\/\/sandzakpress.net\/arhiva\/#\/schema\/person\/image\/\",\"url\":\"https:\/\/secure.gravatar.com\/avatar\/a04fd330bfe3a36a72a0ad4a6d89fca7?s=96&d=mm&r=pg\",\"contentUrl\":\"https:\/\/secure.gravatar.com\/avatar\/a04fd330bfe3a36a72a0ad4a6d89fca7?s=96&d=mm&r=pg\",\"caption\":\"bosniak\"},\"url\":\"https:\/\/sandzakpress.net\/arhiva\/author\/bosniak\/\"}]}<\/script>\n<!-- \/ Yoast SEO Premium plugin. -->","yoast_head_json":{"title":"Crna Gora po\u010dinje izgradnju auto-puta prema Sjenici","robots":{"index":"index","follow":"follow","max-snippet":"max-snippet:-1","max-image-preview":"max-image-preview:large","max-video-preview":"max-video-preview:-1"},"canonical":"https:\/\/sandzakpress.net\/arhiva\/crna-gora-pocinje-izgradnju-auto-puta-prema-sjenici\/","og_locale":"bs_BA","og_type":"article","og_title":"Crna Gora po\u010dinje izgradnju auto-puta prema Sjenici","og_description":"Sjenica, Crna Gora &#8211;\u00a0Kineska kompanija \u201e\u010cajna roud and brid\u017e korporej\u0161n\u201c (CRBC) najavila je da \u0107e uskoro po\u010deti da gradi autoput od Bara do Boljara na granici Crne Gore i Srbije. Crna\u00a0Gora\u00a0je dobar primjer uspje\u0161ne saradnje Kine i zemalja jugoisto\u010dne Evrope, rekao je generalni direktor CRBC-a Lu Shan, prenosi RTV Crne Gore. On je, na sastanku [&hellip;]","og_url":"https:\/\/sandzakpress.net\/arhiva\/crna-gora-pocinje-izgradnju-auto-puta-prema-sjenici\/","og_site_name":"Sand\u017eak PRESS","article_published_time":"2014-05-10T23:57:23+00:00","og_image":[{"width":600,"height":400,"url":"https:\/\/sandzakpress.net\/arhiva\/wp-content\/uploads\/2014\/05\/1xjl8b6.jpg","type":"image\/jpeg"}],"author":"bosniak","twitter_card":"summary_large_image","twitter_misc":{"Written by":"bosniak","Est. reading time":"1 minuta"},"schema":{"@context":"https:\/\/schema.org","@graph":[{"@type":"Article","@id":"https:\/\/sandzakpress.net\/arhiva\/crna-gora-pocinje-izgradnju-auto-puta-prema-sjenici\/#article","isPartOf":{"@id":"https:\/\/sandzakpress.net\/arhiva\/crna-gora-pocinje-izgradnju-auto-puta-prema-sjenici\/"},"author":{"name":"bosniak","@id":"https:\/\/sandzakpress.net\/arhiva\/#\/schema\/person\/c8baee722073534b583ea7bdb2e36c02"},"headline":"Crna Gora po\u010dinje izgradnju auto-puta prema Sjenici","datePublished":"2014-05-10T23:57:23+00:00","mainEntityOfPage":{"@id":"https:\/\/sandzakpress.net\/arhiva\/crna-gora-pocinje-izgradnju-auto-puta-prema-sjenici\/"},"wordCount":214,"commentCount":0,"publisher":{"@id":"https:\/\/sandzakpress.net\/arhiva\/#\/schema\/person\/6e72b67d6e51910a1117b3b483ba20bd"},"image":{"@id":"https:\/\/sandzakpress.net\/arhiva\/crna-gora-pocinje-izgradnju-auto-puta-prema-sjenici\/#primaryimage"},"thumbnailUrl":"https:\/\/sandzakpress.net\/arhiva\/wp-content\/uploads\/2014\/05\/1xjl8b6.jpg","articleSection":["Politika","Sjenica","Crna Gora"],"inLanguage":"bs-BA","potentialAction":[{"@type":"CommentAction","name":"Comment","target":["https:\/\/sandzakpress.net\/arhiva\/crna-gora-pocinje-izgradnju-auto-puta-prema-sjenici\/#respond"]}]},{"@type":"WebPage","@id":"https:\/\/sandzakpress.net\/arhiva\/crna-gora-pocinje-izgradnju-auto-puta-prema-sjenici\/","url":"https:\/\/sandzakpress.net\/arhiva\/crna-gora-pocinje-izgradnju-auto-puta-prema-sjenici\/","name":"Crna Gora po\u010dinje izgradnju auto-puta prema Sjenici","isPartOf":{"@id":"https:\/\/sandzakpress.net\/arhiva\/#website"},"primaryImageOfPage":{"@id":"https:\/\/sandzakpress.net\/arhiva\/crna-gora-pocinje-izgradnju-auto-puta-prema-sjenici\/#primaryimage"},"image":{"@id":"https:\/\/sandzakpress.net\/arhiva\/crna-gora-pocinje-izgradnju-auto-puta-prema-sjenici\/#primaryimage"},"thumbnailUrl":"https:\/\/sandzakpress.net\/arhiva\/wp-content\/uploads\/2014\/05\/1xjl8b6.jpg","datePublished":"2014-05-10T23:57:23+00:00","breadcrumb":{"@id":"https:\/\/sandzakpress.net\/arhiva\/crna-gora-pocinje-izgradnju-auto-puta-prema-sjenici\/#breadcrumb"},"inLanguage":"bs-BA","potentialAction":[{"@type":"ReadAction","target":["https:\/\/sandzakpress.net\/arhiva\/crna-gora-pocinje-izgradnju-auto-puta-prema-sjenici\/"]}]},{"@type":"ImageObject","inLanguage":"bs-BA","@id":"https:\/\/sandzakpress.net\/arhiva\/crna-gora-pocinje-izgradnju-auto-puta-prema-sjenici\/#primaryimage","url":"https:\/\/sandzakpress.net\/arhiva\/wp-content\/uploads\/2014\/05\/1xjl8b6.jpg","contentUrl":"https:\/\/sandzakpress.net\/arhiva\/wp-content\/uploads\/2014\/05\/1xjl8b6.jpg","width":600,"height":400},{"@type":"BreadcrumbList","@id":"https:\/\/sandzakpress.net\/arhiva\/crna-gora-pocinje-izgradnju-auto-puta-prema-sjenici\/#breadcrumb","itemListElement":[{"@type":"ListItem","position":1,"name":"Home","item":"https:\/\/sandzakpress.net\/arhiva\/"},{"@type":"ListItem","position":2,"name":"Crna Gora po\u010dinje izgradnju auto-puta prema Sjenici"}]},{"@type":"WebSite","@id":"https:\/\/sandzakpress.net\/arhiva\/#website","url":"https:\/\/sandzakpress.net\/arhiva\/","name":"Sand\u017eak PRESS","description":"Prve elektronske novine u Sand\u017eaku","publisher":{"@id":"https:\/\/sandzakpress.net\/arhiva\/#\/schema\/person\/6e72b67d6e51910a1117b3b483ba20bd"},"potentialAction":[{"@type":"SearchAction","target":{"@type":"EntryPoint","urlTemplate":"https:\/\/sandzakpress.net\/arhiva\/?s={search_term_string}"},"query-input":{"@type":"PropertyValueSpecification","valueRequired":true,"valueName":"search_term_string"}}],"inLanguage":"bs-BA"},{"@type":["Person","Organization"],"@id":"https:\/\/sandzakpress.net\/arhiva\/#\/schema\/person\/6e72b67d6e51910a1117b3b483ba20bd","name":"Kul","image":{"@type":"ImageObject","inLanguage":"bs-BA","@id":"https:\/\/sandzakpress.net\/arhiva\/#\/schema\/person\/image\/","url":"https:\/\/secure.gravatar.com\/avatar\/42263f39aa27ac04c43cab85c280eb2e?s=96&d=mm&r=pg","contentUrl":"https:\/\/secure.gravatar.com\/avatar\/42263f39aa27ac04c43cab85c280eb2e?s=96&d=mm&r=pg","caption":"Kul"},"logo":{"@id":"https:\/\/sandzakpress.net\/arhiva\/#\/schema\/person\/image\/"}},{"@type":"Person","@id":"https:\/\/sandzakpress.net\/arhiva\/#\/schema\/person\/c8baee722073534b583ea7bdb2e36c02","name":"bosniak","image":{"@type":"ImageObject","inLanguage":"bs-BA","@id":"https:\/\/sandzakpress.net\/arhiva\/#\/schema\/person\/image\/","url":"https:\/\/secure.gravatar.com\/avatar\/a04fd330bfe3a36a72a0ad4a6d89fca7?s=96&d=mm&r=pg","contentUrl":"https:\/\/secure.gravatar.com\/avatar\/a04fd330bfe3a36a72a0ad4a6d89fca7?s=96&d=mm&r=pg","caption":"bosniak"},"url":"https:\/\/sandzakpress.net\/arhiva\/author\/bosniak\/"}]}},"_links":{"self":[{"href":"https:\/\/sandzakpress.net\/arhiva\/wp-json\/wp\/v2\/posts\/105499"}],"collection":[{"href":"https:\/\/sandzakpress.net\/arhiva\/wp-json\/wp\/v2\/posts"}],"about":[{"href":"https:\/\/sandzakpress.net\/arhiva\/wp-json\/wp\/v2\/types\/post"}],"author":[{"embeddable":true,"href":"https:\/\/sandzakpress.net\/arhiva\/wp-json\/wp\/v2\/users\/83"}],"replies":[{"embeddable":true,"href":"https:\/\/sandzakpress.net\/arhiva\/wp-json\/wp\/v2\/comments?post=105499"}],"version-history":[{"count":0,"href":"https:\/\/sandzakpress.net\/arhiva\/wp-json\/wp\/v2\/posts\/105499\/revisions"}],"wp:featuredmedia":[{"embeddable":true,"href":"https:\/\/sandzakpress.net\/arhiva\/wp-json\/wp\/v2\/media\/105500"}],"wp:attachment":[{"href":"https:\/\/sandzakpress.net\/arhiva\/wp-json\/wp\/v2\/media?parent=105499"}],"wp:term":[{"taxonomy":"category","embeddable":true,"href":"https:\/\/sandzakpress.net\/arhiva\/wp-json\/wp\/v2\/categories?post=105499"},{"taxonomy":"post_tag","embeddable":true,"href":"https:\/\/sandzakpress.net\/arhiva\/wp-json\/wp\/v2\/tags?post=105499"}],"curies":[{"name":"wp","href":"https:\/\/api.w.org\/{rel}","templated":true}]}}