{"id":105438,"date":"2014-05-09T18:49:29","date_gmt":"2014-05-09T16:49:29","guid":{"rendered":"https:\/\/sandzakpress.net\/arhiva\/?p=105438"},"modified":"2014-05-09T23:26:52","modified_gmt":"2014-05-09T21:26:52","slug":"jusufspahic-hocemo-jedinstvenu-islamsku-zajednicu-kojom-ce-se-upravljati-iz-beograda","status":"publish","type":"post","link":"https:\/\/sandzakpress.net\/arhiva\/jusufspahic-hocemo-jedinstvenu-islamsku-zajednicu-kojom-ce-se-upravljati-iz-beograda\/","title":{"rendered":"Jusufspahi\u0107: &#8216;Ho\u0107emo jedinstvenu Islamsku zajednicu kojom \u0107e se upravljati iz Beograda&#8217;"},"content":{"rendered":"<p><strong><img loading=\"lazy\" decoding=\"async\" class=\"alignleft\" alt=\"\" src=\"http:\/\/www.vesti-online.com\/data\/images\/2013-04-01\/312506_jusufspahic-foto-beta_f.jpg?ver=1375990278\" width=\"432\" height=\"261\" \/>Srbija &#8211; Muhamed Jusufspahi\u0107 ka\u017ee da je jedinstvo muslimana u Srbiji \u017eelja &#8220;Islamske zajednice Srbije&#8221; pod uslovom da to bude u okviru tzv. &#8220;Rijaseta IZS u Beogradu&#8221;.<\/strong><\/p>\n<p>\u201cNeko \u017eeli da nas koji \u017eivimo u Srbiji stavi pod strukture drugih rijaseta u drugim zemljama. To nije islamski i bo\u017eanski zakon. Mi \u017eivimo u Srbiji, mi govorimo srpskim jezikom\u201d, istakao je Jusufspahi\u0107.<\/p>\n<p>On isti\u010de da projekat jedinstva muslimana u Srbiji nije ni Turski ni Sarajeva, ve\u0107 njegov.<\/p>\n<p><span style=\"line-height: 1.5em;\">\u201cMi nemamo razloga da postupamo kao \u0161to smo postupali u vrijeme biv\u0161e Jugoslavije koje vi\u0161e nema. Ovo je Srbija i tu je &#8220;Rijaset IZS&#8221; bez onoga \u2018u&#8217;, jer ovde nismo uljezi\u201d, precizan je.<\/span><\/p>\n<p><span style=\"line-height: 1.5em;\">\u201cPo svom uvjerenju, kao musliman, moram biti dobro\u010dinitelj dr\u017eavljanima Srbije, bilo da su to ve\u0107inski Srbi ili oni manjinski narodi. Srbija se zove po Srbima potpuno legitimno, a mi koji nismo Srbi, a \u017eivimo u Srbiji mi se zovemo po Srbiji i Srbija je na\u0161 zajedni\u010dki imenitelj\u201d, obja\u0161njava muftija.<\/span><\/p>\n<p><span style=\"line-height: 1.5em;\">Promjene u Islamskoj zajednici u Srbiji, gdje je za predsjednika umjesto muftije Muamera Zukorli\u0107a izabran profesor Mevlud Dudi\u0107, Jusufspahi\u0107 ka\u017ee da su te promjene dobre, ako su radi ne\u010dega, podjednako koliko je dobro to \u0161to se u IZS ni\u0161ta nije promijenilo.<\/span><\/p>\n<p>On ne vidi svrhu uspostavljanju evropskog muftije, ako, kako ka\u017ee, ne postoji, azijski, afri\u010dki ili vaseljenski halifa, predvoditelj svih muslimana.<\/p>\n<p>\u201cMi imamo jedno mjesto ka kome se okre\u0107emo u ovoj horizontali i to je Meka, kao i mjesto gdje taj autoritet treba da sjedi, a to je Medina\u201d, naveo je on.<\/p>\n<p>Protivi se odlasku dr\u017eavljana Srbije u rat u Siriju, jer je, kako ka\u017ee, tu rije\u010d o sukobu onih koji \u017eele da dominiraju na polju finansija, ekonomije i nafte. To, obja\u0161njava, nije poziv od Boga. Dati \u017eivot Bogu je ne\u0161to sasvim drugo i protiv toga nema ni\u0161ta. \u201cOd Boga smo do\u0161li i Bogu smo po\u0161li. Ali, Siriija nije ta pri\u010da\u201d, poru\u010dio je Jusufspahi\u0107.<\/p>\n<p>Navodi da srpskom narodu ne \u017eeli zlo, koliko god da su se pojedinci ogrije\u0161ili pale\u0107i njegovu bogomolju \u2013 beogradsku Bajrakli d\u017eamiju. O ubrzanom putu Srbije ka EU muftija ka\u017ee \u201cmi protiv toga nemamo ni\u0161ta\u201d.<\/p>\n<p>&nbsp;<\/p>\n<p>(Izvor: Tanjug)<\/p>\n","protected":false},"excerpt":{"rendered":"<p>Ko sve od politi\u010dkih partija iz Sand\u017eaka podr\u017eava ovog \u010dovjeka?<\/p>\n","protected":false},"author":83,"featured_media":105439,"comment_status":"open","ping_status":"open","sticky":false,"template":"","format":"standard","meta":{"footnotes":""},"categories":[72,1,52,327,392,8957],"tags":[10197],"class_list":{"0":"post-105438","1":"post","2":"type-post","3":"status-publish","4":"format-standard","5":"has-post-thumbnail","7":"category-novi-pazar","8":"category-politika","9":"category-sjenica","10":"category-tutin","11":"category-prijepolje_","12":"category-vijesti-dana","13":"tag-muhamed-jusufspahic"},"yoast_head":"<!-- This site is optimized with the Yoast SEO Premium plugin v23.1 (Yoast SEO v24.9) - https:\/\/yoast.com\/wordpress\/plugins\/seo\/ -->\n<title>Jusufspahi\u0107: &#039;Ho\u0107emo jedinstvenu Islamsku zajednicu kojom \u0107e se upravljati iz Beograda&#039;<\/title>\n<meta name=\"robots\" content=\"index, follow, max-snippet:-1, max-image-preview:large, max-video-preview:-1\" \/>\n<link rel=\"canonical\" href=\"https:\/\/sandzakpress.net\/arhiva\/jusufspahic-hocemo-jedinstvenu-islamsku-zajednicu-kojom-ce-se-upravljati-iz-beograda\/\" \/>\n<meta property=\"og:locale\" content=\"bs_BA\" \/>\n<meta property=\"og:type\" content=\"article\" \/>\n<meta property=\"og:title\" content=\"Jusufspahi\u0107: &#039;Ho\u0107emo jedinstvenu Islamsku zajednicu kojom \u0107e se upravljati iz Beograda&#039;\" \/>\n<meta property=\"og:description\" content=\"Ko sve od politi\u010dkih partija iz Sand\u017eaka podr\u017eava ovog \u010dovjeka?\" \/>\n<meta property=\"og:url\" content=\"https:\/\/sandzakpress.net\/arhiva\/jusufspahic-hocemo-jedinstvenu-islamsku-zajednicu-kojom-ce-se-upravljati-iz-beograda\/\" \/>\n<meta property=\"og:site_name\" content=\"Sand\u017eak PRESS\" \/>\n<meta property=\"article:published_time\" content=\"2014-05-09T16:49:29+00:00\" \/>\n<meta property=\"article:modified_time\" content=\"2014-05-09T21:26:52+00:00\" \/>\n<meta property=\"og:image\" content=\"https:\/\/sandzakpress.net\/arhiva\/wp-content\/uploads\/2014\/05\/312506_jusufspahic-foto-beta_f.jpg\" \/>\n\t<meta property=\"og:image:width\" content=\"480\" \/>\n\t<meta property=\"og:image:height\" content=\"290\" \/>\n\t<meta property=\"og:image:type\" content=\"image\/jpeg\" \/>\n<meta name=\"author\" content=\"bosniak\" \/>\n<meta name=\"twitter:card\" content=\"summary_large_image\" \/>\n<meta name=\"twitter:label1\" content=\"Written by\" \/>\n\t<meta name=\"twitter:data1\" content=\"bosniak\" \/>\n\t<meta name=\"twitter:label2\" content=\"Est. reading time\" \/>\n\t<meta name=\"twitter:data2\" content=\"2 minute\" \/>\n<script type=\"application\/ld+json\" class=\"yoast-schema-graph\">{\"@context\":\"https:\/\/schema.org\",\"@graph\":[{\"@type\":\"Article\",\"@id\":\"https:\/\/sandzakpress.net\/arhiva\/jusufspahic-hocemo-jedinstvenu-islamsku-zajednicu-kojom-ce-se-upravljati-iz-beograda\/#article\",\"isPartOf\":{\"@id\":\"https:\/\/sandzakpress.net\/arhiva\/jusufspahic-hocemo-jedinstvenu-islamsku-zajednicu-kojom-ce-se-upravljati-iz-beograda\/\"},\"author\":{\"name\":\"bosniak\",\"@id\":\"https:\/\/sandzakpress.net\/arhiva\/#\/schema\/person\/c8baee722073534b583ea7bdb2e36c02\"},\"headline\":\"Jusufspahi\u0107: &#8216;Ho\u0107emo jedinstvenu Islamsku zajednicu kojom \u0107e se upravljati iz Beograda&#8217;\",\"datePublished\":\"2014-05-09T16:49:29+00:00\",\"dateModified\":\"2014-05-09T21:26:52+00:00\",\"mainEntityOfPage\":{\"@id\":\"https:\/\/sandzakpress.net\/arhiva\/jusufspahic-hocemo-jedinstvenu-islamsku-zajednicu-kojom-ce-se-upravljati-iz-beograda\/\"},\"wordCount\":390,\"commentCount\":38,\"publisher\":{\"@id\":\"https:\/\/sandzakpress.net\/arhiva\/#\/schema\/person\/6e72b67d6e51910a1117b3b483ba20bd\"},\"image\":{\"@id\":\"https:\/\/sandzakpress.net\/arhiva\/jusufspahic-hocemo-jedinstvenu-islamsku-zajednicu-kojom-ce-se-upravljati-iz-beograda\/#primaryimage\"},\"thumbnailUrl\":\"https:\/\/sandzakpress.net\/arhiva\/wp-content\/uploads\/2014\/05\/312506_jusufspahic-foto-beta_f.jpg\",\"keywords\":[\"Muhamed Jusufspahi\u0107\"],\"articleSection\":[\"Novi Pazar\",\"Politika\",\"Sjenica\",\"Tutin\",\"Prijepolje\",\"VIJESTI DANA\"],\"inLanguage\":\"bs-BA\",\"potentialAction\":[{\"@type\":\"CommentAction\",\"name\":\"Comment\",\"target\":[\"https:\/\/sandzakpress.net\/arhiva\/jusufspahic-hocemo-jedinstvenu-islamsku-zajednicu-kojom-ce-se-upravljati-iz-beograda\/#respond\"]}]},{\"@type\":\"WebPage\",\"@id\":\"https:\/\/sandzakpress.net\/arhiva\/jusufspahic-hocemo-jedinstvenu-islamsku-zajednicu-kojom-ce-se-upravljati-iz-beograda\/\",\"url\":\"https:\/\/sandzakpress.net\/arhiva\/jusufspahic-hocemo-jedinstvenu-islamsku-zajednicu-kojom-ce-se-upravljati-iz-beograda\/\",\"name\":\"Jusufspahi\u0107: 'Ho\u0107emo jedinstvenu Islamsku zajednicu kojom \u0107e se upravljati iz Beograda'\",\"isPartOf\":{\"@id\":\"https:\/\/sandzakpress.net\/arhiva\/#website\"},\"primaryImageOfPage\":{\"@id\":\"https:\/\/sandzakpress.net\/arhiva\/jusufspahic-hocemo-jedinstvenu-islamsku-zajednicu-kojom-ce-se-upravljati-iz-beograda\/#primaryimage\"},\"image\":{\"@id\":\"https:\/\/sandzakpress.net\/arhiva\/jusufspahic-hocemo-jedinstvenu-islamsku-zajednicu-kojom-ce-se-upravljati-iz-beograda\/#primaryimage\"},\"thumbnailUrl\":\"https:\/\/sandzakpress.net\/arhiva\/wp-content\/uploads\/2014\/05\/312506_jusufspahic-foto-beta_f.jpg\",\"datePublished\":\"2014-05-09T16:49:29+00:00\",\"dateModified\":\"2014-05-09T21:26:52+00:00\",\"breadcrumb\":{\"@id\":\"https:\/\/sandzakpress.net\/arhiva\/jusufspahic-hocemo-jedinstvenu-islamsku-zajednicu-kojom-ce-se-upravljati-iz-beograda\/#breadcrumb\"},\"inLanguage\":\"bs-BA\",\"potentialAction\":[{\"@type\":\"ReadAction\",\"target\":[\"https:\/\/sandzakpress.net\/arhiva\/jusufspahic-hocemo-jedinstvenu-islamsku-zajednicu-kojom-ce-se-upravljati-iz-beograda\/\"]}]},{\"@type\":\"ImageObject\",\"inLanguage\":\"bs-BA\",\"@id\":\"https:\/\/sandzakpress.net\/arhiva\/jusufspahic-hocemo-jedinstvenu-islamsku-zajednicu-kojom-ce-se-upravljati-iz-beograda\/#primaryimage\",\"url\":\"https:\/\/sandzakpress.net\/arhiva\/wp-content\/uploads\/2014\/05\/312506_jusufspahic-foto-beta_f.jpg\",\"contentUrl\":\"https:\/\/sandzakpress.net\/arhiva\/wp-content\/uploads\/2014\/05\/312506_jusufspahic-foto-beta_f.jpg\",\"width\":480,\"height\":290},{\"@type\":\"BreadcrumbList\",\"@id\":\"https:\/\/sandzakpress.net\/arhiva\/jusufspahic-hocemo-jedinstvenu-islamsku-zajednicu-kojom-ce-se-upravljati-iz-beograda\/#breadcrumb\",\"itemListElement\":[{\"@type\":\"ListItem\",\"position\":1,\"name\":\"Home\",\"item\":\"https:\/\/sandzakpress.net\/arhiva\/\"},{\"@type\":\"ListItem\",\"position\":2,\"name\":\"Jusufspahi\u0107: &#8216;Ho\u0107emo jedinstvenu Islamsku zajednicu kojom \u0107e se upravljati iz Beograda&#8217;\"}]},{\"@type\":\"WebSite\",\"@id\":\"https:\/\/sandzakpress.net\/arhiva\/#website\",\"url\":\"https:\/\/sandzakpress.net\/arhiva\/\",\"name\":\"Sand\u017eak PRESS\",\"description\":\"Prve elektronske novine u Sand\u017eaku\",\"publisher\":{\"@id\":\"https:\/\/sandzakpress.net\/arhiva\/#\/schema\/person\/6e72b67d6e51910a1117b3b483ba20bd\"},\"potentialAction\":[{\"@type\":\"SearchAction\",\"target\":{\"@type\":\"EntryPoint\",\"urlTemplate\":\"https:\/\/sandzakpress.net\/arhiva\/?s={search_term_string}\"},\"query-input\":{\"@type\":\"PropertyValueSpecification\",\"valueRequired\":true,\"valueName\":\"search_term_string\"}}],\"inLanguage\":\"bs-BA\"},{\"@type\":[\"Person\",\"Organization\"],\"@id\":\"https:\/\/sandzakpress.net\/arhiva\/#\/schema\/person\/6e72b67d6e51910a1117b3b483ba20bd\",\"name\":\"Kul\",\"image\":{\"@type\":\"ImageObject\",\"inLanguage\":\"bs-BA\",\"@id\":\"https:\/\/sandzakpress.net\/arhiva\/#\/schema\/person\/image\/\",\"url\":\"https:\/\/secure.gravatar.com\/avatar\/42263f39aa27ac04c43cab85c280eb2e?s=96&d=mm&r=pg\",\"contentUrl\":\"https:\/\/secure.gravatar.com\/avatar\/42263f39aa27ac04c43cab85c280eb2e?s=96&d=mm&r=pg\",\"caption\":\"Kul\"},\"logo\":{\"@id\":\"https:\/\/sandzakpress.net\/arhiva\/#\/schema\/person\/image\/\"}},{\"@type\":\"Person\",\"@id\":\"https:\/\/sandzakpress.net\/arhiva\/#\/schema\/person\/c8baee722073534b583ea7bdb2e36c02\",\"name\":\"bosniak\",\"image\":{\"@type\":\"ImageObject\",\"inLanguage\":\"bs-BA\",\"@id\":\"https:\/\/sandzakpress.net\/arhiva\/#\/schema\/person\/image\/\",\"url\":\"https:\/\/secure.gravatar.com\/avatar\/a04fd330bfe3a36a72a0ad4a6d89fca7?s=96&d=mm&r=pg\",\"contentUrl\":\"https:\/\/secure.gravatar.com\/avatar\/a04fd330bfe3a36a72a0ad4a6d89fca7?s=96&d=mm&r=pg\",\"caption\":\"bosniak\"},\"url\":\"https:\/\/sandzakpress.net\/arhiva\/author\/bosniak\/\"}]}<\/script>\n<!-- \/ Yoast SEO Premium plugin. -->","yoast_head_json":{"title":"Jusufspahi\u0107: 'Ho\u0107emo jedinstvenu Islamsku zajednicu kojom \u0107e se upravljati iz Beograda'","robots":{"index":"index","follow":"follow","max-snippet":"max-snippet:-1","max-image-preview":"max-image-preview:large","max-video-preview":"max-video-preview:-1"},"canonical":"https:\/\/sandzakpress.net\/arhiva\/jusufspahic-hocemo-jedinstvenu-islamsku-zajednicu-kojom-ce-se-upravljati-iz-beograda\/","og_locale":"bs_BA","og_type":"article","og_title":"Jusufspahi\u0107: 'Ho\u0107emo jedinstvenu Islamsku zajednicu kojom \u0107e se upravljati iz Beograda'","og_description":"Ko sve od politi\u010dkih partija iz Sand\u017eaka podr\u017eava ovog \u010dovjeka?","og_url":"https:\/\/sandzakpress.net\/arhiva\/jusufspahic-hocemo-jedinstvenu-islamsku-zajednicu-kojom-ce-se-upravljati-iz-beograda\/","og_site_name":"Sand\u017eak PRESS","article_published_time":"2014-05-09T16:49:29+00:00","article_modified_time":"2014-05-09T21:26:52+00:00","og_image":[{"width":480,"height":290,"url":"https:\/\/sandzakpress.net\/arhiva\/wp-content\/uploads\/2014\/05\/312506_jusufspahic-foto-beta_f.jpg","type":"image\/jpeg"}],"author":"bosniak","twitter_card":"summary_large_image","twitter_misc":{"Written by":"bosniak","Est. reading time":"2 minute"},"schema":{"@context":"https:\/\/schema.org","@graph":[{"@type":"Article","@id":"https:\/\/sandzakpress.net\/arhiva\/jusufspahic-hocemo-jedinstvenu-islamsku-zajednicu-kojom-ce-se-upravljati-iz-beograda\/#article","isPartOf":{"@id":"https:\/\/sandzakpress.net\/arhiva\/jusufspahic-hocemo-jedinstvenu-islamsku-zajednicu-kojom-ce-se-upravljati-iz-beograda\/"},"author":{"name":"bosniak","@id":"https:\/\/sandzakpress.net\/arhiva\/#\/schema\/person\/c8baee722073534b583ea7bdb2e36c02"},"headline":"Jusufspahi\u0107: &#8216;Ho\u0107emo jedinstvenu Islamsku zajednicu kojom \u0107e se upravljati iz Beograda&#8217;","datePublished":"2014-05-09T16:49:29+00:00","dateModified":"2014-05-09T21:26:52+00:00","mainEntityOfPage":{"@id":"https:\/\/sandzakpress.net\/arhiva\/jusufspahic-hocemo-jedinstvenu-islamsku-zajednicu-kojom-ce-se-upravljati-iz-beograda\/"},"wordCount":390,"commentCount":38,"publisher":{"@id":"https:\/\/sandzakpress.net\/arhiva\/#\/schema\/person\/6e72b67d6e51910a1117b3b483ba20bd"},"image":{"@id":"https:\/\/sandzakpress.net\/arhiva\/jusufspahic-hocemo-jedinstvenu-islamsku-zajednicu-kojom-ce-se-upravljati-iz-beograda\/#primaryimage"},"thumbnailUrl":"https:\/\/sandzakpress.net\/arhiva\/wp-content\/uploads\/2014\/05\/312506_jusufspahic-foto-beta_f.jpg","keywords":["Muhamed Jusufspahi\u0107"],"articleSection":["Novi Pazar","Politika","Sjenica","Tutin","Prijepolje","VIJESTI DANA"],"inLanguage":"bs-BA","potentialAction":[{"@type":"CommentAction","name":"Comment","target":["https:\/\/sandzakpress.net\/arhiva\/jusufspahic-hocemo-jedinstvenu-islamsku-zajednicu-kojom-ce-se-upravljati-iz-beograda\/#respond"]}]},{"@type":"WebPage","@id":"https:\/\/sandzakpress.net\/arhiva\/jusufspahic-hocemo-jedinstvenu-islamsku-zajednicu-kojom-ce-se-upravljati-iz-beograda\/","url":"https:\/\/sandzakpress.net\/arhiva\/jusufspahic-hocemo-jedinstvenu-islamsku-zajednicu-kojom-ce-se-upravljati-iz-beograda\/","name":"Jusufspahi\u0107: 'Ho\u0107emo jedinstvenu Islamsku zajednicu kojom \u0107e se upravljati iz Beograda'","isPartOf":{"@id":"https:\/\/sandzakpress.net\/arhiva\/#website"},"primaryImageOfPage":{"@id":"https:\/\/sandzakpress.net\/arhiva\/jusufspahic-hocemo-jedinstvenu-islamsku-zajednicu-kojom-ce-se-upravljati-iz-beograda\/#primaryimage"},"image":{"@id":"https:\/\/sandzakpress.net\/arhiva\/jusufspahic-hocemo-jedinstvenu-islamsku-zajednicu-kojom-ce-se-upravljati-iz-beograda\/#primaryimage"},"thumbnailUrl":"https:\/\/sandzakpress.net\/arhiva\/wp-content\/uploads\/2014\/05\/312506_jusufspahic-foto-beta_f.jpg","datePublished":"2014-05-09T16:49:29+00:00","dateModified":"2014-05-09T21:26:52+00:00","breadcrumb":{"@id":"https:\/\/sandzakpress.net\/arhiva\/jusufspahic-hocemo-jedinstvenu-islamsku-zajednicu-kojom-ce-se-upravljati-iz-beograda\/#breadcrumb"},"inLanguage":"bs-BA","potentialAction":[{"@type":"ReadAction","target":["https:\/\/sandzakpress.net\/arhiva\/jusufspahic-hocemo-jedinstvenu-islamsku-zajednicu-kojom-ce-se-upravljati-iz-beograda\/"]}]},{"@type":"ImageObject","inLanguage":"bs-BA","@id":"https:\/\/sandzakpress.net\/arhiva\/jusufspahic-hocemo-jedinstvenu-islamsku-zajednicu-kojom-ce-se-upravljati-iz-beograda\/#primaryimage","url":"https:\/\/sandzakpress.net\/arhiva\/wp-content\/uploads\/2014\/05\/312506_jusufspahic-foto-beta_f.jpg","contentUrl":"https:\/\/sandzakpress.net\/arhiva\/wp-content\/uploads\/2014\/05\/312506_jusufspahic-foto-beta_f.jpg","width":480,"height":290},{"@type":"BreadcrumbList","@id":"https:\/\/sandzakpress.net\/arhiva\/jusufspahic-hocemo-jedinstvenu-islamsku-zajednicu-kojom-ce-se-upravljati-iz-beograda\/#breadcrumb","itemListElement":[{"@type":"ListItem","position":1,"name":"Home","item":"https:\/\/sandzakpress.net\/arhiva\/"},{"@type":"ListItem","position":2,"name":"Jusufspahi\u0107: &#8216;Ho\u0107emo jedinstvenu Islamsku zajednicu kojom \u0107e se upravljati iz Beograda&#8217;"}]},{"@type":"WebSite","@id":"https:\/\/sandzakpress.net\/arhiva\/#website","url":"https:\/\/sandzakpress.net\/arhiva\/","name":"Sand\u017eak PRESS","description":"Prve elektronske novine u Sand\u017eaku","publisher":{"@id":"https:\/\/sandzakpress.net\/arhiva\/#\/schema\/person\/6e72b67d6e51910a1117b3b483ba20bd"},"potentialAction":[{"@type":"SearchAction","target":{"@type":"EntryPoint","urlTemplate":"https:\/\/sandzakpress.net\/arhiva\/?s={search_term_string}"},"query-input":{"@type":"PropertyValueSpecification","valueRequired":true,"valueName":"search_term_string"}}],"inLanguage":"bs-BA"},{"@type":["Person","Organization"],"@id":"https:\/\/sandzakpress.net\/arhiva\/#\/schema\/person\/6e72b67d6e51910a1117b3b483ba20bd","name":"Kul","image":{"@type":"ImageObject","inLanguage":"bs-BA","@id":"https:\/\/sandzakpress.net\/arhiva\/#\/schema\/person\/image\/","url":"https:\/\/secure.gravatar.com\/avatar\/42263f39aa27ac04c43cab85c280eb2e?s=96&d=mm&r=pg","contentUrl":"https:\/\/secure.gravatar.com\/avatar\/42263f39aa27ac04c43cab85c280eb2e?s=96&d=mm&r=pg","caption":"Kul"},"logo":{"@id":"https:\/\/sandzakpress.net\/arhiva\/#\/schema\/person\/image\/"}},{"@type":"Person","@id":"https:\/\/sandzakpress.net\/arhiva\/#\/schema\/person\/c8baee722073534b583ea7bdb2e36c02","name":"bosniak","image":{"@type":"ImageObject","inLanguage":"bs-BA","@id":"https:\/\/sandzakpress.net\/arhiva\/#\/schema\/person\/image\/","url":"https:\/\/secure.gravatar.com\/avatar\/a04fd330bfe3a36a72a0ad4a6d89fca7?s=96&d=mm&r=pg","contentUrl":"https:\/\/secure.gravatar.com\/avatar\/a04fd330bfe3a36a72a0ad4a6d89fca7?s=96&d=mm&r=pg","caption":"bosniak"},"url":"https:\/\/sandzakpress.net\/arhiva\/author\/bosniak\/"}]}},"_links":{"self":[{"href":"https:\/\/sandzakpress.net\/arhiva\/wp-json\/wp\/v2\/posts\/105438"}],"collection":[{"href":"https:\/\/sandzakpress.net\/arhiva\/wp-json\/wp\/v2\/posts"}],"about":[{"href":"https:\/\/sandzakpress.net\/arhiva\/wp-json\/wp\/v2\/types\/post"}],"author":[{"embeddable":true,"href":"https:\/\/sandzakpress.net\/arhiva\/wp-json\/wp\/v2\/users\/83"}],"replies":[{"embeddable":true,"href":"https:\/\/sandzakpress.net\/arhiva\/wp-json\/wp\/v2\/comments?post=105438"}],"version-history":[{"count":0,"href":"https:\/\/sandzakpress.net\/arhiva\/wp-json\/wp\/v2\/posts\/105438\/revisions"}],"wp:featuredmedia":[{"embeddable":true,"href":"https:\/\/sandzakpress.net\/arhiva\/wp-json\/wp\/v2\/media\/105439"}],"wp:attachment":[{"href":"https:\/\/sandzakpress.net\/arhiva\/wp-json\/wp\/v2\/media?parent=105438"}],"wp:term":[{"taxonomy":"category","embeddable":true,"href":"https:\/\/sandzakpress.net\/arhiva\/wp-json\/wp\/v2\/categories?post=105438"},{"taxonomy":"post_tag","embeddable":true,"href":"https:\/\/sandzakpress.net\/arhiva\/wp-json\/wp\/v2\/tags?post=105438"}],"curies":[{"name":"wp","href":"https:\/\/api.w.org\/{rel}","templated":true}]}}