{"id":105047,"date":"2014-04-26T23:49:50","date_gmt":"2014-04-26T21:49:50","guid":{"rendered":"https:\/\/sandzakpress.net\/arhiva\/?p=105047"},"modified":"2014-04-27T09:20:17","modified_gmt":"2014-04-27T07:20:17","slug":"dani-zajednice-sandzacke-dijaspore-zsd-u-svicarskoj","status":"publish","type":"post","link":"https:\/\/sandzakpress.net\/arhiva\/dani-zajednice-sandzacke-dijaspore-zsd-u-svicarskoj\/","title":{"rendered":"Dani Zajednice sand\u017ea\u010dke dijaspore (ZSD) u \u0160vicarskoj"},"content":{"rendered":"<p><img loading=\"lazy\" decoding=\"async\" class=\"alignleft\" alt=\"\" src=\"http:\/\/www.zsds.ch\/cache\/d\/bd6f887eac7fa3e09c852cc719b6e8c2.jpg\" width=\"300\" height=\"225\" \/><\/p>\n<p><strong>\u0160vicarska &#8211;\u00a0U subotu, 12. aprila 2014. godine Zajednica sand\u017ea\u0107ke dijaspore za \u0160vicarsku na \u010delu sa gospodinom Faikom Gegi\u0107em uprili\u010dila je zajedni\u010dko dru\u017eenje i ve\u010der u d\u017eematu Wetzikon. Poziv je upu\u0107en svim Bo\u0161njacima sa podru\u010dja Sand\u017eaka i \u0161ire. U prigodnom programu koji je sa djecom pripremio imam Ramiz ef. Hamidovi\u0107 prisutni su ili priliku da se opuste i a ujedno i da se dru\u017ee me\u0111usobno, upoznaju, razmjenjuju iskustva. Na ovoj manifestaciji bili su prisutni d\u017eematlije iz d\u017eemata \u00abNUR\u00bb iz Ebikona, d\u017eemat Goldeu, kao i iz ostalih d\u017eemata \u0161irom \u0160vicarske.<\/strong><\/p>\n<div>\n<p>U prostorijama d\u017eemata \u00abNUR\u00bb \u2013 Ebikon, uz pomo\u0107 Zajednice sand\u017ea\u010dke dijaspore, realizovana je tribina pod nazivom\u00a0<em>\u00abUloga i vaznost dijaspore u ocuvanju identiteta Bosnjaka\u00bb\u00a0<\/em>na kojoj su ucestvovali:<\/p>\n<p><strong>Faik Gegi\u0107<\/strong>, predsjednik Zajednice sand\u017ea\u010dke dijaspore za \u0160vicarsku, koji je prisutne upoznao sa radom i djelovanjem, ciljevima i aktuelnim projektima organizacije na \u010dijem je \u010delu. On je tako\u0111er govorio o aktulenim projektima i pozvao prisutne da se sa svojim idejama, prisustvom, konkretnom podr\u0161kom u uklju\u010de u rad Zajednice sand\u017ea\u010dke dijapsore.<\/p>\n<p><strong>Alen Durakovi\u0107<\/strong>, profesor religijske pedagogije, govorio je o va\u017enosti samoorganizovanja u cilju samopredstavljanja i samopomo\u0107i, potrebi definisanja konkretnih ciljeva i djelovanja, sve u cilju osna\u017eivanja institucije dijaspore koja \u0107e u svakom momentu biti u mogu\u0107nosti pomo\u0107i Bo\u0161njacima. Kroz finansije, investiranje, lobiranje business sektora u zemljama u kojima \u017eive, uspostavu prijateljskih i politi\u010dkih veza sa aktuelnim politi\u010dkim predstavnicima i na\u010delnicima kantona u \u0160vicarskoj ali i u ostalim zemljamaEU gdje \u017eive Bo\u0161njaci.<\/p>\n<p><strong>Senad Sejdovi\u0107<\/strong>, zamjenik predsjednika Bo\u0161nja\u010dke nacionalne fondacije (BNF) za \u0160vicarsku, prisutne je upoznao sa radom i djelovanjem Bo\u0161nja\u010dke nacionalne fondacije, kao i aktulenim aktivnostima poput \u00abKampusa bo\u0161nja\u010dke omladine\u00bb i ujedno pozvao pristne da se aktivno uklju\u010de u rad i razvoj nacionalne fondacije Bo\u0161njaka.<\/p>\n<p>Donijet je zaklju\u010dak da je potrebno a shodno mogu\u0107nostima, organizovati vi\u0161e dru\u017eenja i tribina a u cilju me\u0111usobnog upoznavanja i osna\u017eivanja d\u017eemata, dijaspore i promovisanja sopstvenog identiteta.<\/p>\n<p>(zsd)<\/p>\n<\/div>\n","protected":false},"excerpt":{"rendered":"<p>\u0160vicarska &#8211;\u00a0U subotu, 12. aprila 2014. godine Zajednica sand\u017ea\u0107ke dijaspore za \u0160vicarsku na \u010delu sa gospodinom Faikom Gegi\u0107em uprili\u010dila je zajedni\u010dko dru\u017eenje i ve\u010der u d\u017eematu Wetzikon. Poziv je upu\u0107en svim Bo\u0161njacima sa podru\u010dja Sand\u017eaka i \u0161ire. U prigodnom programu koji je sa djecom pripremio imam Ramiz ef. Hamidovi\u0107 prisutni su ili priliku da se [&hellip;]<\/p>\n","protected":false},"author":83,"featured_media":105048,"comment_status":"open","ping_status":"open","sticky":false,"template":"","format":"standard","meta":{"footnotes":""},"categories":[800,9544,8957],"tags":[],"class_list":{"0":"post-105047","1":"post","2":"type-post","3":"status-publish","4":"format-standard","5":"has-post-thumbnail","7":"category-nacija","8":"category-svicarska-dijaspora-gradovi-vase-vijesti","9":"category-vijesti-dana"},"yoast_head":"<!-- This site is optimized with the Yoast SEO Premium plugin v23.1 (Yoast SEO v24.9) - https:\/\/yoast.com\/wordpress\/plugins\/seo\/ -->\n<title>Dani Zajednice sand\u017ea\u010dke dijaspore (ZSD) u \u0160vicarskoj<\/title>\n<meta name=\"robots\" content=\"index, follow, max-snippet:-1, max-image-preview:large, max-video-preview:-1\" \/>\n<link rel=\"canonical\" href=\"https:\/\/sandzakpress.net\/arhiva\/dani-zajednice-sandzacke-dijaspore-zsd-u-svicarskoj\/\" \/>\n<meta property=\"og:locale\" content=\"bs_BA\" \/>\n<meta property=\"og:type\" content=\"article\" \/>\n<meta property=\"og:title\" content=\"Dani Zajednice sand\u017ea\u010dke dijaspore (ZSD) u \u0160vicarskoj\" \/>\n<meta property=\"og:description\" content=\"\u0160vicarska &#8211;\u00a0U subotu, 12. aprila 2014. godine Zajednica sand\u017ea\u0107ke dijaspore za \u0160vicarsku na \u010delu sa gospodinom Faikom Gegi\u0107em uprili\u010dila je zajedni\u010dko dru\u017eenje i ve\u010der u d\u017eematu Wetzikon. Poziv je upu\u0107en svim Bo\u0161njacima sa podru\u010dja Sand\u017eaka i \u0161ire. U prigodnom programu koji je sa djecom pripremio imam Ramiz ef. Hamidovi\u0107 prisutni su ili priliku da se [&hellip;]\" \/>\n<meta property=\"og:url\" content=\"https:\/\/sandzakpress.net\/arhiva\/dani-zajednice-sandzacke-dijaspore-zsd-u-svicarskoj\/\" \/>\n<meta property=\"og:site_name\" content=\"Sand\u017eak PRESS\" \/>\n<meta property=\"article:published_time\" content=\"2014-04-26T21:49:50+00:00\" \/>\n<meta property=\"article:modified_time\" content=\"2014-04-27T07:20:17+00:00\" \/>\n<meta property=\"og:image\" content=\"https:\/\/sandzakpress.net\/arhiva\/wp-content\/uploads\/2014\/04\/bd6f887eac7fa3e09c852cc719b6e8c2.jpg\" \/>\n\t<meta property=\"og:image:width\" content=\"300\" \/>\n\t<meta property=\"og:image:height\" content=\"225\" \/>\n\t<meta property=\"og:image:type\" content=\"image\/jpeg\" \/>\n<meta name=\"author\" content=\"bosniak\" \/>\n<meta name=\"twitter:card\" content=\"summary_large_image\" \/>\n<meta name=\"twitter:label1\" content=\"Written by\" \/>\n\t<meta name=\"twitter:data1\" content=\"bosniak\" \/>\n\t<meta name=\"twitter:label2\" content=\"Est. reading time\" \/>\n\t<meta name=\"twitter:data2\" content=\"2 minute\" \/>\n<script type=\"application\/ld+json\" class=\"yoast-schema-graph\">{\"@context\":\"https:\/\/schema.org\",\"@graph\":[{\"@type\":\"Article\",\"@id\":\"https:\/\/sandzakpress.net\/arhiva\/dani-zajednice-sandzacke-dijaspore-zsd-u-svicarskoj\/#article\",\"isPartOf\":{\"@id\":\"https:\/\/sandzakpress.net\/arhiva\/dani-zajednice-sandzacke-dijaspore-zsd-u-svicarskoj\/\"},\"author\":{\"name\":\"bosniak\",\"@id\":\"https:\/\/sandzakpress.net\/arhiva\/#\/schema\/person\/c8baee722073534b583ea7bdb2e36c02\"},\"headline\":\"Dani Zajednice sand\u017ea\u010dke dijaspore (ZSD) u \u0160vicarskoj\",\"datePublished\":\"2014-04-26T21:49:50+00:00\",\"dateModified\":\"2014-04-27T07:20:17+00:00\",\"mainEntityOfPage\":{\"@id\":\"https:\/\/sandzakpress.net\/arhiva\/dani-zajednice-sandzacke-dijaspore-zsd-u-svicarskoj\/\"},\"wordCount\":367,\"commentCount\":3,\"publisher\":{\"@id\":\"https:\/\/sandzakpress.net\/arhiva\/#\/schema\/person\/6e72b67d6e51910a1117b3b483ba20bd\"},\"image\":{\"@id\":\"https:\/\/sandzakpress.net\/arhiva\/dani-zajednice-sandzacke-dijaspore-zsd-u-svicarskoj\/#primaryimage\"},\"thumbnailUrl\":\"https:\/\/sandzakpress.net\/arhiva\/wp-content\/uploads\/2014\/04\/bd6f887eac7fa3e09c852cc719b6e8c2.jpg\",\"articleSection\":[\"Nacija\",\"\u0160vicarska\",\"VIJESTI DANA\"],\"inLanguage\":\"bs-BA\",\"potentialAction\":[{\"@type\":\"CommentAction\",\"name\":\"Comment\",\"target\":[\"https:\/\/sandzakpress.net\/arhiva\/dani-zajednice-sandzacke-dijaspore-zsd-u-svicarskoj\/#respond\"]}]},{\"@type\":\"WebPage\",\"@id\":\"https:\/\/sandzakpress.net\/arhiva\/dani-zajednice-sandzacke-dijaspore-zsd-u-svicarskoj\/\",\"url\":\"https:\/\/sandzakpress.net\/arhiva\/dani-zajednice-sandzacke-dijaspore-zsd-u-svicarskoj\/\",\"name\":\"Dani Zajednice sand\u017ea\u010dke dijaspore (ZSD) u \u0160vicarskoj\",\"isPartOf\":{\"@id\":\"https:\/\/sandzakpress.net\/arhiva\/#website\"},\"primaryImageOfPage\":{\"@id\":\"https:\/\/sandzakpress.net\/arhiva\/dani-zajednice-sandzacke-dijaspore-zsd-u-svicarskoj\/#primaryimage\"},\"image\":{\"@id\":\"https:\/\/sandzakpress.net\/arhiva\/dani-zajednice-sandzacke-dijaspore-zsd-u-svicarskoj\/#primaryimage\"},\"thumbnailUrl\":\"https:\/\/sandzakpress.net\/arhiva\/wp-content\/uploads\/2014\/04\/bd6f887eac7fa3e09c852cc719b6e8c2.jpg\",\"datePublished\":\"2014-04-26T21:49:50+00:00\",\"dateModified\":\"2014-04-27T07:20:17+00:00\",\"breadcrumb\":{\"@id\":\"https:\/\/sandzakpress.net\/arhiva\/dani-zajednice-sandzacke-dijaspore-zsd-u-svicarskoj\/#breadcrumb\"},\"inLanguage\":\"bs-BA\",\"potentialAction\":[{\"@type\":\"ReadAction\",\"target\":[\"https:\/\/sandzakpress.net\/arhiva\/dani-zajednice-sandzacke-dijaspore-zsd-u-svicarskoj\/\"]}]},{\"@type\":\"ImageObject\",\"inLanguage\":\"bs-BA\",\"@id\":\"https:\/\/sandzakpress.net\/arhiva\/dani-zajednice-sandzacke-dijaspore-zsd-u-svicarskoj\/#primaryimage\",\"url\":\"https:\/\/sandzakpress.net\/arhiva\/wp-content\/uploads\/2014\/04\/bd6f887eac7fa3e09c852cc719b6e8c2.jpg\",\"contentUrl\":\"https:\/\/sandzakpress.net\/arhiva\/wp-content\/uploads\/2014\/04\/bd6f887eac7fa3e09c852cc719b6e8c2.jpg\",\"width\":300,\"height\":225},{\"@type\":\"BreadcrumbList\",\"@id\":\"https:\/\/sandzakpress.net\/arhiva\/dani-zajednice-sandzacke-dijaspore-zsd-u-svicarskoj\/#breadcrumb\",\"itemListElement\":[{\"@type\":\"ListItem\",\"position\":1,\"name\":\"Home\",\"item\":\"https:\/\/sandzakpress.net\/arhiva\/\"},{\"@type\":\"ListItem\",\"position\":2,\"name\":\"Dani Zajednice sand\u017ea\u010dke dijaspore (ZSD) u \u0160vicarskoj\"}]},{\"@type\":\"WebSite\",\"@id\":\"https:\/\/sandzakpress.net\/arhiva\/#website\",\"url\":\"https:\/\/sandzakpress.net\/arhiva\/\",\"name\":\"Sand\u017eak PRESS\",\"description\":\"Prve elektronske novine u Sand\u017eaku\",\"publisher\":{\"@id\":\"https:\/\/sandzakpress.net\/arhiva\/#\/schema\/person\/6e72b67d6e51910a1117b3b483ba20bd\"},\"potentialAction\":[{\"@type\":\"SearchAction\",\"target\":{\"@type\":\"EntryPoint\",\"urlTemplate\":\"https:\/\/sandzakpress.net\/arhiva\/?s={search_term_string}\"},\"query-input\":{\"@type\":\"PropertyValueSpecification\",\"valueRequired\":true,\"valueName\":\"search_term_string\"}}],\"inLanguage\":\"bs-BA\"},{\"@type\":[\"Person\",\"Organization\"],\"@id\":\"https:\/\/sandzakpress.net\/arhiva\/#\/schema\/person\/6e72b67d6e51910a1117b3b483ba20bd\",\"name\":\"Kul\",\"image\":{\"@type\":\"ImageObject\",\"inLanguage\":\"bs-BA\",\"@id\":\"https:\/\/sandzakpress.net\/arhiva\/#\/schema\/person\/image\/\",\"url\":\"https:\/\/secure.gravatar.com\/avatar\/42263f39aa27ac04c43cab85c280eb2e?s=96&d=mm&r=pg\",\"contentUrl\":\"https:\/\/secure.gravatar.com\/avatar\/42263f39aa27ac04c43cab85c280eb2e?s=96&d=mm&r=pg\",\"caption\":\"Kul\"},\"logo\":{\"@id\":\"https:\/\/sandzakpress.net\/arhiva\/#\/schema\/person\/image\/\"}},{\"@type\":\"Person\",\"@id\":\"https:\/\/sandzakpress.net\/arhiva\/#\/schema\/person\/c8baee722073534b583ea7bdb2e36c02\",\"name\":\"bosniak\",\"image\":{\"@type\":\"ImageObject\",\"inLanguage\":\"bs-BA\",\"@id\":\"https:\/\/sandzakpress.net\/arhiva\/#\/schema\/person\/image\/\",\"url\":\"https:\/\/secure.gravatar.com\/avatar\/a04fd330bfe3a36a72a0ad4a6d89fca7?s=96&d=mm&r=pg\",\"contentUrl\":\"https:\/\/secure.gravatar.com\/avatar\/a04fd330bfe3a36a72a0ad4a6d89fca7?s=96&d=mm&r=pg\",\"caption\":\"bosniak\"},\"url\":\"https:\/\/sandzakpress.net\/arhiva\/author\/bosniak\/\"}]}<\/script>\n<!-- \/ Yoast SEO Premium plugin. -->","yoast_head_json":{"title":"Dani Zajednice sand\u017ea\u010dke dijaspore (ZSD) u \u0160vicarskoj","robots":{"index":"index","follow":"follow","max-snippet":"max-snippet:-1","max-image-preview":"max-image-preview:large","max-video-preview":"max-video-preview:-1"},"canonical":"https:\/\/sandzakpress.net\/arhiva\/dani-zajednice-sandzacke-dijaspore-zsd-u-svicarskoj\/","og_locale":"bs_BA","og_type":"article","og_title":"Dani Zajednice sand\u017ea\u010dke dijaspore (ZSD) u \u0160vicarskoj","og_description":"\u0160vicarska &#8211;\u00a0U subotu, 12. aprila 2014. godine Zajednica sand\u017ea\u0107ke dijaspore za \u0160vicarsku na \u010delu sa gospodinom Faikom Gegi\u0107em uprili\u010dila je zajedni\u010dko dru\u017eenje i ve\u010der u d\u017eematu Wetzikon. Poziv je upu\u0107en svim Bo\u0161njacima sa podru\u010dja Sand\u017eaka i \u0161ire. U prigodnom programu koji je sa djecom pripremio imam Ramiz ef. Hamidovi\u0107 prisutni su ili priliku da se [&hellip;]","og_url":"https:\/\/sandzakpress.net\/arhiva\/dani-zajednice-sandzacke-dijaspore-zsd-u-svicarskoj\/","og_site_name":"Sand\u017eak PRESS","article_published_time":"2014-04-26T21:49:50+00:00","article_modified_time":"2014-04-27T07:20:17+00:00","og_image":[{"width":300,"height":225,"url":"https:\/\/sandzakpress.net\/arhiva\/wp-content\/uploads\/2014\/04\/bd6f887eac7fa3e09c852cc719b6e8c2.jpg","type":"image\/jpeg"}],"author":"bosniak","twitter_card":"summary_large_image","twitter_misc":{"Written by":"bosniak","Est. reading time":"2 minute"},"schema":{"@context":"https:\/\/schema.org","@graph":[{"@type":"Article","@id":"https:\/\/sandzakpress.net\/arhiva\/dani-zajednice-sandzacke-dijaspore-zsd-u-svicarskoj\/#article","isPartOf":{"@id":"https:\/\/sandzakpress.net\/arhiva\/dani-zajednice-sandzacke-dijaspore-zsd-u-svicarskoj\/"},"author":{"name":"bosniak","@id":"https:\/\/sandzakpress.net\/arhiva\/#\/schema\/person\/c8baee722073534b583ea7bdb2e36c02"},"headline":"Dani Zajednice sand\u017ea\u010dke dijaspore (ZSD) u \u0160vicarskoj","datePublished":"2014-04-26T21:49:50+00:00","dateModified":"2014-04-27T07:20:17+00:00","mainEntityOfPage":{"@id":"https:\/\/sandzakpress.net\/arhiva\/dani-zajednice-sandzacke-dijaspore-zsd-u-svicarskoj\/"},"wordCount":367,"commentCount":3,"publisher":{"@id":"https:\/\/sandzakpress.net\/arhiva\/#\/schema\/person\/6e72b67d6e51910a1117b3b483ba20bd"},"image":{"@id":"https:\/\/sandzakpress.net\/arhiva\/dani-zajednice-sandzacke-dijaspore-zsd-u-svicarskoj\/#primaryimage"},"thumbnailUrl":"https:\/\/sandzakpress.net\/arhiva\/wp-content\/uploads\/2014\/04\/bd6f887eac7fa3e09c852cc719b6e8c2.jpg","articleSection":["Nacija","\u0160vicarska","VIJESTI DANA"],"inLanguage":"bs-BA","potentialAction":[{"@type":"CommentAction","name":"Comment","target":["https:\/\/sandzakpress.net\/arhiva\/dani-zajednice-sandzacke-dijaspore-zsd-u-svicarskoj\/#respond"]}]},{"@type":"WebPage","@id":"https:\/\/sandzakpress.net\/arhiva\/dani-zajednice-sandzacke-dijaspore-zsd-u-svicarskoj\/","url":"https:\/\/sandzakpress.net\/arhiva\/dani-zajednice-sandzacke-dijaspore-zsd-u-svicarskoj\/","name":"Dani Zajednice sand\u017ea\u010dke dijaspore (ZSD) u \u0160vicarskoj","isPartOf":{"@id":"https:\/\/sandzakpress.net\/arhiva\/#website"},"primaryImageOfPage":{"@id":"https:\/\/sandzakpress.net\/arhiva\/dani-zajednice-sandzacke-dijaspore-zsd-u-svicarskoj\/#primaryimage"},"image":{"@id":"https:\/\/sandzakpress.net\/arhiva\/dani-zajednice-sandzacke-dijaspore-zsd-u-svicarskoj\/#primaryimage"},"thumbnailUrl":"https:\/\/sandzakpress.net\/arhiva\/wp-content\/uploads\/2014\/04\/bd6f887eac7fa3e09c852cc719b6e8c2.jpg","datePublished":"2014-04-26T21:49:50+00:00","dateModified":"2014-04-27T07:20:17+00:00","breadcrumb":{"@id":"https:\/\/sandzakpress.net\/arhiva\/dani-zajednice-sandzacke-dijaspore-zsd-u-svicarskoj\/#breadcrumb"},"inLanguage":"bs-BA","potentialAction":[{"@type":"ReadAction","target":["https:\/\/sandzakpress.net\/arhiva\/dani-zajednice-sandzacke-dijaspore-zsd-u-svicarskoj\/"]}]},{"@type":"ImageObject","inLanguage":"bs-BA","@id":"https:\/\/sandzakpress.net\/arhiva\/dani-zajednice-sandzacke-dijaspore-zsd-u-svicarskoj\/#primaryimage","url":"https:\/\/sandzakpress.net\/arhiva\/wp-content\/uploads\/2014\/04\/bd6f887eac7fa3e09c852cc719b6e8c2.jpg","contentUrl":"https:\/\/sandzakpress.net\/arhiva\/wp-content\/uploads\/2014\/04\/bd6f887eac7fa3e09c852cc719b6e8c2.jpg","width":300,"height":225},{"@type":"BreadcrumbList","@id":"https:\/\/sandzakpress.net\/arhiva\/dani-zajednice-sandzacke-dijaspore-zsd-u-svicarskoj\/#breadcrumb","itemListElement":[{"@type":"ListItem","position":1,"name":"Home","item":"https:\/\/sandzakpress.net\/arhiva\/"},{"@type":"ListItem","position":2,"name":"Dani Zajednice sand\u017ea\u010dke dijaspore (ZSD) u \u0160vicarskoj"}]},{"@type":"WebSite","@id":"https:\/\/sandzakpress.net\/arhiva\/#website","url":"https:\/\/sandzakpress.net\/arhiva\/","name":"Sand\u017eak PRESS","description":"Prve elektronske novine u Sand\u017eaku","publisher":{"@id":"https:\/\/sandzakpress.net\/arhiva\/#\/schema\/person\/6e72b67d6e51910a1117b3b483ba20bd"},"potentialAction":[{"@type":"SearchAction","target":{"@type":"EntryPoint","urlTemplate":"https:\/\/sandzakpress.net\/arhiva\/?s={search_term_string}"},"query-input":{"@type":"PropertyValueSpecification","valueRequired":true,"valueName":"search_term_string"}}],"inLanguage":"bs-BA"},{"@type":["Person","Organization"],"@id":"https:\/\/sandzakpress.net\/arhiva\/#\/schema\/person\/6e72b67d6e51910a1117b3b483ba20bd","name":"Kul","image":{"@type":"ImageObject","inLanguage":"bs-BA","@id":"https:\/\/sandzakpress.net\/arhiva\/#\/schema\/person\/image\/","url":"https:\/\/secure.gravatar.com\/avatar\/42263f39aa27ac04c43cab85c280eb2e?s=96&d=mm&r=pg","contentUrl":"https:\/\/secure.gravatar.com\/avatar\/42263f39aa27ac04c43cab85c280eb2e?s=96&d=mm&r=pg","caption":"Kul"},"logo":{"@id":"https:\/\/sandzakpress.net\/arhiva\/#\/schema\/person\/image\/"}},{"@type":"Person","@id":"https:\/\/sandzakpress.net\/arhiva\/#\/schema\/person\/c8baee722073534b583ea7bdb2e36c02","name":"bosniak","image":{"@type":"ImageObject","inLanguage":"bs-BA","@id":"https:\/\/sandzakpress.net\/arhiva\/#\/schema\/person\/image\/","url":"https:\/\/secure.gravatar.com\/avatar\/a04fd330bfe3a36a72a0ad4a6d89fca7?s=96&d=mm&r=pg","contentUrl":"https:\/\/secure.gravatar.com\/avatar\/a04fd330bfe3a36a72a0ad4a6d89fca7?s=96&d=mm&r=pg","caption":"bosniak"},"url":"https:\/\/sandzakpress.net\/arhiva\/author\/bosniak\/"}]}},"_links":{"self":[{"href":"https:\/\/sandzakpress.net\/arhiva\/wp-json\/wp\/v2\/posts\/105047"}],"collection":[{"href":"https:\/\/sandzakpress.net\/arhiva\/wp-json\/wp\/v2\/posts"}],"about":[{"href":"https:\/\/sandzakpress.net\/arhiva\/wp-json\/wp\/v2\/types\/post"}],"author":[{"embeddable":true,"href":"https:\/\/sandzakpress.net\/arhiva\/wp-json\/wp\/v2\/users\/83"}],"replies":[{"embeddable":true,"href":"https:\/\/sandzakpress.net\/arhiva\/wp-json\/wp\/v2\/comments?post=105047"}],"version-history":[{"count":0,"href":"https:\/\/sandzakpress.net\/arhiva\/wp-json\/wp\/v2\/posts\/105047\/revisions"}],"wp:featuredmedia":[{"embeddable":true,"href":"https:\/\/sandzakpress.net\/arhiva\/wp-json\/wp\/v2\/media\/105048"}],"wp:attachment":[{"href":"https:\/\/sandzakpress.net\/arhiva\/wp-json\/wp\/v2\/media?parent=105047"}],"wp:term":[{"taxonomy":"category","embeddable":true,"href":"https:\/\/sandzakpress.net\/arhiva\/wp-json\/wp\/v2\/categories?post=105047"},{"taxonomy":"post_tag","embeddable":true,"href":"https:\/\/sandzakpress.net\/arhiva\/wp-json\/wp\/v2\/tags?post=105047"}],"curies":[{"name":"wp","href":"https:\/\/api.w.org\/{rel}","templated":true}]}}