{"id":105032,"date":"2014-04-26T13:00:29","date_gmt":"2014-04-26T11:00:29","guid":{"rendered":"https:\/\/sandzakpress.net\/arhiva\/?p=105032"},"modified":"2014-04-26T13:01:43","modified_gmt":"2014-04-26T11:01:43","slug":"cudo-u-capljini-ante-kresic-sam-sebi-izlijecio-rak-uz-pomoc-meda","status":"publish","type":"post","link":"https:\/\/sandzakpress.net\/arhiva\/cudo-u-capljini-ante-kresic-sam-sebi-izlijecio-rak-uz-pomoc-meda\/","title":{"rendered":"\u010cudo u \u010capljini: Ante Kre\u0161i\u0107 sam sebi izlije\u010dio rak uz pomo\u0107 meda"},"content":{"rendered":"<p style=\"text-align: left;\"><img loading=\"lazy\" decoding=\"async\" class=\"aligncenter\" alt=\"\u010cudo u \u010capljini: Ante Kre\u0161i\u0107 sam sebi izlije\u010dio rak uz pomo\u0107 meda\" src=\"http:\/\/www.akos.ba\/media\/k2\/items\/cache\/f785893f5504affc4ee0796b9b61842f_XL.jpg\" width=\"647\" height=\"302\" \/>Iako su mu ljekari sa Klini\u010dkog bolni\u010dkog centra &#8220;Jordanovac&#8221; u Zagrebu davali tek nekoliko mjeseci \u017eivota, biv\u0161i predsjednik nadzornog odbora HT Eroneta i poduzetnik iz \u010capljine Ante Kre\u0161i\u0107 \u017eivi i danas, 13 godina nakon crnih prognoza hrvatskih ljekara, pi\u0161e agencija Patria.<\/p>\n<p>Otpu\u0161ten sa te\u0161kom dijagnozom &#8211; karcinom na plu\u0107ima, niko nije mogao povjerovati da \u0107e Kre\u0161i\u0107 \u017eivjeti du\u017ee od nekoliko mjeseci. No, govori on danas kroz \u0161alu, \u010dudo se ipak desilo. Od zlo\u0107udnog oboljenja, tvrdi, izlije\u010dio se zahvaljuju\u0107i medu i ljekovitom bilju. O tome svjedo\u010di gomila medicinskih nalaza koje \u0107e Kre\u0161i\u0107 rado pokazati na uvid bilo kome.<\/p>\n<p>Zdrav, u punoj snazi, danas u mirnom hercegova\u010dkom mjestu Struge kod \u010capljine bavi se p\u010delarstvom a svoja iskustva Kre\u0161i\u0107 rado dijeli sa oboljelim, koji mu dolaze iz svih krajeva svijeta.<\/p>\n<p><em>&#8220;Dolaze ljudi koje je zadesila sli\u010dna sudbina i ja im prepri\u010davam kroz \u0161ta sam sve pro\u0161ao, i kako sam se izlije\u010dio. Moji recepti im poma\u017eu i daju nadu&#8221;, ka\u017ee Kre\u0161i\u0107 za Patriu, dodaju\u0107i da su p\u010dele njemu spasile \u017eivot, pa to \u017eeli kazati i drugima.<\/em><\/p>\n<p>&#8220;Mislim da je to moja ljudska i svaka druga du\u017enost&#8221;, ka\u017ee on.<\/p>\n<p>Otpu\u0161ten sa te\u0161kom dijagnozom iz bolni\u010dkog centra \u201eJordanovac\u201c 2011. godine, ovaj hercegova\u010dki poduzetnik lijek je potra\u017eio u tradicionalnoj medicini. Ka\u017ee da je svakodnevno uzimao prirodni eliksir koji je pravio od borovih iglica i meda, ali i druge p\u010delinje proizvode i ljekovito bilje. Kre\u0161i\u0107 tvrdi da nije trebalo pro\u0107i dugo vremena pa da se njegovo zdravlje pobolj\u0161a.<\/p>\n<p><strong>Ljekari zbunjeni<\/strong><\/p>\n<p>&#8220;Iz bolnice sam otpu\u0161ten u \u010detvrtom mjesecu, a ve\u0107 do ljeta ja sam bio drugi \u010dovjek. Kada sam za tih nekoliko mjeseci oti\u0161ao na kontrolu u Zagreb, ljekari nisu mogli vjerovati da sam \u017eiv, a kada su jo\u0161 vidjeli nalaze, ni\u0161ta im nije bilo jasno&#8221;, prisje\u0107a se Kre\u0161i\u0107.<\/p>\n<p>Dodaje da su mu ljekari ipak \u010destitali i rekli da nastavi i dalje sa svojim terapijama. Karcinom na plu\u0107ima, tvrdi, zahvaljuju\u0107i medu i ljekovitom bilju ubrzo je nestao bez traga, a nalazi njegove krvne slike bili su kao kod najzdravijeg \u010dovjeka.<\/p>\n<p>P\u010dele su danas Kre\u0161i\u0107eva velika ljubav. P\u010delari sa oko 250 ko\u0161nica, koje dr\u017ei u ekolo\u0161kim predjelima Hercegovine.<\/p>\n<p>&nbsp;<\/p>\n<p>&nbsp;<\/p>\n<p>Izvor: <strong>akos.ba<\/strong><\/p>\n<p>&nbsp;<\/p>\n","protected":false},"excerpt":{"rendered":"<p>Zanimljivo<\/p>\n","protected":false},"author":125,"featured_media":105033,"comment_status":"open","ping_status":"open","sticky":false,"template":"","format":"standard","meta":{"footnotes":""},"categories":[2695,10429],"tags":[],"class_list":{"0":"post-105032","1":"post","2":"type-post","3":"status-publish","4":"format-standard","5":"has-post-thumbnail","7":"category-zanimljivo","8":"category-vazno"},"yoast_head":"<!-- This site is optimized with the Yoast SEO Premium plugin v23.1 (Yoast SEO v24.9) - https:\/\/yoast.com\/wordpress\/plugins\/seo\/ -->\n<title>\u010cudo u \u010capljini: Ante Kre\u0161i\u0107 sam sebi izlije\u010dio rak uz pomo\u0107 meda<\/title>\n<meta name=\"robots\" content=\"index, follow, max-snippet:-1, max-image-preview:large, max-video-preview:-1\" \/>\n<link rel=\"canonical\" href=\"https:\/\/sandzakpress.net\/arhiva\/cudo-u-capljini-ante-kresic-sam-sebi-izlijecio-rak-uz-pomoc-meda\/\" \/>\n<meta property=\"og:locale\" content=\"bs_BA\" \/>\n<meta property=\"og:type\" content=\"article\" \/>\n<meta property=\"og:title\" content=\"\u010cudo u \u010capljini: Ante Kre\u0161i\u0107 sam sebi izlije\u010dio rak uz pomo\u0107 meda\" \/>\n<meta property=\"og:description\" content=\"Zanimljivo\" \/>\n<meta property=\"og:url\" content=\"https:\/\/sandzakpress.net\/arhiva\/cudo-u-capljini-ante-kresic-sam-sebi-izlijecio-rak-uz-pomoc-meda\/\" \/>\n<meta property=\"og:site_name\" content=\"Sand\u017eak PRESS\" \/>\n<meta property=\"article:published_time\" content=\"2014-04-26T11:00:29+00:00\" \/>\n<meta property=\"article:modified_time\" content=\"2014-04-26T11:01:43+00:00\" \/>\n<meta property=\"og:image\" content=\"https:\/\/sandzakpress.net\/arhiva\/wp-content\/uploads\/2014\/04\/f785893f5504affc4ee0796b9b61842f_XL.jpg\" \/>\n\t<meta property=\"og:image:width\" content=\"647\" \/>\n\t<meta property=\"og:image:height\" content=\"302\" \/>\n\t<meta property=\"og:image:type\" content=\"image\/jpeg\" \/>\n<meta name=\"author\" content=\"Korektor\" \/>\n<meta name=\"twitter:card\" content=\"summary_large_image\" \/>\n<meta name=\"twitter:label1\" content=\"Written by\" \/>\n\t<meta name=\"twitter:data1\" content=\"Korektor\" \/>\n\t<meta name=\"twitter:label2\" content=\"Est. reading time\" \/>\n\t<meta name=\"twitter:data2\" content=\"2 minute\" \/>\n<script type=\"application\/ld+json\" class=\"yoast-schema-graph\">{\"@context\":\"https:\/\/schema.org\",\"@graph\":[{\"@type\":\"Article\",\"@id\":\"https:\/\/sandzakpress.net\/arhiva\/cudo-u-capljini-ante-kresic-sam-sebi-izlijecio-rak-uz-pomoc-meda\/#article\",\"isPartOf\":{\"@id\":\"https:\/\/sandzakpress.net\/arhiva\/cudo-u-capljini-ante-kresic-sam-sebi-izlijecio-rak-uz-pomoc-meda\/\"},\"author\":{\"name\":\"Korektor\",\"@id\":\"https:\/\/sandzakpress.net\/arhiva\/#\/schema\/person\/b71f9565a8a6ce38c0200f1cf59c368c\"},\"headline\":\"\u010cudo u \u010capljini: Ante Kre\u0161i\u0107 sam sebi izlije\u010dio rak uz pomo\u0107 meda\",\"datePublished\":\"2014-04-26T11:00:29+00:00\",\"dateModified\":\"2014-04-26T11:01:43+00:00\",\"mainEntityOfPage\":{\"@id\":\"https:\/\/sandzakpress.net\/arhiva\/cudo-u-capljini-ante-kresic-sam-sebi-izlijecio-rak-uz-pomoc-meda\/\"},\"wordCount\":418,\"commentCount\":3,\"publisher\":{\"@id\":\"https:\/\/sandzakpress.net\/arhiva\/#\/schema\/person\/6e72b67d6e51910a1117b3b483ba20bd\"},\"image\":{\"@id\":\"https:\/\/sandzakpress.net\/arhiva\/cudo-u-capljini-ante-kresic-sam-sebi-izlijecio-rak-uz-pomoc-meda\/#primaryimage\"},\"thumbnailUrl\":\"https:\/\/sandzakpress.net\/arhiva\/wp-content\/uploads\/2014\/04\/f785893f5504affc4ee0796b9b61842f_XL.jpg\",\"articleSection\":[\"Zanimljivo\",\"VA\u017dNO!\"],\"inLanguage\":\"bs-BA\",\"potentialAction\":[{\"@type\":\"CommentAction\",\"name\":\"Comment\",\"target\":[\"https:\/\/sandzakpress.net\/arhiva\/cudo-u-capljini-ante-kresic-sam-sebi-izlijecio-rak-uz-pomoc-meda\/#respond\"]}]},{\"@type\":\"WebPage\",\"@id\":\"https:\/\/sandzakpress.net\/arhiva\/cudo-u-capljini-ante-kresic-sam-sebi-izlijecio-rak-uz-pomoc-meda\/\",\"url\":\"https:\/\/sandzakpress.net\/arhiva\/cudo-u-capljini-ante-kresic-sam-sebi-izlijecio-rak-uz-pomoc-meda\/\",\"name\":\"\u010cudo u \u010capljini: Ante Kre\u0161i\u0107 sam sebi izlije\u010dio rak uz pomo\u0107 meda\",\"isPartOf\":{\"@id\":\"https:\/\/sandzakpress.net\/arhiva\/#website\"},\"primaryImageOfPage\":{\"@id\":\"https:\/\/sandzakpress.net\/arhiva\/cudo-u-capljini-ante-kresic-sam-sebi-izlijecio-rak-uz-pomoc-meda\/#primaryimage\"},\"image\":{\"@id\":\"https:\/\/sandzakpress.net\/arhiva\/cudo-u-capljini-ante-kresic-sam-sebi-izlijecio-rak-uz-pomoc-meda\/#primaryimage\"},\"thumbnailUrl\":\"https:\/\/sandzakpress.net\/arhiva\/wp-content\/uploads\/2014\/04\/f785893f5504affc4ee0796b9b61842f_XL.jpg\",\"datePublished\":\"2014-04-26T11:00:29+00:00\",\"dateModified\":\"2014-04-26T11:01:43+00:00\",\"breadcrumb\":{\"@id\":\"https:\/\/sandzakpress.net\/arhiva\/cudo-u-capljini-ante-kresic-sam-sebi-izlijecio-rak-uz-pomoc-meda\/#breadcrumb\"},\"inLanguage\":\"bs-BA\",\"potentialAction\":[{\"@type\":\"ReadAction\",\"target\":[\"https:\/\/sandzakpress.net\/arhiva\/cudo-u-capljini-ante-kresic-sam-sebi-izlijecio-rak-uz-pomoc-meda\/\"]}]},{\"@type\":\"ImageObject\",\"inLanguage\":\"bs-BA\",\"@id\":\"https:\/\/sandzakpress.net\/arhiva\/cudo-u-capljini-ante-kresic-sam-sebi-izlijecio-rak-uz-pomoc-meda\/#primaryimage\",\"url\":\"https:\/\/sandzakpress.net\/arhiva\/wp-content\/uploads\/2014\/04\/f785893f5504affc4ee0796b9b61842f_XL.jpg\",\"contentUrl\":\"https:\/\/sandzakpress.net\/arhiva\/wp-content\/uploads\/2014\/04\/f785893f5504affc4ee0796b9b61842f_XL.jpg\",\"width\":647,\"height\":302},{\"@type\":\"BreadcrumbList\",\"@id\":\"https:\/\/sandzakpress.net\/arhiva\/cudo-u-capljini-ante-kresic-sam-sebi-izlijecio-rak-uz-pomoc-meda\/#breadcrumb\",\"itemListElement\":[{\"@type\":\"ListItem\",\"position\":1,\"name\":\"Home\",\"item\":\"https:\/\/sandzakpress.net\/arhiva\/\"},{\"@type\":\"ListItem\",\"position\":2,\"name\":\"\u010cudo u \u010capljini: Ante Kre\u0161i\u0107 sam sebi izlije\u010dio rak uz pomo\u0107 meda\"}]},{\"@type\":\"WebSite\",\"@id\":\"https:\/\/sandzakpress.net\/arhiva\/#website\",\"url\":\"https:\/\/sandzakpress.net\/arhiva\/\",\"name\":\"Sand\u017eak PRESS\",\"description\":\"Prve elektronske novine u Sand\u017eaku\",\"publisher\":{\"@id\":\"https:\/\/sandzakpress.net\/arhiva\/#\/schema\/person\/6e72b67d6e51910a1117b3b483ba20bd\"},\"potentialAction\":[{\"@type\":\"SearchAction\",\"target\":{\"@type\":\"EntryPoint\",\"urlTemplate\":\"https:\/\/sandzakpress.net\/arhiva\/?s={search_term_string}\"},\"query-input\":{\"@type\":\"PropertyValueSpecification\",\"valueRequired\":true,\"valueName\":\"search_term_string\"}}],\"inLanguage\":\"bs-BA\"},{\"@type\":[\"Person\",\"Organization\"],\"@id\":\"https:\/\/sandzakpress.net\/arhiva\/#\/schema\/person\/6e72b67d6e51910a1117b3b483ba20bd\",\"name\":\"Kul\",\"image\":{\"@type\":\"ImageObject\",\"inLanguage\":\"bs-BA\",\"@id\":\"https:\/\/sandzakpress.net\/arhiva\/#\/schema\/person\/image\/\",\"url\":\"https:\/\/secure.gravatar.com\/avatar\/42263f39aa27ac04c43cab85c280eb2e?s=96&d=mm&r=pg\",\"contentUrl\":\"https:\/\/secure.gravatar.com\/avatar\/42263f39aa27ac04c43cab85c280eb2e?s=96&d=mm&r=pg\",\"caption\":\"Kul\"},\"logo\":{\"@id\":\"https:\/\/sandzakpress.net\/arhiva\/#\/schema\/person\/image\/\"}},{\"@type\":\"Person\",\"@id\":\"https:\/\/sandzakpress.net\/arhiva\/#\/schema\/person\/b71f9565a8a6ce38c0200f1cf59c368c\",\"name\":\"Korektor\",\"image\":{\"@type\":\"ImageObject\",\"inLanguage\":\"bs-BA\",\"@id\":\"https:\/\/sandzakpress.net\/arhiva\/#\/schema\/person\/image\/\",\"url\":\"https:\/\/secure.gravatar.com\/avatar\/ae3388ff9b8eb74e0751a069466905f6?s=96&d=mm&r=pg\",\"contentUrl\":\"https:\/\/secure.gravatar.com\/avatar\/ae3388ff9b8eb74e0751a069466905f6?s=96&d=mm&r=pg\",\"caption\":\"Korektor\"},\"url\":\"https:\/\/sandzakpress.net\/arhiva\/author\/korektor\/\"}]}<\/script>\n<!-- \/ Yoast SEO Premium plugin. -->","yoast_head_json":{"title":"\u010cudo u \u010capljini: Ante Kre\u0161i\u0107 sam sebi izlije\u010dio rak uz pomo\u0107 meda","robots":{"index":"index","follow":"follow","max-snippet":"max-snippet:-1","max-image-preview":"max-image-preview:large","max-video-preview":"max-video-preview:-1"},"canonical":"https:\/\/sandzakpress.net\/arhiva\/cudo-u-capljini-ante-kresic-sam-sebi-izlijecio-rak-uz-pomoc-meda\/","og_locale":"bs_BA","og_type":"article","og_title":"\u010cudo u \u010capljini: Ante Kre\u0161i\u0107 sam sebi izlije\u010dio rak uz pomo\u0107 meda","og_description":"Zanimljivo","og_url":"https:\/\/sandzakpress.net\/arhiva\/cudo-u-capljini-ante-kresic-sam-sebi-izlijecio-rak-uz-pomoc-meda\/","og_site_name":"Sand\u017eak PRESS","article_published_time":"2014-04-26T11:00:29+00:00","article_modified_time":"2014-04-26T11:01:43+00:00","og_image":[{"width":647,"height":302,"url":"https:\/\/sandzakpress.net\/arhiva\/wp-content\/uploads\/2014\/04\/f785893f5504affc4ee0796b9b61842f_XL.jpg","type":"image\/jpeg"}],"author":"Korektor","twitter_card":"summary_large_image","twitter_misc":{"Written by":"Korektor","Est. reading time":"2 minute"},"schema":{"@context":"https:\/\/schema.org","@graph":[{"@type":"Article","@id":"https:\/\/sandzakpress.net\/arhiva\/cudo-u-capljini-ante-kresic-sam-sebi-izlijecio-rak-uz-pomoc-meda\/#article","isPartOf":{"@id":"https:\/\/sandzakpress.net\/arhiva\/cudo-u-capljini-ante-kresic-sam-sebi-izlijecio-rak-uz-pomoc-meda\/"},"author":{"name":"Korektor","@id":"https:\/\/sandzakpress.net\/arhiva\/#\/schema\/person\/b71f9565a8a6ce38c0200f1cf59c368c"},"headline":"\u010cudo u \u010capljini: Ante Kre\u0161i\u0107 sam sebi izlije\u010dio rak uz pomo\u0107 meda","datePublished":"2014-04-26T11:00:29+00:00","dateModified":"2014-04-26T11:01:43+00:00","mainEntityOfPage":{"@id":"https:\/\/sandzakpress.net\/arhiva\/cudo-u-capljini-ante-kresic-sam-sebi-izlijecio-rak-uz-pomoc-meda\/"},"wordCount":418,"commentCount":3,"publisher":{"@id":"https:\/\/sandzakpress.net\/arhiva\/#\/schema\/person\/6e72b67d6e51910a1117b3b483ba20bd"},"image":{"@id":"https:\/\/sandzakpress.net\/arhiva\/cudo-u-capljini-ante-kresic-sam-sebi-izlijecio-rak-uz-pomoc-meda\/#primaryimage"},"thumbnailUrl":"https:\/\/sandzakpress.net\/arhiva\/wp-content\/uploads\/2014\/04\/f785893f5504affc4ee0796b9b61842f_XL.jpg","articleSection":["Zanimljivo","VA\u017dNO!"],"inLanguage":"bs-BA","potentialAction":[{"@type":"CommentAction","name":"Comment","target":["https:\/\/sandzakpress.net\/arhiva\/cudo-u-capljini-ante-kresic-sam-sebi-izlijecio-rak-uz-pomoc-meda\/#respond"]}]},{"@type":"WebPage","@id":"https:\/\/sandzakpress.net\/arhiva\/cudo-u-capljini-ante-kresic-sam-sebi-izlijecio-rak-uz-pomoc-meda\/","url":"https:\/\/sandzakpress.net\/arhiva\/cudo-u-capljini-ante-kresic-sam-sebi-izlijecio-rak-uz-pomoc-meda\/","name":"\u010cudo u \u010capljini: Ante Kre\u0161i\u0107 sam sebi izlije\u010dio rak uz pomo\u0107 meda","isPartOf":{"@id":"https:\/\/sandzakpress.net\/arhiva\/#website"},"primaryImageOfPage":{"@id":"https:\/\/sandzakpress.net\/arhiva\/cudo-u-capljini-ante-kresic-sam-sebi-izlijecio-rak-uz-pomoc-meda\/#primaryimage"},"image":{"@id":"https:\/\/sandzakpress.net\/arhiva\/cudo-u-capljini-ante-kresic-sam-sebi-izlijecio-rak-uz-pomoc-meda\/#primaryimage"},"thumbnailUrl":"https:\/\/sandzakpress.net\/arhiva\/wp-content\/uploads\/2014\/04\/f785893f5504affc4ee0796b9b61842f_XL.jpg","datePublished":"2014-04-26T11:00:29+00:00","dateModified":"2014-04-26T11:01:43+00:00","breadcrumb":{"@id":"https:\/\/sandzakpress.net\/arhiva\/cudo-u-capljini-ante-kresic-sam-sebi-izlijecio-rak-uz-pomoc-meda\/#breadcrumb"},"inLanguage":"bs-BA","potentialAction":[{"@type":"ReadAction","target":["https:\/\/sandzakpress.net\/arhiva\/cudo-u-capljini-ante-kresic-sam-sebi-izlijecio-rak-uz-pomoc-meda\/"]}]},{"@type":"ImageObject","inLanguage":"bs-BA","@id":"https:\/\/sandzakpress.net\/arhiva\/cudo-u-capljini-ante-kresic-sam-sebi-izlijecio-rak-uz-pomoc-meda\/#primaryimage","url":"https:\/\/sandzakpress.net\/arhiva\/wp-content\/uploads\/2014\/04\/f785893f5504affc4ee0796b9b61842f_XL.jpg","contentUrl":"https:\/\/sandzakpress.net\/arhiva\/wp-content\/uploads\/2014\/04\/f785893f5504affc4ee0796b9b61842f_XL.jpg","width":647,"height":302},{"@type":"BreadcrumbList","@id":"https:\/\/sandzakpress.net\/arhiva\/cudo-u-capljini-ante-kresic-sam-sebi-izlijecio-rak-uz-pomoc-meda\/#breadcrumb","itemListElement":[{"@type":"ListItem","position":1,"name":"Home","item":"https:\/\/sandzakpress.net\/arhiva\/"},{"@type":"ListItem","position":2,"name":"\u010cudo u \u010capljini: Ante Kre\u0161i\u0107 sam sebi izlije\u010dio rak uz pomo\u0107 meda"}]},{"@type":"WebSite","@id":"https:\/\/sandzakpress.net\/arhiva\/#website","url":"https:\/\/sandzakpress.net\/arhiva\/","name":"Sand\u017eak PRESS","description":"Prve elektronske novine u Sand\u017eaku","publisher":{"@id":"https:\/\/sandzakpress.net\/arhiva\/#\/schema\/person\/6e72b67d6e51910a1117b3b483ba20bd"},"potentialAction":[{"@type":"SearchAction","target":{"@type":"EntryPoint","urlTemplate":"https:\/\/sandzakpress.net\/arhiva\/?s={search_term_string}"},"query-input":{"@type":"PropertyValueSpecification","valueRequired":true,"valueName":"search_term_string"}}],"inLanguage":"bs-BA"},{"@type":["Person","Organization"],"@id":"https:\/\/sandzakpress.net\/arhiva\/#\/schema\/person\/6e72b67d6e51910a1117b3b483ba20bd","name":"Kul","image":{"@type":"ImageObject","inLanguage":"bs-BA","@id":"https:\/\/sandzakpress.net\/arhiva\/#\/schema\/person\/image\/","url":"https:\/\/secure.gravatar.com\/avatar\/42263f39aa27ac04c43cab85c280eb2e?s=96&d=mm&r=pg","contentUrl":"https:\/\/secure.gravatar.com\/avatar\/42263f39aa27ac04c43cab85c280eb2e?s=96&d=mm&r=pg","caption":"Kul"},"logo":{"@id":"https:\/\/sandzakpress.net\/arhiva\/#\/schema\/person\/image\/"}},{"@type":"Person","@id":"https:\/\/sandzakpress.net\/arhiva\/#\/schema\/person\/b71f9565a8a6ce38c0200f1cf59c368c","name":"Korektor","image":{"@type":"ImageObject","inLanguage":"bs-BA","@id":"https:\/\/sandzakpress.net\/arhiva\/#\/schema\/person\/image\/","url":"https:\/\/secure.gravatar.com\/avatar\/ae3388ff9b8eb74e0751a069466905f6?s=96&d=mm&r=pg","contentUrl":"https:\/\/secure.gravatar.com\/avatar\/ae3388ff9b8eb74e0751a069466905f6?s=96&d=mm&r=pg","caption":"Korektor"},"url":"https:\/\/sandzakpress.net\/arhiva\/author\/korektor\/"}]}},"_links":{"self":[{"href":"https:\/\/sandzakpress.net\/arhiva\/wp-json\/wp\/v2\/posts\/105032"}],"collection":[{"href":"https:\/\/sandzakpress.net\/arhiva\/wp-json\/wp\/v2\/posts"}],"about":[{"href":"https:\/\/sandzakpress.net\/arhiva\/wp-json\/wp\/v2\/types\/post"}],"author":[{"embeddable":true,"href":"https:\/\/sandzakpress.net\/arhiva\/wp-json\/wp\/v2\/users\/125"}],"replies":[{"embeddable":true,"href":"https:\/\/sandzakpress.net\/arhiva\/wp-json\/wp\/v2\/comments?post=105032"}],"version-history":[{"count":0,"href":"https:\/\/sandzakpress.net\/arhiva\/wp-json\/wp\/v2\/posts\/105032\/revisions"}],"wp:featuredmedia":[{"embeddable":true,"href":"https:\/\/sandzakpress.net\/arhiva\/wp-json\/wp\/v2\/media\/105033"}],"wp:attachment":[{"href":"https:\/\/sandzakpress.net\/arhiva\/wp-json\/wp\/v2\/media?parent=105032"}],"wp:term":[{"taxonomy":"category","embeddable":true,"href":"https:\/\/sandzakpress.net\/arhiva\/wp-json\/wp\/v2\/categories?post=105032"},{"taxonomy":"post_tag","embeddable":true,"href":"https:\/\/sandzakpress.net\/arhiva\/wp-json\/wp\/v2\/tags?post=105032"}],"curies":[{"name":"wp","href":"https:\/\/api.w.org\/{rel}","templated":true}]}}