{"id":104961,"date":"2014-04-24T10:00:08","date_gmt":"2014-04-24T08:00:08","guid":{"rendered":"https:\/\/sandzakpress.net\/arhiva\/?p=104961"},"modified":"2014-04-24T23:41:39","modified_gmt":"2014-04-24T21:41:39","slug":"cijeli-film-na-drini-krvavi-visegrad","status":"publish","type":"post","link":"https:\/\/sandzakpress.net\/arhiva\/cijeli-film-na-drini-krvavi-visegrad\/","title":{"rendered":"Cijeli film: \u201cNa Drini krvavi Vi\u0161egrad\u201d"},"content":{"rendered":"<p><strong>BIH &#8211; Vi\u0161egrad \u2013 Dokumentarac govori o stradanju Bo\u0161njaka u Vi\u0161egradu, ne samo u proteklom ratu, nego i stolje\u0107ima kroz historiju. Rije\u010d je o hronolo\u0161koj pri\u010di o zlo\u010dinima koji su izvr\u0161eni nad Bo\u0161njacima Vi\u0161egrada od Prvog srpskog ustanka, preko dva svjetska rata, sve do posljednje agresije na BiH od 1992. do 1995. godine.<\/strong><\/p>\n<div class=\"youtube-embed\" data-video_id=\"9HI5FIGeoZk\"><iframe loading=\"lazy\" title=\"NA DRINI KRVAVI VISEGRAD\" width=\"696\" height=\"392\" src=\"https:\/\/www.youtube.com\/embed\/9HI5FIGeoZk?feature=oembed&#038;enablejsapi=1\" frameborder=\"0\" allow=\"accelerometer; autoplay; encrypted-media; gyroscope; picture-in-picture\" allowfullscreen><\/iframe><\/div>\n<p><strong><\/strong>Re\u017eiser filma Avdo Huseinovi\u0107 kazao je da je ovo \u0161esti po redu njegov dokumentarni film.<\/p>\n<p>\u201cJedna te\u0161ka pri\u010da, pri\u010da o stoljetnom stradanju Bo\u0161njaka Vi\u0161egrada. To stradanje je svoju kulminaciju do\u017eivjelo 1992. godine, prvo sa brutalnom agresijom koju je U\u017ei\u010dki korpus izvr\u0161io ba\u0161 na dana\u0161nji dan\u201d, pojasnio je on.<\/p>\n<p>On je podsjetio i na rije\u010di jednog uglednog britanskog novinara koji je kazao: \u201cAko ono \u0161to je Milan Luki\u0107 radio u Vi\u0161egradu 1992. godine nije genocid, onda ja stvarno ne znam zna\u010denje te rije\u010di\u201d.<\/p>\n<p>\u201cPoruka ovoga filma jeste da ta nepravda nad Vi\u0161egradom ne prestaje, da sve ono \u0161to se de\u0161avalo stolje\u0107ima jo\u0161 uvijek negdje tavori kroz negiranje genocida. Sada\u0161nji gra\u0111ani Vi\u0161egrada pori\u010du jezivu pro\u0161lost tog grada\u201d, poru\u010dio je Huseinovi\u0107.<\/p>\n<p>Kako je kazao, lokacije na kojima su izvr\u0161eni zlo\u010dini vide se skoro sa svakog prozora te su svi gra\u0111ani svjedoci tih zlo\u010dina.<\/p>\n<p>Odgovaraju\u0107i na pitanje o tome da li ima simbolike u dana\u0161njem datumu, Huseinovi\u0107 je kazao \u201eda nije slu\u010dajno da se film predstavlja ba\u0161 14. aprila, jer je to dan kada je U\u017ei\u010dki korpusa JNA u potpunosti okupirao Vi\u0161egrad\u201d.<\/p>\n<p>\u201eSmatram da bi se 14. aprila trebao da obilje\u017eava kao Dan genocida nad Republikom BiH, jer je ona najo\u010ditija na primjeru Vi\u0161egrada. Filove snimam i radim sa ciljem da se ne ponovi\u201d, pojasnio je Huseinovi\u0107.<\/p>\n<p>Tada je BiH bila ve\u0107 nezavisna zemlja, a nakon okupacije do\u0161li su jezivi zlo\u010dini u kojima su ubijene hiljade, a Drina ponovo postala najve\u0107om grobnicom Bo\u0161njaka\u201d, tvrdi Huseinovi\u0107.<\/p>\n<p>Ovaj dugometra\u017eni dokumentarni film o stradanju vi\u0161egradskih Bo\u0161njaka kroz historiju, obja\u0161njava Huseinovi\u0107, prvi je te vrste. Rije\u010d o hronolo\u0161koj pri\u010di o golgotama zlo\u010dina koje su Bo\u0161njaci tog grada na Drini prolazili od Prvog srpskog ustanka, preko dva svjetska rata, sve do posljednje agresije na BiH od 1992. do 1995. Godine.<\/p>\n<p>U filmu u\u010destvuje 35 aktera i najvi\u0161e prostora je dato pre\u017eivjelim \u017ertvama i njihovim porodicama kao svjedocima, ali u filmu govore i ugledni bh. eksperti i akademici poput Abdulaha Sidrana, Muhameda Filipovi\u0107a i Amora Ma\u0161ovi\u0107a.<\/p>\n<p>Autor filma Huseinovi\u0107, koji trenutno radi i na realizaciji jo\u0161 tri dokumentarna filma o Prijedoru, logorima smrti i o kontinuitetu genocida nad Bo\u0161njacima, izrazio je uvjerenje da \u0107e film pro\u0107i veoma zapa\u017eeno jer se u njemu obra\u0111uje niz tema koje su veoma interesantne za cijeli prostor biv\u0161e SFR Jugoslavije.<\/p>\n<p>(bosniapress)<\/p>\n","protected":false},"excerpt":{"rendered":"<p>BIH &#8211; Vi\u0161egrad \u2013 Dokumentarac govori o stradanju Bo\u0161njaka u Vi\u0161egradu, ne samo u proteklom ratu, nego i stolje\u0107ima kroz historiju. Rije\u010d je o hronolo\u0161koj pri\u010di o zlo\u010dinima koji su izvr\u0161eni nad Bo\u0161njacima Vi\u0161egrada od Prvog srpskog ustanka, preko dva svjetska rata, sve do posljednje agresije na BiH od 1992. do 1995. godine. Re\u017eiser filma [&hellip;]<\/p>\n","protected":false},"author":83,"featured_media":104962,"comment_status":"open","ping_status":"open","sticky":false,"template":"","format":"standard","meta":{"footnotes":""},"categories":[800,2860,8957,16],"tags":[],"class_list":{"0":"post-104961","1":"post","2":"type-post","3":"status-publish","4":"format-standard","5":"has-post-thumbnail","7":"category-nacija","8":"category-bosna-i-hercegovina-gradovi","9":"category-vijesti-dana","10":"category-novine"},"yoast_head":"<!-- This site is optimized with the Yoast SEO Premium plugin v23.1 (Yoast SEO v24.9) - https:\/\/yoast.com\/wordpress\/plugins\/seo\/ -->\n<title>Cijeli film: \u201cNa Drini krvavi Vi\u0161egrad\u201d<\/title>\n<meta name=\"robots\" content=\"index, follow, max-snippet:-1, max-image-preview:large, max-video-preview:-1\" \/>\n<link rel=\"canonical\" href=\"https:\/\/sandzakpress.net\/arhiva\/cijeli-film-na-drini-krvavi-visegrad\/\" \/>\n<meta property=\"og:locale\" content=\"bs_BA\" \/>\n<meta property=\"og:type\" content=\"article\" \/>\n<meta property=\"og:title\" content=\"Cijeli film: \u201cNa Drini krvavi Vi\u0161egrad\u201d\" \/>\n<meta property=\"og:description\" content=\"BIH &#8211; Vi\u0161egrad \u2013 Dokumentarac govori o stradanju Bo\u0161njaka u Vi\u0161egradu, ne samo u proteklom ratu, nego i stolje\u0107ima kroz historiju. Rije\u010d je o hronolo\u0161koj pri\u010di o zlo\u010dinima koji su izvr\u0161eni nad Bo\u0161njacima Vi\u0161egrada od Prvog srpskog ustanka, preko dva svjetska rata, sve do posljednje agresije na BiH od 1992. do 1995. godine. Re\u017eiser filma [&hellip;]\" \/>\n<meta property=\"og:url\" content=\"https:\/\/sandzakpress.net\/arhiva\/cijeli-film-na-drini-krvavi-visegrad\/\" \/>\n<meta property=\"og:site_name\" content=\"Sand\u017eak PRESS\" \/>\n<meta property=\"article:published_time\" content=\"2014-04-24T08:00:08+00:00\" \/>\n<meta property=\"article:modified_time\" content=\"2014-04-24T21:41:39+00:00\" \/>\n<meta property=\"og:image\" content=\"https:\/\/sandzakpress.net\/arhiva\/wp-content\/uploads\/2014\/04\/visegrad.png\" \/>\n\t<meta property=\"og:image:width\" content=\"610\" \/>\n\t<meta property=\"og:image:height\" content=\"280\" \/>\n\t<meta property=\"og:image:type\" content=\"image\/png\" \/>\n<meta name=\"author\" content=\"bosniak\" \/>\n<meta name=\"twitter:card\" content=\"summary_large_image\" \/>\n<meta name=\"twitter:label1\" content=\"Written by\" \/>\n\t<meta name=\"twitter:data1\" content=\"bosniak\" \/>\n\t<meta name=\"twitter:label2\" content=\"Est. reading time\" \/>\n\t<meta name=\"twitter:data2\" content=\"2 minute\" \/>\n<script type=\"application\/ld+json\" class=\"yoast-schema-graph\">{\"@context\":\"https:\/\/schema.org\",\"@graph\":[{\"@type\":\"Article\",\"@id\":\"https:\/\/sandzakpress.net\/arhiva\/cijeli-film-na-drini-krvavi-visegrad\/#article\",\"isPartOf\":{\"@id\":\"https:\/\/sandzakpress.net\/arhiva\/cijeli-film-na-drini-krvavi-visegrad\/\"},\"author\":{\"name\":\"bosniak\",\"@id\":\"https:\/\/sandzakpress.net\/arhiva\/#\/schema\/person\/c8baee722073534b583ea7bdb2e36c02\"},\"headline\":\"Cijeli film: \u201cNa Drini krvavi Vi\u0161egrad\u201d\",\"datePublished\":\"2014-04-24T08:00:08+00:00\",\"dateModified\":\"2014-04-24T21:41:39+00:00\",\"mainEntityOfPage\":{\"@id\":\"https:\/\/sandzakpress.net\/arhiva\/cijeli-film-na-drini-krvavi-visegrad\/\"},\"wordCount\":504,\"commentCount\":0,\"publisher\":{\"@id\":\"https:\/\/sandzakpress.net\/arhiva\/#\/schema\/person\/6e72b67d6e51910a1117b3b483ba20bd\"},\"image\":{\"@id\":\"https:\/\/sandzakpress.net\/arhiva\/cijeli-film-na-drini-krvavi-visegrad\/#primaryimage\"},\"thumbnailUrl\":\"https:\/\/sandzakpress.net\/arhiva\/wp-content\/uploads\/2014\/04\/visegrad.png\",\"articleSection\":[\"Nacija\",\"Bosna i Hercegovina\",\"VIJESTI DANA\",\"Novine\"],\"inLanguage\":\"bs-BA\",\"potentialAction\":[{\"@type\":\"CommentAction\",\"name\":\"Comment\",\"target\":[\"https:\/\/sandzakpress.net\/arhiva\/cijeli-film-na-drini-krvavi-visegrad\/#respond\"]}]},{\"@type\":\"WebPage\",\"@id\":\"https:\/\/sandzakpress.net\/arhiva\/cijeli-film-na-drini-krvavi-visegrad\/\",\"url\":\"https:\/\/sandzakpress.net\/arhiva\/cijeli-film-na-drini-krvavi-visegrad\/\",\"name\":\"Cijeli film: \u201cNa Drini krvavi Vi\u0161egrad\u201d\",\"isPartOf\":{\"@id\":\"https:\/\/sandzakpress.net\/arhiva\/#website\"},\"primaryImageOfPage\":{\"@id\":\"https:\/\/sandzakpress.net\/arhiva\/cijeli-film-na-drini-krvavi-visegrad\/#primaryimage\"},\"image\":{\"@id\":\"https:\/\/sandzakpress.net\/arhiva\/cijeli-film-na-drini-krvavi-visegrad\/#primaryimage\"},\"thumbnailUrl\":\"https:\/\/sandzakpress.net\/arhiva\/wp-content\/uploads\/2014\/04\/visegrad.png\",\"datePublished\":\"2014-04-24T08:00:08+00:00\",\"dateModified\":\"2014-04-24T21:41:39+00:00\",\"breadcrumb\":{\"@id\":\"https:\/\/sandzakpress.net\/arhiva\/cijeli-film-na-drini-krvavi-visegrad\/#breadcrumb\"},\"inLanguage\":\"bs-BA\",\"potentialAction\":[{\"@type\":\"ReadAction\",\"target\":[\"https:\/\/sandzakpress.net\/arhiva\/cijeli-film-na-drini-krvavi-visegrad\/\"]}]},{\"@type\":\"ImageObject\",\"inLanguage\":\"bs-BA\",\"@id\":\"https:\/\/sandzakpress.net\/arhiva\/cijeli-film-na-drini-krvavi-visegrad\/#primaryimage\",\"url\":\"https:\/\/sandzakpress.net\/arhiva\/wp-content\/uploads\/2014\/04\/visegrad.png\",\"contentUrl\":\"https:\/\/sandzakpress.net\/arhiva\/wp-content\/uploads\/2014\/04\/visegrad.png\",\"width\":610,\"height\":280},{\"@type\":\"BreadcrumbList\",\"@id\":\"https:\/\/sandzakpress.net\/arhiva\/cijeli-film-na-drini-krvavi-visegrad\/#breadcrumb\",\"itemListElement\":[{\"@type\":\"ListItem\",\"position\":1,\"name\":\"Home\",\"item\":\"https:\/\/sandzakpress.net\/arhiva\/\"},{\"@type\":\"ListItem\",\"position\":2,\"name\":\"Cijeli film: \u201cNa Drini krvavi Vi\u0161egrad\u201d\"}]},{\"@type\":\"WebSite\",\"@id\":\"https:\/\/sandzakpress.net\/arhiva\/#website\",\"url\":\"https:\/\/sandzakpress.net\/arhiva\/\",\"name\":\"Sand\u017eak PRESS\",\"description\":\"Prve elektronske novine u Sand\u017eaku\",\"publisher\":{\"@id\":\"https:\/\/sandzakpress.net\/arhiva\/#\/schema\/person\/6e72b67d6e51910a1117b3b483ba20bd\"},\"potentialAction\":[{\"@type\":\"SearchAction\",\"target\":{\"@type\":\"EntryPoint\",\"urlTemplate\":\"https:\/\/sandzakpress.net\/arhiva\/?s={search_term_string}\"},\"query-input\":{\"@type\":\"PropertyValueSpecification\",\"valueRequired\":true,\"valueName\":\"search_term_string\"}}],\"inLanguage\":\"bs-BA\"},{\"@type\":[\"Person\",\"Organization\"],\"@id\":\"https:\/\/sandzakpress.net\/arhiva\/#\/schema\/person\/6e72b67d6e51910a1117b3b483ba20bd\",\"name\":\"Kul\",\"image\":{\"@type\":\"ImageObject\",\"inLanguage\":\"bs-BA\",\"@id\":\"https:\/\/sandzakpress.net\/arhiva\/#\/schema\/person\/image\/\",\"url\":\"https:\/\/secure.gravatar.com\/avatar\/42263f39aa27ac04c43cab85c280eb2e?s=96&d=mm&r=pg\",\"contentUrl\":\"https:\/\/secure.gravatar.com\/avatar\/42263f39aa27ac04c43cab85c280eb2e?s=96&d=mm&r=pg\",\"caption\":\"Kul\"},\"logo\":{\"@id\":\"https:\/\/sandzakpress.net\/arhiva\/#\/schema\/person\/image\/\"}},{\"@type\":\"Person\",\"@id\":\"https:\/\/sandzakpress.net\/arhiva\/#\/schema\/person\/c8baee722073534b583ea7bdb2e36c02\",\"name\":\"bosniak\",\"image\":{\"@type\":\"ImageObject\",\"inLanguage\":\"bs-BA\",\"@id\":\"https:\/\/sandzakpress.net\/arhiva\/#\/schema\/person\/image\/\",\"url\":\"https:\/\/secure.gravatar.com\/avatar\/a04fd330bfe3a36a72a0ad4a6d89fca7?s=96&d=mm&r=pg\",\"contentUrl\":\"https:\/\/secure.gravatar.com\/avatar\/a04fd330bfe3a36a72a0ad4a6d89fca7?s=96&d=mm&r=pg\",\"caption\":\"bosniak\"},\"url\":\"https:\/\/sandzakpress.net\/arhiva\/author\/bosniak\/\"}]}<\/script>\n<!-- \/ Yoast SEO Premium plugin. -->","yoast_head_json":{"title":"Cijeli film: \u201cNa Drini krvavi Vi\u0161egrad\u201d","robots":{"index":"index","follow":"follow","max-snippet":"max-snippet:-1","max-image-preview":"max-image-preview:large","max-video-preview":"max-video-preview:-1"},"canonical":"https:\/\/sandzakpress.net\/arhiva\/cijeli-film-na-drini-krvavi-visegrad\/","og_locale":"bs_BA","og_type":"article","og_title":"Cijeli film: \u201cNa Drini krvavi Vi\u0161egrad\u201d","og_description":"BIH &#8211; Vi\u0161egrad \u2013 Dokumentarac govori o stradanju Bo\u0161njaka u Vi\u0161egradu, ne samo u proteklom ratu, nego i stolje\u0107ima kroz historiju. Rije\u010d je o hronolo\u0161koj pri\u010di o zlo\u010dinima koji su izvr\u0161eni nad Bo\u0161njacima Vi\u0161egrada od Prvog srpskog ustanka, preko dva svjetska rata, sve do posljednje agresije na BiH od 1992. do 1995. godine. Re\u017eiser filma [&hellip;]","og_url":"https:\/\/sandzakpress.net\/arhiva\/cijeli-film-na-drini-krvavi-visegrad\/","og_site_name":"Sand\u017eak PRESS","article_published_time":"2014-04-24T08:00:08+00:00","article_modified_time":"2014-04-24T21:41:39+00:00","og_image":[{"width":610,"height":280,"url":"https:\/\/sandzakpress.net\/arhiva\/wp-content\/uploads\/2014\/04\/visegrad.png","type":"image\/png"}],"author":"bosniak","twitter_card":"summary_large_image","twitter_misc":{"Written by":"bosniak","Est. reading time":"2 minute"},"schema":{"@context":"https:\/\/schema.org","@graph":[{"@type":"Article","@id":"https:\/\/sandzakpress.net\/arhiva\/cijeli-film-na-drini-krvavi-visegrad\/#article","isPartOf":{"@id":"https:\/\/sandzakpress.net\/arhiva\/cijeli-film-na-drini-krvavi-visegrad\/"},"author":{"name":"bosniak","@id":"https:\/\/sandzakpress.net\/arhiva\/#\/schema\/person\/c8baee722073534b583ea7bdb2e36c02"},"headline":"Cijeli film: \u201cNa Drini krvavi Vi\u0161egrad\u201d","datePublished":"2014-04-24T08:00:08+00:00","dateModified":"2014-04-24T21:41:39+00:00","mainEntityOfPage":{"@id":"https:\/\/sandzakpress.net\/arhiva\/cijeli-film-na-drini-krvavi-visegrad\/"},"wordCount":504,"commentCount":0,"publisher":{"@id":"https:\/\/sandzakpress.net\/arhiva\/#\/schema\/person\/6e72b67d6e51910a1117b3b483ba20bd"},"image":{"@id":"https:\/\/sandzakpress.net\/arhiva\/cijeli-film-na-drini-krvavi-visegrad\/#primaryimage"},"thumbnailUrl":"https:\/\/sandzakpress.net\/arhiva\/wp-content\/uploads\/2014\/04\/visegrad.png","articleSection":["Nacija","Bosna i Hercegovina","VIJESTI DANA","Novine"],"inLanguage":"bs-BA","potentialAction":[{"@type":"CommentAction","name":"Comment","target":["https:\/\/sandzakpress.net\/arhiva\/cijeli-film-na-drini-krvavi-visegrad\/#respond"]}]},{"@type":"WebPage","@id":"https:\/\/sandzakpress.net\/arhiva\/cijeli-film-na-drini-krvavi-visegrad\/","url":"https:\/\/sandzakpress.net\/arhiva\/cijeli-film-na-drini-krvavi-visegrad\/","name":"Cijeli film: \u201cNa Drini krvavi Vi\u0161egrad\u201d","isPartOf":{"@id":"https:\/\/sandzakpress.net\/arhiva\/#website"},"primaryImageOfPage":{"@id":"https:\/\/sandzakpress.net\/arhiva\/cijeli-film-na-drini-krvavi-visegrad\/#primaryimage"},"image":{"@id":"https:\/\/sandzakpress.net\/arhiva\/cijeli-film-na-drini-krvavi-visegrad\/#primaryimage"},"thumbnailUrl":"https:\/\/sandzakpress.net\/arhiva\/wp-content\/uploads\/2014\/04\/visegrad.png","datePublished":"2014-04-24T08:00:08+00:00","dateModified":"2014-04-24T21:41:39+00:00","breadcrumb":{"@id":"https:\/\/sandzakpress.net\/arhiva\/cijeli-film-na-drini-krvavi-visegrad\/#breadcrumb"},"inLanguage":"bs-BA","potentialAction":[{"@type":"ReadAction","target":["https:\/\/sandzakpress.net\/arhiva\/cijeli-film-na-drini-krvavi-visegrad\/"]}]},{"@type":"ImageObject","inLanguage":"bs-BA","@id":"https:\/\/sandzakpress.net\/arhiva\/cijeli-film-na-drini-krvavi-visegrad\/#primaryimage","url":"https:\/\/sandzakpress.net\/arhiva\/wp-content\/uploads\/2014\/04\/visegrad.png","contentUrl":"https:\/\/sandzakpress.net\/arhiva\/wp-content\/uploads\/2014\/04\/visegrad.png","width":610,"height":280},{"@type":"BreadcrumbList","@id":"https:\/\/sandzakpress.net\/arhiva\/cijeli-film-na-drini-krvavi-visegrad\/#breadcrumb","itemListElement":[{"@type":"ListItem","position":1,"name":"Home","item":"https:\/\/sandzakpress.net\/arhiva\/"},{"@type":"ListItem","position":2,"name":"Cijeli film: \u201cNa Drini krvavi Vi\u0161egrad\u201d"}]},{"@type":"WebSite","@id":"https:\/\/sandzakpress.net\/arhiva\/#website","url":"https:\/\/sandzakpress.net\/arhiva\/","name":"Sand\u017eak PRESS","description":"Prve elektronske novine u Sand\u017eaku","publisher":{"@id":"https:\/\/sandzakpress.net\/arhiva\/#\/schema\/person\/6e72b67d6e51910a1117b3b483ba20bd"},"potentialAction":[{"@type":"SearchAction","target":{"@type":"EntryPoint","urlTemplate":"https:\/\/sandzakpress.net\/arhiva\/?s={search_term_string}"},"query-input":{"@type":"PropertyValueSpecification","valueRequired":true,"valueName":"search_term_string"}}],"inLanguage":"bs-BA"},{"@type":["Person","Organization"],"@id":"https:\/\/sandzakpress.net\/arhiva\/#\/schema\/person\/6e72b67d6e51910a1117b3b483ba20bd","name":"Kul","image":{"@type":"ImageObject","inLanguage":"bs-BA","@id":"https:\/\/sandzakpress.net\/arhiva\/#\/schema\/person\/image\/","url":"https:\/\/secure.gravatar.com\/avatar\/42263f39aa27ac04c43cab85c280eb2e?s=96&d=mm&r=pg","contentUrl":"https:\/\/secure.gravatar.com\/avatar\/42263f39aa27ac04c43cab85c280eb2e?s=96&d=mm&r=pg","caption":"Kul"},"logo":{"@id":"https:\/\/sandzakpress.net\/arhiva\/#\/schema\/person\/image\/"}},{"@type":"Person","@id":"https:\/\/sandzakpress.net\/arhiva\/#\/schema\/person\/c8baee722073534b583ea7bdb2e36c02","name":"bosniak","image":{"@type":"ImageObject","inLanguage":"bs-BA","@id":"https:\/\/sandzakpress.net\/arhiva\/#\/schema\/person\/image\/","url":"https:\/\/secure.gravatar.com\/avatar\/a04fd330bfe3a36a72a0ad4a6d89fca7?s=96&d=mm&r=pg","contentUrl":"https:\/\/secure.gravatar.com\/avatar\/a04fd330bfe3a36a72a0ad4a6d89fca7?s=96&d=mm&r=pg","caption":"bosniak"},"url":"https:\/\/sandzakpress.net\/arhiva\/author\/bosniak\/"}]}},"_links":{"self":[{"href":"https:\/\/sandzakpress.net\/arhiva\/wp-json\/wp\/v2\/posts\/104961"}],"collection":[{"href":"https:\/\/sandzakpress.net\/arhiva\/wp-json\/wp\/v2\/posts"}],"about":[{"href":"https:\/\/sandzakpress.net\/arhiva\/wp-json\/wp\/v2\/types\/post"}],"author":[{"embeddable":true,"href":"https:\/\/sandzakpress.net\/arhiva\/wp-json\/wp\/v2\/users\/83"}],"replies":[{"embeddable":true,"href":"https:\/\/sandzakpress.net\/arhiva\/wp-json\/wp\/v2\/comments?post=104961"}],"version-history":[{"count":0,"href":"https:\/\/sandzakpress.net\/arhiva\/wp-json\/wp\/v2\/posts\/104961\/revisions"}],"wp:featuredmedia":[{"embeddable":true,"href":"https:\/\/sandzakpress.net\/arhiva\/wp-json\/wp\/v2\/media\/104962"}],"wp:attachment":[{"href":"https:\/\/sandzakpress.net\/arhiva\/wp-json\/wp\/v2\/media?parent=104961"}],"wp:term":[{"taxonomy":"category","embeddable":true,"href":"https:\/\/sandzakpress.net\/arhiva\/wp-json\/wp\/v2\/categories?post=104961"},{"taxonomy":"post_tag","embeddable":true,"href":"https:\/\/sandzakpress.net\/arhiva\/wp-json\/wp\/v2\/tags?post=104961"}],"curies":[{"name":"wp","href":"https:\/\/api.w.org\/{rel}","templated":true}]}}