{"id":104759,"date":"2014-04-19T01:51:31","date_gmt":"2014-04-18T23:51:31","guid":{"rendered":"https:\/\/sandzakpress.net\/arhiva\/?p=104759"},"modified":"2014-04-19T01:51:31","modified_gmt":"2014-04-18T23:51:31","slug":"uprava-za-kadrove-nijesmo-prekrsili-zakon-o-finansiranju-politickih-partija","status":"publish","type":"post","link":"https:\/\/sandzakpress.net\/arhiva\/uprava-za-kadrove-nijesmo-prekrsili-zakon-o-finansiranju-politickih-partija\/","title":{"rendered":"Uprava za kadrove: Nijesmo prekr\u0161ili Zakon o finansiranju politi\u010dkih partija"},"content":{"rendered":"<p><strong style=\"font-size: 14px; line-height: 1.5em;\"><img loading=\"lazy\" decoding=\"async\" class=\"alignleft\" alt=\"\" src=\"http:\/\/www.img2.cdm.me\/sites\/cdm.bild-studio.me\/files\/styles\/301x227\/public\/multimedia\/foto\/2014\/04\/17\/1_0.jpg\" width=\"310\" height=\"232\" \/><\/strong><strong>Crna Gora &#8211;\u00a0Uprava za kadrove nije sprovodila interno i javno ogla\u0161avanje od dana rapisivanja izbora u 12 crnogorskih op\u0161tina Gusinje i shodno tome nije prekr\u0161ila Zakon o finansiranju politi\u010dkih partija, kazala je direktorica Uprave Svetlana Vukovi\u0107.<\/strong><\/p>\n<div>\n<div>\n<div><span style=\"font-size: 14px; line-height: 1.5em;\">Podsje\u0107amo, Dan je danas objavio tvrdnje advokata Mre\u017ee za afirmaciju nevladinog sektora MANS Veselina Radulovi\u0107a da Uprava za kadrove kr\u0161i Zakon o finansiranju politi\u010dkih partija tako \u0161to vr\u0161i ogla\u0161avanje i zapo\u0161ljavanje u toku izbornog procesa.<\/span><\/div>\n<\/div>\n<div>\n<p>U Upravi za kadrove demantuju te navode i nagla\u0161avaju da su Radulovi\u0107eve tvrdnje proizvoljne i da ne odgovaraju \u010dinjeni\u010dnom stanju.<\/p>\n<p>\u201cUprava za kadrove nije sprovodila interno i javno ogla\u0161avanje od dana rapisivanja izbora za odbornike Skup\u0161tini glavnog grada Podgorica i Skup\u0161tinama op\u0161tina Bar, Bijelo Polje, Danilovgrad, \u017dabljak, Kola\u0161in, Plav, Plu\u017eine, Pljevlja, Ro\u017eaje, \u0160avnik, Gusinje i shodno tome nije prekr\u0161ila Zakon o finansiranju politi\u010dkih partija\u201d, kazala je Vukovi\u0107.<\/p>\n<p>Ona je objasnila da se radi o oglasima koji su objavljeni 22. marta ove godine, odnosno prije raspisivanja izbora te se u tom smislu ne mo\u017ee govoriti o kr\u0161enju i zloupotrebi Zakona o finansiranju politi\u010dkih partija.<\/p>\n<p>\u201cTako\u0111e, ukazujemo da Uprava za kadrove ne vr\u0161i zapo\u0161ljavanje ve\u0107 je u njenoj nadle\u017enosti sprovo\u0111enje postupka ogla\u0161avanja i selekcije kandidata a odluku o izboru i rje\u0161enje o zasnivanju radnog odnosa donosi starje\u0161ina dr\u017eavnog organa koji je i pokrenuo postupak ogla\u0161avanja odnosno zapo\u0161ljavanja\u201d, naglasila je Vukovi\u0107.<\/p>\n<p>(cdm)<\/p>\n<\/div>\n<\/div>\n","protected":false},"excerpt":{"rendered":"<p>Crna Gora &#8211;\u00a0Uprava za kadrove nije sprovodila interno i javno ogla\u0161avanje od dana rapisivanja izbora u 12 crnogorskih op\u0161tina Gusinje i shodno tome nije prekr\u0161ila Zakon o finansiranju politi\u010dkih partija, kazala je direktorica Uprave Svetlana Vukovi\u0107. Podsje\u0107amo, Dan je danas objavio tvrdnje advokata Mre\u017ee za afirmaciju nevladinog sektora MANS Veselina Radulovi\u0107a da Uprava za kadrove [&hellip;]<\/p>\n","protected":false},"author":83,"featured_media":104760,"comment_status":"open","ping_status":"open","sticky":false,"template":"","format":"standard","meta":{"footnotes":""},"categories":[1,10308],"tags":[],"class_list":{"0":"post-104759","1":"post","2":"type-post","3":"status-publish","4":"format-standard","5":"has-post-thumbnail","7":"category-politika","8":"category-crna-gora"},"yoast_head":"<!-- This site is optimized with the Yoast SEO Premium plugin v23.1 (Yoast SEO v24.9) - https:\/\/yoast.com\/wordpress\/plugins\/seo\/ -->\n<title>Uprava za kadrove: Nijesmo prekr\u0161ili Zakon o finansiranju politi\u010dkih partija<\/title>\n<meta name=\"robots\" content=\"index, follow, max-snippet:-1, max-image-preview:large, max-video-preview:-1\" \/>\n<link rel=\"canonical\" href=\"https:\/\/sandzakpress.net\/arhiva\/uprava-za-kadrove-nijesmo-prekrsili-zakon-o-finansiranju-politickih-partija\/\" \/>\n<meta property=\"og:locale\" content=\"bs_BA\" \/>\n<meta property=\"og:type\" content=\"article\" \/>\n<meta property=\"og:title\" content=\"Uprava za kadrove: Nijesmo prekr\u0161ili Zakon o finansiranju politi\u010dkih partija\" \/>\n<meta property=\"og:description\" content=\"Crna Gora &#8211;\u00a0Uprava za kadrove nije sprovodila interno i javno ogla\u0161avanje od dana rapisivanja izbora u 12 crnogorskih op\u0161tina Gusinje i shodno tome nije prekr\u0161ila Zakon o finansiranju politi\u010dkih partija, kazala je direktorica Uprave Svetlana Vukovi\u0107. Podsje\u0107amo, Dan je danas objavio tvrdnje advokata Mre\u017ee za afirmaciju nevladinog sektora MANS Veselina Radulovi\u0107a da Uprava za kadrove [&hellip;]\" \/>\n<meta property=\"og:url\" content=\"https:\/\/sandzakpress.net\/arhiva\/uprava-za-kadrove-nijesmo-prekrsili-zakon-o-finansiranju-politickih-partija\/\" \/>\n<meta property=\"og:site_name\" content=\"Sand\u017eak PRESS\" \/>\n<meta property=\"article:published_time\" content=\"2014-04-18T23:51:31+00:00\" \/>\n<meta property=\"og:image\" content=\"https:\/\/sandzakpress.net\/arhiva\/wp-content\/uploads\/2014\/04\/1_0.jpg\" \/>\n\t<meta property=\"og:image:width\" content=\"573\" \/>\n\t<meta property=\"og:image:height\" content=\"430\" \/>\n\t<meta property=\"og:image:type\" content=\"image\/jpeg\" \/>\n<meta name=\"author\" content=\"bosniak\" \/>\n<meta name=\"twitter:card\" content=\"summary_large_image\" \/>\n<meta name=\"twitter:label1\" content=\"Written by\" \/>\n\t<meta name=\"twitter:data1\" content=\"bosniak\" \/>\n\t<meta name=\"twitter:label2\" content=\"Est. reading time\" \/>\n\t<meta name=\"twitter:data2\" content=\"1 minuta\" \/>\n<script type=\"application\/ld+json\" class=\"yoast-schema-graph\">{\"@context\":\"https:\/\/schema.org\",\"@graph\":[{\"@type\":\"Article\",\"@id\":\"https:\/\/sandzakpress.net\/arhiva\/uprava-za-kadrove-nijesmo-prekrsili-zakon-o-finansiranju-politickih-partija\/#article\",\"isPartOf\":{\"@id\":\"https:\/\/sandzakpress.net\/arhiva\/uprava-za-kadrove-nijesmo-prekrsili-zakon-o-finansiranju-politickih-partija\/\"},\"author\":{\"name\":\"bosniak\",\"@id\":\"https:\/\/sandzakpress.net\/arhiva\/#\/schema\/person\/c8baee722073534b583ea7bdb2e36c02\"},\"headline\":\"Uprava za kadrove: Nijesmo prekr\u0161ili Zakon o finansiranju politi\u010dkih partija\",\"datePublished\":\"2014-04-18T23:51:31+00:00\",\"mainEntityOfPage\":{\"@id\":\"https:\/\/sandzakpress.net\/arhiva\/uprava-za-kadrove-nijesmo-prekrsili-zakon-o-finansiranju-politickih-partija\/\"},\"wordCount\":269,\"commentCount\":0,\"publisher\":{\"@id\":\"https:\/\/sandzakpress.net\/arhiva\/#\/schema\/person\/6e72b67d6e51910a1117b3b483ba20bd\"},\"image\":{\"@id\":\"https:\/\/sandzakpress.net\/arhiva\/uprava-za-kadrove-nijesmo-prekrsili-zakon-o-finansiranju-politickih-partija\/#primaryimage\"},\"thumbnailUrl\":\"https:\/\/sandzakpress.net\/arhiva\/wp-content\/uploads\/2014\/04\/1_0.jpg\",\"articleSection\":[\"Politika\",\"Crna Gora\"],\"inLanguage\":\"bs-BA\",\"potentialAction\":[{\"@type\":\"CommentAction\",\"name\":\"Comment\",\"target\":[\"https:\/\/sandzakpress.net\/arhiva\/uprava-za-kadrove-nijesmo-prekrsili-zakon-o-finansiranju-politickih-partija\/#respond\"]}]},{\"@type\":\"WebPage\",\"@id\":\"https:\/\/sandzakpress.net\/arhiva\/uprava-za-kadrove-nijesmo-prekrsili-zakon-o-finansiranju-politickih-partija\/\",\"url\":\"https:\/\/sandzakpress.net\/arhiva\/uprava-za-kadrove-nijesmo-prekrsili-zakon-o-finansiranju-politickih-partija\/\",\"name\":\"Uprava za kadrove: Nijesmo prekr\u0161ili Zakon o finansiranju politi\u010dkih partija\",\"isPartOf\":{\"@id\":\"https:\/\/sandzakpress.net\/arhiva\/#website\"},\"primaryImageOfPage\":{\"@id\":\"https:\/\/sandzakpress.net\/arhiva\/uprava-za-kadrove-nijesmo-prekrsili-zakon-o-finansiranju-politickih-partija\/#primaryimage\"},\"image\":{\"@id\":\"https:\/\/sandzakpress.net\/arhiva\/uprava-za-kadrove-nijesmo-prekrsili-zakon-o-finansiranju-politickih-partija\/#primaryimage\"},\"thumbnailUrl\":\"https:\/\/sandzakpress.net\/arhiva\/wp-content\/uploads\/2014\/04\/1_0.jpg\",\"datePublished\":\"2014-04-18T23:51:31+00:00\",\"breadcrumb\":{\"@id\":\"https:\/\/sandzakpress.net\/arhiva\/uprava-za-kadrove-nijesmo-prekrsili-zakon-o-finansiranju-politickih-partija\/#breadcrumb\"},\"inLanguage\":\"bs-BA\",\"potentialAction\":[{\"@type\":\"ReadAction\",\"target\":[\"https:\/\/sandzakpress.net\/arhiva\/uprava-za-kadrove-nijesmo-prekrsili-zakon-o-finansiranju-politickih-partija\/\"]}]},{\"@type\":\"ImageObject\",\"inLanguage\":\"bs-BA\",\"@id\":\"https:\/\/sandzakpress.net\/arhiva\/uprava-za-kadrove-nijesmo-prekrsili-zakon-o-finansiranju-politickih-partija\/#primaryimage\",\"url\":\"https:\/\/sandzakpress.net\/arhiva\/wp-content\/uploads\/2014\/04\/1_0.jpg\",\"contentUrl\":\"https:\/\/sandzakpress.net\/arhiva\/wp-content\/uploads\/2014\/04\/1_0.jpg\",\"width\":573,\"height\":430},{\"@type\":\"BreadcrumbList\",\"@id\":\"https:\/\/sandzakpress.net\/arhiva\/uprava-za-kadrove-nijesmo-prekrsili-zakon-o-finansiranju-politickih-partija\/#breadcrumb\",\"itemListElement\":[{\"@type\":\"ListItem\",\"position\":1,\"name\":\"Home\",\"item\":\"https:\/\/sandzakpress.net\/arhiva\/\"},{\"@type\":\"ListItem\",\"position\":2,\"name\":\"Uprava za kadrove: Nijesmo prekr\u0161ili Zakon o finansiranju politi\u010dkih partija\"}]},{\"@type\":\"WebSite\",\"@id\":\"https:\/\/sandzakpress.net\/arhiva\/#website\",\"url\":\"https:\/\/sandzakpress.net\/arhiva\/\",\"name\":\"Sand\u017eak PRESS\",\"description\":\"Prve elektronske novine u Sand\u017eaku\",\"publisher\":{\"@id\":\"https:\/\/sandzakpress.net\/arhiva\/#\/schema\/person\/6e72b67d6e51910a1117b3b483ba20bd\"},\"potentialAction\":[{\"@type\":\"SearchAction\",\"target\":{\"@type\":\"EntryPoint\",\"urlTemplate\":\"https:\/\/sandzakpress.net\/arhiva\/?s={search_term_string}\"},\"query-input\":{\"@type\":\"PropertyValueSpecification\",\"valueRequired\":true,\"valueName\":\"search_term_string\"}}],\"inLanguage\":\"bs-BA\"},{\"@type\":[\"Person\",\"Organization\"],\"@id\":\"https:\/\/sandzakpress.net\/arhiva\/#\/schema\/person\/6e72b67d6e51910a1117b3b483ba20bd\",\"name\":\"Kul\",\"image\":{\"@type\":\"ImageObject\",\"inLanguage\":\"bs-BA\",\"@id\":\"https:\/\/sandzakpress.net\/arhiva\/#\/schema\/person\/image\/\",\"url\":\"https:\/\/secure.gravatar.com\/avatar\/42263f39aa27ac04c43cab85c280eb2e?s=96&d=mm&r=pg\",\"contentUrl\":\"https:\/\/secure.gravatar.com\/avatar\/42263f39aa27ac04c43cab85c280eb2e?s=96&d=mm&r=pg\",\"caption\":\"Kul\"},\"logo\":{\"@id\":\"https:\/\/sandzakpress.net\/arhiva\/#\/schema\/person\/image\/\"}},{\"@type\":\"Person\",\"@id\":\"https:\/\/sandzakpress.net\/arhiva\/#\/schema\/person\/c8baee722073534b583ea7bdb2e36c02\",\"name\":\"bosniak\",\"image\":{\"@type\":\"ImageObject\",\"inLanguage\":\"bs-BA\",\"@id\":\"https:\/\/sandzakpress.net\/arhiva\/#\/schema\/person\/image\/\",\"url\":\"https:\/\/secure.gravatar.com\/avatar\/a04fd330bfe3a36a72a0ad4a6d89fca7?s=96&d=mm&r=pg\",\"contentUrl\":\"https:\/\/secure.gravatar.com\/avatar\/a04fd330bfe3a36a72a0ad4a6d89fca7?s=96&d=mm&r=pg\",\"caption\":\"bosniak\"},\"url\":\"https:\/\/sandzakpress.net\/arhiva\/author\/bosniak\/\"}]}<\/script>\n<!-- \/ Yoast SEO Premium plugin. -->","yoast_head_json":{"title":"Uprava za kadrove: Nijesmo prekr\u0161ili Zakon o finansiranju politi\u010dkih partija","robots":{"index":"index","follow":"follow","max-snippet":"max-snippet:-1","max-image-preview":"max-image-preview:large","max-video-preview":"max-video-preview:-1"},"canonical":"https:\/\/sandzakpress.net\/arhiva\/uprava-za-kadrove-nijesmo-prekrsili-zakon-o-finansiranju-politickih-partija\/","og_locale":"bs_BA","og_type":"article","og_title":"Uprava za kadrove: Nijesmo prekr\u0161ili Zakon o finansiranju politi\u010dkih partija","og_description":"Crna Gora &#8211;\u00a0Uprava za kadrove nije sprovodila interno i javno ogla\u0161avanje od dana rapisivanja izbora u 12 crnogorskih op\u0161tina Gusinje i shodno tome nije prekr\u0161ila Zakon o finansiranju politi\u010dkih partija, kazala je direktorica Uprave Svetlana Vukovi\u0107. Podsje\u0107amo, Dan je danas objavio tvrdnje advokata Mre\u017ee za afirmaciju nevladinog sektora MANS Veselina Radulovi\u0107a da Uprava za kadrove [&hellip;]","og_url":"https:\/\/sandzakpress.net\/arhiva\/uprava-za-kadrove-nijesmo-prekrsili-zakon-o-finansiranju-politickih-partija\/","og_site_name":"Sand\u017eak PRESS","article_published_time":"2014-04-18T23:51:31+00:00","og_image":[{"width":573,"height":430,"url":"https:\/\/sandzakpress.net\/arhiva\/wp-content\/uploads\/2014\/04\/1_0.jpg","type":"image\/jpeg"}],"author":"bosniak","twitter_card":"summary_large_image","twitter_misc":{"Written by":"bosniak","Est. reading time":"1 minuta"},"schema":{"@context":"https:\/\/schema.org","@graph":[{"@type":"Article","@id":"https:\/\/sandzakpress.net\/arhiva\/uprava-za-kadrove-nijesmo-prekrsili-zakon-o-finansiranju-politickih-partija\/#article","isPartOf":{"@id":"https:\/\/sandzakpress.net\/arhiva\/uprava-za-kadrove-nijesmo-prekrsili-zakon-o-finansiranju-politickih-partija\/"},"author":{"name":"bosniak","@id":"https:\/\/sandzakpress.net\/arhiva\/#\/schema\/person\/c8baee722073534b583ea7bdb2e36c02"},"headline":"Uprava za kadrove: Nijesmo prekr\u0161ili Zakon o finansiranju politi\u010dkih partija","datePublished":"2014-04-18T23:51:31+00:00","mainEntityOfPage":{"@id":"https:\/\/sandzakpress.net\/arhiva\/uprava-za-kadrove-nijesmo-prekrsili-zakon-o-finansiranju-politickih-partija\/"},"wordCount":269,"commentCount":0,"publisher":{"@id":"https:\/\/sandzakpress.net\/arhiva\/#\/schema\/person\/6e72b67d6e51910a1117b3b483ba20bd"},"image":{"@id":"https:\/\/sandzakpress.net\/arhiva\/uprava-za-kadrove-nijesmo-prekrsili-zakon-o-finansiranju-politickih-partija\/#primaryimage"},"thumbnailUrl":"https:\/\/sandzakpress.net\/arhiva\/wp-content\/uploads\/2014\/04\/1_0.jpg","articleSection":["Politika","Crna Gora"],"inLanguage":"bs-BA","potentialAction":[{"@type":"CommentAction","name":"Comment","target":["https:\/\/sandzakpress.net\/arhiva\/uprava-za-kadrove-nijesmo-prekrsili-zakon-o-finansiranju-politickih-partija\/#respond"]}]},{"@type":"WebPage","@id":"https:\/\/sandzakpress.net\/arhiva\/uprava-za-kadrove-nijesmo-prekrsili-zakon-o-finansiranju-politickih-partija\/","url":"https:\/\/sandzakpress.net\/arhiva\/uprava-za-kadrove-nijesmo-prekrsili-zakon-o-finansiranju-politickih-partija\/","name":"Uprava za kadrove: Nijesmo prekr\u0161ili Zakon o finansiranju politi\u010dkih partija","isPartOf":{"@id":"https:\/\/sandzakpress.net\/arhiva\/#website"},"primaryImageOfPage":{"@id":"https:\/\/sandzakpress.net\/arhiva\/uprava-za-kadrove-nijesmo-prekrsili-zakon-o-finansiranju-politickih-partija\/#primaryimage"},"image":{"@id":"https:\/\/sandzakpress.net\/arhiva\/uprava-za-kadrove-nijesmo-prekrsili-zakon-o-finansiranju-politickih-partija\/#primaryimage"},"thumbnailUrl":"https:\/\/sandzakpress.net\/arhiva\/wp-content\/uploads\/2014\/04\/1_0.jpg","datePublished":"2014-04-18T23:51:31+00:00","breadcrumb":{"@id":"https:\/\/sandzakpress.net\/arhiva\/uprava-za-kadrove-nijesmo-prekrsili-zakon-o-finansiranju-politickih-partija\/#breadcrumb"},"inLanguage":"bs-BA","potentialAction":[{"@type":"ReadAction","target":["https:\/\/sandzakpress.net\/arhiva\/uprava-za-kadrove-nijesmo-prekrsili-zakon-o-finansiranju-politickih-partija\/"]}]},{"@type":"ImageObject","inLanguage":"bs-BA","@id":"https:\/\/sandzakpress.net\/arhiva\/uprava-za-kadrove-nijesmo-prekrsili-zakon-o-finansiranju-politickih-partija\/#primaryimage","url":"https:\/\/sandzakpress.net\/arhiva\/wp-content\/uploads\/2014\/04\/1_0.jpg","contentUrl":"https:\/\/sandzakpress.net\/arhiva\/wp-content\/uploads\/2014\/04\/1_0.jpg","width":573,"height":430},{"@type":"BreadcrumbList","@id":"https:\/\/sandzakpress.net\/arhiva\/uprava-za-kadrove-nijesmo-prekrsili-zakon-o-finansiranju-politickih-partija\/#breadcrumb","itemListElement":[{"@type":"ListItem","position":1,"name":"Home","item":"https:\/\/sandzakpress.net\/arhiva\/"},{"@type":"ListItem","position":2,"name":"Uprava za kadrove: Nijesmo prekr\u0161ili Zakon o finansiranju politi\u010dkih partija"}]},{"@type":"WebSite","@id":"https:\/\/sandzakpress.net\/arhiva\/#website","url":"https:\/\/sandzakpress.net\/arhiva\/","name":"Sand\u017eak PRESS","description":"Prve elektronske novine u Sand\u017eaku","publisher":{"@id":"https:\/\/sandzakpress.net\/arhiva\/#\/schema\/person\/6e72b67d6e51910a1117b3b483ba20bd"},"potentialAction":[{"@type":"SearchAction","target":{"@type":"EntryPoint","urlTemplate":"https:\/\/sandzakpress.net\/arhiva\/?s={search_term_string}"},"query-input":{"@type":"PropertyValueSpecification","valueRequired":true,"valueName":"search_term_string"}}],"inLanguage":"bs-BA"},{"@type":["Person","Organization"],"@id":"https:\/\/sandzakpress.net\/arhiva\/#\/schema\/person\/6e72b67d6e51910a1117b3b483ba20bd","name":"Kul","image":{"@type":"ImageObject","inLanguage":"bs-BA","@id":"https:\/\/sandzakpress.net\/arhiva\/#\/schema\/person\/image\/","url":"https:\/\/secure.gravatar.com\/avatar\/42263f39aa27ac04c43cab85c280eb2e?s=96&d=mm&r=pg","contentUrl":"https:\/\/secure.gravatar.com\/avatar\/42263f39aa27ac04c43cab85c280eb2e?s=96&d=mm&r=pg","caption":"Kul"},"logo":{"@id":"https:\/\/sandzakpress.net\/arhiva\/#\/schema\/person\/image\/"}},{"@type":"Person","@id":"https:\/\/sandzakpress.net\/arhiva\/#\/schema\/person\/c8baee722073534b583ea7bdb2e36c02","name":"bosniak","image":{"@type":"ImageObject","inLanguage":"bs-BA","@id":"https:\/\/sandzakpress.net\/arhiva\/#\/schema\/person\/image\/","url":"https:\/\/secure.gravatar.com\/avatar\/a04fd330bfe3a36a72a0ad4a6d89fca7?s=96&d=mm&r=pg","contentUrl":"https:\/\/secure.gravatar.com\/avatar\/a04fd330bfe3a36a72a0ad4a6d89fca7?s=96&d=mm&r=pg","caption":"bosniak"},"url":"https:\/\/sandzakpress.net\/arhiva\/author\/bosniak\/"}]}},"_links":{"self":[{"href":"https:\/\/sandzakpress.net\/arhiva\/wp-json\/wp\/v2\/posts\/104759"}],"collection":[{"href":"https:\/\/sandzakpress.net\/arhiva\/wp-json\/wp\/v2\/posts"}],"about":[{"href":"https:\/\/sandzakpress.net\/arhiva\/wp-json\/wp\/v2\/types\/post"}],"author":[{"embeddable":true,"href":"https:\/\/sandzakpress.net\/arhiva\/wp-json\/wp\/v2\/users\/83"}],"replies":[{"embeddable":true,"href":"https:\/\/sandzakpress.net\/arhiva\/wp-json\/wp\/v2\/comments?post=104759"}],"version-history":[{"count":0,"href":"https:\/\/sandzakpress.net\/arhiva\/wp-json\/wp\/v2\/posts\/104759\/revisions"}],"wp:featuredmedia":[{"embeddable":true,"href":"https:\/\/sandzakpress.net\/arhiva\/wp-json\/wp\/v2\/media\/104760"}],"wp:attachment":[{"href":"https:\/\/sandzakpress.net\/arhiva\/wp-json\/wp\/v2\/media?parent=104759"}],"wp:term":[{"taxonomy":"category","embeddable":true,"href":"https:\/\/sandzakpress.net\/arhiva\/wp-json\/wp\/v2\/categories?post=104759"},{"taxonomy":"post_tag","embeddable":true,"href":"https:\/\/sandzakpress.net\/arhiva\/wp-json\/wp\/v2\/tags?post=104759"}],"curies":[{"name":"wp","href":"https:\/\/api.w.org\/{rel}","templated":true}]}}