{"id":104633,"date":"2014-04-17T00:58:55","date_gmt":"2014-04-16T22:58:55","guid":{"rendered":"https:\/\/sandzakpress.net\/arhiva\/?p=104633"},"modified":"2014-04-17T00:58:55","modified_gmt":"2014-04-16T22:58:55","slug":"izborna-kampanja","status":"publish","type":"post","link":"https:\/\/sandzakpress.net\/arhiva\/izborna-kampanja\/","title":{"rendered":"Izborna kampanja"},"content":{"rendered":"<figure id=\"attachment_104521\" aria-describedby=\"caption-attachment-104521\" style=\"width: 302px\" class=\"wp-caption alignleft\"><a href=\"https:\/\/sandzakpress.net\/arhiva\/wp-content\/uploads\/2014\/04\/Mirsad-Kurgas.jpg\"><img loading=\"lazy\" decoding=\"async\" class=\"size-full wp-image-104521\" alt=\"Mirsad-Mirza Kurga\u0161\" src=\"https:\/\/sandzakpress.net\/arhiva\/wp-content\/uploads\/2014\/04\/Mirsad-Kurgas.jpg\" width=\"302\" height=\"294\" \/><\/a><figcaption id=\"caption-attachment-104521\" class=\"wp-caption-text\">Mirsad-Mirza Kurga\u0161<\/figcaption><\/figure>\n<p>Prije par dana u ve\u010dernjim satima, mladi\u0107 E. H. je u Nik\u0161i\u0107u s le\u0111a vi\u0161e puta udaren baseball palicom, nakon \u010dega je napada\u010d pobjegao. Sa te\u0161kim povredama glave E.H. je primljen u bolnicu, gdje mu je stavljeno vi\u0161e kop\u010di a slu\u010daj je prijavljen i policiji. Povrije\u0111eni mladi\u0107 ne zna \u0161ta bi mogao biti motiv napada, jer nema nikakvih nerije\u0161enih ra\u010duna sa bilo kim, a i slabije imovno stanje sigurno nije moglo biti razlog za napad iz koristoljublja. Jedino \u0161to se name\u0107e kao pretpostavka jeste religijska pripadnost povrije\u0111enog mladi\u0107a, koji nosi ne\u0161to du\u017eu bradu i kapicu na glavi, \u0161to su neka od vanjskih obilje\u017eja vjeruju\u0107ih muslimana. To je vjerovatno i razlog \u0161to mu je iz automobila u prolazu vi\u0161e puta dobacivano \u201eVehabija!\u201c, nerijetko uz arsenal prijetnji i psovki. Ina\u010de, E. H. mukotrpno zara\u0111uje za \u017eivot rade\u0107i gra\u0111evinske poslove i nije sklon konfliktima.<\/p>\n<p>Ne \u017eele\u0107i da se ovom slu\u010daju daje preveliki zna\u010daj, E. H. smatra da je mnogo va\u017enije da se jedina nik\u0161i\u0107ka d\u017eamija otvori i za ostale namaze, a ne samo za zajedni\u010dku molitvu petkom- D\u017eumu. Tako bi se vjernicima omogu\u0107ilo da i ostale molitve obavljaju u d\u017eamiji a ne \u201ena ulici\u201c (na\u017ealost, u Crnoj Gori je dosta i drugih d\u017eamija koje su zaklju\u010dane po nalogu lokalnih odbora IZ- op. a.).<\/p>\n<p><a href=\"http:\/\/www.broj19-number19.org\/images\/dzamija-niksic.jpg\"><img loading=\"lazy\" decoding=\"async\" alt=\"dzamija-niksic\" src=\"http:\/\/www.broj19-number19.org\/images\/dzamija-niksic.jpg\" width=\"450\" height=\"337\" \/><\/a><\/p>\n<p>Me\u0111u onima koji su upoznati sa nemilim slu\u010dajem u Nik\u0161i\u0107u, bilo je i onih koji su smatrali da o svemu treba upoznati medije, kako bi i ostali bili upozoreni na oprez! Naime, postoji bojazan da bi mete napada mogli postati i drugi muslimani koji nose du\u017eu bradu, kapicu ili ne\u0161to kra\u0107e pantalone? Da li treba da strahujemo i za na\u0161e majke, sestre, supruge&#8230; koje nose hid\u017eab?<\/p>\n<p>Bilo je \u010dak mi\u0161ljenja da o svemu treba upoznati reisa i Islamsku zajednicu? Mada, kada se sjetimo kako se aktuelni rukovodilac vjersko-prosvetne slu\u017ebe IZ CG javno izruguje no\u0161enju brade, takva ideja nije izgledala ba\u0161 prihvatljiva. Osim toga, najvi\u0161e potvora i ogovaranja na temu tzv. \u201evehabija\u201c u proteklom periodu poteklo je upravo od nekih zvani\u010dnika Islamske zajednice. Nije tajna da su pravljeni i spiskovi \u201evehabija\u201c i dostavljani policiji. Reis je to radio na visokom nivou- informacije su dostavljane direktno ameri\u010dkom ambasadoru, kako se navodi u dokumentima iz afere Wikileaks (a \u0161to niko do sada nije demantovao!).<\/p>\n<p><a href=\"http:\/\/www.broj19-number19.org\/images\/Fejzic_Moor.jpg\"><img loading=\"lazy\" decoding=\"async\" alt=\"Fejzic-Moor\" src=\"http:\/\/www.broj19-number19.org\/images\/Fejzic_Moor.jpg\" width=\"216\" height=\"140\" \/><\/a>\u00a0<a href=\"http:\/\/www.broj19-number19.org\/images\/fejzic-markovic-vujanovic.jpg\"><img loading=\"lazy\" decoding=\"async\" alt=\"fejzic-markovic-vujanovic\" src=\"http:\/\/www.broj19-number19.org\/images\/fejzic-markovic-vujanovic.jpg\" width=\"224\" height=\"136\" \/><\/a><\/p>\n<p>Postavlja se pitanje da li je pomenuti napad u Nik\u0161i\u0107u bio motivisan isklju\u010divo vjersko-nacionalnom netrpeljivo\u0161\u0107u, ili sve to mo\u017eda ima dublju pozadinu? Da li je time, u stvari, trebalo odaslati poruku i muslimanima u ostalim mjestima Crne Gore, da dobro razmisle da li treba da dovedu u pitanje dalju egzistenciju vladaju\u0107eg re\u017eima, koji je ina\u010de \u201egarant stabilnosti\u201c?<\/p>\n<p>Da ovakva razmi\u0161ljanja nijesu bez osnova, govori i slu\u010daj jednog od \u010dlanova rukovodstva novoosnovane Bo\u0161nja\u010dke demokratske zajednice u Crnoj Gori, koji je nedavno izlo\u017een otvorenom i brutalnom nasrtaju i ozbiljnim prijetnjama od strane nekih podgori\u010dkih imama sa saradnicima. Imaju\u0107i u vidu primijenjene metode, ne bi nas iznenadilo da su obuku pro\u0161li kod specijalaca iz, po zlu poznate, paravojne organizacije &#8216;Blackwater&#8217;.<\/p>\n<p>Ovaj slu\u010daj nije usamljen, jer je u vi\u0161e crnogorskih gradova vr\u0161en direktan pritisak na neke \u010dlanove BDZ-a, a u \u010demu naro\u010dito prednja\u010de \u010dlanovi rukovodstva Islamske zajednice.<\/p>\n<p>Kako je sve, u stvari, po\u010delo? Prvo su neki imami sa minbera po\u010deli ostra\u0161\u0107eno da govore o \u201esve prisutnijem vehabizmu\u201c, niti jednom ne poku\u0161av\u0161i da objasne d\u017eematlijama o \u010demu se zapravo radi&#8230; Onda su reis i njegovi saradnici javno po\u010deli da prozivaju \u201evo\u0111e vehabija\u201c u Crnoj Gori&#8230; Neki od njih su potom i hap\u0161eni&#8230; Pa su zatim u podgori\u010dke d\u017eamije uveli video-nadzor&#8230; (Iako je Uprava za za\u0161titu li\u010dnih podataka konstatovala da se radi o protivzakonitom \u010dinu i nalo\u017eila uklanjanje istih, kamere su i dalje uperene u one koji do\u0111u na molitvu u Starodoganjsku ili Osmanagi\u0107a d\u017eamiju- op. a.)<\/p>\n<p>Pa su onda po\u010deli otvoreno da prijete&#8230; Vrlo uvjerljivo i sa puno samopouzdanja. Ali ne onog koje daje vjera u Boga, ve\u0107 kao neko iza koga stoji mo\u0107ni dr\u017eavni aparat i kome je sve dozvoljeno. Kako se stvari odvijaju, o\u010dekivati je da \u0107e po\u010deti i da hapse neistomi\u0161ljenike. Od onog \u010demu je bio izlo\u017een mladi aktivista BDZ-a, pa do privatnih zatvora, simuliranog davljenja&#8230;- mali je korak.<\/p>\n<p>Zar neko zaista misli da \u0107e muslimanima u Crnoj Gori biti omogu\u0107eno da se slobodno izjasne da li su za pristupanje Rijasetu Islamske zajednice u Bosni i Hercegovini (inicijativa o kojoj se u posljednje vrijeme sve vi\u0161e govori, a pominje se i u Nacrtu novog Ustava IZ BiH- op. a.)? Realno, mo\u017eemo se nadati samo istom scenariju kao i sa tzv. izborima za organe IZ u Crnoj Gori, kada su u odbore IZ instalirani samo oni bezrezervno odani reisu Fejzi\u0107u, tj. onima \u010dije on(i) interese zastupa i brani. Da li je realno vjerovati da je tako lako izvu\u0107i se iz kand\u017ei onih koji opstaju na vlasti ve\u0107 du\u017ee od dvije decenije zahvaljuju\u0107i glasovima muslimana?<br \/>\nA i kakva bi to izborna kampanja bila bez crnogorskog reisa, bez hutbi njegovih \u201ekomesara\u201c, bez zajedni\u010dkih instrukcijskih ru\u010dkova sa imamima&#8230;? Pogotovo u ovim trenucima, kada je opstanak aktuelnog re\u017eima sve neizvjesniji? Gubljenjem oslonca u Islamskoj zajednici, izgubljena je i podr\u0161ka brojnih crnogorskih muslimana! Vjerovatno je u njihovim redovima nastala panika kada se pojavila opasnost u vidu Bo\u0161nja\u010dke demokratske zajednice, koja bi mogla da ugrozi i vjernog saradnika- Bo\u0161nja\u010dku stranku.<\/p>\n<p>Zato se u ve\u0107 zahuktaloj predizbornoj kampanji koriste ve\u0107 vi\u0111ene metode obe\u0107anja, ali i prijetnji i zastra\u0161ivanja. Najrevnosniji su, o\u010dekivano, aktivisti DPS-a kao i njihovog satelita- Bo\u0161nja\u010dke stranke. Ne zaostaju ni aktivisti SDP-a, mada im je nastup dosta perfidniji&#8230;<\/p>\n<p>Ali, tako\u0111e je sve ve\u0107i broj onih koji vi\u0161e ne \u017eele da trpe te poni\u017eavaju\u0107e pritiske, pa nam onda dostavljaju informacije i dokumentaciju koja slikovito govori o navedenom. Isto kao i oni koji su izlo\u017eeni prijetnjama operativaca ANB-a, kako bi im dostavljali potrebne informacije&#8230;<br \/>\nA epilog slu\u010daja nedu\u017enog E. H. iz Nik\u0161i\u0107a, mo\u017eemo da pretpostavimo&#8230;<\/p>\n<p>Autor: <strong>Mirsad Kurga\u0161<\/strong><\/p>\n","protected":false},"excerpt":{"rendered":"<p>Mirsad Kurga\u0161<\/p>\n","protected":false},"author":83,"featured_media":104521,"comment_status":"open","ping_status":"open","sticky":false,"template":"","format":"standard","meta":{"footnotes":""},"categories":[10196],"tags":[10237],"class_list":{"0":"post-104633","1":"post","2":"type-post","3":"status-publish","4":"format-standard","5":"has-post-thumbnail","7":"category-iz-pera-nasih-autora","8":"tag-mirsad-kurgas"},"yoast_head":"<!-- This site is optimized with the Yoast SEO Premium plugin v23.1 (Yoast SEO v24.9) - https:\/\/yoast.com\/wordpress\/plugins\/seo\/ -->\n<title>Izborna kampanja<\/title>\n<meta name=\"robots\" content=\"index, follow, max-snippet:-1, max-image-preview:large, max-video-preview:-1\" \/>\n<link rel=\"canonical\" href=\"https:\/\/sandzakpress.net\/arhiva\/izborna-kampanja\/\" \/>\n<meta property=\"og:locale\" content=\"bs_BA\" \/>\n<meta property=\"og:type\" content=\"article\" \/>\n<meta property=\"og:title\" content=\"Izborna kampanja\" \/>\n<meta property=\"og:description\" content=\"Mirsad Kurga\u0161\" \/>\n<meta property=\"og:url\" content=\"https:\/\/sandzakpress.net\/arhiva\/izborna-kampanja\/\" \/>\n<meta property=\"og:site_name\" content=\"Sand\u017eak PRESS\" \/>\n<meta property=\"article:published_time\" content=\"2014-04-16T22:58:55+00:00\" \/>\n<meta property=\"og:image\" content=\"https:\/\/sandzakpress.net\/arhiva\/wp-content\/uploads\/2014\/04\/Mirsad-Kurgas.jpg\" \/>\n\t<meta property=\"og:image:width\" content=\"302\" \/>\n\t<meta property=\"og:image:height\" content=\"294\" \/>\n\t<meta property=\"og:image:type\" content=\"image\/jpeg\" \/>\n<meta name=\"author\" content=\"bosniak\" \/>\n<meta name=\"twitter:card\" content=\"summary_large_image\" \/>\n<meta name=\"twitter:label1\" content=\"Written by\" \/>\n\t<meta name=\"twitter:data1\" content=\"bosniak\" \/>\n\t<meta name=\"twitter:label2\" content=\"Est. reading time\" \/>\n\t<meta name=\"twitter:data2\" content=\"6 minuta\" \/>\n<script type=\"application\/ld+json\" class=\"yoast-schema-graph\">{\"@context\":\"https:\/\/schema.org\",\"@graph\":[{\"@type\":\"Article\",\"@id\":\"https:\/\/sandzakpress.net\/arhiva\/izborna-kampanja\/#article\",\"isPartOf\":{\"@id\":\"https:\/\/sandzakpress.net\/arhiva\/izborna-kampanja\/\"},\"author\":{\"name\":\"bosniak\",\"@id\":\"https:\/\/sandzakpress.net\/arhiva\/#\/schema\/person\/c8baee722073534b583ea7bdb2e36c02\"},\"headline\":\"Izborna kampanja\",\"datePublished\":\"2014-04-16T22:58:55+00:00\",\"mainEntityOfPage\":{\"@id\":\"https:\/\/sandzakpress.net\/arhiva\/izborna-kampanja\/\"},\"wordCount\":1104,\"commentCount\":0,\"publisher\":{\"@id\":\"https:\/\/sandzakpress.net\/arhiva\/#\/schema\/person\/6e72b67d6e51910a1117b3b483ba20bd\"},\"image\":{\"@id\":\"https:\/\/sandzakpress.net\/arhiva\/izborna-kampanja\/#primaryimage\"},\"thumbnailUrl\":\"https:\/\/sandzakpress.net\/arhiva\/wp-content\/uploads\/2014\/04\/Mirsad-Kurgas.jpg\",\"keywords\":[\"Mirsad Kurga\u0161\"],\"articleSection\":[\"Iz pera na\u0161ih autora\"],\"inLanguage\":\"bs-BA\",\"potentialAction\":[{\"@type\":\"CommentAction\",\"name\":\"Comment\",\"target\":[\"https:\/\/sandzakpress.net\/arhiva\/izborna-kampanja\/#respond\"]}]},{\"@type\":\"WebPage\",\"@id\":\"https:\/\/sandzakpress.net\/arhiva\/izborna-kampanja\/\",\"url\":\"https:\/\/sandzakpress.net\/arhiva\/izborna-kampanja\/\",\"name\":\"Izborna kampanja\",\"isPartOf\":{\"@id\":\"https:\/\/sandzakpress.net\/arhiva\/#website\"},\"primaryImageOfPage\":{\"@id\":\"https:\/\/sandzakpress.net\/arhiva\/izborna-kampanja\/#primaryimage\"},\"image\":{\"@id\":\"https:\/\/sandzakpress.net\/arhiva\/izborna-kampanja\/#primaryimage\"},\"thumbnailUrl\":\"https:\/\/sandzakpress.net\/arhiva\/wp-content\/uploads\/2014\/04\/Mirsad-Kurgas.jpg\",\"datePublished\":\"2014-04-16T22:58:55+00:00\",\"breadcrumb\":{\"@id\":\"https:\/\/sandzakpress.net\/arhiva\/izborna-kampanja\/#breadcrumb\"},\"inLanguage\":\"bs-BA\",\"potentialAction\":[{\"@type\":\"ReadAction\",\"target\":[\"https:\/\/sandzakpress.net\/arhiva\/izborna-kampanja\/\"]}]},{\"@type\":\"ImageObject\",\"inLanguage\":\"bs-BA\",\"@id\":\"https:\/\/sandzakpress.net\/arhiva\/izborna-kampanja\/#primaryimage\",\"url\":\"https:\/\/sandzakpress.net\/arhiva\/wp-content\/uploads\/2014\/04\/Mirsad-Kurgas.jpg\",\"contentUrl\":\"https:\/\/sandzakpress.net\/arhiva\/wp-content\/uploads\/2014\/04\/Mirsad-Kurgas.jpg\",\"width\":302,\"height\":294,\"caption\":\"Mirsad-Mirza Kurga\u0161\"},{\"@type\":\"BreadcrumbList\",\"@id\":\"https:\/\/sandzakpress.net\/arhiva\/izborna-kampanja\/#breadcrumb\",\"itemListElement\":[{\"@type\":\"ListItem\",\"position\":1,\"name\":\"Home\",\"item\":\"https:\/\/sandzakpress.net\/arhiva\/\"},{\"@type\":\"ListItem\",\"position\":2,\"name\":\"Izborna kampanja\"}]},{\"@type\":\"WebSite\",\"@id\":\"https:\/\/sandzakpress.net\/arhiva\/#website\",\"url\":\"https:\/\/sandzakpress.net\/arhiva\/\",\"name\":\"Sand\u017eak PRESS\",\"description\":\"Prve elektronske novine u Sand\u017eaku\",\"publisher\":{\"@id\":\"https:\/\/sandzakpress.net\/arhiva\/#\/schema\/person\/6e72b67d6e51910a1117b3b483ba20bd\"},\"potentialAction\":[{\"@type\":\"SearchAction\",\"target\":{\"@type\":\"EntryPoint\",\"urlTemplate\":\"https:\/\/sandzakpress.net\/arhiva\/?s={search_term_string}\"},\"query-input\":{\"@type\":\"PropertyValueSpecification\",\"valueRequired\":true,\"valueName\":\"search_term_string\"}}],\"inLanguage\":\"bs-BA\"},{\"@type\":[\"Person\",\"Organization\"],\"@id\":\"https:\/\/sandzakpress.net\/arhiva\/#\/schema\/person\/6e72b67d6e51910a1117b3b483ba20bd\",\"name\":\"Kul\",\"image\":{\"@type\":\"ImageObject\",\"inLanguage\":\"bs-BA\",\"@id\":\"https:\/\/sandzakpress.net\/arhiva\/#\/schema\/person\/image\/\",\"url\":\"https:\/\/secure.gravatar.com\/avatar\/42263f39aa27ac04c43cab85c280eb2e?s=96&d=mm&r=pg\",\"contentUrl\":\"https:\/\/secure.gravatar.com\/avatar\/42263f39aa27ac04c43cab85c280eb2e?s=96&d=mm&r=pg\",\"caption\":\"Kul\"},\"logo\":{\"@id\":\"https:\/\/sandzakpress.net\/arhiva\/#\/schema\/person\/image\/\"}},{\"@type\":\"Person\",\"@id\":\"https:\/\/sandzakpress.net\/arhiva\/#\/schema\/person\/c8baee722073534b583ea7bdb2e36c02\",\"name\":\"bosniak\",\"image\":{\"@type\":\"ImageObject\",\"inLanguage\":\"bs-BA\",\"@id\":\"https:\/\/sandzakpress.net\/arhiva\/#\/schema\/person\/image\/\",\"url\":\"https:\/\/secure.gravatar.com\/avatar\/a04fd330bfe3a36a72a0ad4a6d89fca7?s=96&d=mm&r=pg\",\"contentUrl\":\"https:\/\/secure.gravatar.com\/avatar\/a04fd330bfe3a36a72a0ad4a6d89fca7?s=96&d=mm&r=pg\",\"caption\":\"bosniak\"},\"url\":\"https:\/\/sandzakpress.net\/arhiva\/author\/bosniak\/\"}]}<\/script>\n<!-- \/ Yoast SEO Premium plugin. -->","yoast_head_json":{"title":"Izborna kampanja","robots":{"index":"index","follow":"follow","max-snippet":"max-snippet:-1","max-image-preview":"max-image-preview:large","max-video-preview":"max-video-preview:-1"},"canonical":"https:\/\/sandzakpress.net\/arhiva\/izborna-kampanja\/","og_locale":"bs_BA","og_type":"article","og_title":"Izborna kampanja","og_description":"Mirsad Kurga\u0161","og_url":"https:\/\/sandzakpress.net\/arhiva\/izborna-kampanja\/","og_site_name":"Sand\u017eak PRESS","article_published_time":"2014-04-16T22:58:55+00:00","og_image":[{"width":302,"height":294,"url":"https:\/\/sandzakpress.net\/arhiva\/wp-content\/uploads\/2014\/04\/Mirsad-Kurgas.jpg","type":"image\/jpeg"}],"author":"bosniak","twitter_card":"summary_large_image","twitter_misc":{"Written by":"bosniak","Est. reading time":"6 minuta"},"schema":{"@context":"https:\/\/schema.org","@graph":[{"@type":"Article","@id":"https:\/\/sandzakpress.net\/arhiva\/izborna-kampanja\/#article","isPartOf":{"@id":"https:\/\/sandzakpress.net\/arhiva\/izborna-kampanja\/"},"author":{"name":"bosniak","@id":"https:\/\/sandzakpress.net\/arhiva\/#\/schema\/person\/c8baee722073534b583ea7bdb2e36c02"},"headline":"Izborna kampanja","datePublished":"2014-04-16T22:58:55+00:00","mainEntityOfPage":{"@id":"https:\/\/sandzakpress.net\/arhiva\/izborna-kampanja\/"},"wordCount":1104,"commentCount":0,"publisher":{"@id":"https:\/\/sandzakpress.net\/arhiva\/#\/schema\/person\/6e72b67d6e51910a1117b3b483ba20bd"},"image":{"@id":"https:\/\/sandzakpress.net\/arhiva\/izborna-kampanja\/#primaryimage"},"thumbnailUrl":"https:\/\/sandzakpress.net\/arhiva\/wp-content\/uploads\/2014\/04\/Mirsad-Kurgas.jpg","keywords":["Mirsad Kurga\u0161"],"articleSection":["Iz pera na\u0161ih autora"],"inLanguage":"bs-BA","potentialAction":[{"@type":"CommentAction","name":"Comment","target":["https:\/\/sandzakpress.net\/arhiva\/izborna-kampanja\/#respond"]}]},{"@type":"WebPage","@id":"https:\/\/sandzakpress.net\/arhiva\/izborna-kampanja\/","url":"https:\/\/sandzakpress.net\/arhiva\/izborna-kampanja\/","name":"Izborna kampanja","isPartOf":{"@id":"https:\/\/sandzakpress.net\/arhiva\/#website"},"primaryImageOfPage":{"@id":"https:\/\/sandzakpress.net\/arhiva\/izborna-kampanja\/#primaryimage"},"image":{"@id":"https:\/\/sandzakpress.net\/arhiva\/izborna-kampanja\/#primaryimage"},"thumbnailUrl":"https:\/\/sandzakpress.net\/arhiva\/wp-content\/uploads\/2014\/04\/Mirsad-Kurgas.jpg","datePublished":"2014-04-16T22:58:55+00:00","breadcrumb":{"@id":"https:\/\/sandzakpress.net\/arhiva\/izborna-kampanja\/#breadcrumb"},"inLanguage":"bs-BA","potentialAction":[{"@type":"ReadAction","target":["https:\/\/sandzakpress.net\/arhiva\/izborna-kampanja\/"]}]},{"@type":"ImageObject","inLanguage":"bs-BA","@id":"https:\/\/sandzakpress.net\/arhiva\/izborna-kampanja\/#primaryimage","url":"https:\/\/sandzakpress.net\/arhiva\/wp-content\/uploads\/2014\/04\/Mirsad-Kurgas.jpg","contentUrl":"https:\/\/sandzakpress.net\/arhiva\/wp-content\/uploads\/2014\/04\/Mirsad-Kurgas.jpg","width":302,"height":294,"caption":"Mirsad-Mirza Kurga\u0161"},{"@type":"BreadcrumbList","@id":"https:\/\/sandzakpress.net\/arhiva\/izborna-kampanja\/#breadcrumb","itemListElement":[{"@type":"ListItem","position":1,"name":"Home","item":"https:\/\/sandzakpress.net\/arhiva\/"},{"@type":"ListItem","position":2,"name":"Izborna kampanja"}]},{"@type":"WebSite","@id":"https:\/\/sandzakpress.net\/arhiva\/#website","url":"https:\/\/sandzakpress.net\/arhiva\/","name":"Sand\u017eak PRESS","description":"Prve elektronske novine u Sand\u017eaku","publisher":{"@id":"https:\/\/sandzakpress.net\/arhiva\/#\/schema\/person\/6e72b67d6e51910a1117b3b483ba20bd"},"potentialAction":[{"@type":"SearchAction","target":{"@type":"EntryPoint","urlTemplate":"https:\/\/sandzakpress.net\/arhiva\/?s={search_term_string}"},"query-input":{"@type":"PropertyValueSpecification","valueRequired":true,"valueName":"search_term_string"}}],"inLanguage":"bs-BA"},{"@type":["Person","Organization"],"@id":"https:\/\/sandzakpress.net\/arhiva\/#\/schema\/person\/6e72b67d6e51910a1117b3b483ba20bd","name":"Kul","image":{"@type":"ImageObject","inLanguage":"bs-BA","@id":"https:\/\/sandzakpress.net\/arhiva\/#\/schema\/person\/image\/","url":"https:\/\/secure.gravatar.com\/avatar\/42263f39aa27ac04c43cab85c280eb2e?s=96&d=mm&r=pg","contentUrl":"https:\/\/secure.gravatar.com\/avatar\/42263f39aa27ac04c43cab85c280eb2e?s=96&d=mm&r=pg","caption":"Kul"},"logo":{"@id":"https:\/\/sandzakpress.net\/arhiva\/#\/schema\/person\/image\/"}},{"@type":"Person","@id":"https:\/\/sandzakpress.net\/arhiva\/#\/schema\/person\/c8baee722073534b583ea7bdb2e36c02","name":"bosniak","image":{"@type":"ImageObject","inLanguage":"bs-BA","@id":"https:\/\/sandzakpress.net\/arhiva\/#\/schema\/person\/image\/","url":"https:\/\/secure.gravatar.com\/avatar\/a04fd330bfe3a36a72a0ad4a6d89fca7?s=96&d=mm&r=pg","contentUrl":"https:\/\/secure.gravatar.com\/avatar\/a04fd330bfe3a36a72a0ad4a6d89fca7?s=96&d=mm&r=pg","caption":"bosniak"},"url":"https:\/\/sandzakpress.net\/arhiva\/author\/bosniak\/"}]}},"_links":{"self":[{"href":"https:\/\/sandzakpress.net\/arhiva\/wp-json\/wp\/v2\/posts\/104633"}],"collection":[{"href":"https:\/\/sandzakpress.net\/arhiva\/wp-json\/wp\/v2\/posts"}],"about":[{"href":"https:\/\/sandzakpress.net\/arhiva\/wp-json\/wp\/v2\/types\/post"}],"author":[{"embeddable":true,"href":"https:\/\/sandzakpress.net\/arhiva\/wp-json\/wp\/v2\/users\/83"}],"replies":[{"embeddable":true,"href":"https:\/\/sandzakpress.net\/arhiva\/wp-json\/wp\/v2\/comments?post=104633"}],"version-history":[{"count":0,"href":"https:\/\/sandzakpress.net\/arhiva\/wp-json\/wp\/v2\/posts\/104633\/revisions"}],"wp:featuredmedia":[{"embeddable":true,"href":"https:\/\/sandzakpress.net\/arhiva\/wp-json\/wp\/v2\/media\/104521"}],"wp:attachment":[{"href":"https:\/\/sandzakpress.net\/arhiva\/wp-json\/wp\/v2\/media?parent=104633"}],"wp:term":[{"taxonomy":"category","embeddable":true,"href":"https:\/\/sandzakpress.net\/arhiva\/wp-json\/wp\/v2\/categories?post=104633"},{"taxonomy":"post_tag","embeddable":true,"href":"https:\/\/sandzakpress.net\/arhiva\/wp-json\/wp\/v2\/tags?post=104633"}],"curies":[{"name":"wp","href":"https:\/\/api.w.org\/{rel}","templated":true}]}}