{"id":104520,"date":"2014-04-14T22:38:33","date_gmt":"2014-04-14T20:38:33","guid":{"rendered":"https:\/\/sandzakpress.net\/arhiva\/?p=104520"},"modified":"2014-04-14T22:38:33","modified_gmt":"2014-04-14T20:38:33","slug":"nato-i-manjine-u-crnoj-gori","status":"publish","type":"post","link":"https:\/\/sandzakpress.net\/arhiva\/nato-i-manjine-u-crnoj-gori\/","title":{"rendered":"NATO i manjine u Crnoj Gori"},"content":{"rendered":"<figure id=\"attachment_104521\" aria-describedby=\"caption-attachment-104521\" style=\"width: 302px\" class=\"wp-caption alignleft\"><a href=\"https:\/\/sandzakpress.net\/arhiva\/wp-content\/uploads\/2014\/04\/Mirsad-Kurgas.jpg\"><img loading=\"lazy\" decoding=\"async\" class=\"size-full wp-image-104521\" alt=\"Mirsad-Kurgas\" src=\"https:\/\/sandzakpress.net\/arhiva\/wp-content\/uploads\/2014\/04\/Mirsad-Kurgas.jpg\" width=\"302\" height=\"294\" \/><\/a><figcaption id=\"caption-attachment-104521\" class=\"wp-caption-text\">Mirsad-Mirza Kurga\u0161<\/figcaption><\/figure>\n<p>Jedan od osnovnih programskih ciljeva Bo\u0161nja\u010dke stranke jeste \u010dlanstvo u Evropskoj uniji i NATO. Vjerovatno je razlog njihove sveop\u0161te pasivnosti po pitanju prava i sloboda bo\u0161nja\u010dkog naroda u Crnoj Gori,zato \u0161to su sve aktivnosti podredili upravo tom proklamovanom cilju. A da &#8220;na mladima svijet ostaje\u201d, govore i aktivnosti Foruma mladih Bo\u0161nja\u010dke stranke, \u010diji predsjednik nadahnuto i koriste\u0107i zvu\u010dne ekonomske pojmove poku\u0161ava da \u201eneinformisanim protivnicima NATO saveza\u201c otvori o\u010di i uvjeri ih u neophodnost pristupanja ovom \u201egarantu za\u0161tite slobode i bezbjednosti&#8230;\u201c, te \u201edugoro\u010dne stabilnosti za sada\u0161nje i generacije koje dolaze\u201c&#8230; Naravno, predsjednik Foruma \u201eskromno\u201c nagla\u0161ava: \u201ePreuzimamo ulogu za\u0161tite interesa bo\u0161nja\u010dkog naroda, podizanje standarda \u017eivota, unapre\u0111enje ljudskih prava i mira, vladavine prava. Te\u017eimo ekonomskom razvoju baziranom na tr\u017ei\u0161noj ekonomiji\u201c. A sve navedeno, kako o\u0161troumno zaklju\u010duje mla\u0111ani lider, su na\u010dela na kojim se temelji NATO savez! Bombasti\u010dno, slatkorje\u010divo ali, na\u017ealost, ne odgovara istini!!!<\/p>\n<p>Da li \u0107e ba\u0161 Bo\u0161nja\u010dka stranka imati tu \u010dast da odlu\u010di o sudbini ulaska Crne Gore u NATO nije ba\u0161 sasvim sigurno, ali da manjinski narodi odlu\u010duju o sudbini Crne Gore, ve\u0107 je odavno poznato i laicima. Isto tako je bjelodano da \u0107e rije\u010d manjina biti odlu\u010duju\u0107a i po pitanju priklju\u010denja Crne Gore NATO Alijansi.<\/p>\n<p>Osim nesporne sveprisutnosti na svim dr\u017eavno- politi\u010dkim de\u0161avanjima, kao i nevjerovatno brojnog \u010dlanstva u gotovo svim mogu\u0107im komisijama, odborima, forumima, sekcijama, NVO-ima&#8230;, aktuelni potpredsjednik Skup\u0161tine i njegov mla\u0111i kolega, poslanik Pozitivne, krajem pro\u0161log mjeseca su u\u010destvovali na konferenciji o doprinosu parlamenata NATO pro\u0161irenju, koja je povodom destogodi\u0161njice od pristupanja Litvanije Alijansi organizovana u Viljnusu.<\/p>\n<p><a href=\"http:\/\/www.broj19-number19.org\/images\/mustafic-abazovic-nato.jpg\"><img loading=\"lazy\" decoding=\"async\" alt=\"mustafic-abazovic-nato\" src=\"http:\/\/www.broj19-number19.org\/images\/mustafic-abazovic-nato.jpg\" width=\"216\" height=\"127\" \/><\/a>\u00a0<a href=\"http:\/\/www.broj19-number19.org\/images\/abazovic-nato.jpg\"><img loading=\"lazy\" decoding=\"async\" alt=\"abazovic-nato\" src=\"http:\/\/www.broj19-number19.org\/images\/abazovic-nato.jpg\" width=\"216\" height=\"142\" \/><\/a><\/p>\n<p>Sigurno da nije slu\u010dajno \u0161to su za predstavnike Crne Gore na tom skupu izabrani jedan Bo\u0161njak i jedan Albanac, koji bi osim zadatka da apeluju na dr\u017eave \u010dlanice NATO-a da podr\u017ee aspiracije Crne Gore usmjerene ka \u010dlanstvu u Alijansi, trebalo i da demonstriraju doma\u0107oj javnosti \u201eogroman\u201c zna\u010daj koji aktuelni re\u017eim pridaje manjinama u Crnoj Gori.<\/p>\n<p>A \u0161to se doma\u0107ina, Litvanije, ti\u010de samo da podsjetimo: \u201e&#8230;Tu\u017eitelji u Litvi (Litvaniji) pokrenuli su istragu o informacijama da se jedan saudijski dr\u017eavljanin, optu\u017een za terorizam, dr\u017eao na prostoru tajnog CIA-inog zatvora na njihovom teritoriju- rije\u010d je o tzv. \u201ecrnim zonama\u201c. Naime, ve\u0107 du\u017ee vrijeme postoje izvje\u0161taji o tajnim zatvorima koje CIA koristi izvan teritorija SAD-a, mahom na prostoru biv\u0161eg Isto\u010dnog bloka, gdje se odvijaju ilegalna ispitivanja, otmice, zatvaranja, mu\u010denja i druge protuzakonite radnje&#8230; U listopadu pro\u0161le godine Litva je je odbila pokrenuti istragu o navodima da je Mustafa Hawsawi bio zatvoren na njihovom teritoriju u jednom od CIA-inih \u201ecrnih zona\u201c u periodu od 2004. do 2006. godine&#8230; Prije njega je Al- Kaidin operativac Abu Zubaydah, koji se nalazi u Guantanamu, tako\u0111er tvrdio da je bio dr\u017ean u Litvi&#8230; Ve\u0107 neko vrijeme postoje indicije da CIA operira \u201ecrnim zonama\u201c i na prostoru Bugarske, \u010ce\u0161ke, Poljske i Rumunije&#8230; Stvarnost je, dakako, iznimno pora\u017eavaju\u0107a za suverenitet cijele Evrope- izvje\u0161taji organizacije Amnesty International tvrde da je CIA tajno i protuzakonito prebacivala ljude preko Njema\u010dke, \u0160vedske, \u0160panjolske, Gr\u010dke, Bosne i Hercegovine, Hrvatske, Makedonije, Danske, Turske, Rumunije, Irske, Kipra&#8230; Zapravo, preko ve\u0107ine zemalja Evrope. Vlasti u tim zemljama morale su znati za ove procese- \u010dinjenica da su ih dopustili mnogo govori o nacionalnom suverenitetu tih zemalja.\u201c<\/p>\n<p>Upravo ovih dana ambasador Rumunije u Crnoj Gori, kao akter aktuelne besprizorne kampanje, navodi kako njegova zemlja \u201esna\u017eno podr\u017eava Crnu Goru na putu u NATO&#8230;\u201c! O \u201eprednostima\u201c pristupanja Alijansi horski deklamuju i defiluju Crnom Gorom i diplomatski predstavnici drugih zemalja, \u010dije u\u010de\u0161\u0107e je ina\u010de pomenuto u sklopu nedozvoljenih aktivnosti ameri\u010dke obavje\u0161tajne slu\u017ebe- CIA! Da li, imaju\u0107i gore navedene informacije o kidnapovanjima, tajnim zatvorima, mu\u010denjima&#8230; oni imaju kredibilitet da govore afirmativno o Alijansi?<\/p>\n<p>Da je ofanziva pridobijanja javnog mnenja za ulazak u NATO te\u017ei\u0161te prebacila na muslimansko-albansko-bo\u0161nja\u010dki korpus, govori i nedavna informacija da \u0107e najmla\u0111a crnogorska op\u0161tina Gusinje 2015.godine biti doma\u0107in REACT-a (Regionalni Euroatlantski kamp), koji se odr\u017eava u Crnoj Gori ve\u0107 \u0161estu godinu za redom. Cilj REACT-a je, kako navode organizatori, \u201eupoznavanje budu\u0107ih donosioca odluka u svojim zemljama, me\u0111usobno razumijevanje i uva\u017eavanje kao i stjecanje novih znanja&#8230; REACT je otvoren za studente zavr\u0161nih godina i postdiplomce fakulteta dru\u0161tvenih i politi\u010dkih nauka, sigurnosti, kriminalistike, europskih integracija, diplomacije i me\u0111unarodnih odnosa, mlade politi\u010dkih partija, predstavnike institucija, nevladinih organizacija i medija&#8230;\u201c.<\/p>\n<p>Ina\u010de, jedan od sponzora REACT-a, koji se odr\u017eavao u Plavu krajem avgusta mjeseca pro\u0161le godine, a ticao se evroatlantskih integracija i promociji takvih vrijednosti, bila je i Fondacija Gusinje, \u010diji logo na majicama je nosilo preko 100 u\u010desnika i 48 predava\u010da iz 28 zemalja.<\/p>\n<p><a href=\"http:\/\/www.broj19-number19.org\/images\/react-plav.jpg\"><img loading=\"lazy\" decoding=\"async\" alt=\"react-plav\" src=\"http:\/\/www.broj19-number19.org\/images\/react-plav.jpg\" width=\"216\" height=\"144\" \/><\/a>\u00a0<a href=\"http:\/\/www.broj19-number19.org\/images\/react-gusinje.jpg\"><img loading=\"lazy\" decoding=\"async\" alt=\"react-gusinje\" src=\"http:\/\/www.broj19-number19.org\/images\/react-gusinje.jpg\" width=\"216\" height=\"186\" \/><\/a><\/p>\n<p>Imaju\u0107i navedeno u vidu, sasvim je logi\u010dan slijed doma\u0107ina REACT-a, mada ne sluti na dobro da op\u0161tina Gusinje zapo\u010dinje novu stranicu svoje istorije daju\u0107i doprinos jednom zloslutnom projektu! Albansko-bo\u0161nja\u010dka dijaspora u ovom slu\u010daju bi trebala da poslu\u017ei kao \u201etrojanski konj\u201c, koji bi osigurao sigurnu pro\u0111u la\u017ene slike o vrijednostima euroatlantskih integracija. I sve to nakon re\u017eimskih projekata \u201eCrnogorske ku\u0107e\u201c u Americi i dono\u0161enju novog Zakona o dijaspori, gdje je aktuelna vlast ignorisala proteste brojnih albansko-bo\u0161nja\u010dkih udru\u017eenja \u0161irom Zapadne Evrope i Amerike!?<\/p>\n<p>Me\u0111utim, ono \u0161to zabrinjava jeste \u010dinjenica da me\u0111u muslimanima u Crnoj Gori, bar \u0161to se ti\u010de javnosti, ne postoji otvoreni otpor nametanju neminovnosti ulaska u NATO? Besprizorna snishodljivost prema \u010dimbenicima re\u017eima je ve\u0107 poslovi\u010dna, ali da apsolutno ne postoji spremnost suprotstavljanja bo\u0161nja\u010dkim kvislinzima, zaista je neshvatljivo. Da li mo\u017eda crnogorski muslimani smatraju da je NATO agitovanje reisa Fejzi\u0107a parametar koji treba da im poka\u017ee kakav stav da zauzmu? To je tim \u017ealosnije ako znamo da je Poslanik Muhammed a.s. rekao: \u201eKada vidi\u0161 moj ummet da se boji re\u0107i silniku:\u201cO silni\u010de\u201c, udalji se od njih.\u201c (Ahmed b. Hanbel), kao i: \u201eKo od vas vidi neko ru\u017eno djelo neka ga otkloni rukom (silom), ako ne mo\u017ee rukom, neka to u\u010dini rije\u010dima, a ako ne mogne ni rije\u010dima neka to djelo prezre srcem, a to je najslabiji iman.\u201c(bilje\u017ei Muslim)<\/p>\n<p>Osim toga \u0160ejh Kardawi, vode\u0107i islamski autoritet dana\u0161njice, dao je pravno tuma\u010denje kojim su ameri\u010dke oru\u017eane snage, tj. NATO, ozna\u010deni kao agresor kom je svaki musliman du\u017ean da se suprotstavi u skladu sa situacijom i u granicama svojih mogu\u0107nosti!<\/p>\n<p>Da podsjetimo, reis Fejzi\u0107 je prilikom susreta sa Kardawi-em istom dao prisegu da ga \u201ei muslimani u Crnoj Gori smatraju svojim imamom, zbog njegove bliskosti i dubokog razumijevanja prilika u kojima \u017eive muslimani u nemuslimanskom svijetu\u201c.<\/p>\n<p>Sude\u0107i po dosada\u0161njim dostignu\u0107ima i dometima reisa Fejzi\u0107a, sasvim je izvjesno da bi isti zaista mogao biti kapelan u ameri\u010dkim oru\u017eanim snagama!<\/p>\n<p>Autor: <strong>Mirsad Kurga\u0161<\/strong><\/p>\n","protected":false},"excerpt":{"rendered":"<p>Mirsad Kurga\u0161<\/p>\n","protected":false},"author":83,"featured_media":104521,"comment_status":"open","ping_status":"open","sticky":false,"template":"","format":"standard","meta":{"footnotes":""},"categories":[10196],"tags":[10237],"class_list":{"0":"post-104520","1":"post","2":"type-post","3":"status-publish","4":"format-standard","5":"has-post-thumbnail","7":"category-iz-pera-nasih-autora","8":"tag-mirsad-kurgas"},"yoast_head":"<!-- This site is optimized with the Yoast SEO Premium plugin v23.1 (Yoast SEO v24.9) - https:\/\/yoast.com\/wordpress\/plugins\/seo\/ -->\n<title>NATO i manjine u Crnoj Gori<\/title>\n<meta name=\"robots\" content=\"index, follow, max-snippet:-1, max-image-preview:large, max-video-preview:-1\" \/>\n<link rel=\"canonical\" href=\"https:\/\/sandzakpress.net\/arhiva\/nato-i-manjine-u-crnoj-gori\/\" \/>\n<meta property=\"og:locale\" content=\"bs_BA\" \/>\n<meta property=\"og:type\" content=\"article\" \/>\n<meta property=\"og:title\" content=\"NATO i manjine u Crnoj Gori\" \/>\n<meta property=\"og:description\" content=\"Mirsad Kurga\u0161\" \/>\n<meta property=\"og:url\" content=\"https:\/\/sandzakpress.net\/arhiva\/nato-i-manjine-u-crnoj-gori\/\" \/>\n<meta property=\"og:site_name\" content=\"Sand\u017eak PRESS\" \/>\n<meta property=\"article:published_time\" content=\"2014-04-14T20:38:33+00:00\" \/>\n<meta property=\"og:image\" content=\"https:\/\/sandzakpress.net\/arhiva\/wp-content\/uploads\/2014\/04\/Mirsad-Kurgas.jpg\" \/>\n\t<meta property=\"og:image:width\" content=\"302\" \/>\n\t<meta property=\"og:image:height\" content=\"294\" \/>\n\t<meta property=\"og:image:type\" content=\"image\/jpeg\" \/>\n<meta name=\"author\" content=\"bosniak\" \/>\n<meta name=\"twitter:card\" content=\"summary_large_image\" \/>\n<meta name=\"twitter:label1\" content=\"Written by\" \/>\n\t<meta name=\"twitter:data1\" content=\"bosniak\" \/>\n\t<meta name=\"twitter:label2\" content=\"Est. reading time\" \/>\n\t<meta name=\"twitter:data2\" content=\"6 minuta\" \/>\n<script type=\"application\/ld+json\" class=\"yoast-schema-graph\">{\"@context\":\"https:\/\/schema.org\",\"@graph\":[{\"@type\":\"Article\",\"@id\":\"https:\/\/sandzakpress.net\/arhiva\/nato-i-manjine-u-crnoj-gori\/#article\",\"isPartOf\":{\"@id\":\"https:\/\/sandzakpress.net\/arhiva\/nato-i-manjine-u-crnoj-gori\/\"},\"author\":{\"name\":\"bosniak\",\"@id\":\"https:\/\/sandzakpress.net\/arhiva\/#\/schema\/person\/c8baee722073534b583ea7bdb2e36c02\"},\"headline\":\"NATO i manjine u Crnoj Gori\",\"datePublished\":\"2014-04-14T20:38:33+00:00\",\"mainEntityOfPage\":{\"@id\":\"https:\/\/sandzakpress.net\/arhiva\/nato-i-manjine-u-crnoj-gori\/\"},\"wordCount\":1213,\"commentCount\":0,\"publisher\":{\"@id\":\"https:\/\/sandzakpress.net\/arhiva\/#\/schema\/person\/6e72b67d6e51910a1117b3b483ba20bd\"},\"image\":{\"@id\":\"https:\/\/sandzakpress.net\/arhiva\/nato-i-manjine-u-crnoj-gori\/#primaryimage\"},\"thumbnailUrl\":\"https:\/\/sandzakpress.net\/arhiva\/wp-content\/uploads\/2014\/04\/Mirsad-Kurgas.jpg\",\"keywords\":[\"Mirsad Kurga\u0161\"],\"articleSection\":[\"Iz pera na\u0161ih autora\"],\"inLanguage\":\"bs-BA\",\"potentialAction\":[{\"@type\":\"CommentAction\",\"name\":\"Comment\",\"target\":[\"https:\/\/sandzakpress.net\/arhiva\/nato-i-manjine-u-crnoj-gori\/#respond\"]}]},{\"@type\":\"WebPage\",\"@id\":\"https:\/\/sandzakpress.net\/arhiva\/nato-i-manjine-u-crnoj-gori\/\",\"url\":\"https:\/\/sandzakpress.net\/arhiva\/nato-i-manjine-u-crnoj-gori\/\",\"name\":\"NATO i manjine u Crnoj Gori\",\"isPartOf\":{\"@id\":\"https:\/\/sandzakpress.net\/arhiva\/#website\"},\"primaryImageOfPage\":{\"@id\":\"https:\/\/sandzakpress.net\/arhiva\/nato-i-manjine-u-crnoj-gori\/#primaryimage\"},\"image\":{\"@id\":\"https:\/\/sandzakpress.net\/arhiva\/nato-i-manjine-u-crnoj-gori\/#primaryimage\"},\"thumbnailUrl\":\"https:\/\/sandzakpress.net\/arhiva\/wp-content\/uploads\/2014\/04\/Mirsad-Kurgas.jpg\",\"datePublished\":\"2014-04-14T20:38:33+00:00\",\"breadcrumb\":{\"@id\":\"https:\/\/sandzakpress.net\/arhiva\/nato-i-manjine-u-crnoj-gori\/#breadcrumb\"},\"inLanguage\":\"bs-BA\",\"potentialAction\":[{\"@type\":\"ReadAction\",\"target\":[\"https:\/\/sandzakpress.net\/arhiva\/nato-i-manjine-u-crnoj-gori\/\"]}]},{\"@type\":\"ImageObject\",\"inLanguage\":\"bs-BA\",\"@id\":\"https:\/\/sandzakpress.net\/arhiva\/nato-i-manjine-u-crnoj-gori\/#primaryimage\",\"url\":\"https:\/\/sandzakpress.net\/arhiva\/wp-content\/uploads\/2014\/04\/Mirsad-Kurgas.jpg\",\"contentUrl\":\"https:\/\/sandzakpress.net\/arhiva\/wp-content\/uploads\/2014\/04\/Mirsad-Kurgas.jpg\",\"width\":302,\"height\":294,\"caption\":\"Mirsad-Mirza Kurga\u0161\"},{\"@type\":\"BreadcrumbList\",\"@id\":\"https:\/\/sandzakpress.net\/arhiva\/nato-i-manjine-u-crnoj-gori\/#breadcrumb\",\"itemListElement\":[{\"@type\":\"ListItem\",\"position\":1,\"name\":\"Home\",\"item\":\"https:\/\/sandzakpress.net\/arhiva\/\"},{\"@type\":\"ListItem\",\"position\":2,\"name\":\"NATO i manjine u Crnoj Gori\"}]},{\"@type\":\"WebSite\",\"@id\":\"https:\/\/sandzakpress.net\/arhiva\/#website\",\"url\":\"https:\/\/sandzakpress.net\/arhiva\/\",\"name\":\"Sand\u017eak PRESS\",\"description\":\"Prve elektronske novine u Sand\u017eaku\",\"publisher\":{\"@id\":\"https:\/\/sandzakpress.net\/arhiva\/#\/schema\/person\/6e72b67d6e51910a1117b3b483ba20bd\"},\"potentialAction\":[{\"@type\":\"SearchAction\",\"target\":{\"@type\":\"EntryPoint\",\"urlTemplate\":\"https:\/\/sandzakpress.net\/arhiva\/?s={search_term_string}\"},\"query-input\":{\"@type\":\"PropertyValueSpecification\",\"valueRequired\":true,\"valueName\":\"search_term_string\"}}],\"inLanguage\":\"bs-BA\"},{\"@type\":[\"Person\",\"Organization\"],\"@id\":\"https:\/\/sandzakpress.net\/arhiva\/#\/schema\/person\/6e72b67d6e51910a1117b3b483ba20bd\",\"name\":\"Kul\",\"image\":{\"@type\":\"ImageObject\",\"inLanguage\":\"bs-BA\",\"@id\":\"https:\/\/sandzakpress.net\/arhiva\/#\/schema\/person\/image\/\",\"url\":\"https:\/\/secure.gravatar.com\/avatar\/42263f39aa27ac04c43cab85c280eb2e?s=96&d=mm&r=pg\",\"contentUrl\":\"https:\/\/secure.gravatar.com\/avatar\/42263f39aa27ac04c43cab85c280eb2e?s=96&d=mm&r=pg\",\"caption\":\"Kul\"},\"logo\":{\"@id\":\"https:\/\/sandzakpress.net\/arhiva\/#\/schema\/person\/image\/\"}},{\"@type\":\"Person\",\"@id\":\"https:\/\/sandzakpress.net\/arhiva\/#\/schema\/person\/c8baee722073534b583ea7bdb2e36c02\",\"name\":\"bosniak\",\"image\":{\"@type\":\"ImageObject\",\"inLanguage\":\"bs-BA\",\"@id\":\"https:\/\/sandzakpress.net\/arhiva\/#\/schema\/person\/image\/\",\"url\":\"https:\/\/secure.gravatar.com\/avatar\/a04fd330bfe3a36a72a0ad4a6d89fca7?s=96&d=mm&r=pg\",\"contentUrl\":\"https:\/\/secure.gravatar.com\/avatar\/a04fd330bfe3a36a72a0ad4a6d89fca7?s=96&d=mm&r=pg\",\"caption\":\"bosniak\"},\"url\":\"https:\/\/sandzakpress.net\/arhiva\/author\/bosniak\/\"}]}<\/script>\n<!-- \/ Yoast SEO Premium plugin. -->","yoast_head_json":{"title":"NATO i manjine u Crnoj Gori","robots":{"index":"index","follow":"follow","max-snippet":"max-snippet:-1","max-image-preview":"max-image-preview:large","max-video-preview":"max-video-preview:-1"},"canonical":"https:\/\/sandzakpress.net\/arhiva\/nato-i-manjine-u-crnoj-gori\/","og_locale":"bs_BA","og_type":"article","og_title":"NATO i manjine u Crnoj Gori","og_description":"Mirsad Kurga\u0161","og_url":"https:\/\/sandzakpress.net\/arhiva\/nato-i-manjine-u-crnoj-gori\/","og_site_name":"Sand\u017eak PRESS","article_published_time":"2014-04-14T20:38:33+00:00","og_image":[{"width":302,"height":294,"url":"https:\/\/sandzakpress.net\/arhiva\/wp-content\/uploads\/2014\/04\/Mirsad-Kurgas.jpg","type":"image\/jpeg"}],"author":"bosniak","twitter_card":"summary_large_image","twitter_misc":{"Written by":"bosniak","Est. reading time":"6 minuta"},"schema":{"@context":"https:\/\/schema.org","@graph":[{"@type":"Article","@id":"https:\/\/sandzakpress.net\/arhiva\/nato-i-manjine-u-crnoj-gori\/#article","isPartOf":{"@id":"https:\/\/sandzakpress.net\/arhiva\/nato-i-manjine-u-crnoj-gori\/"},"author":{"name":"bosniak","@id":"https:\/\/sandzakpress.net\/arhiva\/#\/schema\/person\/c8baee722073534b583ea7bdb2e36c02"},"headline":"NATO i manjine u Crnoj Gori","datePublished":"2014-04-14T20:38:33+00:00","mainEntityOfPage":{"@id":"https:\/\/sandzakpress.net\/arhiva\/nato-i-manjine-u-crnoj-gori\/"},"wordCount":1213,"commentCount":0,"publisher":{"@id":"https:\/\/sandzakpress.net\/arhiva\/#\/schema\/person\/6e72b67d6e51910a1117b3b483ba20bd"},"image":{"@id":"https:\/\/sandzakpress.net\/arhiva\/nato-i-manjine-u-crnoj-gori\/#primaryimage"},"thumbnailUrl":"https:\/\/sandzakpress.net\/arhiva\/wp-content\/uploads\/2014\/04\/Mirsad-Kurgas.jpg","keywords":["Mirsad Kurga\u0161"],"articleSection":["Iz pera na\u0161ih autora"],"inLanguage":"bs-BA","potentialAction":[{"@type":"CommentAction","name":"Comment","target":["https:\/\/sandzakpress.net\/arhiva\/nato-i-manjine-u-crnoj-gori\/#respond"]}]},{"@type":"WebPage","@id":"https:\/\/sandzakpress.net\/arhiva\/nato-i-manjine-u-crnoj-gori\/","url":"https:\/\/sandzakpress.net\/arhiva\/nato-i-manjine-u-crnoj-gori\/","name":"NATO i manjine u Crnoj Gori","isPartOf":{"@id":"https:\/\/sandzakpress.net\/arhiva\/#website"},"primaryImageOfPage":{"@id":"https:\/\/sandzakpress.net\/arhiva\/nato-i-manjine-u-crnoj-gori\/#primaryimage"},"image":{"@id":"https:\/\/sandzakpress.net\/arhiva\/nato-i-manjine-u-crnoj-gori\/#primaryimage"},"thumbnailUrl":"https:\/\/sandzakpress.net\/arhiva\/wp-content\/uploads\/2014\/04\/Mirsad-Kurgas.jpg","datePublished":"2014-04-14T20:38:33+00:00","breadcrumb":{"@id":"https:\/\/sandzakpress.net\/arhiva\/nato-i-manjine-u-crnoj-gori\/#breadcrumb"},"inLanguage":"bs-BA","potentialAction":[{"@type":"ReadAction","target":["https:\/\/sandzakpress.net\/arhiva\/nato-i-manjine-u-crnoj-gori\/"]}]},{"@type":"ImageObject","inLanguage":"bs-BA","@id":"https:\/\/sandzakpress.net\/arhiva\/nato-i-manjine-u-crnoj-gori\/#primaryimage","url":"https:\/\/sandzakpress.net\/arhiva\/wp-content\/uploads\/2014\/04\/Mirsad-Kurgas.jpg","contentUrl":"https:\/\/sandzakpress.net\/arhiva\/wp-content\/uploads\/2014\/04\/Mirsad-Kurgas.jpg","width":302,"height":294,"caption":"Mirsad-Mirza Kurga\u0161"},{"@type":"BreadcrumbList","@id":"https:\/\/sandzakpress.net\/arhiva\/nato-i-manjine-u-crnoj-gori\/#breadcrumb","itemListElement":[{"@type":"ListItem","position":1,"name":"Home","item":"https:\/\/sandzakpress.net\/arhiva\/"},{"@type":"ListItem","position":2,"name":"NATO i manjine u Crnoj Gori"}]},{"@type":"WebSite","@id":"https:\/\/sandzakpress.net\/arhiva\/#website","url":"https:\/\/sandzakpress.net\/arhiva\/","name":"Sand\u017eak PRESS","description":"Prve elektronske novine u Sand\u017eaku","publisher":{"@id":"https:\/\/sandzakpress.net\/arhiva\/#\/schema\/person\/6e72b67d6e51910a1117b3b483ba20bd"},"potentialAction":[{"@type":"SearchAction","target":{"@type":"EntryPoint","urlTemplate":"https:\/\/sandzakpress.net\/arhiva\/?s={search_term_string}"},"query-input":{"@type":"PropertyValueSpecification","valueRequired":true,"valueName":"search_term_string"}}],"inLanguage":"bs-BA"},{"@type":["Person","Organization"],"@id":"https:\/\/sandzakpress.net\/arhiva\/#\/schema\/person\/6e72b67d6e51910a1117b3b483ba20bd","name":"Kul","image":{"@type":"ImageObject","inLanguage":"bs-BA","@id":"https:\/\/sandzakpress.net\/arhiva\/#\/schema\/person\/image\/","url":"https:\/\/secure.gravatar.com\/avatar\/42263f39aa27ac04c43cab85c280eb2e?s=96&d=mm&r=pg","contentUrl":"https:\/\/secure.gravatar.com\/avatar\/42263f39aa27ac04c43cab85c280eb2e?s=96&d=mm&r=pg","caption":"Kul"},"logo":{"@id":"https:\/\/sandzakpress.net\/arhiva\/#\/schema\/person\/image\/"}},{"@type":"Person","@id":"https:\/\/sandzakpress.net\/arhiva\/#\/schema\/person\/c8baee722073534b583ea7bdb2e36c02","name":"bosniak","image":{"@type":"ImageObject","inLanguage":"bs-BA","@id":"https:\/\/sandzakpress.net\/arhiva\/#\/schema\/person\/image\/","url":"https:\/\/secure.gravatar.com\/avatar\/a04fd330bfe3a36a72a0ad4a6d89fca7?s=96&d=mm&r=pg","contentUrl":"https:\/\/secure.gravatar.com\/avatar\/a04fd330bfe3a36a72a0ad4a6d89fca7?s=96&d=mm&r=pg","caption":"bosniak"},"url":"https:\/\/sandzakpress.net\/arhiva\/author\/bosniak\/"}]}},"_links":{"self":[{"href":"https:\/\/sandzakpress.net\/arhiva\/wp-json\/wp\/v2\/posts\/104520"}],"collection":[{"href":"https:\/\/sandzakpress.net\/arhiva\/wp-json\/wp\/v2\/posts"}],"about":[{"href":"https:\/\/sandzakpress.net\/arhiva\/wp-json\/wp\/v2\/types\/post"}],"author":[{"embeddable":true,"href":"https:\/\/sandzakpress.net\/arhiva\/wp-json\/wp\/v2\/users\/83"}],"replies":[{"embeddable":true,"href":"https:\/\/sandzakpress.net\/arhiva\/wp-json\/wp\/v2\/comments?post=104520"}],"version-history":[{"count":0,"href":"https:\/\/sandzakpress.net\/arhiva\/wp-json\/wp\/v2\/posts\/104520\/revisions"}],"wp:featuredmedia":[{"embeddable":true,"href":"https:\/\/sandzakpress.net\/arhiva\/wp-json\/wp\/v2\/media\/104521"}],"wp:attachment":[{"href":"https:\/\/sandzakpress.net\/arhiva\/wp-json\/wp\/v2\/media?parent=104520"}],"wp:term":[{"taxonomy":"category","embeddable":true,"href":"https:\/\/sandzakpress.net\/arhiva\/wp-json\/wp\/v2\/categories?post=104520"},{"taxonomy":"post_tag","embeddable":true,"href":"https:\/\/sandzakpress.net\/arhiva\/wp-json\/wp\/v2\/tags?post=104520"}],"curies":[{"name":"wp","href":"https:\/\/api.w.org\/{rel}","templated":true}]}}