{"id":104314,"date":"2014-04-10T23:17:25","date_gmt":"2014-04-10T21:17:25","guid":{"rendered":"https:\/\/sandzakpress.net\/arhiva\/?p=104314"},"modified":"2014-04-10T23:17:25","modified_gmt":"2014-04-10T21:17:25","slug":"protest-albanaca-ispred-bijele-kuce-i-ambasade-u-vasingtonu","status":"publish","type":"post","link":"https:\/\/sandzakpress.net\/arhiva\/protest-albanaca-ispred-bijele-kuce-i-ambasade-u-vasingtonu\/","title":{"rendered":"Protest Albanaca ispred Bijele ku\u0107e i ambasade u Va\u0161ingtonu"},"content":{"rendered":"<p><strong style=\"font-size: 14px; line-height: 1.5em;\"><img loading=\"lazy\" decoding=\"async\" class=\"alignleft\" alt=\"Protest Albanaca ispred Bijele ku\u0107e i ambasade u Va\u0161ingtonu\" src=\"http:\/\/www.vijesti.me\/slika-519x316\/vijesti\/protest-albanaca-ispred-bijele-kuce-ambasade-vasingtonu-slika-366335.jpg\" width=\"311\" height=\"190\" \/><\/strong><strong>Kosovo, Amerika &#8211;\u00a0Proteste ispred zgrade op\u0161tine Plavu danas je organizovala Unija albnskih studenata zahtjevaju\u0107i pobolj\u0161anje polo\u017eaja Albanaca u Crnoj Gori<\/strong><\/p>\n<div id=\"article_gallery\">\n<div id=\"gallery_image\">\n<div><strong>\u00a0<\/strong><span style=\"font-size: 14px; line-height: 1.5em;\">Funkcioner Demokratskog saveza Nikola Camaj je pozvao crnogorskog premijera da nakon povratka iz SAD po\u010dne sa ispunjavanjem obe\u0107anja Albancima. On je na skupu dijaspore u Va\u0161ingtonu poru\u010dio da su Albanci puno uradili na promociji Crne Gore u SAD, ali da Vlada i pored toga ignori\u0161e zahtjeve te manjine za ve\u0107im pravima i punopravnom op\u0161tinom Tuzi.<\/span><\/div>\n<\/div>\n<\/div>\n<div id=\"article_content\">\n<div id=\"article_text_column\">\n<div id=\"article_text\">\n<p>&#8220;Kada je trebalo otvoriti vrata u Va\u0161ingtonu, Albanci su to u\u010dinili. Bio je to zajedni\u010dki interes i tada smo vas podr\u017eali jer smo mislili da \u0107emo u Crnoj Gori \u017eivjeti bolje. Nije nam bolje. Nau\u010dite ne\u0161to od ove posjete i vratite se u Crnu Goru i recite Albancima da \u0107ete im dati ono \u0161to ste obe\u0107ali, ono \u0161to nam garantuje Ustav i poru\u010duju gospoda iz ove demokratske zemlje&#8221;, kazao je Camaj ispred zgrade crnogorske ambasade u Va\u0161ingtonu.<\/p>\n<p>On je kazao da gra\u0111ani Malesije ne mogu prihvatiti op\u0161tinu koja ne\u0107e biti kao Petnjica i Gusinje, koje su dobile samostalnost iako imaju manje stanovnika od GO Tuzi.On je rekao da su sva druga rije\u0161enja poni\u017eenje Albanaca u Crnoj Gori i izigravanje decenijskih obe\u0107anja. &#8220;Pozivam vas da nau\u010dite ne\u0161to od ameri\u010dke demokratije, kao \u0161to su Albanci nau\u010dili. Da bi vas do\u010dekali kao \u0161to su nas do\u010dekivali&#8221;.<\/p>\n<p>Demonstranti su se ju\u010de okupili i ispred Bijele ku\u0107e, nose\u0107i albanske i zastave SAD i povremeno skandidiraju\u0107i Oslobodila\u010dkoj vojsci Kosova. Protestanti su nosili transparente &#8220;Blokirajte Crnoj Gori ulazak u NATO&#8221;, &#8220;\u0110ukanovi\u0107 poslednji evropski diktator&#8221;,&#8221;Vrijeme je da ispuni\u0161 obe\u0107anje Albancima&#8221;, &#8220;Albanci nijesu gra\u0111ani drugog reda&#8221;&#8230;<\/p>\n<p>Protest je, kako navode, organizovan &#8220;protiv diskriminatorske politike koju Crna Gora vodi protiv autohtonih Albanaca&#8221;, prenosi portal\u00a0Mal\u00ebsiaJon\u00eb.com.<\/p>\n<p>Protest Albanaca odr\u017ean je ranije danas i u Plavu.<\/p>\n<p>Lider pokreta Samoopredjeljenje Albin Kurti podr\u017eao je proteste Albanaca u Plavu poru\u010duju\u0107i da je spreman da podr\u017ei napore sunarodnika u Crnoj Gori. On je komentari\u0161u\u0107i proteste u Plavu, na svom Facebook nalogu kazao da ga je obradovala odluka albanske omladine u Plavu da digne svoj glas u za\u0161titu nacionalnih prava.<\/p>\n<div><a href=\"http:\/\/www.vijesti.me\/data\/slika\/37\/366334.jpg\"><img decoding=\"async\" alt=\"\" src=\"http:\/\/www.vijesti.me\/slika-w519\/vijesti\/protest-albanaca-ispred-bijele-kuce-ambasade-vasingtonu-slika-366334.jpg\" border=\"0\" \/><\/a><\/div>\n<div><a href=\"http:\/\/www.vijesti.me\/data\/slika\/37\/366333.jpg\"><img decoding=\"async\" alt=\"\" src=\"http:\/\/www.vijesti.me\/slika-w519\/vijesti\/protest-albanaca-ispred-bijele-kuce-ambasade-vasingtonu-slika-366333.jpg\" border=\"0\" \/><\/a><a><br \/>\n<\/a><\/div>\n<p>&#8220;\u010cestitam i ohrabrujem vas da budete \u0161to glasniji u aktivnostima i opravdanim zahtjevima. Bi\u0107e nam zadovoljstvo da vam obezbijedimo bilo kakvu pomo\u0107 koju vam mo\u017eemo odavde pru\u017eiti. Zdravlje i uspjeh vam \u017eelim i nemojte zaboraviti da su svi Albanci uz vas ako se iskreno borite za svoj narod\u201d, navodi se u Kurtijevoj poruci.<\/p>\n<p>Proteste ispred zgrade op\u0161tine Plavu danas je organizovala Unija albnskih studenata zahtjevaju\u0107i pobolj\u0161anje polo\u017eaja Albanaca u Crnoj Gori. U\u010desnici demonstracija nosili su zastave EU, Albanije i Kosova, kao i transparente na kojima je pisalo \u201cStop antialbanskoj politici u Crnoj Gori\u201d, \u201dBez nas nema EU\u201d, \u201c\u0110ukanovi\u0107u, Albanci nijesu gra\u0111ani drugog reda\u201d, \u201dOvako se ne ide u Evropu\u201d, \u201cMalo nas je ali nijesmo stoka\u201d, \u201dAlbaniji, Kosovo, va\u0161a smo djeca\u201d.<\/p>\n<p>Predsjednik Unije studenata Mem Baljidemaj kazao je da Albanci ne u\u017eivaju prava kao ostali gra\u0111ani Crne Gore, navode\u0107i da je dr\u017eava Albancima uzurpirala zemlji\u0161ta, zabranila upotrebu nacionalnih simbola i formiranje punopravne op\u0161tine u Tuzi. On je kazao da dr\u017eava ne \u017eeli da sanira deponiju u selu Martinaj, \u010diji su stanovnici Albanci, dok je granicama Nacionalnog parka Prokletije onemogu\u0107eno lokalnim stanovni\u0161tvu da se na svojim imanjima bavi poljoprivredom i sto\u010darstvom. Baljidemaj je poru\u010dio da \u0107e se predstavnici albanskih udur\u017eenja obratiti me\u0111unarodnim institucijama ukoliko Vlada nastavi da ignori\u0161e njihove zahtjeve.<\/p>\n<div><a href=\"http:\/\/www.vijesti.me\/data\/slika\/37\/366299.jpg\"><img decoding=\"async\" alt=\"Sa protesta\" src=\"http:\/\/www.vijesti.me\/slika-w519\/vijesti\/protest-albanaca-ispred-bijele-kuce-ambasade-vasingtonu-slika-366299.jpg\" border=\"0\" \/><\/a><a>Uvecaj!<\/a><\/div>\n<p>&nbsp;<\/p>\n<p>&nbsp;<\/p>\n<div><a href=\"http:\/\/www.vijesti.me\/data\/slika\/37\/366300.jpg\"><img decoding=\"async\" alt=\"\" src=\"http:\/\/www.vijesti.me\/slika-w519\/vijesti\/protest-albanaca-ispred-bijele-kuce-ambasade-vasingtonu-slika-366300.jpg\" border=\"0\" \/><\/a><a><br \/>\n<\/a><\/div>\n<p>&#8220;Ukoliko dr\u017eava ostane gluva na na\u0161e zahtjeve, zahtijeva\u0107emo pomo\u0107 od Albanije i Kosova. Tra\u017ei\u0107emo od EU da uslovi Crnu Goru po\u0161tovanjem prava manjina kako to nala\u017eu evropske deklaracije\u201d, kazao je on.<\/p>\n<p>Baljidemaj je poru\u010dio da \u0107e studenti nastaviti sa organizovanjem protesta, upozoravaju\u0107i da Albance u Crnoj Gori sve vi\u0161e izdaje strpljenje. On je pozvao i albanske politi\u010dare da stave po strani me\u0111usobne razlike kada su u pitanju nacionalni interesi.<\/p>\n<p>Za razliku od protesta koji su organizovani u nedjelju u Tuzima, iza kojeg su stali demokratski forum Albanaca i malesijski organak Demokratskog saveza, demonstracije u Plavu podr\u017eali su Demokratski savez i plavski organak Demokratske unije Albanaca.<\/p>\n<p>(vijesti)<\/p>\n<\/div>\n<\/div>\n<\/div>\n","protected":false},"excerpt":{"rendered":"<p>Kosovo, Amerika &#8211;\u00a0Proteste ispred zgrade op\u0161tine Plavu danas je organizovala Unija albnskih studenata zahtjevaju\u0107i pobolj\u0161anje polo\u017eaja Albanaca u Crnoj Gori \u00a0Funkcioner Demokratskog saveza Nikola Camaj je pozvao crnogorskog premijera da nakon povratka iz SAD po\u010dne sa ispunjavanjem obe\u0107anja Albancima. On je na skupu dijaspore u Va\u0161ingtonu poru\u010dio da su Albanci puno uradili na promociji Crne [&hellip;]<\/p>\n","protected":false},"author":83,"featured_media":104315,"comment_status":"open","ping_status":"open","sticky":false,"template":"","format":"standard","meta":{"footnotes":""},"categories":[3012,2690,5],"tags":[],"class_list":{"0":"post-104314","1":"post","2":"type-post","3":"status-publish","4":"format-standard","5":"has-post-thumbnail","7":"category-amerika-gradovi","8":"category-kosovo-gradovi","9":"category-drustvo"},"yoast_head":"<!-- This site is optimized with the Yoast SEO Premium plugin v23.1 (Yoast SEO v24.9) - https:\/\/yoast.com\/wordpress\/plugins\/seo\/ -->\n<title>Protest Albanaca ispred Bijele ku\u0107e i ambasade u Va\u0161ingtonu<\/title>\n<meta name=\"robots\" content=\"index, follow, max-snippet:-1, max-image-preview:large, max-video-preview:-1\" \/>\n<link rel=\"canonical\" href=\"https:\/\/sandzakpress.net\/arhiva\/protest-albanaca-ispred-bijele-kuce-i-ambasade-u-vasingtonu\/\" \/>\n<meta property=\"og:locale\" content=\"bs_BA\" \/>\n<meta property=\"og:type\" content=\"article\" \/>\n<meta property=\"og:title\" content=\"Protest Albanaca ispred Bijele ku\u0107e i ambasade u Va\u0161ingtonu\" \/>\n<meta property=\"og:description\" content=\"Kosovo, Amerika &#8211;\u00a0Proteste ispred zgrade op\u0161tine Plavu danas je organizovala Unija albnskih studenata zahtjevaju\u0107i pobolj\u0161anje polo\u017eaja Albanaca u Crnoj Gori \u00a0Funkcioner Demokratskog saveza Nikola Camaj je pozvao crnogorskog premijera da nakon povratka iz SAD po\u010dne sa ispunjavanjem obe\u0107anja Albancima. On je na skupu dijaspore u Va\u0161ingtonu poru\u010dio da su Albanci puno uradili na promociji Crne [&hellip;]\" \/>\n<meta property=\"og:url\" content=\"https:\/\/sandzakpress.net\/arhiva\/protest-albanaca-ispred-bijele-kuce-i-ambasade-u-vasingtonu\/\" \/>\n<meta property=\"og:site_name\" content=\"Sand\u017eak PRESS\" \/>\n<meta property=\"article:published_time\" content=\"2014-04-10T21:17:25+00:00\" \/>\n<meta property=\"og:image\" content=\"https:\/\/sandzakpress.net\/arhiva\/wp-content\/uploads\/2014\/04\/protest-albanaca-ispred-bijele-kuce-ambasade-vasingtonu-slika-366335.jpg\" \/>\n\t<meta property=\"og:image:width\" content=\"519\" \/>\n\t<meta property=\"og:image:height\" content=\"316\" \/>\n\t<meta property=\"og:image:type\" content=\"image\/jpeg\" \/>\n<meta name=\"author\" content=\"bosniak\" \/>\n<meta name=\"twitter:card\" content=\"summary_large_image\" \/>\n<meta name=\"twitter:label1\" content=\"Written by\" \/>\n\t<meta name=\"twitter:data1\" content=\"bosniak\" \/>\n\t<meta name=\"twitter:label2\" content=\"Est. reading time\" \/>\n\t<meta name=\"twitter:data2\" content=\"4 minute\" \/>\n<script type=\"application\/ld+json\" class=\"yoast-schema-graph\">{\"@context\":\"https:\/\/schema.org\",\"@graph\":[{\"@type\":\"Article\",\"@id\":\"https:\/\/sandzakpress.net\/arhiva\/protest-albanaca-ispred-bijele-kuce-i-ambasade-u-vasingtonu\/#article\",\"isPartOf\":{\"@id\":\"https:\/\/sandzakpress.net\/arhiva\/protest-albanaca-ispred-bijele-kuce-i-ambasade-u-vasingtonu\/\"},\"author\":{\"name\":\"bosniak\",\"@id\":\"https:\/\/sandzakpress.net\/arhiva\/#\/schema\/person\/c8baee722073534b583ea7bdb2e36c02\"},\"headline\":\"Protest Albanaca ispred Bijele ku\u0107e i ambasade u Va\u0161ingtonu\",\"datePublished\":\"2014-04-10T21:17:25+00:00\",\"mainEntityOfPage\":{\"@id\":\"https:\/\/sandzakpress.net\/arhiva\/protest-albanaca-ispred-bijele-kuce-i-ambasade-u-vasingtonu\/\"},\"wordCount\":757,\"commentCount\":0,\"publisher\":{\"@id\":\"https:\/\/sandzakpress.net\/arhiva\/#\/schema\/person\/6e72b67d6e51910a1117b3b483ba20bd\"},\"image\":{\"@id\":\"https:\/\/sandzakpress.net\/arhiva\/protest-albanaca-ispred-bijele-kuce-i-ambasade-u-vasingtonu\/#primaryimage\"},\"thumbnailUrl\":\"https:\/\/sandzakpress.net\/arhiva\/wp-content\/uploads\/2014\/04\/protest-albanaca-ispred-bijele-kuce-ambasade-vasingtonu-slika-366335.jpg\",\"articleSection\":[\"Amerika\",\"Kosovo\",\"Dru\u0161tvo\"],\"inLanguage\":\"bs-BA\",\"potentialAction\":[{\"@type\":\"CommentAction\",\"name\":\"Comment\",\"target\":[\"https:\/\/sandzakpress.net\/arhiva\/protest-albanaca-ispred-bijele-kuce-i-ambasade-u-vasingtonu\/#respond\"]}]},{\"@type\":\"WebPage\",\"@id\":\"https:\/\/sandzakpress.net\/arhiva\/protest-albanaca-ispred-bijele-kuce-i-ambasade-u-vasingtonu\/\",\"url\":\"https:\/\/sandzakpress.net\/arhiva\/protest-albanaca-ispred-bijele-kuce-i-ambasade-u-vasingtonu\/\",\"name\":\"Protest Albanaca ispred Bijele ku\u0107e i ambasade u Va\u0161ingtonu\",\"isPartOf\":{\"@id\":\"https:\/\/sandzakpress.net\/arhiva\/#website\"},\"primaryImageOfPage\":{\"@id\":\"https:\/\/sandzakpress.net\/arhiva\/protest-albanaca-ispred-bijele-kuce-i-ambasade-u-vasingtonu\/#primaryimage\"},\"image\":{\"@id\":\"https:\/\/sandzakpress.net\/arhiva\/protest-albanaca-ispred-bijele-kuce-i-ambasade-u-vasingtonu\/#primaryimage\"},\"thumbnailUrl\":\"https:\/\/sandzakpress.net\/arhiva\/wp-content\/uploads\/2014\/04\/protest-albanaca-ispred-bijele-kuce-ambasade-vasingtonu-slika-366335.jpg\",\"datePublished\":\"2014-04-10T21:17:25+00:00\",\"breadcrumb\":{\"@id\":\"https:\/\/sandzakpress.net\/arhiva\/protest-albanaca-ispred-bijele-kuce-i-ambasade-u-vasingtonu\/#breadcrumb\"},\"inLanguage\":\"bs-BA\",\"potentialAction\":[{\"@type\":\"ReadAction\",\"target\":[\"https:\/\/sandzakpress.net\/arhiva\/protest-albanaca-ispred-bijele-kuce-i-ambasade-u-vasingtonu\/\"]}]},{\"@type\":\"ImageObject\",\"inLanguage\":\"bs-BA\",\"@id\":\"https:\/\/sandzakpress.net\/arhiva\/protest-albanaca-ispred-bijele-kuce-i-ambasade-u-vasingtonu\/#primaryimage\",\"url\":\"https:\/\/sandzakpress.net\/arhiva\/wp-content\/uploads\/2014\/04\/protest-albanaca-ispred-bijele-kuce-ambasade-vasingtonu-slika-366335.jpg\",\"contentUrl\":\"https:\/\/sandzakpress.net\/arhiva\/wp-content\/uploads\/2014\/04\/protest-albanaca-ispred-bijele-kuce-ambasade-vasingtonu-slika-366335.jpg\",\"width\":519,\"height\":316},{\"@type\":\"BreadcrumbList\",\"@id\":\"https:\/\/sandzakpress.net\/arhiva\/protest-albanaca-ispred-bijele-kuce-i-ambasade-u-vasingtonu\/#breadcrumb\",\"itemListElement\":[{\"@type\":\"ListItem\",\"position\":1,\"name\":\"Home\",\"item\":\"https:\/\/sandzakpress.net\/arhiva\/\"},{\"@type\":\"ListItem\",\"position\":2,\"name\":\"Protest Albanaca ispred Bijele ku\u0107e i ambasade u Va\u0161ingtonu\"}]},{\"@type\":\"WebSite\",\"@id\":\"https:\/\/sandzakpress.net\/arhiva\/#website\",\"url\":\"https:\/\/sandzakpress.net\/arhiva\/\",\"name\":\"Sand\u017eak PRESS\",\"description\":\"Prve elektronske novine u Sand\u017eaku\",\"publisher\":{\"@id\":\"https:\/\/sandzakpress.net\/arhiva\/#\/schema\/person\/6e72b67d6e51910a1117b3b483ba20bd\"},\"potentialAction\":[{\"@type\":\"SearchAction\",\"target\":{\"@type\":\"EntryPoint\",\"urlTemplate\":\"https:\/\/sandzakpress.net\/arhiva\/?s={search_term_string}\"},\"query-input\":{\"@type\":\"PropertyValueSpecification\",\"valueRequired\":true,\"valueName\":\"search_term_string\"}}],\"inLanguage\":\"bs-BA\"},{\"@type\":[\"Person\",\"Organization\"],\"@id\":\"https:\/\/sandzakpress.net\/arhiva\/#\/schema\/person\/6e72b67d6e51910a1117b3b483ba20bd\",\"name\":\"Kul\",\"image\":{\"@type\":\"ImageObject\",\"inLanguage\":\"bs-BA\",\"@id\":\"https:\/\/sandzakpress.net\/arhiva\/#\/schema\/person\/image\/\",\"url\":\"https:\/\/secure.gravatar.com\/avatar\/42263f39aa27ac04c43cab85c280eb2e?s=96&d=mm&r=pg\",\"contentUrl\":\"https:\/\/secure.gravatar.com\/avatar\/42263f39aa27ac04c43cab85c280eb2e?s=96&d=mm&r=pg\",\"caption\":\"Kul\"},\"logo\":{\"@id\":\"https:\/\/sandzakpress.net\/arhiva\/#\/schema\/person\/image\/\"}},{\"@type\":\"Person\",\"@id\":\"https:\/\/sandzakpress.net\/arhiva\/#\/schema\/person\/c8baee722073534b583ea7bdb2e36c02\",\"name\":\"bosniak\",\"image\":{\"@type\":\"ImageObject\",\"inLanguage\":\"bs-BA\",\"@id\":\"https:\/\/sandzakpress.net\/arhiva\/#\/schema\/person\/image\/\",\"url\":\"https:\/\/secure.gravatar.com\/avatar\/a04fd330bfe3a36a72a0ad4a6d89fca7?s=96&d=mm&r=pg\",\"contentUrl\":\"https:\/\/secure.gravatar.com\/avatar\/a04fd330bfe3a36a72a0ad4a6d89fca7?s=96&d=mm&r=pg\",\"caption\":\"bosniak\"},\"url\":\"https:\/\/sandzakpress.net\/arhiva\/author\/bosniak\/\"}]}<\/script>\n<!-- \/ Yoast SEO Premium plugin. -->","yoast_head_json":{"title":"Protest Albanaca ispred Bijele ku\u0107e i ambasade u Va\u0161ingtonu","robots":{"index":"index","follow":"follow","max-snippet":"max-snippet:-1","max-image-preview":"max-image-preview:large","max-video-preview":"max-video-preview:-1"},"canonical":"https:\/\/sandzakpress.net\/arhiva\/protest-albanaca-ispred-bijele-kuce-i-ambasade-u-vasingtonu\/","og_locale":"bs_BA","og_type":"article","og_title":"Protest Albanaca ispred Bijele ku\u0107e i ambasade u Va\u0161ingtonu","og_description":"Kosovo, Amerika &#8211;\u00a0Proteste ispred zgrade op\u0161tine Plavu danas je organizovala Unija albnskih studenata zahtjevaju\u0107i pobolj\u0161anje polo\u017eaja Albanaca u Crnoj Gori \u00a0Funkcioner Demokratskog saveza Nikola Camaj je pozvao crnogorskog premijera da nakon povratka iz SAD po\u010dne sa ispunjavanjem obe\u0107anja Albancima. On je na skupu dijaspore u Va\u0161ingtonu poru\u010dio da su Albanci puno uradili na promociji Crne [&hellip;]","og_url":"https:\/\/sandzakpress.net\/arhiva\/protest-albanaca-ispred-bijele-kuce-i-ambasade-u-vasingtonu\/","og_site_name":"Sand\u017eak PRESS","article_published_time":"2014-04-10T21:17:25+00:00","og_image":[{"width":519,"height":316,"url":"https:\/\/sandzakpress.net\/arhiva\/wp-content\/uploads\/2014\/04\/protest-albanaca-ispred-bijele-kuce-ambasade-vasingtonu-slika-366335.jpg","type":"image\/jpeg"}],"author":"bosniak","twitter_card":"summary_large_image","twitter_misc":{"Written by":"bosniak","Est. reading time":"4 minute"},"schema":{"@context":"https:\/\/schema.org","@graph":[{"@type":"Article","@id":"https:\/\/sandzakpress.net\/arhiva\/protest-albanaca-ispred-bijele-kuce-i-ambasade-u-vasingtonu\/#article","isPartOf":{"@id":"https:\/\/sandzakpress.net\/arhiva\/protest-albanaca-ispred-bijele-kuce-i-ambasade-u-vasingtonu\/"},"author":{"name":"bosniak","@id":"https:\/\/sandzakpress.net\/arhiva\/#\/schema\/person\/c8baee722073534b583ea7bdb2e36c02"},"headline":"Protest Albanaca ispred Bijele ku\u0107e i ambasade u Va\u0161ingtonu","datePublished":"2014-04-10T21:17:25+00:00","mainEntityOfPage":{"@id":"https:\/\/sandzakpress.net\/arhiva\/protest-albanaca-ispred-bijele-kuce-i-ambasade-u-vasingtonu\/"},"wordCount":757,"commentCount":0,"publisher":{"@id":"https:\/\/sandzakpress.net\/arhiva\/#\/schema\/person\/6e72b67d6e51910a1117b3b483ba20bd"},"image":{"@id":"https:\/\/sandzakpress.net\/arhiva\/protest-albanaca-ispred-bijele-kuce-i-ambasade-u-vasingtonu\/#primaryimage"},"thumbnailUrl":"https:\/\/sandzakpress.net\/arhiva\/wp-content\/uploads\/2014\/04\/protest-albanaca-ispred-bijele-kuce-ambasade-vasingtonu-slika-366335.jpg","articleSection":["Amerika","Kosovo","Dru\u0161tvo"],"inLanguage":"bs-BA","potentialAction":[{"@type":"CommentAction","name":"Comment","target":["https:\/\/sandzakpress.net\/arhiva\/protest-albanaca-ispred-bijele-kuce-i-ambasade-u-vasingtonu\/#respond"]}]},{"@type":"WebPage","@id":"https:\/\/sandzakpress.net\/arhiva\/protest-albanaca-ispred-bijele-kuce-i-ambasade-u-vasingtonu\/","url":"https:\/\/sandzakpress.net\/arhiva\/protest-albanaca-ispred-bijele-kuce-i-ambasade-u-vasingtonu\/","name":"Protest Albanaca ispred Bijele ku\u0107e i ambasade u Va\u0161ingtonu","isPartOf":{"@id":"https:\/\/sandzakpress.net\/arhiva\/#website"},"primaryImageOfPage":{"@id":"https:\/\/sandzakpress.net\/arhiva\/protest-albanaca-ispred-bijele-kuce-i-ambasade-u-vasingtonu\/#primaryimage"},"image":{"@id":"https:\/\/sandzakpress.net\/arhiva\/protest-albanaca-ispred-bijele-kuce-i-ambasade-u-vasingtonu\/#primaryimage"},"thumbnailUrl":"https:\/\/sandzakpress.net\/arhiva\/wp-content\/uploads\/2014\/04\/protest-albanaca-ispred-bijele-kuce-ambasade-vasingtonu-slika-366335.jpg","datePublished":"2014-04-10T21:17:25+00:00","breadcrumb":{"@id":"https:\/\/sandzakpress.net\/arhiva\/protest-albanaca-ispred-bijele-kuce-i-ambasade-u-vasingtonu\/#breadcrumb"},"inLanguage":"bs-BA","potentialAction":[{"@type":"ReadAction","target":["https:\/\/sandzakpress.net\/arhiva\/protest-albanaca-ispred-bijele-kuce-i-ambasade-u-vasingtonu\/"]}]},{"@type":"ImageObject","inLanguage":"bs-BA","@id":"https:\/\/sandzakpress.net\/arhiva\/protest-albanaca-ispred-bijele-kuce-i-ambasade-u-vasingtonu\/#primaryimage","url":"https:\/\/sandzakpress.net\/arhiva\/wp-content\/uploads\/2014\/04\/protest-albanaca-ispred-bijele-kuce-ambasade-vasingtonu-slika-366335.jpg","contentUrl":"https:\/\/sandzakpress.net\/arhiva\/wp-content\/uploads\/2014\/04\/protest-albanaca-ispred-bijele-kuce-ambasade-vasingtonu-slika-366335.jpg","width":519,"height":316},{"@type":"BreadcrumbList","@id":"https:\/\/sandzakpress.net\/arhiva\/protest-albanaca-ispred-bijele-kuce-i-ambasade-u-vasingtonu\/#breadcrumb","itemListElement":[{"@type":"ListItem","position":1,"name":"Home","item":"https:\/\/sandzakpress.net\/arhiva\/"},{"@type":"ListItem","position":2,"name":"Protest Albanaca ispred Bijele ku\u0107e i ambasade u Va\u0161ingtonu"}]},{"@type":"WebSite","@id":"https:\/\/sandzakpress.net\/arhiva\/#website","url":"https:\/\/sandzakpress.net\/arhiva\/","name":"Sand\u017eak PRESS","description":"Prve elektronske novine u Sand\u017eaku","publisher":{"@id":"https:\/\/sandzakpress.net\/arhiva\/#\/schema\/person\/6e72b67d6e51910a1117b3b483ba20bd"},"potentialAction":[{"@type":"SearchAction","target":{"@type":"EntryPoint","urlTemplate":"https:\/\/sandzakpress.net\/arhiva\/?s={search_term_string}"},"query-input":{"@type":"PropertyValueSpecification","valueRequired":true,"valueName":"search_term_string"}}],"inLanguage":"bs-BA"},{"@type":["Person","Organization"],"@id":"https:\/\/sandzakpress.net\/arhiva\/#\/schema\/person\/6e72b67d6e51910a1117b3b483ba20bd","name":"Kul","image":{"@type":"ImageObject","inLanguage":"bs-BA","@id":"https:\/\/sandzakpress.net\/arhiva\/#\/schema\/person\/image\/","url":"https:\/\/secure.gravatar.com\/avatar\/42263f39aa27ac04c43cab85c280eb2e?s=96&d=mm&r=pg","contentUrl":"https:\/\/secure.gravatar.com\/avatar\/42263f39aa27ac04c43cab85c280eb2e?s=96&d=mm&r=pg","caption":"Kul"},"logo":{"@id":"https:\/\/sandzakpress.net\/arhiva\/#\/schema\/person\/image\/"}},{"@type":"Person","@id":"https:\/\/sandzakpress.net\/arhiva\/#\/schema\/person\/c8baee722073534b583ea7bdb2e36c02","name":"bosniak","image":{"@type":"ImageObject","inLanguage":"bs-BA","@id":"https:\/\/sandzakpress.net\/arhiva\/#\/schema\/person\/image\/","url":"https:\/\/secure.gravatar.com\/avatar\/a04fd330bfe3a36a72a0ad4a6d89fca7?s=96&d=mm&r=pg","contentUrl":"https:\/\/secure.gravatar.com\/avatar\/a04fd330bfe3a36a72a0ad4a6d89fca7?s=96&d=mm&r=pg","caption":"bosniak"},"url":"https:\/\/sandzakpress.net\/arhiva\/author\/bosniak\/"}]}},"_links":{"self":[{"href":"https:\/\/sandzakpress.net\/arhiva\/wp-json\/wp\/v2\/posts\/104314"}],"collection":[{"href":"https:\/\/sandzakpress.net\/arhiva\/wp-json\/wp\/v2\/posts"}],"about":[{"href":"https:\/\/sandzakpress.net\/arhiva\/wp-json\/wp\/v2\/types\/post"}],"author":[{"embeddable":true,"href":"https:\/\/sandzakpress.net\/arhiva\/wp-json\/wp\/v2\/users\/83"}],"replies":[{"embeddable":true,"href":"https:\/\/sandzakpress.net\/arhiva\/wp-json\/wp\/v2\/comments?post=104314"}],"version-history":[{"count":0,"href":"https:\/\/sandzakpress.net\/arhiva\/wp-json\/wp\/v2\/posts\/104314\/revisions"}],"wp:featuredmedia":[{"embeddable":true,"href":"https:\/\/sandzakpress.net\/arhiva\/wp-json\/wp\/v2\/media\/104315"}],"wp:attachment":[{"href":"https:\/\/sandzakpress.net\/arhiva\/wp-json\/wp\/v2\/media?parent=104314"}],"wp:term":[{"taxonomy":"category","embeddable":true,"href":"https:\/\/sandzakpress.net\/arhiva\/wp-json\/wp\/v2\/categories?post=104314"},{"taxonomy":"post_tag","embeddable":true,"href":"https:\/\/sandzakpress.net\/arhiva\/wp-json\/wp\/v2\/tags?post=104314"}],"curies":[{"name":"wp","href":"https:\/\/api.w.org\/{rel}","templated":true}]}}