{"id":10431,"date":"2010-12-11T23:39:33","date_gmt":"2010-12-11T22:39:33","guid":{"rendered":"https:\/\/sandzakpress.net\/arhiva\/?p=10431"},"modified":"2010-12-12T00:38:53","modified_gmt":"2010-12-11T23:38:53","slug":"vetar-srusio-dio-skolskog-krova","status":"publish","type":"post","link":"https:\/\/sandzakpress.net\/arhiva\/vetar-srusio-dio-skolskog-krova\/","title":{"rendered":"Vjetar sru\u0161io dio \u0161kolskog krova"},"content":{"rendered":"<p><strong><a href=\"https:\/\/sandzakpress.net\/arhiva\/wp-content\/uploads\/2010\/12\/krov01_091.jpg\"><img loading=\"lazy\" decoding=\"async\" class=\"alignleft size-medium wp-image-10433\" title=\"krov01_09\" src=\"https:\/\/sandzakpress.net\/arhiva\/wp-content\/uploads\/2010\/12\/krov01_091-300x225.jpg\" alt=\"\" width=\"300\" height=\"225\" \/><\/a>Sjenica\u00a0&#8211; U\u010denike i profesore srednje Tehni\u010dke \u0161kole u Sjenici, u subotu u jutru zatekao je prizor uru\u0161enog dijela krove konstrukcije, iznad \u0161kolskog stambenog prostora i jedne u\u010dionice.<\/strong><\/p>\n<p>Do ru\u0161enja dijela krovne konstrukcije do\u0161lo je uslijed ja\u010dih udara vjetra, koji je, prema podacima Meteorolo\u0161ke stanice u Sjenici, u no\u0107i izme\u0111u petka i subote, konstantno duvao brzinom od preko 20 metara u sekundi, a najja\u010di udar, od 25 metara u sekundi, zabilje\u017een je u subotu, u pet sati ujutru.<\/p>\n<p>Da su nekim slu\u010dajem \u0111aci bili tu, mo\u017eda bi bilo i nesre\u0107nih slu\u010dajeva. Jer, mi smo taj dio krova, koji je i ranije uru\u0161avan uslijed ja\u010dih udara vjetra, malo sanirali postavljaju\u0107i stare redijatore da potisnu lim. Me\u0111utim, jutros sam video da su i ti radijatori pali u neposrednoj blizini \u0161kolske zgrade&#8221;, izjavio je direktor Tehni\u010dke \u0161kole, Izudin Metovi\u0107. On je istakao da je jedino re\u0161enje ovog problema rekonstrukcija, koja podrazumeva postavljanje kosog, umjesto postoje\u0107eg ravnog limenog krova. &#8221;Finansijska sredstva za rekonstrukciju krova o\u010dkujemo od osiguravaju\u0107eg dru\u0161tva Dunav&#8221;, kazao je Metovi\u0107.<\/p>\n<p>Izvor: <strong>Danas.rs<\/strong><\/p>\n","protected":false},"excerpt":{"rendered":"<p>Sjenica\u00a0&#8211; U\u010denike i profesore srednje Tehni\u010dke \u0161kole u Sjenici, u subotu u jutru zatekao je prizor uru\u0161enog dijela krove konstrukcije, iznad \u0161kolskog stambenog prostora i jedne u\u010dionice. Do ru\u0161enja dijela krovne konstrukcije do\u0161lo je uslijed ja\u010dih udara vjetra, koji je, prema podacima Meteorolo\u0161ke stanice u Sjenici, u no\u0107i izme\u0111u petka i subote, konstantno duvao brzinom [&hellip;]<\/p>\n","protected":false},"author":83,"featured_media":10433,"comment_status":"open","ping_status":"open","sticky":false,"template":"","format":"standard","meta":{"footnotes":""},"categories":[52,801],"tags":[],"class_list":{"0":"post-10431","1":"post","2":"type-post","3":"status-publish","4":"format-standard","5":"has-post-thumbnail","7":"category-sjenica","8":"category-crna_hronika"},"yoast_head":"<!-- This site is optimized with the Yoast SEO Premium plugin v23.1 (Yoast SEO v24.9) - https:\/\/yoast.com\/wordpress\/plugins\/seo\/ -->\n<title>Vjetar sru\u0161io dio \u0161kolskog krova<\/title>\n<meta name=\"robots\" content=\"index, follow, max-snippet:-1, max-image-preview:large, max-video-preview:-1\" \/>\n<link rel=\"canonical\" href=\"https:\/\/sandzakpress.net\/arhiva\/vetar-srusio-dio-skolskog-krova\/\" \/>\n<meta property=\"og:locale\" content=\"bs_BA\" \/>\n<meta property=\"og:type\" content=\"article\" \/>\n<meta property=\"og:title\" content=\"Vjetar sru\u0161io dio \u0161kolskog krova\" \/>\n<meta property=\"og:description\" content=\"Sjenica\u00a0&#8211; U\u010denike i profesore srednje Tehni\u010dke \u0161kole u Sjenici, u subotu u jutru zatekao je prizor uru\u0161enog dijela krove konstrukcije, iznad \u0161kolskog stambenog prostora i jedne u\u010dionice. Do ru\u0161enja dijela krovne konstrukcije do\u0161lo je uslijed ja\u010dih udara vjetra, koji je, prema podacima Meteorolo\u0161ke stanice u Sjenici, u no\u0107i izme\u0111u petka i subote, konstantno duvao brzinom [&hellip;]\" \/>\n<meta property=\"og:url\" content=\"https:\/\/sandzakpress.net\/arhiva\/vetar-srusio-dio-skolskog-krova\/\" \/>\n<meta property=\"og:site_name\" content=\"Sand\u017eak PRESS\" \/>\n<meta property=\"article:published_time\" content=\"2010-12-11T22:39:33+00:00\" \/>\n<meta property=\"article:modified_time\" content=\"2010-12-11T23:38:53+00:00\" \/>\n<meta property=\"og:image\" content=\"https:\/\/sandzakpress.net\/arhiva\/wp-content\/uploads\/2010\/12\/krov01_091.jpg\" \/>\n\t<meta property=\"og:image:width\" content=\"616\" \/>\n\t<meta property=\"og:image:height\" content=\"462\" \/>\n\t<meta property=\"og:image:type\" content=\"image\/jpeg\" \/>\n<meta name=\"author\" content=\"bosniak\" \/>\n<meta name=\"twitter:card\" content=\"summary_large_image\" \/>\n<meta name=\"twitter:label1\" content=\"Written by\" \/>\n\t<meta name=\"twitter:data1\" content=\"bosniak\" \/>\n\t<meta name=\"twitter:label2\" content=\"Est. reading time\" \/>\n\t<meta name=\"twitter:data2\" content=\"1 minuta\" \/>\n<script type=\"application\/ld+json\" class=\"yoast-schema-graph\">{\"@context\":\"https:\/\/schema.org\",\"@graph\":[{\"@type\":\"Article\",\"@id\":\"https:\/\/sandzakpress.net\/arhiva\/vetar-srusio-dio-skolskog-krova\/#article\",\"isPartOf\":{\"@id\":\"https:\/\/sandzakpress.net\/arhiva\/vetar-srusio-dio-skolskog-krova\/\"},\"author\":{\"name\":\"bosniak\",\"@id\":\"https:\/\/sandzakpress.net\/arhiva\/#\/schema\/person\/c8baee722073534b583ea7bdb2e36c02\"},\"headline\":\"Vjetar sru\u0161io dio \u0161kolskog krova\",\"datePublished\":\"2010-12-11T22:39:33+00:00\",\"dateModified\":\"2010-12-11T23:38:53+00:00\",\"mainEntityOfPage\":{\"@id\":\"https:\/\/sandzakpress.net\/arhiva\/vetar-srusio-dio-skolskog-krova\/\"},\"wordCount\":201,\"commentCount\":0,\"publisher\":{\"@id\":\"https:\/\/sandzakpress.net\/arhiva\/#\/schema\/person\/6e72b67d6e51910a1117b3b483ba20bd\"},\"image\":{\"@id\":\"https:\/\/sandzakpress.net\/arhiva\/vetar-srusio-dio-skolskog-krova\/#primaryimage\"},\"thumbnailUrl\":\"https:\/\/sandzakpress.net\/arhiva\/wp-content\/uploads\/2010\/12\/krov01_091.jpg\",\"articleSection\":[\"Sjenica\",\"Hronika\"],\"inLanguage\":\"bs-BA\",\"potentialAction\":[{\"@type\":\"CommentAction\",\"name\":\"Comment\",\"target\":[\"https:\/\/sandzakpress.net\/arhiva\/vetar-srusio-dio-skolskog-krova\/#respond\"]}]},{\"@type\":\"WebPage\",\"@id\":\"https:\/\/sandzakpress.net\/arhiva\/vetar-srusio-dio-skolskog-krova\/\",\"url\":\"https:\/\/sandzakpress.net\/arhiva\/vetar-srusio-dio-skolskog-krova\/\",\"name\":\"Vjetar sru\u0161io dio \u0161kolskog krova\",\"isPartOf\":{\"@id\":\"https:\/\/sandzakpress.net\/arhiva\/#website\"},\"primaryImageOfPage\":{\"@id\":\"https:\/\/sandzakpress.net\/arhiva\/vetar-srusio-dio-skolskog-krova\/#primaryimage\"},\"image\":{\"@id\":\"https:\/\/sandzakpress.net\/arhiva\/vetar-srusio-dio-skolskog-krova\/#primaryimage\"},\"thumbnailUrl\":\"https:\/\/sandzakpress.net\/arhiva\/wp-content\/uploads\/2010\/12\/krov01_091.jpg\",\"datePublished\":\"2010-12-11T22:39:33+00:00\",\"dateModified\":\"2010-12-11T23:38:53+00:00\",\"breadcrumb\":{\"@id\":\"https:\/\/sandzakpress.net\/arhiva\/vetar-srusio-dio-skolskog-krova\/#breadcrumb\"},\"inLanguage\":\"bs-BA\",\"potentialAction\":[{\"@type\":\"ReadAction\",\"target\":[\"https:\/\/sandzakpress.net\/arhiva\/vetar-srusio-dio-skolskog-krova\/\"]}]},{\"@type\":\"ImageObject\",\"inLanguage\":\"bs-BA\",\"@id\":\"https:\/\/sandzakpress.net\/arhiva\/vetar-srusio-dio-skolskog-krova\/#primaryimage\",\"url\":\"https:\/\/sandzakpress.net\/arhiva\/wp-content\/uploads\/2010\/12\/krov01_091.jpg\",\"contentUrl\":\"https:\/\/sandzakpress.net\/arhiva\/wp-content\/uploads\/2010\/12\/krov01_091.jpg\",\"width\":616,\"height\":462},{\"@type\":\"BreadcrumbList\",\"@id\":\"https:\/\/sandzakpress.net\/arhiva\/vetar-srusio-dio-skolskog-krova\/#breadcrumb\",\"itemListElement\":[{\"@type\":\"ListItem\",\"position\":1,\"name\":\"Home\",\"item\":\"https:\/\/sandzakpress.net\/arhiva\/\"},{\"@type\":\"ListItem\",\"position\":2,\"name\":\"Vjetar sru\u0161io dio \u0161kolskog krova\"}]},{\"@type\":\"WebSite\",\"@id\":\"https:\/\/sandzakpress.net\/arhiva\/#website\",\"url\":\"https:\/\/sandzakpress.net\/arhiva\/\",\"name\":\"Sand\u017eak PRESS\",\"description\":\"Prve elektronske novine u Sand\u017eaku\",\"publisher\":{\"@id\":\"https:\/\/sandzakpress.net\/arhiva\/#\/schema\/person\/6e72b67d6e51910a1117b3b483ba20bd\"},\"potentialAction\":[{\"@type\":\"SearchAction\",\"target\":{\"@type\":\"EntryPoint\",\"urlTemplate\":\"https:\/\/sandzakpress.net\/arhiva\/?s={search_term_string}\"},\"query-input\":{\"@type\":\"PropertyValueSpecification\",\"valueRequired\":true,\"valueName\":\"search_term_string\"}}],\"inLanguage\":\"bs-BA\"},{\"@type\":[\"Person\",\"Organization\"],\"@id\":\"https:\/\/sandzakpress.net\/arhiva\/#\/schema\/person\/6e72b67d6e51910a1117b3b483ba20bd\",\"name\":\"Kul\",\"image\":{\"@type\":\"ImageObject\",\"inLanguage\":\"bs-BA\",\"@id\":\"https:\/\/sandzakpress.net\/arhiva\/#\/schema\/person\/image\/\",\"url\":\"https:\/\/secure.gravatar.com\/avatar\/42263f39aa27ac04c43cab85c280eb2e?s=96&d=mm&r=pg\",\"contentUrl\":\"https:\/\/secure.gravatar.com\/avatar\/42263f39aa27ac04c43cab85c280eb2e?s=96&d=mm&r=pg\",\"caption\":\"Kul\"},\"logo\":{\"@id\":\"https:\/\/sandzakpress.net\/arhiva\/#\/schema\/person\/image\/\"}},{\"@type\":\"Person\",\"@id\":\"https:\/\/sandzakpress.net\/arhiva\/#\/schema\/person\/c8baee722073534b583ea7bdb2e36c02\",\"name\":\"bosniak\",\"image\":{\"@type\":\"ImageObject\",\"inLanguage\":\"bs-BA\",\"@id\":\"https:\/\/sandzakpress.net\/arhiva\/#\/schema\/person\/image\/\",\"url\":\"https:\/\/secure.gravatar.com\/avatar\/a04fd330bfe3a36a72a0ad4a6d89fca7?s=96&d=mm&r=pg\",\"contentUrl\":\"https:\/\/secure.gravatar.com\/avatar\/a04fd330bfe3a36a72a0ad4a6d89fca7?s=96&d=mm&r=pg\",\"caption\":\"bosniak\"},\"url\":\"https:\/\/sandzakpress.net\/arhiva\/author\/bosniak\/\"}]}<\/script>\n<!-- \/ Yoast SEO Premium plugin. -->","yoast_head_json":{"title":"Vjetar sru\u0161io dio \u0161kolskog krova","robots":{"index":"index","follow":"follow","max-snippet":"max-snippet:-1","max-image-preview":"max-image-preview:large","max-video-preview":"max-video-preview:-1"},"canonical":"https:\/\/sandzakpress.net\/arhiva\/vetar-srusio-dio-skolskog-krova\/","og_locale":"bs_BA","og_type":"article","og_title":"Vjetar sru\u0161io dio \u0161kolskog krova","og_description":"Sjenica\u00a0&#8211; U\u010denike i profesore srednje Tehni\u010dke \u0161kole u Sjenici, u subotu u jutru zatekao je prizor uru\u0161enog dijela krove konstrukcije, iznad \u0161kolskog stambenog prostora i jedne u\u010dionice. Do ru\u0161enja dijela krovne konstrukcije do\u0161lo je uslijed ja\u010dih udara vjetra, koji je, prema podacima Meteorolo\u0161ke stanice u Sjenici, u no\u0107i izme\u0111u petka i subote, konstantno duvao brzinom [&hellip;]","og_url":"https:\/\/sandzakpress.net\/arhiva\/vetar-srusio-dio-skolskog-krova\/","og_site_name":"Sand\u017eak PRESS","article_published_time":"2010-12-11T22:39:33+00:00","article_modified_time":"2010-12-11T23:38:53+00:00","og_image":[{"width":616,"height":462,"url":"https:\/\/sandzakpress.net\/arhiva\/wp-content\/uploads\/2010\/12\/krov01_091.jpg","type":"image\/jpeg"}],"author":"bosniak","twitter_card":"summary_large_image","twitter_misc":{"Written by":"bosniak","Est. reading time":"1 minuta"},"schema":{"@context":"https:\/\/schema.org","@graph":[{"@type":"Article","@id":"https:\/\/sandzakpress.net\/arhiva\/vetar-srusio-dio-skolskog-krova\/#article","isPartOf":{"@id":"https:\/\/sandzakpress.net\/arhiva\/vetar-srusio-dio-skolskog-krova\/"},"author":{"name":"bosniak","@id":"https:\/\/sandzakpress.net\/arhiva\/#\/schema\/person\/c8baee722073534b583ea7bdb2e36c02"},"headline":"Vjetar sru\u0161io dio \u0161kolskog krova","datePublished":"2010-12-11T22:39:33+00:00","dateModified":"2010-12-11T23:38:53+00:00","mainEntityOfPage":{"@id":"https:\/\/sandzakpress.net\/arhiva\/vetar-srusio-dio-skolskog-krova\/"},"wordCount":201,"commentCount":0,"publisher":{"@id":"https:\/\/sandzakpress.net\/arhiva\/#\/schema\/person\/6e72b67d6e51910a1117b3b483ba20bd"},"image":{"@id":"https:\/\/sandzakpress.net\/arhiva\/vetar-srusio-dio-skolskog-krova\/#primaryimage"},"thumbnailUrl":"https:\/\/sandzakpress.net\/arhiva\/wp-content\/uploads\/2010\/12\/krov01_091.jpg","articleSection":["Sjenica","Hronika"],"inLanguage":"bs-BA","potentialAction":[{"@type":"CommentAction","name":"Comment","target":["https:\/\/sandzakpress.net\/arhiva\/vetar-srusio-dio-skolskog-krova\/#respond"]}]},{"@type":"WebPage","@id":"https:\/\/sandzakpress.net\/arhiva\/vetar-srusio-dio-skolskog-krova\/","url":"https:\/\/sandzakpress.net\/arhiva\/vetar-srusio-dio-skolskog-krova\/","name":"Vjetar sru\u0161io dio \u0161kolskog krova","isPartOf":{"@id":"https:\/\/sandzakpress.net\/arhiva\/#website"},"primaryImageOfPage":{"@id":"https:\/\/sandzakpress.net\/arhiva\/vetar-srusio-dio-skolskog-krova\/#primaryimage"},"image":{"@id":"https:\/\/sandzakpress.net\/arhiva\/vetar-srusio-dio-skolskog-krova\/#primaryimage"},"thumbnailUrl":"https:\/\/sandzakpress.net\/arhiva\/wp-content\/uploads\/2010\/12\/krov01_091.jpg","datePublished":"2010-12-11T22:39:33+00:00","dateModified":"2010-12-11T23:38:53+00:00","breadcrumb":{"@id":"https:\/\/sandzakpress.net\/arhiva\/vetar-srusio-dio-skolskog-krova\/#breadcrumb"},"inLanguage":"bs-BA","potentialAction":[{"@type":"ReadAction","target":["https:\/\/sandzakpress.net\/arhiva\/vetar-srusio-dio-skolskog-krova\/"]}]},{"@type":"ImageObject","inLanguage":"bs-BA","@id":"https:\/\/sandzakpress.net\/arhiva\/vetar-srusio-dio-skolskog-krova\/#primaryimage","url":"https:\/\/sandzakpress.net\/arhiva\/wp-content\/uploads\/2010\/12\/krov01_091.jpg","contentUrl":"https:\/\/sandzakpress.net\/arhiva\/wp-content\/uploads\/2010\/12\/krov01_091.jpg","width":616,"height":462},{"@type":"BreadcrumbList","@id":"https:\/\/sandzakpress.net\/arhiva\/vetar-srusio-dio-skolskog-krova\/#breadcrumb","itemListElement":[{"@type":"ListItem","position":1,"name":"Home","item":"https:\/\/sandzakpress.net\/arhiva\/"},{"@type":"ListItem","position":2,"name":"Vjetar sru\u0161io dio \u0161kolskog krova"}]},{"@type":"WebSite","@id":"https:\/\/sandzakpress.net\/arhiva\/#website","url":"https:\/\/sandzakpress.net\/arhiva\/","name":"Sand\u017eak PRESS","description":"Prve elektronske novine u Sand\u017eaku","publisher":{"@id":"https:\/\/sandzakpress.net\/arhiva\/#\/schema\/person\/6e72b67d6e51910a1117b3b483ba20bd"},"potentialAction":[{"@type":"SearchAction","target":{"@type":"EntryPoint","urlTemplate":"https:\/\/sandzakpress.net\/arhiva\/?s={search_term_string}"},"query-input":{"@type":"PropertyValueSpecification","valueRequired":true,"valueName":"search_term_string"}}],"inLanguage":"bs-BA"},{"@type":["Person","Organization"],"@id":"https:\/\/sandzakpress.net\/arhiva\/#\/schema\/person\/6e72b67d6e51910a1117b3b483ba20bd","name":"Kul","image":{"@type":"ImageObject","inLanguage":"bs-BA","@id":"https:\/\/sandzakpress.net\/arhiva\/#\/schema\/person\/image\/","url":"https:\/\/secure.gravatar.com\/avatar\/42263f39aa27ac04c43cab85c280eb2e?s=96&d=mm&r=pg","contentUrl":"https:\/\/secure.gravatar.com\/avatar\/42263f39aa27ac04c43cab85c280eb2e?s=96&d=mm&r=pg","caption":"Kul"},"logo":{"@id":"https:\/\/sandzakpress.net\/arhiva\/#\/schema\/person\/image\/"}},{"@type":"Person","@id":"https:\/\/sandzakpress.net\/arhiva\/#\/schema\/person\/c8baee722073534b583ea7bdb2e36c02","name":"bosniak","image":{"@type":"ImageObject","inLanguage":"bs-BA","@id":"https:\/\/sandzakpress.net\/arhiva\/#\/schema\/person\/image\/","url":"https:\/\/secure.gravatar.com\/avatar\/a04fd330bfe3a36a72a0ad4a6d89fca7?s=96&d=mm&r=pg","contentUrl":"https:\/\/secure.gravatar.com\/avatar\/a04fd330bfe3a36a72a0ad4a6d89fca7?s=96&d=mm&r=pg","caption":"bosniak"},"url":"https:\/\/sandzakpress.net\/arhiva\/author\/bosniak\/"}]}},"_links":{"self":[{"href":"https:\/\/sandzakpress.net\/arhiva\/wp-json\/wp\/v2\/posts\/10431"}],"collection":[{"href":"https:\/\/sandzakpress.net\/arhiva\/wp-json\/wp\/v2\/posts"}],"about":[{"href":"https:\/\/sandzakpress.net\/arhiva\/wp-json\/wp\/v2\/types\/post"}],"author":[{"embeddable":true,"href":"https:\/\/sandzakpress.net\/arhiva\/wp-json\/wp\/v2\/users\/83"}],"replies":[{"embeddable":true,"href":"https:\/\/sandzakpress.net\/arhiva\/wp-json\/wp\/v2\/comments?post=10431"}],"version-history":[{"count":0,"href":"https:\/\/sandzakpress.net\/arhiva\/wp-json\/wp\/v2\/posts\/10431\/revisions"}],"wp:featuredmedia":[{"embeddable":true,"href":"https:\/\/sandzakpress.net\/arhiva\/wp-json\/wp\/v2\/media\/10433"}],"wp:attachment":[{"href":"https:\/\/sandzakpress.net\/arhiva\/wp-json\/wp\/v2\/media?parent=10431"}],"wp:term":[{"taxonomy":"category","embeddable":true,"href":"https:\/\/sandzakpress.net\/arhiva\/wp-json\/wp\/v2\/categories?post=10431"},{"taxonomy":"post_tag","embeddable":true,"href":"https:\/\/sandzakpress.net\/arhiva\/wp-json\/wp\/v2\/tags?post=10431"}],"curies":[{"name":"wp","href":"https:\/\/api.w.org\/{rel}","templated":true}]}}