{"id":104265,"date":"2014-04-09T22:53:05","date_gmt":"2014-04-09T20:53:05","guid":{"rendered":"https:\/\/sandzakpress.net\/arhiva\/?p=104265"},"modified":"2014-04-09T23:21:47","modified_gmt":"2014-04-09T21:21:47","slug":"suljo-okrenuo-plocu-nemam-nista-protiv-rasima","status":"publish","type":"post","link":"https:\/\/sandzakpress.net\/arhiva\/suljo-okrenuo-plocu-nemam-nista-protiv-rasima\/","title":{"rendered":"Suljo okrenuo plo\u010du! &#8211; &#8216;Nemam ni\u0161ta protiv Rasima&#8217;"},"content":{"rendered":"<p><img decoding=\"async\" alt=\"\" src=\"http:\/\/balkans.aljazeera.net\/sites\/staff.balkans.aljazeera.com\/files\/styles\/aljazeera_article_main_image\/public\/sulejman_ugljanin.jpg\" \/><\/p>\n<p><strong>Sjeverni Sand\u017eak &#8211;\u00a0Nakon \u0161to je Vu\u010di\u0107 rekao da \u0107e Rasim Ljaji\u0107 biti u vladi\u00a0a da \u0107e za Sulejmana Ugljanina vidjeti, Ugljanin tvrdi da ne vidi ni\u0161ta sporno u vezi odnosa s Ljaji\u0107em.<\/strong><\/p>\n<p>Podsjetimo i lider SDPS Rasim Ljaji\u0107 i lider SDA Sand\u017eaka Sulejman Ugljanin bili su \u010dlanovi prethodne Vlade. Njihove me\u0111usobne razmirice tada su stavljene u drugi plan, ali je u predizbornoj kampanji sukob kulminirao jer je Ugljanin Ljaji\u0107a povezivao sa ubistvima u Sand\u017eaku.<\/p>\n<p>Mjesec dana poslije izbora lider SDA tvrdi da nema ni\u0161ta li\u010dno protiv Rasima Ljaji\u0107a.<\/p>\n<p>&#8220;Ja sam se sreo sa mojim kolegom prije tri, \u010detiri nedjelje u Vladi. Pri\u0161ao sam grupi ministara i srda\u010dno smo se pozdravili, rekao sam i njemu i svima ostalima da mi koji vodimo politi\u010dke stranke i imamo neke funkcije moramo da vodimo ra\u010duna o \u010demu pri\u010damo. Arapi ka\u017eu na\u0161 jezik je va\u0161 konj, ako ga obuzdate odve\u0107e vas do pravog cilja, ako ga ne obuzdate vodi vas u provaliju&#8221;, rekao je Sulejman Ugljanin.<\/p>\n<div id=\"fb-root\"><\/div>\n<p><script type=\"text\/javascript\">\/\/ < ![CDATA[\n\/\/ < ![CDATA[\n(function(d, s, id) { var js, fjs = d.getElementsByTagName(s)[0]; if (d.getElementById(id)) return; js = d.createElement(s); js.id = id; js.src = \"\/\/connect.facebook.net\/en_GB\/all.js#xfbml=1\"; fjs.parentNode.insertBefore(js, fjs); }(document, 'script', 'facebook-jssdk'));\n\/\/ ]]><\/script><\/p>\n<div class=\"fb-post\" data-href=\"https:\/\/www.facebook.com\/photo.php?v=263796140464990\" data-width=\"466\">\n<div class=\"fb-xfbml-parse-ignore\"><a href=\"https:\/\/www.facebook.com\/photo.php?v=263796140464990\">Post<\/a> by <a href=\"https:\/\/www.facebook.com\/pages\/Suljovi-biseri\/262320320612572\">Suljovi biseri<\/a>.<\/div>\n<\/div>\n<p>On dodaje i da ne vidi ni\u0161ta sporno izme\u0111u njega i rasima Ljaji\u0107a. &#8220;Mislim da bi, ako se ponovi vratimo u Vladu, bilo neozbiljno, ma koji ministar da uslovljava da \u0107e on biti ako neki drugi ne\u0107e biti&#8221;, ka\u017ee Ugljanin.<\/p>\n<p>Me\u0111utim, gostuju\u0107i u Ka\u017eiprstu na B92 krajem marta, Rasim Ljaji\u0107 je rekao da sa Ugljaninom ne mo\u017ee da bude u istoj Vladi, ukoliko lider SDA ostane pri optu\u017ebama koje mu je uputio tokom kampanje.<\/p>\n<p>&#8220;Ne \u017eelim da od toga pravim politi\u010dku temu. To je mnogo vi\u0161e moralna nego politi\u010dka pri\u010da&#8230; Ovo je mnogo vi\u0161e moralno nego politi\u010dko pitanje&#8221;, rekao je tada Ljaji\u0107.<\/p>\n<p>Ovo nije prvi put da se Ugljanin i Ljaji\u0107, rivali u Sand\u017eaku, me\u0111usobno prepucavaju. \u0160estogodi\u0161nji boravak u Vladi dvojice bo\u0161nja\u010dkih ministara povremeno je pra\u0107en me\u0111usobnim razmiricama, ali bi onda problemi bili stavljeni pod tepih.<\/p>\n<p>Op\u0161irnije:<\/p>\n<h2><a href=\"https:\/\/sandzakpress.net\/arhiva\/sda-sandzaka-podize-optuznicu-protiv-rasima-ljajica-mirsada-derleka-i-fevzije-murica\">SDA Sand\u017eaka podi\u017ee optu\u017enicu protiv Rasima Ljaji\u0107a, Mirsada \u0110erleka i Fevzije Muri\u0107a<\/a><\/h2>\n<blockquote><p><span style=\"color: #000000;\"><strong>Skup\u0161tina stranke SDA Sand\u017eaka U Novom Pazaru je 16.02.2014.\u00a0\u00a0je donijela sljede\u0107u odluku:<\/strong><\/span><\/p>\n<p><span style=\"color: #000000;\">-Da se pred nadlje\u017enim dr\u017eavnim organima obnovi postupak i pro\u0161iri istraga za politi\u010dki motivisano ubistvo Ru\u017edije Durovi\u0107a, odborni\u010dkog kandidata SDA Sand\u017eaka, koje se desilo 10.09.2006. godine, a prema svedo\u010denju Ertana Gegi\u0107a osu\u0111enog za ubistvo Ru\u017edije Durovi\u0107a, koji u pisanoj formi optu\u017euje Rasima Ljaji\u0107a kao naredbodavca za ovo ubistvo.<\/span><\/p>\n<p><span style=\"color: #000000;\">-Da se pred nadlje\u017enim dr\u017eavnim organima pokrene postupak protiv Rasima Ljaji\u0107a za podstrekivanje i sau\u010desni\u0161tvo u pripremanju i izvr\u0161avanju po\u010dinjenih zlo\u010dina po svedo\u010denju Ismeta\u00a0 Ramovi\u0107a iz Novog Pazara i Bahrije Beganovi\u0107a iz Prijepolja, koji su javno svedo\u010dili i izrazili spremnost da svedo\u010de pred sudom.<\/span><\/p>\n<p><span style=\"color: #000000;\">-Da se pred nadlje\u017enim dr\u017eavnim organima pokrene istraga protiv tada\u0161njeg gradona\u010delnika Novog Pazara, Mirsada \u0110erleka, njegovog pomo\u0107nika Fevzije Muri\u0107a i NN lica za neovla\u0161\u0107eni upad u slu\u017ebene prostorije SDA Sand\u017eaka 17.01.2009. godine i oru\u017eani napad na predsjednika SDA Sand\u017eaka i ministra u Vladi Srbije Dr Sulejmana Ugljanina, \u010dlanove najvi\u0161ih organa Stranke, rukovodstva gradskog odbora SDA Sand\u017eaka iz Novog Pazara i \u010dlanove bira\u010dkih odbora Stranke.<\/span><\/p>\n<p><span style=\"color: #000000;\">Skup\u0161tina je nalo\u017eila Glavnom odboru Stranke da u skladu sa Statutom, pokrene postupke kod nadlje\u017enih dr\u017eavnih organa za pomenute slu\u010dajeve.<\/span><\/p><\/blockquote>\n","protected":false},"excerpt":{"rendered":"<p>Sjeverni Sand\u017eak &#8211;\u00a0Nakon \u0161to je Vu\u010di\u0107 rekao da \u0107e Rasim Ljaji\u0107 biti u vladi\u00a0a da \u0107e za Sulejmana Ugljanina vidjeti, Ugljanin tvrdi da ne vidi ni\u0161ta sporno u vezi odnosa s Ljaji\u0107em. Podsjetimo i lider SDPS Rasim Ljaji\u0107 i lider SDA Sand\u017eaka Sulejman Ugljanin bili su \u010dlanovi prethodne Vlade. Njihove me\u0111usobne razmirice tada su stavljene [&hellip;]<\/p>\n","protected":false},"author":83,"featured_media":104266,"comment_status":"open","ping_status":"open","sticky":false,"template":"","format":"standard","meta":{"footnotes":""},"categories":[72,1,52,327,392,393,8957],"tags":[10210,10269],"class_list":{"0":"post-104265","1":"post","2":"type-post","3":"status-publish","4":"format-standard","5":"has-post-thumbnail","7":"category-novi-pazar","8":"category-politika","9":"category-sjenica","10":"category-tutin","11":"category-prijepolje_","12":"category-priboj","13":"category-vijesti-dana","14":"tag-rasim-ljajic","15":"tag-sulejman-ugljanin"},"yoast_head":"<!-- This site is optimized with the Yoast SEO Premium plugin v23.1 (Yoast SEO v24.9) - https:\/\/yoast.com\/wordpress\/plugins\/seo\/ -->\n<title>Suljo okrenuo plo\u010du! - &#039;Nemam ni\u0161ta protiv Rasima&#039;<\/title>\n<meta name=\"robots\" content=\"index, follow, max-snippet:-1, max-image-preview:large, max-video-preview:-1\" \/>\n<link rel=\"canonical\" href=\"https:\/\/sandzakpress.net\/arhiva\/suljo-okrenuo-plocu-nemam-nista-protiv-rasima\/\" \/>\n<meta property=\"og:locale\" content=\"bs_BA\" \/>\n<meta property=\"og:type\" content=\"article\" \/>\n<meta property=\"og:title\" content=\"Suljo okrenuo plo\u010du! - &#039;Nemam ni\u0161ta protiv Rasima&#039;\" \/>\n<meta property=\"og:description\" content=\"Sjeverni Sand\u017eak &#8211;\u00a0Nakon \u0161to je Vu\u010di\u0107 rekao da \u0107e Rasim Ljaji\u0107 biti u vladi\u00a0a da \u0107e za Sulejmana Ugljanina vidjeti, Ugljanin tvrdi da ne vidi ni\u0161ta sporno u vezi odnosa s Ljaji\u0107em. Podsjetimo i lider SDPS Rasim Ljaji\u0107 i lider SDA Sand\u017eaka Sulejman Ugljanin bili su \u010dlanovi prethodne Vlade. Njihove me\u0111usobne razmirice tada su stavljene [&hellip;]\" \/>\n<meta property=\"og:url\" content=\"https:\/\/sandzakpress.net\/arhiva\/suljo-okrenuo-plocu-nemam-nista-protiv-rasima\/\" \/>\n<meta property=\"og:site_name\" content=\"Sand\u017eak PRESS\" \/>\n<meta property=\"article:published_time\" content=\"2014-04-09T20:53:05+00:00\" \/>\n<meta property=\"article:modified_time\" content=\"2014-04-09T21:21:47+00:00\" \/>\n<meta property=\"og:image\" content=\"https:\/\/sandzakpress.net\/arhiva\/wp-content\/uploads\/2014\/04\/sulejman_ugljanin.jpg\" \/>\n\t<meta property=\"og:image:width\" content=\"670\" \/>\n\t<meta property=\"og:image:height\" content=\"447\" \/>\n\t<meta property=\"og:image:type\" content=\"image\/jpeg\" \/>\n<meta name=\"author\" content=\"bosniak\" \/>\n<meta name=\"twitter:card\" content=\"summary_large_image\" \/>\n<meta name=\"twitter:label1\" content=\"Written by\" \/>\n\t<meta name=\"twitter:data1\" content=\"bosniak\" \/>\n\t<meta name=\"twitter:label2\" content=\"Est. reading time\" \/>\n\t<meta name=\"twitter:data2\" content=\"3 minute\" \/>\n<script type=\"application\/ld+json\" class=\"yoast-schema-graph\">{\"@context\":\"https:\/\/schema.org\",\"@graph\":[{\"@type\":\"Article\",\"@id\":\"https:\/\/sandzakpress.net\/arhiva\/suljo-okrenuo-plocu-nemam-nista-protiv-rasima\/#article\",\"isPartOf\":{\"@id\":\"https:\/\/sandzakpress.net\/arhiva\/suljo-okrenuo-plocu-nemam-nista-protiv-rasima\/\"},\"author\":{\"name\":\"bosniak\",\"@id\":\"https:\/\/sandzakpress.net\/arhiva\/#\/schema\/person\/c8baee722073534b583ea7bdb2e36c02\"},\"headline\":\"Suljo okrenuo plo\u010du! &#8211; &#8216;Nemam ni\u0161ta protiv Rasima&#8217;\",\"datePublished\":\"2014-04-09T20:53:05+00:00\",\"dateModified\":\"2014-04-09T21:21:47+00:00\",\"mainEntityOfPage\":{\"@id\":\"https:\/\/sandzakpress.net\/arhiva\/suljo-okrenuo-plocu-nemam-nista-protiv-rasima\/\"},\"wordCount\":609,\"commentCount\":17,\"publisher\":{\"@id\":\"https:\/\/sandzakpress.net\/arhiva\/#\/schema\/person\/6e72b67d6e51910a1117b3b483ba20bd\"},\"image\":{\"@id\":\"https:\/\/sandzakpress.net\/arhiva\/suljo-okrenuo-plocu-nemam-nista-protiv-rasima\/#primaryimage\"},\"thumbnailUrl\":\"https:\/\/sandzakpress.net\/arhiva\/wp-content\/uploads\/2014\/04\/sulejman_ugljanin.jpg\",\"keywords\":[\"Rasim Ljaji\u0107\",\"Sulejman Ugljanin\"],\"articleSection\":[\"Novi Pazar\",\"Politika\",\"Sjenica\",\"Tutin\",\"Prijepolje\",\"Priboj\",\"VIJESTI DANA\"],\"inLanguage\":\"bs-BA\",\"potentialAction\":[{\"@type\":\"CommentAction\",\"name\":\"Comment\",\"target\":[\"https:\/\/sandzakpress.net\/arhiva\/suljo-okrenuo-plocu-nemam-nista-protiv-rasima\/#respond\"]}]},{\"@type\":\"WebPage\",\"@id\":\"https:\/\/sandzakpress.net\/arhiva\/suljo-okrenuo-plocu-nemam-nista-protiv-rasima\/\",\"url\":\"https:\/\/sandzakpress.net\/arhiva\/suljo-okrenuo-plocu-nemam-nista-protiv-rasima\/\",\"name\":\"Suljo okrenuo plo\u010du! - 'Nemam ni\u0161ta protiv Rasima'\",\"isPartOf\":{\"@id\":\"https:\/\/sandzakpress.net\/arhiva\/#website\"},\"primaryImageOfPage\":{\"@id\":\"https:\/\/sandzakpress.net\/arhiva\/suljo-okrenuo-plocu-nemam-nista-protiv-rasima\/#primaryimage\"},\"image\":{\"@id\":\"https:\/\/sandzakpress.net\/arhiva\/suljo-okrenuo-plocu-nemam-nista-protiv-rasima\/#primaryimage\"},\"thumbnailUrl\":\"https:\/\/sandzakpress.net\/arhiva\/wp-content\/uploads\/2014\/04\/sulejman_ugljanin.jpg\",\"datePublished\":\"2014-04-09T20:53:05+00:00\",\"dateModified\":\"2014-04-09T21:21:47+00:00\",\"breadcrumb\":{\"@id\":\"https:\/\/sandzakpress.net\/arhiva\/suljo-okrenuo-plocu-nemam-nista-protiv-rasima\/#breadcrumb\"},\"inLanguage\":\"bs-BA\",\"potentialAction\":[{\"@type\":\"ReadAction\",\"target\":[\"https:\/\/sandzakpress.net\/arhiva\/suljo-okrenuo-plocu-nemam-nista-protiv-rasima\/\"]}]},{\"@type\":\"ImageObject\",\"inLanguage\":\"bs-BA\",\"@id\":\"https:\/\/sandzakpress.net\/arhiva\/suljo-okrenuo-plocu-nemam-nista-protiv-rasima\/#primaryimage\",\"url\":\"https:\/\/sandzakpress.net\/arhiva\/wp-content\/uploads\/2014\/04\/sulejman_ugljanin.jpg\",\"contentUrl\":\"https:\/\/sandzakpress.net\/arhiva\/wp-content\/uploads\/2014\/04\/sulejman_ugljanin.jpg\",\"width\":670,\"height\":447},{\"@type\":\"BreadcrumbList\",\"@id\":\"https:\/\/sandzakpress.net\/arhiva\/suljo-okrenuo-plocu-nemam-nista-protiv-rasima\/#breadcrumb\",\"itemListElement\":[{\"@type\":\"ListItem\",\"position\":1,\"name\":\"Home\",\"item\":\"https:\/\/sandzakpress.net\/arhiva\/\"},{\"@type\":\"ListItem\",\"position\":2,\"name\":\"Suljo okrenuo plo\u010du! &#8211; &#8216;Nemam ni\u0161ta protiv Rasima&#8217;\"}]},{\"@type\":\"WebSite\",\"@id\":\"https:\/\/sandzakpress.net\/arhiva\/#website\",\"url\":\"https:\/\/sandzakpress.net\/arhiva\/\",\"name\":\"Sand\u017eak PRESS\",\"description\":\"Prve elektronske novine u Sand\u017eaku\",\"publisher\":{\"@id\":\"https:\/\/sandzakpress.net\/arhiva\/#\/schema\/person\/6e72b67d6e51910a1117b3b483ba20bd\"},\"potentialAction\":[{\"@type\":\"SearchAction\",\"target\":{\"@type\":\"EntryPoint\",\"urlTemplate\":\"https:\/\/sandzakpress.net\/arhiva\/?s={search_term_string}\"},\"query-input\":{\"@type\":\"PropertyValueSpecification\",\"valueRequired\":true,\"valueName\":\"search_term_string\"}}],\"inLanguage\":\"bs-BA\"},{\"@type\":[\"Person\",\"Organization\"],\"@id\":\"https:\/\/sandzakpress.net\/arhiva\/#\/schema\/person\/6e72b67d6e51910a1117b3b483ba20bd\",\"name\":\"Kul\",\"image\":{\"@type\":\"ImageObject\",\"inLanguage\":\"bs-BA\",\"@id\":\"https:\/\/sandzakpress.net\/arhiva\/#\/schema\/person\/image\/\",\"url\":\"https:\/\/secure.gravatar.com\/avatar\/42263f39aa27ac04c43cab85c280eb2e?s=96&d=mm&r=pg\",\"contentUrl\":\"https:\/\/secure.gravatar.com\/avatar\/42263f39aa27ac04c43cab85c280eb2e?s=96&d=mm&r=pg\",\"caption\":\"Kul\"},\"logo\":{\"@id\":\"https:\/\/sandzakpress.net\/arhiva\/#\/schema\/person\/image\/\"}},{\"@type\":\"Person\",\"@id\":\"https:\/\/sandzakpress.net\/arhiva\/#\/schema\/person\/c8baee722073534b583ea7bdb2e36c02\",\"name\":\"bosniak\",\"image\":{\"@type\":\"ImageObject\",\"inLanguage\":\"bs-BA\",\"@id\":\"https:\/\/sandzakpress.net\/arhiva\/#\/schema\/person\/image\/\",\"url\":\"https:\/\/secure.gravatar.com\/avatar\/a04fd330bfe3a36a72a0ad4a6d89fca7?s=96&d=mm&r=pg\",\"contentUrl\":\"https:\/\/secure.gravatar.com\/avatar\/a04fd330bfe3a36a72a0ad4a6d89fca7?s=96&d=mm&r=pg\",\"caption\":\"bosniak\"},\"url\":\"https:\/\/sandzakpress.net\/arhiva\/author\/bosniak\/\"}]}<\/script>\n<!-- \/ Yoast SEO Premium plugin. -->","yoast_head_json":{"title":"Suljo okrenuo plo\u010du! - 'Nemam ni\u0161ta protiv Rasima'","robots":{"index":"index","follow":"follow","max-snippet":"max-snippet:-1","max-image-preview":"max-image-preview:large","max-video-preview":"max-video-preview:-1"},"canonical":"https:\/\/sandzakpress.net\/arhiva\/suljo-okrenuo-plocu-nemam-nista-protiv-rasima\/","og_locale":"bs_BA","og_type":"article","og_title":"Suljo okrenuo plo\u010du! - 'Nemam ni\u0161ta protiv Rasima'","og_description":"Sjeverni Sand\u017eak &#8211;\u00a0Nakon \u0161to je Vu\u010di\u0107 rekao da \u0107e Rasim Ljaji\u0107 biti u vladi\u00a0a da \u0107e za Sulejmana Ugljanina vidjeti, Ugljanin tvrdi da ne vidi ni\u0161ta sporno u vezi odnosa s Ljaji\u0107em. Podsjetimo i lider SDPS Rasim Ljaji\u0107 i lider SDA Sand\u017eaka Sulejman Ugljanin bili su \u010dlanovi prethodne Vlade. Njihove me\u0111usobne razmirice tada su stavljene [&hellip;]","og_url":"https:\/\/sandzakpress.net\/arhiva\/suljo-okrenuo-plocu-nemam-nista-protiv-rasima\/","og_site_name":"Sand\u017eak PRESS","article_published_time":"2014-04-09T20:53:05+00:00","article_modified_time":"2014-04-09T21:21:47+00:00","og_image":[{"width":670,"height":447,"url":"https:\/\/sandzakpress.net\/arhiva\/wp-content\/uploads\/2014\/04\/sulejman_ugljanin.jpg","type":"image\/jpeg"}],"author":"bosniak","twitter_card":"summary_large_image","twitter_misc":{"Written by":"bosniak","Est. reading time":"3 minute"},"schema":{"@context":"https:\/\/schema.org","@graph":[{"@type":"Article","@id":"https:\/\/sandzakpress.net\/arhiva\/suljo-okrenuo-plocu-nemam-nista-protiv-rasima\/#article","isPartOf":{"@id":"https:\/\/sandzakpress.net\/arhiva\/suljo-okrenuo-plocu-nemam-nista-protiv-rasima\/"},"author":{"name":"bosniak","@id":"https:\/\/sandzakpress.net\/arhiva\/#\/schema\/person\/c8baee722073534b583ea7bdb2e36c02"},"headline":"Suljo okrenuo plo\u010du! &#8211; &#8216;Nemam ni\u0161ta protiv Rasima&#8217;","datePublished":"2014-04-09T20:53:05+00:00","dateModified":"2014-04-09T21:21:47+00:00","mainEntityOfPage":{"@id":"https:\/\/sandzakpress.net\/arhiva\/suljo-okrenuo-plocu-nemam-nista-protiv-rasima\/"},"wordCount":609,"commentCount":17,"publisher":{"@id":"https:\/\/sandzakpress.net\/arhiva\/#\/schema\/person\/6e72b67d6e51910a1117b3b483ba20bd"},"image":{"@id":"https:\/\/sandzakpress.net\/arhiva\/suljo-okrenuo-plocu-nemam-nista-protiv-rasima\/#primaryimage"},"thumbnailUrl":"https:\/\/sandzakpress.net\/arhiva\/wp-content\/uploads\/2014\/04\/sulejman_ugljanin.jpg","keywords":["Rasim Ljaji\u0107","Sulejman Ugljanin"],"articleSection":["Novi Pazar","Politika","Sjenica","Tutin","Prijepolje","Priboj","VIJESTI DANA"],"inLanguage":"bs-BA","potentialAction":[{"@type":"CommentAction","name":"Comment","target":["https:\/\/sandzakpress.net\/arhiva\/suljo-okrenuo-plocu-nemam-nista-protiv-rasima\/#respond"]}]},{"@type":"WebPage","@id":"https:\/\/sandzakpress.net\/arhiva\/suljo-okrenuo-plocu-nemam-nista-protiv-rasima\/","url":"https:\/\/sandzakpress.net\/arhiva\/suljo-okrenuo-plocu-nemam-nista-protiv-rasima\/","name":"Suljo okrenuo plo\u010du! - 'Nemam ni\u0161ta protiv Rasima'","isPartOf":{"@id":"https:\/\/sandzakpress.net\/arhiva\/#website"},"primaryImageOfPage":{"@id":"https:\/\/sandzakpress.net\/arhiva\/suljo-okrenuo-plocu-nemam-nista-protiv-rasima\/#primaryimage"},"image":{"@id":"https:\/\/sandzakpress.net\/arhiva\/suljo-okrenuo-plocu-nemam-nista-protiv-rasima\/#primaryimage"},"thumbnailUrl":"https:\/\/sandzakpress.net\/arhiva\/wp-content\/uploads\/2014\/04\/sulejman_ugljanin.jpg","datePublished":"2014-04-09T20:53:05+00:00","dateModified":"2014-04-09T21:21:47+00:00","breadcrumb":{"@id":"https:\/\/sandzakpress.net\/arhiva\/suljo-okrenuo-plocu-nemam-nista-protiv-rasima\/#breadcrumb"},"inLanguage":"bs-BA","potentialAction":[{"@type":"ReadAction","target":["https:\/\/sandzakpress.net\/arhiva\/suljo-okrenuo-plocu-nemam-nista-protiv-rasima\/"]}]},{"@type":"ImageObject","inLanguage":"bs-BA","@id":"https:\/\/sandzakpress.net\/arhiva\/suljo-okrenuo-plocu-nemam-nista-protiv-rasima\/#primaryimage","url":"https:\/\/sandzakpress.net\/arhiva\/wp-content\/uploads\/2014\/04\/sulejman_ugljanin.jpg","contentUrl":"https:\/\/sandzakpress.net\/arhiva\/wp-content\/uploads\/2014\/04\/sulejman_ugljanin.jpg","width":670,"height":447},{"@type":"BreadcrumbList","@id":"https:\/\/sandzakpress.net\/arhiva\/suljo-okrenuo-plocu-nemam-nista-protiv-rasima\/#breadcrumb","itemListElement":[{"@type":"ListItem","position":1,"name":"Home","item":"https:\/\/sandzakpress.net\/arhiva\/"},{"@type":"ListItem","position":2,"name":"Suljo okrenuo plo\u010du! &#8211; &#8216;Nemam ni\u0161ta protiv Rasima&#8217;"}]},{"@type":"WebSite","@id":"https:\/\/sandzakpress.net\/arhiva\/#website","url":"https:\/\/sandzakpress.net\/arhiva\/","name":"Sand\u017eak PRESS","description":"Prve elektronske novine u Sand\u017eaku","publisher":{"@id":"https:\/\/sandzakpress.net\/arhiva\/#\/schema\/person\/6e72b67d6e51910a1117b3b483ba20bd"},"potentialAction":[{"@type":"SearchAction","target":{"@type":"EntryPoint","urlTemplate":"https:\/\/sandzakpress.net\/arhiva\/?s={search_term_string}"},"query-input":{"@type":"PropertyValueSpecification","valueRequired":true,"valueName":"search_term_string"}}],"inLanguage":"bs-BA"},{"@type":["Person","Organization"],"@id":"https:\/\/sandzakpress.net\/arhiva\/#\/schema\/person\/6e72b67d6e51910a1117b3b483ba20bd","name":"Kul","image":{"@type":"ImageObject","inLanguage":"bs-BA","@id":"https:\/\/sandzakpress.net\/arhiva\/#\/schema\/person\/image\/","url":"https:\/\/secure.gravatar.com\/avatar\/42263f39aa27ac04c43cab85c280eb2e?s=96&d=mm&r=pg","contentUrl":"https:\/\/secure.gravatar.com\/avatar\/42263f39aa27ac04c43cab85c280eb2e?s=96&d=mm&r=pg","caption":"Kul"},"logo":{"@id":"https:\/\/sandzakpress.net\/arhiva\/#\/schema\/person\/image\/"}},{"@type":"Person","@id":"https:\/\/sandzakpress.net\/arhiva\/#\/schema\/person\/c8baee722073534b583ea7bdb2e36c02","name":"bosniak","image":{"@type":"ImageObject","inLanguage":"bs-BA","@id":"https:\/\/sandzakpress.net\/arhiva\/#\/schema\/person\/image\/","url":"https:\/\/secure.gravatar.com\/avatar\/a04fd330bfe3a36a72a0ad4a6d89fca7?s=96&d=mm&r=pg","contentUrl":"https:\/\/secure.gravatar.com\/avatar\/a04fd330bfe3a36a72a0ad4a6d89fca7?s=96&d=mm&r=pg","caption":"bosniak"},"url":"https:\/\/sandzakpress.net\/arhiva\/author\/bosniak\/"}]}},"_links":{"self":[{"href":"https:\/\/sandzakpress.net\/arhiva\/wp-json\/wp\/v2\/posts\/104265"}],"collection":[{"href":"https:\/\/sandzakpress.net\/arhiva\/wp-json\/wp\/v2\/posts"}],"about":[{"href":"https:\/\/sandzakpress.net\/arhiva\/wp-json\/wp\/v2\/types\/post"}],"author":[{"embeddable":true,"href":"https:\/\/sandzakpress.net\/arhiva\/wp-json\/wp\/v2\/users\/83"}],"replies":[{"embeddable":true,"href":"https:\/\/sandzakpress.net\/arhiva\/wp-json\/wp\/v2\/comments?post=104265"}],"version-history":[{"count":0,"href":"https:\/\/sandzakpress.net\/arhiva\/wp-json\/wp\/v2\/posts\/104265\/revisions"}],"wp:featuredmedia":[{"embeddable":true,"href":"https:\/\/sandzakpress.net\/arhiva\/wp-json\/wp\/v2\/media\/104266"}],"wp:attachment":[{"href":"https:\/\/sandzakpress.net\/arhiva\/wp-json\/wp\/v2\/media?parent=104265"}],"wp:term":[{"taxonomy":"category","embeddable":true,"href":"https:\/\/sandzakpress.net\/arhiva\/wp-json\/wp\/v2\/categories?post=104265"},{"taxonomy":"post_tag","embeddable":true,"href":"https:\/\/sandzakpress.net\/arhiva\/wp-json\/wp\/v2\/tags?post=104265"}],"curies":[{"name":"wp","href":"https:\/\/api.w.org\/{rel}","templated":true}]}}