{"id":104110,"date":"2014-04-06T13:24:10","date_gmt":"2014-04-06T11:24:10","guid":{"rendered":"https:\/\/sandzakpress.net\/arhiva\/?p=104110"},"modified":"2014-04-06T13:24:10","modified_gmt":"2014-04-06T11:24:10","slug":"cije-je-beransko-smece","status":"publish","type":"post","link":"https:\/\/sandzakpress.net\/arhiva\/cije-je-beransko-smece\/","title":{"rendered":"\u010cije je beransko sme\u0107e?"},"content":{"rendered":"<figure id=\"attachment_104111\" aria-describedby=\"caption-attachment-104111\" style=\"width: 300px\" class=\"wp-caption alignleft\"><img loading=\"lazy\" decoding=\"async\" class=\"size-medium wp-image-104111\" alt=\"Demir Hod\u017ei\u0107\" src=\"https:\/\/sandzakpress.net\/arhiva\/wp-content\/uploads\/2014\/04\/demir-hodzic-300x220.jpg\" width=\"300\" height=\"220\" \/><figcaption id=\"caption-attachment-104111\" class=\"wp-caption-text\">Demir Hod\u017ei\u0107<\/figcaption><\/figure>\n<p>Sigurno ste prije otvaranja ovog teksta primijetili \u010dudan naslov koji u sebi sadr\u017ei jedno \u010dudno pitanje. Ali ovih dana Ju\u017eni Sand\u017eak i Sjeveroisto\u010dni dio Crne Gore, preciznije dva lijepa grada u ovom dijelu Sand\u017eaka tj. Berane i Ro\u017eaje trese jedna \u010dudna groznica \u010dudnih pitanja koja imaju jasne odgovore ali opet gle \u010duda bivaju \u010dudna pitanja.<!--more--><\/p>\n<p><span style=\"font-size: 14px; line-height: 1.5em;\">Naime \u010dudna groznica \u010dudnih pitanja je samo uvod u jednu svima nama dobro poznatu groznicu koja naj\u010des\u0107e dolazi nekako s prolje\u0107a a to je ona samo periodi\u010dno jaka groznica zvana predizborna.<\/span><\/p>\n<p>Kao \u0161to svi dobro znamo rijetko ko je imun na napade predizborne groznice koja polahko zahvata sve djelove dru\u0161tva ekolo\u0161ke dr\u017eave Crne Gore. Zar je Crna Gora EKOLO\u0160KA dr\u017eava? Tako su nas makar u\u010dili u osnovnoj \u0161koli od mladjahnih dana. A Crna Gora je pretpostavljamo i gra\u0111anska? Opet \u010dudna pitanja. \u0160to se toga ti\u010de da je Crna Gora gra\u0111anska dr\u017eava dilema je davno otklonjena, pa naravno da Crna Gora nije gra\u0111anska dr\u017eava. Tome da Crna Gora nije gra\u0111anska ide vi\u0161e dokaza u prilog a njenom negra\u0111anskom karakteru je najvi\u0161e doprinijela aktuelna zlo\u010dinacko-kriminalizirana despotska vlast. Kriminalizirana, jer je po svim \u0161avovima jede korupcija, privredni kriminal, nepotizam,cvjetanje narko kartela, nerasvijetljena ubistva novinara i konstantni napadi na novinarsku profesiju. Zlo\u010dina\u010dka, jer su neke poluge ove vlasti i danas aktivne u sakrivanju i nerasvjetljavanju zlo\u010dina nad Bo\u0161njacima i Albancima tokom devedestih i naravno despotska jer se ova sprega zlo\u010dina i kriminala odr\u017eava ve\u0107 du\u017ei niz godina pod patronatom glavnog despota \u0161efa svih \u0161efova iz Podgorice.<\/p>\n<p>Ovih dana se rje\u0161ava i jo\u0161 jedna dilema a to je ono \u0161to su nas u\u010dili u osnovnoj \u0161koli da je Crna Gora ekolo\u0161ka dr\u017eava, a znamo da nije jer ovih dana kao pe\u010durke poslije ki\u0161e ni\u010du nove deponije bez adekvtnih ekolo\u0161kih standarda i savremenih metoda recikla\u017ee i monitoringa. Mnogo toga pogre\u0161nog su nas u\u010dili u \u0161koli, npr. iz historije da su Turci, Osmanlije na\u0161i vjekovni du\u0161mani i mi to znamo da nije ta\u010dno, ali i iz biologije nas nau\u010di\u0161e da je Crna Gora ekolo\u0161ka dr\u017eava pa i to bje\u0161e pogre\u0161no. E sad kakve veze ima historija i ekologija? Jo\u0161 jedno \u010dudno pitanje! Historija je dru\u0161tvena nauka, a ekologija grana biologije prirodne nauke, ali u slu\u010daju Berana i Ro\u017eaja i aktuelne dileme i \u010dudnog pitanja iz naslova veza izmedju historije i ekologije je vi\u0161e nego o\u010dita.<\/p>\n<p>Opet \u0107u vas malo povesti kroz vremeplov mojih dana iz djetinjstva kad sam po neasfaltiranim ro\u017eajskim sokacima i\u0161ao u \u0161kolu a i do Doma zdravlja na uobi\u010dajene dje\u010dije kontrolne preglede znalo se de\u0161avati da ro\u017eajska djeca \u010dekaju satima u hodnicima oronulog Doma zdravlja po nekog doktora iz Berana koji je po obi\u010daju kasnio navodno zbog lo\u0161ih uslova na putu, nekad bi i ostali bez pregleda i vra\u0107ali se ku\u0107i onako poletno radosno \u0161to nas doktor iz Berana nije pregledao.Uzgred napomena skoro je ovaj ro\u017eajski DOM ZDRAVLJA renoviran najvi\u0161e od sredstava \u0161ta mislite koga, od sredstava onih na\u0161ih vjekovnih du\u0161mana Turaka kako su nas pogre\u0161no u\u010dili u \u0161koli, a po predavanju takve pogre\u0161ne historije su se posebno isticali nastavnici iz Berana.<\/p>\n<p>Pored lo\u0161e zdravstvene usluge koja je kao po nekom nepisanom pravilu morala biti ovjerevana od doktora iz Berana pa makar i za malo ve\u0107u posjekotinu jer po nepisanom nebuloznom pravilu Ro\u017eajci nisu mogli biti dobri doktori ve\u0107 smo morali da \u010dekamo beranske, a nekad i da otputujemo u samo Berane radi zdravstvenih usluga.<\/p>\n<p>Ro\u017eaje nije moglo imati ni svoje \u0161efove policije. Npr, malo stariji od mene se sje\u0107aju da su u globali na\u010delnici policije u Ro\u017eajama bili Beranci, ova praksa se u zadnje vrijeme po\u010dela mijenjati ali samo onako kao na\u0161minkana promjena. \u010cUDNO!!! Zar ovakav na\u010din tretiranja nije preslikan po istom scenariju kao recimo u Sjevernom Sand\u017eaku gdje u Novom Pazaru, pored vi\u010dnih i sposobnih ljudi iz Novog Pazara, klju\u010dne pozicije u policiji recimo pripadaju stanovnicima grada Ra\u0161ke. Ranije je i gimnazija u Ro\u017eajama bila samo jedno istureno odjeljenje beranske Gimnazije.<\/p>\n<p>Sve ove kombinatorike su bile pravdane stereotipnim i providnim navodima kako je Ro\u017eaje manji grad i da nema potencijala za razvoj kao susjedno Berane jer Berane ima \u010dak i aerodrom a zamislite ko \u0107e ga renovirati??? Opet oni na\u0161i vjekovni du\u0161mani Turci kako su nas pogre\u0161no u\u010dili u \u0161kolama. \u010cak su se u bli\u017eoj historiji neki djelovi op\u0161tine Ro\u017eaje onako po nekoj vrsti katasterske agresije kontinuirano pripajali op\u0161tini Berane a da ne govorimo o ogromnom \u0161umskom bogatstvu Ro\u017eaja koje je onako zulum\u0107arski pokradeno \u0161to kroz pritske beranskih doktora, policajaca, profesora koji su obna\u0161ali javne funkcije u Ro\u017eajama, \u0161to kroz vazalski odnos doma\u0107ih ro\u017eajskih vlastodr\u017eaca koji su radi toga da im se dijete mo\u017ee dobro pregledati kod beranskog doktora ili da se ne kazni kod beranskog \u0161efa policajca zbog nekih nezakonitih radnji ili da bi dobro pro\u0161lo u beranskoj gimnaziji isturenog odjeljenja u Ro\u017eajama, poklanjali bez trunke otpora prirodna bogatstva op\u0161tine Ro\u017eaje op\u0161tini Berane.<\/p>\n<p>Ovakav apsurdni ljubavni odnos je bio dugo prisutan u me\u0111usobnim relacijama ove dvije op\u0161tine sa povremenim i mjestimi\u010dnim zahla\u0111enjima usljed predizbornih i izbornih groznica a poslije izbora bi do\u0161lo do dubokog sna kojem bi i medvjed sa planine Turjaka pozavidio. A iz toga sna bi naj\u010de\u0161\u0107e stanovnici Ro\u017eaja izvukli deblji kraj. Kad ono desi se \u010dudo.Vi\u0111i vraga postade op\u0161tina Petnjica! A nije vi\u0111i vraga, nego ma \u0161a Allah zbog toga. Ali nekom svane a nekom omrkne, rasu\u0161e se glasovi aktuelne kriminalizirane vlasti i \u0161ef svih \u0161efova izgubi vlast u Beranama. Nema vi\u0161e kao hladne vode lijepih bo\u0161nja\u010dkih glasova iz Bihora da nadomjeste DPS gubitak u lokalnoj samoupravi op\u0161tine Berane. Na vlast do\u0111e gle li \u010duda ZDRAVO BERANE.<\/p>\n<p>Taman kad se \u010dovjek ponadao da \u0107e ZDRAVO BERANE okrenuti le\u0111a lo\u0161oj politici DPS vlasti prema samim Berancima kao i prema susjednim Ro\u017eajcima, ne desi se ni\u0161ta novo ve\u0107 ZDRAVO BERANE za jednu od svojih prvih op\u0161tinskih reformi odlu\u010di da prenese bolest na, i onako siroma\u0161no, nerazvijeno Ro\u017eaje, donose\u0107i odluku da se svo sme\u0107e iz grada Berana prebaci na teritoriju koja je tik blizu do Ro\u017eaja, a koja je u bliskoj historiji bila sastavni dio op\u0161tine Ro\u017eaje ali je katastarskom agresijom predana Beranama. ETO VEZE IZME\u0110U EKOLOGIJE I HISTORIJE, \u0161to zna\u010di da je u op\u0161tini Berane samo do\u0161lo do \u0161minkerskih promjena, \u0161to bi rekao narod &#8220;sja\u0161i Kurta da uzja\u0161e Murta&#8221;.<\/p>\n<p>Kad ubrzo zatim, usljed predizborne groznice, poraste temperatura u Ro\u017eajama. Lokalni \u0161ef Rozaja odmah zove \u0161efa svih \u0161efova u Podgorici i ka\u017ee: \u201d\u0160ta je ovo \u0161efe, zatrpa\u0107e nas deponijom iz Berana, \u0161ta da radim reci mi?\u201d a \u0161ef svih \u0161efova mu odgovara: \u201dNe znam \u0161ta da ti ka\u017eem, ovi na\u0161i vi\u0161e nisu vlast u Beranama, ode na\u0161 Vuka, ode i deponija.\u201d. Lokalni \u0161ef \u0107e na to: \u201d\u0160efe, mi iz DPS-a izgubi\u0107emo vlast i u Ro\u017eajama ako se to dozvoli. Narod je bijesan ne\u0107e beransku deponiju blizu Ro\u017eaja, evo ve\u0107 u selu Kala\u010dima nadomak deponije narod se di\u017ee, \u0161efe, mje\u0161tani ovog sela ka\u017eu da ne \u017eele sme\u0107e iz Berana, uostalom moj braco u Domu zdravlja ima puno posla oko raznih bole\u0161\u010dura sa pacijentima, a ti zna\u0161 kako je to kad ti je braco plaho zauzet, zna\u0161 po tvome bracu i sestrici pa i ti o njima brine\u0161\u201d. Kad u sred razgovora kao nepozvan a itekako pozvan uklju\u010di se potpredsjednik \u0161efove vlade, nekada\u0161nji ministar bez portfelja u \u0161efovoj vladi: \u201dHaloo \u0161efe, mogu ve\u0107 da pretpostavim da \u0107e smrad iz te deponije da se \u010duje do Pau\u010dine, preuzmite ne\u0161to jer evo u Pau\u010dini narod razmi\u0161lja da glasa BDZ , a to nije dobro ni za na\u0161 lokalni, ni za na\u0161 republi\u010dki lopovluk, pa vidite kako \u0107ete\u201d. \u0160ef iz Podgorice: \u201dMomci zauzet sam ovih dana oko \u0161teka cigareta, nemojte mi zamjerit, ako bude trebalo ja \u0107u do\u0107i da presje\u010dem sve\u010dano tu crvenu vrpcu kad se bude otvarala ta deponija blizu Ro\u017eaja\u201d. Lokalni \u0161ef Ro\u017eaja: \u201d\u0160efe, ne\u0107e imati ko da do\u0111e na otvaranje, bi\u0107emo sami ti i ja i crveni tepih i uprlja\u0107emo i cipele i tepih od sme\u0107a, a svakako prljamo cipele jer nismo stigli da asfaltiramo sve ulice\u201d. A \u0161efov potpresjednik vlade se javlja\u2026<\/p>\n<p>\u201d\u0160efe trebamo izvu\u0107i pouke iz Berana, ti zna\u0161 da je Njego\u0161 \u017eiv da bi on o nama Bo\u0161njacima lijepo govorio, ne sjekiraj se ti za neasfaltirane ulice mi \u0107emo ih asfaltirat, evo ovi tvoji nisu \u010dak ni moju ulicu asfaltirali toliko godina, zamisli \u0161efe ulicu potpresjednika tvoje vlade nisu asfaltirali, pa oni ne mogu tebe vi\u0161e da predstavljaju u Ro\u017eajama, mo\u017eemo li mi da preuzmemo \u0161tafetu vlasti\u201d. \u0160ef iz Podgorice zaklju\u010duje: \u201dSokolovi moji, \u0161to da vam re\u010dem, evo zove me Ketrin, valjda pado\u0161e neki momci zbog \u0161teka cigareta, a zove me i da pri\u010damo o teroru nad novinarima i za ugro\u017eavanje slobode medija, a tako\u0111er o\u010dekujem poziv iz Haga, nemam vi\u0161e vremena za vas, samo da vam ka\u017eem, gledajte da ovi muftijini ne do\u0111u na vlast, u tom slu\u010daju \u0107u morat da ispo\u0161tujem onaj sporazum \u0161to sam ga potpisao o prekograni\u010dnoj regiji Sand\u017eak, a muftija je \u201cradikalan\u201d jer me stalno podsje\u0107a da izvr\u0161im preuzete obaveze\u201d.<\/p>\n<p>Lokalni \u0161ef Ro\u017eaja: \u201d\u0160efe nemoj spu\u0161tat slus\u0161alicu, samo da ti ka\u017eem da sam ja me\u0111u prvima potpisao peticiju da narod vidi da smo protiv deponije. Ako Ro\u017eaje bude zaga\u0111eno od sme\u0107a nije problem imam ja stan i u Baru pa mo\u017eemo sara\u0111ivat, halo \u0161efe halo \u0161efe, evo spusti mi slu\u0161alicu hmhm\u201d. Potpredsjednik \u0161efove vlade se javlja :\u201dAda \u0161efe ne boj se ti za muftijine oni i mene stalno podsje\u0107aju da nisam ispo\u0161tovao taj sporazum o prekograni\u010dnoj regiji Sand\u017eak, ali ako mi do\u0111emo na vlast u Ro\u017eaje mi \u0107emo zaboravit da smo uop\u0161te potpisivali taj sporazum, samo ti pomogni nama da do\u0111emo na vlast u Ro\u017eaje. Ne\u0107e nama Ro\u017eajcima biti problem i da pocrkamo samo prihvati nas da budemo na vlasti na lokalnom nivou u Ro\u017eajama, mi smo ionako u koaliciji na republi\u010dkom nivou, halo, halo \u0161efe, halo \u0161efe hmhmh. I meni spusti slusalicu hmhmhmh\u201d.<\/p>\n<p>Iz ovakve karikirane konverzacije, ali slozi\u0107ete se, konverzacije koja nije daleko od stvarnosti se lahko mo\u017ee zakljuciti da lokalnim vlastodr\u017ecima iz Ro\u017eaja nije stalo do zdravlja gra\u0111ana u Ro\u017eajama ve\u0107 samo kako \u0107e u predizbornoj groznici pokupiti \u0161to vi\u0161e kajmaka i poena utrkuju\u0107i se ko \u0107e vi\u0161e obmanuti gra\u0111ane i ne brinu\u0107i za zdravlje i mje\u0161tana sela Kala\u010de i mje\u0161tana sela Pau\u010dina i ostalih sela u Ro\u017eajskoj op\u0161tini koja su opusto\u0161ena raznim kriminalnim privatizacijama a potencijali tih sela uni\u0161teni i potpuno neiskori\u0161\u0107eni.<\/p>\n<p>Lokalni politicari u Ro\u017eajama, i oni koji su iz Ro\u017eaja a sjede u Vladi Crne Gore, zaboravljaju da je lokalna uprava u Beranama rije\u0161ena da ispuni predizborno obe\u0107anje svojim sugra\u0111anima da napravi ZDRAVO BERANE \u0161to je i bio njihov predizborni slogan. Dodu\u0161e ta namjera je vrlo podla jer \u0107e se po cijenu ZDRAVOG BERANA napraviti BOLESNO RO\u017dAJE, ali je ta namjera lokalne uprave Berane i legitimna jer oni ka\u017eu da istovaraju sme\u0107e na teritoriji op\u0161tine Berane pa koliko god lokalni politi\u010dari Ro\u017eaja, \u010dast izuzecima, skakali u mjesto i prenemagali se zbog toga.<\/p>\n<p>U pitanju deponije se mo\u017ee primijetiti jo\u0161 jedna tendencija glavnih vlastodr\u017eaca iz Podgorice da \u0107e stati uz onu lokalnu samoupravu koja je po njihovim ar\u0161inima, a da \u0107e se dr\u017eat po strani ako dodje do promjene vlasti u Ro\u017eajama, zato ovih dana imamo samo \u0161tura saop\u0161tenja koja nikog ne obavezuju da se Vlada protivi deponiji, ali zanimljivo, to protivljenje nije izvr\u0161nog karaktera ve\u0107 samo na jeziku, a daje vjetar u le\u0111a aktuelnoj vlasti u Ro\u017eajama pred lokalane izbore. Ovim se jo\u0161 jednom primjenjuje politika dvostrukih ar\u0161ina prema Ro\u017eajcima jer su oni ve\u0107inski Bo\u0161njaci, a iako prema Berancima nema restrikcionih mjera jer oni nisu ve\u0107inski Bo\u0161njaci, pa \u010dak nema ni restrikcionih mjera kad u Beranama nije vlast po volji Podgorice.<\/p>\n<p>Iz svega navedenog se izvla\u010di jos jedan paradoksalan zaklju\u010dak koliko je sme\u0107e skupo kad je u pitanju predizborna kampanja, a posebno je sme\u0107e skupo kada se treba premjestiti u onaj dio beranske avlije koji je najbli\u017ei Bo\u0161njacima. Ovo je \u0161amar u lice svim lokalnim Ro\u017eajskim politikama koje su u prethodnom periodu svojom pasivno\u0161\u0107u Ro\u017eaje dovele do grana jada i \u010demera, da je samo dobro Ro\u017eaje ono Ro\u017eaje u kojem se nalazi ekolo\u0161ka bomba u vidu deponije.<\/p>\n<p>Nadamo se da \u0107e lokalni politi\u010dari Ro\u017eaja shvatit hitnost trenutka i sjesti zajedno, bez obzira na politi\u010dke razlike, da se rije\u0161i ovo pitanje. To je bolje po njih nego \u0161to se sa \u0161efom iz Podgorice igraju gluhih telefona i beskrupulozno bore za vlast, tako \u0161to aktuelnu situaciju oko deponije \u017eele iskoristiti koji \u0107e se vi\u0161e dodvoriti \u0161efu da bi mu \u0161ef dao \u0161tafetnu palicu upravljanja Ro\u017eajama.<\/p>\n<p>Ako lokalni politi\u010dari iz prethodne telefonske \u017ealopojke ne budu shvatili kakve sve posljedice na zdravlje gra\u0111ana Ro\u017eaja mo\u017ee imati deponija, onda su gra\u0111ani Ro\u017eaja na potezu, jer u Ro\u017eajama jos \u017eivi duh gazije Mula Jakupa ef Kardovi\u0107a, kao uzor kako se treba boriti za svoj grad, \u0161to zna\u010di da od budu\u0107e vlasti u Ro\u017eajama zavisi ho\u0107e li Ro\u017eaje biti ZDRAVO RO\u017dAJE ILI BOLESNO RO\u017dAJE.<\/p>\n<p>Rje\u0161enje je u dva poteza. Prvi potez da gra\u0111ani Ro\u017eaja razmisle o tome da ve\u0107ina njih nema rezervne stanove po Podgorici i Baru, zato na izborima krajem maja po\u0161aljite na politi\u010dko smetli\u0161te sve one politike bez izuzetka, koje svojom pasivno\u0161\u0107u ovaj grad, dragulj Sand\u017eaka i Crne Gore, \u017eele pretvoriti u smetli\u0161te. Ovaj narod ima alternativu i nadu, a to je u po\u0161tenim, sposobnim, mladim politi\u010darima koji su razvili bajrak slobode osnivanjem BDZ-a. Drugi potez je poruka ponosnim Berancima da nije poenta u tome da o\u010distite sme\u0107e i da ga bacite pored ograde ili preko ograde va\u0161eg kom\u0161ije ve\u0107 da zajedno sa svojim kom\u0161ijama Ro\u017eajcima, Bihorcima, Andrijev\u010danima, Plavljanima, Gusinjanima dogovorite gdje je najbolje napraviti savremenim metodama recikla\u017ee i monitoringa osmi\u0161ljenu deponiju koja ne\u0107e ugro\u017eavati ni\u010dije zdravlje, a mo\u017eda tada Crna Gora bude i su\u0161tinski ekolo\u0161ka dr\u017eava, a ne samo na papiru kao \u0161to je to sada. Nakon ova dva poteza \u0107emo i dobiti odgovor na pitanje \u010dije je beransko sme\u0107e.<\/p>\n<p>Demir Hod\u017ei\u0107, potpredsjednik BDZ-a<br \/>\nwww.bdzajednica.me<\/p>\n","protected":false},"excerpt":{"rendered":"<p>Demir Hod\u017ei\u0107<\/p>\n","protected":false},"author":83,"featured_media":104112,"comment_status":"open","ping_status":"open","sticky":false,"template":"","format":"standard","meta":{"footnotes":""},"categories":[10196],"tags":[10459],"class_list":{"0":"post-104110","1":"post","2":"type-post","3":"status-publish","4":"format-standard","5":"has-post-thumbnail","7":"category-iz-pera-nasih-autora","8":"tag-demir-hodzic"},"yoast_head":"<!-- This site is optimized with the Yoast SEO Premium plugin v23.1 (Yoast SEO v24.9) - https:\/\/yoast.com\/wordpress\/plugins\/seo\/ -->\n<title>\u010cije je beransko sme\u0107e?<\/title>\n<meta name=\"robots\" content=\"index, follow, max-snippet:-1, max-image-preview:large, max-video-preview:-1\" \/>\n<link rel=\"canonical\" href=\"https:\/\/sandzakpress.net\/arhiva\/cije-je-beransko-smece\/\" \/>\n<meta property=\"og:locale\" content=\"bs_BA\" \/>\n<meta property=\"og:type\" content=\"article\" \/>\n<meta property=\"og:title\" content=\"\u010cije je beransko sme\u0107e?\" \/>\n<meta property=\"og:description\" content=\"Demir Hod\u017ei\u0107\" \/>\n<meta property=\"og:url\" content=\"https:\/\/sandzakpress.net\/arhiva\/cije-je-beransko-smece\/\" \/>\n<meta property=\"og:site_name\" content=\"Sand\u017eak PRESS\" \/>\n<meta property=\"article:published_time\" content=\"2014-04-06T11:24:10+00:00\" \/>\n<meta property=\"og:image\" content=\"https:\/\/sandzakpress.net\/arhiva\/wp-content\/uploads\/2014\/04\/demir-hodzic-300x2201.jpg\" \/>\n\t<meta property=\"og:image:width\" content=\"300\" \/>\n\t<meta property=\"og:image:height\" content=\"220\" \/>\n\t<meta property=\"og:image:type\" content=\"image\/jpeg\" \/>\n<meta name=\"author\" content=\"bosniak\" \/>\n<meta name=\"twitter:card\" content=\"summary_large_image\" \/>\n<meta name=\"twitter:label1\" content=\"Written by\" \/>\n\t<meta name=\"twitter:data1\" content=\"bosniak\" \/>\n\t<meta name=\"twitter:label2\" content=\"Est. reading time\" \/>\n\t<meta name=\"twitter:data2\" content=\"13 minuta\" \/>\n<script type=\"application\/ld+json\" class=\"yoast-schema-graph\">{\"@context\":\"https:\/\/schema.org\",\"@graph\":[{\"@type\":\"Article\",\"@id\":\"https:\/\/sandzakpress.net\/arhiva\/cije-je-beransko-smece\/#article\",\"isPartOf\":{\"@id\":\"https:\/\/sandzakpress.net\/arhiva\/cije-je-beransko-smece\/\"},\"author\":{\"name\":\"bosniak\",\"@id\":\"https:\/\/sandzakpress.net\/arhiva\/#\/schema\/person\/c8baee722073534b583ea7bdb2e36c02\"},\"headline\":\"\u010cije je beransko sme\u0107e?\",\"datePublished\":\"2014-04-06T11:24:10+00:00\",\"mainEntityOfPage\":{\"@id\":\"https:\/\/sandzakpress.net\/arhiva\/cije-je-beransko-smece\/\"},\"wordCount\":2633,\"commentCount\":5,\"publisher\":{\"@id\":\"https:\/\/sandzakpress.net\/arhiva\/#\/schema\/person\/6e72b67d6e51910a1117b3b483ba20bd\"},\"image\":{\"@id\":\"https:\/\/sandzakpress.net\/arhiva\/cije-je-beransko-smece\/#primaryimage\"},\"thumbnailUrl\":\"https:\/\/sandzakpress.net\/arhiva\/wp-content\/uploads\/2014\/04\/demir-hodzic-300x2201.jpg\",\"keywords\":[\"Demir Hod\u017ei\u0107\"],\"articleSection\":[\"Iz pera na\u0161ih autora\"],\"inLanguage\":\"bs-BA\",\"potentialAction\":[{\"@type\":\"CommentAction\",\"name\":\"Comment\",\"target\":[\"https:\/\/sandzakpress.net\/arhiva\/cije-je-beransko-smece\/#respond\"]}]},{\"@type\":\"WebPage\",\"@id\":\"https:\/\/sandzakpress.net\/arhiva\/cije-je-beransko-smece\/\",\"url\":\"https:\/\/sandzakpress.net\/arhiva\/cije-je-beransko-smece\/\",\"name\":\"\u010cije je beransko sme\u0107e?\",\"isPartOf\":{\"@id\":\"https:\/\/sandzakpress.net\/arhiva\/#website\"},\"primaryImageOfPage\":{\"@id\":\"https:\/\/sandzakpress.net\/arhiva\/cije-je-beransko-smece\/#primaryimage\"},\"image\":{\"@id\":\"https:\/\/sandzakpress.net\/arhiva\/cije-je-beransko-smece\/#primaryimage\"},\"thumbnailUrl\":\"https:\/\/sandzakpress.net\/arhiva\/wp-content\/uploads\/2014\/04\/demir-hodzic-300x2201.jpg\",\"datePublished\":\"2014-04-06T11:24:10+00:00\",\"breadcrumb\":{\"@id\":\"https:\/\/sandzakpress.net\/arhiva\/cije-je-beransko-smece\/#breadcrumb\"},\"inLanguage\":\"bs-BA\",\"potentialAction\":[{\"@type\":\"ReadAction\",\"target\":[\"https:\/\/sandzakpress.net\/arhiva\/cije-je-beransko-smece\/\"]}]},{\"@type\":\"ImageObject\",\"inLanguage\":\"bs-BA\",\"@id\":\"https:\/\/sandzakpress.net\/arhiva\/cije-je-beransko-smece\/#primaryimage\",\"url\":\"https:\/\/sandzakpress.net\/arhiva\/wp-content\/uploads\/2014\/04\/demir-hodzic-300x2201.jpg\",\"contentUrl\":\"https:\/\/sandzakpress.net\/arhiva\/wp-content\/uploads\/2014\/04\/demir-hodzic-300x2201.jpg\",\"width\":300,\"height\":220},{\"@type\":\"BreadcrumbList\",\"@id\":\"https:\/\/sandzakpress.net\/arhiva\/cije-je-beransko-smece\/#breadcrumb\",\"itemListElement\":[{\"@type\":\"ListItem\",\"position\":1,\"name\":\"Home\",\"item\":\"https:\/\/sandzakpress.net\/arhiva\/\"},{\"@type\":\"ListItem\",\"position\":2,\"name\":\"\u010cije je beransko sme\u0107e?\"}]},{\"@type\":\"WebSite\",\"@id\":\"https:\/\/sandzakpress.net\/arhiva\/#website\",\"url\":\"https:\/\/sandzakpress.net\/arhiva\/\",\"name\":\"Sand\u017eak PRESS\",\"description\":\"Prve elektronske novine u Sand\u017eaku\",\"publisher\":{\"@id\":\"https:\/\/sandzakpress.net\/arhiva\/#\/schema\/person\/6e72b67d6e51910a1117b3b483ba20bd\"},\"potentialAction\":[{\"@type\":\"SearchAction\",\"target\":{\"@type\":\"EntryPoint\",\"urlTemplate\":\"https:\/\/sandzakpress.net\/arhiva\/?s={search_term_string}\"},\"query-input\":{\"@type\":\"PropertyValueSpecification\",\"valueRequired\":true,\"valueName\":\"search_term_string\"}}],\"inLanguage\":\"bs-BA\"},{\"@type\":[\"Person\",\"Organization\"],\"@id\":\"https:\/\/sandzakpress.net\/arhiva\/#\/schema\/person\/6e72b67d6e51910a1117b3b483ba20bd\",\"name\":\"Kul\",\"image\":{\"@type\":\"ImageObject\",\"inLanguage\":\"bs-BA\",\"@id\":\"https:\/\/sandzakpress.net\/arhiva\/#\/schema\/person\/image\/\",\"url\":\"https:\/\/secure.gravatar.com\/avatar\/42263f39aa27ac04c43cab85c280eb2e?s=96&d=mm&r=pg\",\"contentUrl\":\"https:\/\/secure.gravatar.com\/avatar\/42263f39aa27ac04c43cab85c280eb2e?s=96&d=mm&r=pg\",\"caption\":\"Kul\"},\"logo\":{\"@id\":\"https:\/\/sandzakpress.net\/arhiva\/#\/schema\/person\/image\/\"}},{\"@type\":\"Person\",\"@id\":\"https:\/\/sandzakpress.net\/arhiva\/#\/schema\/person\/c8baee722073534b583ea7bdb2e36c02\",\"name\":\"bosniak\",\"image\":{\"@type\":\"ImageObject\",\"inLanguage\":\"bs-BA\",\"@id\":\"https:\/\/sandzakpress.net\/arhiva\/#\/schema\/person\/image\/\",\"url\":\"https:\/\/secure.gravatar.com\/avatar\/a04fd330bfe3a36a72a0ad4a6d89fca7?s=96&d=mm&r=pg\",\"contentUrl\":\"https:\/\/secure.gravatar.com\/avatar\/a04fd330bfe3a36a72a0ad4a6d89fca7?s=96&d=mm&r=pg\",\"caption\":\"bosniak\"},\"url\":\"https:\/\/sandzakpress.net\/arhiva\/author\/bosniak\/\"}]}<\/script>\n<!-- \/ Yoast SEO Premium plugin. -->","yoast_head_json":{"title":"\u010cije je beransko sme\u0107e?","robots":{"index":"index","follow":"follow","max-snippet":"max-snippet:-1","max-image-preview":"max-image-preview:large","max-video-preview":"max-video-preview:-1"},"canonical":"https:\/\/sandzakpress.net\/arhiva\/cije-je-beransko-smece\/","og_locale":"bs_BA","og_type":"article","og_title":"\u010cije je beransko sme\u0107e?","og_description":"Demir Hod\u017ei\u0107","og_url":"https:\/\/sandzakpress.net\/arhiva\/cije-je-beransko-smece\/","og_site_name":"Sand\u017eak PRESS","article_published_time":"2014-04-06T11:24:10+00:00","og_image":[{"width":300,"height":220,"url":"https:\/\/sandzakpress.net\/arhiva\/wp-content\/uploads\/2014\/04\/demir-hodzic-300x2201.jpg","type":"image\/jpeg"}],"author":"bosniak","twitter_card":"summary_large_image","twitter_misc":{"Written by":"bosniak","Est. reading time":"13 minuta"},"schema":{"@context":"https:\/\/schema.org","@graph":[{"@type":"Article","@id":"https:\/\/sandzakpress.net\/arhiva\/cije-je-beransko-smece\/#article","isPartOf":{"@id":"https:\/\/sandzakpress.net\/arhiva\/cije-je-beransko-smece\/"},"author":{"name":"bosniak","@id":"https:\/\/sandzakpress.net\/arhiva\/#\/schema\/person\/c8baee722073534b583ea7bdb2e36c02"},"headline":"\u010cije je beransko sme\u0107e?","datePublished":"2014-04-06T11:24:10+00:00","mainEntityOfPage":{"@id":"https:\/\/sandzakpress.net\/arhiva\/cije-je-beransko-smece\/"},"wordCount":2633,"commentCount":5,"publisher":{"@id":"https:\/\/sandzakpress.net\/arhiva\/#\/schema\/person\/6e72b67d6e51910a1117b3b483ba20bd"},"image":{"@id":"https:\/\/sandzakpress.net\/arhiva\/cije-je-beransko-smece\/#primaryimage"},"thumbnailUrl":"https:\/\/sandzakpress.net\/arhiva\/wp-content\/uploads\/2014\/04\/demir-hodzic-300x2201.jpg","keywords":["Demir Hod\u017ei\u0107"],"articleSection":["Iz pera na\u0161ih autora"],"inLanguage":"bs-BA","potentialAction":[{"@type":"CommentAction","name":"Comment","target":["https:\/\/sandzakpress.net\/arhiva\/cije-je-beransko-smece\/#respond"]}]},{"@type":"WebPage","@id":"https:\/\/sandzakpress.net\/arhiva\/cije-je-beransko-smece\/","url":"https:\/\/sandzakpress.net\/arhiva\/cije-je-beransko-smece\/","name":"\u010cije je beransko sme\u0107e?","isPartOf":{"@id":"https:\/\/sandzakpress.net\/arhiva\/#website"},"primaryImageOfPage":{"@id":"https:\/\/sandzakpress.net\/arhiva\/cije-je-beransko-smece\/#primaryimage"},"image":{"@id":"https:\/\/sandzakpress.net\/arhiva\/cije-je-beransko-smece\/#primaryimage"},"thumbnailUrl":"https:\/\/sandzakpress.net\/arhiva\/wp-content\/uploads\/2014\/04\/demir-hodzic-300x2201.jpg","datePublished":"2014-04-06T11:24:10+00:00","breadcrumb":{"@id":"https:\/\/sandzakpress.net\/arhiva\/cije-je-beransko-smece\/#breadcrumb"},"inLanguage":"bs-BA","potentialAction":[{"@type":"ReadAction","target":["https:\/\/sandzakpress.net\/arhiva\/cije-je-beransko-smece\/"]}]},{"@type":"ImageObject","inLanguage":"bs-BA","@id":"https:\/\/sandzakpress.net\/arhiva\/cije-je-beransko-smece\/#primaryimage","url":"https:\/\/sandzakpress.net\/arhiva\/wp-content\/uploads\/2014\/04\/demir-hodzic-300x2201.jpg","contentUrl":"https:\/\/sandzakpress.net\/arhiva\/wp-content\/uploads\/2014\/04\/demir-hodzic-300x2201.jpg","width":300,"height":220},{"@type":"BreadcrumbList","@id":"https:\/\/sandzakpress.net\/arhiva\/cije-je-beransko-smece\/#breadcrumb","itemListElement":[{"@type":"ListItem","position":1,"name":"Home","item":"https:\/\/sandzakpress.net\/arhiva\/"},{"@type":"ListItem","position":2,"name":"\u010cije je beransko sme\u0107e?"}]},{"@type":"WebSite","@id":"https:\/\/sandzakpress.net\/arhiva\/#website","url":"https:\/\/sandzakpress.net\/arhiva\/","name":"Sand\u017eak PRESS","description":"Prve elektronske novine u Sand\u017eaku","publisher":{"@id":"https:\/\/sandzakpress.net\/arhiva\/#\/schema\/person\/6e72b67d6e51910a1117b3b483ba20bd"},"potentialAction":[{"@type":"SearchAction","target":{"@type":"EntryPoint","urlTemplate":"https:\/\/sandzakpress.net\/arhiva\/?s={search_term_string}"},"query-input":{"@type":"PropertyValueSpecification","valueRequired":true,"valueName":"search_term_string"}}],"inLanguage":"bs-BA"},{"@type":["Person","Organization"],"@id":"https:\/\/sandzakpress.net\/arhiva\/#\/schema\/person\/6e72b67d6e51910a1117b3b483ba20bd","name":"Kul","image":{"@type":"ImageObject","inLanguage":"bs-BA","@id":"https:\/\/sandzakpress.net\/arhiva\/#\/schema\/person\/image\/","url":"https:\/\/secure.gravatar.com\/avatar\/42263f39aa27ac04c43cab85c280eb2e?s=96&d=mm&r=pg","contentUrl":"https:\/\/secure.gravatar.com\/avatar\/42263f39aa27ac04c43cab85c280eb2e?s=96&d=mm&r=pg","caption":"Kul"},"logo":{"@id":"https:\/\/sandzakpress.net\/arhiva\/#\/schema\/person\/image\/"}},{"@type":"Person","@id":"https:\/\/sandzakpress.net\/arhiva\/#\/schema\/person\/c8baee722073534b583ea7bdb2e36c02","name":"bosniak","image":{"@type":"ImageObject","inLanguage":"bs-BA","@id":"https:\/\/sandzakpress.net\/arhiva\/#\/schema\/person\/image\/","url":"https:\/\/secure.gravatar.com\/avatar\/a04fd330bfe3a36a72a0ad4a6d89fca7?s=96&d=mm&r=pg","contentUrl":"https:\/\/secure.gravatar.com\/avatar\/a04fd330bfe3a36a72a0ad4a6d89fca7?s=96&d=mm&r=pg","caption":"bosniak"},"url":"https:\/\/sandzakpress.net\/arhiva\/author\/bosniak\/"}]}},"_links":{"self":[{"href":"https:\/\/sandzakpress.net\/arhiva\/wp-json\/wp\/v2\/posts\/104110"}],"collection":[{"href":"https:\/\/sandzakpress.net\/arhiva\/wp-json\/wp\/v2\/posts"}],"about":[{"href":"https:\/\/sandzakpress.net\/arhiva\/wp-json\/wp\/v2\/types\/post"}],"author":[{"embeddable":true,"href":"https:\/\/sandzakpress.net\/arhiva\/wp-json\/wp\/v2\/users\/83"}],"replies":[{"embeddable":true,"href":"https:\/\/sandzakpress.net\/arhiva\/wp-json\/wp\/v2\/comments?post=104110"}],"version-history":[{"count":0,"href":"https:\/\/sandzakpress.net\/arhiva\/wp-json\/wp\/v2\/posts\/104110\/revisions"}],"wp:featuredmedia":[{"embeddable":true,"href":"https:\/\/sandzakpress.net\/arhiva\/wp-json\/wp\/v2\/media\/104112"}],"wp:attachment":[{"href":"https:\/\/sandzakpress.net\/arhiva\/wp-json\/wp\/v2\/media?parent=104110"}],"wp:term":[{"taxonomy":"category","embeddable":true,"href":"https:\/\/sandzakpress.net\/arhiva\/wp-json\/wp\/v2\/categories?post=104110"},{"taxonomy":"post_tag","embeddable":true,"href":"https:\/\/sandzakpress.net\/arhiva\/wp-json\/wp\/v2\/tags?post=104110"}],"curies":[{"name":"wp","href":"https:\/\/api.w.org\/{rel}","templated":true}]}}