{"id":104106,"date":"2014-04-05T23:43:39","date_gmt":"2014-04-05T21:43:39","guid":{"rendered":"https:\/\/sandzakpress.net\/arhiva\/?p=104106"},"modified":"2014-04-05T23:43:39","modified_gmt":"2014-04-05T21:43:39","slug":"rozajci-protestvuju-berane-sprovodi-nasilje-nad-bosnjacima-rozaja","status":"publish","type":"post","link":"https:\/\/sandzakpress.net\/arhiva\/rozajci-protestvuju-berane-sprovodi-nasilje-nad-bosnjacima-rozaja\/","title":{"rendered":"Ro\u017eajci protestvuju: &#8216;Berane sprovodi nasilje nad Bo\u0161njacima Ro\u017eaja&#8217;"},"content":{"rendered":"<p><a style=\"line-height: 1.5em;\" title=\"Rozajcibarikada zps75122ac8\" href=\"http:\/\/sandzaklive.rs\/images\/Ostalo\/Rozajcibarikada_zps75122ac8.jpg\" target=\"_blank\" rel=\"lightbox[5375]\"><img loading=\"lazy\" decoding=\"async\" class=\"alignleft\" alt=\"Rozajcibarikada zps75122ac8\" src=\"http:\/\/sandzaklive.rs\/images\/thumbnails\/images\/Ostalo\/Rozajcibarikada_zps75122ac8-410x264.jpg\" width=\"410\" height=\"264\" \/><\/a><strong>Ro\u017eaje, Berane &#8211; Nakon \u0161to je beranski parlament usvojio Odluku da privremena deponija bude locirana u mjestu \u0160emovac na planini Cmiljevica, oko pedeset Ro\u017eajaca je odlu\u010dilo da no\u0107, u znak protesta, provede pored tunela Lokve u blizini mjesta na kojem je projektovana budu\u0107a deponija. Blokada je nastavljena i danas, kao i potpisivanje peticije. Kako je saop\u0161teno CdM-u do sada je peticiju potpisalo ve\u0107 2.000 Ro\u017eajaca.<\/strong><\/p>\n<p>Halil Marki\u0161i\u0107 iz NVO \u201cPriroda i ba\u0161tina\u201d iz Ro\u017eaja vjeruje da onaj koji je predlo\u017eio lokaciju za deponiju ne poznaje prostor i ne zna \u0161ta on zna\u010di za budu\u0107nost i Ro\u017eaja i Berana, posebno za razvoj turizma obje op\u0161tine.<\/p>\n<p>&nbsp;<\/p>\n<p>\u201cOdavno je poznata i u razvijenim dru\u0161tvima prihva\u0107ena \u010dinjenica da je o\u010duvanje biodiverziteta ne samo biolo\u0161ki neophodno, ve\u0107 je i ekonomska potreba, jer se u turizmu kvalitet ve\u0107 mjeri stepenom o\u010duvanja prirode. Prema Me\u0111unarodnoj organizaciji za ekonomski razvoj, glavni kapital turizma svake dru\u0161tvene zajednice je prirodna i kulturna ba\u0161tina. Formiranjem deponije komunalnog otpada na lokalitetu Lokve ugrozi\u0107e se vode, poljoprivredno zemlji\u0161te, \u0161umski ekosistemi, prirodne ljepote i neki neponovljivi rariteti (npr. ekosistem sremze i sive johe oko \u017dupanice, jedini u Crnoj Gori). Sa ugro\u017eavanjem prirode i kulturne ba\u0161tine, ro\u017eajski kraj ne\u0107e vi\u0161e predstavljati atraktivni i za turizam privla\u010dni cilj mnogih posjetioca, ugrozi\u0107e se osnova \u017eivota i preduslov privrednog i dru\u0161tvenog razvoja i opstanka naroda u njemu\u201c, kazao je Marki\u0161i\u0107.<\/p>\n<p>Ro\u017eajac Ibrahim Had\u017ei\u0107, knji\u017eevnik koji \u017eivi u Beogradu, ka\u017ee da se Ro\u017eajci imaju puno pravo da se usprotive usvajanju lokacije na kojoj \u0107e biti deponovano kompletno beransko sme\u0107e, od komunalnog do medicinskog.<\/p>\n<p>\u201cTeren na kojem treba da se na\u0111e rje\u0161enje za Berance je smrtna presuda za Ro\u017eajce. Smrtna presuda ne zbog zle namjere kom\u0161ija, ve\u0107 zbog konfiguracije odabranog terena, odnosno sliva voda i strujanja vazduha. Kroz usku ro\u017eajsku dolinu proti\u010du sve vode koje se skupljaju sa okolnih brda i planina, pa treba o\u010dekivati da \u0107e se prema naselju Ro\u017eaje, a i cjelokupnoj prirodi, uputiti i ne\u010diste vode i vazduh sa budu\u0107e deponije\u201c, rekao je Had\u017ei\u0107.<\/p>\n<p>&nbsp;<\/p>\n<p>On moli kom\u0161ije Berance da se ne pona\u0161aju nasilni\u010dki prema manjinskom stanovni\u0161tvu.<\/p>\n<p>\u201cMolimo ih da ne \u017ertvuju na\u0161e naselje koje je starije od njihovog. Mi smo svjesni problema sa sme\u0107em koje oni imaju. Mi znamo da lokacija na kojoj je planirana deponija pripada njihovoj op\u0161tini, ali ona kompletno gravitira Ro\u017eajama. Ni mi nijesmo sretni sa na\u0161om lokacijom na kojoj odla\u017eemo sme\u0107e, ali ponavljamo, na\u0161a prostorno sku\u010dena op\u0161tina, koja po konfiguraciji zemlji\u0161ta predstavlja jedan tijesnac, usjek, osu\u0111ena je da kroz nju proti\u010du sve vode sa vrhova planina, pa u ovom slu\u010daju i vode koje \u0107e se slivati i sa beranskog sme\u0107a koje \u0107e biti smje\u0161teno na ekolo\u0161ki predivnoj lokaciji Lokve\u201c, poru\u010dio je Had\u017ei\u0107.<\/p>\n<p>&nbsp;<\/p>\n<p>Podsje\u0107amo, na sino\u0107njoj maratonskoj sjednici SO Berane usvojena je odluka da nova privremena deponija komunalnog otpada bude u mjestu \u0160emovac. Odbornik Demokratskog fronta DF Radojica \u017divkovi\u0107 poru\u010dio je Ro\u017eajcima, koji sakupljaju peticije protiv deponije, da se ne mije\u0161aju u unutra\u0161nje stvari Berana.<\/p>\n","protected":false},"excerpt":{"rendered":"<p>Ro\u017eaje, Berane &#8211; Nakon \u0161to je beranski parlament usvojio Odluku da privremena deponija bude locirana u mjestu \u0160emovac na planini Cmiljevica, oko pedeset Ro\u017eajaca je odlu\u010dilo da no\u0107, u znak protesta, provede pored tunela Lokve u blizini mjesta na kojem je projektovana budu\u0107a deponija. Blokada je nastavljena i danas, kao i potpisivanje peticije. Kako je [&hellip;]<\/p>\n","protected":false},"author":125,"featured_media":104107,"comment_status":"open","ping_status":"open","sticky":false,"template":"","format":"standard","meta":{"footnotes":""},"categories":[398,1,397,8957],"tags":[],"class_list":{"0":"post-104106","1":"post","2":"type-post","3":"status-publish","4":"format-standard","5":"has-post-thumbnail","7":"category-rozaje","8":"category-politika","9":"category-berane","10":"category-vijesti-dana"},"yoast_head":"<!-- This site is optimized with the Yoast SEO Premium plugin v23.1 (Yoast SEO v24.9) - https:\/\/yoast.com\/wordpress\/plugins\/seo\/ -->\n<title>Ro\u017eajci protestvuju: &#039;Berane sprovodi nasilje nad Bo\u0161njacima Ro\u017eaja&#039;<\/title>\n<meta name=\"robots\" content=\"index, follow, max-snippet:-1, max-image-preview:large, max-video-preview:-1\" \/>\n<link rel=\"canonical\" href=\"https:\/\/sandzakpress.net\/arhiva\/rozajci-protestvuju-berane-sprovodi-nasilje-nad-bosnjacima-rozaja\/\" \/>\n<meta property=\"og:locale\" content=\"bs_BA\" \/>\n<meta property=\"og:type\" content=\"article\" \/>\n<meta property=\"og:title\" content=\"Ro\u017eajci protestvuju: &#039;Berane sprovodi nasilje nad Bo\u0161njacima Ro\u017eaja&#039;\" \/>\n<meta property=\"og:description\" content=\"Ro\u017eaje, Berane &#8211; Nakon \u0161to je beranski parlament usvojio Odluku da privremena deponija bude locirana u mjestu \u0160emovac na planini Cmiljevica, oko pedeset Ro\u017eajaca je odlu\u010dilo da no\u0107, u znak protesta, provede pored tunela Lokve u blizini mjesta na kojem je projektovana budu\u0107a deponija. Blokada je nastavljena i danas, kao i potpisivanje peticije. Kako je [&hellip;]\" \/>\n<meta property=\"og:url\" content=\"https:\/\/sandzakpress.net\/arhiva\/rozajci-protestvuju-berane-sprovodi-nasilje-nad-bosnjacima-rozaja\/\" \/>\n<meta property=\"og:site_name\" content=\"Sand\u017eak PRESS\" \/>\n<meta property=\"article:published_time\" content=\"2014-04-05T21:43:39+00:00\" \/>\n<meta property=\"og:image\" content=\"https:\/\/sandzakpress.net\/arhiva\/wp-content\/uploads\/2014\/04\/Rozajcibarikada_zps75122ac8-410x264.jpg\" \/>\n\t<meta property=\"og:image:width\" content=\"410\" \/>\n\t<meta property=\"og:image:height\" content=\"264\" \/>\n\t<meta property=\"og:image:type\" content=\"image\/jpeg\" \/>\n<meta name=\"author\" content=\"Korektor\" \/>\n<meta name=\"twitter:card\" content=\"summary_large_image\" \/>\n<meta name=\"twitter:label1\" content=\"Written by\" \/>\n\t<meta name=\"twitter:data1\" content=\"Korektor\" \/>\n\t<meta name=\"twitter:label2\" content=\"Est. reading time\" \/>\n\t<meta name=\"twitter:data2\" content=\"3 minute\" \/>\n<script type=\"application\/ld+json\" class=\"yoast-schema-graph\">{\"@context\":\"https:\/\/schema.org\",\"@graph\":[{\"@type\":\"Article\",\"@id\":\"https:\/\/sandzakpress.net\/arhiva\/rozajci-protestvuju-berane-sprovodi-nasilje-nad-bosnjacima-rozaja\/#article\",\"isPartOf\":{\"@id\":\"https:\/\/sandzakpress.net\/arhiva\/rozajci-protestvuju-berane-sprovodi-nasilje-nad-bosnjacima-rozaja\/\"},\"author\":{\"name\":\"Korektor\",\"@id\":\"https:\/\/sandzakpress.net\/arhiva\/#\/schema\/person\/b71f9565a8a6ce38c0200f1cf59c368c\"},\"headline\":\"Ro\u017eajci protestvuju: &#8216;Berane sprovodi nasilje nad Bo\u0161njacima Ro\u017eaja&#8217;\",\"datePublished\":\"2014-04-05T21:43:39+00:00\",\"mainEntityOfPage\":{\"@id\":\"https:\/\/sandzakpress.net\/arhiva\/rozajci-protestvuju-berane-sprovodi-nasilje-nad-bosnjacima-rozaja\/\"},\"wordCount\":573,\"commentCount\":1,\"publisher\":{\"@id\":\"https:\/\/sandzakpress.net\/arhiva\/#\/schema\/person\/6e72b67d6e51910a1117b3b483ba20bd\"},\"image\":{\"@id\":\"https:\/\/sandzakpress.net\/arhiva\/rozajci-protestvuju-berane-sprovodi-nasilje-nad-bosnjacima-rozaja\/#primaryimage\"},\"thumbnailUrl\":\"https:\/\/sandzakpress.net\/arhiva\/wp-content\/uploads\/2014\/04\/Rozajcibarikada_zps75122ac8-410x264.jpg\",\"articleSection\":[\"Ro\u017eaje\",\"Politika\",\"Berane\",\"VIJESTI DANA\"],\"inLanguage\":\"bs-BA\",\"potentialAction\":[{\"@type\":\"CommentAction\",\"name\":\"Comment\",\"target\":[\"https:\/\/sandzakpress.net\/arhiva\/rozajci-protestvuju-berane-sprovodi-nasilje-nad-bosnjacima-rozaja\/#respond\"]}]},{\"@type\":\"WebPage\",\"@id\":\"https:\/\/sandzakpress.net\/arhiva\/rozajci-protestvuju-berane-sprovodi-nasilje-nad-bosnjacima-rozaja\/\",\"url\":\"https:\/\/sandzakpress.net\/arhiva\/rozajci-protestvuju-berane-sprovodi-nasilje-nad-bosnjacima-rozaja\/\",\"name\":\"Ro\u017eajci protestvuju: 'Berane sprovodi nasilje nad Bo\u0161njacima Ro\u017eaja'\",\"isPartOf\":{\"@id\":\"https:\/\/sandzakpress.net\/arhiva\/#website\"},\"primaryImageOfPage\":{\"@id\":\"https:\/\/sandzakpress.net\/arhiva\/rozajci-protestvuju-berane-sprovodi-nasilje-nad-bosnjacima-rozaja\/#primaryimage\"},\"image\":{\"@id\":\"https:\/\/sandzakpress.net\/arhiva\/rozajci-protestvuju-berane-sprovodi-nasilje-nad-bosnjacima-rozaja\/#primaryimage\"},\"thumbnailUrl\":\"https:\/\/sandzakpress.net\/arhiva\/wp-content\/uploads\/2014\/04\/Rozajcibarikada_zps75122ac8-410x264.jpg\",\"datePublished\":\"2014-04-05T21:43:39+00:00\",\"breadcrumb\":{\"@id\":\"https:\/\/sandzakpress.net\/arhiva\/rozajci-protestvuju-berane-sprovodi-nasilje-nad-bosnjacima-rozaja\/#breadcrumb\"},\"inLanguage\":\"bs-BA\",\"potentialAction\":[{\"@type\":\"ReadAction\",\"target\":[\"https:\/\/sandzakpress.net\/arhiva\/rozajci-protestvuju-berane-sprovodi-nasilje-nad-bosnjacima-rozaja\/\"]}]},{\"@type\":\"ImageObject\",\"inLanguage\":\"bs-BA\",\"@id\":\"https:\/\/sandzakpress.net\/arhiva\/rozajci-protestvuju-berane-sprovodi-nasilje-nad-bosnjacima-rozaja\/#primaryimage\",\"url\":\"https:\/\/sandzakpress.net\/arhiva\/wp-content\/uploads\/2014\/04\/Rozajcibarikada_zps75122ac8-410x264.jpg\",\"contentUrl\":\"https:\/\/sandzakpress.net\/arhiva\/wp-content\/uploads\/2014\/04\/Rozajcibarikada_zps75122ac8-410x264.jpg\",\"width\":410,\"height\":264},{\"@type\":\"BreadcrumbList\",\"@id\":\"https:\/\/sandzakpress.net\/arhiva\/rozajci-protestvuju-berane-sprovodi-nasilje-nad-bosnjacima-rozaja\/#breadcrumb\",\"itemListElement\":[{\"@type\":\"ListItem\",\"position\":1,\"name\":\"Home\",\"item\":\"https:\/\/sandzakpress.net\/arhiva\/\"},{\"@type\":\"ListItem\",\"position\":2,\"name\":\"Ro\u017eajci protestvuju: &#8216;Berane sprovodi nasilje nad Bo\u0161njacima Ro\u017eaja&#8217;\"}]},{\"@type\":\"WebSite\",\"@id\":\"https:\/\/sandzakpress.net\/arhiva\/#website\",\"url\":\"https:\/\/sandzakpress.net\/arhiva\/\",\"name\":\"Sand\u017eak PRESS\",\"description\":\"Prve elektronske novine u Sand\u017eaku\",\"publisher\":{\"@id\":\"https:\/\/sandzakpress.net\/arhiva\/#\/schema\/person\/6e72b67d6e51910a1117b3b483ba20bd\"},\"potentialAction\":[{\"@type\":\"SearchAction\",\"target\":{\"@type\":\"EntryPoint\",\"urlTemplate\":\"https:\/\/sandzakpress.net\/arhiva\/?s={search_term_string}\"},\"query-input\":{\"@type\":\"PropertyValueSpecification\",\"valueRequired\":true,\"valueName\":\"search_term_string\"}}],\"inLanguage\":\"bs-BA\"},{\"@type\":[\"Person\",\"Organization\"],\"@id\":\"https:\/\/sandzakpress.net\/arhiva\/#\/schema\/person\/6e72b67d6e51910a1117b3b483ba20bd\",\"name\":\"Kul\",\"image\":{\"@type\":\"ImageObject\",\"inLanguage\":\"bs-BA\",\"@id\":\"https:\/\/sandzakpress.net\/arhiva\/#\/schema\/person\/image\/\",\"url\":\"https:\/\/secure.gravatar.com\/avatar\/42263f39aa27ac04c43cab85c280eb2e?s=96&d=mm&r=pg\",\"contentUrl\":\"https:\/\/secure.gravatar.com\/avatar\/42263f39aa27ac04c43cab85c280eb2e?s=96&d=mm&r=pg\",\"caption\":\"Kul\"},\"logo\":{\"@id\":\"https:\/\/sandzakpress.net\/arhiva\/#\/schema\/person\/image\/\"}},{\"@type\":\"Person\",\"@id\":\"https:\/\/sandzakpress.net\/arhiva\/#\/schema\/person\/b71f9565a8a6ce38c0200f1cf59c368c\",\"name\":\"Korektor\",\"image\":{\"@type\":\"ImageObject\",\"inLanguage\":\"bs-BA\",\"@id\":\"https:\/\/sandzakpress.net\/arhiva\/#\/schema\/person\/image\/\",\"url\":\"https:\/\/secure.gravatar.com\/avatar\/ae3388ff9b8eb74e0751a069466905f6?s=96&d=mm&r=pg\",\"contentUrl\":\"https:\/\/secure.gravatar.com\/avatar\/ae3388ff9b8eb74e0751a069466905f6?s=96&d=mm&r=pg\",\"caption\":\"Korektor\"},\"url\":\"https:\/\/sandzakpress.net\/arhiva\/author\/korektor\/\"}]}<\/script>\n<!-- \/ Yoast SEO Premium plugin. -->","yoast_head_json":{"title":"Ro\u017eajci protestvuju: 'Berane sprovodi nasilje nad Bo\u0161njacima Ro\u017eaja'","robots":{"index":"index","follow":"follow","max-snippet":"max-snippet:-1","max-image-preview":"max-image-preview:large","max-video-preview":"max-video-preview:-1"},"canonical":"https:\/\/sandzakpress.net\/arhiva\/rozajci-protestvuju-berane-sprovodi-nasilje-nad-bosnjacima-rozaja\/","og_locale":"bs_BA","og_type":"article","og_title":"Ro\u017eajci protestvuju: 'Berane sprovodi nasilje nad Bo\u0161njacima Ro\u017eaja'","og_description":"Ro\u017eaje, Berane &#8211; Nakon \u0161to je beranski parlament usvojio Odluku da privremena deponija bude locirana u mjestu \u0160emovac na planini Cmiljevica, oko pedeset Ro\u017eajaca je odlu\u010dilo da no\u0107, u znak protesta, provede pored tunela Lokve u blizini mjesta na kojem je projektovana budu\u0107a deponija. Blokada je nastavljena i danas, kao i potpisivanje peticije. Kako je [&hellip;]","og_url":"https:\/\/sandzakpress.net\/arhiva\/rozajci-protestvuju-berane-sprovodi-nasilje-nad-bosnjacima-rozaja\/","og_site_name":"Sand\u017eak PRESS","article_published_time":"2014-04-05T21:43:39+00:00","og_image":[{"width":410,"height":264,"url":"https:\/\/sandzakpress.net\/arhiva\/wp-content\/uploads\/2014\/04\/Rozajcibarikada_zps75122ac8-410x264.jpg","type":"image\/jpeg"}],"author":"Korektor","twitter_card":"summary_large_image","twitter_misc":{"Written by":"Korektor","Est. reading time":"3 minute"},"schema":{"@context":"https:\/\/schema.org","@graph":[{"@type":"Article","@id":"https:\/\/sandzakpress.net\/arhiva\/rozajci-protestvuju-berane-sprovodi-nasilje-nad-bosnjacima-rozaja\/#article","isPartOf":{"@id":"https:\/\/sandzakpress.net\/arhiva\/rozajci-protestvuju-berane-sprovodi-nasilje-nad-bosnjacima-rozaja\/"},"author":{"name":"Korektor","@id":"https:\/\/sandzakpress.net\/arhiva\/#\/schema\/person\/b71f9565a8a6ce38c0200f1cf59c368c"},"headline":"Ro\u017eajci protestvuju: &#8216;Berane sprovodi nasilje nad Bo\u0161njacima Ro\u017eaja&#8217;","datePublished":"2014-04-05T21:43:39+00:00","mainEntityOfPage":{"@id":"https:\/\/sandzakpress.net\/arhiva\/rozajci-protestvuju-berane-sprovodi-nasilje-nad-bosnjacima-rozaja\/"},"wordCount":573,"commentCount":1,"publisher":{"@id":"https:\/\/sandzakpress.net\/arhiva\/#\/schema\/person\/6e72b67d6e51910a1117b3b483ba20bd"},"image":{"@id":"https:\/\/sandzakpress.net\/arhiva\/rozajci-protestvuju-berane-sprovodi-nasilje-nad-bosnjacima-rozaja\/#primaryimage"},"thumbnailUrl":"https:\/\/sandzakpress.net\/arhiva\/wp-content\/uploads\/2014\/04\/Rozajcibarikada_zps75122ac8-410x264.jpg","articleSection":["Ro\u017eaje","Politika","Berane","VIJESTI DANA"],"inLanguage":"bs-BA","potentialAction":[{"@type":"CommentAction","name":"Comment","target":["https:\/\/sandzakpress.net\/arhiva\/rozajci-protestvuju-berane-sprovodi-nasilje-nad-bosnjacima-rozaja\/#respond"]}]},{"@type":"WebPage","@id":"https:\/\/sandzakpress.net\/arhiva\/rozajci-protestvuju-berane-sprovodi-nasilje-nad-bosnjacima-rozaja\/","url":"https:\/\/sandzakpress.net\/arhiva\/rozajci-protestvuju-berane-sprovodi-nasilje-nad-bosnjacima-rozaja\/","name":"Ro\u017eajci protestvuju: 'Berane sprovodi nasilje nad Bo\u0161njacima Ro\u017eaja'","isPartOf":{"@id":"https:\/\/sandzakpress.net\/arhiva\/#website"},"primaryImageOfPage":{"@id":"https:\/\/sandzakpress.net\/arhiva\/rozajci-protestvuju-berane-sprovodi-nasilje-nad-bosnjacima-rozaja\/#primaryimage"},"image":{"@id":"https:\/\/sandzakpress.net\/arhiva\/rozajci-protestvuju-berane-sprovodi-nasilje-nad-bosnjacima-rozaja\/#primaryimage"},"thumbnailUrl":"https:\/\/sandzakpress.net\/arhiva\/wp-content\/uploads\/2014\/04\/Rozajcibarikada_zps75122ac8-410x264.jpg","datePublished":"2014-04-05T21:43:39+00:00","breadcrumb":{"@id":"https:\/\/sandzakpress.net\/arhiva\/rozajci-protestvuju-berane-sprovodi-nasilje-nad-bosnjacima-rozaja\/#breadcrumb"},"inLanguage":"bs-BA","potentialAction":[{"@type":"ReadAction","target":["https:\/\/sandzakpress.net\/arhiva\/rozajci-protestvuju-berane-sprovodi-nasilje-nad-bosnjacima-rozaja\/"]}]},{"@type":"ImageObject","inLanguage":"bs-BA","@id":"https:\/\/sandzakpress.net\/arhiva\/rozajci-protestvuju-berane-sprovodi-nasilje-nad-bosnjacima-rozaja\/#primaryimage","url":"https:\/\/sandzakpress.net\/arhiva\/wp-content\/uploads\/2014\/04\/Rozajcibarikada_zps75122ac8-410x264.jpg","contentUrl":"https:\/\/sandzakpress.net\/arhiva\/wp-content\/uploads\/2014\/04\/Rozajcibarikada_zps75122ac8-410x264.jpg","width":410,"height":264},{"@type":"BreadcrumbList","@id":"https:\/\/sandzakpress.net\/arhiva\/rozajci-protestvuju-berane-sprovodi-nasilje-nad-bosnjacima-rozaja\/#breadcrumb","itemListElement":[{"@type":"ListItem","position":1,"name":"Home","item":"https:\/\/sandzakpress.net\/arhiva\/"},{"@type":"ListItem","position":2,"name":"Ro\u017eajci protestvuju: &#8216;Berane sprovodi nasilje nad Bo\u0161njacima Ro\u017eaja&#8217;"}]},{"@type":"WebSite","@id":"https:\/\/sandzakpress.net\/arhiva\/#website","url":"https:\/\/sandzakpress.net\/arhiva\/","name":"Sand\u017eak PRESS","description":"Prve elektronske novine u Sand\u017eaku","publisher":{"@id":"https:\/\/sandzakpress.net\/arhiva\/#\/schema\/person\/6e72b67d6e51910a1117b3b483ba20bd"},"potentialAction":[{"@type":"SearchAction","target":{"@type":"EntryPoint","urlTemplate":"https:\/\/sandzakpress.net\/arhiva\/?s={search_term_string}"},"query-input":{"@type":"PropertyValueSpecification","valueRequired":true,"valueName":"search_term_string"}}],"inLanguage":"bs-BA"},{"@type":["Person","Organization"],"@id":"https:\/\/sandzakpress.net\/arhiva\/#\/schema\/person\/6e72b67d6e51910a1117b3b483ba20bd","name":"Kul","image":{"@type":"ImageObject","inLanguage":"bs-BA","@id":"https:\/\/sandzakpress.net\/arhiva\/#\/schema\/person\/image\/","url":"https:\/\/secure.gravatar.com\/avatar\/42263f39aa27ac04c43cab85c280eb2e?s=96&d=mm&r=pg","contentUrl":"https:\/\/secure.gravatar.com\/avatar\/42263f39aa27ac04c43cab85c280eb2e?s=96&d=mm&r=pg","caption":"Kul"},"logo":{"@id":"https:\/\/sandzakpress.net\/arhiva\/#\/schema\/person\/image\/"}},{"@type":"Person","@id":"https:\/\/sandzakpress.net\/arhiva\/#\/schema\/person\/b71f9565a8a6ce38c0200f1cf59c368c","name":"Korektor","image":{"@type":"ImageObject","inLanguage":"bs-BA","@id":"https:\/\/sandzakpress.net\/arhiva\/#\/schema\/person\/image\/","url":"https:\/\/secure.gravatar.com\/avatar\/ae3388ff9b8eb74e0751a069466905f6?s=96&d=mm&r=pg","contentUrl":"https:\/\/secure.gravatar.com\/avatar\/ae3388ff9b8eb74e0751a069466905f6?s=96&d=mm&r=pg","caption":"Korektor"},"url":"https:\/\/sandzakpress.net\/arhiva\/author\/korektor\/"}]}},"_links":{"self":[{"href":"https:\/\/sandzakpress.net\/arhiva\/wp-json\/wp\/v2\/posts\/104106"}],"collection":[{"href":"https:\/\/sandzakpress.net\/arhiva\/wp-json\/wp\/v2\/posts"}],"about":[{"href":"https:\/\/sandzakpress.net\/arhiva\/wp-json\/wp\/v2\/types\/post"}],"author":[{"embeddable":true,"href":"https:\/\/sandzakpress.net\/arhiva\/wp-json\/wp\/v2\/users\/125"}],"replies":[{"embeddable":true,"href":"https:\/\/sandzakpress.net\/arhiva\/wp-json\/wp\/v2\/comments?post=104106"}],"version-history":[{"count":0,"href":"https:\/\/sandzakpress.net\/arhiva\/wp-json\/wp\/v2\/posts\/104106\/revisions"}],"wp:featuredmedia":[{"embeddable":true,"href":"https:\/\/sandzakpress.net\/arhiva\/wp-json\/wp\/v2\/media\/104107"}],"wp:attachment":[{"href":"https:\/\/sandzakpress.net\/arhiva\/wp-json\/wp\/v2\/media?parent=104106"}],"wp:term":[{"taxonomy":"category","embeddable":true,"href":"https:\/\/sandzakpress.net\/arhiva\/wp-json\/wp\/v2\/categories?post=104106"},{"taxonomy":"post_tag","embeddable":true,"href":"https:\/\/sandzakpress.net\/arhiva\/wp-json\/wp\/v2\/tags?post=104106"}],"curies":[{"name":"wp","href":"https:\/\/api.w.org\/{rel}","templated":true}]}}