{"id":104056,"date":"2014-04-05T10:09:55","date_gmt":"2014-04-05T08:09:55","guid":{"rendered":"https:\/\/sandzakpress.net\/arhiva\/?p=104056"},"modified":"2014-04-05T12:20:13","modified_gmt":"2014-04-05T10:20:13","slug":"osumnjiceni-za-otmicu-u-strpcima-uhapsen-u-francuskoj","status":"publish","type":"post","link":"https:\/\/sandzakpress.net\/arhiva\/osumnjiceni-za-otmicu-u-strpcima-uhapsen-u-francuskoj\/","title":{"rendered":"Osumnji\u010deni za otmicu u \u0160trpcima uhap\u0161en u Francuskoj"},"content":{"rendered":"<p style=\"text-align: left;\"><strong><img loading=\"lazy\" decoding=\"async\" class=\"aligncenter\" alt=\"Osumnji\u010deni za otmicu u \u0160trpcima uhap\u0161en u Francuskoj\" src=\"http:\/\/www.vijesti.me\/slika-519x316\/vijesti\/osumnjiceni-otmicu-strpcima-uhapsen-francuskoj-slika-111751.jpg\" width=\"519\" height=\"316\" \/>Francuska, Prijepolje, Priboj &#8211; Francuska policija uhapsila bosanskog Srbina Radomira \u0160u\u0161njara, biv\u0161eg pripadnika paravojnih formacija u BiH, zbog ratnih zlo\u010dina u Vi\u0161egradu 1992. godine<\/strong>.<\/p>\n<p>Kako saznaje B92, za njega se sumnja i da je jedan od otmi\u010dara voza u \u0160trpcima.<\/p>\n<p>Tu\u017eila\u0161tvo Francuske je navelo da je akcija izvedena na zahtjev vlasti BiH. Tu\u017eila\u0161tvo BiH navodi da je \u0160u\u0161njar osumnji\u010den da je zajedno s Milanom Luki\u0107em, komandantom paravojnih &#8220;Belih orlova&#8221;, u\u010destvovao u likvidaciji 59 bo\u0161nja\u010dkih civila, uglavnom djece, \u017eena i staraca u Vi\u0161egradu.<\/p>\n<p>Nezvani\u010dno, za \u0160u\u0161njara se sumnja i da je jedan od onih koji su izvr\u0161ili zlo\u010din u \u0160trpcima prije 21 godine, kada su su pripadnici VRS iz voza na liniji Beograd-Bar oteli i ubili 18 civila bo\u0161nja\u010dke nacionalnosti i Hrvata.<\/p>\n<p>Predsjednica Udru\u017eenja \u017dena-\u017ertva rata Bakira Hase\u010di\u0107 izrazila je zadovoljstvo zbog lociranja i hap\u0161enja \u0160u\u0161njara.<\/p>\n<p>&#8220;\u0160u\u0161njar je po\u010dinio stravi\u010dni ratni zlo\u010din. On je rame uz rame s Milanom Luki\u0107em u\u010destvovao u po\u010dinjenju stra\u0161nog zlo\u010dina&#8221;, naglasila je Hase\u010di\u0107.<\/p>\n<p>Tu\u017eila\u0161tvo za ratne zlo\u010dine Srbije potvrdilo je da je zbog ratnih zlo\u010dina u Vi\u0161egradu 1992. u Francuskoj uhap\u0161en \u0160u\u0161njar. U saop\u0161tenju se navodi da je \u0160u\u0161njar uhap\u0161en i zbog sumnje da je jedan od otmi\u010dara Bo\u0161njaka iz voza u \u0160trpcima.<\/p>\n<p>Hase\u010di\u0107 je izrazila uvjerenje da \u0107e Tu\u017eila\u0161tvo i Sud BiH adekvatno procesuirati \u0160u\u0161njara i da \u0107e odgovarati za ono \u0161to je \u010dinio na podru\u010dju op\u0161tine Vi\u0161egrad.<\/p>\n<p>Hase\u010di\u0107 navodi da \u0160u\u0161njara li\u010dno poznaje i da je bio njen kom\u0161ija.<\/p>\n<p>&#8220;Mo\u017eda i on sam, ako i\u0161ta u njemu bude ostalo ljudsko, ka\u017ee gdje su kosti \u017eivo spaljenih ljudi u Pionirskoj ulici&#8221;, dodala je ona.<\/p>\n<p>Predsjednik Udru\u017eenja \u017ertava i svjedoka genocida Murat Tahirovi\u0107 kazao je da je dobro \u0161to je uhap\u0161en \u0160u\u0161njar i ocijenio da je &#8220;hap\u0161enje ipak dio satisfakcije za \u017ertve \u017eive loma\u010de&#8221;.<\/p>\n<p>(vijesti.me)<\/p>\n","protected":false},"excerpt":{"rendered":"<p>Francuska, Prijepolje, Priboj &#8211; Francuska policija uhapsila bosanskog Srbina Radomira \u0160u\u0161njara, biv\u0161eg pripadnika paravojnih formacija u BiH, zbog ratnih zlo\u010dina u Vi\u0161egradu 1992. godine. Kako saznaje B92, za njega se sumnja i da je jedan od otmi\u010dara voza u \u0160trpcima. Tu\u017eila\u0161tvo Francuske je navelo da je akcija izvedena na zahtjev vlasti BiH. Tu\u017eila\u0161tvo BiH navodi [&hellip;]<\/p>\n","protected":false},"author":83,"featured_media":104057,"comment_status":"open","ping_status":"open","sticky":false,"template":"","format":"standard","meta":{"footnotes":""},"categories":[800,9550,392,393,8957],"tags":[],"class_list":{"0":"post-104056","1":"post","2":"type-post","3":"status-publish","4":"format-standard","5":"has-post-thumbnail","7":"category-nacija","8":"category-francuska-dijaspora-gradovi-vase-vijesti","9":"category-prijepolje_","10":"category-priboj","11":"category-vijesti-dana"},"yoast_head":"<!-- This site is optimized with the Yoast SEO Premium plugin v23.1 (Yoast SEO v24.9) - https:\/\/yoast.com\/wordpress\/plugins\/seo\/ -->\n<title>Osumnji\u010deni za otmicu u \u0160trpcima uhap\u0161en u Francuskoj<\/title>\n<meta name=\"robots\" content=\"index, follow, max-snippet:-1, max-image-preview:large, max-video-preview:-1\" \/>\n<link rel=\"canonical\" href=\"https:\/\/sandzakpress.net\/arhiva\/osumnjiceni-za-otmicu-u-strpcima-uhapsen-u-francuskoj\/\" \/>\n<meta property=\"og:locale\" content=\"bs_BA\" \/>\n<meta property=\"og:type\" content=\"article\" \/>\n<meta property=\"og:title\" content=\"Osumnji\u010deni za otmicu u \u0160trpcima uhap\u0161en u Francuskoj\" \/>\n<meta property=\"og:description\" content=\"Francuska, Prijepolje, Priboj &#8211; Francuska policija uhapsila bosanskog Srbina Radomira \u0160u\u0161njara, biv\u0161eg pripadnika paravojnih formacija u BiH, zbog ratnih zlo\u010dina u Vi\u0161egradu 1992. godine. Kako saznaje B92, za njega se sumnja i da je jedan od otmi\u010dara voza u \u0160trpcima. Tu\u017eila\u0161tvo Francuske je navelo da je akcija izvedena na zahtjev vlasti BiH. Tu\u017eila\u0161tvo BiH navodi [&hellip;]\" \/>\n<meta property=\"og:url\" content=\"https:\/\/sandzakpress.net\/arhiva\/osumnjiceni-za-otmicu-u-strpcima-uhapsen-u-francuskoj\/\" \/>\n<meta property=\"og:site_name\" content=\"Sand\u017eak PRESS\" \/>\n<meta property=\"article:published_time\" content=\"2014-04-05T08:09:55+00:00\" \/>\n<meta property=\"article:modified_time\" content=\"2014-04-05T10:20:13+00:00\" \/>\n<meta property=\"og:image\" content=\"https:\/\/sandzakpress.net\/arhiva\/wp-content\/uploads\/2014\/04\/osumnjiceni-otmicu-strpcima-uhapsen-francuskoj-slika-111751.jpg\" \/>\n\t<meta property=\"og:image:width\" content=\"519\" \/>\n\t<meta property=\"og:image:height\" content=\"316\" \/>\n\t<meta property=\"og:image:type\" content=\"image\/jpeg\" \/>\n<meta name=\"author\" content=\"bosniak\" \/>\n<meta name=\"twitter:card\" content=\"summary_large_image\" \/>\n<meta name=\"twitter:label1\" content=\"Written by\" \/>\n\t<meta name=\"twitter:data1\" content=\"bosniak\" \/>\n\t<meta name=\"twitter:label2\" content=\"Est. reading time\" \/>\n\t<meta name=\"twitter:data2\" content=\"2 minute\" \/>\n<script type=\"application\/ld+json\" class=\"yoast-schema-graph\">{\"@context\":\"https:\/\/schema.org\",\"@graph\":[{\"@type\":\"Article\",\"@id\":\"https:\/\/sandzakpress.net\/arhiva\/osumnjiceni-za-otmicu-u-strpcima-uhapsen-u-francuskoj\/#article\",\"isPartOf\":{\"@id\":\"https:\/\/sandzakpress.net\/arhiva\/osumnjiceni-za-otmicu-u-strpcima-uhapsen-u-francuskoj\/\"},\"author\":{\"name\":\"bosniak\",\"@id\":\"https:\/\/sandzakpress.net\/arhiva\/#\/schema\/person\/c8baee722073534b583ea7bdb2e36c02\"},\"headline\":\"Osumnji\u010deni za otmicu u \u0160trpcima uhap\u0161en u Francuskoj\",\"datePublished\":\"2014-04-05T08:09:55+00:00\",\"dateModified\":\"2014-04-05T10:20:13+00:00\",\"mainEntityOfPage\":{\"@id\":\"https:\/\/sandzakpress.net\/arhiva\/osumnjiceni-za-otmicu-u-strpcima-uhapsen-u-francuskoj\/\"},\"wordCount\":363,\"commentCount\":4,\"publisher\":{\"@id\":\"https:\/\/sandzakpress.net\/arhiva\/#\/schema\/person\/6e72b67d6e51910a1117b3b483ba20bd\"},\"image\":{\"@id\":\"https:\/\/sandzakpress.net\/arhiva\/osumnjiceni-za-otmicu-u-strpcima-uhapsen-u-francuskoj\/#primaryimage\"},\"thumbnailUrl\":\"https:\/\/sandzakpress.net\/arhiva\/wp-content\/uploads\/2014\/04\/osumnjiceni-otmicu-strpcima-uhapsen-francuskoj-slika-111751.jpg\",\"articleSection\":[\"Nacija\",\"Francuska\",\"Prijepolje\",\"Priboj\",\"VIJESTI DANA\"],\"inLanguage\":\"bs-BA\",\"potentialAction\":[{\"@type\":\"CommentAction\",\"name\":\"Comment\",\"target\":[\"https:\/\/sandzakpress.net\/arhiva\/osumnjiceni-za-otmicu-u-strpcima-uhapsen-u-francuskoj\/#respond\"]}]},{\"@type\":\"WebPage\",\"@id\":\"https:\/\/sandzakpress.net\/arhiva\/osumnjiceni-za-otmicu-u-strpcima-uhapsen-u-francuskoj\/\",\"url\":\"https:\/\/sandzakpress.net\/arhiva\/osumnjiceni-za-otmicu-u-strpcima-uhapsen-u-francuskoj\/\",\"name\":\"Osumnji\u010deni za otmicu u \u0160trpcima uhap\u0161en u Francuskoj\",\"isPartOf\":{\"@id\":\"https:\/\/sandzakpress.net\/arhiva\/#website\"},\"primaryImageOfPage\":{\"@id\":\"https:\/\/sandzakpress.net\/arhiva\/osumnjiceni-za-otmicu-u-strpcima-uhapsen-u-francuskoj\/#primaryimage\"},\"image\":{\"@id\":\"https:\/\/sandzakpress.net\/arhiva\/osumnjiceni-za-otmicu-u-strpcima-uhapsen-u-francuskoj\/#primaryimage\"},\"thumbnailUrl\":\"https:\/\/sandzakpress.net\/arhiva\/wp-content\/uploads\/2014\/04\/osumnjiceni-otmicu-strpcima-uhapsen-francuskoj-slika-111751.jpg\",\"datePublished\":\"2014-04-05T08:09:55+00:00\",\"dateModified\":\"2014-04-05T10:20:13+00:00\",\"breadcrumb\":{\"@id\":\"https:\/\/sandzakpress.net\/arhiva\/osumnjiceni-za-otmicu-u-strpcima-uhapsen-u-francuskoj\/#breadcrumb\"},\"inLanguage\":\"bs-BA\",\"potentialAction\":[{\"@type\":\"ReadAction\",\"target\":[\"https:\/\/sandzakpress.net\/arhiva\/osumnjiceni-za-otmicu-u-strpcima-uhapsen-u-francuskoj\/\"]}]},{\"@type\":\"ImageObject\",\"inLanguage\":\"bs-BA\",\"@id\":\"https:\/\/sandzakpress.net\/arhiva\/osumnjiceni-za-otmicu-u-strpcima-uhapsen-u-francuskoj\/#primaryimage\",\"url\":\"https:\/\/sandzakpress.net\/arhiva\/wp-content\/uploads\/2014\/04\/osumnjiceni-otmicu-strpcima-uhapsen-francuskoj-slika-111751.jpg\",\"contentUrl\":\"https:\/\/sandzakpress.net\/arhiva\/wp-content\/uploads\/2014\/04\/osumnjiceni-otmicu-strpcima-uhapsen-francuskoj-slika-111751.jpg\",\"width\":519,\"height\":316},{\"@type\":\"BreadcrumbList\",\"@id\":\"https:\/\/sandzakpress.net\/arhiva\/osumnjiceni-za-otmicu-u-strpcima-uhapsen-u-francuskoj\/#breadcrumb\",\"itemListElement\":[{\"@type\":\"ListItem\",\"position\":1,\"name\":\"Home\",\"item\":\"https:\/\/sandzakpress.net\/arhiva\/\"},{\"@type\":\"ListItem\",\"position\":2,\"name\":\"Osumnji\u010deni za otmicu u \u0160trpcima uhap\u0161en u Francuskoj\"}]},{\"@type\":\"WebSite\",\"@id\":\"https:\/\/sandzakpress.net\/arhiva\/#website\",\"url\":\"https:\/\/sandzakpress.net\/arhiva\/\",\"name\":\"Sand\u017eak PRESS\",\"description\":\"Prve elektronske novine u Sand\u017eaku\",\"publisher\":{\"@id\":\"https:\/\/sandzakpress.net\/arhiva\/#\/schema\/person\/6e72b67d6e51910a1117b3b483ba20bd\"},\"potentialAction\":[{\"@type\":\"SearchAction\",\"target\":{\"@type\":\"EntryPoint\",\"urlTemplate\":\"https:\/\/sandzakpress.net\/arhiva\/?s={search_term_string}\"},\"query-input\":{\"@type\":\"PropertyValueSpecification\",\"valueRequired\":true,\"valueName\":\"search_term_string\"}}],\"inLanguage\":\"bs-BA\"},{\"@type\":[\"Person\",\"Organization\"],\"@id\":\"https:\/\/sandzakpress.net\/arhiva\/#\/schema\/person\/6e72b67d6e51910a1117b3b483ba20bd\",\"name\":\"Kul\",\"image\":{\"@type\":\"ImageObject\",\"inLanguage\":\"bs-BA\",\"@id\":\"https:\/\/sandzakpress.net\/arhiva\/#\/schema\/person\/image\/\",\"url\":\"https:\/\/secure.gravatar.com\/avatar\/42263f39aa27ac04c43cab85c280eb2e?s=96&d=mm&r=pg\",\"contentUrl\":\"https:\/\/secure.gravatar.com\/avatar\/42263f39aa27ac04c43cab85c280eb2e?s=96&d=mm&r=pg\",\"caption\":\"Kul\"},\"logo\":{\"@id\":\"https:\/\/sandzakpress.net\/arhiva\/#\/schema\/person\/image\/\"}},{\"@type\":\"Person\",\"@id\":\"https:\/\/sandzakpress.net\/arhiva\/#\/schema\/person\/c8baee722073534b583ea7bdb2e36c02\",\"name\":\"bosniak\",\"image\":{\"@type\":\"ImageObject\",\"inLanguage\":\"bs-BA\",\"@id\":\"https:\/\/sandzakpress.net\/arhiva\/#\/schema\/person\/image\/\",\"url\":\"https:\/\/secure.gravatar.com\/avatar\/a04fd330bfe3a36a72a0ad4a6d89fca7?s=96&d=mm&r=pg\",\"contentUrl\":\"https:\/\/secure.gravatar.com\/avatar\/a04fd330bfe3a36a72a0ad4a6d89fca7?s=96&d=mm&r=pg\",\"caption\":\"bosniak\"},\"url\":\"https:\/\/sandzakpress.net\/arhiva\/author\/bosniak\/\"}]}<\/script>\n<!-- \/ Yoast SEO Premium plugin. -->","yoast_head_json":{"title":"Osumnji\u010deni za otmicu u \u0160trpcima uhap\u0161en u Francuskoj","robots":{"index":"index","follow":"follow","max-snippet":"max-snippet:-1","max-image-preview":"max-image-preview:large","max-video-preview":"max-video-preview:-1"},"canonical":"https:\/\/sandzakpress.net\/arhiva\/osumnjiceni-za-otmicu-u-strpcima-uhapsen-u-francuskoj\/","og_locale":"bs_BA","og_type":"article","og_title":"Osumnji\u010deni za otmicu u \u0160trpcima uhap\u0161en u Francuskoj","og_description":"Francuska, Prijepolje, Priboj &#8211; Francuska policija uhapsila bosanskog Srbina Radomira \u0160u\u0161njara, biv\u0161eg pripadnika paravojnih formacija u BiH, zbog ratnih zlo\u010dina u Vi\u0161egradu 1992. godine. Kako saznaje B92, za njega se sumnja i da je jedan od otmi\u010dara voza u \u0160trpcima. Tu\u017eila\u0161tvo Francuske je navelo da je akcija izvedena na zahtjev vlasti BiH. Tu\u017eila\u0161tvo BiH navodi [&hellip;]","og_url":"https:\/\/sandzakpress.net\/arhiva\/osumnjiceni-za-otmicu-u-strpcima-uhapsen-u-francuskoj\/","og_site_name":"Sand\u017eak PRESS","article_published_time":"2014-04-05T08:09:55+00:00","article_modified_time":"2014-04-05T10:20:13+00:00","og_image":[{"width":519,"height":316,"url":"https:\/\/sandzakpress.net\/arhiva\/wp-content\/uploads\/2014\/04\/osumnjiceni-otmicu-strpcima-uhapsen-francuskoj-slika-111751.jpg","type":"image\/jpeg"}],"author":"bosniak","twitter_card":"summary_large_image","twitter_misc":{"Written by":"bosniak","Est. reading time":"2 minute"},"schema":{"@context":"https:\/\/schema.org","@graph":[{"@type":"Article","@id":"https:\/\/sandzakpress.net\/arhiva\/osumnjiceni-za-otmicu-u-strpcima-uhapsen-u-francuskoj\/#article","isPartOf":{"@id":"https:\/\/sandzakpress.net\/arhiva\/osumnjiceni-za-otmicu-u-strpcima-uhapsen-u-francuskoj\/"},"author":{"name":"bosniak","@id":"https:\/\/sandzakpress.net\/arhiva\/#\/schema\/person\/c8baee722073534b583ea7bdb2e36c02"},"headline":"Osumnji\u010deni za otmicu u \u0160trpcima uhap\u0161en u Francuskoj","datePublished":"2014-04-05T08:09:55+00:00","dateModified":"2014-04-05T10:20:13+00:00","mainEntityOfPage":{"@id":"https:\/\/sandzakpress.net\/arhiva\/osumnjiceni-za-otmicu-u-strpcima-uhapsen-u-francuskoj\/"},"wordCount":363,"commentCount":4,"publisher":{"@id":"https:\/\/sandzakpress.net\/arhiva\/#\/schema\/person\/6e72b67d6e51910a1117b3b483ba20bd"},"image":{"@id":"https:\/\/sandzakpress.net\/arhiva\/osumnjiceni-za-otmicu-u-strpcima-uhapsen-u-francuskoj\/#primaryimage"},"thumbnailUrl":"https:\/\/sandzakpress.net\/arhiva\/wp-content\/uploads\/2014\/04\/osumnjiceni-otmicu-strpcima-uhapsen-francuskoj-slika-111751.jpg","articleSection":["Nacija","Francuska","Prijepolje","Priboj","VIJESTI DANA"],"inLanguage":"bs-BA","potentialAction":[{"@type":"CommentAction","name":"Comment","target":["https:\/\/sandzakpress.net\/arhiva\/osumnjiceni-za-otmicu-u-strpcima-uhapsen-u-francuskoj\/#respond"]}]},{"@type":"WebPage","@id":"https:\/\/sandzakpress.net\/arhiva\/osumnjiceni-za-otmicu-u-strpcima-uhapsen-u-francuskoj\/","url":"https:\/\/sandzakpress.net\/arhiva\/osumnjiceni-za-otmicu-u-strpcima-uhapsen-u-francuskoj\/","name":"Osumnji\u010deni za otmicu u \u0160trpcima uhap\u0161en u Francuskoj","isPartOf":{"@id":"https:\/\/sandzakpress.net\/arhiva\/#website"},"primaryImageOfPage":{"@id":"https:\/\/sandzakpress.net\/arhiva\/osumnjiceni-za-otmicu-u-strpcima-uhapsen-u-francuskoj\/#primaryimage"},"image":{"@id":"https:\/\/sandzakpress.net\/arhiva\/osumnjiceni-za-otmicu-u-strpcima-uhapsen-u-francuskoj\/#primaryimage"},"thumbnailUrl":"https:\/\/sandzakpress.net\/arhiva\/wp-content\/uploads\/2014\/04\/osumnjiceni-otmicu-strpcima-uhapsen-francuskoj-slika-111751.jpg","datePublished":"2014-04-05T08:09:55+00:00","dateModified":"2014-04-05T10:20:13+00:00","breadcrumb":{"@id":"https:\/\/sandzakpress.net\/arhiva\/osumnjiceni-za-otmicu-u-strpcima-uhapsen-u-francuskoj\/#breadcrumb"},"inLanguage":"bs-BA","potentialAction":[{"@type":"ReadAction","target":["https:\/\/sandzakpress.net\/arhiva\/osumnjiceni-za-otmicu-u-strpcima-uhapsen-u-francuskoj\/"]}]},{"@type":"ImageObject","inLanguage":"bs-BA","@id":"https:\/\/sandzakpress.net\/arhiva\/osumnjiceni-za-otmicu-u-strpcima-uhapsen-u-francuskoj\/#primaryimage","url":"https:\/\/sandzakpress.net\/arhiva\/wp-content\/uploads\/2014\/04\/osumnjiceni-otmicu-strpcima-uhapsen-francuskoj-slika-111751.jpg","contentUrl":"https:\/\/sandzakpress.net\/arhiva\/wp-content\/uploads\/2014\/04\/osumnjiceni-otmicu-strpcima-uhapsen-francuskoj-slika-111751.jpg","width":519,"height":316},{"@type":"BreadcrumbList","@id":"https:\/\/sandzakpress.net\/arhiva\/osumnjiceni-za-otmicu-u-strpcima-uhapsen-u-francuskoj\/#breadcrumb","itemListElement":[{"@type":"ListItem","position":1,"name":"Home","item":"https:\/\/sandzakpress.net\/arhiva\/"},{"@type":"ListItem","position":2,"name":"Osumnji\u010deni za otmicu u \u0160trpcima uhap\u0161en u Francuskoj"}]},{"@type":"WebSite","@id":"https:\/\/sandzakpress.net\/arhiva\/#website","url":"https:\/\/sandzakpress.net\/arhiva\/","name":"Sand\u017eak PRESS","description":"Prve elektronske novine u Sand\u017eaku","publisher":{"@id":"https:\/\/sandzakpress.net\/arhiva\/#\/schema\/person\/6e72b67d6e51910a1117b3b483ba20bd"},"potentialAction":[{"@type":"SearchAction","target":{"@type":"EntryPoint","urlTemplate":"https:\/\/sandzakpress.net\/arhiva\/?s={search_term_string}"},"query-input":{"@type":"PropertyValueSpecification","valueRequired":true,"valueName":"search_term_string"}}],"inLanguage":"bs-BA"},{"@type":["Person","Organization"],"@id":"https:\/\/sandzakpress.net\/arhiva\/#\/schema\/person\/6e72b67d6e51910a1117b3b483ba20bd","name":"Kul","image":{"@type":"ImageObject","inLanguage":"bs-BA","@id":"https:\/\/sandzakpress.net\/arhiva\/#\/schema\/person\/image\/","url":"https:\/\/secure.gravatar.com\/avatar\/42263f39aa27ac04c43cab85c280eb2e?s=96&d=mm&r=pg","contentUrl":"https:\/\/secure.gravatar.com\/avatar\/42263f39aa27ac04c43cab85c280eb2e?s=96&d=mm&r=pg","caption":"Kul"},"logo":{"@id":"https:\/\/sandzakpress.net\/arhiva\/#\/schema\/person\/image\/"}},{"@type":"Person","@id":"https:\/\/sandzakpress.net\/arhiva\/#\/schema\/person\/c8baee722073534b583ea7bdb2e36c02","name":"bosniak","image":{"@type":"ImageObject","inLanguage":"bs-BA","@id":"https:\/\/sandzakpress.net\/arhiva\/#\/schema\/person\/image\/","url":"https:\/\/secure.gravatar.com\/avatar\/a04fd330bfe3a36a72a0ad4a6d89fca7?s=96&d=mm&r=pg","contentUrl":"https:\/\/secure.gravatar.com\/avatar\/a04fd330bfe3a36a72a0ad4a6d89fca7?s=96&d=mm&r=pg","caption":"bosniak"},"url":"https:\/\/sandzakpress.net\/arhiva\/author\/bosniak\/"}]}},"_links":{"self":[{"href":"https:\/\/sandzakpress.net\/arhiva\/wp-json\/wp\/v2\/posts\/104056"}],"collection":[{"href":"https:\/\/sandzakpress.net\/arhiva\/wp-json\/wp\/v2\/posts"}],"about":[{"href":"https:\/\/sandzakpress.net\/arhiva\/wp-json\/wp\/v2\/types\/post"}],"author":[{"embeddable":true,"href":"https:\/\/sandzakpress.net\/arhiva\/wp-json\/wp\/v2\/users\/83"}],"replies":[{"embeddable":true,"href":"https:\/\/sandzakpress.net\/arhiva\/wp-json\/wp\/v2\/comments?post=104056"}],"version-history":[{"count":0,"href":"https:\/\/sandzakpress.net\/arhiva\/wp-json\/wp\/v2\/posts\/104056\/revisions"}],"wp:featuredmedia":[{"embeddable":true,"href":"https:\/\/sandzakpress.net\/arhiva\/wp-json\/wp\/v2\/media\/104057"}],"wp:attachment":[{"href":"https:\/\/sandzakpress.net\/arhiva\/wp-json\/wp\/v2\/media?parent=104056"}],"wp:term":[{"taxonomy":"category","embeddable":true,"href":"https:\/\/sandzakpress.net\/arhiva\/wp-json\/wp\/v2\/categories?post=104056"},{"taxonomy":"post_tag","embeddable":true,"href":"https:\/\/sandzakpress.net\/arhiva\/wp-json\/wp\/v2\/tags?post=104056"}],"curies":[{"name":"wp","href":"https:\/\/api.w.org\/{rel}","templated":true}]}}