{"id":104054,"date":"2014-04-04T23:36:45","date_gmt":"2014-04-04T21:36:45","guid":{"rendered":"https:\/\/sandzakpress.net\/arhiva\/?p=104054"},"modified":"2014-04-04T23:38:32","modified_gmt":"2014-04-04T21:38:32","slug":"reisu-l-ulema-u-radnoj-posjeti-bosnjackim-dzematima-sjeverne-amerike","status":"publish","type":"post","link":"https:\/\/sandzakpress.net\/arhiva\/reisu-l-ulema-u-radnoj-posjeti-bosnjackim-dzematima-sjeverne-amerike\/","title":{"rendered":"Reisu-l-ulema u radnoj posjeti bo\u0161nja\u010dkim d\u017eematima Sjeverne Amerike"},"content":{"rendered":"<p><strong><img loading=\"lazy\" decoding=\"async\" class=\"alignleft\" alt=\"reisu-l-ulema-kavazovic\" src=\"http:\/\/www.rijaset.ba\/images\/stories\/0izdvojeno1\/reisu-l-ulema-kavazovic.jpg\" width=\"293\" height=\"189\" \/>BIH, Amerika \u2013 Reisu-l-ulema Islamske zajednice u Bosni i Hercegovini Husein ef. Kavazovi\u0107 u radnoj je posjeti od 4. do 8. aprila bo\u0161nja\u010dkim d\u017eematima u Severnoj Americi. S Reisu-l-ulemom je u posjeti i \u0161ef Ureda Rijaseta za bo\u0161nja\u010dku dijasporu Mirsad Kalajd\u017ei\u0107.<\/strong><\/p>\n<p>Islamska zajednica Bo\u0161njaka Sjeverne Amerike (ICNAB) \u0107e 5. i 6. aprila, 2014. godine\u00a0 u Phoenixu\u00a0 odr\u017eati zasjedanje Sabora Islamske zajednice kojem \u0107e prisustvovati i Reisu-l-ulema.<\/p>\n<p>Tokom ove posjete Reisu-l-ulema \u0107e imati vi\u0161e susreta i sastanaka\u00a0 s imamima, a prisustvovat \u0107e i seminaru za imame o temi \u201eRad d\u017eemata u dijaspori\u201c.<\/p>\n<p>Doma\u0107in Reisu-l-ulemi je Sabahudin ef. \u0106eman, glavni imam Islamske zajednice Bo\u0161njaka za Sjevernu Ameriku..<\/p>\n<p>Na podru\u010dju Sjeverne Amerike\u00a0 je 58 registrovanih\u00a0 d\u017eemata Broj imama koji aktivno rade je 43. U 12 d\u017eemata nema stalnih imama.<\/p>\n","protected":false},"excerpt":{"rendered":"<p>BIH, Amerika \u2013 Reisu-l-ulema Islamske zajednice u Bosni i Hercegovini Husein ef. Kavazovi\u0107 u radnoj je posjeti od 4. do 8. aprila bo\u0161nja\u010dkim d\u017eematima u Severnoj Americi. S Reisu-l-ulemom je u posjeti i \u0161ef Ureda Rijaseta za bo\u0161nja\u010dku dijasporu Mirsad Kalajd\u017ei\u0107. Islamska zajednica Bo\u0161njaka Sjeverne Amerike (ICNAB) \u0107e 5. i 6. aprila, 2014. godine\u00a0 u [&hellip;]<\/p>\n","protected":false},"author":83,"featured_media":104055,"comment_status":"open","ping_status":"open","sticky":false,"template":"","format":"standard","meta":{"footnotes":""},"categories":[2860,3012,802,8957],"tags":[],"class_list":{"0":"post-104054","1":"post","2":"type-post","3":"status-publish","4":"format-standard","5":"has-post-thumbnail","7":"category-bosna-i-hercegovina-gradovi","8":"category-amerika-gradovi","9":"category-islamska_zajednica","10":"category-vijesti-dana"},"yoast_head":"<!-- This site is optimized with the Yoast SEO Premium plugin v23.1 (Yoast SEO v24.9) - https:\/\/yoast.com\/wordpress\/plugins\/seo\/ -->\n<title>Reisu-l-ulema u radnoj posjeti bo\u0161nja\u010dkim d\u017eematima Sjeverne Amerike<\/title>\n<meta name=\"robots\" content=\"index, follow, max-snippet:-1, max-image-preview:large, max-video-preview:-1\" \/>\n<link rel=\"canonical\" href=\"https:\/\/sandzakpress.net\/arhiva\/reisu-l-ulema-u-radnoj-posjeti-bosnjackim-dzematima-sjeverne-amerike\/\" \/>\n<meta property=\"og:locale\" content=\"bs_BA\" \/>\n<meta property=\"og:type\" content=\"article\" \/>\n<meta property=\"og:title\" content=\"Reisu-l-ulema u radnoj posjeti bo\u0161nja\u010dkim d\u017eematima Sjeverne Amerike\" \/>\n<meta property=\"og:description\" content=\"BIH, Amerika \u2013 Reisu-l-ulema Islamske zajednice u Bosni i Hercegovini Husein ef. Kavazovi\u0107 u radnoj je posjeti od 4. do 8. aprila bo\u0161nja\u010dkim d\u017eematima u Severnoj Americi. S Reisu-l-ulemom je u posjeti i \u0161ef Ureda Rijaseta za bo\u0161nja\u010dku dijasporu Mirsad Kalajd\u017ei\u0107. Islamska zajednica Bo\u0161njaka Sjeverne Amerike (ICNAB) \u0107e 5. i 6. aprila, 2014. godine\u00a0 u [&hellip;]\" \/>\n<meta property=\"og:url\" content=\"https:\/\/sandzakpress.net\/arhiva\/reisu-l-ulema-u-radnoj-posjeti-bosnjackim-dzematima-sjeverne-amerike\/\" \/>\n<meta property=\"og:site_name\" content=\"Sand\u017eak PRESS\" \/>\n<meta property=\"article:published_time\" content=\"2014-04-04T21:36:45+00:00\" \/>\n<meta property=\"article:modified_time\" content=\"2014-04-04T21:38:32+00:00\" \/>\n<meta property=\"og:image\" content=\"https:\/\/sandzakpress.net\/arhiva\/wp-content\/uploads\/2014\/04\/reisu-l-ulema-kavazovic1.jpg\" \/>\n\t<meta property=\"og:image:width\" content=\"418\" \/>\n\t<meta property=\"og:image:height\" content=\"270\" \/>\n\t<meta property=\"og:image:type\" content=\"image\/jpeg\" \/>\n<meta name=\"author\" content=\"bosniak\" \/>\n<meta name=\"twitter:card\" content=\"summary_large_image\" \/>\n<meta name=\"twitter:label1\" content=\"Written by\" \/>\n\t<meta name=\"twitter:data1\" content=\"bosniak\" \/>\n\t<meta name=\"twitter:label2\" content=\"Est. reading time\" \/>\n\t<meta name=\"twitter:data2\" content=\"1 minuta\" \/>\n<script type=\"application\/ld+json\" class=\"yoast-schema-graph\">{\"@context\":\"https:\/\/schema.org\",\"@graph\":[{\"@type\":\"Article\",\"@id\":\"https:\/\/sandzakpress.net\/arhiva\/reisu-l-ulema-u-radnoj-posjeti-bosnjackim-dzematima-sjeverne-amerike\/#article\",\"isPartOf\":{\"@id\":\"https:\/\/sandzakpress.net\/arhiva\/reisu-l-ulema-u-radnoj-posjeti-bosnjackim-dzematima-sjeverne-amerike\/\"},\"author\":{\"name\":\"bosniak\",\"@id\":\"https:\/\/sandzakpress.net\/arhiva\/#\/schema\/person\/c8baee722073534b583ea7bdb2e36c02\"},\"headline\":\"Reisu-l-ulema u radnoj posjeti bo\u0161nja\u010dkim d\u017eematima Sjeverne Amerike\",\"datePublished\":\"2014-04-04T21:36:45+00:00\",\"dateModified\":\"2014-04-04T21:38:32+00:00\",\"mainEntityOfPage\":{\"@id\":\"https:\/\/sandzakpress.net\/arhiva\/reisu-l-ulema-u-radnoj-posjeti-bosnjackim-dzematima-sjeverne-amerike\/\"},\"wordCount\":143,\"commentCount\":1,\"publisher\":{\"@id\":\"https:\/\/sandzakpress.net\/arhiva\/#\/schema\/person\/6e72b67d6e51910a1117b3b483ba20bd\"},\"image\":{\"@id\":\"https:\/\/sandzakpress.net\/arhiva\/reisu-l-ulema-u-radnoj-posjeti-bosnjackim-dzematima-sjeverne-amerike\/#primaryimage\"},\"thumbnailUrl\":\"https:\/\/sandzakpress.net\/arhiva\/wp-content\/uploads\/2014\/04\/reisu-l-ulema-kavazovic1.jpg\",\"articleSection\":[\"Bosna i Hercegovina\",\"Amerika\",\"Islamska zajednica\",\"VIJESTI DANA\"],\"inLanguage\":\"bs-BA\",\"potentialAction\":[{\"@type\":\"CommentAction\",\"name\":\"Comment\",\"target\":[\"https:\/\/sandzakpress.net\/arhiva\/reisu-l-ulema-u-radnoj-posjeti-bosnjackim-dzematima-sjeverne-amerike\/#respond\"]}]},{\"@type\":\"WebPage\",\"@id\":\"https:\/\/sandzakpress.net\/arhiva\/reisu-l-ulema-u-radnoj-posjeti-bosnjackim-dzematima-sjeverne-amerike\/\",\"url\":\"https:\/\/sandzakpress.net\/arhiva\/reisu-l-ulema-u-radnoj-posjeti-bosnjackim-dzematima-sjeverne-amerike\/\",\"name\":\"Reisu-l-ulema u radnoj posjeti bo\u0161nja\u010dkim d\u017eematima Sjeverne Amerike\",\"isPartOf\":{\"@id\":\"https:\/\/sandzakpress.net\/arhiva\/#website\"},\"primaryImageOfPage\":{\"@id\":\"https:\/\/sandzakpress.net\/arhiva\/reisu-l-ulema-u-radnoj-posjeti-bosnjackim-dzematima-sjeverne-amerike\/#primaryimage\"},\"image\":{\"@id\":\"https:\/\/sandzakpress.net\/arhiva\/reisu-l-ulema-u-radnoj-posjeti-bosnjackim-dzematima-sjeverne-amerike\/#primaryimage\"},\"thumbnailUrl\":\"https:\/\/sandzakpress.net\/arhiva\/wp-content\/uploads\/2014\/04\/reisu-l-ulema-kavazovic1.jpg\",\"datePublished\":\"2014-04-04T21:36:45+00:00\",\"dateModified\":\"2014-04-04T21:38:32+00:00\",\"breadcrumb\":{\"@id\":\"https:\/\/sandzakpress.net\/arhiva\/reisu-l-ulema-u-radnoj-posjeti-bosnjackim-dzematima-sjeverne-amerike\/#breadcrumb\"},\"inLanguage\":\"bs-BA\",\"potentialAction\":[{\"@type\":\"ReadAction\",\"target\":[\"https:\/\/sandzakpress.net\/arhiva\/reisu-l-ulema-u-radnoj-posjeti-bosnjackim-dzematima-sjeverne-amerike\/\"]}]},{\"@type\":\"ImageObject\",\"inLanguage\":\"bs-BA\",\"@id\":\"https:\/\/sandzakpress.net\/arhiva\/reisu-l-ulema-u-radnoj-posjeti-bosnjackim-dzematima-sjeverne-amerike\/#primaryimage\",\"url\":\"https:\/\/sandzakpress.net\/arhiva\/wp-content\/uploads\/2014\/04\/reisu-l-ulema-kavazovic1.jpg\",\"contentUrl\":\"https:\/\/sandzakpress.net\/arhiva\/wp-content\/uploads\/2014\/04\/reisu-l-ulema-kavazovic1.jpg\",\"width\":418,\"height\":270},{\"@type\":\"BreadcrumbList\",\"@id\":\"https:\/\/sandzakpress.net\/arhiva\/reisu-l-ulema-u-radnoj-posjeti-bosnjackim-dzematima-sjeverne-amerike\/#breadcrumb\",\"itemListElement\":[{\"@type\":\"ListItem\",\"position\":1,\"name\":\"Home\",\"item\":\"https:\/\/sandzakpress.net\/arhiva\/\"},{\"@type\":\"ListItem\",\"position\":2,\"name\":\"Reisu-l-ulema u radnoj posjeti bo\u0161nja\u010dkim d\u017eematima Sjeverne Amerike\"}]},{\"@type\":\"WebSite\",\"@id\":\"https:\/\/sandzakpress.net\/arhiva\/#website\",\"url\":\"https:\/\/sandzakpress.net\/arhiva\/\",\"name\":\"Sand\u017eak PRESS\",\"description\":\"Prve elektronske novine u Sand\u017eaku\",\"publisher\":{\"@id\":\"https:\/\/sandzakpress.net\/arhiva\/#\/schema\/person\/6e72b67d6e51910a1117b3b483ba20bd\"},\"potentialAction\":[{\"@type\":\"SearchAction\",\"target\":{\"@type\":\"EntryPoint\",\"urlTemplate\":\"https:\/\/sandzakpress.net\/arhiva\/?s={search_term_string}\"},\"query-input\":{\"@type\":\"PropertyValueSpecification\",\"valueRequired\":true,\"valueName\":\"search_term_string\"}}],\"inLanguage\":\"bs-BA\"},{\"@type\":[\"Person\",\"Organization\"],\"@id\":\"https:\/\/sandzakpress.net\/arhiva\/#\/schema\/person\/6e72b67d6e51910a1117b3b483ba20bd\",\"name\":\"Kul\",\"image\":{\"@type\":\"ImageObject\",\"inLanguage\":\"bs-BA\",\"@id\":\"https:\/\/sandzakpress.net\/arhiva\/#\/schema\/person\/image\/\",\"url\":\"https:\/\/secure.gravatar.com\/avatar\/42263f39aa27ac04c43cab85c280eb2e?s=96&d=mm&r=pg\",\"contentUrl\":\"https:\/\/secure.gravatar.com\/avatar\/42263f39aa27ac04c43cab85c280eb2e?s=96&d=mm&r=pg\",\"caption\":\"Kul\"},\"logo\":{\"@id\":\"https:\/\/sandzakpress.net\/arhiva\/#\/schema\/person\/image\/\"}},{\"@type\":\"Person\",\"@id\":\"https:\/\/sandzakpress.net\/arhiva\/#\/schema\/person\/c8baee722073534b583ea7bdb2e36c02\",\"name\":\"bosniak\",\"image\":{\"@type\":\"ImageObject\",\"inLanguage\":\"bs-BA\",\"@id\":\"https:\/\/sandzakpress.net\/arhiva\/#\/schema\/person\/image\/\",\"url\":\"https:\/\/secure.gravatar.com\/avatar\/a04fd330bfe3a36a72a0ad4a6d89fca7?s=96&d=mm&r=pg\",\"contentUrl\":\"https:\/\/secure.gravatar.com\/avatar\/a04fd330bfe3a36a72a0ad4a6d89fca7?s=96&d=mm&r=pg\",\"caption\":\"bosniak\"},\"url\":\"https:\/\/sandzakpress.net\/arhiva\/author\/bosniak\/\"}]}<\/script>\n<!-- \/ Yoast SEO Premium plugin. -->","yoast_head_json":{"title":"Reisu-l-ulema u radnoj posjeti bo\u0161nja\u010dkim d\u017eematima Sjeverne Amerike","robots":{"index":"index","follow":"follow","max-snippet":"max-snippet:-1","max-image-preview":"max-image-preview:large","max-video-preview":"max-video-preview:-1"},"canonical":"https:\/\/sandzakpress.net\/arhiva\/reisu-l-ulema-u-radnoj-posjeti-bosnjackim-dzematima-sjeverne-amerike\/","og_locale":"bs_BA","og_type":"article","og_title":"Reisu-l-ulema u radnoj posjeti bo\u0161nja\u010dkim d\u017eematima Sjeverne Amerike","og_description":"BIH, Amerika \u2013 Reisu-l-ulema Islamske zajednice u Bosni i Hercegovini Husein ef. Kavazovi\u0107 u radnoj je posjeti od 4. do 8. aprila bo\u0161nja\u010dkim d\u017eematima u Severnoj Americi. S Reisu-l-ulemom je u posjeti i \u0161ef Ureda Rijaseta za bo\u0161nja\u010dku dijasporu Mirsad Kalajd\u017ei\u0107. Islamska zajednica Bo\u0161njaka Sjeverne Amerike (ICNAB) \u0107e 5. i 6. aprila, 2014. godine\u00a0 u [&hellip;]","og_url":"https:\/\/sandzakpress.net\/arhiva\/reisu-l-ulema-u-radnoj-posjeti-bosnjackim-dzematima-sjeverne-amerike\/","og_site_name":"Sand\u017eak PRESS","article_published_time":"2014-04-04T21:36:45+00:00","article_modified_time":"2014-04-04T21:38:32+00:00","og_image":[{"width":418,"height":270,"url":"https:\/\/sandzakpress.net\/arhiva\/wp-content\/uploads\/2014\/04\/reisu-l-ulema-kavazovic1.jpg","type":"image\/jpeg"}],"author":"bosniak","twitter_card":"summary_large_image","twitter_misc":{"Written by":"bosniak","Est. reading time":"1 minuta"},"schema":{"@context":"https:\/\/schema.org","@graph":[{"@type":"Article","@id":"https:\/\/sandzakpress.net\/arhiva\/reisu-l-ulema-u-radnoj-posjeti-bosnjackim-dzematima-sjeverne-amerike\/#article","isPartOf":{"@id":"https:\/\/sandzakpress.net\/arhiva\/reisu-l-ulema-u-radnoj-posjeti-bosnjackim-dzematima-sjeverne-amerike\/"},"author":{"name":"bosniak","@id":"https:\/\/sandzakpress.net\/arhiva\/#\/schema\/person\/c8baee722073534b583ea7bdb2e36c02"},"headline":"Reisu-l-ulema u radnoj posjeti bo\u0161nja\u010dkim d\u017eematima Sjeverne Amerike","datePublished":"2014-04-04T21:36:45+00:00","dateModified":"2014-04-04T21:38:32+00:00","mainEntityOfPage":{"@id":"https:\/\/sandzakpress.net\/arhiva\/reisu-l-ulema-u-radnoj-posjeti-bosnjackim-dzematima-sjeverne-amerike\/"},"wordCount":143,"commentCount":1,"publisher":{"@id":"https:\/\/sandzakpress.net\/arhiva\/#\/schema\/person\/6e72b67d6e51910a1117b3b483ba20bd"},"image":{"@id":"https:\/\/sandzakpress.net\/arhiva\/reisu-l-ulema-u-radnoj-posjeti-bosnjackim-dzematima-sjeverne-amerike\/#primaryimage"},"thumbnailUrl":"https:\/\/sandzakpress.net\/arhiva\/wp-content\/uploads\/2014\/04\/reisu-l-ulema-kavazovic1.jpg","articleSection":["Bosna i Hercegovina","Amerika","Islamska zajednica","VIJESTI DANA"],"inLanguage":"bs-BA","potentialAction":[{"@type":"CommentAction","name":"Comment","target":["https:\/\/sandzakpress.net\/arhiva\/reisu-l-ulema-u-radnoj-posjeti-bosnjackim-dzematima-sjeverne-amerike\/#respond"]}]},{"@type":"WebPage","@id":"https:\/\/sandzakpress.net\/arhiva\/reisu-l-ulema-u-radnoj-posjeti-bosnjackim-dzematima-sjeverne-amerike\/","url":"https:\/\/sandzakpress.net\/arhiva\/reisu-l-ulema-u-radnoj-posjeti-bosnjackim-dzematima-sjeverne-amerike\/","name":"Reisu-l-ulema u radnoj posjeti bo\u0161nja\u010dkim d\u017eematima Sjeverne Amerike","isPartOf":{"@id":"https:\/\/sandzakpress.net\/arhiva\/#website"},"primaryImageOfPage":{"@id":"https:\/\/sandzakpress.net\/arhiva\/reisu-l-ulema-u-radnoj-posjeti-bosnjackim-dzematima-sjeverne-amerike\/#primaryimage"},"image":{"@id":"https:\/\/sandzakpress.net\/arhiva\/reisu-l-ulema-u-radnoj-posjeti-bosnjackim-dzematima-sjeverne-amerike\/#primaryimage"},"thumbnailUrl":"https:\/\/sandzakpress.net\/arhiva\/wp-content\/uploads\/2014\/04\/reisu-l-ulema-kavazovic1.jpg","datePublished":"2014-04-04T21:36:45+00:00","dateModified":"2014-04-04T21:38:32+00:00","breadcrumb":{"@id":"https:\/\/sandzakpress.net\/arhiva\/reisu-l-ulema-u-radnoj-posjeti-bosnjackim-dzematima-sjeverne-amerike\/#breadcrumb"},"inLanguage":"bs-BA","potentialAction":[{"@type":"ReadAction","target":["https:\/\/sandzakpress.net\/arhiva\/reisu-l-ulema-u-radnoj-posjeti-bosnjackim-dzematima-sjeverne-amerike\/"]}]},{"@type":"ImageObject","inLanguage":"bs-BA","@id":"https:\/\/sandzakpress.net\/arhiva\/reisu-l-ulema-u-radnoj-posjeti-bosnjackim-dzematima-sjeverne-amerike\/#primaryimage","url":"https:\/\/sandzakpress.net\/arhiva\/wp-content\/uploads\/2014\/04\/reisu-l-ulema-kavazovic1.jpg","contentUrl":"https:\/\/sandzakpress.net\/arhiva\/wp-content\/uploads\/2014\/04\/reisu-l-ulema-kavazovic1.jpg","width":418,"height":270},{"@type":"BreadcrumbList","@id":"https:\/\/sandzakpress.net\/arhiva\/reisu-l-ulema-u-radnoj-posjeti-bosnjackim-dzematima-sjeverne-amerike\/#breadcrumb","itemListElement":[{"@type":"ListItem","position":1,"name":"Home","item":"https:\/\/sandzakpress.net\/arhiva\/"},{"@type":"ListItem","position":2,"name":"Reisu-l-ulema u radnoj posjeti bo\u0161nja\u010dkim d\u017eematima Sjeverne Amerike"}]},{"@type":"WebSite","@id":"https:\/\/sandzakpress.net\/arhiva\/#website","url":"https:\/\/sandzakpress.net\/arhiva\/","name":"Sand\u017eak PRESS","description":"Prve elektronske novine u Sand\u017eaku","publisher":{"@id":"https:\/\/sandzakpress.net\/arhiva\/#\/schema\/person\/6e72b67d6e51910a1117b3b483ba20bd"},"potentialAction":[{"@type":"SearchAction","target":{"@type":"EntryPoint","urlTemplate":"https:\/\/sandzakpress.net\/arhiva\/?s={search_term_string}"},"query-input":{"@type":"PropertyValueSpecification","valueRequired":true,"valueName":"search_term_string"}}],"inLanguage":"bs-BA"},{"@type":["Person","Organization"],"@id":"https:\/\/sandzakpress.net\/arhiva\/#\/schema\/person\/6e72b67d6e51910a1117b3b483ba20bd","name":"Kul","image":{"@type":"ImageObject","inLanguage":"bs-BA","@id":"https:\/\/sandzakpress.net\/arhiva\/#\/schema\/person\/image\/","url":"https:\/\/secure.gravatar.com\/avatar\/42263f39aa27ac04c43cab85c280eb2e?s=96&d=mm&r=pg","contentUrl":"https:\/\/secure.gravatar.com\/avatar\/42263f39aa27ac04c43cab85c280eb2e?s=96&d=mm&r=pg","caption":"Kul"},"logo":{"@id":"https:\/\/sandzakpress.net\/arhiva\/#\/schema\/person\/image\/"}},{"@type":"Person","@id":"https:\/\/sandzakpress.net\/arhiva\/#\/schema\/person\/c8baee722073534b583ea7bdb2e36c02","name":"bosniak","image":{"@type":"ImageObject","inLanguage":"bs-BA","@id":"https:\/\/sandzakpress.net\/arhiva\/#\/schema\/person\/image\/","url":"https:\/\/secure.gravatar.com\/avatar\/a04fd330bfe3a36a72a0ad4a6d89fca7?s=96&d=mm&r=pg","contentUrl":"https:\/\/secure.gravatar.com\/avatar\/a04fd330bfe3a36a72a0ad4a6d89fca7?s=96&d=mm&r=pg","caption":"bosniak"},"url":"https:\/\/sandzakpress.net\/arhiva\/author\/bosniak\/"}]}},"_links":{"self":[{"href":"https:\/\/sandzakpress.net\/arhiva\/wp-json\/wp\/v2\/posts\/104054"}],"collection":[{"href":"https:\/\/sandzakpress.net\/arhiva\/wp-json\/wp\/v2\/posts"}],"about":[{"href":"https:\/\/sandzakpress.net\/arhiva\/wp-json\/wp\/v2\/types\/post"}],"author":[{"embeddable":true,"href":"https:\/\/sandzakpress.net\/arhiva\/wp-json\/wp\/v2\/users\/83"}],"replies":[{"embeddable":true,"href":"https:\/\/sandzakpress.net\/arhiva\/wp-json\/wp\/v2\/comments?post=104054"}],"version-history":[{"count":0,"href":"https:\/\/sandzakpress.net\/arhiva\/wp-json\/wp\/v2\/posts\/104054\/revisions"}],"wp:featuredmedia":[{"embeddable":true,"href":"https:\/\/sandzakpress.net\/arhiva\/wp-json\/wp\/v2\/media\/104055"}],"wp:attachment":[{"href":"https:\/\/sandzakpress.net\/arhiva\/wp-json\/wp\/v2\/media?parent=104054"}],"wp:term":[{"taxonomy":"category","embeddable":true,"href":"https:\/\/sandzakpress.net\/arhiva\/wp-json\/wp\/v2\/categories?post=104054"},{"taxonomy":"post_tag","embeddable":true,"href":"https:\/\/sandzakpress.net\/arhiva\/wp-json\/wp\/v2\/tags?post=104054"}],"curies":[{"name":"wp","href":"https:\/\/api.w.org\/{rel}","templated":true}]}}