{"id":103981,"date":"2014-04-03T21:26:00","date_gmt":"2014-04-03T19:26:00","guid":{"rendered":"https:\/\/sandzakpress.net\/arhiva\/?p=103981"},"modified":"2014-04-03T21:26:00","modified_gmt":"2014-04-03T19:26:00","slug":"vlada-mans-obmanuo-javnost-i-iznio-netacne-tvrdnje","status":"publish","type":"post","link":"https:\/\/sandzakpress.net\/arhiva\/vlada-mans-obmanuo-javnost-i-iznio-netacne-tvrdnje\/","title":{"rendered":"Vlada: MANS obmanuo javnost i iznio neta\u010dne tvrdnje"},"content":{"rendered":"<p><img loading=\"lazy\" decoding=\"async\" class=\"size-medium wp-image-458064 alignleft\" title=\"Vlada: MANS obmanuo javnost i iznio neta\u010dne tvrdnje\" alt=\"Zgrada Vlade 0512 2013 Dobrilo Malidzan 1 2 300x213 Vlada: MANS obmanuo javnost i iznio neta\u010dne tvrdnje\" src=\"http:\/\/www.pobjeda.me\/wp-content\/uploads\/2014\/01\/Zgrada-Vlade-0512-2013-Dobrilo-Malidzan-1_2-300x213.jpg\" width=\"300\" height=\"213\" \/><\/p>\n<p><strong>Crna Gora &#8211;\u00a0<\/strong><strong>Neta\u010dne su i neosnovane tvrdnje Mre\u017ee za afirmaciju nevladinog sektora izre\u010dene u srijedu, 2. aprila 2014. godine na konferenciji za medije prema kojoj je navodno vi\u0161e organa dr\u017eavne uprave, lokalnih samouprava i privrednih dru\u0161tava u ve\u0107inskom ili djelimi\u010dnom dr\u017eavnom vlasni\u0161tvu prekr\u0161ilo Zakon o finansiranju politi\u010dkih partija, saop\u0161tio je Vladin Biro za odnose sa javno\u0161u.<\/strong><\/p>\n<p>&#8211; Uprava za kadrove i Zavod za zapo\u0161ljavanje nijesu sprovodili javno ogla\u0161avanje za potrebe dr\u017eavnih organa, organa dr\u017eavne uprave, organa lokalne samouprave, organa lokalne uprave, javnih preduze\u0107a, javnih ustanova, dr\u017eavnih fondova i privrednih dru\u0161tava \u010diji je osniva\u010d i\/ili ve\u0107inski ili djelimi\u010dni vlasnik dr\u017eava ili jedinica lokalne samouprave nakon \u0161to je Predsjednik Crne Gore 24.marta 2014.godine donio odluku kojom raspisuje izbore za odbornike u Skup\u0161tini Glavnog grada Podgorica i skup\u0161tinama op\u0161tina Bar, Bijelo Polje, Danilovgrad, \u017dabljak, Kola\u0161in, Plav, Plu\u017eine, Pljevlja, Ro\u017eaje, \u0160avnik i Gusinje. U to se mo\u017ee uvjeriti svaki gra\u0111anin jednostavnim uvidom u sadr\u017eaj internet portal\u00e2 Uprave za kadrove i Zavoda za zapo\u0161ljavanje na internet adresama\u00a0www.uzk.co.me\u00a0i\u00a0www.zzzcg.org.<\/p>\n<p>Stoga tvrdnje Mre\u017ee za afirmaciju nevladinog sektora odbacujemo kao apsolutno proizvoljne, neta\u010dne i zlonamjerne, navodi se u saop\u0161tenju Vladinog Biroa.<\/p>\n<p>Saopstenje su potpisali: Ministarstvo vanjskih poslova i evropskih integracija,\u00a0Ministarstvo ekonomije, Ministarstvo za informaciono dru\u0161tvo i telekomunikacije, Ministarstvo poljoprivrede i ruralnog razvoja, Uprava za sprje\u010davanje pranja novca i finansiranje terorizma, Uprava za kadrove,\u00a0Zavod za zapo\u0161ljavanje i Montenegro airlines.<\/p>\n<p>(pobjeda)<\/p>\n","protected":false},"excerpt":{"rendered":"<p>Crna Gora &#8211;\u00a0Neta\u010dne su i neosnovane tvrdnje Mre\u017ee za afirmaciju nevladinog sektora izre\u010dene u srijedu, 2. aprila 2014. godine na konferenciji za medije prema kojoj je navodno vi\u0161e organa dr\u017eavne uprave, lokalnih samouprava i privrednih dru\u0161tava u ve\u0107inskom ili djelimi\u010dnom dr\u017eavnom vlasni\u0161tvu prekr\u0161ilo Zakon o finansiranju politi\u010dkih partija, saop\u0161tio je Vladin Biro za odnose sa [&hellip;]<\/p>\n","protected":false},"author":83,"featured_media":103982,"comment_status":"open","ping_status":"open","sticky":false,"template":"","format":"standard","meta":{"footnotes":""},"categories":[1,10308],"tags":[],"class_list":{"0":"post-103981","1":"post","2":"type-post","3":"status-publish","4":"format-standard","5":"has-post-thumbnail","7":"category-politika","8":"category-crna-gora"},"yoast_head":"<!-- This site is optimized with the Yoast SEO Premium plugin v23.1 (Yoast SEO v24.9) - https:\/\/yoast.com\/wordpress\/plugins\/seo\/ -->\n<title>Vlada: MANS obmanuo javnost i iznio neta\u010dne tvrdnje<\/title>\n<meta name=\"robots\" content=\"index, follow, max-snippet:-1, max-image-preview:large, max-video-preview:-1\" \/>\n<link rel=\"canonical\" href=\"https:\/\/sandzakpress.net\/arhiva\/vlada-mans-obmanuo-javnost-i-iznio-netacne-tvrdnje\/\" \/>\n<meta property=\"og:locale\" content=\"bs_BA\" \/>\n<meta property=\"og:type\" content=\"article\" \/>\n<meta property=\"og:title\" content=\"Vlada: MANS obmanuo javnost i iznio neta\u010dne tvrdnje\" \/>\n<meta property=\"og:description\" content=\"Crna Gora &#8211;\u00a0Neta\u010dne su i neosnovane tvrdnje Mre\u017ee za afirmaciju nevladinog sektora izre\u010dene u srijedu, 2. aprila 2014. godine na konferenciji za medije prema kojoj je navodno vi\u0161e organa dr\u017eavne uprave, lokalnih samouprava i privrednih dru\u0161tava u ve\u0107inskom ili djelimi\u010dnom dr\u017eavnom vlasni\u0161tvu prekr\u0161ilo Zakon o finansiranju politi\u010dkih partija, saop\u0161tio je Vladin Biro za odnose sa [&hellip;]\" \/>\n<meta property=\"og:url\" content=\"https:\/\/sandzakpress.net\/arhiva\/vlada-mans-obmanuo-javnost-i-iznio-netacne-tvrdnje\/\" \/>\n<meta property=\"og:site_name\" content=\"Sand\u017eak PRESS\" \/>\n<meta property=\"article:published_time\" content=\"2014-04-03T19:26:00+00:00\" \/>\n<meta property=\"og:image\" content=\"https:\/\/sandzakpress.net\/arhiva\/wp-content\/uploads\/2014\/04\/Zgrada-Vlade-0512-2013-Dobrilo-Malidzan-1_2-300x213.jpg\" \/>\n\t<meta property=\"og:image:width\" content=\"300\" \/>\n\t<meta property=\"og:image:height\" content=\"213\" \/>\n\t<meta property=\"og:image:type\" content=\"image\/jpeg\" \/>\n<meta name=\"author\" content=\"bosniak\" \/>\n<meta name=\"twitter:card\" content=\"summary_large_image\" \/>\n<meta name=\"twitter:label1\" content=\"Written by\" \/>\n\t<meta name=\"twitter:data1\" content=\"bosniak\" \/>\n\t<meta name=\"twitter:label2\" content=\"Est. reading time\" \/>\n\t<meta name=\"twitter:data2\" content=\"1 minuta\" \/>\n<script type=\"application\/ld+json\" class=\"yoast-schema-graph\">{\"@context\":\"https:\/\/schema.org\",\"@graph\":[{\"@type\":\"Article\",\"@id\":\"https:\/\/sandzakpress.net\/arhiva\/vlada-mans-obmanuo-javnost-i-iznio-netacne-tvrdnje\/#article\",\"isPartOf\":{\"@id\":\"https:\/\/sandzakpress.net\/arhiva\/vlada-mans-obmanuo-javnost-i-iznio-netacne-tvrdnje\/\"},\"author\":{\"name\":\"bosniak\",\"@id\":\"https:\/\/sandzakpress.net\/arhiva\/#\/schema\/person\/c8baee722073534b583ea7bdb2e36c02\"},\"headline\":\"Vlada: MANS obmanuo javnost i iznio neta\u010dne tvrdnje\",\"datePublished\":\"2014-04-03T19:26:00+00:00\",\"mainEntityOfPage\":{\"@id\":\"https:\/\/sandzakpress.net\/arhiva\/vlada-mans-obmanuo-javnost-i-iznio-netacne-tvrdnje\/\"},\"wordCount\":279,\"commentCount\":0,\"publisher\":{\"@id\":\"https:\/\/sandzakpress.net\/arhiva\/#\/schema\/person\/6e72b67d6e51910a1117b3b483ba20bd\"},\"image\":{\"@id\":\"https:\/\/sandzakpress.net\/arhiva\/vlada-mans-obmanuo-javnost-i-iznio-netacne-tvrdnje\/#primaryimage\"},\"thumbnailUrl\":\"https:\/\/sandzakpress.net\/arhiva\/wp-content\/uploads\/2014\/04\/Zgrada-Vlade-0512-2013-Dobrilo-Malidzan-1_2-300x213.jpg\",\"articleSection\":[\"Politika\",\"Crna Gora\"],\"inLanguage\":\"bs-BA\",\"potentialAction\":[{\"@type\":\"CommentAction\",\"name\":\"Comment\",\"target\":[\"https:\/\/sandzakpress.net\/arhiva\/vlada-mans-obmanuo-javnost-i-iznio-netacne-tvrdnje\/#respond\"]}]},{\"@type\":\"WebPage\",\"@id\":\"https:\/\/sandzakpress.net\/arhiva\/vlada-mans-obmanuo-javnost-i-iznio-netacne-tvrdnje\/\",\"url\":\"https:\/\/sandzakpress.net\/arhiva\/vlada-mans-obmanuo-javnost-i-iznio-netacne-tvrdnje\/\",\"name\":\"Vlada: MANS obmanuo javnost i iznio neta\u010dne tvrdnje\",\"isPartOf\":{\"@id\":\"https:\/\/sandzakpress.net\/arhiva\/#website\"},\"primaryImageOfPage\":{\"@id\":\"https:\/\/sandzakpress.net\/arhiva\/vlada-mans-obmanuo-javnost-i-iznio-netacne-tvrdnje\/#primaryimage\"},\"image\":{\"@id\":\"https:\/\/sandzakpress.net\/arhiva\/vlada-mans-obmanuo-javnost-i-iznio-netacne-tvrdnje\/#primaryimage\"},\"thumbnailUrl\":\"https:\/\/sandzakpress.net\/arhiva\/wp-content\/uploads\/2014\/04\/Zgrada-Vlade-0512-2013-Dobrilo-Malidzan-1_2-300x213.jpg\",\"datePublished\":\"2014-04-03T19:26:00+00:00\",\"breadcrumb\":{\"@id\":\"https:\/\/sandzakpress.net\/arhiva\/vlada-mans-obmanuo-javnost-i-iznio-netacne-tvrdnje\/#breadcrumb\"},\"inLanguage\":\"bs-BA\",\"potentialAction\":[{\"@type\":\"ReadAction\",\"target\":[\"https:\/\/sandzakpress.net\/arhiva\/vlada-mans-obmanuo-javnost-i-iznio-netacne-tvrdnje\/\"]}]},{\"@type\":\"ImageObject\",\"inLanguage\":\"bs-BA\",\"@id\":\"https:\/\/sandzakpress.net\/arhiva\/vlada-mans-obmanuo-javnost-i-iznio-netacne-tvrdnje\/#primaryimage\",\"url\":\"https:\/\/sandzakpress.net\/arhiva\/wp-content\/uploads\/2014\/04\/Zgrada-Vlade-0512-2013-Dobrilo-Malidzan-1_2-300x213.jpg\",\"contentUrl\":\"https:\/\/sandzakpress.net\/arhiva\/wp-content\/uploads\/2014\/04\/Zgrada-Vlade-0512-2013-Dobrilo-Malidzan-1_2-300x213.jpg\",\"width\":300,\"height\":213},{\"@type\":\"BreadcrumbList\",\"@id\":\"https:\/\/sandzakpress.net\/arhiva\/vlada-mans-obmanuo-javnost-i-iznio-netacne-tvrdnje\/#breadcrumb\",\"itemListElement\":[{\"@type\":\"ListItem\",\"position\":1,\"name\":\"Home\",\"item\":\"https:\/\/sandzakpress.net\/arhiva\/\"},{\"@type\":\"ListItem\",\"position\":2,\"name\":\"Vlada: MANS obmanuo javnost i iznio neta\u010dne tvrdnje\"}]},{\"@type\":\"WebSite\",\"@id\":\"https:\/\/sandzakpress.net\/arhiva\/#website\",\"url\":\"https:\/\/sandzakpress.net\/arhiva\/\",\"name\":\"Sand\u017eak PRESS\",\"description\":\"Prve elektronske novine u Sand\u017eaku\",\"publisher\":{\"@id\":\"https:\/\/sandzakpress.net\/arhiva\/#\/schema\/person\/6e72b67d6e51910a1117b3b483ba20bd\"},\"potentialAction\":[{\"@type\":\"SearchAction\",\"target\":{\"@type\":\"EntryPoint\",\"urlTemplate\":\"https:\/\/sandzakpress.net\/arhiva\/?s={search_term_string}\"},\"query-input\":{\"@type\":\"PropertyValueSpecification\",\"valueRequired\":true,\"valueName\":\"search_term_string\"}}],\"inLanguage\":\"bs-BA\"},{\"@type\":[\"Person\",\"Organization\"],\"@id\":\"https:\/\/sandzakpress.net\/arhiva\/#\/schema\/person\/6e72b67d6e51910a1117b3b483ba20bd\",\"name\":\"Kul\",\"image\":{\"@type\":\"ImageObject\",\"inLanguage\":\"bs-BA\",\"@id\":\"https:\/\/sandzakpress.net\/arhiva\/#\/schema\/person\/image\/\",\"url\":\"https:\/\/secure.gravatar.com\/avatar\/42263f39aa27ac04c43cab85c280eb2e?s=96&d=mm&r=pg\",\"contentUrl\":\"https:\/\/secure.gravatar.com\/avatar\/42263f39aa27ac04c43cab85c280eb2e?s=96&d=mm&r=pg\",\"caption\":\"Kul\"},\"logo\":{\"@id\":\"https:\/\/sandzakpress.net\/arhiva\/#\/schema\/person\/image\/\"}},{\"@type\":\"Person\",\"@id\":\"https:\/\/sandzakpress.net\/arhiva\/#\/schema\/person\/c8baee722073534b583ea7bdb2e36c02\",\"name\":\"bosniak\",\"image\":{\"@type\":\"ImageObject\",\"inLanguage\":\"bs-BA\",\"@id\":\"https:\/\/sandzakpress.net\/arhiva\/#\/schema\/person\/image\/\",\"url\":\"https:\/\/secure.gravatar.com\/avatar\/a04fd330bfe3a36a72a0ad4a6d89fca7?s=96&d=mm&r=pg\",\"contentUrl\":\"https:\/\/secure.gravatar.com\/avatar\/a04fd330bfe3a36a72a0ad4a6d89fca7?s=96&d=mm&r=pg\",\"caption\":\"bosniak\"},\"url\":\"https:\/\/sandzakpress.net\/arhiva\/author\/bosniak\/\"}]}<\/script>\n<!-- \/ Yoast SEO Premium plugin. -->","yoast_head_json":{"title":"Vlada: MANS obmanuo javnost i iznio neta\u010dne tvrdnje","robots":{"index":"index","follow":"follow","max-snippet":"max-snippet:-1","max-image-preview":"max-image-preview:large","max-video-preview":"max-video-preview:-1"},"canonical":"https:\/\/sandzakpress.net\/arhiva\/vlada-mans-obmanuo-javnost-i-iznio-netacne-tvrdnje\/","og_locale":"bs_BA","og_type":"article","og_title":"Vlada: MANS obmanuo javnost i iznio neta\u010dne tvrdnje","og_description":"Crna Gora &#8211;\u00a0Neta\u010dne su i neosnovane tvrdnje Mre\u017ee za afirmaciju nevladinog sektora izre\u010dene u srijedu, 2. aprila 2014. godine na konferenciji za medije prema kojoj je navodno vi\u0161e organa dr\u017eavne uprave, lokalnih samouprava i privrednih dru\u0161tava u ve\u0107inskom ili djelimi\u010dnom dr\u017eavnom vlasni\u0161tvu prekr\u0161ilo Zakon o finansiranju politi\u010dkih partija, saop\u0161tio je Vladin Biro za odnose sa [&hellip;]","og_url":"https:\/\/sandzakpress.net\/arhiva\/vlada-mans-obmanuo-javnost-i-iznio-netacne-tvrdnje\/","og_site_name":"Sand\u017eak PRESS","article_published_time":"2014-04-03T19:26:00+00:00","og_image":[{"width":300,"height":213,"url":"https:\/\/sandzakpress.net\/arhiva\/wp-content\/uploads\/2014\/04\/Zgrada-Vlade-0512-2013-Dobrilo-Malidzan-1_2-300x213.jpg","type":"image\/jpeg"}],"author":"bosniak","twitter_card":"summary_large_image","twitter_misc":{"Written by":"bosniak","Est. reading time":"1 minuta"},"schema":{"@context":"https:\/\/schema.org","@graph":[{"@type":"Article","@id":"https:\/\/sandzakpress.net\/arhiva\/vlada-mans-obmanuo-javnost-i-iznio-netacne-tvrdnje\/#article","isPartOf":{"@id":"https:\/\/sandzakpress.net\/arhiva\/vlada-mans-obmanuo-javnost-i-iznio-netacne-tvrdnje\/"},"author":{"name":"bosniak","@id":"https:\/\/sandzakpress.net\/arhiva\/#\/schema\/person\/c8baee722073534b583ea7bdb2e36c02"},"headline":"Vlada: MANS obmanuo javnost i iznio neta\u010dne tvrdnje","datePublished":"2014-04-03T19:26:00+00:00","mainEntityOfPage":{"@id":"https:\/\/sandzakpress.net\/arhiva\/vlada-mans-obmanuo-javnost-i-iznio-netacne-tvrdnje\/"},"wordCount":279,"commentCount":0,"publisher":{"@id":"https:\/\/sandzakpress.net\/arhiva\/#\/schema\/person\/6e72b67d6e51910a1117b3b483ba20bd"},"image":{"@id":"https:\/\/sandzakpress.net\/arhiva\/vlada-mans-obmanuo-javnost-i-iznio-netacne-tvrdnje\/#primaryimage"},"thumbnailUrl":"https:\/\/sandzakpress.net\/arhiva\/wp-content\/uploads\/2014\/04\/Zgrada-Vlade-0512-2013-Dobrilo-Malidzan-1_2-300x213.jpg","articleSection":["Politika","Crna Gora"],"inLanguage":"bs-BA","potentialAction":[{"@type":"CommentAction","name":"Comment","target":["https:\/\/sandzakpress.net\/arhiva\/vlada-mans-obmanuo-javnost-i-iznio-netacne-tvrdnje\/#respond"]}]},{"@type":"WebPage","@id":"https:\/\/sandzakpress.net\/arhiva\/vlada-mans-obmanuo-javnost-i-iznio-netacne-tvrdnje\/","url":"https:\/\/sandzakpress.net\/arhiva\/vlada-mans-obmanuo-javnost-i-iznio-netacne-tvrdnje\/","name":"Vlada: MANS obmanuo javnost i iznio neta\u010dne tvrdnje","isPartOf":{"@id":"https:\/\/sandzakpress.net\/arhiva\/#website"},"primaryImageOfPage":{"@id":"https:\/\/sandzakpress.net\/arhiva\/vlada-mans-obmanuo-javnost-i-iznio-netacne-tvrdnje\/#primaryimage"},"image":{"@id":"https:\/\/sandzakpress.net\/arhiva\/vlada-mans-obmanuo-javnost-i-iznio-netacne-tvrdnje\/#primaryimage"},"thumbnailUrl":"https:\/\/sandzakpress.net\/arhiva\/wp-content\/uploads\/2014\/04\/Zgrada-Vlade-0512-2013-Dobrilo-Malidzan-1_2-300x213.jpg","datePublished":"2014-04-03T19:26:00+00:00","breadcrumb":{"@id":"https:\/\/sandzakpress.net\/arhiva\/vlada-mans-obmanuo-javnost-i-iznio-netacne-tvrdnje\/#breadcrumb"},"inLanguage":"bs-BA","potentialAction":[{"@type":"ReadAction","target":["https:\/\/sandzakpress.net\/arhiva\/vlada-mans-obmanuo-javnost-i-iznio-netacne-tvrdnje\/"]}]},{"@type":"ImageObject","inLanguage":"bs-BA","@id":"https:\/\/sandzakpress.net\/arhiva\/vlada-mans-obmanuo-javnost-i-iznio-netacne-tvrdnje\/#primaryimage","url":"https:\/\/sandzakpress.net\/arhiva\/wp-content\/uploads\/2014\/04\/Zgrada-Vlade-0512-2013-Dobrilo-Malidzan-1_2-300x213.jpg","contentUrl":"https:\/\/sandzakpress.net\/arhiva\/wp-content\/uploads\/2014\/04\/Zgrada-Vlade-0512-2013-Dobrilo-Malidzan-1_2-300x213.jpg","width":300,"height":213},{"@type":"BreadcrumbList","@id":"https:\/\/sandzakpress.net\/arhiva\/vlada-mans-obmanuo-javnost-i-iznio-netacne-tvrdnje\/#breadcrumb","itemListElement":[{"@type":"ListItem","position":1,"name":"Home","item":"https:\/\/sandzakpress.net\/arhiva\/"},{"@type":"ListItem","position":2,"name":"Vlada: MANS obmanuo javnost i iznio neta\u010dne tvrdnje"}]},{"@type":"WebSite","@id":"https:\/\/sandzakpress.net\/arhiva\/#website","url":"https:\/\/sandzakpress.net\/arhiva\/","name":"Sand\u017eak PRESS","description":"Prve elektronske novine u Sand\u017eaku","publisher":{"@id":"https:\/\/sandzakpress.net\/arhiva\/#\/schema\/person\/6e72b67d6e51910a1117b3b483ba20bd"},"potentialAction":[{"@type":"SearchAction","target":{"@type":"EntryPoint","urlTemplate":"https:\/\/sandzakpress.net\/arhiva\/?s={search_term_string}"},"query-input":{"@type":"PropertyValueSpecification","valueRequired":true,"valueName":"search_term_string"}}],"inLanguage":"bs-BA"},{"@type":["Person","Organization"],"@id":"https:\/\/sandzakpress.net\/arhiva\/#\/schema\/person\/6e72b67d6e51910a1117b3b483ba20bd","name":"Kul","image":{"@type":"ImageObject","inLanguage":"bs-BA","@id":"https:\/\/sandzakpress.net\/arhiva\/#\/schema\/person\/image\/","url":"https:\/\/secure.gravatar.com\/avatar\/42263f39aa27ac04c43cab85c280eb2e?s=96&d=mm&r=pg","contentUrl":"https:\/\/secure.gravatar.com\/avatar\/42263f39aa27ac04c43cab85c280eb2e?s=96&d=mm&r=pg","caption":"Kul"},"logo":{"@id":"https:\/\/sandzakpress.net\/arhiva\/#\/schema\/person\/image\/"}},{"@type":"Person","@id":"https:\/\/sandzakpress.net\/arhiva\/#\/schema\/person\/c8baee722073534b583ea7bdb2e36c02","name":"bosniak","image":{"@type":"ImageObject","inLanguage":"bs-BA","@id":"https:\/\/sandzakpress.net\/arhiva\/#\/schema\/person\/image\/","url":"https:\/\/secure.gravatar.com\/avatar\/a04fd330bfe3a36a72a0ad4a6d89fca7?s=96&d=mm&r=pg","contentUrl":"https:\/\/secure.gravatar.com\/avatar\/a04fd330bfe3a36a72a0ad4a6d89fca7?s=96&d=mm&r=pg","caption":"bosniak"},"url":"https:\/\/sandzakpress.net\/arhiva\/author\/bosniak\/"}]}},"_links":{"self":[{"href":"https:\/\/sandzakpress.net\/arhiva\/wp-json\/wp\/v2\/posts\/103981"}],"collection":[{"href":"https:\/\/sandzakpress.net\/arhiva\/wp-json\/wp\/v2\/posts"}],"about":[{"href":"https:\/\/sandzakpress.net\/arhiva\/wp-json\/wp\/v2\/types\/post"}],"author":[{"embeddable":true,"href":"https:\/\/sandzakpress.net\/arhiva\/wp-json\/wp\/v2\/users\/83"}],"replies":[{"embeddable":true,"href":"https:\/\/sandzakpress.net\/arhiva\/wp-json\/wp\/v2\/comments?post=103981"}],"version-history":[{"count":0,"href":"https:\/\/sandzakpress.net\/arhiva\/wp-json\/wp\/v2\/posts\/103981\/revisions"}],"wp:featuredmedia":[{"embeddable":true,"href":"https:\/\/sandzakpress.net\/arhiva\/wp-json\/wp\/v2\/media\/103982"}],"wp:attachment":[{"href":"https:\/\/sandzakpress.net\/arhiva\/wp-json\/wp\/v2\/media?parent=103981"}],"wp:term":[{"taxonomy":"category","embeddable":true,"href":"https:\/\/sandzakpress.net\/arhiva\/wp-json\/wp\/v2\/categories?post=103981"},{"taxonomy":"post_tag","embeddable":true,"href":"https:\/\/sandzakpress.net\/arhiva\/wp-json\/wp\/v2\/tags?post=103981"}],"curies":[{"name":"wp","href":"https:\/\/api.w.org\/{rel}","templated":true}]}}