{"id":103972,"date":"2014-04-03T18:53:06","date_gmt":"2014-04-03T16:53:06","guid":{"rendered":"https:\/\/sandzakpress.net\/arhiva\/?p=103972"},"modified":"2014-04-03T18:53:06","modified_gmt":"2014-04-03T16:53:06","slug":"zasto-bosnjaci-toliko-vole-erdogana","status":"publish","type":"post","link":"https:\/\/sandzakpress.net\/arhiva\/zasto-bosnjaci-toliko-vole-erdogana\/","title":{"rendered":"Za\u0161to Bo\u0161njaci toliko vole Erdogana?"},"content":{"rendered":"<p><img loading=\"lazy\" decoding=\"async\" class=\"fancybox-image alignleft\" style=\"font-size: 14px; line-height: 1.5em;\" alt=\"\" src=\"http:\/\/www.bosnjak-ks.com\/slike\/upload\/2014\/MART\/VJERA\/tenzile_erdogan_recep.jpg\" width=\"357\" height=\"238\" \/>\u201cNikad mi ni\u0161ta u \u017eivotu nisi dao, nikad me po glavi nisi pomilovao, ali moja ljubav i po\u0161tovanje prema tebi bilo je ogromno!\u201d<\/p>\n<div>\n<p>&nbsp;<\/p>\n<div>\n<p>Bio sam na mu\u0161kom sijelu kod jednog prijatelja na Bistriku u nedjelju nave\u010der, tjst. preksino\u0107, bilo nas je nekoliko i onako u opu\u0161tenoj atmosferi gledali smo finale Mastersa u Majamiju izme\u0111u \u0110okovi\u0107a i Nadala. Ukratko kazano, nije se imalo tu \u0161ta gledati i vidjeti od me\u010da i teniske \u201cborbe, osim demonstracije teniske superiornosti Novaka \u0110okovi\u0107a, koji je, prosto kazano, \u201cpomeo\u201d sa terena poprili\u010dno izgubljenog Nadala. (A ho\u0107u kazati: navijam za Nadala! Ima ne\u0161to arapsko u njegovom prezimenu. Pa ne tako davno Arapi su \u017eivjeli na Majorci. Ili, kao \u0161to je i ime modnog dizajnera \u2013 Paco Rabanne, a \u010dita se Rabani. Pravo arapsko!) Uzgred, rezultat je bio 6:3-6:3. No, jedna je tema bila interesantnija, a nju smo pratili preko interneta: rezultate lokalnih izbora u Turskoj.<\/p>\n<p>Negdje blizu 22 sata, dakle, sada ve\u0107 po ljetnom ra\u010dunanju vremena, objavljeni su na internetu i prvi nezvani\u010dni rezultati, u kojima se ka\u017ee da je Recep Tayyip Erdogan sa svojom AK partijom odnio upe\u010datljivu pobjedu i, opet, prostim rije\u010dima kazano, \u201cpomeo\u201d s politi\u010dke scene svoje rivale i opoziciju. To je, zapravo, bio taj odnos, kao u me\u010du izme\u0111u \u0110okovi\u0107a i Nadala. Erdogan je bio kao \u0110okovi\u0107. A tri su grada, zapravo, bila egzemplarna: Istanbul, Ankara i Izmir. U prva dva, Erdogan je ostvario pobjedu s gotovo 50% osvojenih glasova, a u Izmiru ve\u0107 tradicionalno AK Partija nema podr\u0161ku, ve\u0107 opozicija na \u010delu sa CHP-om. No, bez obzira na sada ve\u0107 pogre\u0161na predvi\u0111anja i krive prognoze o padu i lo\u0161em rezultatu (zbog raskola sa Fethullahom Gulenom, zabrane Twitera i nemira), Erdogan nije do\u017eivio pad, ali te \u0107u analize ostaviti politi\u010dkim analiti\u010darima.<\/p>\n<p>Tako se negdje oko 22:30 i na\u0161e sijelo zavr\u0161ilo, a ja sam krenuo ku\u0107i. Me\u0111utim, negdje na Skenderiji imao sam \u0161ta vidjeti i do\u017eivjeti. Bilo je blizu 23 sata, upao sam u veliku gu\u017evu, zapravo, u kolonu od nekoliko desetina auta, ta\u010dno ne mogu procijeniti, ali mislim da je bilo i blizu stotinjak auta, koja su bila obljepljena Erdoganovim slikama i zastavama AK Partije. Policija je ovaj put radila svoj posao, s nekoliko auta i upaljenim rotacijama, ispred, nazad i sa strane, pratila je kolonu, koja je sirenama svirala, budila grad i proslavljala pobjedu.<\/p>\n<p>Nisam imao izbora, jer nisam mogao ni iza\u0107i, uklju\u010div\u0161i sva \u010detiri \u017emigavca postao sam dio slavljeni\u010dke kolone. Mislio sam u sebi: dobro, (turski) premijer Erdogan je ovaj grad stalno selamio i pozdravljao u svojim govorima, nekoliko je puta bio ovdje, njegov ministar Davutoglu stalno dolazi i daje podr\u0161ku ovome gradu, pa mo\u017eda je prilika da i ja dadnem skromni doprinos proslavi zbog njegove pobjede. Gledao sam u ljude, koji su bili u autima pored mene, sa turskim zastavama, slikama Erdogana i zastavama AK Partije, mahali su mi rukama, salutiraju\u0107i i izra\u017eavaju\u0107i svoju radost i zahvalnost za podr\u0161ku. Bili su to uglavno mladi turski studenti koji u Sarajevu studiraju, sa posu\u0111enim automobilima bh. registarskih oznaka, ali, moram priznati, bilo je dosta i ljudi koji su Sarajlije i Bo\u0161njaci, a koji su odve\u0107 planski bili dio kolone sa svim slavljeni\u010dkim rekvizitima. Neke od njih dobro znam.<\/p>\n<p>Negdje kod Vje\u0107nice kolona je usporila, jer je na Ba\u0161\u010dar\u0161iji zaustavljena i tu je nastupio slavljeni\u010dki ples i sveop\u0107a svirka. Ali, moje iznena\u0111enje bilo je ve\u0107e kada sam vidio neke ljude s \u010dar\u0161ije, gazde i radnike iz radnji s Ba\u0161\u010dar\u0161ije, kako su iza\u0161li na glavnu ulicu, u rukama su imali Erdoganove slike i mahali turskim zastavama. To me je podsjetilo na proslavu u Sarajevu, od prije nekoliko godina, kada je Turska na Evropskom prvenstvu u fudbalu pobijedila Hrvatsku. Ali, ovaj put Turska se nadmetala sa samom sobom. I bolji je pobijedio, kazano u duhu narodne krilatice ili molitve: \u201cNeka bolji pobjedi!\u201d<\/p>\n<p>Ali, ja sam se pitao: Za\u0161to ovaj narod u ove skoro pa sitne sate slavi pobjedu AK Partije i Recepa Tayyipa Erdogana?! Kako je ve\u0107 poznato, prave su investicije mo\u017eebitno u Srbiji i gdje drugdje, vrlo malo pravih investicija iz Turske dolazi u Bosnu, osim selama s predizbornih skupova i ljubavi u koju ovaj svijet ne sumnja. Odgovor mi daje jedna od scena s po\u010detka filma \u201cFetih\u201d, velikog turskog filmskog spektakla koji govori o sultanu Fatihu, a scena ide ovako: na koljenima uz mrtvog oca sultana Murata II, kle\u010di mladi sultan Mehmed Fatih II. Obra\u0107a mu se rije\u010dima, parafraziram: \u201cNikad mi ni\u0161ta u \u017eivotu nisi dao, nikad me po glavi nisi pomilovao, ali moja ljubav i po\u0161tovanje prema tebi bilo je ogromno!\u201d<\/p>\n<p>Tako i u Bosni vole \u201csultana Erdogana\u201d, kako mu od milja tepaju Bo\u0161njaci, jer u njemu vide svoju kakvu-takvu sigurnost, podr\u0161ku i za\u0161titu, kao \u0161to drugi konstitutivni narodi tu podr\u0161ku vide u Srbiji i Rusiji ili Hrvatskoj i Vatikanu itd.<\/p>\n<p>U Bosni je to tako. Vazda bilo.<\/p>\n<p>Autor: Muhamed Veli\u0107 ( Preuzeto sa facebook profila)<\/p>\n<\/div>\n<\/div>\n","protected":false},"excerpt":{"rendered":"<p>Muhamed Veli\u0107<\/p>\n","protected":false},"author":83,"featured_media":103973,"comment_status":"open","ping_status":"open","sticky":false,"template":"","format":"standard","meta":{"footnotes":""},"categories":[10196],"tags":[10211],"class_list":{"0":"post-103972","1":"post","2":"type-post","3":"status-publish","4":"format-standard","5":"has-post-thumbnail","7":"category-iz-pera-nasih-autora","8":"tag-redzep-erdogan"},"yoast_head":"<!-- This site is optimized with the Yoast SEO Premium plugin v23.1 (Yoast SEO v24.9) - https:\/\/yoast.com\/wordpress\/plugins\/seo\/ -->\n<title>Za\u0161to Bo\u0161njaci toliko vole Erdogana?<\/title>\n<meta name=\"robots\" content=\"index, follow, max-snippet:-1, max-image-preview:large, max-video-preview:-1\" \/>\n<link rel=\"canonical\" href=\"https:\/\/sandzakpress.net\/arhiva\/zasto-bosnjaci-toliko-vole-erdogana\/\" \/>\n<meta property=\"og:locale\" content=\"bs_BA\" \/>\n<meta property=\"og:type\" content=\"article\" \/>\n<meta property=\"og:title\" content=\"Za\u0161to Bo\u0161njaci toliko vole Erdogana?\" \/>\n<meta property=\"og:description\" content=\"Muhamed Veli\u0107\" \/>\n<meta property=\"og:url\" content=\"https:\/\/sandzakpress.net\/arhiva\/zasto-bosnjaci-toliko-vole-erdogana\/\" \/>\n<meta property=\"og:site_name\" content=\"Sand\u017eak PRESS\" \/>\n<meta property=\"article:published_time\" content=\"2014-04-03T16:53:06+00:00\" \/>\n<meta property=\"og:image\" content=\"https:\/\/sandzakpress.net\/arhiva\/wp-content\/uploads\/2014\/04\/tenzile_erdogan_recep.jpg\" \/>\n\t<meta property=\"og:image:width\" content=\"510\" \/>\n\t<meta property=\"og:image:height\" content=\"340\" \/>\n\t<meta property=\"og:image:type\" content=\"image\/jpeg\" \/>\n<meta name=\"author\" content=\"bosniak\" \/>\n<meta name=\"twitter:card\" content=\"summary_large_image\" \/>\n<meta name=\"twitter:label1\" content=\"Written by\" \/>\n\t<meta name=\"twitter:data1\" content=\"bosniak\" \/>\n\t<meta name=\"twitter:label2\" content=\"Est. reading time\" \/>\n\t<meta name=\"twitter:data2\" content=\"4 minute\" \/>\n<script type=\"application\/ld+json\" class=\"yoast-schema-graph\">{\"@context\":\"https:\/\/schema.org\",\"@graph\":[{\"@type\":\"Article\",\"@id\":\"https:\/\/sandzakpress.net\/arhiva\/zasto-bosnjaci-toliko-vole-erdogana\/#article\",\"isPartOf\":{\"@id\":\"https:\/\/sandzakpress.net\/arhiva\/zasto-bosnjaci-toliko-vole-erdogana\/\"},\"author\":{\"name\":\"bosniak\",\"@id\":\"https:\/\/sandzakpress.net\/arhiva\/#\/schema\/person\/c8baee722073534b583ea7bdb2e36c02\"},\"headline\":\"Za\u0161to Bo\u0161njaci toliko vole Erdogana?\",\"datePublished\":\"2014-04-03T16:53:06+00:00\",\"mainEntityOfPage\":{\"@id\":\"https:\/\/sandzakpress.net\/arhiva\/zasto-bosnjaci-toliko-vole-erdogana\/\"},\"wordCount\":877,\"commentCount\":9,\"publisher\":{\"@id\":\"https:\/\/sandzakpress.net\/arhiva\/#\/schema\/person\/6e72b67d6e51910a1117b3b483ba20bd\"},\"image\":{\"@id\":\"https:\/\/sandzakpress.net\/arhiva\/zasto-bosnjaci-toliko-vole-erdogana\/#primaryimage\"},\"thumbnailUrl\":\"https:\/\/sandzakpress.net\/arhiva\/wp-content\/uploads\/2014\/04\/tenzile_erdogan_recep.jpg\",\"keywords\":[\"Red\u017eep Erdogan\"],\"articleSection\":[\"Iz pera na\u0161ih autora\"],\"inLanguage\":\"bs-BA\",\"potentialAction\":[{\"@type\":\"CommentAction\",\"name\":\"Comment\",\"target\":[\"https:\/\/sandzakpress.net\/arhiva\/zasto-bosnjaci-toliko-vole-erdogana\/#respond\"]}]},{\"@type\":\"WebPage\",\"@id\":\"https:\/\/sandzakpress.net\/arhiva\/zasto-bosnjaci-toliko-vole-erdogana\/\",\"url\":\"https:\/\/sandzakpress.net\/arhiva\/zasto-bosnjaci-toliko-vole-erdogana\/\",\"name\":\"Za\u0161to Bo\u0161njaci toliko vole Erdogana?\",\"isPartOf\":{\"@id\":\"https:\/\/sandzakpress.net\/arhiva\/#website\"},\"primaryImageOfPage\":{\"@id\":\"https:\/\/sandzakpress.net\/arhiva\/zasto-bosnjaci-toliko-vole-erdogana\/#primaryimage\"},\"image\":{\"@id\":\"https:\/\/sandzakpress.net\/arhiva\/zasto-bosnjaci-toliko-vole-erdogana\/#primaryimage\"},\"thumbnailUrl\":\"https:\/\/sandzakpress.net\/arhiva\/wp-content\/uploads\/2014\/04\/tenzile_erdogan_recep.jpg\",\"datePublished\":\"2014-04-03T16:53:06+00:00\",\"breadcrumb\":{\"@id\":\"https:\/\/sandzakpress.net\/arhiva\/zasto-bosnjaci-toliko-vole-erdogana\/#breadcrumb\"},\"inLanguage\":\"bs-BA\",\"potentialAction\":[{\"@type\":\"ReadAction\",\"target\":[\"https:\/\/sandzakpress.net\/arhiva\/zasto-bosnjaci-toliko-vole-erdogana\/\"]}]},{\"@type\":\"ImageObject\",\"inLanguage\":\"bs-BA\",\"@id\":\"https:\/\/sandzakpress.net\/arhiva\/zasto-bosnjaci-toliko-vole-erdogana\/#primaryimage\",\"url\":\"https:\/\/sandzakpress.net\/arhiva\/wp-content\/uploads\/2014\/04\/tenzile_erdogan_recep.jpg\",\"contentUrl\":\"https:\/\/sandzakpress.net\/arhiva\/wp-content\/uploads\/2014\/04\/tenzile_erdogan_recep.jpg\",\"width\":510,\"height\":340},{\"@type\":\"BreadcrumbList\",\"@id\":\"https:\/\/sandzakpress.net\/arhiva\/zasto-bosnjaci-toliko-vole-erdogana\/#breadcrumb\",\"itemListElement\":[{\"@type\":\"ListItem\",\"position\":1,\"name\":\"Home\",\"item\":\"https:\/\/sandzakpress.net\/arhiva\/\"},{\"@type\":\"ListItem\",\"position\":2,\"name\":\"Za\u0161to Bo\u0161njaci toliko vole Erdogana?\"}]},{\"@type\":\"WebSite\",\"@id\":\"https:\/\/sandzakpress.net\/arhiva\/#website\",\"url\":\"https:\/\/sandzakpress.net\/arhiva\/\",\"name\":\"Sand\u017eak PRESS\",\"description\":\"Prve elektronske novine u Sand\u017eaku\",\"publisher\":{\"@id\":\"https:\/\/sandzakpress.net\/arhiva\/#\/schema\/person\/6e72b67d6e51910a1117b3b483ba20bd\"},\"potentialAction\":[{\"@type\":\"SearchAction\",\"target\":{\"@type\":\"EntryPoint\",\"urlTemplate\":\"https:\/\/sandzakpress.net\/arhiva\/?s={search_term_string}\"},\"query-input\":{\"@type\":\"PropertyValueSpecification\",\"valueRequired\":true,\"valueName\":\"search_term_string\"}}],\"inLanguage\":\"bs-BA\"},{\"@type\":[\"Person\",\"Organization\"],\"@id\":\"https:\/\/sandzakpress.net\/arhiva\/#\/schema\/person\/6e72b67d6e51910a1117b3b483ba20bd\",\"name\":\"Kul\",\"image\":{\"@type\":\"ImageObject\",\"inLanguage\":\"bs-BA\",\"@id\":\"https:\/\/sandzakpress.net\/arhiva\/#\/schema\/person\/image\/\",\"url\":\"https:\/\/secure.gravatar.com\/avatar\/42263f39aa27ac04c43cab85c280eb2e?s=96&d=mm&r=pg\",\"contentUrl\":\"https:\/\/secure.gravatar.com\/avatar\/42263f39aa27ac04c43cab85c280eb2e?s=96&d=mm&r=pg\",\"caption\":\"Kul\"},\"logo\":{\"@id\":\"https:\/\/sandzakpress.net\/arhiva\/#\/schema\/person\/image\/\"}},{\"@type\":\"Person\",\"@id\":\"https:\/\/sandzakpress.net\/arhiva\/#\/schema\/person\/c8baee722073534b583ea7bdb2e36c02\",\"name\":\"bosniak\",\"image\":{\"@type\":\"ImageObject\",\"inLanguage\":\"bs-BA\",\"@id\":\"https:\/\/sandzakpress.net\/arhiva\/#\/schema\/person\/image\/\",\"url\":\"https:\/\/secure.gravatar.com\/avatar\/a04fd330bfe3a36a72a0ad4a6d89fca7?s=96&d=mm&r=pg\",\"contentUrl\":\"https:\/\/secure.gravatar.com\/avatar\/a04fd330bfe3a36a72a0ad4a6d89fca7?s=96&d=mm&r=pg\",\"caption\":\"bosniak\"},\"url\":\"https:\/\/sandzakpress.net\/arhiva\/author\/bosniak\/\"}]}<\/script>\n<!-- \/ Yoast SEO Premium plugin. -->","yoast_head_json":{"title":"Za\u0161to Bo\u0161njaci toliko vole Erdogana?","robots":{"index":"index","follow":"follow","max-snippet":"max-snippet:-1","max-image-preview":"max-image-preview:large","max-video-preview":"max-video-preview:-1"},"canonical":"https:\/\/sandzakpress.net\/arhiva\/zasto-bosnjaci-toliko-vole-erdogana\/","og_locale":"bs_BA","og_type":"article","og_title":"Za\u0161to Bo\u0161njaci toliko vole Erdogana?","og_description":"Muhamed Veli\u0107","og_url":"https:\/\/sandzakpress.net\/arhiva\/zasto-bosnjaci-toliko-vole-erdogana\/","og_site_name":"Sand\u017eak PRESS","article_published_time":"2014-04-03T16:53:06+00:00","og_image":[{"width":510,"height":340,"url":"https:\/\/sandzakpress.net\/arhiva\/wp-content\/uploads\/2014\/04\/tenzile_erdogan_recep.jpg","type":"image\/jpeg"}],"author":"bosniak","twitter_card":"summary_large_image","twitter_misc":{"Written by":"bosniak","Est. reading time":"4 minute"},"schema":{"@context":"https:\/\/schema.org","@graph":[{"@type":"Article","@id":"https:\/\/sandzakpress.net\/arhiva\/zasto-bosnjaci-toliko-vole-erdogana\/#article","isPartOf":{"@id":"https:\/\/sandzakpress.net\/arhiva\/zasto-bosnjaci-toliko-vole-erdogana\/"},"author":{"name":"bosniak","@id":"https:\/\/sandzakpress.net\/arhiva\/#\/schema\/person\/c8baee722073534b583ea7bdb2e36c02"},"headline":"Za\u0161to Bo\u0161njaci toliko vole Erdogana?","datePublished":"2014-04-03T16:53:06+00:00","mainEntityOfPage":{"@id":"https:\/\/sandzakpress.net\/arhiva\/zasto-bosnjaci-toliko-vole-erdogana\/"},"wordCount":877,"commentCount":9,"publisher":{"@id":"https:\/\/sandzakpress.net\/arhiva\/#\/schema\/person\/6e72b67d6e51910a1117b3b483ba20bd"},"image":{"@id":"https:\/\/sandzakpress.net\/arhiva\/zasto-bosnjaci-toliko-vole-erdogana\/#primaryimage"},"thumbnailUrl":"https:\/\/sandzakpress.net\/arhiva\/wp-content\/uploads\/2014\/04\/tenzile_erdogan_recep.jpg","keywords":["Red\u017eep Erdogan"],"articleSection":["Iz pera na\u0161ih autora"],"inLanguage":"bs-BA","potentialAction":[{"@type":"CommentAction","name":"Comment","target":["https:\/\/sandzakpress.net\/arhiva\/zasto-bosnjaci-toliko-vole-erdogana\/#respond"]}]},{"@type":"WebPage","@id":"https:\/\/sandzakpress.net\/arhiva\/zasto-bosnjaci-toliko-vole-erdogana\/","url":"https:\/\/sandzakpress.net\/arhiva\/zasto-bosnjaci-toliko-vole-erdogana\/","name":"Za\u0161to Bo\u0161njaci toliko vole Erdogana?","isPartOf":{"@id":"https:\/\/sandzakpress.net\/arhiva\/#website"},"primaryImageOfPage":{"@id":"https:\/\/sandzakpress.net\/arhiva\/zasto-bosnjaci-toliko-vole-erdogana\/#primaryimage"},"image":{"@id":"https:\/\/sandzakpress.net\/arhiva\/zasto-bosnjaci-toliko-vole-erdogana\/#primaryimage"},"thumbnailUrl":"https:\/\/sandzakpress.net\/arhiva\/wp-content\/uploads\/2014\/04\/tenzile_erdogan_recep.jpg","datePublished":"2014-04-03T16:53:06+00:00","breadcrumb":{"@id":"https:\/\/sandzakpress.net\/arhiva\/zasto-bosnjaci-toliko-vole-erdogana\/#breadcrumb"},"inLanguage":"bs-BA","potentialAction":[{"@type":"ReadAction","target":["https:\/\/sandzakpress.net\/arhiva\/zasto-bosnjaci-toliko-vole-erdogana\/"]}]},{"@type":"ImageObject","inLanguage":"bs-BA","@id":"https:\/\/sandzakpress.net\/arhiva\/zasto-bosnjaci-toliko-vole-erdogana\/#primaryimage","url":"https:\/\/sandzakpress.net\/arhiva\/wp-content\/uploads\/2014\/04\/tenzile_erdogan_recep.jpg","contentUrl":"https:\/\/sandzakpress.net\/arhiva\/wp-content\/uploads\/2014\/04\/tenzile_erdogan_recep.jpg","width":510,"height":340},{"@type":"BreadcrumbList","@id":"https:\/\/sandzakpress.net\/arhiva\/zasto-bosnjaci-toliko-vole-erdogana\/#breadcrumb","itemListElement":[{"@type":"ListItem","position":1,"name":"Home","item":"https:\/\/sandzakpress.net\/arhiva\/"},{"@type":"ListItem","position":2,"name":"Za\u0161to Bo\u0161njaci toliko vole Erdogana?"}]},{"@type":"WebSite","@id":"https:\/\/sandzakpress.net\/arhiva\/#website","url":"https:\/\/sandzakpress.net\/arhiva\/","name":"Sand\u017eak PRESS","description":"Prve elektronske novine u Sand\u017eaku","publisher":{"@id":"https:\/\/sandzakpress.net\/arhiva\/#\/schema\/person\/6e72b67d6e51910a1117b3b483ba20bd"},"potentialAction":[{"@type":"SearchAction","target":{"@type":"EntryPoint","urlTemplate":"https:\/\/sandzakpress.net\/arhiva\/?s={search_term_string}"},"query-input":{"@type":"PropertyValueSpecification","valueRequired":true,"valueName":"search_term_string"}}],"inLanguage":"bs-BA"},{"@type":["Person","Organization"],"@id":"https:\/\/sandzakpress.net\/arhiva\/#\/schema\/person\/6e72b67d6e51910a1117b3b483ba20bd","name":"Kul","image":{"@type":"ImageObject","inLanguage":"bs-BA","@id":"https:\/\/sandzakpress.net\/arhiva\/#\/schema\/person\/image\/","url":"https:\/\/secure.gravatar.com\/avatar\/42263f39aa27ac04c43cab85c280eb2e?s=96&d=mm&r=pg","contentUrl":"https:\/\/secure.gravatar.com\/avatar\/42263f39aa27ac04c43cab85c280eb2e?s=96&d=mm&r=pg","caption":"Kul"},"logo":{"@id":"https:\/\/sandzakpress.net\/arhiva\/#\/schema\/person\/image\/"}},{"@type":"Person","@id":"https:\/\/sandzakpress.net\/arhiva\/#\/schema\/person\/c8baee722073534b583ea7bdb2e36c02","name":"bosniak","image":{"@type":"ImageObject","inLanguage":"bs-BA","@id":"https:\/\/sandzakpress.net\/arhiva\/#\/schema\/person\/image\/","url":"https:\/\/secure.gravatar.com\/avatar\/a04fd330bfe3a36a72a0ad4a6d89fca7?s=96&d=mm&r=pg","contentUrl":"https:\/\/secure.gravatar.com\/avatar\/a04fd330bfe3a36a72a0ad4a6d89fca7?s=96&d=mm&r=pg","caption":"bosniak"},"url":"https:\/\/sandzakpress.net\/arhiva\/author\/bosniak\/"}]}},"_links":{"self":[{"href":"https:\/\/sandzakpress.net\/arhiva\/wp-json\/wp\/v2\/posts\/103972"}],"collection":[{"href":"https:\/\/sandzakpress.net\/arhiva\/wp-json\/wp\/v2\/posts"}],"about":[{"href":"https:\/\/sandzakpress.net\/arhiva\/wp-json\/wp\/v2\/types\/post"}],"author":[{"embeddable":true,"href":"https:\/\/sandzakpress.net\/arhiva\/wp-json\/wp\/v2\/users\/83"}],"replies":[{"embeddable":true,"href":"https:\/\/sandzakpress.net\/arhiva\/wp-json\/wp\/v2\/comments?post=103972"}],"version-history":[{"count":0,"href":"https:\/\/sandzakpress.net\/arhiva\/wp-json\/wp\/v2\/posts\/103972\/revisions"}],"wp:featuredmedia":[{"embeddable":true,"href":"https:\/\/sandzakpress.net\/arhiva\/wp-json\/wp\/v2\/media\/103973"}],"wp:attachment":[{"href":"https:\/\/sandzakpress.net\/arhiva\/wp-json\/wp\/v2\/media?parent=103972"}],"wp:term":[{"taxonomy":"category","embeddable":true,"href":"https:\/\/sandzakpress.net\/arhiva\/wp-json\/wp\/v2\/categories?post=103972"},{"taxonomy":"post_tag","embeddable":true,"href":"https:\/\/sandzakpress.net\/arhiva\/wp-json\/wp\/v2\/tags?post=103972"}],"curies":[{"name":"wp","href":"https:\/\/api.w.org\/{rel}","templated":true}]}}