{"id":103956,"date":"2014-04-03T18:21:11","date_gmt":"2014-04-03T16:21:11","guid":{"rendered":"https:\/\/sandzakpress.net\/arhiva\/?p=103956"},"modified":"2014-04-03T18:21:31","modified_gmt":"2014-04-03T16:21:31","slug":"u-600-mjesta-u-srbiji-ne-zivi-dijete-mlade-od-pet-godina","status":"publish","type":"post","link":"https:\/\/sandzakpress.net\/arhiva\/u-600-mjesta-u-srbiji-ne-zivi-dijete-mlade-od-pet-godina\/","title":{"rendered":"U 600 mjesta u Srbiji ne \u017eivi dijete mla\u0111e od pet godina!"},"content":{"rendered":"<p><img loading=\"lazy\" decoding=\"async\" class=\"alignleft\" style=\"font-size: 14px; line-height: 1.5em;\" alt=\"Beba1\" src=\"http:\/\/www.priboj033.com\/wp-content\/uploads\/2014\/03\/Beba1-300x200.jpg\" width=\"300\" height=\"200\" \/><strong>Srbija &#8211;\u00a0\u0160irom Srbije rastu djeca koja nemaju drugare sa kojima bi se igrala. Ovu crnu statistiku o broju djece, jasnije je dao popis iz 2011. godine. U Srbiji u 574 naselja nije bilo djeteta uzrasta do pet godina u vreme popisa stanovni\u0161tva 2011. godine. Ovaj pora\u017eavaju\u0107i podatak, zapravo je zna\u010dio da u tim mjestima, u tom trenutku, nije bilo ro\u0111eno nijedno dijete\u00a0od septembra 2006. godine.<\/strong><\/p>\n<p>U najboljem slu\u010daju, ako je i dijete ro\u0111eno, njegovi roditelji su ubrzo odlu\u010dili da se zajedno odsele u neko drugo mjesto. U tih 574 naselja bez djece mla\u0111e od pet godina, u vreme\u00a0popisa\u00a0\u017eivelo je 26.191 ljudi.\u00a0Na crnoj listi, tako su se, na primer na\u0161la mjesta Barje i Balut u op\u0161tiniBosilegrad, Tmava u Kur\u0161umliji, Sakulja u Lazarevcu, Sveti\u0107evo u Ba\u010dkoj Topoli, Sijera\u010d i Cerje u Bajinoj Ba\u0161ti, ali i\u00a0mjestima Brezna, Bu\u010dje, Zabr\u0111e, Zaostro, Jela\u010da, Strmac u op\u0161tini Priboj. Tu su i sela u Prijepolju, poput Vrbova, Ka\u0161ice i Mr\u010dkovine, kao i sela u Sjenici \u2013 Boguti, Borovi\u0107e, Vrapci, Jezero, Krnja Jela i Pralja i Plana.<\/p>\n<p>Spisak je duga\u010dak, a takvih je sela \u0161irom Srbije, od mjesta u okolini Brusa, Trstenika,\u00a0Kraljeva, Novog Pazara, Ra\u0161ke, Kragujevca, Knja\u017eevca, Medve\u0111e i Crne Trave, pa do mesta\u0161ca u okolini\u00a0Gad\u017einog Hana,\u00a0Babu\u0161nice, Bele Palanke, Dimitrovgrada,\u00a0Pirota, Vranja, Kur\u0161umlije.<\/p>\n<p>&#8211; Mo\u017eda interesantniji podatak, iz ugla psihologije i pedagogije, predstavlja \u010dinjenica da je u 267 naselja bilo samo po jedno dete uzrasta do 5 godina.\u00a0U tim naseljima je u zbiru \u017eivelo 23.342 ljudi, pa su deca do pet godina starosti u njima \u010dinila 1,1% ukupne populacije\u00a0\u2013 ka\u017ee\u00a0ekonomista Miroslav Zdravkovi\u0107, koji je analizirao podatke popisa.<\/p>\n<p>Kada stavimo u odnos starije od 50 godina sa ovom djecom dolazimo do ovih pedago\u0161kih i psiholo\u0161kih pitanja.<\/p>\n<p>&#8211;\u00a0Kako je, na primjer, djetetu u Izvoru u op\u0161tini Svrljig gde je 345 ljudi starije od 50 godina, a on jedini mla\u0111i od pet?\u00a0Ili, \u0161ta \u0107emo sa\u00a0de\u010dakom\u00a0u Zaovinama gde je 214 starijih od 50 godina, a dva de\u010daka i jedna devoj\u010dica su od njega stariji po desetak godina. I ona i on od ovih starijih mogu samo \u010dvrge da dobijaju dok u zbiru 559 starijih lica nema druge brige nego da im pomogne ako im \u0161ta treba. A da\u0107e im sve samo da ih deca pogledaju \u2013 navodi za Telegraf Zdravkovi\u0107.<\/p>\n<p>Svakakve sumorne pri\u010de mogu da se napi\u0161u iz ovih podataka.<\/p>\n<p>&#8211;\u00a0Na primer, u Manjincu, u op\u0161tini Knja\u017eevac jedna\u00a0devoj\u010dica\u00a0odrasta sa dve osobe uzrasta od 25 do 29 godina, koje su joj verovatno roditelji, sa jo\u0161 \u010detiri osobe uzrasta od 40 do 44 godina i sa jo\u0161 63 osobe starije od 50 godina\u00a0\u2013 dodaje na\u0161 sagovornik.<\/p>\n<p>Kako li izgleda svijet u o\u010dima ove devoj\u010dice? I u o\u010dima djece \u0161irom Srbije, koja nemaju sa kim da se igraju, ili u najboljem slu\u010daju imaju jednog drugara.<\/p>\n<p>U svega 1.348 sela u na\u0161oj zemlji zajedno se igraju dvoje, do najvi\u0161e desotoro djece mla\u0111e od pet godina.<\/p>\n<p>(priboj033)<\/p>\n","protected":false},"excerpt":{"rendered":"<p>Srbija &#8211;\u00a0\u0160irom Srbije rastu djeca koja nemaju drugare sa kojima bi se igrala. Ovu crnu statistiku o broju djece, jasnije je dao popis iz 2011. godine. U Srbiji u 574 naselja nije bilo djeteta uzrasta do pet godina u vreme popisa stanovni\u0161tva 2011. godine. Ovaj pora\u017eavaju\u0107i podatak, zapravo je zna\u010dio da u tim mjestima, u [&hellip;]<\/p>\n","protected":false},"author":83,"featured_media":103957,"comment_status":"open","ping_status":"open","sticky":false,"template":"","format":"standard","meta":{"footnotes":""},"categories":[52,10307,392,393,5],"tags":[],"class_list":{"0":"post-103956","1":"post","2":"type-post","3":"status-publish","4":"format-standard","5":"has-post-thumbnail","7":"category-sjenica","8":"category-srbija","9":"category-prijepolje_","10":"category-priboj","11":"category-drustvo"},"yoast_head":"<!-- This site is optimized with the Yoast SEO Premium plugin v23.1 (Yoast SEO v24.9) - https:\/\/yoast.com\/wordpress\/plugins\/seo\/ -->\n<title>U 600 mjesta u Srbiji ne \u017eivi dijete mla\u0111e od pet godina!<\/title>\n<meta name=\"robots\" content=\"index, follow, max-snippet:-1, max-image-preview:large, max-video-preview:-1\" \/>\n<link rel=\"canonical\" href=\"https:\/\/sandzakpress.net\/arhiva\/u-600-mjesta-u-srbiji-ne-zivi-dijete-mlade-od-pet-godina\/\" \/>\n<meta property=\"og:locale\" content=\"bs_BA\" \/>\n<meta property=\"og:type\" content=\"article\" \/>\n<meta property=\"og:title\" content=\"U 600 mjesta u Srbiji ne \u017eivi dijete mla\u0111e od pet godina!\" \/>\n<meta property=\"og:description\" content=\"Srbija &#8211;\u00a0\u0160irom Srbije rastu djeca koja nemaju drugare sa kojima bi se igrala. Ovu crnu statistiku o broju djece, jasnije je dao popis iz 2011. godine. U Srbiji u 574 naselja nije bilo djeteta uzrasta do pet godina u vreme popisa stanovni\u0161tva 2011. godine. Ovaj pora\u017eavaju\u0107i podatak, zapravo je zna\u010dio da u tim mjestima, u [&hellip;]\" \/>\n<meta property=\"og:url\" content=\"https:\/\/sandzakpress.net\/arhiva\/u-600-mjesta-u-srbiji-ne-zivi-dijete-mlade-od-pet-godina\/\" \/>\n<meta property=\"og:site_name\" content=\"Sand\u017eak PRESS\" \/>\n<meta property=\"article:published_time\" content=\"2014-04-03T16:21:11+00:00\" \/>\n<meta property=\"article:modified_time\" content=\"2014-04-03T16:21:31+00:00\" \/>\n<meta property=\"og:image\" content=\"https:\/\/sandzakpress.net\/arhiva\/wp-content\/uploads\/2014\/04\/Beba1-300x200.jpg\" \/>\n\t<meta property=\"og:image:width\" content=\"300\" \/>\n\t<meta property=\"og:image:height\" content=\"200\" \/>\n\t<meta property=\"og:image:type\" content=\"image\/jpeg\" \/>\n<meta name=\"author\" content=\"bosniak\" \/>\n<meta name=\"twitter:card\" content=\"summary_large_image\" \/>\n<meta name=\"twitter:label1\" content=\"Written by\" \/>\n\t<meta name=\"twitter:data1\" content=\"bosniak\" \/>\n\t<meta name=\"twitter:label2\" content=\"Est. reading time\" \/>\n\t<meta name=\"twitter:data2\" content=\"3 minute\" \/>\n<script type=\"application\/ld+json\" class=\"yoast-schema-graph\">{\"@context\":\"https:\/\/schema.org\",\"@graph\":[{\"@type\":\"Article\",\"@id\":\"https:\/\/sandzakpress.net\/arhiva\/u-600-mjesta-u-srbiji-ne-zivi-dijete-mlade-od-pet-godina\/#article\",\"isPartOf\":{\"@id\":\"https:\/\/sandzakpress.net\/arhiva\/u-600-mjesta-u-srbiji-ne-zivi-dijete-mlade-od-pet-godina\/\"},\"author\":{\"name\":\"bosniak\",\"@id\":\"https:\/\/sandzakpress.net\/arhiva\/#\/schema\/person\/c8baee722073534b583ea7bdb2e36c02\"},\"headline\":\"U 600 mjesta u Srbiji ne \u017eivi dijete mla\u0111e od pet godina!\",\"datePublished\":\"2014-04-03T16:21:11+00:00\",\"dateModified\":\"2014-04-03T16:21:31+00:00\",\"mainEntityOfPage\":{\"@id\":\"https:\/\/sandzakpress.net\/arhiva\/u-600-mjesta-u-srbiji-ne-zivi-dijete-mlade-od-pet-godina\/\"},\"wordCount\":527,\"commentCount\":0,\"publisher\":{\"@id\":\"https:\/\/sandzakpress.net\/arhiva\/#\/schema\/person\/6e72b67d6e51910a1117b3b483ba20bd\"},\"image\":{\"@id\":\"https:\/\/sandzakpress.net\/arhiva\/u-600-mjesta-u-srbiji-ne-zivi-dijete-mlade-od-pet-godina\/#primaryimage\"},\"thumbnailUrl\":\"https:\/\/sandzakpress.net\/arhiva\/wp-content\/uploads\/2014\/04\/Beba1-300x200.jpg\",\"articleSection\":[\"Sjenica\",\"Srbija\",\"Prijepolje\",\"Priboj\",\"Dru\u0161tvo\"],\"inLanguage\":\"bs-BA\",\"potentialAction\":[{\"@type\":\"CommentAction\",\"name\":\"Comment\",\"target\":[\"https:\/\/sandzakpress.net\/arhiva\/u-600-mjesta-u-srbiji-ne-zivi-dijete-mlade-od-pet-godina\/#respond\"]}]},{\"@type\":\"WebPage\",\"@id\":\"https:\/\/sandzakpress.net\/arhiva\/u-600-mjesta-u-srbiji-ne-zivi-dijete-mlade-od-pet-godina\/\",\"url\":\"https:\/\/sandzakpress.net\/arhiva\/u-600-mjesta-u-srbiji-ne-zivi-dijete-mlade-od-pet-godina\/\",\"name\":\"U 600 mjesta u Srbiji ne \u017eivi dijete mla\u0111e od pet godina!\",\"isPartOf\":{\"@id\":\"https:\/\/sandzakpress.net\/arhiva\/#website\"},\"primaryImageOfPage\":{\"@id\":\"https:\/\/sandzakpress.net\/arhiva\/u-600-mjesta-u-srbiji-ne-zivi-dijete-mlade-od-pet-godina\/#primaryimage\"},\"image\":{\"@id\":\"https:\/\/sandzakpress.net\/arhiva\/u-600-mjesta-u-srbiji-ne-zivi-dijete-mlade-od-pet-godina\/#primaryimage\"},\"thumbnailUrl\":\"https:\/\/sandzakpress.net\/arhiva\/wp-content\/uploads\/2014\/04\/Beba1-300x200.jpg\",\"datePublished\":\"2014-04-03T16:21:11+00:00\",\"dateModified\":\"2014-04-03T16:21:31+00:00\",\"breadcrumb\":{\"@id\":\"https:\/\/sandzakpress.net\/arhiva\/u-600-mjesta-u-srbiji-ne-zivi-dijete-mlade-od-pet-godina\/#breadcrumb\"},\"inLanguage\":\"bs-BA\",\"potentialAction\":[{\"@type\":\"ReadAction\",\"target\":[\"https:\/\/sandzakpress.net\/arhiva\/u-600-mjesta-u-srbiji-ne-zivi-dijete-mlade-od-pet-godina\/\"]}]},{\"@type\":\"ImageObject\",\"inLanguage\":\"bs-BA\",\"@id\":\"https:\/\/sandzakpress.net\/arhiva\/u-600-mjesta-u-srbiji-ne-zivi-dijete-mlade-od-pet-godina\/#primaryimage\",\"url\":\"https:\/\/sandzakpress.net\/arhiva\/wp-content\/uploads\/2014\/04\/Beba1-300x200.jpg\",\"contentUrl\":\"https:\/\/sandzakpress.net\/arhiva\/wp-content\/uploads\/2014\/04\/Beba1-300x200.jpg\",\"width\":300,\"height\":200},{\"@type\":\"BreadcrumbList\",\"@id\":\"https:\/\/sandzakpress.net\/arhiva\/u-600-mjesta-u-srbiji-ne-zivi-dijete-mlade-od-pet-godina\/#breadcrumb\",\"itemListElement\":[{\"@type\":\"ListItem\",\"position\":1,\"name\":\"Home\",\"item\":\"https:\/\/sandzakpress.net\/arhiva\/\"},{\"@type\":\"ListItem\",\"position\":2,\"name\":\"U 600 mjesta u Srbiji ne \u017eivi dijete mla\u0111e od pet godina!\"}]},{\"@type\":\"WebSite\",\"@id\":\"https:\/\/sandzakpress.net\/arhiva\/#website\",\"url\":\"https:\/\/sandzakpress.net\/arhiva\/\",\"name\":\"Sand\u017eak PRESS\",\"description\":\"Prve elektronske novine u Sand\u017eaku\",\"publisher\":{\"@id\":\"https:\/\/sandzakpress.net\/arhiva\/#\/schema\/person\/6e72b67d6e51910a1117b3b483ba20bd\"},\"potentialAction\":[{\"@type\":\"SearchAction\",\"target\":{\"@type\":\"EntryPoint\",\"urlTemplate\":\"https:\/\/sandzakpress.net\/arhiva\/?s={search_term_string}\"},\"query-input\":{\"@type\":\"PropertyValueSpecification\",\"valueRequired\":true,\"valueName\":\"search_term_string\"}}],\"inLanguage\":\"bs-BA\"},{\"@type\":[\"Person\",\"Organization\"],\"@id\":\"https:\/\/sandzakpress.net\/arhiva\/#\/schema\/person\/6e72b67d6e51910a1117b3b483ba20bd\",\"name\":\"Kul\",\"image\":{\"@type\":\"ImageObject\",\"inLanguage\":\"bs-BA\",\"@id\":\"https:\/\/sandzakpress.net\/arhiva\/#\/schema\/person\/image\/\",\"url\":\"https:\/\/secure.gravatar.com\/avatar\/42263f39aa27ac04c43cab85c280eb2e?s=96&d=mm&r=pg\",\"contentUrl\":\"https:\/\/secure.gravatar.com\/avatar\/42263f39aa27ac04c43cab85c280eb2e?s=96&d=mm&r=pg\",\"caption\":\"Kul\"},\"logo\":{\"@id\":\"https:\/\/sandzakpress.net\/arhiva\/#\/schema\/person\/image\/\"}},{\"@type\":\"Person\",\"@id\":\"https:\/\/sandzakpress.net\/arhiva\/#\/schema\/person\/c8baee722073534b583ea7bdb2e36c02\",\"name\":\"bosniak\",\"image\":{\"@type\":\"ImageObject\",\"inLanguage\":\"bs-BA\",\"@id\":\"https:\/\/sandzakpress.net\/arhiva\/#\/schema\/person\/image\/\",\"url\":\"https:\/\/secure.gravatar.com\/avatar\/a04fd330bfe3a36a72a0ad4a6d89fca7?s=96&d=mm&r=pg\",\"contentUrl\":\"https:\/\/secure.gravatar.com\/avatar\/a04fd330bfe3a36a72a0ad4a6d89fca7?s=96&d=mm&r=pg\",\"caption\":\"bosniak\"},\"url\":\"https:\/\/sandzakpress.net\/arhiva\/author\/bosniak\/\"}]}<\/script>\n<!-- \/ Yoast SEO Premium plugin. -->","yoast_head_json":{"title":"U 600 mjesta u Srbiji ne \u017eivi dijete mla\u0111e od pet godina!","robots":{"index":"index","follow":"follow","max-snippet":"max-snippet:-1","max-image-preview":"max-image-preview:large","max-video-preview":"max-video-preview:-1"},"canonical":"https:\/\/sandzakpress.net\/arhiva\/u-600-mjesta-u-srbiji-ne-zivi-dijete-mlade-od-pet-godina\/","og_locale":"bs_BA","og_type":"article","og_title":"U 600 mjesta u Srbiji ne \u017eivi dijete mla\u0111e od pet godina!","og_description":"Srbija &#8211;\u00a0\u0160irom Srbije rastu djeca koja nemaju drugare sa kojima bi se igrala. Ovu crnu statistiku o broju djece, jasnije je dao popis iz 2011. godine. U Srbiji u 574 naselja nije bilo djeteta uzrasta do pet godina u vreme popisa stanovni\u0161tva 2011. godine. Ovaj pora\u017eavaju\u0107i podatak, zapravo je zna\u010dio da u tim mjestima, u [&hellip;]","og_url":"https:\/\/sandzakpress.net\/arhiva\/u-600-mjesta-u-srbiji-ne-zivi-dijete-mlade-od-pet-godina\/","og_site_name":"Sand\u017eak PRESS","article_published_time":"2014-04-03T16:21:11+00:00","article_modified_time":"2014-04-03T16:21:31+00:00","og_image":[{"width":300,"height":200,"url":"https:\/\/sandzakpress.net\/arhiva\/wp-content\/uploads\/2014\/04\/Beba1-300x200.jpg","type":"image\/jpeg"}],"author":"bosniak","twitter_card":"summary_large_image","twitter_misc":{"Written by":"bosniak","Est. reading time":"3 minute"},"schema":{"@context":"https:\/\/schema.org","@graph":[{"@type":"Article","@id":"https:\/\/sandzakpress.net\/arhiva\/u-600-mjesta-u-srbiji-ne-zivi-dijete-mlade-od-pet-godina\/#article","isPartOf":{"@id":"https:\/\/sandzakpress.net\/arhiva\/u-600-mjesta-u-srbiji-ne-zivi-dijete-mlade-od-pet-godina\/"},"author":{"name":"bosniak","@id":"https:\/\/sandzakpress.net\/arhiva\/#\/schema\/person\/c8baee722073534b583ea7bdb2e36c02"},"headline":"U 600 mjesta u Srbiji ne \u017eivi dijete mla\u0111e od pet godina!","datePublished":"2014-04-03T16:21:11+00:00","dateModified":"2014-04-03T16:21:31+00:00","mainEntityOfPage":{"@id":"https:\/\/sandzakpress.net\/arhiva\/u-600-mjesta-u-srbiji-ne-zivi-dijete-mlade-od-pet-godina\/"},"wordCount":527,"commentCount":0,"publisher":{"@id":"https:\/\/sandzakpress.net\/arhiva\/#\/schema\/person\/6e72b67d6e51910a1117b3b483ba20bd"},"image":{"@id":"https:\/\/sandzakpress.net\/arhiva\/u-600-mjesta-u-srbiji-ne-zivi-dijete-mlade-od-pet-godina\/#primaryimage"},"thumbnailUrl":"https:\/\/sandzakpress.net\/arhiva\/wp-content\/uploads\/2014\/04\/Beba1-300x200.jpg","articleSection":["Sjenica","Srbija","Prijepolje","Priboj","Dru\u0161tvo"],"inLanguage":"bs-BA","potentialAction":[{"@type":"CommentAction","name":"Comment","target":["https:\/\/sandzakpress.net\/arhiva\/u-600-mjesta-u-srbiji-ne-zivi-dijete-mlade-od-pet-godina\/#respond"]}]},{"@type":"WebPage","@id":"https:\/\/sandzakpress.net\/arhiva\/u-600-mjesta-u-srbiji-ne-zivi-dijete-mlade-od-pet-godina\/","url":"https:\/\/sandzakpress.net\/arhiva\/u-600-mjesta-u-srbiji-ne-zivi-dijete-mlade-od-pet-godina\/","name":"U 600 mjesta u Srbiji ne \u017eivi dijete mla\u0111e od pet godina!","isPartOf":{"@id":"https:\/\/sandzakpress.net\/arhiva\/#website"},"primaryImageOfPage":{"@id":"https:\/\/sandzakpress.net\/arhiva\/u-600-mjesta-u-srbiji-ne-zivi-dijete-mlade-od-pet-godina\/#primaryimage"},"image":{"@id":"https:\/\/sandzakpress.net\/arhiva\/u-600-mjesta-u-srbiji-ne-zivi-dijete-mlade-od-pet-godina\/#primaryimage"},"thumbnailUrl":"https:\/\/sandzakpress.net\/arhiva\/wp-content\/uploads\/2014\/04\/Beba1-300x200.jpg","datePublished":"2014-04-03T16:21:11+00:00","dateModified":"2014-04-03T16:21:31+00:00","breadcrumb":{"@id":"https:\/\/sandzakpress.net\/arhiva\/u-600-mjesta-u-srbiji-ne-zivi-dijete-mlade-od-pet-godina\/#breadcrumb"},"inLanguage":"bs-BA","potentialAction":[{"@type":"ReadAction","target":["https:\/\/sandzakpress.net\/arhiva\/u-600-mjesta-u-srbiji-ne-zivi-dijete-mlade-od-pet-godina\/"]}]},{"@type":"ImageObject","inLanguage":"bs-BA","@id":"https:\/\/sandzakpress.net\/arhiva\/u-600-mjesta-u-srbiji-ne-zivi-dijete-mlade-od-pet-godina\/#primaryimage","url":"https:\/\/sandzakpress.net\/arhiva\/wp-content\/uploads\/2014\/04\/Beba1-300x200.jpg","contentUrl":"https:\/\/sandzakpress.net\/arhiva\/wp-content\/uploads\/2014\/04\/Beba1-300x200.jpg","width":300,"height":200},{"@type":"BreadcrumbList","@id":"https:\/\/sandzakpress.net\/arhiva\/u-600-mjesta-u-srbiji-ne-zivi-dijete-mlade-od-pet-godina\/#breadcrumb","itemListElement":[{"@type":"ListItem","position":1,"name":"Home","item":"https:\/\/sandzakpress.net\/arhiva\/"},{"@type":"ListItem","position":2,"name":"U 600 mjesta u Srbiji ne \u017eivi dijete mla\u0111e od pet godina!"}]},{"@type":"WebSite","@id":"https:\/\/sandzakpress.net\/arhiva\/#website","url":"https:\/\/sandzakpress.net\/arhiva\/","name":"Sand\u017eak PRESS","description":"Prve elektronske novine u Sand\u017eaku","publisher":{"@id":"https:\/\/sandzakpress.net\/arhiva\/#\/schema\/person\/6e72b67d6e51910a1117b3b483ba20bd"},"potentialAction":[{"@type":"SearchAction","target":{"@type":"EntryPoint","urlTemplate":"https:\/\/sandzakpress.net\/arhiva\/?s={search_term_string}"},"query-input":{"@type":"PropertyValueSpecification","valueRequired":true,"valueName":"search_term_string"}}],"inLanguage":"bs-BA"},{"@type":["Person","Organization"],"@id":"https:\/\/sandzakpress.net\/arhiva\/#\/schema\/person\/6e72b67d6e51910a1117b3b483ba20bd","name":"Kul","image":{"@type":"ImageObject","inLanguage":"bs-BA","@id":"https:\/\/sandzakpress.net\/arhiva\/#\/schema\/person\/image\/","url":"https:\/\/secure.gravatar.com\/avatar\/42263f39aa27ac04c43cab85c280eb2e?s=96&d=mm&r=pg","contentUrl":"https:\/\/secure.gravatar.com\/avatar\/42263f39aa27ac04c43cab85c280eb2e?s=96&d=mm&r=pg","caption":"Kul"},"logo":{"@id":"https:\/\/sandzakpress.net\/arhiva\/#\/schema\/person\/image\/"}},{"@type":"Person","@id":"https:\/\/sandzakpress.net\/arhiva\/#\/schema\/person\/c8baee722073534b583ea7bdb2e36c02","name":"bosniak","image":{"@type":"ImageObject","inLanguage":"bs-BA","@id":"https:\/\/sandzakpress.net\/arhiva\/#\/schema\/person\/image\/","url":"https:\/\/secure.gravatar.com\/avatar\/a04fd330bfe3a36a72a0ad4a6d89fca7?s=96&d=mm&r=pg","contentUrl":"https:\/\/secure.gravatar.com\/avatar\/a04fd330bfe3a36a72a0ad4a6d89fca7?s=96&d=mm&r=pg","caption":"bosniak"},"url":"https:\/\/sandzakpress.net\/arhiva\/author\/bosniak\/"}]}},"_links":{"self":[{"href":"https:\/\/sandzakpress.net\/arhiva\/wp-json\/wp\/v2\/posts\/103956"}],"collection":[{"href":"https:\/\/sandzakpress.net\/arhiva\/wp-json\/wp\/v2\/posts"}],"about":[{"href":"https:\/\/sandzakpress.net\/arhiva\/wp-json\/wp\/v2\/types\/post"}],"author":[{"embeddable":true,"href":"https:\/\/sandzakpress.net\/arhiva\/wp-json\/wp\/v2\/users\/83"}],"replies":[{"embeddable":true,"href":"https:\/\/sandzakpress.net\/arhiva\/wp-json\/wp\/v2\/comments?post=103956"}],"version-history":[{"count":0,"href":"https:\/\/sandzakpress.net\/arhiva\/wp-json\/wp\/v2\/posts\/103956\/revisions"}],"wp:featuredmedia":[{"embeddable":true,"href":"https:\/\/sandzakpress.net\/arhiva\/wp-json\/wp\/v2\/media\/103957"}],"wp:attachment":[{"href":"https:\/\/sandzakpress.net\/arhiva\/wp-json\/wp\/v2\/media?parent=103956"}],"wp:term":[{"taxonomy":"category","embeddable":true,"href":"https:\/\/sandzakpress.net\/arhiva\/wp-json\/wp\/v2\/categories?post=103956"},{"taxonomy":"post_tag","embeddable":true,"href":"https:\/\/sandzakpress.net\/arhiva\/wp-json\/wp\/v2\/tags?post=103956"}],"curies":[{"name":"wp","href":"https:\/\/api.w.org\/{rel}","templated":true}]}}