{"id":10395,"date":"2010-12-11T01:31:30","date_gmt":"2010-12-11T00:31:30","guid":{"rendered":"https:\/\/sandzakpress.net\/arhiva\/?p=10395"},"modified":"2010-12-11T01:31:30","modified_gmt":"2010-12-11T00:31:30","slug":"prijete-mraz-i-zaraze","status":"publish","type":"post","link":"https:\/\/sandzakpress.net\/arhiva\/prijete-mraz-i-zaraze\/","title":{"rendered":"Prijete mraz i zaraze"},"content":{"rendered":"<p><strong><a href=\"https:\/\/sandzakpress.net\/arhiva\/wp-content\/uploads\/2010\/12\/cg-poplave.jpg\"><img loading=\"lazy\" decoding=\"async\" class=\"alignleft size-medium wp-image-10396\" title=\"cg-poplave\" src=\"https:\/\/sandzakpress.net\/arhiva\/wp-content\/uploads\/2010\/12\/cg-poplave-300x225.jpg\" alt=\"\" width=\"300\" height=\"225\" \/><\/a>Berane &#8211; Poplavljenima na jugu Sand\u017eaka, koji su odmah posle povla\u010denja vode u\u0161li u jo\u0161 vla\u017ene ku\u0107e, barake i na ono \u0161to li\u010di na skloni\u0161ta od nevremena gde mnogi nevoljnici \u017eive, sada prijete nove nevolje.<\/strong><\/p>\n<p>Jedna od njih \u0107e ih pratiti jo\u0161 nekoliko mjeseci. Niske temperature otklonile su i najoptimisti\u010dkije ocjene da bi uskoro moglo da do\u0111e do su\u0161enja ku\u0107a. Jak mraz je u mnogim doma\u0107instvima zaledio drva za ogrijev koja su &#8220;plivala&#8221; do prije neki dan, ali i blato koje iz nekih domova, \u0161to se vidi na fotografijama, jo\u0161 nije uklonjeno.<\/p>\n<p>Druga, mo\u017eda najve\u0107a opasnost, ako se izuzme mogu\u0107nost novih poplava, predstavlja epidemija koja &#8220;lebdi&#8221; iznad naselja Donji Talum i izbjegli\u010dkog naselja Riversajd, gdje prije povratka nevoljnika u svoje domove nije obavljena dezinfekcija ni jedne od \u010detrdesetak ku\u0107a u kojima \u017eivi vi\u0161e od 300 ljudi!<\/p>\n<p>&#8211; Ovim ljudima prijeti velika opasnost &#8211; ka\u017ee za &#8220;Novosti&#8221; stru\u010dnjak koji je obi\u0161ao mnoge domove u ova dva naselja gdje je van ku\u0107a jo\u0161 oko 300 ljudi. &#8211; Ni u jednoj ku\u0107i nije obavljena dezinfekcija, niti deratizacija. Prilikom obilaska u nekim prostorijama smo primjetili i zmije, razne glodare. Neko bi trebalo da se postara o svemu, jer, ovdje zaista prijete razne epidemije. Ljudi su bili prisiljeni da se vrate u ku\u0107e u kojima jo\u0161 uvijek ima blata do koljena.<\/p>\n<p>Zaista, \u0161ta \u0107e biti preduzeto da se po propisima dezinfikuju svi domovi u beranskim, ali i mnogim naseljima u Andrijevici i Plavu, pitanje je na koje za sada nema odgovora. Po svemu sude\u0107i, sve je prepu\u0161teno vlasnicima stambenih prostora.<\/p>\n<p>Iz Instituta za javno zdravlje u Podgorici upozoreno je da gra\u0111ani prije povratka u ku\u0107e odstrane sav mulj i krupne ne\u010disto\u0107e, pa da tek onda po\u010dnu sa \u010di\u0161\u0107enjem. U cilju spre\u010davanja zaraznih bolesti savjetovano je da prostorije, zidove i podove treba dobro oprati vru\u0107om vodom i deterd\u017eentom.<\/p>\n<p>&#8211; Tek posle toga mo\u017ee da se krene sa dezinfekcijom, dezinsekcijom i deratizacijom. Posle povla\u010denja vode, dvori\u0161ta treba preprati vodom, kako bi se sprije\u010dilo razmno\u017eavanje insekata i glodara i neprijatni mirisi &#8211; saop\u0161teno je iz Instituta, odakle se apeluje na poja\u010dane mjere odr\u017eavanja li\u010dne higijene, posebno kod djece.<\/p>\n<p>Temperature ispod nule, koje su stigle posle pravog prolje\u0107a, dodu\u0161e, eliminisat \u0107e insekte kao potencijalnu opasnost, ali, u svakom slu\u010daju, epidemija prijeti gra\u0111anima koji su do ju\u010der strijepili od poplava&#8230;<\/p>\n<p><iframe loading=\"lazy\" title=\"YouTube video player\" class=\"youtube-player\" type=\"text\/html\" width=\"616\" height=\"500\" src=\"http:\/\/www.youtube.com\/embed\/EhBC-Uxq3RU\" frameborder=\"0\"><\/iframe><\/p>\n<p>Izvor: <strong>Novosti.rs<\/strong><\/p>\n","protected":false},"excerpt":{"rendered":"<p>Berane &#8211; Poplavljenima na jugu Sand\u017eaka, koji su odmah posle povla\u010denja vode u\u0161li u jo\u0161 vla\u017ene ku\u0107e, barake i na ono \u0161to li\u010di na skloni\u0161ta od nevremena gde mnogi nevoljnici \u017eive, sada prijete nove nevolje. Jedna od njih \u0107e ih pratiti jo\u0161 nekoliko mjeseci. Niske temperature otklonile su i najoptimisti\u010dkije ocjene da bi uskoro moglo [&hellip;]<\/p>\n","protected":false},"author":83,"featured_media":10396,"comment_status":"open","ping_status":"open","sticky":false,"template":"","format":"standard","meta":{"footnotes":""},"categories":[397,801],"tags":[],"class_list":{"0":"post-10395","1":"post","2":"type-post","3":"status-publish","4":"format-standard","5":"has-post-thumbnail","7":"category-berane","8":"category-crna_hronika"},"yoast_head":"<!-- This site is optimized with the Yoast SEO Premium plugin v23.1 (Yoast SEO v24.9) - https:\/\/yoast.com\/wordpress\/plugins\/seo\/ -->\n<title>Prijete mraz i zaraze<\/title>\n<meta name=\"robots\" content=\"index, follow, max-snippet:-1, max-image-preview:large, max-video-preview:-1\" \/>\n<link rel=\"canonical\" href=\"https:\/\/sandzakpress.net\/arhiva\/prijete-mraz-i-zaraze\/\" \/>\n<meta property=\"og:locale\" content=\"bs_BA\" \/>\n<meta property=\"og:type\" content=\"article\" \/>\n<meta property=\"og:title\" content=\"Prijete mraz i zaraze\" \/>\n<meta property=\"og:description\" content=\"Berane &#8211; Poplavljenima na jugu Sand\u017eaka, koji su odmah posle povla\u010denja vode u\u0161li u jo\u0161 vla\u017ene ku\u0107e, barake i na ono \u0161to li\u010di na skloni\u0161ta od nevremena gde mnogi nevoljnici \u017eive, sada prijete nove nevolje. Jedna od njih \u0107e ih pratiti jo\u0161 nekoliko mjeseci. Niske temperature otklonile su i najoptimisti\u010dkije ocjene da bi uskoro moglo [&hellip;]\" \/>\n<meta property=\"og:url\" content=\"https:\/\/sandzakpress.net\/arhiva\/prijete-mraz-i-zaraze\/\" \/>\n<meta property=\"og:site_name\" content=\"Sand\u017eak PRESS\" \/>\n<meta property=\"article:published_time\" content=\"2010-12-11T00:31:30+00:00\" \/>\n<meta property=\"og:image\" content=\"https:\/\/sandzakpress.net\/arhiva\/wp-content\/uploads\/2010\/12\/cg-poplave.jpg\" \/>\n\t<meta property=\"og:image:width\" content=\"616\" \/>\n\t<meta property=\"og:image:height\" content=\"462\" \/>\n\t<meta property=\"og:image:type\" content=\"image\/jpeg\" \/>\n<meta name=\"author\" content=\"bosniak\" \/>\n<meta name=\"twitter:card\" content=\"summary_large_image\" \/>\n<meta name=\"twitter:label1\" content=\"Written by\" \/>\n\t<meta name=\"twitter:data1\" content=\"bosniak\" \/>\n\t<meta name=\"twitter:label2\" content=\"Est. reading time\" \/>\n\t<meta name=\"twitter:data2\" content=\"2 minute\" \/>\n<script type=\"application\/ld+json\" class=\"yoast-schema-graph\">{\"@context\":\"https:\/\/schema.org\",\"@graph\":[{\"@type\":\"Article\",\"@id\":\"https:\/\/sandzakpress.net\/arhiva\/prijete-mraz-i-zaraze\/#article\",\"isPartOf\":{\"@id\":\"https:\/\/sandzakpress.net\/arhiva\/prijete-mraz-i-zaraze\/\"},\"author\":{\"name\":\"bosniak\",\"@id\":\"https:\/\/sandzakpress.net\/arhiva\/#\/schema\/person\/c8baee722073534b583ea7bdb2e36c02\"},\"headline\":\"Prijete mraz i zaraze\",\"datePublished\":\"2010-12-11T00:31:30+00:00\",\"mainEntityOfPage\":{\"@id\":\"https:\/\/sandzakpress.net\/arhiva\/prijete-mraz-i-zaraze\/\"},\"wordCount\":434,\"commentCount\":0,\"publisher\":{\"@id\":\"https:\/\/sandzakpress.net\/arhiva\/#\/schema\/person\/6e72b67d6e51910a1117b3b483ba20bd\"},\"image\":{\"@id\":\"https:\/\/sandzakpress.net\/arhiva\/prijete-mraz-i-zaraze\/#primaryimage\"},\"thumbnailUrl\":\"https:\/\/sandzakpress.net\/arhiva\/wp-content\/uploads\/2010\/12\/cg-poplave.jpg\",\"articleSection\":[\"Berane\",\"Hronika\"],\"inLanguage\":\"bs-BA\",\"potentialAction\":[{\"@type\":\"CommentAction\",\"name\":\"Comment\",\"target\":[\"https:\/\/sandzakpress.net\/arhiva\/prijete-mraz-i-zaraze\/#respond\"]}]},{\"@type\":\"WebPage\",\"@id\":\"https:\/\/sandzakpress.net\/arhiva\/prijete-mraz-i-zaraze\/\",\"url\":\"https:\/\/sandzakpress.net\/arhiva\/prijete-mraz-i-zaraze\/\",\"name\":\"Prijete mraz i zaraze\",\"isPartOf\":{\"@id\":\"https:\/\/sandzakpress.net\/arhiva\/#website\"},\"primaryImageOfPage\":{\"@id\":\"https:\/\/sandzakpress.net\/arhiva\/prijete-mraz-i-zaraze\/#primaryimage\"},\"image\":{\"@id\":\"https:\/\/sandzakpress.net\/arhiva\/prijete-mraz-i-zaraze\/#primaryimage\"},\"thumbnailUrl\":\"https:\/\/sandzakpress.net\/arhiva\/wp-content\/uploads\/2010\/12\/cg-poplave.jpg\",\"datePublished\":\"2010-12-11T00:31:30+00:00\",\"breadcrumb\":{\"@id\":\"https:\/\/sandzakpress.net\/arhiva\/prijete-mraz-i-zaraze\/#breadcrumb\"},\"inLanguage\":\"bs-BA\",\"potentialAction\":[{\"@type\":\"ReadAction\",\"target\":[\"https:\/\/sandzakpress.net\/arhiva\/prijete-mraz-i-zaraze\/\"]}]},{\"@type\":\"ImageObject\",\"inLanguage\":\"bs-BA\",\"@id\":\"https:\/\/sandzakpress.net\/arhiva\/prijete-mraz-i-zaraze\/#primaryimage\",\"url\":\"https:\/\/sandzakpress.net\/arhiva\/wp-content\/uploads\/2010\/12\/cg-poplave.jpg\",\"contentUrl\":\"https:\/\/sandzakpress.net\/arhiva\/wp-content\/uploads\/2010\/12\/cg-poplave.jpg\",\"width\":616,\"height\":462},{\"@type\":\"BreadcrumbList\",\"@id\":\"https:\/\/sandzakpress.net\/arhiva\/prijete-mraz-i-zaraze\/#breadcrumb\",\"itemListElement\":[{\"@type\":\"ListItem\",\"position\":1,\"name\":\"Home\",\"item\":\"https:\/\/sandzakpress.net\/arhiva\/\"},{\"@type\":\"ListItem\",\"position\":2,\"name\":\"Prijete mraz i zaraze\"}]},{\"@type\":\"WebSite\",\"@id\":\"https:\/\/sandzakpress.net\/arhiva\/#website\",\"url\":\"https:\/\/sandzakpress.net\/arhiva\/\",\"name\":\"Sand\u017eak PRESS\",\"description\":\"Prve elektronske novine u Sand\u017eaku\",\"publisher\":{\"@id\":\"https:\/\/sandzakpress.net\/arhiva\/#\/schema\/person\/6e72b67d6e51910a1117b3b483ba20bd\"},\"potentialAction\":[{\"@type\":\"SearchAction\",\"target\":{\"@type\":\"EntryPoint\",\"urlTemplate\":\"https:\/\/sandzakpress.net\/arhiva\/?s={search_term_string}\"},\"query-input\":{\"@type\":\"PropertyValueSpecification\",\"valueRequired\":true,\"valueName\":\"search_term_string\"}}],\"inLanguage\":\"bs-BA\"},{\"@type\":[\"Person\",\"Organization\"],\"@id\":\"https:\/\/sandzakpress.net\/arhiva\/#\/schema\/person\/6e72b67d6e51910a1117b3b483ba20bd\",\"name\":\"Kul\",\"image\":{\"@type\":\"ImageObject\",\"inLanguage\":\"bs-BA\",\"@id\":\"https:\/\/sandzakpress.net\/arhiva\/#\/schema\/person\/image\/\",\"url\":\"https:\/\/secure.gravatar.com\/avatar\/42263f39aa27ac04c43cab85c280eb2e?s=96&d=mm&r=pg\",\"contentUrl\":\"https:\/\/secure.gravatar.com\/avatar\/42263f39aa27ac04c43cab85c280eb2e?s=96&d=mm&r=pg\",\"caption\":\"Kul\"},\"logo\":{\"@id\":\"https:\/\/sandzakpress.net\/arhiva\/#\/schema\/person\/image\/\"}},{\"@type\":\"Person\",\"@id\":\"https:\/\/sandzakpress.net\/arhiva\/#\/schema\/person\/c8baee722073534b583ea7bdb2e36c02\",\"name\":\"bosniak\",\"image\":{\"@type\":\"ImageObject\",\"inLanguage\":\"bs-BA\",\"@id\":\"https:\/\/sandzakpress.net\/arhiva\/#\/schema\/person\/image\/\",\"url\":\"https:\/\/secure.gravatar.com\/avatar\/a04fd330bfe3a36a72a0ad4a6d89fca7?s=96&d=mm&r=pg\",\"contentUrl\":\"https:\/\/secure.gravatar.com\/avatar\/a04fd330bfe3a36a72a0ad4a6d89fca7?s=96&d=mm&r=pg\",\"caption\":\"bosniak\"},\"url\":\"https:\/\/sandzakpress.net\/arhiva\/author\/bosniak\/\"}]}<\/script>\n<!-- \/ Yoast SEO Premium plugin. -->","yoast_head_json":{"title":"Prijete mraz i zaraze","robots":{"index":"index","follow":"follow","max-snippet":"max-snippet:-1","max-image-preview":"max-image-preview:large","max-video-preview":"max-video-preview:-1"},"canonical":"https:\/\/sandzakpress.net\/arhiva\/prijete-mraz-i-zaraze\/","og_locale":"bs_BA","og_type":"article","og_title":"Prijete mraz i zaraze","og_description":"Berane &#8211; Poplavljenima na jugu Sand\u017eaka, koji su odmah posle povla\u010denja vode u\u0161li u jo\u0161 vla\u017ene ku\u0107e, barake i na ono \u0161to li\u010di na skloni\u0161ta od nevremena gde mnogi nevoljnici \u017eive, sada prijete nove nevolje. Jedna od njih \u0107e ih pratiti jo\u0161 nekoliko mjeseci. Niske temperature otklonile su i najoptimisti\u010dkije ocjene da bi uskoro moglo [&hellip;]","og_url":"https:\/\/sandzakpress.net\/arhiva\/prijete-mraz-i-zaraze\/","og_site_name":"Sand\u017eak PRESS","article_published_time":"2010-12-11T00:31:30+00:00","og_image":[{"width":616,"height":462,"url":"https:\/\/sandzakpress.net\/arhiva\/wp-content\/uploads\/2010\/12\/cg-poplave.jpg","type":"image\/jpeg"}],"author":"bosniak","twitter_card":"summary_large_image","twitter_misc":{"Written by":"bosniak","Est. reading time":"2 minute"},"schema":{"@context":"https:\/\/schema.org","@graph":[{"@type":"Article","@id":"https:\/\/sandzakpress.net\/arhiva\/prijete-mraz-i-zaraze\/#article","isPartOf":{"@id":"https:\/\/sandzakpress.net\/arhiva\/prijete-mraz-i-zaraze\/"},"author":{"name":"bosniak","@id":"https:\/\/sandzakpress.net\/arhiva\/#\/schema\/person\/c8baee722073534b583ea7bdb2e36c02"},"headline":"Prijete mraz i zaraze","datePublished":"2010-12-11T00:31:30+00:00","mainEntityOfPage":{"@id":"https:\/\/sandzakpress.net\/arhiva\/prijete-mraz-i-zaraze\/"},"wordCount":434,"commentCount":0,"publisher":{"@id":"https:\/\/sandzakpress.net\/arhiva\/#\/schema\/person\/6e72b67d6e51910a1117b3b483ba20bd"},"image":{"@id":"https:\/\/sandzakpress.net\/arhiva\/prijete-mraz-i-zaraze\/#primaryimage"},"thumbnailUrl":"https:\/\/sandzakpress.net\/arhiva\/wp-content\/uploads\/2010\/12\/cg-poplave.jpg","articleSection":["Berane","Hronika"],"inLanguage":"bs-BA","potentialAction":[{"@type":"CommentAction","name":"Comment","target":["https:\/\/sandzakpress.net\/arhiva\/prijete-mraz-i-zaraze\/#respond"]}]},{"@type":"WebPage","@id":"https:\/\/sandzakpress.net\/arhiva\/prijete-mraz-i-zaraze\/","url":"https:\/\/sandzakpress.net\/arhiva\/prijete-mraz-i-zaraze\/","name":"Prijete mraz i zaraze","isPartOf":{"@id":"https:\/\/sandzakpress.net\/arhiva\/#website"},"primaryImageOfPage":{"@id":"https:\/\/sandzakpress.net\/arhiva\/prijete-mraz-i-zaraze\/#primaryimage"},"image":{"@id":"https:\/\/sandzakpress.net\/arhiva\/prijete-mraz-i-zaraze\/#primaryimage"},"thumbnailUrl":"https:\/\/sandzakpress.net\/arhiva\/wp-content\/uploads\/2010\/12\/cg-poplave.jpg","datePublished":"2010-12-11T00:31:30+00:00","breadcrumb":{"@id":"https:\/\/sandzakpress.net\/arhiva\/prijete-mraz-i-zaraze\/#breadcrumb"},"inLanguage":"bs-BA","potentialAction":[{"@type":"ReadAction","target":["https:\/\/sandzakpress.net\/arhiva\/prijete-mraz-i-zaraze\/"]}]},{"@type":"ImageObject","inLanguage":"bs-BA","@id":"https:\/\/sandzakpress.net\/arhiva\/prijete-mraz-i-zaraze\/#primaryimage","url":"https:\/\/sandzakpress.net\/arhiva\/wp-content\/uploads\/2010\/12\/cg-poplave.jpg","contentUrl":"https:\/\/sandzakpress.net\/arhiva\/wp-content\/uploads\/2010\/12\/cg-poplave.jpg","width":616,"height":462},{"@type":"BreadcrumbList","@id":"https:\/\/sandzakpress.net\/arhiva\/prijete-mraz-i-zaraze\/#breadcrumb","itemListElement":[{"@type":"ListItem","position":1,"name":"Home","item":"https:\/\/sandzakpress.net\/arhiva\/"},{"@type":"ListItem","position":2,"name":"Prijete mraz i zaraze"}]},{"@type":"WebSite","@id":"https:\/\/sandzakpress.net\/arhiva\/#website","url":"https:\/\/sandzakpress.net\/arhiva\/","name":"Sand\u017eak PRESS","description":"Prve elektronske novine u Sand\u017eaku","publisher":{"@id":"https:\/\/sandzakpress.net\/arhiva\/#\/schema\/person\/6e72b67d6e51910a1117b3b483ba20bd"},"potentialAction":[{"@type":"SearchAction","target":{"@type":"EntryPoint","urlTemplate":"https:\/\/sandzakpress.net\/arhiva\/?s={search_term_string}"},"query-input":{"@type":"PropertyValueSpecification","valueRequired":true,"valueName":"search_term_string"}}],"inLanguage":"bs-BA"},{"@type":["Person","Organization"],"@id":"https:\/\/sandzakpress.net\/arhiva\/#\/schema\/person\/6e72b67d6e51910a1117b3b483ba20bd","name":"Kul","image":{"@type":"ImageObject","inLanguage":"bs-BA","@id":"https:\/\/sandzakpress.net\/arhiva\/#\/schema\/person\/image\/","url":"https:\/\/secure.gravatar.com\/avatar\/42263f39aa27ac04c43cab85c280eb2e?s=96&d=mm&r=pg","contentUrl":"https:\/\/secure.gravatar.com\/avatar\/42263f39aa27ac04c43cab85c280eb2e?s=96&d=mm&r=pg","caption":"Kul"},"logo":{"@id":"https:\/\/sandzakpress.net\/arhiva\/#\/schema\/person\/image\/"}},{"@type":"Person","@id":"https:\/\/sandzakpress.net\/arhiva\/#\/schema\/person\/c8baee722073534b583ea7bdb2e36c02","name":"bosniak","image":{"@type":"ImageObject","inLanguage":"bs-BA","@id":"https:\/\/sandzakpress.net\/arhiva\/#\/schema\/person\/image\/","url":"https:\/\/secure.gravatar.com\/avatar\/a04fd330bfe3a36a72a0ad4a6d89fca7?s=96&d=mm&r=pg","contentUrl":"https:\/\/secure.gravatar.com\/avatar\/a04fd330bfe3a36a72a0ad4a6d89fca7?s=96&d=mm&r=pg","caption":"bosniak"},"url":"https:\/\/sandzakpress.net\/arhiva\/author\/bosniak\/"}]}},"_links":{"self":[{"href":"https:\/\/sandzakpress.net\/arhiva\/wp-json\/wp\/v2\/posts\/10395"}],"collection":[{"href":"https:\/\/sandzakpress.net\/arhiva\/wp-json\/wp\/v2\/posts"}],"about":[{"href":"https:\/\/sandzakpress.net\/arhiva\/wp-json\/wp\/v2\/types\/post"}],"author":[{"embeddable":true,"href":"https:\/\/sandzakpress.net\/arhiva\/wp-json\/wp\/v2\/users\/83"}],"replies":[{"embeddable":true,"href":"https:\/\/sandzakpress.net\/arhiva\/wp-json\/wp\/v2\/comments?post=10395"}],"version-history":[{"count":0,"href":"https:\/\/sandzakpress.net\/arhiva\/wp-json\/wp\/v2\/posts\/10395\/revisions"}],"wp:featuredmedia":[{"embeddable":true,"href":"https:\/\/sandzakpress.net\/arhiva\/wp-json\/wp\/v2\/media\/10396"}],"wp:attachment":[{"href":"https:\/\/sandzakpress.net\/arhiva\/wp-json\/wp\/v2\/media?parent=10395"}],"wp:term":[{"taxonomy":"category","embeddable":true,"href":"https:\/\/sandzakpress.net\/arhiva\/wp-json\/wp\/v2\/categories?post=10395"},{"taxonomy":"post_tag","embeddable":true,"href":"https:\/\/sandzakpress.net\/arhiva\/wp-json\/wp\/v2\/tags?post=10395"}],"curies":[{"name":"wp","href":"https:\/\/api.w.org\/{rel}","templated":true}]}}