{"id":103857,"date":"2014-04-01T18:18:13","date_gmt":"2014-04-01T16:18:13","guid":{"rendered":"https:\/\/sandzakpress.net\/arhiva\/?p=103857"},"modified":"2014-04-01T18:18:53","modified_gmt":"2014-04-01T16:18:53","slug":"posrbljavanje-bosnjaka-u-albaniji","status":"publish","type":"post","link":"https:\/\/sandzakpress.net\/arhiva\/posrbljavanje-bosnjaka-u-albaniji\/","title":{"rendered":"Posrbljavanje Bo\u0161njaka u Albaniji"},"content":{"rendered":"<p><img loading=\"lazy\" decoding=\"async\" class=\"alignleft size-medium wp-image-103858\" alt=\"Sahit Kandic\" src=\"https:\/\/sandzakpress.net\/arhiva\/wp-content\/uploads\/2014\/04\/Sahit-Kandic-300x220.jpg\" width=\"300\" height=\"220\" \/><\/p>\n<p><strong>Kosovo &#8211;\u00a0U jeku zaglu\u0161uju\u0107eg halakanja srbo-crnogorskih poltrona i ostataka dezorjentiranih UDB-a\u0161kih ostataka regrutiranih iz na\u0161eg naroda koji u bezna\u0111u nerazumijevanja stvarnosti i zate\u010denosti na pojavu renesansnog svebo\u0161nja\u010dkog pokreta oli\u010denog u Bo\u0161nja\u010dkoj Kulturnoj Zajednici bestijalno kidi\u0161u na sve bo\u0161nja\u010dke vrijednote, \u201ciza kulisa\u201d se pojavljuju i druge forme izravnih srbsko-crnogorskog kr\u0161enja elementarnih prava na\u0161eg naroda.<\/strong><\/p>\n<p dir=\"ltr\">Ovi petokolona\u0161ki sitno\u0161i\u0107ard\u017eije osiono lansiraju apologetiku \u0111ukanovi\u0107evskog re\u017eima koji u svojoj brizi za dijasporu Crne Gore novim zakonom ure\u0111uje tu materiju isklju\u010divo benefitnim mehanizmima koji obujmljuju samo crnogorce i podanike crnogor\u0161tine, a ne adekvatno i pripadnike drugih naroda porijeklom iz Crne Gore. (Dakako, nije to moglo pro\u0107i bez neke intervencije jer je bilo inicijative od 44 bo\u0161nja\u010dke organizacije koje su makar esencijalne elemente preuredili svojim zauzimanjem za interes iseljenih bo\u0161njaka).<\/p>\n<p dir=\"ltr\">Da ni u Srbiji nema demokratskijeg i pravi\u010dnijeg raspolo\u017eenja a ni savjesti podani\u010dke ljaji\u0107evske fele flagrantan je primjer sino\u0107njeg termina emisije \u201cSrbija na vezi\u201d gdje je jedan od gostiju bio i Branko Stankovi\u0107, snimatelj i televizijski urednik koji je govorio o \u201csrbima u Albaniji\u201d te najavio svoj prilog u predstoje\u0107oj emisiji \u201cKvadratura kruga\u201d za srijedu 02 Aprila 2014 godine, na javnom servisu RTS-a sa po\u010detkom od 18:30 \u010dasova. Naime, u prezentiranom fragmentu TV-snimke koji se odnosi na \u201csrbe\u201d u albanskom gradu Fier je prikazana i \u0161kola u kojoj se odr\u017eava nastava na srpskom jeziku za djecu onda\u0161njih iseljenika a \u010diji preci poti\u010du iz Novog Pazara te svi oni imaju muslimanska imena \u0161to zapravo govori o njihovom bo\u0161nja\u010dkom identitetu. Jer, dakako, nemogu danas Ramiz, Asim ili pak Ekrem Duljevi\u0107 biti srbi kad to nisu bili od Kulina-bana do dana\u0161njeg dana &#8211; neg\u2019 sand\u017ea\u010dki bo\u0161njaci! U tim \u201c\u0161kolama\u201d se sprovodi odgoj raseljenih sand\u017eaklija da vole i \u017eive za \u201cmajku Srbiju\u201d i indoktrinira mladi nara\u0161taj koji \u0107e obo\u017eavat katile koji su samo prije jednog stolje\u0107a upravo nad njihovim precima u Sand\u017eaku po\u010dinili pogrom klanja, plja\u010dkanja i proganjanja sa svojih vjekovnih ognji\u0161ta. Ista radnja se tako\u0111er de\u0161ava i sa tamo\u0161njim bo\u0161njacima iz Bosne a koji \u017eive u okolici Dra\u010da. Po vi\u0111enju Bo\u0161nja\u010dke kulturne Zajednice na Kosovu i mom osobno ovo je finaliziranje godocidnog programa protiv bo\u0161njaka Sand\u017eaka s\u2019namjerom totalnog zatiranja bo\u0161nj\u0161tva ma gdje postojalo.<\/p>\n<p dir=\"ltr\">Zato, kategori\u010dki apeliramo na odgovorne institucije Republike Srbije, kao i na bo\u0161nja\u010dku javnost u Sand\u017eaku te autoritativne sto\u017eere svebo\u0161nja\u010dke nacionalne politike da poduzmu adekvatne mjere u smislu urgentnog preispitivanja dalje genocida\u0161ke politike nad na\u0161im zanemarenim sunarodnjacima, te hitno sprovede adekvatne sistematizacije kadra i rada sa iseljenicima sand\u017ea\u010dkih bo\u0161njaka u Albaniji i bilo gdje drugdje, tako \u0161to \u0107e dalji odgoj istih nastaviti njihovi etni\u010dki srodnici (bo\u0161njaci) i educirat ih maternjem bosanskom jeziku koji su sa sobom ponijeli iz Sand\u017eaka.<\/p>\n<p>Sahit Kandi\u0107, predsjednik BKZ na Kosovu<\/p>\n","protected":false},"excerpt":{"rendered":"<p>Kosovo &#8211;\u00a0U jeku zaglu\u0161uju\u0107eg halakanja srbo-crnogorskih poltrona i ostataka dezorjentiranih UDB-a\u0161kih ostataka regrutiranih iz na\u0161eg naroda koji u bezna\u0111u nerazumijevanja stvarnosti i zate\u010denosti na pojavu renesansnog svebo\u0161nja\u010dkog pokreta oli\u010denog u Bo\u0161nja\u010dkoj Kulturnoj Zajednici bestijalno kidi\u0161u na sve bo\u0161nja\u010dke vrijednote, \u201ciza kulisa\u201d se pojavljuju i druge forme izravnih srbsko-crnogorskog kr\u0161enja elementarnih prava na\u0161eg naroda. Ovi petokolona\u0161ki [&hellip;]<\/p>\n","protected":false},"author":83,"featured_media":103859,"comment_status":"open","ping_status":"open","sticky":false,"template":"","format":"standard","meta":{"footnotes":""},"categories":[800,2690,8957],"tags":[],"class_list":{"0":"post-103857","1":"post","2":"type-post","3":"status-publish","4":"format-standard","5":"has-post-thumbnail","7":"category-nacija","8":"category-kosovo-gradovi","9":"category-vijesti-dana"},"yoast_head":"<!-- This site is optimized with the Yoast SEO Premium plugin v23.1 (Yoast SEO v24.9) - https:\/\/yoast.com\/wordpress\/plugins\/seo\/ -->\n<title>Posrbljavanje Bo\u0161njaka u Albaniji<\/title>\n<meta name=\"robots\" content=\"index, follow, max-snippet:-1, max-image-preview:large, max-video-preview:-1\" \/>\n<link rel=\"canonical\" href=\"https:\/\/sandzakpress.net\/arhiva\/posrbljavanje-bosnjaka-u-albaniji\/\" \/>\n<meta property=\"og:locale\" content=\"bs_BA\" \/>\n<meta property=\"og:type\" content=\"article\" \/>\n<meta property=\"og:title\" content=\"Posrbljavanje Bo\u0161njaka u Albaniji\" \/>\n<meta property=\"og:description\" content=\"Kosovo &#8211;\u00a0U jeku zaglu\u0161uju\u0107eg halakanja srbo-crnogorskih poltrona i ostataka dezorjentiranih UDB-a\u0161kih ostataka regrutiranih iz na\u0161eg naroda koji u bezna\u0111u nerazumijevanja stvarnosti i zate\u010denosti na pojavu renesansnog svebo\u0161nja\u010dkog pokreta oli\u010denog u Bo\u0161nja\u010dkoj Kulturnoj Zajednici bestijalno kidi\u0161u na sve bo\u0161nja\u010dke vrijednote, \u201ciza kulisa\u201d se pojavljuju i druge forme izravnih srbsko-crnogorskog kr\u0161enja elementarnih prava na\u0161eg naroda. Ovi petokolona\u0161ki [&hellip;]\" \/>\n<meta property=\"og:url\" content=\"https:\/\/sandzakpress.net\/arhiva\/posrbljavanje-bosnjaka-u-albaniji\/\" \/>\n<meta property=\"og:site_name\" content=\"Sand\u017eak PRESS\" \/>\n<meta property=\"article:published_time\" content=\"2014-04-01T16:18:13+00:00\" \/>\n<meta property=\"article:modified_time\" content=\"2014-04-01T16:18:53+00:00\" \/>\n<meta property=\"og:image\" content=\"https:\/\/sandzakpress.net\/arhiva\/wp-content\/uploads\/2014\/04\/Sahit-Kandic-300x2201.jpg\" \/>\n\t<meta property=\"og:image:width\" content=\"300\" \/>\n\t<meta property=\"og:image:height\" content=\"220\" \/>\n\t<meta property=\"og:image:type\" content=\"image\/jpeg\" \/>\n<meta name=\"author\" content=\"bosniak\" \/>\n<meta name=\"twitter:card\" content=\"summary_large_image\" \/>\n<meta name=\"twitter:label1\" content=\"Written by\" \/>\n\t<meta name=\"twitter:data1\" content=\"bosniak\" \/>\n\t<meta name=\"twitter:label2\" content=\"Est. reading time\" \/>\n\t<meta name=\"twitter:data2\" content=\"3 minute\" \/>\n<script type=\"application\/ld+json\" class=\"yoast-schema-graph\">{\"@context\":\"https:\/\/schema.org\",\"@graph\":[{\"@type\":\"Article\",\"@id\":\"https:\/\/sandzakpress.net\/arhiva\/posrbljavanje-bosnjaka-u-albaniji\/#article\",\"isPartOf\":{\"@id\":\"https:\/\/sandzakpress.net\/arhiva\/posrbljavanje-bosnjaka-u-albaniji\/\"},\"author\":{\"name\":\"bosniak\",\"@id\":\"https:\/\/sandzakpress.net\/arhiva\/#\/schema\/person\/c8baee722073534b583ea7bdb2e36c02\"},\"headline\":\"Posrbljavanje Bo\u0161njaka u Albaniji\",\"datePublished\":\"2014-04-01T16:18:13+00:00\",\"dateModified\":\"2014-04-01T16:18:53+00:00\",\"mainEntityOfPage\":{\"@id\":\"https:\/\/sandzakpress.net\/arhiva\/posrbljavanje-bosnjaka-u-albaniji\/\"},\"wordCount\":520,\"commentCount\":20,\"publisher\":{\"@id\":\"https:\/\/sandzakpress.net\/arhiva\/#\/schema\/person\/6e72b67d6e51910a1117b3b483ba20bd\"},\"image\":{\"@id\":\"https:\/\/sandzakpress.net\/arhiva\/posrbljavanje-bosnjaka-u-albaniji\/#primaryimage\"},\"thumbnailUrl\":\"https:\/\/sandzakpress.net\/arhiva\/wp-content\/uploads\/2014\/04\/Sahit-Kandic-300x2201.jpg\",\"articleSection\":[\"Nacija\",\"Kosovo\",\"VIJESTI DANA\"],\"inLanguage\":\"bs-BA\",\"potentialAction\":[{\"@type\":\"CommentAction\",\"name\":\"Comment\",\"target\":[\"https:\/\/sandzakpress.net\/arhiva\/posrbljavanje-bosnjaka-u-albaniji\/#respond\"]}]},{\"@type\":\"WebPage\",\"@id\":\"https:\/\/sandzakpress.net\/arhiva\/posrbljavanje-bosnjaka-u-albaniji\/\",\"url\":\"https:\/\/sandzakpress.net\/arhiva\/posrbljavanje-bosnjaka-u-albaniji\/\",\"name\":\"Posrbljavanje Bo\u0161njaka u Albaniji\",\"isPartOf\":{\"@id\":\"https:\/\/sandzakpress.net\/arhiva\/#website\"},\"primaryImageOfPage\":{\"@id\":\"https:\/\/sandzakpress.net\/arhiva\/posrbljavanje-bosnjaka-u-albaniji\/#primaryimage\"},\"image\":{\"@id\":\"https:\/\/sandzakpress.net\/arhiva\/posrbljavanje-bosnjaka-u-albaniji\/#primaryimage\"},\"thumbnailUrl\":\"https:\/\/sandzakpress.net\/arhiva\/wp-content\/uploads\/2014\/04\/Sahit-Kandic-300x2201.jpg\",\"datePublished\":\"2014-04-01T16:18:13+00:00\",\"dateModified\":\"2014-04-01T16:18:53+00:00\",\"breadcrumb\":{\"@id\":\"https:\/\/sandzakpress.net\/arhiva\/posrbljavanje-bosnjaka-u-albaniji\/#breadcrumb\"},\"inLanguage\":\"bs-BA\",\"potentialAction\":[{\"@type\":\"ReadAction\",\"target\":[\"https:\/\/sandzakpress.net\/arhiva\/posrbljavanje-bosnjaka-u-albaniji\/\"]}]},{\"@type\":\"ImageObject\",\"inLanguage\":\"bs-BA\",\"@id\":\"https:\/\/sandzakpress.net\/arhiva\/posrbljavanje-bosnjaka-u-albaniji\/#primaryimage\",\"url\":\"https:\/\/sandzakpress.net\/arhiva\/wp-content\/uploads\/2014\/04\/Sahit-Kandic-300x2201.jpg\",\"contentUrl\":\"https:\/\/sandzakpress.net\/arhiva\/wp-content\/uploads\/2014\/04\/Sahit-Kandic-300x2201.jpg\",\"width\":300,\"height\":220},{\"@type\":\"BreadcrumbList\",\"@id\":\"https:\/\/sandzakpress.net\/arhiva\/posrbljavanje-bosnjaka-u-albaniji\/#breadcrumb\",\"itemListElement\":[{\"@type\":\"ListItem\",\"position\":1,\"name\":\"Home\",\"item\":\"https:\/\/sandzakpress.net\/arhiva\/\"},{\"@type\":\"ListItem\",\"position\":2,\"name\":\"Posrbljavanje Bo\u0161njaka u Albaniji\"}]},{\"@type\":\"WebSite\",\"@id\":\"https:\/\/sandzakpress.net\/arhiva\/#website\",\"url\":\"https:\/\/sandzakpress.net\/arhiva\/\",\"name\":\"Sand\u017eak PRESS\",\"description\":\"Prve elektronske novine u Sand\u017eaku\",\"publisher\":{\"@id\":\"https:\/\/sandzakpress.net\/arhiva\/#\/schema\/person\/6e72b67d6e51910a1117b3b483ba20bd\"},\"potentialAction\":[{\"@type\":\"SearchAction\",\"target\":{\"@type\":\"EntryPoint\",\"urlTemplate\":\"https:\/\/sandzakpress.net\/arhiva\/?s={search_term_string}\"},\"query-input\":{\"@type\":\"PropertyValueSpecification\",\"valueRequired\":true,\"valueName\":\"search_term_string\"}}],\"inLanguage\":\"bs-BA\"},{\"@type\":[\"Person\",\"Organization\"],\"@id\":\"https:\/\/sandzakpress.net\/arhiva\/#\/schema\/person\/6e72b67d6e51910a1117b3b483ba20bd\",\"name\":\"Kul\",\"image\":{\"@type\":\"ImageObject\",\"inLanguage\":\"bs-BA\",\"@id\":\"https:\/\/sandzakpress.net\/arhiva\/#\/schema\/person\/image\/\",\"url\":\"https:\/\/secure.gravatar.com\/avatar\/42263f39aa27ac04c43cab85c280eb2e?s=96&d=mm&r=pg\",\"contentUrl\":\"https:\/\/secure.gravatar.com\/avatar\/42263f39aa27ac04c43cab85c280eb2e?s=96&d=mm&r=pg\",\"caption\":\"Kul\"},\"logo\":{\"@id\":\"https:\/\/sandzakpress.net\/arhiva\/#\/schema\/person\/image\/\"}},{\"@type\":\"Person\",\"@id\":\"https:\/\/sandzakpress.net\/arhiva\/#\/schema\/person\/c8baee722073534b583ea7bdb2e36c02\",\"name\":\"bosniak\",\"image\":{\"@type\":\"ImageObject\",\"inLanguage\":\"bs-BA\",\"@id\":\"https:\/\/sandzakpress.net\/arhiva\/#\/schema\/person\/image\/\",\"url\":\"https:\/\/secure.gravatar.com\/avatar\/a04fd330bfe3a36a72a0ad4a6d89fca7?s=96&d=mm&r=pg\",\"contentUrl\":\"https:\/\/secure.gravatar.com\/avatar\/a04fd330bfe3a36a72a0ad4a6d89fca7?s=96&d=mm&r=pg\",\"caption\":\"bosniak\"},\"url\":\"https:\/\/sandzakpress.net\/arhiva\/author\/bosniak\/\"}]}<\/script>\n<!-- \/ Yoast SEO Premium plugin. -->","yoast_head_json":{"title":"Posrbljavanje Bo\u0161njaka u Albaniji","robots":{"index":"index","follow":"follow","max-snippet":"max-snippet:-1","max-image-preview":"max-image-preview:large","max-video-preview":"max-video-preview:-1"},"canonical":"https:\/\/sandzakpress.net\/arhiva\/posrbljavanje-bosnjaka-u-albaniji\/","og_locale":"bs_BA","og_type":"article","og_title":"Posrbljavanje Bo\u0161njaka u Albaniji","og_description":"Kosovo &#8211;\u00a0U jeku zaglu\u0161uju\u0107eg halakanja srbo-crnogorskih poltrona i ostataka dezorjentiranih UDB-a\u0161kih ostataka regrutiranih iz na\u0161eg naroda koji u bezna\u0111u nerazumijevanja stvarnosti i zate\u010denosti na pojavu renesansnog svebo\u0161nja\u010dkog pokreta oli\u010denog u Bo\u0161nja\u010dkoj Kulturnoj Zajednici bestijalno kidi\u0161u na sve bo\u0161nja\u010dke vrijednote, \u201ciza kulisa\u201d se pojavljuju i druge forme izravnih srbsko-crnogorskog kr\u0161enja elementarnih prava na\u0161eg naroda. Ovi petokolona\u0161ki [&hellip;]","og_url":"https:\/\/sandzakpress.net\/arhiva\/posrbljavanje-bosnjaka-u-albaniji\/","og_site_name":"Sand\u017eak PRESS","article_published_time":"2014-04-01T16:18:13+00:00","article_modified_time":"2014-04-01T16:18:53+00:00","og_image":[{"width":300,"height":220,"url":"https:\/\/sandzakpress.net\/arhiva\/wp-content\/uploads\/2014\/04\/Sahit-Kandic-300x2201.jpg","type":"image\/jpeg"}],"author":"bosniak","twitter_card":"summary_large_image","twitter_misc":{"Written by":"bosniak","Est. reading time":"3 minute"},"schema":{"@context":"https:\/\/schema.org","@graph":[{"@type":"Article","@id":"https:\/\/sandzakpress.net\/arhiva\/posrbljavanje-bosnjaka-u-albaniji\/#article","isPartOf":{"@id":"https:\/\/sandzakpress.net\/arhiva\/posrbljavanje-bosnjaka-u-albaniji\/"},"author":{"name":"bosniak","@id":"https:\/\/sandzakpress.net\/arhiva\/#\/schema\/person\/c8baee722073534b583ea7bdb2e36c02"},"headline":"Posrbljavanje Bo\u0161njaka u Albaniji","datePublished":"2014-04-01T16:18:13+00:00","dateModified":"2014-04-01T16:18:53+00:00","mainEntityOfPage":{"@id":"https:\/\/sandzakpress.net\/arhiva\/posrbljavanje-bosnjaka-u-albaniji\/"},"wordCount":520,"commentCount":20,"publisher":{"@id":"https:\/\/sandzakpress.net\/arhiva\/#\/schema\/person\/6e72b67d6e51910a1117b3b483ba20bd"},"image":{"@id":"https:\/\/sandzakpress.net\/arhiva\/posrbljavanje-bosnjaka-u-albaniji\/#primaryimage"},"thumbnailUrl":"https:\/\/sandzakpress.net\/arhiva\/wp-content\/uploads\/2014\/04\/Sahit-Kandic-300x2201.jpg","articleSection":["Nacija","Kosovo","VIJESTI DANA"],"inLanguage":"bs-BA","potentialAction":[{"@type":"CommentAction","name":"Comment","target":["https:\/\/sandzakpress.net\/arhiva\/posrbljavanje-bosnjaka-u-albaniji\/#respond"]}]},{"@type":"WebPage","@id":"https:\/\/sandzakpress.net\/arhiva\/posrbljavanje-bosnjaka-u-albaniji\/","url":"https:\/\/sandzakpress.net\/arhiva\/posrbljavanje-bosnjaka-u-albaniji\/","name":"Posrbljavanje Bo\u0161njaka u Albaniji","isPartOf":{"@id":"https:\/\/sandzakpress.net\/arhiva\/#website"},"primaryImageOfPage":{"@id":"https:\/\/sandzakpress.net\/arhiva\/posrbljavanje-bosnjaka-u-albaniji\/#primaryimage"},"image":{"@id":"https:\/\/sandzakpress.net\/arhiva\/posrbljavanje-bosnjaka-u-albaniji\/#primaryimage"},"thumbnailUrl":"https:\/\/sandzakpress.net\/arhiva\/wp-content\/uploads\/2014\/04\/Sahit-Kandic-300x2201.jpg","datePublished":"2014-04-01T16:18:13+00:00","dateModified":"2014-04-01T16:18:53+00:00","breadcrumb":{"@id":"https:\/\/sandzakpress.net\/arhiva\/posrbljavanje-bosnjaka-u-albaniji\/#breadcrumb"},"inLanguage":"bs-BA","potentialAction":[{"@type":"ReadAction","target":["https:\/\/sandzakpress.net\/arhiva\/posrbljavanje-bosnjaka-u-albaniji\/"]}]},{"@type":"ImageObject","inLanguage":"bs-BA","@id":"https:\/\/sandzakpress.net\/arhiva\/posrbljavanje-bosnjaka-u-albaniji\/#primaryimage","url":"https:\/\/sandzakpress.net\/arhiva\/wp-content\/uploads\/2014\/04\/Sahit-Kandic-300x2201.jpg","contentUrl":"https:\/\/sandzakpress.net\/arhiva\/wp-content\/uploads\/2014\/04\/Sahit-Kandic-300x2201.jpg","width":300,"height":220},{"@type":"BreadcrumbList","@id":"https:\/\/sandzakpress.net\/arhiva\/posrbljavanje-bosnjaka-u-albaniji\/#breadcrumb","itemListElement":[{"@type":"ListItem","position":1,"name":"Home","item":"https:\/\/sandzakpress.net\/arhiva\/"},{"@type":"ListItem","position":2,"name":"Posrbljavanje Bo\u0161njaka u Albaniji"}]},{"@type":"WebSite","@id":"https:\/\/sandzakpress.net\/arhiva\/#website","url":"https:\/\/sandzakpress.net\/arhiva\/","name":"Sand\u017eak PRESS","description":"Prve elektronske novine u Sand\u017eaku","publisher":{"@id":"https:\/\/sandzakpress.net\/arhiva\/#\/schema\/person\/6e72b67d6e51910a1117b3b483ba20bd"},"potentialAction":[{"@type":"SearchAction","target":{"@type":"EntryPoint","urlTemplate":"https:\/\/sandzakpress.net\/arhiva\/?s={search_term_string}"},"query-input":{"@type":"PropertyValueSpecification","valueRequired":true,"valueName":"search_term_string"}}],"inLanguage":"bs-BA"},{"@type":["Person","Organization"],"@id":"https:\/\/sandzakpress.net\/arhiva\/#\/schema\/person\/6e72b67d6e51910a1117b3b483ba20bd","name":"Kul","image":{"@type":"ImageObject","inLanguage":"bs-BA","@id":"https:\/\/sandzakpress.net\/arhiva\/#\/schema\/person\/image\/","url":"https:\/\/secure.gravatar.com\/avatar\/42263f39aa27ac04c43cab85c280eb2e?s=96&d=mm&r=pg","contentUrl":"https:\/\/secure.gravatar.com\/avatar\/42263f39aa27ac04c43cab85c280eb2e?s=96&d=mm&r=pg","caption":"Kul"},"logo":{"@id":"https:\/\/sandzakpress.net\/arhiva\/#\/schema\/person\/image\/"}},{"@type":"Person","@id":"https:\/\/sandzakpress.net\/arhiva\/#\/schema\/person\/c8baee722073534b583ea7bdb2e36c02","name":"bosniak","image":{"@type":"ImageObject","inLanguage":"bs-BA","@id":"https:\/\/sandzakpress.net\/arhiva\/#\/schema\/person\/image\/","url":"https:\/\/secure.gravatar.com\/avatar\/a04fd330bfe3a36a72a0ad4a6d89fca7?s=96&d=mm&r=pg","contentUrl":"https:\/\/secure.gravatar.com\/avatar\/a04fd330bfe3a36a72a0ad4a6d89fca7?s=96&d=mm&r=pg","caption":"bosniak"},"url":"https:\/\/sandzakpress.net\/arhiva\/author\/bosniak\/"}]}},"_links":{"self":[{"href":"https:\/\/sandzakpress.net\/arhiva\/wp-json\/wp\/v2\/posts\/103857"}],"collection":[{"href":"https:\/\/sandzakpress.net\/arhiva\/wp-json\/wp\/v2\/posts"}],"about":[{"href":"https:\/\/sandzakpress.net\/arhiva\/wp-json\/wp\/v2\/types\/post"}],"author":[{"embeddable":true,"href":"https:\/\/sandzakpress.net\/arhiva\/wp-json\/wp\/v2\/users\/83"}],"replies":[{"embeddable":true,"href":"https:\/\/sandzakpress.net\/arhiva\/wp-json\/wp\/v2\/comments?post=103857"}],"version-history":[{"count":0,"href":"https:\/\/sandzakpress.net\/arhiva\/wp-json\/wp\/v2\/posts\/103857\/revisions"}],"wp:featuredmedia":[{"embeddable":true,"href":"https:\/\/sandzakpress.net\/arhiva\/wp-json\/wp\/v2\/media\/103859"}],"wp:attachment":[{"href":"https:\/\/sandzakpress.net\/arhiva\/wp-json\/wp\/v2\/media?parent=103857"}],"wp:term":[{"taxonomy":"category","embeddable":true,"href":"https:\/\/sandzakpress.net\/arhiva\/wp-json\/wp\/v2\/categories?post=103857"},{"taxonomy":"post_tag","embeddable":true,"href":"https:\/\/sandzakpress.net\/arhiva\/wp-json\/wp\/v2\/tags?post=103857"}],"curies":[{"name":"wp","href":"https:\/\/api.w.org\/{rel}","templated":true}]}}