{"id":103841,"date":"2014-04-01T14:05:26","date_gmt":"2014-04-01T12:05:26","guid":{"rendered":"https:\/\/sandzakpress.net\/arhiva\/?p=103841"},"modified":"2014-04-01T14:06:09","modified_gmt":"2014-04-01T12:06:09","slug":"saudijska-arabija-proglasila-muslimansku-bracu-za-teroristicku-organizaciju","status":"publish","type":"post","link":"https:\/\/sandzakpress.net\/arhiva\/saudijska-arabija-proglasila-muslimansku-bracu-za-teroristicku-organizaciju\/","title":{"rendered":"Saudijska Arabija proglasila Muslimansku bra\u0107u za &#8220;teroristi\u010dku organizaciju&#8221;"},"content":{"rendered":"<p><strong><a href=\"http:\/\/islam-iman.com\/wp-content\/uploads\/2014\/01\/ihvanci.jpg\"><img loading=\"lazy\" decoding=\"async\" class=\"alignleft\" alt=\"ihvanci\" src=\"http:\/\/islam-iman.com\/wp-content\/uploads\/2014\/01\/ihvanci-300x224.jpg\" width=\"300\" height=\"224\" \/><\/a><\/strong><\/p>\n<p><strong>Po\u010detkom mjeseca marta u saop\u0107enju Ministarstva unutarnjih poslova Saudijske Arabije navedena je odluka o stavljanju Muslimanskog bratstva na listu teroristi\u010dkih organizacija. Iz Muslimanskog bratstva u svom zvani\u010dnom saop\u0107enju navode da su iznena\u0111eni \u0161to su stavljeni na listu onoga \u0161to Saudijska Arabija naziva teroristi\u010dkim grupama. Oni dalje navode da su posebno pogo\u0111eni \u0161to ova odluka dolazi iz Saudijske Arabije, koja je me\u0111u prvim zemaljama koje su osjetile pozitivne stavove Muslimanskog bratstva u sferi o\u010duvanja dobrobiti ljudi, jedinstva naroda, u\u010dinkovitom doprinosu izgradnji zajednica i domovine, \u0161irenju ispravnih islamskih ideja, a tako\u0111er je svjesna svega onoga \u0161to je Pokret podnio na putu ostvarenja toga. Iz Muslimanskog bratstva zatim navode da \u017eele istaknuti sljede\u0107e:<\/strong><\/p>\n<p>1-Na osnovu stavova Muslimanskog bratstva koji se ti\u010de uplitanja u unutra\u0161nje stvari drugih zemalja, \u017eelimo podsjetiti da ovaj novi stav Saudijske Arabije je u potpunosti u suprotnosti sa njenim historijskim odnosima prema Muslimanskom bratstvu jo\u0161 od vremena vladavine kralja utemetiljitelja pa do danas.<\/p>\n<p>2-Historija je pokazala da je Muslimansko bratstvo uvijek bilo pionir kada je u pitanju \u0161irenje ispravne islamske ideologije, li\u0161ene svakog oblika pretjerivanja i ekstremizma, \u010demu su posvjedo\u010dili i povjerenja vrijedni u\u010denjaci Saudijske Arabije. Svi iz Kraljevine Saudijske Arabije znaju da Muslimansko bratstvo,kao i uvijek, jasno i glasno ka\u017ee ono za \u0161ta vjeruje da je ispravno i da je to uvijek zasnovano na Kur\u2019anu i sunnetu Poslanika,s.a.v.s..<\/p>\n<p>3- Odnos Muslimanskog bratstva prema politi\u010dkim vlastima drugih zemalja i muslimanskog svijeta je zasnovan na njegovim jasnim ideologijama: su\u0161tina je da je na\u0161 narod i zajednica muslimanska i da odnosi izme\u0111u na\u0161eg naroda i politi\u010dkih stranaka, uklju\u010duju\u0107i i vladaju\u0107u stranku, po\u010divaju na savjetovanju a ne na optu\u017eivanju za nevjerstvo ili izdaju. Muslimansko bratstvo ne vidi dr\u017eavu kao nevjernika ili \u0161to zna\u010di da Bratstvo ne zauzima neprijateljski stav niti da se suprostavlja dr\u017eavi ve\u0107 radije djeluje kao savjetnik ili vodi\u010d.<\/p>\n<p>4. Islamski pokret, koji se ponosi svojom idejom, svojom historijom u svim narodima i mjestima, koji se di\u010di svojim potpunim razumijevanjem islama, je te\u017eio i dalje \u0107e te\u017eiti autenti\u010dnom i originalnom djelovanju, gdje \u0107e se pitanja naroda, dr\u017eave i zajednice tretirati kao nacionalno pitanje u svakom mjestu gdje pokret djeluje. U sferi politi\u010dkog djelovanja, Pokret sara\u0111uje sa svim nacionalnim faktorima i segmentima dru\u0161tva, kako bi radio na implementaciji i ostvarenju zajedni\u010dkih ciljeva koji vode slobodnom i dostojanstvenom \u017eivotu. Pokret, tako\u0111er, sara\u0111uje i sa razli\u010ditim dru\u0161tvenim snagama i pojedincima, bez obzira na politi\u010dku, vjersku, mezhebske i polne razlike, kako bi ostvario te ciljeve. Pokret potvr\u0111uje da ovo \u0161to on promovira nije samo oporuka ljudima u ime islama, ve\u0107 je ovaj Pokret nosilac projekta kojeg nudi svim ljudima, \u010diji princip je dijalog sa svim ideolo\u0161kim, dru\u0161tvenim, vjerskim i politi\u010dkim strujama. Pokret \u0107e nastaviti djelovati savjetodavno, ali i opoziciono svim devijacijama i negativnostima koje \u0161tete interesu dru\u0161tva i dr\u017eave, ne grade\u0107i svoje reformske stavove i politi\u010dke aktivnosti unutar dru\u0161tva, ili svoju borbu za dobrobit zajednice samo na temeljima oponiranja i suprotstavljanja vlastima, ve\u0107, primarno, na principima mudrog pozivanja i savjetovanja, daleko od svakog oblika anarhije i nereda.<\/p>\n<p>MB press ured u Londonu.<br \/>\n<strong>Izvor:<\/strong>\u00a0ikhwanweb.com<br \/>\n<strong>Za www.islam-iman.com \u2013 Prevela:<\/strong>\u00a0Emina Suljevi\u0107<\/p>\n<p>.<\/p>\n<p><span style=\"font-size: 21px;\"><b>Saudijska selefijska &#8220;Nur&#8221; partija u Egiptu pregovara o podr\u0161ci Sisiju na predstoje\u0107im predsjedni\u010dkim izborima<\/b><\/span><\/p>\n<p>.<\/p>\n<p><img loading=\"lazy\" decoding=\"async\" class=\"alignright\" alt=\"skandalozna koalicija sa djavlom\" src=\"http:\/\/saff.ba\/images\/slike\/skandalozna_koalicija_sa_djavlom.jpg\" width=\"374\" height=\"345\" \/><\/p>\n<p>Stranka &#8221;En-Nur&#8221;, politi\u010dka poluga i podr\u0161ka selefijske da've u Aleksandriji (sjeverni Egipat), iznijela je svoje uslove odlaze\u0107em ministru odbrane Sisiju, kao &#8221;probni test&#8221; za dobijanje njihove podr\u0161ke na predstoje\u0107im predsjedni\u010dkim izborima u Egiptu.<\/p>\n<p>Izvor blizak partiji &#8221;En-Nur&#8221; i selefijskom pokretu, navodi da je dr. Jasir Burhami, podpredsjednik selifjskog da'vetskog pokreta, potvrdio \u010delnicima pokreta da \u0107e podr\u017eati Sisijevu predizbornu kampanju ukoliko pro\u0111e &#8221;probni test&#8221;, a koji podrazumijeva njegovu pomo\u0107 selefijskom pokretu. Burhami je istakao da vo\u0111stvo stranke &#8221;En-Nur&#8221; i selefijskog pokreta \u017eeli uprili\u010diti susret sa Abdul-Fetahom Sisijem ili njegovim zamjenikom u sjedi\u0161tu selefijskog pokreta, kako bi mu predstavili svoj program i svoje uslove.<\/p>\n<p>Isti izvor potvrdio je za novine &#8221;Egipat danas&#8221; da je Burhami ve\u0107 postavio okvirni plan koji sadr\u017ei uslove pod kojima \u0107e partija &#8221;En-Nur&#8221; podr\u017eati predsjedni\u010dkog kandidata Sisija, poja\u0161njavaju\u0107i da je selefijski pokret spreman vr\u0161iti kampanju u korist Sisija i u onim mjestima u kojima to drugi ne mogu raditi, uklju\u010duju\u0107i i bastion &#8221;terorizma&#8221; u Gornjem Egiptu, te da tra\u017ei da se sprije\u010di kori\u0161tenje d\u017eamijskog prostora za kampanju bilo kojeg predsjedni\u010dkog kandidata.<\/p>\n<p>U istom kontekstu, novine su prenijele i izjavu Samiha Abdul Hamida, jednog od vo\u0111a selefijske da've, da su Sisijeve \u0161anse da dobije podr\u0161ku selefija bolje nego drugih kandidata, zbog velike narodne saglasnosti i podr\u0161ke, te da je kandidatura Sisija za predsjednika upravo do\u0161la kao odgovor na zahtjev ogromne ve\u0107ine Egip\u010dana.<\/p>\n<p>On je rekao da bi se selefijska podr\u0161ka Sisiju ogledala u okupljanjima na ulicama, propagiranju u korist programa predsjedni\u010dkog kandidata Sisija i organiziranju rada u izbornim \u0161tabovima.<\/p>\n<p>A \u0161to se pak ti\u010de oficijelnog re\u017eima i medija koji su mu naklonjeni, oni smatraju da je stranka &#8221;En-Nur&#8221;, kao i cjelokupna selefijska da'va, izgubila mnogo na popularnosti u egipatskoj javnosti usljed svih doga\u0111anja u Egiptu, jo\u0161 od vojnog udara koji se dogodio 3. jula pro\u0161le godine, a posebno nakon napada kojem je izlo\u017eena stranka &#8221;En-Nur&#8221; odmah poslije referenduma o ustavu koji je pripremila pu\u010disti\u010dka vlast, kada je stranka optu\u017eena od strane re\u017eimskih medija da je slabo radila na mobilizaciji ljudi da glasaju za ustav.<\/p>\n<p>Izvor: www.islammemo.cc<\/p>\n","protected":false},"excerpt":{"rendered":"<p>Saudijska selefijska &#8220;Nur&#8221; partija u Egiptu pregovara o podr\u0161ci Sisiju na predstoje\u0107im predsjedni\u010dkim izborima<\/p>\n","protected":false},"author":83,"featured_media":103842,"comment_status":"open","ping_status":"open","sticky":false,"template":"","format":"standard","meta":{"footnotes":""},"categories":[9,8957],"tags":[10228],"class_list":{"0":"post-103841","1":"post","2":"type-post","3":"status-publish","4":"format-standard","5":"has-post-thumbnail","7":"category-svijet","8":"category-vijesti-dana","9":"tag-egipat"},"yoast_head":"<!-- This site is optimized with the Yoast SEO Premium plugin v23.1 (Yoast SEO v24.9) - https:\/\/yoast.com\/wordpress\/plugins\/seo\/ -->\n<title>Saudijska Arabija proglasila Muslimansku bra\u0107u za &quot;teroristi\u010dku organizaciju&quot;<\/title>\n<meta name=\"robots\" content=\"index, follow, max-snippet:-1, max-image-preview:large, max-video-preview:-1\" \/>\n<link rel=\"canonical\" href=\"https:\/\/sandzakpress.net\/arhiva\/saudijska-arabija-proglasila-muslimansku-bracu-za-teroristicku-organizaciju\/\" \/>\n<meta property=\"og:locale\" content=\"bs_BA\" \/>\n<meta property=\"og:type\" content=\"article\" \/>\n<meta property=\"og:title\" content=\"Saudijska Arabija proglasila Muslimansku bra\u0107u za &quot;teroristi\u010dku organizaciju&quot;\" \/>\n<meta property=\"og:description\" content=\"Saudijska selefijska &quot;Nur&quot; partija u Egiptu pregovara o podr\u0161ci Sisiju na predstoje\u0107im predsjedni\u010dkim izborima\" \/>\n<meta property=\"og:url\" content=\"https:\/\/sandzakpress.net\/arhiva\/saudijska-arabija-proglasila-muslimansku-bracu-za-teroristicku-organizaciju\/\" \/>\n<meta property=\"og:site_name\" content=\"Sand\u017eak PRESS\" \/>\n<meta property=\"article:published_time\" content=\"2014-04-01T12:05:26+00:00\" \/>\n<meta property=\"article:modified_time\" content=\"2014-04-01T12:06:09+00:00\" \/>\n<meta property=\"og:image\" content=\"https:\/\/sandzakpress.net\/arhiva\/wp-content\/uploads\/2014\/04\/ihvanci-300x224.jpg\" \/>\n\t<meta property=\"og:image:width\" content=\"300\" \/>\n\t<meta property=\"og:image:height\" content=\"224\" \/>\n\t<meta property=\"og:image:type\" content=\"image\/jpeg\" \/>\n<meta name=\"author\" content=\"bosniak\" \/>\n<meta name=\"twitter:card\" content=\"summary_large_image\" \/>\n<meta name=\"twitter:label1\" content=\"Written by\" \/>\n\t<meta name=\"twitter:data1\" content=\"bosniak\" \/>\n\t<meta name=\"twitter:label2\" content=\"Est. reading time\" \/>\n\t<meta name=\"twitter:data2\" content=\"5 minuta\" \/>\n<script type=\"application\/ld+json\" class=\"yoast-schema-graph\">{\"@context\":\"https:\/\/schema.org\",\"@graph\":[{\"@type\":\"Article\",\"@id\":\"https:\/\/sandzakpress.net\/arhiva\/saudijska-arabija-proglasila-muslimansku-bracu-za-teroristicku-organizaciju\/#article\",\"isPartOf\":{\"@id\":\"https:\/\/sandzakpress.net\/arhiva\/saudijska-arabija-proglasila-muslimansku-bracu-za-teroristicku-organizaciju\/\"},\"author\":{\"name\":\"bosniak\",\"@id\":\"https:\/\/sandzakpress.net\/arhiva\/#\/schema\/person\/c8baee722073534b583ea7bdb2e36c02\"},\"headline\":\"Saudijska Arabija proglasila Muslimansku bra\u0107u za &#8220;teroristi\u010dku organizaciju&#8221;\",\"datePublished\":\"2014-04-01T12:05:26+00:00\",\"dateModified\":\"2014-04-01T12:06:09+00:00\",\"mainEntityOfPage\":{\"@id\":\"https:\/\/sandzakpress.net\/arhiva\/saudijska-arabija-proglasila-muslimansku-bracu-za-teroristicku-organizaciju\/\"},\"wordCount\":977,\"commentCount\":11,\"publisher\":{\"@id\":\"https:\/\/sandzakpress.net\/arhiva\/#\/schema\/person\/6e72b67d6e51910a1117b3b483ba20bd\"},\"image\":{\"@id\":\"https:\/\/sandzakpress.net\/arhiva\/saudijska-arabija-proglasila-muslimansku-bracu-za-teroristicku-organizaciju\/#primaryimage\"},\"thumbnailUrl\":\"https:\/\/sandzakpress.net\/arhiva\/wp-content\/uploads\/2014\/04\/ihvanci-300x224.jpg\",\"keywords\":[\"Egipat\"],\"articleSection\":[\"Svijet\",\"VIJESTI DANA\"],\"inLanguage\":\"bs-BA\",\"potentialAction\":[{\"@type\":\"CommentAction\",\"name\":\"Comment\",\"target\":[\"https:\/\/sandzakpress.net\/arhiva\/saudijska-arabija-proglasila-muslimansku-bracu-za-teroristicku-organizaciju\/#respond\"]}]},{\"@type\":\"WebPage\",\"@id\":\"https:\/\/sandzakpress.net\/arhiva\/saudijska-arabija-proglasila-muslimansku-bracu-za-teroristicku-organizaciju\/\",\"url\":\"https:\/\/sandzakpress.net\/arhiva\/saudijska-arabija-proglasila-muslimansku-bracu-za-teroristicku-organizaciju\/\",\"name\":\"Saudijska Arabija proglasila Muslimansku bra\u0107u za \\\"teroristi\u010dku organizaciju\\\"\",\"isPartOf\":{\"@id\":\"https:\/\/sandzakpress.net\/arhiva\/#website\"},\"primaryImageOfPage\":{\"@id\":\"https:\/\/sandzakpress.net\/arhiva\/saudijska-arabija-proglasila-muslimansku-bracu-za-teroristicku-organizaciju\/#primaryimage\"},\"image\":{\"@id\":\"https:\/\/sandzakpress.net\/arhiva\/saudijska-arabija-proglasila-muslimansku-bracu-za-teroristicku-organizaciju\/#primaryimage\"},\"thumbnailUrl\":\"https:\/\/sandzakpress.net\/arhiva\/wp-content\/uploads\/2014\/04\/ihvanci-300x224.jpg\",\"datePublished\":\"2014-04-01T12:05:26+00:00\",\"dateModified\":\"2014-04-01T12:06:09+00:00\",\"breadcrumb\":{\"@id\":\"https:\/\/sandzakpress.net\/arhiva\/saudijska-arabija-proglasila-muslimansku-bracu-za-teroristicku-organizaciju\/#breadcrumb\"},\"inLanguage\":\"bs-BA\",\"potentialAction\":[{\"@type\":\"ReadAction\",\"target\":[\"https:\/\/sandzakpress.net\/arhiva\/saudijska-arabija-proglasila-muslimansku-bracu-za-teroristicku-organizaciju\/\"]}]},{\"@type\":\"ImageObject\",\"inLanguage\":\"bs-BA\",\"@id\":\"https:\/\/sandzakpress.net\/arhiva\/saudijska-arabija-proglasila-muslimansku-bracu-za-teroristicku-organizaciju\/#primaryimage\",\"url\":\"https:\/\/sandzakpress.net\/arhiva\/wp-content\/uploads\/2014\/04\/ihvanci-300x224.jpg\",\"contentUrl\":\"https:\/\/sandzakpress.net\/arhiva\/wp-content\/uploads\/2014\/04\/ihvanci-300x224.jpg\",\"width\":300,\"height\":224},{\"@type\":\"BreadcrumbList\",\"@id\":\"https:\/\/sandzakpress.net\/arhiva\/saudijska-arabija-proglasila-muslimansku-bracu-za-teroristicku-organizaciju\/#breadcrumb\",\"itemListElement\":[{\"@type\":\"ListItem\",\"position\":1,\"name\":\"Home\",\"item\":\"https:\/\/sandzakpress.net\/arhiva\/\"},{\"@type\":\"ListItem\",\"position\":2,\"name\":\"Saudijska Arabija proglasila Muslimansku bra\u0107u za &#8220;teroristi\u010dku organizaciju&#8221;\"}]},{\"@type\":\"WebSite\",\"@id\":\"https:\/\/sandzakpress.net\/arhiva\/#website\",\"url\":\"https:\/\/sandzakpress.net\/arhiva\/\",\"name\":\"Sand\u017eak PRESS\",\"description\":\"Prve elektronske novine u Sand\u017eaku\",\"publisher\":{\"@id\":\"https:\/\/sandzakpress.net\/arhiva\/#\/schema\/person\/6e72b67d6e51910a1117b3b483ba20bd\"},\"potentialAction\":[{\"@type\":\"SearchAction\",\"target\":{\"@type\":\"EntryPoint\",\"urlTemplate\":\"https:\/\/sandzakpress.net\/arhiva\/?s={search_term_string}\"},\"query-input\":{\"@type\":\"PropertyValueSpecification\",\"valueRequired\":true,\"valueName\":\"search_term_string\"}}],\"inLanguage\":\"bs-BA\"},{\"@type\":[\"Person\",\"Organization\"],\"@id\":\"https:\/\/sandzakpress.net\/arhiva\/#\/schema\/person\/6e72b67d6e51910a1117b3b483ba20bd\",\"name\":\"Kul\",\"image\":{\"@type\":\"ImageObject\",\"inLanguage\":\"bs-BA\",\"@id\":\"https:\/\/sandzakpress.net\/arhiva\/#\/schema\/person\/image\/\",\"url\":\"https:\/\/secure.gravatar.com\/avatar\/42263f39aa27ac04c43cab85c280eb2e?s=96&d=mm&r=pg\",\"contentUrl\":\"https:\/\/secure.gravatar.com\/avatar\/42263f39aa27ac04c43cab85c280eb2e?s=96&d=mm&r=pg\",\"caption\":\"Kul\"},\"logo\":{\"@id\":\"https:\/\/sandzakpress.net\/arhiva\/#\/schema\/person\/image\/\"}},{\"@type\":\"Person\",\"@id\":\"https:\/\/sandzakpress.net\/arhiva\/#\/schema\/person\/c8baee722073534b583ea7bdb2e36c02\",\"name\":\"bosniak\",\"image\":{\"@type\":\"ImageObject\",\"inLanguage\":\"bs-BA\",\"@id\":\"https:\/\/sandzakpress.net\/arhiva\/#\/schema\/person\/image\/\",\"url\":\"https:\/\/secure.gravatar.com\/avatar\/a04fd330bfe3a36a72a0ad4a6d89fca7?s=96&d=mm&r=pg\",\"contentUrl\":\"https:\/\/secure.gravatar.com\/avatar\/a04fd330bfe3a36a72a0ad4a6d89fca7?s=96&d=mm&r=pg\",\"caption\":\"bosniak\"},\"url\":\"https:\/\/sandzakpress.net\/arhiva\/author\/bosniak\/\"}]}<\/script>\n<!-- \/ Yoast SEO Premium plugin. -->","yoast_head_json":{"title":"Saudijska Arabija proglasila Muslimansku bra\u0107u za \"teroristi\u010dku organizaciju\"","robots":{"index":"index","follow":"follow","max-snippet":"max-snippet:-1","max-image-preview":"max-image-preview:large","max-video-preview":"max-video-preview:-1"},"canonical":"https:\/\/sandzakpress.net\/arhiva\/saudijska-arabija-proglasila-muslimansku-bracu-za-teroristicku-organizaciju\/","og_locale":"bs_BA","og_type":"article","og_title":"Saudijska Arabija proglasila Muslimansku bra\u0107u za \"teroristi\u010dku organizaciju\"","og_description":"Saudijska selefijska \"Nur\" partija u Egiptu pregovara o podr\u0161ci Sisiju na predstoje\u0107im predsjedni\u010dkim izborima","og_url":"https:\/\/sandzakpress.net\/arhiva\/saudijska-arabija-proglasila-muslimansku-bracu-za-teroristicku-organizaciju\/","og_site_name":"Sand\u017eak PRESS","article_published_time":"2014-04-01T12:05:26+00:00","article_modified_time":"2014-04-01T12:06:09+00:00","og_image":[{"width":300,"height":224,"url":"https:\/\/sandzakpress.net\/arhiva\/wp-content\/uploads\/2014\/04\/ihvanci-300x224.jpg","type":"image\/jpeg"}],"author":"bosniak","twitter_card":"summary_large_image","twitter_misc":{"Written by":"bosniak","Est. reading time":"5 minuta"},"schema":{"@context":"https:\/\/schema.org","@graph":[{"@type":"Article","@id":"https:\/\/sandzakpress.net\/arhiva\/saudijska-arabija-proglasila-muslimansku-bracu-za-teroristicku-organizaciju\/#article","isPartOf":{"@id":"https:\/\/sandzakpress.net\/arhiva\/saudijska-arabija-proglasila-muslimansku-bracu-za-teroristicku-organizaciju\/"},"author":{"name":"bosniak","@id":"https:\/\/sandzakpress.net\/arhiva\/#\/schema\/person\/c8baee722073534b583ea7bdb2e36c02"},"headline":"Saudijska Arabija proglasila Muslimansku bra\u0107u za &#8220;teroristi\u010dku organizaciju&#8221;","datePublished":"2014-04-01T12:05:26+00:00","dateModified":"2014-04-01T12:06:09+00:00","mainEntityOfPage":{"@id":"https:\/\/sandzakpress.net\/arhiva\/saudijska-arabija-proglasila-muslimansku-bracu-za-teroristicku-organizaciju\/"},"wordCount":977,"commentCount":11,"publisher":{"@id":"https:\/\/sandzakpress.net\/arhiva\/#\/schema\/person\/6e72b67d6e51910a1117b3b483ba20bd"},"image":{"@id":"https:\/\/sandzakpress.net\/arhiva\/saudijska-arabija-proglasila-muslimansku-bracu-za-teroristicku-organizaciju\/#primaryimage"},"thumbnailUrl":"https:\/\/sandzakpress.net\/arhiva\/wp-content\/uploads\/2014\/04\/ihvanci-300x224.jpg","keywords":["Egipat"],"articleSection":["Svijet","VIJESTI DANA"],"inLanguage":"bs-BA","potentialAction":[{"@type":"CommentAction","name":"Comment","target":["https:\/\/sandzakpress.net\/arhiva\/saudijska-arabija-proglasila-muslimansku-bracu-za-teroristicku-organizaciju\/#respond"]}]},{"@type":"WebPage","@id":"https:\/\/sandzakpress.net\/arhiva\/saudijska-arabija-proglasila-muslimansku-bracu-za-teroristicku-organizaciju\/","url":"https:\/\/sandzakpress.net\/arhiva\/saudijska-arabija-proglasila-muslimansku-bracu-za-teroristicku-organizaciju\/","name":"Saudijska Arabija proglasila Muslimansku bra\u0107u za \"teroristi\u010dku organizaciju\"","isPartOf":{"@id":"https:\/\/sandzakpress.net\/arhiva\/#website"},"primaryImageOfPage":{"@id":"https:\/\/sandzakpress.net\/arhiva\/saudijska-arabija-proglasila-muslimansku-bracu-za-teroristicku-organizaciju\/#primaryimage"},"image":{"@id":"https:\/\/sandzakpress.net\/arhiva\/saudijska-arabija-proglasila-muslimansku-bracu-za-teroristicku-organizaciju\/#primaryimage"},"thumbnailUrl":"https:\/\/sandzakpress.net\/arhiva\/wp-content\/uploads\/2014\/04\/ihvanci-300x224.jpg","datePublished":"2014-04-01T12:05:26+00:00","dateModified":"2014-04-01T12:06:09+00:00","breadcrumb":{"@id":"https:\/\/sandzakpress.net\/arhiva\/saudijska-arabija-proglasila-muslimansku-bracu-za-teroristicku-organizaciju\/#breadcrumb"},"inLanguage":"bs-BA","potentialAction":[{"@type":"ReadAction","target":["https:\/\/sandzakpress.net\/arhiva\/saudijska-arabija-proglasila-muslimansku-bracu-za-teroristicku-organizaciju\/"]}]},{"@type":"ImageObject","inLanguage":"bs-BA","@id":"https:\/\/sandzakpress.net\/arhiva\/saudijska-arabija-proglasila-muslimansku-bracu-za-teroristicku-organizaciju\/#primaryimage","url":"https:\/\/sandzakpress.net\/arhiva\/wp-content\/uploads\/2014\/04\/ihvanci-300x224.jpg","contentUrl":"https:\/\/sandzakpress.net\/arhiva\/wp-content\/uploads\/2014\/04\/ihvanci-300x224.jpg","width":300,"height":224},{"@type":"BreadcrumbList","@id":"https:\/\/sandzakpress.net\/arhiva\/saudijska-arabija-proglasila-muslimansku-bracu-za-teroristicku-organizaciju\/#breadcrumb","itemListElement":[{"@type":"ListItem","position":1,"name":"Home","item":"https:\/\/sandzakpress.net\/arhiva\/"},{"@type":"ListItem","position":2,"name":"Saudijska Arabija proglasila Muslimansku bra\u0107u za &#8220;teroristi\u010dku organizaciju&#8221;"}]},{"@type":"WebSite","@id":"https:\/\/sandzakpress.net\/arhiva\/#website","url":"https:\/\/sandzakpress.net\/arhiva\/","name":"Sand\u017eak PRESS","description":"Prve elektronske novine u Sand\u017eaku","publisher":{"@id":"https:\/\/sandzakpress.net\/arhiva\/#\/schema\/person\/6e72b67d6e51910a1117b3b483ba20bd"},"potentialAction":[{"@type":"SearchAction","target":{"@type":"EntryPoint","urlTemplate":"https:\/\/sandzakpress.net\/arhiva\/?s={search_term_string}"},"query-input":{"@type":"PropertyValueSpecification","valueRequired":true,"valueName":"search_term_string"}}],"inLanguage":"bs-BA"},{"@type":["Person","Organization"],"@id":"https:\/\/sandzakpress.net\/arhiva\/#\/schema\/person\/6e72b67d6e51910a1117b3b483ba20bd","name":"Kul","image":{"@type":"ImageObject","inLanguage":"bs-BA","@id":"https:\/\/sandzakpress.net\/arhiva\/#\/schema\/person\/image\/","url":"https:\/\/secure.gravatar.com\/avatar\/42263f39aa27ac04c43cab85c280eb2e?s=96&d=mm&r=pg","contentUrl":"https:\/\/secure.gravatar.com\/avatar\/42263f39aa27ac04c43cab85c280eb2e?s=96&d=mm&r=pg","caption":"Kul"},"logo":{"@id":"https:\/\/sandzakpress.net\/arhiva\/#\/schema\/person\/image\/"}},{"@type":"Person","@id":"https:\/\/sandzakpress.net\/arhiva\/#\/schema\/person\/c8baee722073534b583ea7bdb2e36c02","name":"bosniak","image":{"@type":"ImageObject","inLanguage":"bs-BA","@id":"https:\/\/sandzakpress.net\/arhiva\/#\/schema\/person\/image\/","url":"https:\/\/secure.gravatar.com\/avatar\/a04fd330bfe3a36a72a0ad4a6d89fca7?s=96&d=mm&r=pg","contentUrl":"https:\/\/secure.gravatar.com\/avatar\/a04fd330bfe3a36a72a0ad4a6d89fca7?s=96&d=mm&r=pg","caption":"bosniak"},"url":"https:\/\/sandzakpress.net\/arhiva\/author\/bosniak\/"}]}},"_links":{"self":[{"href":"https:\/\/sandzakpress.net\/arhiva\/wp-json\/wp\/v2\/posts\/103841"}],"collection":[{"href":"https:\/\/sandzakpress.net\/arhiva\/wp-json\/wp\/v2\/posts"}],"about":[{"href":"https:\/\/sandzakpress.net\/arhiva\/wp-json\/wp\/v2\/types\/post"}],"author":[{"embeddable":true,"href":"https:\/\/sandzakpress.net\/arhiva\/wp-json\/wp\/v2\/users\/83"}],"replies":[{"embeddable":true,"href":"https:\/\/sandzakpress.net\/arhiva\/wp-json\/wp\/v2\/comments?post=103841"}],"version-history":[{"count":0,"href":"https:\/\/sandzakpress.net\/arhiva\/wp-json\/wp\/v2\/posts\/103841\/revisions"}],"wp:featuredmedia":[{"embeddable":true,"href":"https:\/\/sandzakpress.net\/arhiva\/wp-json\/wp\/v2\/media\/103842"}],"wp:attachment":[{"href":"https:\/\/sandzakpress.net\/arhiva\/wp-json\/wp\/v2\/media?parent=103841"}],"wp:term":[{"taxonomy":"category","embeddable":true,"href":"https:\/\/sandzakpress.net\/arhiva\/wp-json\/wp\/v2\/categories?post=103841"},{"taxonomy":"post_tag","embeddable":true,"href":"https:\/\/sandzakpress.net\/arhiva\/wp-json\/wp\/v2\/tags?post=103841"}],"curies":[{"name":"wp","href":"https:\/\/api.w.org\/{rel}","templated":true}]}}