{"id":103811,"date":"2014-03-31T22:38:45","date_gmt":"2014-03-31T20:38:45","guid":{"rendered":"https:\/\/sandzakpress.net\/arhiva\/?p=103811"},"modified":"2014-03-31T22:38:45","modified_gmt":"2014-03-31T20:38:45","slug":"pariz-dobio-prvu-gradonacelnicu-u-historiji","status":"publish","type":"post","link":"https:\/\/sandzakpress.net\/arhiva\/pariz-dobio-prvu-gradonacelnicu-u-historiji\/","title":{"rendered":"Pariz dobio prvu gradona\u010delnicu u historiji"},"content":{"rendered":"<p><img loading=\"lazy\" decoding=\"async\" class=\"alignleft\" style=\"font-size: 14px; line-height: 1.5em;\" title=\"Pove\u0107aj sliku\" alt=\"Pariz dobio prvu gradona\u010delnicu u historiji\" src=\"http:\/\/www.info-ks.net\/mala_slika\/280x210\/slike\/clanci\/slike\/2014\/mart\/anne.jpg\" width=\"280\" height=\"210\" \/><strong>Francuska &#8211; Anne Hidalgo postala je u nedjelju prva \u017eena gradona\u010delnik Pariza.<\/strong><\/p>\n<div>\n<p>&#8220;Ja sam prva gradona\u010delnica Pariza. Svjesna sam izazova&#8221;, rekla je Hidalgo u pobjedonosnom govoru nakon \u0161to je nanijela poraz kandidatkinji konzervativne desnice, biv\u0161oj ministrici Nathalie Kosciusko-Morizet.<\/p>\n<p>Me\u0111utim, krajnje desni\u010darski Nacionalni front ostvario je svoj plan pu\u0161tanja lokalnih korijena diljem Francuske i dobio je ve\u0107inu u 10 gradova.<\/p>\n<p>\u010celnica stranke Marine Le Pen rekla je da joj ovo daje mogu\u0107nost da postigne svoj cilj postavljanjem najmanje 1.000 op\u0107inskih savjetnika iz svoje stranke. Ka\u017ee da bi ih stranka mogla imati i vi\u0161e od 1.200.<\/p>\n<p>Premijer Jean-Marc Ayrault priznao je da je posljednji krug glasanja lo\u0161e pro\u0161ao za njegovu Socijalisti\u010dku stranku.<\/p>\n<p>&#8220;Ovo glasanje je poraz za vladu&#8221;, rekao je on.<\/p>\n<p>Glasanje za lokalna liderstva smatra se referendumom o nepopularnosti Francoisa Hollandea. Slabi rezultati socijalista ne ostavljaju sumnju da \u0107e vlada uskoro biti rekonstruisana.<\/p>\n<p>(info-ks)<\/p>\n<\/div>\n","protected":false},"excerpt":{"rendered":"<p>Francuska &#8211; Anne Hidalgo postala je u nedjelju prva \u017eena gradona\u010delnik Pariza. &#8220;Ja sam prva gradona\u010delnica Pariza. Svjesna sam izazova&#8221;, rekla je Hidalgo u pobjedonosnom govoru nakon \u0161to je nanijela poraz kandidatkinji konzervativne desnice, biv\u0161oj ministrici Nathalie Kosciusko-Morizet. Me\u0111utim, krajnje desni\u010darski Nacionalni front ostvario je svoj plan pu\u0161tanja lokalnih korijena diljem Francuske i dobio je [&hellip;]<\/p>\n","protected":false},"author":83,"featured_media":103812,"comment_status":"open","ping_status":"open","sticky":false,"template":"","format":"standard","meta":{"footnotes":""},"categories":[9550,9],"tags":[],"class_list":{"0":"post-103811","1":"post","2":"type-post","3":"status-publish","4":"format-standard","5":"has-post-thumbnail","7":"category-francuska-dijaspora-gradovi-vase-vijesti","8":"category-svijet"},"yoast_head":"<!-- This site is optimized with the Yoast SEO Premium plugin v23.1 (Yoast SEO v24.9) - https:\/\/yoast.com\/wordpress\/plugins\/seo\/ -->\n<title>Pariz dobio prvu gradona\u010delnicu u historiji<\/title>\n<meta name=\"robots\" content=\"index, follow, max-snippet:-1, max-image-preview:large, max-video-preview:-1\" \/>\n<link rel=\"canonical\" href=\"https:\/\/sandzakpress.net\/arhiva\/pariz-dobio-prvu-gradonacelnicu-u-historiji\/\" \/>\n<meta property=\"og:locale\" content=\"bs_BA\" \/>\n<meta property=\"og:type\" content=\"article\" \/>\n<meta property=\"og:title\" content=\"Pariz dobio prvu gradona\u010delnicu u historiji\" \/>\n<meta property=\"og:description\" content=\"Francuska &#8211; Anne Hidalgo postala je u nedjelju prva \u017eena gradona\u010delnik Pariza. &#8220;Ja sam prva gradona\u010delnica Pariza. Svjesna sam izazova&#8221;, rekla je Hidalgo u pobjedonosnom govoru nakon \u0161to je nanijela poraz kandidatkinji konzervativne desnice, biv\u0161oj ministrici Nathalie Kosciusko-Morizet. Me\u0111utim, krajnje desni\u010darski Nacionalni front ostvario je svoj plan pu\u0161tanja lokalnih korijena diljem Francuske i dobio je [&hellip;]\" \/>\n<meta property=\"og:url\" content=\"https:\/\/sandzakpress.net\/arhiva\/pariz-dobio-prvu-gradonacelnicu-u-historiji\/\" \/>\n<meta property=\"og:site_name\" content=\"Sand\u017eak PRESS\" \/>\n<meta property=\"article:published_time\" content=\"2014-03-31T20:38:45+00:00\" \/>\n<meta property=\"og:image\" content=\"https:\/\/sandzakpress.net\/arhiva\/wp-content\/uploads\/2014\/03\/anne.jpg\" \/>\n\t<meta property=\"og:image:width\" content=\"280\" \/>\n\t<meta property=\"og:image:height\" content=\"210\" \/>\n\t<meta property=\"og:image:type\" content=\"image\/jpeg\" \/>\n<meta name=\"author\" content=\"bosniak\" \/>\n<meta name=\"twitter:card\" content=\"summary_large_image\" \/>\n<meta name=\"twitter:label1\" content=\"Written by\" \/>\n\t<meta name=\"twitter:data1\" content=\"bosniak\" \/>\n\t<meta name=\"twitter:label2\" content=\"Est. reading time\" \/>\n\t<meta name=\"twitter:data2\" content=\"1 minuta\" \/>\n<script type=\"application\/ld+json\" class=\"yoast-schema-graph\">{\"@context\":\"https:\/\/schema.org\",\"@graph\":[{\"@type\":\"Article\",\"@id\":\"https:\/\/sandzakpress.net\/arhiva\/pariz-dobio-prvu-gradonacelnicu-u-historiji\/#article\",\"isPartOf\":{\"@id\":\"https:\/\/sandzakpress.net\/arhiva\/pariz-dobio-prvu-gradonacelnicu-u-historiji\/\"},\"author\":{\"name\":\"bosniak\",\"@id\":\"https:\/\/sandzakpress.net\/arhiva\/#\/schema\/person\/c8baee722073534b583ea7bdb2e36c02\"},\"headline\":\"Pariz dobio prvu gradona\u010delnicu u historiji\",\"datePublished\":\"2014-03-31T20:38:45+00:00\",\"mainEntityOfPage\":{\"@id\":\"https:\/\/sandzakpress.net\/arhiva\/pariz-dobio-prvu-gradonacelnicu-u-historiji\/\"},\"wordCount\":161,\"commentCount\":0,\"publisher\":{\"@id\":\"https:\/\/sandzakpress.net\/arhiva\/#\/schema\/person\/6e72b67d6e51910a1117b3b483ba20bd\"},\"image\":{\"@id\":\"https:\/\/sandzakpress.net\/arhiva\/pariz-dobio-prvu-gradonacelnicu-u-historiji\/#primaryimage\"},\"thumbnailUrl\":\"https:\/\/sandzakpress.net\/arhiva\/wp-content\/uploads\/2014\/03\/anne.jpg\",\"articleSection\":[\"Francuska\",\"Svijet\"],\"inLanguage\":\"bs-BA\",\"potentialAction\":[{\"@type\":\"CommentAction\",\"name\":\"Comment\",\"target\":[\"https:\/\/sandzakpress.net\/arhiva\/pariz-dobio-prvu-gradonacelnicu-u-historiji\/#respond\"]}]},{\"@type\":\"WebPage\",\"@id\":\"https:\/\/sandzakpress.net\/arhiva\/pariz-dobio-prvu-gradonacelnicu-u-historiji\/\",\"url\":\"https:\/\/sandzakpress.net\/arhiva\/pariz-dobio-prvu-gradonacelnicu-u-historiji\/\",\"name\":\"Pariz dobio prvu gradona\u010delnicu u historiji\",\"isPartOf\":{\"@id\":\"https:\/\/sandzakpress.net\/arhiva\/#website\"},\"primaryImageOfPage\":{\"@id\":\"https:\/\/sandzakpress.net\/arhiva\/pariz-dobio-prvu-gradonacelnicu-u-historiji\/#primaryimage\"},\"image\":{\"@id\":\"https:\/\/sandzakpress.net\/arhiva\/pariz-dobio-prvu-gradonacelnicu-u-historiji\/#primaryimage\"},\"thumbnailUrl\":\"https:\/\/sandzakpress.net\/arhiva\/wp-content\/uploads\/2014\/03\/anne.jpg\",\"datePublished\":\"2014-03-31T20:38:45+00:00\",\"breadcrumb\":{\"@id\":\"https:\/\/sandzakpress.net\/arhiva\/pariz-dobio-prvu-gradonacelnicu-u-historiji\/#breadcrumb\"},\"inLanguage\":\"bs-BA\",\"potentialAction\":[{\"@type\":\"ReadAction\",\"target\":[\"https:\/\/sandzakpress.net\/arhiva\/pariz-dobio-prvu-gradonacelnicu-u-historiji\/\"]}]},{\"@type\":\"ImageObject\",\"inLanguage\":\"bs-BA\",\"@id\":\"https:\/\/sandzakpress.net\/arhiva\/pariz-dobio-prvu-gradonacelnicu-u-historiji\/#primaryimage\",\"url\":\"https:\/\/sandzakpress.net\/arhiva\/wp-content\/uploads\/2014\/03\/anne.jpg\",\"contentUrl\":\"https:\/\/sandzakpress.net\/arhiva\/wp-content\/uploads\/2014\/03\/anne.jpg\",\"width\":280,\"height\":210},{\"@type\":\"BreadcrumbList\",\"@id\":\"https:\/\/sandzakpress.net\/arhiva\/pariz-dobio-prvu-gradonacelnicu-u-historiji\/#breadcrumb\",\"itemListElement\":[{\"@type\":\"ListItem\",\"position\":1,\"name\":\"Home\",\"item\":\"https:\/\/sandzakpress.net\/arhiva\/\"},{\"@type\":\"ListItem\",\"position\":2,\"name\":\"Pariz dobio prvu gradona\u010delnicu u historiji\"}]},{\"@type\":\"WebSite\",\"@id\":\"https:\/\/sandzakpress.net\/arhiva\/#website\",\"url\":\"https:\/\/sandzakpress.net\/arhiva\/\",\"name\":\"Sand\u017eak PRESS\",\"description\":\"Prve elektronske novine u Sand\u017eaku\",\"publisher\":{\"@id\":\"https:\/\/sandzakpress.net\/arhiva\/#\/schema\/person\/6e72b67d6e51910a1117b3b483ba20bd\"},\"potentialAction\":[{\"@type\":\"SearchAction\",\"target\":{\"@type\":\"EntryPoint\",\"urlTemplate\":\"https:\/\/sandzakpress.net\/arhiva\/?s={search_term_string}\"},\"query-input\":{\"@type\":\"PropertyValueSpecification\",\"valueRequired\":true,\"valueName\":\"search_term_string\"}}],\"inLanguage\":\"bs-BA\"},{\"@type\":[\"Person\",\"Organization\"],\"@id\":\"https:\/\/sandzakpress.net\/arhiva\/#\/schema\/person\/6e72b67d6e51910a1117b3b483ba20bd\",\"name\":\"Kul\",\"image\":{\"@type\":\"ImageObject\",\"inLanguage\":\"bs-BA\",\"@id\":\"https:\/\/sandzakpress.net\/arhiva\/#\/schema\/person\/image\/\",\"url\":\"https:\/\/secure.gravatar.com\/avatar\/42263f39aa27ac04c43cab85c280eb2e?s=96&d=mm&r=pg\",\"contentUrl\":\"https:\/\/secure.gravatar.com\/avatar\/42263f39aa27ac04c43cab85c280eb2e?s=96&d=mm&r=pg\",\"caption\":\"Kul\"},\"logo\":{\"@id\":\"https:\/\/sandzakpress.net\/arhiva\/#\/schema\/person\/image\/\"}},{\"@type\":\"Person\",\"@id\":\"https:\/\/sandzakpress.net\/arhiva\/#\/schema\/person\/c8baee722073534b583ea7bdb2e36c02\",\"name\":\"bosniak\",\"image\":{\"@type\":\"ImageObject\",\"inLanguage\":\"bs-BA\",\"@id\":\"https:\/\/sandzakpress.net\/arhiva\/#\/schema\/person\/image\/\",\"url\":\"https:\/\/secure.gravatar.com\/avatar\/a04fd330bfe3a36a72a0ad4a6d89fca7?s=96&d=mm&r=pg\",\"contentUrl\":\"https:\/\/secure.gravatar.com\/avatar\/a04fd330bfe3a36a72a0ad4a6d89fca7?s=96&d=mm&r=pg\",\"caption\":\"bosniak\"},\"url\":\"https:\/\/sandzakpress.net\/arhiva\/author\/bosniak\/\"}]}<\/script>\n<!-- \/ Yoast SEO Premium plugin. -->","yoast_head_json":{"title":"Pariz dobio prvu gradona\u010delnicu u historiji","robots":{"index":"index","follow":"follow","max-snippet":"max-snippet:-1","max-image-preview":"max-image-preview:large","max-video-preview":"max-video-preview:-1"},"canonical":"https:\/\/sandzakpress.net\/arhiva\/pariz-dobio-prvu-gradonacelnicu-u-historiji\/","og_locale":"bs_BA","og_type":"article","og_title":"Pariz dobio prvu gradona\u010delnicu u historiji","og_description":"Francuska &#8211; Anne Hidalgo postala je u nedjelju prva \u017eena gradona\u010delnik Pariza. &#8220;Ja sam prva gradona\u010delnica Pariza. Svjesna sam izazova&#8221;, rekla je Hidalgo u pobjedonosnom govoru nakon \u0161to je nanijela poraz kandidatkinji konzervativne desnice, biv\u0161oj ministrici Nathalie Kosciusko-Morizet. Me\u0111utim, krajnje desni\u010darski Nacionalni front ostvario je svoj plan pu\u0161tanja lokalnih korijena diljem Francuske i dobio je [&hellip;]","og_url":"https:\/\/sandzakpress.net\/arhiva\/pariz-dobio-prvu-gradonacelnicu-u-historiji\/","og_site_name":"Sand\u017eak PRESS","article_published_time":"2014-03-31T20:38:45+00:00","og_image":[{"width":280,"height":210,"url":"https:\/\/sandzakpress.net\/arhiva\/wp-content\/uploads\/2014\/03\/anne.jpg","type":"image\/jpeg"}],"author":"bosniak","twitter_card":"summary_large_image","twitter_misc":{"Written by":"bosniak","Est. reading time":"1 minuta"},"schema":{"@context":"https:\/\/schema.org","@graph":[{"@type":"Article","@id":"https:\/\/sandzakpress.net\/arhiva\/pariz-dobio-prvu-gradonacelnicu-u-historiji\/#article","isPartOf":{"@id":"https:\/\/sandzakpress.net\/arhiva\/pariz-dobio-prvu-gradonacelnicu-u-historiji\/"},"author":{"name":"bosniak","@id":"https:\/\/sandzakpress.net\/arhiva\/#\/schema\/person\/c8baee722073534b583ea7bdb2e36c02"},"headline":"Pariz dobio prvu gradona\u010delnicu u historiji","datePublished":"2014-03-31T20:38:45+00:00","mainEntityOfPage":{"@id":"https:\/\/sandzakpress.net\/arhiva\/pariz-dobio-prvu-gradonacelnicu-u-historiji\/"},"wordCount":161,"commentCount":0,"publisher":{"@id":"https:\/\/sandzakpress.net\/arhiva\/#\/schema\/person\/6e72b67d6e51910a1117b3b483ba20bd"},"image":{"@id":"https:\/\/sandzakpress.net\/arhiva\/pariz-dobio-prvu-gradonacelnicu-u-historiji\/#primaryimage"},"thumbnailUrl":"https:\/\/sandzakpress.net\/arhiva\/wp-content\/uploads\/2014\/03\/anne.jpg","articleSection":["Francuska","Svijet"],"inLanguage":"bs-BA","potentialAction":[{"@type":"CommentAction","name":"Comment","target":["https:\/\/sandzakpress.net\/arhiva\/pariz-dobio-prvu-gradonacelnicu-u-historiji\/#respond"]}]},{"@type":"WebPage","@id":"https:\/\/sandzakpress.net\/arhiva\/pariz-dobio-prvu-gradonacelnicu-u-historiji\/","url":"https:\/\/sandzakpress.net\/arhiva\/pariz-dobio-prvu-gradonacelnicu-u-historiji\/","name":"Pariz dobio prvu gradona\u010delnicu u historiji","isPartOf":{"@id":"https:\/\/sandzakpress.net\/arhiva\/#website"},"primaryImageOfPage":{"@id":"https:\/\/sandzakpress.net\/arhiva\/pariz-dobio-prvu-gradonacelnicu-u-historiji\/#primaryimage"},"image":{"@id":"https:\/\/sandzakpress.net\/arhiva\/pariz-dobio-prvu-gradonacelnicu-u-historiji\/#primaryimage"},"thumbnailUrl":"https:\/\/sandzakpress.net\/arhiva\/wp-content\/uploads\/2014\/03\/anne.jpg","datePublished":"2014-03-31T20:38:45+00:00","breadcrumb":{"@id":"https:\/\/sandzakpress.net\/arhiva\/pariz-dobio-prvu-gradonacelnicu-u-historiji\/#breadcrumb"},"inLanguage":"bs-BA","potentialAction":[{"@type":"ReadAction","target":["https:\/\/sandzakpress.net\/arhiva\/pariz-dobio-prvu-gradonacelnicu-u-historiji\/"]}]},{"@type":"ImageObject","inLanguage":"bs-BA","@id":"https:\/\/sandzakpress.net\/arhiva\/pariz-dobio-prvu-gradonacelnicu-u-historiji\/#primaryimage","url":"https:\/\/sandzakpress.net\/arhiva\/wp-content\/uploads\/2014\/03\/anne.jpg","contentUrl":"https:\/\/sandzakpress.net\/arhiva\/wp-content\/uploads\/2014\/03\/anne.jpg","width":280,"height":210},{"@type":"BreadcrumbList","@id":"https:\/\/sandzakpress.net\/arhiva\/pariz-dobio-prvu-gradonacelnicu-u-historiji\/#breadcrumb","itemListElement":[{"@type":"ListItem","position":1,"name":"Home","item":"https:\/\/sandzakpress.net\/arhiva\/"},{"@type":"ListItem","position":2,"name":"Pariz dobio prvu gradona\u010delnicu u historiji"}]},{"@type":"WebSite","@id":"https:\/\/sandzakpress.net\/arhiva\/#website","url":"https:\/\/sandzakpress.net\/arhiva\/","name":"Sand\u017eak PRESS","description":"Prve elektronske novine u Sand\u017eaku","publisher":{"@id":"https:\/\/sandzakpress.net\/arhiva\/#\/schema\/person\/6e72b67d6e51910a1117b3b483ba20bd"},"potentialAction":[{"@type":"SearchAction","target":{"@type":"EntryPoint","urlTemplate":"https:\/\/sandzakpress.net\/arhiva\/?s={search_term_string}"},"query-input":{"@type":"PropertyValueSpecification","valueRequired":true,"valueName":"search_term_string"}}],"inLanguage":"bs-BA"},{"@type":["Person","Organization"],"@id":"https:\/\/sandzakpress.net\/arhiva\/#\/schema\/person\/6e72b67d6e51910a1117b3b483ba20bd","name":"Kul","image":{"@type":"ImageObject","inLanguage":"bs-BA","@id":"https:\/\/sandzakpress.net\/arhiva\/#\/schema\/person\/image\/","url":"https:\/\/secure.gravatar.com\/avatar\/42263f39aa27ac04c43cab85c280eb2e?s=96&d=mm&r=pg","contentUrl":"https:\/\/secure.gravatar.com\/avatar\/42263f39aa27ac04c43cab85c280eb2e?s=96&d=mm&r=pg","caption":"Kul"},"logo":{"@id":"https:\/\/sandzakpress.net\/arhiva\/#\/schema\/person\/image\/"}},{"@type":"Person","@id":"https:\/\/sandzakpress.net\/arhiva\/#\/schema\/person\/c8baee722073534b583ea7bdb2e36c02","name":"bosniak","image":{"@type":"ImageObject","inLanguage":"bs-BA","@id":"https:\/\/sandzakpress.net\/arhiva\/#\/schema\/person\/image\/","url":"https:\/\/secure.gravatar.com\/avatar\/a04fd330bfe3a36a72a0ad4a6d89fca7?s=96&d=mm&r=pg","contentUrl":"https:\/\/secure.gravatar.com\/avatar\/a04fd330bfe3a36a72a0ad4a6d89fca7?s=96&d=mm&r=pg","caption":"bosniak"},"url":"https:\/\/sandzakpress.net\/arhiva\/author\/bosniak\/"}]}},"_links":{"self":[{"href":"https:\/\/sandzakpress.net\/arhiva\/wp-json\/wp\/v2\/posts\/103811"}],"collection":[{"href":"https:\/\/sandzakpress.net\/arhiva\/wp-json\/wp\/v2\/posts"}],"about":[{"href":"https:\/\/sandzakpress.net\/arhiva\/wp-json\/wp\/v2\/types\/post"}],"author":[{"embeddable":true,"href":"https:\/\/sandzakpress.net\/arhiva\/wp-json\/wp\/v2\/users\/83"}],"replies":[{"embeddable":true,"href":"https:\/\/sandzakpress.net\/arhiva\/wp-json\/wp\/v2\/comments?post=103811"}],"version-history":[{"count":0,"href":"https:\/\/sandzakpress.net\/arhiva\/wp-json\/wp\/v2\/posts\/103811\/revisions"}],"wp:featuredmedia":[{"embeddable":true,"href":"https:\/\/sandzakpress.net\/arhiva\/wp-json\/wp\/v2\/media\/103812"}],"wp:attachment":[{"href":"https:\/\/sandzakpress.net\/arhiva\/wp-json\/wp\/v2\/media?parent=103811"}],"wp:term":[{"taxonomy":"category","embeddable":true,"href":"https:\/\/sandzakpress.net\/arhiva\/wp-json\/wp\/v2\/categories?post=103811"},{"taxonomy":"post_tag","embeddable":true,"href":"https:\/\/sandzakpress.net\/arhiva\/wp-json\/wp\/v2\/tags?post=103811"}],"curies":[{"name":"wp","href":"https:\/\/api.w.org\/{rel}","templated":true}]}}