{"id":10380,"date":"2010-12-10T01:02:49","date_gmt":"2010-12-10T00:02:49","guid":{"rendered":"https:\/\/sandzakpress.net\/arhiva\/?p=10380"},"modified":"2010-12-10T01:05:51","modified_gmt":"2010-12-10T00:05:51","slug":"bnv-je-formiran-i-to-po-zakonu","status":"publish","type":"post","link":"https:\/\/sandzakpress.net\/arhiva\/bnv-je-formiran-i-to-po-zakonu\/","title":{"rendered":"BNV je formiran i to po zakonu"},"content":{"rendered":"<p><a href=\"https:\/\/sandzakpress.net\/arhiva\/wp-content\/uploads\/2010\/12\/vijece.jpg\"><img loading=\"lazy\" decoding=\"async\" class=\"aligncenter size-full wp-image-10387\" title=\"vijece\" src=\"https:\/\/sandzakpress.net\/arhiva\/wp-content\/uploads\/2010\/12\/vijece.jpg\" alt=\"\" width=\"616\" height=\"284\" \/><\/a><\/p>\n<p><strong>Sand\u017eak PRESS &#8211; Kona\u010dno je isplovilo ono \u0161to je ministar \u010cipli\u0107 imao namjeru od samog po\u010detka, a to je nepriznati pobjedu Bo\u0161nja\u010dke kulturne zajednice \u2013 BKZ \u2013 muftije Muamer ef. Zukorli\u0107a na izborima za Bo\u0161nja\u010dko nacionalno vije\u0107e, ve\u0107 ponoviti izbore sa ciljem da u njima ne u\u010destvuje niko ko mo\u017ee da ugrozi njegovo pro\u010detni\u010dko djelovanje, tj. djelovanje koje ima za cilj da Bo\u0161njake dovede do nestanka.<\/strong><\/p>\n<p>Mnogim ljudima, Bo\u0161njacima, nije jasna situacija oko vije\u0107a. Kako i da im bude, kada sve srpske televizije danono\u0107no servisiraju Bo\u0161njake otrovnim neistinama. Ono \u0161to jednog obi\u010dnog Bo\u0161njaka dovodi do konfuzije jeste to: \u201eDa li je BNV formirano po tom njihovom zakonu?\u201c Ja nisam pravnik, ali \u0107u, na osnovu onoga \u0161to ja znam, pojasniti situaciju.<\/p>\n<p><a href=\"https:\/\/sandzakpress.net\/arhiva\/wp-content\/uploads\/2010\/12\/bkz.jpg\"><img loading=\"lazy\" decoding=\"async\" class=\"aligncenter size-full wp-image-10381\" title=\"bkz\" src=\"https:\/\/sandzakpress.net\/arhiva\/wp-content\/uploads\/2010\/12\/bkz.jpg\" alt=\"\" width=\"616\" height=\"285\" \/><\/a><\/p>\n<p><strong>Upis Bo\u0161njaka u poseban registar<\/strong><\/p>\n<p>Krenimo od po\u010detka. Sje\u0107ate se kada je po\u010dela kampanja za izbore za Vije\u0107e? To je po\u010delo u vidu vr\u0161enja upisa za registar Bo\u0161njaka da bi mogli da glasaju. To je po\u010delo od decembra, pa je rok trajao do maja. Bo\u0161nja\u010dka kulturna zajednica je osnovana u januaru. Do januara, ukupno upisanih Bo\u0161njaka u registar je bilo blizu 10 000. Kada je BKZ po\u010dela vr\u0161iti upis, taj broj se za kratko vrijeme popeo na 50 000. Onda je Stranka demokratske akcije, na koferenciji za \u0161tampu koju je predvodio Esad D\u017eud\u017eevi\u0107 izjavila da je SDA sakupila preko 60 000 potpisa. Ubrzo nakon njih SDP preko Mirsada Jusufovi\u0107a izjavljauje da su sakupili preko 30 000 potpisa. Zar nije o\u010digledno da su oni trebali predstaviti da Bo\u0161njaka u Sand\u017eaku ima malo? Ako se sabere ono \u0161to su oni izjavili da su sakupili, ispada da su jedino oni sakupljali, jer je do kraja ukupno upisanih bilo preko 90 000. Me\u0111utim, ko je bar malo pratio situaciju, ili bar \u010de\u0161\u0107e prolazio centrom Novoga Pazara, Tutina, Sjenice ili Prijepolja, primjetio je da jedino BKZ vr\u0161i aktivno upis Bo\u0161njaka u poseban registar. Zar sada nije o\u010digledno da je to bila otvorena predizborna la\u017e i poku\u0161aj da se omalova\u017ei ono \u0161to \u010dini BKZ?<\/p>\n<p><a href=\"https:\/\/sandzakpress.net\/arhiva\/wp-content\/uploads\/2010\/12\/esad-i-seadetin.jpg\"><img loading=\"lazy\" decoding=\"async\" class=\"aligncenter size-full wp-image-10382\" title=\"esad i seadetin\" src=\"https:\/\/sandzakpress.net\/arhiva\/wp-content\/uploads\/2010\/12\/esad-i-seadetin.jpg\" alt=\"\" width=\"616\" height=\"285\" \/><\/a><\/p>\n<p><strong>Napadi na Muftiju od strane SDA i SDP<\/strong><\/p>\n<p>Kada se upis zavr\u0161io i kada je do\u0161lo vrijeme za pravu predizbornu kampanju Bo\u0161njaka, SDA i SDP su hitro po\u017eurili da zauzmu prvo mjesto na listi. S obzirom da je Rasim Ljai\u0107 bio u dobrom odnosu sa \u010cipli\u0107em, on je njemu obezbijedio mjesto broj 1 na listi za glasanje. Ono \u0161to se dalo primjetiti u \u010destim izjavama ovih stranaka je bilo to da su mnogo napada usmjeravali prema Glavnom muftiji Muamer ef. Zukorli\u0107u. Oni su tako\u0111er \u0161irili informacije da su liste koje su oni prijavili Bo\u0161nja\u010dki preporod i Bo\u0161nja\u010dkan lista potpuno nezavisne i nestrana\u010dke liste ali svakom Bo\u0161njaku je bilo jasno da to nije istina i da je to jo\u0161 jedna velika predizborna la\u017e. Esad D\u017eud\u017eevi\u0107 je drugi \u010dovjek u stranci SDA, a i Seadetin Mujezonovi\u0107 je sada u Gradskom vije\u0107u Novoga Pazara ispred SDP-a. Ono \u0161to ih je najvi\u0161e \u0161okiralo je to \u0161to se Muftija javlja kao nosilac liste BKZ, \u0161to je bilo sasvim legitimno. I sa zakonske i sa vjerske strane. \u010cak je i \u010cipli\u0107 tada izjavio da je to po zakonu, a i kako bi izjavio da nije kada je na ma\u0111arskoj listi bilo \u010detiri ma\u0111arska episkopa. Po \u010dijem nalogu su se vr\u0161ili onakvi napadi na na\u0161eg Muftiju i zar sada njihove la\u017ei nisu mnogo o\u010diglednije?<\/p>\n<p><a href=\"https:\/\/sandzakpress.net\/arhiva\/wp-content\/uploads\/2010\/12\/protest-izborijpg.jpg\"><img loading=\"lazy\" decoding=\"async\" class=\"aligncenter size-full wp-image-10383\" title=\"protest-izborijpg\" src=\"https:\/\/sandzakpress.net\/arhiva\/wp-content\/uploads\/2010\/12\/protest-izborijpg.jpg\" alt=\"\" width=\"616\" height=\"292\" \/><\/a><\/p>\n<p><strong>Izbacivanje Bo\u0161njaka iz posebnog registra<\/strong><\/p>\n<p><strong> <\/strong><\/p>\n<p>Svi koji smo tada pratili situaciju znamo da je najbolju, najefikasniju i najaktivniju kampanju imala BKZ. Od karavane BKZ, preko medijskih debata do najve\u0107e zavr\u0161ne konvencije. \u010cesto se tada moglo \u010duti od komentara da ovi iz SDA i SDP nemaju skoro nikakvu kampanju. Razlozi za to su poznati. Kako su do tada navikli, za kampanju treba novac, da se potkupljuju i obmanjuju ljudi, ali ga oni tada nisu bili spremni tro\u0161it, jer se na ovim izborima ne osvaja vlast gradska pa da se taj potro\u0161eni novac poslije nadoknadi. Me\u0111utim, nisu se oni, ili im mo\u017eda Beograd nije dao, htjeli opustiti u ovom poslu, pa su uzeli izbaciti sve ljude za koje su 100% znali da \u0107e glasati za BKZ iz posebnog bira\u010dkog spiska, zatim komisija izborna na bira\u010dkim mjestima je postavljena isklju\u010divo jednopartijska, osim u Sjenici gdje to nisu dozvolili D\u017eemail Suljevi\u0107 i Mensur Ge\u010devi\u0107. Znate li sada za\u0161to su oni kasnije izba\u010deni iz vlasti, a umjesto njih su dovedeni Srbi? Znate i kakav je rezultat bio u Sjenici. Me\u0111u izba\u010denim iz spiska je bilo i 18 ljudi iz BKZ-a koji su bili predodre\u0111eni na bira\u010dkim mjestima. Zbog takve diskriminacije BKZ je organizovao protets ispred op\u0161tine u Novom Pazaru. Zar vam je sada jasno u kakvim te\u0161kim uslovima je pobijedila BKZ?<\/p>\n<p><a href=\"https:\/\/sandzakpress.net\/arhiva\/wp-content\/uploads\/2010\/12\/bkz-skup.jpg\"><img loading=\"lazy\" decoding=\"async\" class=\"aligncenter size-full wp-image-10384\" title=\"bkz skup\" src=\"https:\/\/sandzakpress.net\/arhiva\/wp-content\/uploads\/2010\/12\/bkz-skup.jpg\" alt=\"\" width=\"616\" height=\"283\" \/><\/a><\/p>\n<p><strong>Nepriznavanje pobjede BKZ-u<\/strong><\/p>\n<p>Izbori su se odr\u017eali. Ljaji\u0107 je poslao \u017eandarmeriju u Novi Pazar da bi zastra\u0161ila gra\u0111ane da ne izlaze na izbore. To smo svi vidjeli. Me\u0111utim, do\u0161lo vrijeme kada istina pobje\u0111uje. Prema rezultatima koje je posjedovala BKZ sa prostora Sand\u017eaka, pobjeda je bila ubjedljiva. Na trgu \u201eGazi Isa-bega\u201c se proslavila pobjeda pod imenom \u201eIskrcavanje na obali slobode.\u201c Me\u0111utim, kasnije pristi\u017eu rezultati iz Mitrovice, Beograda, Beo\u010dina, Loznice,Subotice, Novog Sada i drugih mjesta gdje su Ljaji\u0107 i Ugljanin masovno pokrali i BKZ-u rezltat spada na 49%. BKZ je opet prihvatio rezultat. \u0160ta se de\u0161ava dalje? Dolazi vrijeme da se raspi\u0161e konstitutivna sjednica BNV-a. \u010cipli\u0107 ga odla\u017ee do predzadnjeg dana, da bi dobro razmotrio ono \u0161ta dalje \u010diniti protiv Bo\u0161njaka. Kada je do\u0161lo vrijeme za Sjednicu, Ljaji\u0107, Ugljanin i \u010cipli\u0107 su se dogovorili da ne u\u010destvuju na Sjednici. Zatim su promijenili poslovnik i uveli diskriminatorsku odluku da se vije\u0107e Bo\u0161njaka konstitui\u0161e sa 2\/3 vije\u0107nika i pored toga, falsifikovali su ostavke Zehnije Buli\u0107a i Hidajeta Mustafi\u0107a. Dragi Bo\u0161nja\u010de, pa zar ti nije sve ovo jasno?<\/p>\n<p><a href=\"https:\/\/sandzakpress.net\/arhiva\/wp-content\/uploads\/2010\/12\/grb-sandzaka.jpg\"><img loading=\"lazy\" decoding=\"async\" class=\"aligncenter size-full wp-image-10385\" title=\"grb sandzaka\" src=\"https:\/\/sandzakpress.net\/arhiva\/wp-content\/uploads\/2010\/12\/grb-sandzaka.jpg\" alt=\"\" width=\"616\" height=\"285\" \/><\/a><\/p>\n<p><strong>Mali upitnik<\/strong><\/p>\n<p>Ovo je bila kratka hronologija doga\u0111aja. A sada \u0107u postaviti logi\u010dka pitanja:<\/p>\n<p>&#8211;\u00a0\u00a0\u00a0\u00a0\u00a0\u00a0\u00a0\u00a0\u00a0 Za\u0161to predstavnici SDA i SDP nisu do\u0161li na prvu konstitutivnu sjednicu BNV-a?<\/p>\n<p>&#8211;\u00a0\u00a0\u00a0\u00a0\u00a0\u00a0\u00a0\u00a0\u00a0 Kako to da su Zehnija Buli\u0107 i Hidajet Mustafi\u0107 iz Preporoda podijeli ostavku, a do\u0161li su na sjednicu?<\/p>\n<p>&#8211;\u00a0\u00a0\u00a0\u00a0\u00a0\u00a0\u00a0\u00a0\u00a0 Zar nisu kandidati za Vije\u0107e na listama bili poredani po prioritetu, pa je Mustafi\u0107 bio 2., a Buli\u0107 4. na listi Preporoda, a naravno nosilac liste Nazim Noki\u0107 je bio broj 1 na listi?<\/p>\n<p>&#8211;\u00a0\u00a0\u00a0\u00a0\u00a0\u00a0\u00a0\u00a0\u00a0 Za\u0161to je uvedena 2\/3 vlast za Bo\u0161njake?<\/p>\n<p>&#8211;\u00a0\u00a0\u00a0\u00a0\u00a0\u00a0\u00a0\u00a0\u00a0 Je li se sve ovo odigralo slu\u010dajno ili je neko dobro isplanirao da BKZ ne pobijedi i da ne govori na legalan na\u010din o pravima Bo\u0161njaka?<\/p>\n<p><a href=\"https:\/\/sandzakpress.net\/arhiva\/wp-content\/uploads\/2010\/12\/pol-ciplic2.jpg\"><img loading=\"lazy\" decoding=\"async\" class=\"aligncenter size-full wp-image-10386\" title=\"pol ciplic\" src=\"https:\/\/sandzakpress.net\/arhiva\/wp-content\/uploads\/2010\/12\/pol-ciplic2.jpg\" alt=\"\" width=\"616\" height=\"284\" \/><\/a><\/p>\n<p><strong>Kr\u0161enje zakona<\/strong><\/p>\n<p><strong> <\/strong><\/p>\n<p>\u010cipli\u0107 je nekoliko puta prekr\u0161io zakon. To je ono \u0161to sam \u010duo na televiziji od za\u0161titnika gra\u0111ana, ombucmana Srbije i td. i to u slu\u010dajevima:<\/p>\n<p>&#8211;\u00a0\u00a0\u00a0\u00a0\u00a0\u00a0\u00a0\u00a0\u00a0 kada je dozvolio da se Bo\u0161njaci izbacuju iz bira\u010dkog spiska<\/p>\n<p>&#8211;\u00a0\u00a0\u00a0\u00a0\u00a0\u00a0\u00a0\u00a0\u00a0 kada je promijenio poslovnik i uveo diskriminatorsku odluku da se BNV formira sa 2\/3<\/p>\n<p>&#8211;\u00a0\u00a0\u00a0\u00a0\u00a0\u00a0\u00a0\u00a0\u00a0 kada je priznao falsifikovane ostavke Buli\u0107a i Mustafi\u0107a, a po zakonu, ostavke se ne primaju prije Sjednice<\/p>\n<p>&#8211;\u00a0\u00a0\u00a0\u00a0\u00a0\u00a0\u00a0\u00a0\u00a0 po zakonu, na ponovne izbore se ide u slu\u010daju da se Vije\u0107e ne konstitui\u0161e u roku od mjesec dana<\/p>\n<p>I sada zadnje, izbjegao je tuma\u010denje 98. Zakona o nacionalnim savjetima.<\/p>\n<p>Za\u0161to Bo\u0161naj\u010de pitam tebe da mi odgovori\u0161?<\/p>\n<p>A tebe Srbijo pitam, jel ti dosta jedno Kosovo ili ho\u0107e\u0161 jo\u0161 jedno?<\/p>\n<p>Ali, hvala Allahu, ideja BKZ-a sada jo\u0161 vi\u0161e raste i postaje ozbiljnija. Politi\u010dka parija BDZ kuca na vrata de\u0161avanja u Sand\u017eaku &#8230;<\/p>\n<p>Autor: <strong>Hamza Kola\u0161inac<\/strong><\/p>\n","protected":false},"excerpt":{"rendered":"<p>Sand\u017eak PRESS &#8211; Kona\u010dno je isplovilo ono \u0161to je ministar \u010cipli\u0107 imao namjeru od samog po\u010detka, a to je nepriznati pobjedu Bo\u0161nja\u010dke kulturne zajednice \u2013 BKZ \u2013 muftije Muamer ef. Zukorli\u0107a na izborima za Bo\u0161nja\u010dko nacionalno vije\u0107e, ve\u0107 ponoviti izbore sa ciljem da u njima ne u\u010destvuje niko ko mo\u017ee da ugrozi njegovo pro\u010detni\u010dko djelovanje, [&hellip;]<\/p>\n","protected":false},"author":83,"featured_media":10387,"comment_status":"open","ping_status":"open","sticky":false,"template":"","format":"standard","meta":{"footnotes":""},"categories":[72,52,327,392,393,394],"tags":[],"class_list":{"0":"post-10380","1":"post","2":"type-post","3":"status-publish","4":"format-standard","5":"has-post-thumbnail","7":"category-novi-pazar","8":"category-sjenica","9":"category-tutin","10":"category-prijepolje_","11":"category-priboj","12":"category-nova-varos"},"yoast_head":"<!-- This site is optimized with the Yoast SEO Premium plugin v23.1 (Yoast SEO v24.9) - https:\/\/yoast.com\/wordpress\/plugins\/seo\/ -->\n<title>BNV je formiran i to po zakonu<\/title>\n<meta name=\"robots\" content=\"index, follow, max-snippet:-1, max-image-preview:large, max-video-preview:-1\" \/>\n<link rel=\"canonical\" href=\"https:\/\/sandzakpress.net\/arhiva\/bnv-je-formiran-i-to-po-zakonu\/\" \/>\n<meta property=\"og:locale\" content=\"bs_BA\" \/>\n<meta property=\"og:type\" content=\"article\" \/>\n<meta property=\"og:title\" content=\"BNV je formiran i to po zakonu\" \/>\n<meta property=\"og:description\" content=\"Sand\u017eak PRESS &#8211; Kona\u010dno je isplovilo ono \u0161to je ministar \u010cipli\u0107 imao namjeru od samog po\u010detka, a to je nepriznati pobjedu Bo\u0161nja\u010dke kulturne zajednice \u2013 BKZ \u2013 muftije Muamer ef. Zukorli\u0107a na izborima za Bo\u0161nja\u010dko nacionalno vije\u0107e, ve\u0107 ponoviti izbore sa ciljem da u njima ne u\u010destvuje niko ko mo\u017ee da ugrozi njegovo pro\u010detni\u010dko djelovanje, [&hellip;]\" \/>\n<meta property=\"og:url\" content=\"https:\/\/sandzakpress.net\/arhiva\/bnv-je-formiran-i-to-po-zakonu\/\" \/>\n<meta property=\"og:site_name\" content=\"Sand\u017eak PRESS\" \/>\n<meta property=\"article:published_time\" content=\"2010-12-10T00:02:49+00:00\" \/>\n<meta property=\"article:modified_time\" content=\"2010-12-10T00:05:51+00:00\" \/>\n<meta property=\"og:image\" content=\"https:\/\/sandzakpress.net\/arhiva\/wp-content\/uploads\/2010\/12\/vijece.jpg\" \/>\n\t<meta property=\"og:image:width\" content=\"616\" \/>\n\t<meta property=\"og:image:height\" content=\"284\" \/>\n\t<meta property=\"og:image:type\" content=\"image\/jpeg\" \/>\n<meta name=\"author\" content=\"bosniak\" \/>\n<meta name=\"twitter:card\" content=\"summary_large_image\" \/>\n<meta name=\"twitter:label1\" content=\"Written by\" \/>\n\t<meta name=\"twitter:data1\" content=\"bosniak\" \/>\n\t<meta name=\"twitter:label2\" content=\"Est. reading time\" \/>\n\t<meta name=\"twitter:data2\" content=\"7 minuta\" \/>\n<script type=\"application\/ld+json\" class=\"yoast-schema-graph\">{\"@context\":\"https:\/\/schema.org\",\"@graph\":[{\"@type\":\"Article\",\"@id\":\"https:\/\/sandzakpress.net\/arhiva\/bnv-je-formiran-i-to-po-zakonu\/#article\",\"isPartOf\":{\"@id\":\"https:\/\/sandzakpress.net\/arhiva\/bnv-je-formiran-i-to-po-zakonu\/\"},\"author\":{\"name\":\"bosniak\",\"@id\":\"https:\/\/sandzakpress.net\/arhiva\/#\/schema\/person\/c8baee722073534b583ea7bdb2e36c02\"},\"headline\":\"BNV je formiran i to po zakonu\",\"datePublished\":\"2010-12-10T00:02:49+00:00\",\"dateModified\":\"2010-12-10T00:05:51+00:00\",\"mainEntityOfPage\":{\"@id\":\"https:\/\/sandzakpress.net\/arhiva\/bnv-je-formiran-i-to-po-zakonu\/\"},\"wordCount\":1328,\"commentCount\":3,\"publisher\":{\"@id\":\"https:\/\/sandzakpress.net\/arhiva\/#\/schema\/person\/6e72b67d6e51910a1117b3b483ba20bd\"},\"image\":{\"@id\":\"https:\/\/sandzakpress.net\/arhiva\/bnv-je-formiran-i-to-po-zakonu\/#primaryimage\"},\"thumbnailUrl\":\"https:\/\/sandzakpress.net\/arhiva\/wp-content\/uploads\/2010\/12\/vijece.jpg\",\"articleSection\":[\"Novi Pazar\",\"Sjenica\",\"Tutin\",\"Prijepolje\",\"Priboj\",\"Nova Varo\u0161\"],\"inLanguage\":\"bs-BA\",\"potentialAction\":[{\"@type\":\"CommentAction\",\"name\":\"Comment\",\"target\":[\"https:\/\/sandzakpress.net\/arhiva\/bnv-je-formiran-i-to-po-zakonu\/#respond\"]}]},{\"@type\":\"WebPage\",\"@id\":\"https:\/\/sandzakpress.net\/arhiva\/bnv-je-formiran-i-to-po-zakonu\/\",\"url\":\"https:\/\/sandzakpress.net\/arhiva\/bnv-je-formiran-i-to-po-zakonu\/\",\"name\":\"BNV je formiran i to po zakonu\",\"isPartOf\":{\"@id\":\"https:\/\/sandzakpress.net\/arhiva\/#website\"},\"primaryImageOfPage\":{\"@id\":\"https:\/\/sandzakpress.net\/arhiva\/bnv-je-formiran-i-to-po-zakonu\/#primaryimage\"},\"image\":{\"@id\":\"https:\/\/sandzakpress.net\/arhiva\/bnv-je-formiran-i-to-po-zakonu\/#primaryimage\"},\"thumbnailUrl\":\"https:\/\/sandzakpress.net\/arhiva\/wp-content\/uploads\/2010\/12\/vijece.jpg\",\"datePublished\":\"2010-12-10T00:02:49+00:00\",\"dateModified\":\"2010-12-10T00:05:51+00:00\",\"breadcrumb\":{\"@id\":\"https:\/\/sandzakpress.net\/arhiva\/bnv-je-formiran-i-to-po-zakonu\/#breadcrumb\"},\"inLanguage\":\"bs-BA\",\"potentialAction\":[{\"@type\":\"ReadAction\",\"target\":[\"https:\/\/sandzakpress.net\/arhiva\/bnv-je-formiran-i-to-po-zakonu\/\"]}]},{\"@type\":\"ImageObject\",\"inLanguage\":\"bs-BA\",\"@id\":\"https:\/\/sandzakpress.net\/arhiva\/bnv-je-formiran-i-to-po-zakonu\/#primaryimage\",\"url\":\"https:\/\/sandzakpress.net\/arhiva\/wp-content\/uploads\/2010\/12\/vijece.jpg\",\"contentUrl\":\"https:\/\/sandzakpress.net\/arhiva\/wp-content\/uploads\/2010\/12\/vijece.jpg\",\"width\":616,\"height\":284},{\"@type\":\"BreadcrumbList\",\"@id\":\"https:\/\/sandzakpress.net\/arhiva\/bnv-je-formiran-i-to-po-zakonu\/#breadcrumb\",\"itemListElement\":[{\"@type\":\"ListItem\",\"position\":1,\"name\":\"Home\",\"item\":\"https:\/\/sandzakpress.net\/arhiva\/\"},{\"@type\":\"ListItem\",\"position\":2,\"name\":\"BNV je formiran i to po zakonu\"}]},{\"@type\":\"WebSite\",\"@id\":\"https:\/\/sandzakpress.net\/arhiva\/#website\",\"url\":\"https:\/\/sandzakpress.net\/arhiva\/\",\"name\":\"Sand\u017eak PRESS\",\"description\":\"Prve elektronske novine u Sand\u017eaku\",\"publisher\":{\"@id\":\"https:\/\/sandzakpress.net\/arhiva\/#\/schema\/person\/6e72b67d6e51910a1117b3b483ba20bd\"},\"potentialAction\":[{\"@type\":\"SearchAction\",\"target\":{\"@type\":\"EntryPoint\",\"urlTemplate\":\"https:\/\/sandzakpress.net\/arhiva\/?s={search_term_string}\"},\"query-input\":{\"@type\":\"PropertyValueSpecification\",\"valueRequired\":true,\"valueName\":\"search_term_string\"}}],\"inLanguage\":\"bs-BA\"},{\"@type\":[\"Person\",\"Organization\"],\"@id\":\"https:\/\/sandzakpress.net\/arhiva\/#\/schema\/person\/6e72b67d6e51910a1117b3b483ba20bd\",\"name\":\"Kul\",\"image\":{\"@type\":\"ImageObject\",\"inLanguage\":\"bs-BA\",\"@id\":\"https:\/\/sandzakpress.net\/arhiva\/#\/schema\/person\/image\/\",\"url\":\"https:\/\/secure.gravatar.com\/avatar\/42263f39aa27ac04c43cab85c280eb2e?s=96&d=mm&r=pg\",\"contentUrl\":\"https:\/\/secure.gravatar.com\/avatar\/42263f39aa27ac04c43cab85c280eb2e?s=96&d=mm&r=pg\",\"caption\":\"Kul\"},\"logo\":{\"@id\":\"https:\/\/sandzakpress.net\/arhiva\/#\/schema\/person\/image\/\"}},{\"@type\":\"Person\",\"@id\":\"https:\/\/sandzakpress.net\/arhiva\/#\/schema\/person\/c8baee722073534b583ea7bdb2e36c02\",\"name\":\"bosniak\",\"image\":{\"@type\":\"ImageObject\",\"inLanguage\":\"bs-BA\",\"@id\":\"https:\/\/sandzakpress.net\/arhiva\/#\/schema\/person\/image\/\",\"url\":\"https:\/\/secure.gravatar.com\/avatar\/a04fd330bfe3a36a72a0ad4a6d89fca7?s=96&d=mm&r=pg\",\"contentUrl\":\"https:\/\/secure.gravatar.com\/avatar\/a04fd330bfe3a36a72a0ad4a6d89fca7?s=96&d=mm&r=pg\",\"caption\":\"bosniak\"},\"url\":\"https:\/\/sandzakpress.net\/arhiva\/author\/bosniak\/\"}]}<\/script>\n<!-- \/ Yoast SEO Premium plugin. -->","yoast_head_json":{"title":"BNV je formiran i to po zakonu","robots":{"index":"index","follow":"follow","max-snippet":"max-snippet:-1","max-image-preview":"max-image-preview:large","max-video-preview":"max-video-preview:-1"},"canonical":"https:\/\/sandzakpress.net\/arhiva\/bnv-je-formiran-i-to-po-zakonu\/","og_locale":"bs_BA","og_type":"article","og_title":"BNV je formiran i to po zakonu","og_description":"Sand\u017eak PRESS &#8211; Kona\u010dno je isplovilo ono \u0161to je ministar \u010cipli\u0107 imao namjeru od samog po\u010detka, a to je nepriznati pobjedu Bo\u0161nja\u010dke kulturne zajednice \u2013 BKZ \u2013 muftije Muamer ef. Zukorli\u0107a na izborima za Bo\u0161nja\u010dko nacionalno vije\u0107e, ve\u0107 ponoviti izbore sa ciljem da u njima ne u\u010destvuje niko ko mo\u017ee da ugrozi njegovo pro\u010detni\u010dko djelovanje, [&hellip;]","og_url":"https:\/\/sandzakpress.net\/arhiva\/bnv-je-formiran-i-to-po-zakonu\/","og_site_name":"Sand\u017eak PRESS","article_published_time":"2010-12-10T00:02:49+00:00","article_modified_time":"2010-12-10T00:05:51+00:00","og_image":[{"width":616,"height":284,"url":"https:\/\/sandzakpress.net\/arhiva\/wp-content\/uploads\/2010\/12\/vijece.jpg","type":"image\/jpeg"}],"author":"bosniak","twitter_card":"summary_large_image","twitter_misc":{"Written by":"bosniak","Est. reading time":"7 minuta"},"schema":{"@context":"https:\/\/schema.org","@graph":[{"@type":"Article","@id":"https:\/\/sandzakpress.net\/arhiva\/bnv-je-formiran-i-to-po-zakonu\/#article","isPartOf":{"@id":"https:\/\/sandzakpress.net\/arhiva\/bnv-je-formiran-i-to-po-zakonu\/"},"author":{"name":"bosniak","@id":"https:\/\/sandzakpress.net\/arhiva\/#\/schema\/person\/c8baee722073534b583ea7bdb2e36c02"},"headline":"BNV je formiran i to po zakonu","datePublished":"2010-12-10T00:02:49+00:00","dateModified":"2010-12-10T00:05:51+00:00","mainEntityOfPage":{"@id":"https:\/\/sandzakpress.net\/arhiva\/bnv-je-formiran-i-to-po-zakonu\/"},"wordCount":1328,"commentCount":3,"publisher":{"@id":"https:\/\/sandzakpress.net\/arhiva\/#\/schema\/person\/6e72b67d6e51910a1117b3b483ba20bd"},"image":{"@id":"https:\/\/sandzakpress.net\/arhiva\/bnv-je-formiran-i-to-po-zakonu\/#primaryimage"},"thumbnailUrl":"https:\/\/sandzakpress.net\/arhiva\/wp-content\/uploads\/2010\/12\/vijece.jpg","articleSection":["Novi Pazar","Sjenica","Tutin","Prijepolje","Priboj","Nova Varo\u0161"],"inLanguage":"bs-BA","potentialAction":[{"@type":"CommentAction","name":"Comment","target":["https:\/\/sandzakpress.net\/arhiva\/bnv-je-formiran-i-to-po-zakonu\/#respond"]}]},{"@type":"WebPage","@id":"https:\/\/sandzakpress.net\/arhiva\/bnv-je-formiran-i-to-po-zakonu\/","url":"https:\/\/sandzakpress.net\/arhiva\/bnv-je-formiran-i-to-po-zakonu\/","name":"BNV je formiran i to po zakonu","isPartOf":{"@id":"https:\/\/sandzakpress.net\/arhiva\/#website"},"primaryImageOfPage":{"@id":"https:\/\/sandzakpress.net\/arhiva\/bnv-je-formiran-i-to-po-zakonu\/#primaryimage"},"image":{"@id":"https:\/\/sandzakpress.net\/arhiva\/bnv-je-formiran-i-to-po-zakonu\/#primaryimage"},"thumbnailUrl":"https:\/\/sandzakpress.net\/arhiva\/wp-content\/uploads\/2010\/12\/vijece.jpg","datePublished":"2010-12-10T00:02:49+00:00","dateModified":"2010-12-10T00:05:51+00:00","breadcrumb":{"@id":"https:\/\/sandzakpress.net\/arhiva\/bnv-je-formiran-i-to-po-zakonu\/#breadcrumb"},"inLanguage":"bs-BA","potentialAction":[{"@type":"ReadAction","target":["https:\/\/sandzakpress.net\/arhiva\/bnv-je-formiran-i-to-po-zakonu\/"]}]},{"@type":"ImageObject","inLanguage":"bs-BA","@id":"https:\/\/sandzakpress.net\/arhiva\/bnv-je-formiran-i-to-po-zakonu\/#primaryimage","url":"https:\/\/sandzakpress.net\/arhiva\/wp-content\/uploads\/2010\/12\/vijece.jpg","contentUrl":"https:\/\/sandzakpress.net\/arhiva\/wp-content\/uploads\/2010\/12\/vijece.jpg","width":616,"height":284},{"@type":"BreadcrumbList","@id":"https:\/\/sandzakpress.net\/arhiva\/bnv-je-formiran-i-to-po-zakonu\/#breadcrumb","itemListElement":[{"@type":"ListItem","position":1,"name":"Home","item":"https:\/\/sandzakpress.net\/arhiva\/"},{"@type":"ListItem","position":2,"name":"BNV je formiran i to po zakonu"}]},{"@type":"WebSite","@id":"https:\/\/sandzakpress.net\/arhiva\/#website","url":"https:\/\/sandzakpress.net\/arhiva\/","name":"Sand\u017eak PRESS","description":"Prve elektronske novine u Sand\u017eaku","publisher":{"@id":"https:\/\/sandzakpress.net\/arhiva\/#\/schema\/person\/6e72b67d6e51910a1117b3b483ba20bd"},"potentialAction":[{"@type":"SearchAction","target":{"@type":"EntryPoint","urlTemplate":"https:\/\/sandzakpress.net\/arhiva\/?s={search_term_string}"},"query-input":{"@type":"PropertyValueSpecification","valueRequired":true,"valueName":"search_term_string"}}],"inLanguage":"bs-BA"},{"@type":["Person","Organization"],"@id":"https:\/\/sandzakpress.net\/arhiva\/#\/schema\/person\/6e72b67d6e51910a1117b3b483ba20bd","name":"Kul","image":{"@type":"ImageObject","inLanguage":"bs-BA","@id":"https:\/\/sandzakpress.net\/arhiva\/#\/schema\/person\/image\/","url":"https:\/\/secure.gravatar.com\/avatar\/42263f39aa27ac04c43cab85c280eb2e?s=96&d=mm&r=pg","contentUrl":"https:\/\/secure.gravatar.com\/avatar\/42263f39aa27ac04c43cab85c280eb2e?s=96&d=mm&r=pg","caption":"Kul"},"logo":{"@id":"https:\/\/sandzakpress.net\/arhiva\/#\/schema\/person\/image\/"}},{"@type":"Person","@id":"https:\/\/sandzakpress.net\/arhiva\/#\/schema\/person\/c8baee722073534b583ea7bdb2e36c02","name":"bosniak","image":{"@type":"ImageObject","inLanguage":"bs-BA","@id":"https:\/\/sandzakpress.net\/arhiva\/#\/schema\/person\/image\/","url":"https:\/\/secure.gravatar.com\/avatar\/a04fd330bfe3a36a72a0ad4a6d89fca7?s=96&d=mm&r=pg","contentUrl":"https:\/\/secure.gravatar.com\/avatar\/a04fd330bfe3a36a72a0ad4a6d89fca7?s=96&d=mm&r=pg","caption":"bosniak"},"url":"https:\/\/sandzakpress.net\/arhiva\/author\/bosniak\/"}]}},"_links":{"self":[{"href":"https:\/\/sandzakpress.net\/arhiva\/wp-json\/wp\/v2\/posts\/10380"}],"collection":[{"href":"https:\/\/sandzakpress.net\/arhiva\/wp-json\/wp\/v2\/posts"}],"about":[{"href":"https:\/\/sandzakpress.net\/arhiva\/wp-json\/wp\/v2\/types\/post"}],"author":[{"embeddable":true,"href":"https:\/\/sandzakpress.net\/arhiva\/wp-json\/wp\/v2\/users\/83"}],"replies":[{"embeddable":true,"href":"https:\/\/sandzakpress.net\/arhiva\/wp-json\/wp\/v2\/comments?post=10380"}],"version-history":[{"count":0,"href":"https:\/\/sandzakpress.net\/arhiva\/wp-json\/wp\/v2\/posts\/10380\/revisions"}],"wp:featuredmedia":[{"embeddable":true,"href":"https:\/\/sandzakpress.net\/arhiva\/wp-json\/wp\/v2\/media\/10387"}],"wp:attachment":[{"href":"https:\/\/sandzakpress.net\/arhiva\/wp-json\/wp\/v2\/media?parent=10380"}],"wp:term":[{"taxonomy":"category","embeddable":true,"href":"https:\/\/sandzakpress.net\/arhiva\/wp-json\/wp\/v2\/categories?post=10380"},{"taxonomy":"post_tag","embeddable":true,"href":"https:\/\/sandzakpress.net\/arhiva\/wp-json\/wp\/v2\/tags?post=10380"}],"curies":[{"name":"wp","href":"https:\/\/api.w.org\/{rel}","templated":true}]}}