{"id":103723,"date":"2014-03-28T13:04:28","date_gmt":"2014-03-28T12:04:28","guid":{"rendered":"https:\/\/sandzakpress.net\/arhiva\/?p=103723"},"modified":"2014-03-29T01:07:05","modified_gmt":"2014-03-29T00:07:05","slug":"turska-restaurira-mesdzid-u-spaniji","status":"publish","type":"post","link":"https:\/\/sandzakpress.net\/arhiva\/turska-restaurira-mesdzid-u-spaniji\/","title":{"rendered":"Turska restaurira mesd\u017eid u \u0160paniji"},"content":{"rendered":"<p><img loading=\"lazy\" decoding=\"async\" class=\"alignleft\" alt=\"turska-restaurira-mesdzid-u-spaniji\" src=\"http:\/\/www.trtbosanski.com\/fotograf\/haberler\/detay\/turska-restaurira-mesdzid-u-spaniji_trt-bosanski-26614.jpg\" width=\"300\" height=\"181\" \/><strong>Turska, \u0160panija &#8211;\u00a0Turska agencija za saradnju i koordinaciju (TIKA) izvr\u0161i\u0107e restauraciju mesd\u017eida u \u0160paniji, u kojem je nakon vi\u0161e stotina godina prvi put prou\u010den ezan.<\/strong><\/p>\n<p>Mesd\u017eid u Cordobi je jedino mjesto u starom dijelu grada gdje muslimani mogu klanjati namaz.<\/p>\n<p>Nakon \u0161to je vlada \u0160panije 2011. godine dozvolila da se u mesd\u017eidu u\u010di ezan, poslije vi\u0161e stotina godina na ulicama Cordobe ponovo se \u010duo zvuk ezana.<\/p>\n<p>Mesd\u017eid se nalazi u dvori\u0161tu Me\u0111unarodnog islamskog univerziteta Ibn-i Ru\u0161d, a nakon zatvaranja univerziteta 1999. godine dugo vremena je bio zapu\u0161ten.<\/p>\n<p>Turska agencija za saradnju i koordinaciju (TIKA) donijela je odluku o restauraciju mesd\u017eida, smje\u0161tenom u blizini historijske d\u017eamije u Cordobi.<\/p>\n<p>Nakon razgovora potpisan je protokol i donesena odluka o po\u010detku radova na restauraciji.<\/p>\n<p>Restauracija \u0107e po\u010deti sljede\u0107eg mjeseca i bi\u0107e okon\u010dani do avgusta.<\/p>\n<p>Mesd\u017eid \u0107e nakon restauracije biti otvoren za molitve i posjete turista, a bi\u0107e organizirane i aktivnosti kojima \u0107e se predstaviti islamska kultura i vjerovanja.<\/p>\n<p>(trtbosanski)<\/p>\n","protected":false},"excerpt":{"rendered":"<p>Turska, \u0160panija &#8211;\u00a0Turska agencija za saradnju i koordinaciju (TIKA) izvr\u0161i\u0107e restauraciju mesd\u017eida u \u0160paniji, u kojem je nakon vi\u0161e stotina godina prvi put prou\u010den ezan. Mesd\u017eid u Cordobi je jedino mjesto u starom dijelu grada gdje muslimani mogu klanjati namaz. Nakon \u0161to je vlada \u0160panije 2011. godine dozvolila da se u mesd\u017eidu u\u010di ezan, poslije [&hellip;]<\/p>\n","protected":false},"author":83,"featured_media":103724,"comment_status":"open","ping_status":"open","sticky":false,"template":"","format":"standard","meta":{"footnotes":""},"categories":[9,8957,2692],"tags":[],"class_list":{"0":"post-103723","1":"post","2":"type-post","3":"status-publish","4":"format-standard","5":"has-post-thumbnail","7":"category-svijet","8":"category-vijesti-dana","9":"category-turska-gradovi"},"yoast_head":"<!-- This site is optimized with the Yoast SEO Premium plugin v23.1 (Yoast SEO v24.9) - https:\/\/yoast.com\/wordpress\/plugins\/seo\/ -->\n<title>Turska restaurira mesd\u017eid u \u0160paniji<\/title>\n<meta name=\"robots\" content=\"index, follow, max-snippet:-1, max-image-preview:large, max-video-preview:-1\" \/>\n<link rel=\"canonical\" href=\"https:\/\/sandzakpress.net\/arhiva\/turska-restaurira-mesdzid-u-spaniji\/\" \/>\n<meta property=\"og:locale\" content=\"bs_BA\" \/>\n<meta property=\"og:type\" content=\"article\" \/>\n<meta property=\"og:title\" content=\"Turska restaurira mesd\u017eid u \u0160paniji\" \/>\n<meta property=\"og:description\" content=\"Turska, \u0160panija &#8211;\u00a0Turska agencija za saradnju i koordinaciju (TIKA) izvr\u0161i\u0107e restauraciju mesd\u017eida u \u0160paniji, u kojem je nakon vi\u0161e stotina godina prvi put prou\u010den ezan. Mesd\u017eid u Cordobi je jedino mjesto u starom dijelu grada gdje muslimani mogu klanjati namaz. Nakon \u0161to je vlada \u0160panije 2011. godine dozvolila da se u mesd\u017eidu u\u010di ezan, poslije [&hellip;]\" \/>\n<meta property=\"og:url\" content=\"https:\/\/sandzakpress.net\/arhiva\/turska-restaurira-mesdzid-u-spaniji\/\" \/>\n<meta property=\"og:site_name\" content=\"Sand\u017eak PRESS\" \/>\n<meta property=\"article:published_time\" content=\"2014-03-28T12:04:28+00:00\" \/>\n<meta property=\"article:modified_time\" content=\"2014-03-29T00:07:05+00:00\" \/>\n<meta property=\"og:image\" content=\"https:\/\/sandzakpress.net\/arhiva\/wp-content\/uploads\/2014\/03\/turska-restaurira-mesdzid-u-spaniji_trt-bosanski-26614.jpg\" \/>\n\t<meta property=\"og:image:width\" content=\"600\" \/>\n\t<meta property=\"og:image:height\" content=\"363\" \/>\n\t<meta property=\"og:image:type\" content=\"image\/jpeg\" \/>\n<meta name=\"author\" content=\"bosniak\" \/>\n<meta name=\"twitter:card\" content=\"summary_large_image\" \/>\n<meta name=\"twitter:label1\" content=\"Written by\" \/>\n\t<meta name=\"twitter:data1\" content=\"bosniak\" \/>\n\t<meta name=\"twitter:label2\" content=\"Est. reading time\" \/>\n\t<meta name=\"twitter:data2\" content=\"1 minuta\" \/>\n<script type=\"application\/ld+json\" class=\"yoast-schema-graph\">{\"@context\":\"https:\/\/schema.org\",\"@graph\":[{\"@type\":\"Article\",\"@id\":\"https:\/\/sandzakpress.net\/arhiva\/turska-restaurira-mesdzid-u-spaniji\/#article\",\"isPartOf\":{\"@id\":\"https:\/\/sandzakpress.net\/arhiva\/turska-restaurira-mesdzid-u-spaniji\/\"},\"author\":{\"name\":\"bosniak\",\"@id\":\"https:\/\/sandzakpress.net\/arhiva\/#\/schema\/person\/c8baee722073534b583ea7bdb2e36c02\"},\"headline\":\"Turska restaurira mesd\u017eid u \u0160paniji\",\"datePublished\":\"2014-03-28T12:04:28+00:00\",\"dateModified\":\"2014-03-29T00:07:05+00:00\",\"mainEntityOfPage\":{\"@id\":\"https:\/\/sandzakpress.net\/arhiva\/turska-restaurira-mesdzid-u-spaniji\/\"},\"wordCount\":184,\"commentCount\":1,\"publisher\":{\"@id\":\"https:\/\/sandzakpress.net\/arhiva\/#\/schema\/person\/6e72b67d6e51910a1117b3b483ba20bd\"},\"image\":{\"@id\":\"https:\/\/sandzakpress.net\/arhiva\/turska-restaurira-mesdzid-u-spaniji\/#primaryimage\"},\"thumbnailUrl\":\"https:\/\/sandzakpress.net\/arhiva\/wp-content\/uploads\/2014\/03\/turska-restaurira-mesdzid-u-spaniji_trt-bosanski-26614.jpg\",\"articleSection\":[\"Svijet\",\"VIJESTI DANA\",\"Turska\"],\"inLanguage\":\"bs-BA\",\"potentialAction\":[{\"@type\":\"CommentAction\",\"name\":\"Comment\",\"target\":[\"https:\/\/sandzakpress.net\/arhiva\/turska-restaurira-mesdzid-u-spaniji\/#respond\"]}]},{\"@type\":\"WebPage\",\"@id\":\"https:\/\/sandzakpress.net\/arhiva\/turska-restaurira-mesdzid-u-spaniji\/\",\"url\":\"https:\/\/sandzakpress.net\/arhiva\/turska-restaurira-mesdzid-u-spaniji\/\",\"name\":\"Turska restaurira mesd\u017eid u \u0160paniji\",\"isPartOf\":{\"@id\":\"https:\/\/sandzakpress.net\/arhiva\/#website\"},\"primaryImageOfPage\":{\"@id\":\"https:\/\/sandzakpress.net\/arhiva\/turska-restaurira-mesdzid-u-spaniji\/#primaryimage\"},\"image\":{\"@id\":\"https:\/\/sandzakpress.net\/arhiva\/turska-restaurira-mesdzid-u-spaniji\/#primaryimage\"},\"thumbnailUrl\":\"https:\/\/sandzakpress.net\/arhiva\/wp-content\/uploads\/2014\/03\/turska-restaurira-mesdzid-u-spaniji_trt-bosanski-26614.jpg\",\"datePublished\":\"2014-03-28T12:04:28+00:00\",\"dateModified\":\"2014-03-29T00:07:05+00:00\",\"breadcrumb\":{\"@id\":\"https:\/\/sandzakpress.net\/arhiva\/turska-restaurira-mesdzid-u-spaniji\/#breadcrumb\"},\"inLanguage\":\"bs-BA\",\"potentialAction\":[{\"@type\":\"ReadAction\",\"target\":[\"https:\/\/sandzakpress.net\/arhiva\/turska-restaurira-mesdzid-u-spaniji\/\"]}]},{\"@type\":\"ImageObject\",\"inLanguage\":\"bs-BA\",\"@id\":\"https:\/\/sandzakpress.net\/arhiva\/turska-restaurira-mesdzid-u-spaniji\/#primaryimage\",\"url\":\"https:\/\/sandzakpress.net\/arhiva\/wp-content\/uploads\/2014\/03\/turska-restaurira-mesdzid-u-spaniji_trt-bosanski-26614.jpg\",\"contentUrl\":\"https:\/\/sandzakpress.net\/arhiva\/wp-content\/uploads\/2014\/03\/turska-restaurira-mesdzid-u-spaniji_trt-bosanski-26614.jpg\",\"width\":600,\"height\":363},{\"@type\":\"BreadcrumbList\",\"@id\":\"https:\/\/sandzakpress.net\/arhiva\/turska-restaurira-mesdzid-u-spaniji\/#breadcrumb\",\"itemListElement\":[{\"@type\":\"ListItem\",\"position\":1,\"name\":\"Home\",\"item\":\"https:\/\/sandzakpress.net\/arhiva\/\"},{\"@type\":\"ListItem\",\"position\":2,\"name\":\"Turska restaurira mesd\u017eid u \u0160paniji\"}]},{\"@type\":\"WebSite\",\"@id\":\"https:\/\/sandzakpress.net\/arhiva\/#website\",\"url\":\"https:\/\/sandzakpress.net\/arhiva\/\",\"name\":\"Sand\u017eak PRESS\",\"description\":\"Prve elektronske novine u Sand\u017eaku\",\"publisher\":{\"@id\":\"https:\/\/sandzakpress.net\/arhiva\/#\/schema\/person\/6e72b67d6e51910a1117b3b483ba20bd\"},\"potentialAction\":[{\"@type\":\"SearchAction\",\"target\":{\"@type\":\"EntryPoint\",\"urlTemplate\":\"https:\/\/sandzakpress.net\/arhiva\/?s={search_term_string}\"},\"query-input\":{\"@type\":\"PropertyValueSpecification\",\"valueRequired\":true,\"valueName\":\"search_term_string\"}}],\"inLanguage\":\"bs-BA\"},{\"@type\":[\"Person\",\"Organization\"],\"@id\":\"https:\/\/sandzakpress.net\/arhiva\/#\/schema\/person\/6e72b67d6e51910a1117b3b483ba20bd\",\"name\":\"Kul\",\"image\":{\"@type\":\"ImageObject\",\"inLanguage\":\"bs-BA\",\"@id\":\"https:\/\/sandzakpress.net\/arhiva\/#\/schema\/person\/image\/\",\"url\":\"https:\/\/secure.gravatar.com\/avatar\/42263f39aa27ac04c43cab85c280eb2e?s=96&d=mm&r=pg\",\"contentUrl\":\"https:\/\/secure.gravatar.com\/avatar\/42263f39aa27ac04c43cab85c280eb2e?s=96&d=mm&r=pg\",\"caption\":\"Kul\"},\"logo\":{\"@id\":\"https:\/\/sandzakpress.net\/arhiva\/#\/schema\/person\/image\/\"}},{\"@type\":\"Person\",\"@id\":\"https:\/\/sandzakpress.net\/arhiva\/#\/schema\/person\/c8baee722073534b583ea7bdb2e36c02\",\"name\":\"bosniak\",\"image\":{\"@type\":\"ImageObject\",\"inLanguage\":\"bs-BA\",\"@id\":\"https:\/\/sandzakpress.net\/arhiva\/#\/schema\/person\/image\/\",\"url\":\"https:\/\/secure.gravatar.com\/avatar\/a04fd330bfe3a36a72a0ad4a6d89fca7?s=96&d=mm&r=pg\",\"contentUrl\":\"https:\/\/secure.gravatar.com\/avatar\/a04fd330bfe3a36a72a0ad4a6d89fca7?s=96&d=mm&r=pg\",\"caption\":\"bosniak\"},\"url\":\"https:\/\/sandzakpress.net\/arhiva\/author\/bosniak\/\"}]}<\/script>\n<!-- \/ Yoast SEO Premium plugin. -->","yoast_head_json":{"title":"Turska restaurira mesd\u017eid u \u0160paniji","robots":{"index":"index","follow":"follow","max-snippet":"max-snippet:-1","max-image-preview":"max-image-preview:large","max-video-preview":"max-video-preview:-1"},"canonical":"https:\/\/sandzakpress.net\/arhiva\/turska-restaurira-mesdzid-u-spaniji\/","og_locale":"bs_BA","og_type":"article","og_title":"Turska restaurira mesd\u017eid u \u0160paniji","og_description":"Turska, \u0160panija &#8211;\u00a0Turska agencija za saradnju i koordinaciju (TIKA) izvr\u0161i\u0107e restauraciju mesd\u017eida u \u0160paniji, u kojem je nakon vi\u0161e stotina godina prvi put prou\u010den ezan. Mesd\u017eid u Cordobi je jedino mjesto u starom dijelu grada gdje muslimani mogu klanjati namaz. Nakon \u0161to je vlada \u0160panije 2011. godine dozvolila da se u mesd\u017eidu u\u010di ezan, poslije [&hellip;]","og_url":"https:\/\/sandzakpress.net\/arhiva\/turska-restaurira-mesdzid-u-spaniji\/","og_site_name":"Sand\u017eak PRESS","article_published_time":"2014-03-28T12:04:28+00:00","article_modified_time":"2014-03-29T00:07:05+00:00","og_image":[{"width":600,"height":363,"url":"https:\/\/sandzakpress.net\/arhiva\/wp-content\/uploads\/2014\/03\/turska-restaurira-mesdzid-u-spaniji_trt-bosanski-26614.jpg","type":"image\/jpeg"}],"author":"bosniak","twitter_card":"summary_large_image","twitter_misc":{"Written by":"bosniak","Est. reading time":"1 minuta"},"schema":{"@context":"https:\/\/schema.org","@graph":[{"@type":"Article","@id":"https:\/\/sandzakpress.net\/arhiva\/turska-restaurira-mesdzid-u-spaniji\/#article","isPartOf":{"@id":"https:\/\/sandzakpress.net\/arhiva\/turska-restaurira-mesdzid-u-spaniji\/"},"author":{"name":"bosniak","@id":"https:\/\/sandzakpress.net\/arhiva\/#\/schema\/person\/c8baee722073534b583ea7bdb2e36c02"},"headline":"Turska restaurira mesd\u017eid u \u0160paniji","datePublished":"2014-03-28T12:04:28+00:00","dateModified":"2014-03-29T00:07:05+00:00","mainEntityOfPage":{"@id":"https:\/\/sandzakpress.net\/arhiva\/turska-restaurira-mesdzid-u-spaniji\/"},"wordCount":184,"commentCount":1,"publisher":{"@id":"https:\/\/sandzakpress.net\/arhiva\/#\/schema\/person\/6e72b67d6e51910a1117b3b483ba20bd"},"image":{"@id":"https:\/\/sandzakpress.net\/arhiva\/turska-restaurira-mesdzid-u-spaniji\/#primaryimage"},"thumbnailUrl":"https:\/\/sandzakpress.net\/arhiva\/wp-content\/uploads\/2014\/03\/turska-restaurira-mesdzid-u-spaniji_trt-bosanski-26614.jpg","articleSection":["Svijet","VIJESTI DANA","Turska"],"inLanguage":"bs-BA","potentialAction":[{"@type":"CommentAction","name":"Comment","target":["https:\/\/sandzakpress.net\/arhiva\/turska-restaurira-mesdzid-u-spaniji\/#respond"]}]},{"@type":"WebPage","@id":"https:\/\/sandzakpress.net\/arhiva\/turska-restaurira-mesdzid-u-spaniji\/","url":"https:\/\/sandzakpress.net\/arhiva\/turska-restaurira-mesdzid-u-spaniji\/","name":"Turska restaurira mesd\u017eid u \u0160paniji","isPartOf":{"@id":"https:\/\/sandzakpress.net\/arhiva\/#website"},"primaryImageOfPage":{"@id":"https:\/\/sandzakpress.net\/arhiva\/turska-restaurira-mesdzid-u-spaniji\/#primaryimage"},"image":{"@id":"https:\/\/sandzakpress.net\/arhiva\/turska-restaurira-mesdzid-u-spaniji\/#primaryimage"},"thumbnailUrl":"https:\/\/sandzakpress.net\/arhiva\/wp-content\/uploads\/2014\/03\/turska-restaurira-mesdzid-u-spaniji_trt-bosanski-26614.jpg","datePublished":"2014-03-28T12:04:28+00:00","dateModified":"2014-03-29T00:07:05+00:00","breadcrumb":{"@id":"https:\/\/sandzakpress.net\/arhiva\/turska-restaurira-mesdzid-u-spaniji\/#breadcrumb"},"inLanguage":"bs-BA","potentialAction":[{"@type":"ReadAction","target":["https:\/\/sandzakpress.net\/arhiva\/turska-restaurira-mesdzid-u-spaniji\/"]}]},{"@type":"ImageObject","inLanguage":"bs-BA","@id":"https:\/\/sandzakpress.net\/arhiva\/turska-restaurira-mesdzid-u-spaniji\/#primaryimage","url":"https:\/\/sandzakpress.net\/arhiva\/wp-content\/uploads\/2014\/03\/turska-restaurira-mesdzid-u-spaniji_trt-bosanski-26614.jpg","contentUrl":"https:\/\/sandzakpress.net\/arhiva\/wp-content\/uploads\/2014\/03\/turska-restaurira-mesdzid-u-spaniji_trt-bosanski-26614.jpg","width":600,"height":363},{"@type":"BreadcrumbList","@id":"https:\/\/sandzakpress.net\/arhiva\/turska-restaurira-mesdzid-u-spaniji\/#breadcrumb","itemListElement":[{"@type":"ListItem","position":1,"name":"Home","item":"https:\/\/sandzakpress.net\/arhiva\/"},{"@type":"ListItem","position":2,"name":"Turska restaurira mesd\u017eid u \u0160paniji"}]},{"@type":"WebSite","@id":"https:\/\/sandzakpress.net\/arhiva\/#website","url":"https:\/\/sandzakpress.net\/arhiva\/","name":"Sand\u017eak PRESS","description":"Prve elektronske novine u Sand\u017eaku","publisher":{"@id":"https:\/\/sandzakpress.net\/arhiva\/#\/schema\/person\/6e72b67d6e51910a1117b3b483ba20bd"},"potentialAction":[{"@type":"SearchAction","target":{"@type":"EntryPoint","urlTemplate":"https:\/\/sandzakpress.net\/arhiva\/?s={search_term_string}"},"query-input":{"@type":"PropertyValueSpecification","valueRequired":true,"valueName":"search_term_string"}}],"inLanguage":"bs-BA"},{"@type":["Person","Organization"],"@id":"https:\/\/sandzakpress.net\/arhiva\/#\/schema\/person\/6e72b67d6e51910a1117b3b483ba20bd","name":"Kul","image":{"@type":"ImageObject","inLanguage":"bs-BA","@id":"https:\/\/sandzakpress.net\/arhiva\/#\/schema\/person\/image\/","url":"https:\/\/secure.gravatar.com\/avatar\/42263f39aa27ac04c43cab85c280eb2e?s=96&d=mm&r=pg","contentUrl":"https:\/\/secure.gravatar.com\/avatar\/42263f39aa27ac04c43cab85c280eb2e?s=96&d=mm&r=pg","caption":"Kul"},"logo":{"@id":"https:\/\/sandzakpress.net\/arhiva\/#\/schema\/person\/image\/"}},{"@type":"Person","@id":"https:\/\/sandzakpress.net\/arhiva\/#\/schema\/person\/c8baee722073534b583ea7bdb2e36c02","name":"bosniak","image":{"@type":"ImageObject","inLanguage":"bs-BA","@id":"https:\/\/sandzakpress.net\/arhiva\/#\/schema\/person\/image\/","url":"https:\/\/secure.gravatar.com\/avatar\/a04fd330bfe3a36a72a0ad4a6d89fca7?s=96&d=mm&r=pg","contentUrl":"https:\/\/secure.gravatar.com\/avatar\/a04fd330bfe3a36a72a0ad4a6d89fca7?s=96&d=mm&r=pg","caption":"bosniak"},"url":"https:\/\/sandzakpress.net\/arhiva\/author\/bosniak\/"}]}},"_links":{"self":[{"href":"https:\/\/sandzakpress.net\/arhiva\/wp-json\/wp\/v2\/posts\/103723"}],"collection":[{"href":"https:\/\/sandzakpress.net\/arhiva\/wp-json\/wp\/v2\/posts"}],"about":[{"href":"https:\/\/sandzakpress.net\/arhiva\/wp-json\/wp\/v2\/types\/post"}],"author":[{"embeddable":true,"href":"https:\/\/sandzakpress.net\/arhiva\/wp-json\/wp\/v2\/users\/83"}],"replies":[{"embeddable":true,"href":"https:\/\/sandzakpress.net\/arhiva\/wp-json\/wp\/v2\/comments?post=103723"}],"version-history":[{"count":0,"href":"https:\/\/sandzakpress.net\/arhiva\/wp-json\/wp\/v2\/posts\/103723\/revisions"}],"wp:featuredmedia":[{"embeddable":true,"href":"https:\/\/sandzakpress.net\/arhiva\/wp-json\/wp\/v2\/media\/103724"}],"wp:attachment":[{"href":"https:\/\/sandzakpress.net\/arhiva\/wp-json\/wp\/v2\/media?parent=103723"}],"wp:term":[{"taxonomy":"category","embeddable":true,"href":"https:\/\/sandzakpress.net\/arhiva\/wp-json\/wp\/v2\/categories?post=103723"},{"taxonomy":"post_tag","embeddable":true,"href":"https:\/\/sandzakpress.net\/arhiva\/wp-json\/wp\/v2\/tags?post=103723"}],"curies":[{"name":"wp","href":"https:\/\/api.w.org\/{rel}","templated":true}]}}