{"id":103698,"date":"2014-03-29T00:33:59","date_gmt":"2014-03-28T23:33:59","guid":{"rendered":"https:\/\/sandzakpress.net\/arhiva\/?p=103698"},"modified":"2014-03-29T00:33:59","modified_gmt":"2014-03-28T23:33:59","slug":"dino-radoncic-15-u-dresu-kadetske-ekipe-barselone-najavljuje-veliku-karijeru","status":"publish","type":"post","link":"https:\/\/sandzakpress.net\/arhiva\/dino-radoncic-15-u-dresu-kadetske-ekipe-barselone-najavljuje-veliku-karijeru\/","title":{"rendered":"Dino Radon\u010di\u0107 (15) u dresu kadetske ekipe Barselone najavljuje veliku karijeru"},"content":{"rendered":"<p><img loading=\"lazy\" decoding=\"async\" class=\"alignleft  wp-image-19355\" alt=\"\" src=\"http:\/\/gusinjefoundation.info\/wp-content\/uploads\/2014\/03\/Dino-Radoncic-4.jpg\" width=\"319\" height=\"480\" \/><\/p>\n<p><strong>Gusinje, Plav &#8211;\u00a0Ko\u0161arka\u0161ku karijeru trenutno u Barseloni grade Marko Todorovi\u0107 i Milovan Dra\u0161kovi\u0107, ali je manje poznato da u mla\u0111im kategorijama katalonskog giganta briljira jo\u0161 jedan igra\u010d porijeklom iz Crne Gore, Dino Radon\u010di\u0107 (15).<\/strong><\/p>\n<p>Dino je sin poznatog crnogorskog rukometa\u0161a Damira, a u Barseloni je od septembra pro\u0161le godine. Prije toga je igrao za KK Storm iz Zrenjanina, gradu u kojem je i odrastao. Trenutno nastupa za kadetsku ekipu Barse i jedan je od najboljih igra\u010da u \u0160paniji za svoje godi\u0161te. Odli\u010dne partije nijesu pro\u0161le nezapa\u017eeno, pa je i \u010duvena madridska Marka odvojila prostor za mladog Radon\u010di\u0107a.<\/p>\n<p>,,Barselonino \u010dudo Dino Radon\u010di\u0107 po\u010dinje uspon prema elitnoj ko\u0161arci\u201c naslov je teksta na portalu Marke, u kojem se opisuju Dinove maestralne partije na dva turnira za kadete. Po\u010detkom godine, Radon\u010di\u0107 je na presti\u017enom ,,Siutat d\u2019Espluges\u201c bio MVP turnira, sa prosjekom od 21,2 poena, 8,8 skokova i 2,4 asistencije po utakmici. Istakao se i desetak dana ranije, na bo\u017ei\u0107nom turniru ,,Gudar Havalambre\u201c, sa prosjekom od 31 poena i 7 skokova. U pojbedi protiv Huventuda u finalu upisao je 32 poena i 10 skokova za 25 minuta.<\/p>\n<p>Dino ima i crnogorsko i srpsko dr\u017eavljanstvo, a bio je na pripremama kadetske reprezentacije Crne Gore pro\u0161le godine. U intervjuu za jedan zrenjaninski portal, rekao je da jo\u0161 nije odlu\u010dio za koju reprezentaciju \u0107e nastupati.<\/p>\n<p>(gusinjefoundation)<\/p>\n","protected":false},"excerpt":{"rendered":"<p>Gusinje, Plav &#8211;\u00a0Ko\u0161arka\u0161ku karijeru trenutno u Barseloni grade Marko Todorovi\u0107 i Milovan Dra\u0161kovi\u0107, ali je manje poznato da u mla\u0111im kategorijama katalonskog giganta briljira jo\u0161 jedan igra\u010d porijeklom iz Crne Gore, Dino Radon\u010di\u0107 (15). Dino je sin poznatog crnogorskog rukometa\u0161a Damira, a u Barseloni je od septembra pro\u0161le godine. Prije toga je igrao za KK [&hellip;]<\/p>\n","protected":false},"author":83,"featured_media":103699,"comment_status":"open","ping_status":"open","sticky":false,"template":"","format":"standard","meta":{"footnotes":""},"categories":[800,399,10173],"tags":[],"class_list":{"0":"post-103698","1":"post","2":"type-post","3":"status-publish","4":"format-standard","5":"has-post-thumbnail","7":"category-nacija","8":"category-plav_","9":"category-gusinje-vase-vijesti"},"yoast_head":"<!-- This site is optimized with the Yoast SEO Premium plugin v23.1 (Yoast SEO v24.9) - https:\/\/yoast.com\/wordpress\/plugins\/seo\/ -->\n<title>Dino Radon\u010di\u0107 (15) u dresu kadetske ekipe Barselone najavljuje veliku karijeru<\/title>\n<meta name=\"robots\" content=\"index, follow, max-snippet:-1, max-image-preview:large, max-video-preview:-1\" \/>\n<link rel=\"canonical\" href=\"https:\/\/sandzakpress.net\/arhiva\/dino-radoncic-15-u-dresu-kadetske-ekipe-barselone-najavljuje-veliku-karijeru\/\" \/>\n<meta property=\"og:locale\" content=\"bs_BA\" \/>\n<meta property=\"og:type\" content=\"article\" \/>\n<meta property=\"og:title\" content=\"Dino Radon\u010di\u0107 (15) u dresu kadetske ekipe Barselone najavljuje veliku karijeru\" \/>\n<meta property=\"og:description\" content=\"Gusinje, Plav &#8211;\u00a0Ko\u0161arka\u0161ku karijeru trenutno u Barseloni grade Marko Todorovi\u0107 i Milovan Dra\u0161kovi\u0107, ali je manje poznato da u mla\u0111im kategorijama katalonskog giganta briljira jo\u0161 jedan igra\u010d porijeklom iz Crne Gore, Dino Radon\u010di\u0107 (15). Dino je sin poznatog crnogorskog rukometa\u0161a Damira, a u Barseloni je od septembra pro\u0161le godine. Prije toga je igrao za KK [&hellip;]\" \/>\n<meta property=\"og:url\" content=\"https:\/\/sandzakpress.net\/arhiva\/dino-radoncic-15-u-dresu-kadetske-ekipe-barselone-najavljuje-veliku-karijeru\/\" \/>\n<meta property=\"og:site_name\" content=\"Sand\u017eak PRESS\" \/>\n<meta property=\"article:published_time\" content=\"2014-03-28T23:33:59+00:00\" \/>\n<meta property=\"og:image\" content=\"https:\/\/sandzakpress.net\/arhiva\/wp-content\/uploads\/2014\/03\/Dino-Radoncic-4.jpg\" \/>\n\t<meta property=\"og:image:width\" content=\"532\" \/>\n\t<meta property=\"og:image:height\" content=\"800\" \/>\n\t<meta property=\"og:image:type\" content=\"image\/jpeg\" \/>\n<meta name=\"author\" content=\"bosniak\" \/>\n<meta name=\"twitter:card\" content=\"summary_large_image\" \/>\n<meta name=\"twitter:label1\" content=\"Written by\" \/>\n\t<meta name=\"twitter:data1\" content=\"bosniak\" \/>\n\t<meta name=\"twitter:label2\" content=\"Est. reading time\" \/>\n\t<meta name=\"twitter:data2\" content=\"1 minuta\" \/>\n<script type=\"application\/ld+json\" class=\"yoast-schema-graph\">{\"@context\":\"https:\/\/schema.org\",\"@graph\":[{\"@type\":\"Article\",\"@id\":\"https:\/\/sandzakpress.net\/arhiva\/dino-radoncic-15-u-dresu-kadetske-ekipe-barselone-najavljuje-veliku-karijeru\/#article\",\"isPartOf\":{\"@id\":\"https:\/\/sandzakpress.net\/arhiva\/dino-radoncic-15-u-dresu-kadetske-ekipe-barselone-najavljuje-veliku-karijeru\/\"},\"author\":{\"name\":\"bosniak\",\"@id\":\"https:\/\/sandzakpress.net\/arhiva\/#\/schema\/person\/c8baee722073534b583ea7bdb2e36c02\"},\"headline\":\"Dino Radon\u010di\u0107 (15) u dresu kadetske ekipe Barselone najavljuje veliku karijeru\",\"datePublished\":\"2014-03-28T23:33:59+00:00\",\"mainEntityOfPage\":{\"@id\":\"https:\/\/sandzakpress.net\/arhiva\/dino-radoncic-15-u-dresu-kadetske-ekipe-barselone-najavljuje-veliku-karijeru\/\"},\"wordCount\":247,\"commentCount\":0,\"publisher\":{\"@id\":\"https:\/\/sandzakpress.net\/arhiva\/#\/schema\/person\/6e72b67d6e51910a1117b3b483ba20bd\"},\"image\":{\"@id\":\"https:\/\/sandzakpress.net\/arhiva\/dino-radoncic-15-u-dresu-kadetske-ekipe-barselone-najavljuje-veliku-karijeru\/#primaryimage\"},\"thumbnailUrl\":\"https:\/\/sandzakpress.net\/arhiva\/wp-content\/uploads\/2014\/03\/Dino-Radoncic-4.jpg\",\"articleSection\":[\"Nacija\",\"Plav\",\"Gusinje\"],\"inLanguage\":\"bs-BA\",\"potentialAction\":[{\"@type\":\"CommentAction\",\"name\":\"Comment\",\"target\":[\"https:\/\/sandzakpress.net\/arhiva\/dino-radoncic-15-u-dresu-kadetske-ekipe-barselone-najavljuje-veliku-karijeru\/#respond\"]}]},{\"@type\":\"WebPage\",\"@id\":\"https:\/\/sandzakpress.net\/arhiva\/dino-radoncic-15-u-dresu-kadetske-ekipe-barselone-najavljuje-veliku-karijeru\/\",\"url\":\"https:\/\/sandzakpress.net\/arhiva\/dino-radoncic-15-u-dresu-kadetske-ekipe-barselone-najavljuje-veliku-karijeru\/\",\"name\":\"Dino Radon\u010di\u0107 (15) u dresu kadetske ekipe Barselone najavljuje veliku karijeru\",\"isPartOf\":{\"@id\":\"https:\/\/sandzakpress.net\/arhiva\/#website\"},\"primaryImageOfPage\":{\"@id\":\"https:\/\/sandzakpress.net\/arhiva\/dino-radoncic-15-u-dresu-kadetske-ekipe-barselone-najavljuje-veliku-karijeru\/#primaryimage\"},\"image\":{\"@id\":\"https:\/\/sandzakpress.net\/arhiva\/dino-radoncic-15-u-dresu-kadetske-ekipe-barselone-najavljuje-veliku-karijeru\/#primaryimage\"},\"thumbnailUrl\":\"https:\/\/sandzakpress.net\/arhiva\/wp-content\/uploads\/2014\/03\/Dino-Radoncic-4.jpg\",\"datePublished\":\"2014-03-28T23:33:59+00:00\",\"breadcrumb\":{\"@id\":\"https:\/\/sandzakpress.net\/arhiva\/dino-radoncic-15-u-dresu-kadetske-ekipe-barselone-najavljuje-veliku-karijeru\/#breadcrumb\"},\"inLanguage\":\"bs-BA\",\"potentialAction\":[{\"@type\":\"ReadAction\",\"target\":[\"https:\/\/sandzakpress.net\/arhiva\/dino-radoncic-15-u-dresu-kadetske-ekipe-barselone-najavljuje-veliku-karijeru\/\"]}]},{\"@type\":\"ImageObject\",\"inLanguage\":\"bs-BA\",\"@id\":\"https:\/\/sandzakpress.net\/arhiva\/dino-radoncic-15-u-dresu-kadetske-ekipe-barselone-najavljuje-veliku-karijeru\/#primaryimage\",\"url\":\"https:\/\/sandzakpress.net\/arhiva\/wp-content\/uploads\/2014\/03\/Dino-Radoncic-4.jpg\",\"contentUrl\":\"https:\/\/sandzakpress.net\/arhiva\/wp-content\/uploads\/2014\/03\/Dino-Radoncic-4.jpg\",\"width\":532,\"height\":800},{\"@type\":\"BreadcrumbList\",\"@id\":\"https:\/\/sandzakpress.net\/arhiva\/dino-radoncic-15-u-dresu-kadetske-ekipe-barselone-najavljuje-veliku-karijeru\/#breadcrumb\",\"itemListElement\":[{\"@type\":\"ListItem\",\"position\":1,\"name\":\"Home\",\"item\":\"https:\/\/sandzakpress.net\/arhiva\/\"},{\"@type\":\"ListItem\",\"position\":2,\"name\":\"Dino Radon\u010di\u0107 (15) u dresu kadetske ekipe Barselone najavljuje veliku karijeru\"}]},{\"@type\":\"WebSite\",\"@id\":\"https:\/\/sandzakpress.net\/arhiva\/#website\",\"url\":\"https:\/\/sandzakpress.net\/arhiva\/\",\"name\":\"Sand\u017eak PRESS\",\"description\":\"Prve elektronske novine u Sand\u017eaku\",\"publisher\":{\"@id\":\"https:\/\/sandzakpress.net\/arhiva\/#\/schema\/person\/6e72b67d6e51910a1117b3b483ba20bd\"},\"potentialAction\":[{\"@type\":\"SearchAction\",\"target\":{\"@type\":\"EntryPoint\",\"urlTemplate\":\"https:\/\/sandzakpress.net\/arhiva\/?s={search_term_string}\"},\"query-input\":{\"@type\":\"PropertyValueSpecification\",\"valueRequired\":true,\"valueName\":\"search_term_string\"}}],\"inLanguage\":\"bs-BA\"},{\"@type\":[\"Person\",\"Organization\"],\"@id\":\"https:\/\/sandzakpress.net\/arhiva\/#\/schema\/person\/6e72b67d6e51910a1117b3b483ba20bd\",\"name\":\"Kul\",\"image\":{\"@type\":\"ImageObject\",\"inLanguage\":\"bs-BA\",\"@id\":\"https:\/\/sandzakpress.net\/arhiva\/#\/schema\/person\/image\/\",\"url\":\"https:\/\/secure.gravatar.com\/avatar\/42263f39aa27ac04c43cab85c280eb2e?s=96&d=mm&r=pg\",\"contentUrl\":\"https:\/\/secure.gravatar.com\/avatar\/42263f39aa27ac04c43cab85c280eb2e?s=96&d=mm&r=pg\",\"caption\":\"Kul\"},\"logo\":{\"@id\":\"https:\/\/sandzakpress.net\/arhiva\/#\/schema\/person\/image\/\"}},{\"@type\":\"Person\",\"@id\":\"https:\/\/sandzakpress.net\/arhiva\/#\/schema\/person\/c8baee722073534b583ea7bdb2e36c02\",\"name\":\"bosniak\",\"image\":{\"@type\":\"ImageObject\",\"inLanguage\":\"bs-BA\",\"@id\":\"https:\/\/sandzakpress.net\/arhiva\/#\/schema\/person\/image\/\",\"url\":\"https:\/\/secure.gravatar.com\/avatar\/a04fd330bfe3a36a72a0ad4a6d89fca7?s=96&d=mm&r=pg\",\"contentUrl\":\"https:\/\/secure.gravatar.com\/avatar\/a04fd330bfe3a36a72a0ad4a6d89fca7?s=96&d=mm&r=pg\",\"caption\":\"bosniak\"},\"url\":\"https:\/\/sandzakpress.net\/arhiva\/author\/bosniak\/\"}]}<\/script>\n<!-- \/ Yoast SEO Premium plugin. -->","yoast_head_json":{"title":"Dino Radon\u010di\u0107 (15) u dresu kadetske ekipe Barselone najavljuje veliku karijeru","robots":{"index":"index","follow":"follow","max-snippet":"max-snippet:-1","max-image-preview":"max-image-preview:large","max-video-preview":"max-video-preview:-1"},"canonical":"https:\/\/sandzakpress.net\/arhiva\/dino-radoncic-15-u-dresu-kadetske-ekipe-barselone-najavljuje-veliku-karijeru\/","og_locale":"bs_BA","og_type":"article","og_title":"Dino Radon\u010di\u0107 (15) u dresu kadetske ekipe Barselone najavljuje veliku karijeru","og_description":"Gusinje, Plav &#8211;\u00a0Ko\u0161arka\u0161ku karijeru trenutno u Barseloni grade Marko Todorovi\u0107 i Milovan Dra\u0161kovi\u0107, ali je manje poznato da u mla\u0111im kategorijama katalonskog giganta briljira jo\u0161 jedan igra\u010d porijeklom iz Crne Gore, Dino Radon\u010di\u0107 (15). Dino je sin poznatog crnogorskog rukometa\u0161a Damira, a u Barseloni je od septembra pro\u0161le godine. Prije toga je igrao za KK [&hellip;]","og_url":"https:\/\/sandzakpress.net\/arhiva\/dino-radoncic-15-u-dresu-kadetske-ekipe-barselone-najavljuje-veliku-karijeru\/","og_site_name":"Sand\u017eak PRESS","article_published_time":"2014-03-28T23:33:59+00:00","og_image":[{"width":532,"height":800,"url":"https:\/\/sandzakpress.net\/arhiva\/wp-content\/uploads\/2014\/03\/Dino-Radoncic-4.jpg","type":"image\/jpeg"}],"author":"bosniak","twitter_card":"summary_large_image","twitter_misc":{"Written by":"bosniak","Est. reading time":"1 minuta"},"schema":{"@context":"https:\/\/schema.org","@graph":[{"@type":"Article","@id":"https:\/\/sandzakpress.net\/arhiva\/dino-radoncic-15-u-dresu-kadetske-ekipe-barselone-najavljuje-veliku-karijeru\/#article","isPartOf":{"@id":"https:\/\/sandzakpress.net\/arhiva\/dino-radoncic-15-u-dresu-kadetske-ekipe-barselone-najavljuje-veliku-karijeru\/"},"author":{"name":"bosniak","@id":"https:\/\/sandzakpress.net\/arhiva\/#\/schema\/person\/c8baee722073534b583ea7bdb2e36c02"},"headline":"Dino Radon\u010di\u0107 (15) u dresu kadetske ekipe Barselone najavljuje veliku karijeru","datePublished":"2014-03-28T23:33:59+00:00","mainEntityOfPage":{"@id":"https:\/\/sandzakpress.net\/arhiva\/dino-radoncic-15-u-dresu-kadetske-ekipe-barselone-najavljuje-veliku-karijeru\/"},"wordCount":247,"commentCount":0,"publisher":{"@id":"https:\/\/sandzakpress.net\/arhiva\/#\/schema\/person\/6e72b67d6e51910a1117b3b483ba20bd"},"image":{"@id":"https:\/\/sandzakpress.net\/arhiva\/dino-radoncic-15-u-dresu-kadetske-ekipe-barselone-najavljuje-veliku-karijeru\/#primaryimage"},"thumbnailUrl":"https:\/\/sandzakpress.net\/arhiva\/wp-content\/uploads\/2014\/03\/Dino-Radoncic-4.jpg","articleSection":["Nacija","Plav","Gusinje"],"inLanguage":"bs-BA","potentialAction":[{"@type":"CommentAction","name":"Comment","target":["https:\/\/sandzakpress.net\/arhiva\/dino-radoncic-15-u-dresu-kadetske-ekipe-barselone-najavljuje-veliku-karijeru\/#respond"]}]},{"@type":"WebPage","@id":"https:\/\/sandzakpress.net\/arhiva\/dino-radoncic-15-u-dresu-kadetske-ekipe-barselone-najavljuje-veliku-karijeru\/","url":"https:\/\/sandzakpress.net\/arhiva\/dino-radoncic-15-u-dresu-kadetske-ekipe-barselone-najavljuje-veliku-karijeru\/","name":"Dino Radon\u010di\u0107 (15) u dresu kadetske ekipe Barselone najavljuje veliku karijeru","isPartOf":{"@id":"https:\/\/sandzakpress.net\/arhiva\/#website"},"primaryImageOfPage":{"@id":"https:\/\/sandzakpress.net\/arhiva\/dino-radoncic-15-u-dresu-kadetske-ekipe-barselone-najavljuje-veliku-karijeru\/#primaryimage"},"image":{"@id":"https:\/\/sandzakpress.net\/arhiva\/dino-radoncic-15-u-dresu-kadetske-ekipe-barselone-najavljuje-veliku-karijeru\/#primaryimage"},"thumbnailUrl":"https:\/\/sandzakpress.net\/arhiva\/wp-content\/uploads\/2014\/03\/Dino-Radoncic-4.jpg","datePublished":"2014-03-28T23:33:59+00:00","breadcrumb":{"@id":"https:\/\/sandzakpress.net\/arhiva\/dino-radoncic-15-u-dresu-kadetske-ekipe-barselone-najavljuje-veliku-karijeru\/#breadcrumb"},"inLanguage":"bs-BA","potentialAction":[{"@type":"ReadAction","target":["https:\/\/sandzakpress.net\/arhiva\/dino-radoncic-15-u-dresu-kadetske-ekipe-barselone-najavljuje-veliku-karijeru\/"]}]},{"@type":"ImageObject","inLanguage":"bs-BA","@id":"https:\/\/sandzakpress.net\/arhiva\/dino-radoncic-15-u-dresu-kadetske-ekipe-barselone-najavljuje-veliku-karijeru\/#primaryimage","url":"https:\/\/sandzakpress.net\/arhiva\/wp-content\/uploads\/2014\/03\/Dino-Radoncic-4.jpg","contentUrl":"https:\/\/sandzakpress.net\/arhiva\/wp-content\/uploads\/2014\/03\/Dino-Radoncic-4.jpg","width":532,"height":800},{"@type":"BreadcrumbList","@id":"https:\/\/sandzakpress.net\/arhiva\/dino-radoncic-15-u-dresu-kadetske-ekipe-barselone-najavljuje-veliku-karijeru\/#breadcrumb","itemListElement":[{"@type":"ListItem","position":1,"name":"Home","item":"https:\/\/sandzakpress.net\/arhiva\/"},{"@type":"ListItem","position":2,"name":"Dino Radon\u010di\u0107 (15) u dresu kadetske ekipe Barselone najavljuje veliku karijeru"}]},{"@type":"WebSite","@id":"https:\/\/sandzakpress.net\/arhiva\/#website","url":"https:\/\/sandzakpress.net\/arhiva\/","name":"Sand\u017eak PRESS","description":"Prve elektronske novine u Sand\u017eaku","publisher":{"@id":"https:\/\/sandzakpress.net\/arhiva\/#\/schema\/person\/6e72b67d6e51910a1117b3b483ba20bd"},"potentialAction":[{"@type":"SearchAction","target":{"@type":"EntryPoint","urlTemplate":"https:\/\/sandzakpress.net\/arhiva\/?s={search_term_string}"},"query-input":{"@type":"PropertyValueSpecification","valueRequired":true,"valueName":"search_term_string"}}],"inLanguage":"bs-BA"},{"@type":["Person","Organization"],"@id":"https:\/\/sandzakpress.net\/arhiva\/#\/schema\/person\/6e72b67d6e51910a1117b3b483ba20bd","name":"Kul","image":{"@type":"ImageObject","inLanguage":"bs-BA","@id":"https:\/\/sandzakpress.net\/arhiva\/#\/schema\/person\/image\/","url":"https:\/\/secure.gravatar.com\/avatar\/42263f39aa27ac04c43cab85c280eb2e?s=96&d=mm&r=pg","contentUrl":"https:\/\/secure.gravatar.com\/avatar\/42263f39aa27ac04c43cab85c280eb2e?s=96&d=mm&r=pg","caption":"Kul"},"logo":{"@id":"https:\/\/sandzakpress.net\/arhiva\/#\/schema\/person\/image\/"}},{"@type":"Person","@id":"https:\/\/sandzakpress.net\/arhiva\/#\/schema\/person\/c8baee722073534b583ea7bdb2e36c02","name":"bosniak","image":{"@type":"ImageObject","inLanguage":"bs-BA","@id":"https:\/\/sandzakpress.net\/arhiva\/#\/schema\/person\/image\/","url":"https:\/\/secure.gravatar.com\/avatar\/a04fd330bfe3a36a72a0ad4a6d89fca7?s=96&d=mm&r=pg","contentUrl":"https:\/\/secure.gravatar.com\/avatar\/a04fd330bfe3a36a72a0ad4a6d89fca7?s=96&d=mm&r=pg","caption":"bosniak"},"url":"https:\/\/sandzakpress.net\/arhiva\/author\/bosniak\/"}]}},"_links":{"self":[{"href":"https:\/\/sandzakpress.net\/arhiva\/wp-json\/wp\/v2\/posts\/103698"}],"collection":[{"href":"https:\/\/sandzakpress.net\/arhiva\/wp-json\/wp\/v2\/posts"}],"about":[{"href":"https:\/\/sandzakpress.net\/arhiva\/wp-json\/wp\/v2\/types\/post"}],"author":[{"embeddable":true,"href":"https:\/\/sandzakpress.net\/arhiva\/wp-json\/wp\/v2\/users\/83"}],"replies":[{"embeddable":true,"href":"https:\/\/sandzakpress.net\/arhiva\/wp-json\/wp\/v2\/comments?post=103698"}],"version-history":[{"count":0,"href":"https:\/\/sandzakpress.net\/arhiva\/wp-json\/wp\/v2\/posts\/103698\/revisions"}],"wp:featuredmedia":[{"embeddable":true,"href":"https:\/\/sandzakpress.net\/arhiva\/wp-json\/wp\/v2\/media\/103699"}],"wp:attachment":[{"href":"https:\/\/sandzakpress.net\/arhiva\/wp-json\/wp\/v2\/media?parent=103698"}],"wp:term":[{"taxonomy":"category","embeddable":true,"href":"https:\/\/sandzakpress.net\/arhiva\/wp-json\/wp\/v2\/categories?post=103698"},{"taxonomy":"post_tag","embeddable":true,"href":"https:\/\/sandzakpress.net\/arhiva\/wp-json\/wp\/v2\/tags?post=103698"}],"curies":[{"name":"wp","href":"https:\/\/api.w.org\/{rel}","templated":true}]}}