{"id":103628,"date":"2014-03-27T20:59:15","date_gmt":"2014-03-27T19:59:15","guid":{"rendered":"https:\/\/sandzakpress.net\/arhiva\/?p=103628"},"modified":"2014-03-27T20:59:15","modified_gmt":"2014-03-27T19:59:15","slug":"invalidi-rada-nastavljaju-strajk","status":"publish","type":"post","link":"https:\/\/sandzakpress.net\/arhiva\/invalidi-rada-nastavljaju-strajk\/","title":{"rendered":"Invalidi rada nastavljaju \u0161trajk"},"content":{"rendered":"<p><img loading=\"lazy\" decoding=\"async\" class=\"alignleft\" alt=\"Invalidi rada nastavljaju \u0161trajk \" src=\"http:\/\/www.vijesti.me\/slika-519x316\/vijesti\/invalidi-rada-nastavljaju-strajk-slika-362107.jpg\" width=\"311\" height=\"190\" \/><\/p>\n<p><strong>Bijelo Polje &#8211;\u00a0Nakon sastanka u Podogici, invalidi rada sjevernih opt\u0161ina odlu\u010dili su ve\u010deras da \u0161trajk sa Ribarevina, kod Bijelog Polja nastave u prostorijama udru\u017eenja, do kraja vikenda.<\/strong><\/p>\n<p>\u201eNema zamrzavanja \u0161trajka, protestvova\u0107emo danono\u0107no do kraja vikenda,\u201c kazao je predsjednik Udru\u017eenja invalida Bijelo Polje Lazar Kne\u017eevi\u0107.<\/p>\n<p>\u201eTada \u0107emo zajedno sa odborom zdravstva rada i socijalnog staranja i predstavnicima minsitarstva rada i socijalnog staranja gdje o\u010dekujemo kona\u010dnu odluku o rje\u0161avanju na\u0161ih zahtejva.<\/p>\n<p>Ukoliko ishod bude negativan, invalidi rada \u0107e po\u0107i pje\u0161ice za Podgoricu i ne\u0107e ih uzaistaviti nikakav kordon policije\u201c, kazao je Kne\u017eevi\u0107. On je dodao da su invalidi rada u Podgorici dobili \u010dvrsta uvjeravanja da \u0107e sastanku u Bijelom Polju prisustvovati i ministar rada i socijalnog staranja Predrag Bo\u0161kovi\u0107, koji je ju\u010de bio van zemlje i nije prisustvovao sastanku u Podgorici.<\/p>\n<p>(vijesti)<\/p>\n","protected":false},"excerpt":{"rendered":"<p>Bijelo Polje &#8211;\u00a0Nakon sastanka u Podogici, invalidi rada sjevernih opt\u0161ina odlu\u010dili su ve\u010deras da \u0161trajk sa Ribarevina, kod Bijelog Polja nastave u prostorijama udru\u017eenja, do kraja vikenda. \u201eNema zamrzavanja \u0161trajka, protestvova\u0107emo danono\u0107no do kraja vikenda,\u201c kazao je predsjednik Udru\u017eenja invalida Bijelo Polje Lazar Kne\u017eevi\u0107. \u201eTada \u0107emo zajedno sa odborom zdravstva rada i socijalnog staranja i [&hellip;]<\/p>\n","protected":false},"author":83,"featured_media":103629,"comment_status":"open","ping_status":"open","sticky":false,"template":"","format":"standard","meta":{"footnotes":""},"categories":[396,5],"tags":[],"class_list":{"0":"post-103628","1":"post","2":"type-post","3":"status-publish","4":"format-standard","5":"has-post-thumbnail","7":"category-bijelo_polje","8":"category-drustvo"},"yoast_head":"<!-- This site is optimized with the Yoast SEO Premium plugin v23.1 (Yoast SEO v24.9) - https:\/\/yoast.com\/wordpress\/plugins\/seo\/ -->\n<title>Invalidi rada nastavljaju \u0161trajk<\/title>\n<meta name=\"robots\" content=\"index, follow, max-snippet:-1, max-image-preview:large, max-video-preview:-1\" \/>\n<link rel=\"canonical\" href=\"https:\/\/sandzakpress.net\/arhiva\/invalidi-rada-nastavljaju-strajk\/\" \/>\n<meta property=\"og:locale\" content=\"bs_BA\" \/>\n<meta property=\"og:type\" content=\"article\" \/>\n<meta property=\"og:title\" content=\"Invalidi rada nastavljaju \u0161trajk\" \/>\n<meta property=\"og:description\" content=\"Bijelo Polje &#8211;\u00a0Nakon sastanka u Podogici, invalidi rada sjevernih opt\u0161ina odlu\u010dili su ve\u010deras da \u0161trajk sa Ribarevina, kod Bijelog Polja nastave u prostorijama udru\u017eenja, do kraja vikenda. \u201eNema zamrzavanja \u0161trajka, protestvova\u0107emo danono\u0107no do kraja vikenda,\u201c kazao je predsjednik Udru\u017eenja invalida Bijelo Polje Lazar Kne\u017eevi\u0107. \u201eTada \u0107emo zajedno sa odborom zdravstva rada i socijalnog staranja i [&hellip;]\" \/>\n<meta property=\"og:url\" content=\"https:\/\/sandzakpress.net\/arhiva\/invalidi-rada-nastavljaju-strajk\/\" \/>\n<meta property=\"og:site_name\" content=\"Sand\u017eak PRESS\" \/>\n<meta property=\"article:published_time\" content=\"2014-03-27T19:59:15+00:00\" \/>\n<meta property=\"og:image\" content=\"https:\/\/sandzakpress.net\/arhiva\/wp-content\/uploads\/2014\/03\/invalidi-rada-nastavljaju-strajk-slika-362107.jpg\" \/>\n\t<meta property=\"og:image:width\" content=\"519\" \/>\n\t<meta property=\"og:image:height\" content=\"316\" \/>\n\t<meta property=\"og:image:type\" content=\"image\/jpeg\" \/>\n<meta name=\"author\" content=\"bosniak\" \/>\n<meta name=\"twitter:card\" content=\"summary_large_image\" \/>\n<meta name=\"twitter:label1\" content=\"Written by\" \/>\n\t<meta name=\"twitter:data1\" content=\"bosniak\" \/>\n\t<meta name=\"twitter:label2\" content=\"Est. reading time\" \/>\n\t<meta name=\"twitter:data2\" content=\"1 minuta\" \/>\n<script type=\"application\/ld+json\" class=\"yoast-schema-graph\">{\"@context\":\"https:\/\/schema.org\",\"@graph\":[{\"@type\":\"Article\",\"@id\":\"https:\/\/sandzakpress.net\/arhiva\/invalidi-rada-nastavljaju-strajk\/#article\",\"isPartOf\":{\"@id\":\"https:\/\/sandzakpress.net\/arhiva\/invalidi-rada-nastavljaju-strajk\/\"},\"author\":{\"name\":\"bosniak\",\"@id\":\"https:\/\/sandzakpress.net\/arhiva\/#\/schema\/person\/c8baee722073534b583ea7bdb2e36c02\"},\"headline\":\"Invalidi rada nastavljaju \u0161trajk\",\"datePublished\":\"2014-03-27T19:59:15+00:00\",\"mainEntityOfPage\":{\"@id\":\"https:\/\/sandzakpress.net\/arhiva\/invalidi-rada-nastavljaju-strajk\/\"},\"wordCount\":153,\"commentCount\":0,\"publisher\":{\"@id\":\"https:\/\/sandzakpress.net\/arhiva\/#\/schema\/person\/6e72b67d6e51910a1117b3b483ba20bd\"},\"image\":{\"@id\":\"https:\/\/sandzakpress.net\/arhiva\/invalidi-rada-nastavljaju-strajk\/#primaryimage\"},\"thumbnailUrl\":\"https:\/\/sandzakpress.net\/arhiva\/wp-content\/uploads\/2014\/03\/invalidi-rada-nastavljaju-strajk-slika-362107.jpg\",\"articleSection\":[\"Bijelo Polje\",\"Dru\u0161tvo\"],\"inLanguage\":\"bs-BA\",\"potentialAction\":[{\"@type\":\"CommentAction\",\"name\":\"Comment\",\"target\":[\"https:\/\/sandzakpress.net\/arhiva\/invalidi-rada-nastavljaju-strajk\/#respond\"]}]},{\"@type\":\"WebPage\",\"@id\":\"https:\/\/sandzakpress.net\/arhiva\/invalidi-rada-nastavljaju-strajk\/\",\"url\":\"https:\/\/sandzakpress.net\/arhiva\/invalidi-rada-nastavljaju-strajk\/\",\"name\":\"Invalidi rada nastavljaju \u0161trajk\",\"isPartOf\":{\"@id\":\"https:\/\/sandzakpress.net\/arhiva\/#website\"},\"primaryImageOfPage\":{\"@id\":\"https:\/\/sandzakpress.net\/arhiva\/invalidi-rada-nastavljaju-strajk\/#primaryimage\"},\"image\":{\"@id\":\"https:\/\/sandzakpress.net\/arhiva\/invalidi-rada-nastavljaju-strajk\/#primaryimage\"},\"thumbnailUrl\":\"https:\/\/sandzakpress.net\/arhiva\/wp-content\/uploads\/2014\/03\/invalidi-rada-nastavljaju-strajk-slika-362107.jpg\",\"datePublished\":\"2014-03-27T19:59:15+00:00\",\"breadcrumb\":{\"@id\":\"https:\/\/sandzakpress.net\/arhiva\/invalidi-rada-nastavljaju-strajk\/#breadcrumb\"},\"inLanguage\":\"bs-BA\",\"potentialAction\":[{\"@type\":\"ReadAction\",\"target\":[\"https:\/\/sandzakpress.net\/arhiva\/invalidi-rada-nastavljaju-strajk\/\"]}]},{\"@type\":\"ImageObject\",\"inLanguage\":\"bs-BA\",\"@id\":\"https:\/\/sandzakpress.net\/arhiva\/invalidi-rada-nastavljaju-strajk\/#primaryimage\",\"url\":\"https:\/\/sandzakpress.net\/arhiva\/wp-content\/uploads\/2014\/03\/invalidi-rada-nastavljaju-strajk-slika-362107.jpg\",\"contentUrl\":\"https:\/\/sandzakpress.net\/arhiva\/wp-content\/uploads\/2014\/03\/invalidi-rada-nastavljaju-strajk-slika-362107.jpg\",\"width\":519,\"height\":316},{\"@type\":\"BreadcrumbList\",\"@id\":\"https:\/\/sandzakpress.net\/arhiva\/invalidi-rada-nastavljaju-strajk\/#breadcrumb\",\"itemListElement\":[{\"@type\":\"ListItem\",\"position\":1,\"name\":\"Home\",\"item\":\"https:\/\/sandzakpress.net\/arhiva\/\"},{\"@type\":\"ListItem\",\"position\":2,\"name\":\"Invalidi rada nastavljaju \u0161trajk\"}]},{\"@type\":\"WebSite\",\"@id\":\"https:\/\/sandzakpress.net\/arhiva\/#website\",\"url\":\"https:\/\/sandzakpress.net\/arhiva\/\",\"name\":\"Sand\u017eak PRESS\",\"description\":\"Prve elektronske novine u Sand\u017eaku\",\"publisher\":{\"@id\":\"https:\/\/sandzakpress.net\/arhiva\/#\/schema\/person\/6e72b67d6e51910a1117b3b483ba20bd\"},\"potentialAction\":[{\"@type\":\"SearchAction\",\"target\":{\"@type\":\"EntryPoint\",\"urlTemplate\":\"https:\/\/sandzakpress.net\/arhiva\/?s={search_term_string}\"},\"query-input\":{\"@type\":\"PropertyValueSpecification\",\"valueRequired\":true,\"valueName\":\"search_term_string\"}}],\"inLanguage\":\"bs-BA\"},{\"@type\":[\"Person\",\"Organization\"],\"@id\":\"https:\/\/sandzakpress.net\/arhiva\/#\/schema\/person\/6e72b67d6e51910a1117b3b483ba20bd\",\"name\":\"Kul\",\"image\":{\"@type\":\"ImageObject\",\"inLanguage\":\"bs-BA\",\"@id\":\"https:\/\/sandzakpress.net\/arhiva\/#\/schema\/person\/image\/\",\"url\":\"https:\/\/secure.gravatar.com\/avatar\/42263f39aa27ac04c43cab85c280eb2e?s=96&d=mm&r=pg\",\"contentUrl\":\"https:\/\/secure.gravatar.com\/avatar\/42263f39aa27ac04c43cab85c280eb2e?s=96&d=mm&r=pg\",\"caption\":\"Kul\"},\"logo\":{\"@id\":\"https:\/\/sandzakpress.net\/arhiva\/#\/schema\/person\/image\/\"}},{\"@type\":\"Person\",\"@id\":\"https:\/\/sandzakpress.net\/arhiva\/#\/schema\/person\/c8baee722073534b583ea7bdb2e36c02\",\"name\":\"bosniak\",\"image\":{\"@type\":\"ImageObject\",\"inLanguage\":\"bs-BA\",\"@id\":\"https:\/\/sandzakpress.net\/arhiva\/#\/schema\/person\/image\/\",\"url\":\"https:\/\/secure.gravatar.com\/avatar\/a04fd330bfe3a36a72a0ad4a6d89fca7?s=96&d=mm&r=pg\",\"contentUrl\":\"https:\/\/secure.gravatar.com\/avatar\/a04fd330bfe3a36a72a0ad4a6d89fca7?s=96&d=mm&r=pg\",\"caption\":\"bosniak\"},\"url\":\"https:\/\/sandzakpress.net\/arhiva\/author\/bosniak\/\"}]}<\/script>\n<!-- \/ Yoast SEO Premium plugin. -->","yoast_head_json":{"title":"Invalidi rada nastavljaju \u0161trajk","robots":{"index":"index","follow":"follow","max-snippet":"max-snippet:-1","max-image-preview":"max-image-preview:large","max-video-preview":"max-video-preview:-1"},"canonical":"https:\/\/sandzakpress.net\/arhiva\/invalidi-rada-nastavljaju-strajk\/","og_locale":"bs_BA","og_type":"article","og_title":"Invalidi rada nastavljaju \u0161trajk","og_description":"Bijelo Polje &#8211;\u00a0Nakon sastanka u Podogici, invalidi rada sjevernih opt\u0161ina odlu\u010dili su ve\u010deras da \u0161trajk sa Ribarevina, kod Bijelog Polja nastave u prostorijama udru\u017eenja, do kraja vikenda. \u201eNema zamrzavanja \u0161trajka, protestvova\u0107emo danono\u0107no do kraja vikenda,\u201c kazao je predsjednik Udru\u017eenja invalida Bijelo Polje Lazar Kne\u017eevi\u0107. \u201eTada \u0107emo zajedno sa odborom zdravstva rada i socijalnog staranja i [&hellip;]","og_url":"https:\/\/sandzakpress.net\/arhiva\/invalidi-rada-nastavljaju-strajk\/","og_site_name":"Sand\u017eak PRESS","article_published_time":"2014-03-27T19:59:15+00:00","og_image":[{"width":519,"height":316,"url":"https:\/\/sandzakpress.net\/arhiva\/wp-content\/uploads\/2014\/03\/invalidi-rada-nastavljaju-strajk-slika-362107.jpg","type":"image\/jpeg"}],"author":"bosniak","twitter_card":"summary_large_image","twitter_misc":{"Written by":"bosniak","Est. reading time":"1 minuta"},"schema":{"@context":"https:\/\/schema.org","@graph":[{"@type":"Article","@id":"https:\/\/sandzakpress.net\/arhiva\/invalidi-rada-nastavljaju-strajk\/#article","isPartOf":{"@id":"https:\/\/sandzakpress.net\/arhiva\/invalidi-rada-nastavljaju-strajk\/"},"author":{"name":"bosniak","@id":"https:\/\/sandzakpress.net\/arhiva\/#\/schema\/person\/c8baee722073534b583ea7bdb2e36c02"},"headline":"Invalidi rada nastavljaju \u0161trajk","datePublished":"2014-03-27T19:59:15+00:00","mainEntityOfPage":{"@id":"https:\/\/sandzakpress.net\/arhiva\/invalidi-rada-nastavljaju-strajk\/"},"wordCount":153,"commentCount":0,"publisher":{"@id":"https:\/\/sandzakpress.net\/arhiva\/#\/schema\/person\/6e72b67d6e51910a1117b3b483ba20bd"},"image":{"@id":"https:\/\/sandzakpress.net\/arhiva\/invalidi-rada-nastavljaju-strajk\/#primaryimage"},"thumbnailUrl":"https:\/\/sandzakpress.net\/arhiva\/wp-content\/uploads\/2014\/03\/invalidi-rada-nastavljaju-strajk-slika-362107.jpg","articleSection":["Bijelo Polje","Dru\u0161tvo"],"inLanguage":"bs-BA","potentialAction":[{"@type":"CommentAction","name":"Comment","target":["https:\/\/sandzakpress.net\/arhiva\/invalidi-rada-nastavljaju-strajk\/#respond"]}]},{"@type":"WebPage","@id":"https:\/\/sandzakpress.net\/arhiva\/invalidi-rada-nastavljaju-strajk\/","url":"https:\/\/sandzakpress.net\/arhiva\/invalidi-rada-nastavljaju-strajk\/","name":"Invalidi rada nastavljaju \u0161trajk","isPartOf":{"@id":"https:\/\/sandzakpress.net\/arhiva\/#website"},"primaryImageOfPage":{"@id":"https:\/\/sandzakpress.net\/arhiva\/invalidi-rada-nastavljaju-strajk\/#primaryimage"},"image":{"@id":"https:\/\/sandzakpress.net\/arhiva\/invalidi-rada-nastavljaju-strajk\/#primaryimage"},"thumbnailUrl":"https:\/\/sandzakpress.net\/arhiva\/wp-content\/uploads\/2014\/03\/invalidi-rada-nastavljaju-strajk-slika-362107.jpg","datePublished":"2014-03-27T19:59:15+00:00","breadcrumb":{"@id":"https:\/\/sandzakpress.net\/arhiva\/invalidi-rada-nastavljaju-strajk\/#breadcrumb"},"inLanguage":"bs-BA","potentialAction":[{"@type":"ReadAction","target":["https:\/\/sandzakpress.net\/arhiva\/invalidi-rada-nastavljaju-strajk\/"]}]},{"@type":"ImageObject","inLanguage":"bs-BA","@id":"https:\/\/sandzakpress.net\/arhiva\/invalidi-rada-nastavljaju-strajk\/#primaryimage","url":"https:\/\/sandzakpress.net\/arhiva\/wp-content\/uploads\/2014\/03\/invalidi-rada-nastavljaju-strajk-slika-362107.jpg","contentUrl":"https:\/\/sandzakpress.net\/arhiva\/wp-content\/uploads\/2014\/03\/invalidi-rada-nastavljaju-strajk-slika-362107.jpg","width":519,"height":316},{"@type":"BreadcrumbList","@id":"https:\/\/sandzakpress.net\/arhiva\/invalidi-rada-nastavljaju-strajk\/#breadcrumb","itemListElement":[{"@type":"ListItem","position":1,"name":"Home","item":"https:\/\/sandzakpress.net\/arhiva\/"},{"@type":"ListItem","position":2,"name":"Invalidi rada nastavljaju \u0161trajk"}]},{"@type":"WebSite","@id":"https:\/\/sandzakpress.net\/arhiva\/#website","url":"https:\/\/sandzakpress.net\/arhiva\/","name":"Sand\u017eak PRESS","description":"Prve elektronske novine u Sand\u017eaku","publisher":{"@id":"https:\/\/sandzakpress.net\/arhiva\/#\/schema\/person\/6e72b67d6e51910a1117b3b483ba20bd"},"potentialAction":[{"@type":"SearchAction","target":{"@type":"EntryPoint","urlTemplate":"https:\/\/sandzakpress.net\/arhiva\/?s={search_term_string}"},"query-input":{"@type":"PropertyValueSpecification","valueRequired":true,"valueName":"search_term_string"}}],"inLanguage":"bs-BA"},{"@type":["Person","Organization"],"@id":"https:\/\/sandzakpress.net\/arhiva\/#\/schema\/person\/6e72b67d6e51910a1117b3b483ba20bd","name":"Kul","image":{"@type":"ImageObject","inLanguage":"bs-BA","@id":"https:\/\/sandzakpress.net\/arhiva\/#\/schema\/person\/image\/","url":"https:\/\/secure.gravatar.com\/avatar\/42263f39aa27ac04c43cab85c280eb2e?s=96&d=mm&r=pg","contentUrl":"https:\/\/secure.gravatar.com\/avatar\/42263f39aa27ac04c43cab85c280eb2e?s=96&d=mm&r=pg","caption":"Kul"},"logo":{"@id":"https:\/\/sandzakpress.net\/arhiva\/#\/schema\/person\/image\/"}},{"@type":"Person","@id":"https:\/\/sandzakpress.net\/arhiva\/#\/schema\/person\/c8baee722073534b583ea7bdb2e36c02","name":"bosniak","image":{"@type":"ImageObject","inLanguage":"bs-BA","@id":"https:\/\/sandzakpress.net\/arhiva\/#\/schema\/person\/image\/","url":"https:\/\/secure.gravatar.com\/avatar\/a04fd330bfe3a36a72a0ad4a6d89fca7?s=96&d=mm&r=pg","contentUrl":"https:\/\/secure.gravatar.com\/avatar\/a04fd330bfe3a36a72a0ad4a6d89fca7?s=96&d=mm&r=pg","caption":"bosniak"},"url":"https:\/\/sandzakpress.net\/arhiva\/author\/bosniak\/"}]}},"_links":{"self":[{"href":"https:\/\/sandzakpress.net\/arhiva\/wp-json\/wp\/v2\/posts\/103628"}],"collection":[{"href":"https:\/\/sandzakpress.net\/arhiva\/wp-json\/wp\/v2\/posts"}],"about":[{"href":"https:\/\/sandzakpress.net\/arhiva\/wp-json\/wp\/v2\/types\/post"}],"author":[{"embeddable":true,"href":"https:\/\/sandzakpress.net\/arhiva\/wp-json\/wp\/v2\/users\/83"}],"replies":[{"embeddable":true,"href":"https:\/\/sandzakpress.net\/arhiva\/wp-json\/wp\/v2\/comments?post=103628"}],"version-history":[{"count":0,"href":"https:\/\/sandzakpress.net\/arhiva\/wp-json\/wp\/v2\/posts\/103628\/revisions"}],"wp:featuredmedia":[{"embeddable":true,"href":"https:\/\/sandzakpress.net\/arhiva\/wp-json\/wp\/v2\/media\/103629"}],"wp:attachment":[{"href":"https:\/\/sandzakpress.net\/arhiva\/wp-json\/wp\/v2\/media?parent=103628"}],"wp:term":[{"taxonomy":"category","embeddable":true,"href":"https:\/\/sandzakpress.net\/arhiva\/wp-json\/wp\/v2\/categories?post=103628"},{"taxonomy":"post_tag","embeddable":true,"href":"https:\/\/sandzakpress.net\/arhiva\/wp-json\/wp\/v2\/tags?post=103628"}],"curies":[{"name":"wp","href":"https:\/\/api.w.org\/{rel}","templated":true}]}}