{"id":103607,"date":"2014-03-27T19:56:40","date_gmt":"2014-03-27T18:56:40","guid":{"rendered":"https:\/\/sandzakpress.net\/arhiva\/?p=103607"},"modified":"2014-03-27T19:56:40","modified_gmt":"2014-03-27T18:56:40","slug":"uskoro-zavrsetak-demarkacije-granice-crne-gore-i-kosova","status":"publish","type":"post","link":"https:\/\/sandzakpress.net\/arhiva\/uskoro-zavrsetak-demarkacije-granice-crne-gore-i-kosova\/","title":{"rendered":"Uskoro zavr\u0161etak demarkacije granice Crne Gore i Kosova"},"content":{"rendered":"<p><img loading=\"lazy\" decoding=\"async\" class=\"alignleft\" style=\"font-size: 14px; line-height: 1.5em; -webkit-user-select: none;\" alt=\"\" src=\"http:\/\/i.factmonster.com\/images\/kosovomap-2010.gif\" width=\"300\" height=\"225\" \/><strong>Crna Gora, Kosovo &#8211;\u00a0Ministri unutra\u0161njih poslova Crne Gore i Kosova, Ra\u0161ko Konjevi\u0107 i Bajram Red\u017eepi, najavili su danas u Pri\u0161tini zavr\u0161etak demarkacije zajedni\u010dke granice i potpisali set sporazuma i protokola koji se odnose za grani\u010dne prijelaze.<\/strong><\/p>\n<p>Konjevi\u0107 i Red\u017eepi su razgovarali o statusu Crnogoraca na Kosovu i pobolj\u0161anju njihovog polo\u017eaja, saop\u0161teno je nakon razgovora iz Ministarstva unutra\u0161njih poslova Crne Gore (MUP).<\/p>\n<p>U tom smislu ministar policije Kosova saop\u0161tio je da se uskoro o\u010dekuje usvajanje izmena ustava kojim \u0107e Crnogorcima biti priznat status manjine na Kosovu, a \u0161to je uslov Podgorice za razmenu ambasadora.<\/p>\n<p>Konjevi\u0107 i Red\u017eepi su ocijenili da je policijska saradnja &#8220;na visokom nivou&#8221; i dogovorili njeno dalje ja\u010danje.<\/p>\n<p>Crnogorski ministar unutra\u0161njih poslova Ra\u0161ko Konjevi\u0107 je ukazao na zna\u010daj &#8220;bezbednosti granica&#8221; i u vezi sa tim je dogovoreno formiranje trilateralnog centra za nadzor granice sa sjedi\u0161tem u Plavu, u Crnoj Gori.<\/p>\n<p>Potpisani su i sporazumi o policijskoj saradnji Crne Gore i Kosova, o otvaranju dva nova grani\u010dna prelaza, regulisanju re\u017eima pograni\u010dnog saobra\u0107aja, te protokol o zajedni\u010dkim patrolama na dr\u017eavnoj granici.<\/p>\n<p>Planirano je otvaranje grani\u010dnog prelaza Kotlovi-Ku\u0107i\u0161te, koji se ve\u017ee za saobra\u0107ajnicu Murino-Ccakor-Pe\u0107, te grani\u010dnog prelaza Kula-Savine vode, za saobra\u0107ajnicu Ro\u017eaje-Kula-Pe\u0107, saop\u0161teno je nakon razgovora dva ministra.<\/p>\n<p>Dogovoreno je i anga\u017eovanje kosovskih policajaca u Ulcinju tokom ljetnje, turisti\u010dke sezone. U tom najju\u017enijem crnogorskom gradu tradicionalno ljetuje veliki broj turista sa Kosova.<\/p>\n<p>Konjevi\u0107 se u Pri\u0161tini sastao i sa ministrima spoljnih poslova i bezbednosti, Enverom Hodzajem i Agimom \u010cekuom.<\/p>\n<p>(blic)<\/p>\n","protected":false},"excerpt":{"rendered":"<p>Crna Gora, Kosovo &#8211;\u00a0Ministri unutra\u0161njih poslova Crne Gore i Kosova, Ra\u0161ko Konjevi\u0107 i Bajram Red\u017eepi, najavili su danas u Pri\u0161tini zavr\u0161etak demarkacije zajedni\u010dke granice i potpisali set sporazuma i protokola koji se odnose za grani\u010dne prijelaze. Konjevi\u0107 i Red\u017eepi su razgovarali o statusu Crnogoraca na Kosovu i pobolj\u0161anju njihovog polo\u017eaja, saop\u0161teno je nakon razgovora iz [&hellip;]<\/p>\n","protected":false},"author":83,"featured_media":103610,"comment_status":"open","ping_status":"open","sticky":false,"template":"","format":"standard","meta":{"footnotes":""},"categories":[1,2690,10308],"tags":[],"class_list":{"0":"post-103607","1":"post","2":"type-post","3":"status-publish","4":"format-standard","5":"has-post-thumbnail","7":"category-politika","8":"category-kosovo-gradovi","9":"category-crna-gora"},"yoast_head":"<!-- This site is optimized with the Yoast SEO Premium plugin v23.1 (Yoast SEO v24.9) - https:\/\/yoast.com\/wordpress\/plugins\/seo\/ -->\n<title>Uskoro zavr\u0161etak demarkacije granice Crne Gore i Kosova<\/title>\n<meta name=\"robots\" content=\"index, follow, max-snippet:-1, max-image-preview:large, max-video-preview:-1\" \/>\n<link rel=\"canonical\" href=\"https:\/\/sandzakpress.net\/arhiva\/uskoro-zavrsetak-demarkacije-granice-crne-gore-i-kosova\/\" \/>\n<meta property=\"og:locale\" content=\"bs_BA\" \/>\n<meta property=\"og:type\" content=\"article\" \/>\n<meta property=\"og:title\" content=\"Uskoro zavr\u0161etak demarkacije granice Crne Gore i Kosova\" \/>\n<meta property=\"og:description\" content=\"Crna Gora, Kosovo &#8211;\u00a0Ministri unutra\u0161njih poslova Crne Gore i Kosova, Ra\u0161ko Konjevi\u0107 i Bajram Red\u017eepi, najavili su danas u Pri\u0161tini zavr\u0161etak demarkacije zajedni\u010dke granice i potpisali set sporazuma i protokola koji se odnose za grani\u010dne prijelaze. Konjevi\u0107 i Red\u017eepi su razgovarali o statusu Crnogoraca na Kosovu i pobolj\u0161anju njihovog polo\u017eaja, saop\u0161teno je nakon razgovora iz [&hellip;]\" \/>\n<meta property=\"og:url\" content=\"https:\/\/sandzakpress.net\/arhiva\/uskoro-zavrsetak-demarkacije-granice-crne-gore-i-kosova\/\" \/>\n<meta property=\"og:site_name\" content=\"Sand\u017eak PRESS\" \/>\n<meta property=\"article:published_time\" content=\"2014-03-27T18:56:40+00:00\" \/>\n<meta property=\"og:image\" content=\"https:\/\/sandzakpress.net\/arhiva\/wp-content\/uploads\/2014\/03\/kosovomap-2010.gif\" \/>\n\t<meta property=\"og:image:width\" content=\"713\" \/>\n\t<meta property=\"og:image:height\" content=\"535\" \/>\n\t<meta property=\"og:image:type\" content=\"image\/gif\" \/>\n<meta name=\"author\" content=\"bosniak\" \/>\n<meta name=\"twitter:card\" content=\"summary_large_image\" \/>\n<meta name=\"twitter:label1\" content=\"Written by\" \/>\n\t<meta name=\"twitter:data1\" content=\"bosniak\" \/>\n\t<meta name=\"twitter:label2\" content=\"Est. reading time\" \/>\n\t<meta name=\"twitter:data2\" content=\"1 minuta\" \/>\n<script type=\"application\/ld+json\" class=\"yoast-schema-graph\">{\"@context\":\"https:\/\/schema.org\",\"@graph\":[{\"@type\":\"Article\",\"@id\":\"https:\/\/sandzakpress.net\/arhiva\/uskoro-zavrsetak-demarkacije-granice-crne-gore-i-kosova\/#article\",\"isPartOf\":{\"@id\":\"https:\/\/sandzakpress.net\/arhiva\/uskoro-zavrsetak-demarkacije-granice-crne-gore-i-kosova\/\"},\"author\":{\"name\":\"bosniak\",\"@id\":\"https:\/\/sandzakpress.net\/arhiva\/#\/schema\/person\/c8baee722073534b583ea7bdb2e36c02\"},\"headline\":\"Uskoro zavr\u0161etak demarkacije granice Crne Gore i Kosova\",\"datePublished\":\"2014-03-27T18:56:40+00:00\",\"mainEntityOfPage\":{\"@id\":\"https:\/\/sandzakpress.net\/arhiva\/uskoro-zavrsetak-demarkacije-granice-crne-gore-i-kosova\/\"},\"wordCount\":288,\"commentCount\":0,\"publisher\":{\"@id\":\"https:\/\/sandzakpress.net\/arhiva\/#\/schema\/person\/6e72b67d6e51910a1117b3b483ba20bd\"},\"image\":{\"@id\":\"https:\/\/sandzakpress.net\/arhiva\/uskoro-zavrsetak-demarkacije-granice-crne-gore-i-kosova\/#primaryimage\"},\"thumbnailUrl\":\"https:\/\/sandzakpress.net\/arhiva\/wp-content\/uploads\/2014\/03\/kosovomap-2010.gif\",\"articleSection\":[\"Politika\",\"Kosovo\",\"Crna Gora\"],\"inLanguage\":\"bs-BA\",\"potentialAction\":[{\"@type\":\"CommentAction\",\"name\":\"Comment\",\"target\":[\"https:\/\/sandzakpress.net\/arhiva\/uskoro-zavrsetak-demarkacije-granice-crne-gore-i-kosova\/#respond\"]}]},{\"@type\":\"WebPage\",\"@id\":\"https:\/\/sandzakpress.net\/arhiva\/uskoro-zavrsetak-demarkacije-granice-crne-gore-i-kosova\/\",\"url\":\"https:\/\/sandzakpress.net\/arhiva\/uskoro-zavrsetak-demarkacije-granice-crne-gore-i-kosova\/\",\"name\":\"Uskoro zavr\u0161etak demarkacije granice Crne Gore i Kosova\",\"isPartOf\":{\"@id\":\"https:\/\/sandzakpress.net\/arhiva\/#website\"},\"primaryImageOfPage\":{\"@id\":\"https:\/\/sandzakpress.net\/arhiva\/uskoro-zavrsetak-demarkacije-granice-crne-gore-i-kosova\/#primaryimage\"},\"image\":{\"@id\":\"https:\/\/sandzakpress.net\/arhiva\/uskoro-zavrsetak-demarkacije-granice-crne-gore-i-kosova\/#primaryimage\"},\"thumbnailUrl\":\"https:\/\/sandzakpress.net\/arhiva\/wp-content\/uploads\/2014\/03\/kosovomap-2010.gif\",\"datePublished\":\"2014-03-27T18:56:40+00:00\",\"breadcrumb\":{\"@id\":\"https:\/\/sandzakpress.net\/arhiva\/uskoro-zavrsetak-demarkacije-granice-crne-gore-i-kosova\/#breadcrumb\"},\"inLanguage\":\"bs-BA\",\"potentialAction\":[{\"@type\":\"ReadAction\",\"target\":[\"https:\/\/sandzakpress.net\/arhiva\/uskoro-zavrsetak-demarkacije-granice-crne-gore-i-kosova\/\"]}]},{\"@type\":\"ImageObject\",\"inLanguage\":\"bs-BA\",\"@id\":\"https:\/\/sandzakpress.net\/arhiva\/uskoro-zavrsetak-demarkacije-granice-crne-gore-i-kosova\/#primaryimage\",\"url\":\"https:\/\/sandzakpress.net\/arhiva\/wp-content\/uploads\/2014\/03\/kosovomap-2010.gif\",\"contentUrl\":\"https:\/\/sandzakpress.net\/arhiva\/wp-content\/uploads\/2014\/03\/kosovomap-2010.gif\",\"width\":713,\"height\":535},{\"@type\":\"BreadcrumbList\",\"@id\":\"https:\/\/sandzakpress.net\/arhiva\/uskoro-zavrsetak-demarkacije-granice-crne-gore-i-kosova\/#breadcrumb\",\"itemListElement\":[{\"@type\":\"ListItem\",\"position\":1,\"name\":\"Home\",\"item\":\"https:\/\/sandzakpress.net\/arhiva\/\"},{\"@type\":\"ListItem\",\"position\":2,\"name\":\"Uskoro zavr\u0161etak demarkacije granice Crne Gore i Kosova\"}]},{\"@type\":\"WebSite\",\"@id\":\"https:\/\/sandzakpress.net\/arhiva\/#website\",\"url\":\"https:\/\/sandzakpress.net\/arhiva\/\",\"name\":\"Sand\u017eak PRESS\",\"description\":\"Prve elektronske novine u Sand\u017eaku\",\"publisher\":{\"@id\":\"https:\/\/sandzakpress.net\/arhiva\/#\/schema\/person\/6e72b67d6e51910a1117b3b483ba20bd\"},\"potentialAction\":[{\"@type\":\"SearchAction\",\"target\":{\"@type\":\"EntryPoint\",\"urlTemplate\":\"https:\/\/sandzakpress.net\/arhiva\/?s={search_term_string}\"},\"query-input\":{\"@type\":\"PropertyValueSpecification\",\"valueRequired\":true,\"valueName\":\"search_term_string\"}}],\"inLanguage\":\"bs-BA\"},{\"@type\":[\"Person\",\"Organization\"],\"@id\":\"https:\/\/sandzakpress.net\/arhiva\/#\/schema\/person\/6e72b67d6e51910a1117b3b483ba20bd\",\"name\":\"Kul\",\"image\":{\"@type\":\"ImageObject\",\"inLanguage\":\"bs-BA\",\"@id\":\"https:\/\/sandzakpress.net\/arhiva\/#\/schema\/person\/image\/\",\"url\":\"https:\/\/secure.gravatar.com\/avatar\/42263f39aa27ac04c43cab85c280eb2e?s=96&d=mm&r=pg\",\"contentUrl\":\"https:\/\/secure.gravatar.com\/avatar\/42263f39aa27ac04c43cab85c280eb2e?s=96&d=mm&r=pg\",\"caption\":\"Kul\"},\"logo\":{\"@id\":\"https:\/\/sandzakpress.net\/arhiva\/#\/schema\/person\/image\/\"}},{\"@type\":\"Person\",\"@id\":\"https:\/\/sandzakpress.net\/arhiva\/#\/schema\/person\/c8baee722073534b583ea7bdb2e36c02\",\"name\":\"bosniak\",\"image\":{\"@type\":\"ImageObject\",\"inLanguage\":\"bs-BA\",\"@id\":\"https:\/\/sandzakpress.net\/arhiva\/#\/schema\/person\/image\/\",\"url\":\"https:\/\/secure.gravatar.com\/avatar\/a04fd330bfe3a36a72a0ad4a6d89fca7?s=96&d=mm&r=pg\",\"contentUrl\":\"https:\/\/secure.gravatar.com\/avatar\/a04fd330bfe3a36a72a0ad4a6d89fca7?s=96&d=mm&r=pg\",\"caption\":\"bosniak\"},\"url\":\"https:\/\/sandzakpress.net\/arhiva\/author\/bosniak\/\"}]}<\/script>\n<!-- \/ Yoast SEO Premium plugin. -->","yoast_head_json":{"title":"Uskoro zavr\u0161etak demarkacije granice Crne Gore i Kosova","robots":{"index":"index","follow":"follow","max-snippet":"max-snippet:-1","max-image-preview":"max-image-preview:large","max-video-preview":"max-video-preview:-1"},"canonical":"https:\/\/sandzakpress.net\/arhiva\/uskoro-zavrsetak-demarkacije-granice-crne-gore-i-kosova\/","og_locale":"bs_BA","og_type":"article","og_title":"Uskoro zavr\u0161etak demarkacije granice Crne Gore i Kosova","og_description":"Crna Gora, Kosovo &#8211;\u00a0Ministri unutra\u0161njih poslova Crne Gore i Kosova, Ra\u0161ko Konjevi\u0107 i Bajram Red\u017eepi, najavili su danas u Pri\u0161tini zavr\u0161etak demarkacije zajedni\u010dke granice i potpisali set sporazuma i protokola koji se odnose za grani\u010dne prijelaze. Konjevi\u0107 i Red\u017eepi su razgovarali o statusu Crnogoraca na Kosovu i pobolj\u0161anju njihovog polo\u017eaja, saop\u0161teno je nakon razgovora iz [&hellip;]","og_url":"https:\/\/sandzakpress.net\/arhiva\/uskoro-zavrsetak-demarkacije-granice-crne-gore-i-kosova\/","og_site_name":"Sand\u017eak PRESS","article_published_time":"2014-03-27T18:56:40+00:00","og_image":[{"width":713,"height":535,"url":"https:\/\/sandzakpress.net\/arhiva\/wp-content\/uploads\/2014\/03\/kosovomap-2010.gif","type":"image\/gif"}],"author":"bosniak","twitter_card":"summary_large_image","twitter_misc":{"Written by":"bosniak","Est. reading time":"1 minuta"},"schema":{"@context":"https:\/\/schema.org","@graph":[{"@type":"Article","@id":"https:\/\/sandzakpress.net\/arhiva\/uskoro-zavrsetak-demarkacije-granice-crne-gore-i-kosova\/#article","isPartOf":{"@id":"https:\/\/sandzakpress.net\/arhiva\/uskoro-zavrsetak-demarkacije-granice-crne-gore-i-kosova\/"},"author":{"name":"bosniak","@id":"https:\/\/sandzakpress.net\/arhiva\/#\/schema\/person\/c8baee722073534b583ea7bdb2e36c02"},"headline":"Uskoro zavr\u0161etak demarkacije granice Crne Gore i Kosova","datePublished":"2014-03-27T18:56:40+00:00","mainEntityOfPage":{"@id":"https:\/\/sandzakpress.net\/arhiva\/uskoro-zavrsetak-demarkacije-granice-crne-gore-i-kosova\/"},"wordCount":288,"commentCount":0,"publisher":{"@id":"https:\/\/sandzakpress.net\/arhiva\/#\/schema\/person\/6e72b67d6e51910a1117b3b483ba20bd"},"image":{"@id":"https:\/\/sandzakpress.net\/arhiva\/uskoro-zavrsetak-demarkacije-granice-crne-gore-i-kosova\/#primaryimage"},"thumbnailUrl":"https:\/\/sandzakpress.net\/arhiva\/wp-content\/uploads\/2014\/03\/kosovomap-2010.gif","articleSection":["Politika","Kosovo","Crna Gora"],"inLanguage":"bs-BA","potentialAction":[{"@type":"CommentAction","name":"Comment","target":["https:\/\/sandzakpress.net\/arhiva\/uskoro-zavrsetak-demarkacije-granice-crne-gore-i-kosova\/#respond"]}]},{"@type":"WebPage","@id":"https:\/\/sandzakpress.net\/arhiva\/uskoro-zavrsetak-demarkacije-granice-crne-gore-i-kosova\/","url":"https:\/\/sandzakpress.net\/arhiva\/uskoro-zavrsetak-demarkacije-granice-crne-gore-i-kosova\/","name":"Uskoro zavr\u0161etak demarkacije granice Crne Gore i Kosova","isPartOf":{"@id":"https:\/\/sandzakpress.net\/arhiva\/#website"},"primaryImageOfPage":{"@id":"https:\/\/sandzakpress.net\/arhiva\/uskoro-zavrsetak-demarkacije-granice-crne-gore-i-kosova\/#primaryimage"},"image":{"@id":"https:\/\/sandzakpress.net\/arhiva\/uskoro-zavrsetak-demarkacije-granice-crne-gore-i-kosova\/#primaryimage"},"thumbnailUrl":"https:\/\/sandzakpress.net\/arhiva\/wp-content\/uploads\/2014\/03\/kosovomap-2010.gif","datePublished":"2014-03-27T18:56:40+00:00","breadcrumb":{"@id":"https:\/\/sandzakpress.net\/arhiva\/uskoro-zavrsetak-demarkacije-granice-crne-gore-i-kosova\/#breadcrumb"},"inLanguage":"bs-BA","potentialAction":[{"@type":"ReadAction","target":["https:\/\/sandzakpress.net\/arhiva\/uskoro-zavrsetak-demarkacije-granice-crne-gore-i-kosova\/"]}]},{"@type":"ImageObject","inLanguage":"bs-BA","@id":"https:\/\/sandzakpress.net\/arhiva\/uskoro-zavrsetak-demarkacije-granice-crne-gore-i-kosova\/#primaryimage","url":"https:\/\/sandzakpress.net\/arhiva\/wp-content\/uploads\/2014\/03\/kosovomap-2010.gif","contentUrl":"https:\/\/sandzakpress.net\/arhiva\/wp-content\/uploads\/2014\/03\/kosovomap-2010.gif","width":713,"height":535},{"@type":"BreadcrumbList","@id":"https:\/\/sandzakpress.net\/arhiva\/uskoro-zavrsetak-demarkacije-granice-crne-gore-i-kosova\/#breadcrumb","itemListElement":[{"@type":"ListItem","position":1,"name":"Home","item":"https:\/\/sandzakpress.net\/arhiva\/"},{"@type":"ListItem","position":2,"name":"Uskoro zavr\u0161etak demarkacije granice Crne Gore i Kosova"}]},{"@type":"WebSite","@id":"https:\/\/sandzakpress.net\/arhiva\/#website","url":"https:\/\/sandzakpress.net\/arhiva\/","name":"Sand\u017eak PRESS","description":"Prve elektronske novine u Sand\u017eaku","publisher":{"@id":"https:\/\/sandzakpress.net\/arhiva\/#\/schema\/person\/6e72b67d6e51910a1117b3b483ba20bd"},"potentialAction":[{"@type":"SearchAction","target":{"@type":"EntryPoint","urlTemplate":"https:\/\/sandzakpress.net\/arhiva\/?s={search_term_string}"},"query-input":{"@type":"PropertyValueSpecification","valueRequired":true,"valueName":"search_term_string"}}],"inLanguage":"bs-BA"},{"@type":["Person","Organization"],"@id":"https:\/\/sandzakpress.net\/arhiva\/#\/schema\/person\/6e72b67d6e51910a1117b3b483ba20bd","name":"Kul","image":{"@type":"ImageObject","inLanguage":"bs-BA","@id":"https:\/\/sandzakpress.net\/arhiva\/#\/schema\/person\/image\/","url":"https:\/\/secure.gravatar.com\/avatar\/42263f39aa27ac04c43cab85c280eb2e?s=96&d=mm&r=pg","contentUrl":"https:\/\/secure.gravatar.com\/avatar\/42263f39aa27ac04c43cab85c280eb2e?s=96&d=mm&r=pg","caption":"Kul"},"logo":{"@id":"https:\/\/sandzakpress.net\/arhiva\/#\/schema\/person\/image\/"}},{"@type":"Person","@id":"https:\/\/sandzakpress.net\/arhiva\/#\/schema\/person\/c8baee722073534b583ea7bdb2e36c02","name":"bosniak","image":{"@type":"ImageObject","inLanguage":"bs-BA","@id":"https:\/\/sandzakpress.net\/arhiva\/#\/schema\/person\/image\/","url":"https:\/\/secure.gravatar.com\/avatar\/a04fd330bfe3a36a72a0ad4a6d89fca7?s=96&d=mm&r=pg","contentUrl":"https:\/\/secure.gravatar.com\/avatar\/a04fd330bfe3a36a72a0ad4a6d89fca7?s=96&d=mm&r=pg","caption":"bosniak"},"url":"https:\/\/sandzakpress.net\/arhiva\/author\/bosniak\/"}]}},"_links":{"self":[{"href":"https:\/\/sandzakpress.net\/arhiva\/wp-json\/wp\/v2\/posts\/103607"}],"collection":[{"href":"https:\/\/sandzakpress.net\/arhiva\/wp-json\/wp\/v2\/posts"}],"about":[{"href":"https:\/\/sandzakpress.net\/arhiva\/wp-json\/wp\/v2\/types\/post"}],"author":[{"embeddable":true,"href":"https:\/\/sandzakpress.net\/arhiva\/wp-json\/wp\/v2\/users\/83"}],"replies":[{"embeddable":true,"href":"https:\/\/sandzakpress.net\/arhiva\/wp-json\/wp\/v2\/comments?post=103607"}],"version-history":[{"count":0,"href":"https:\/\/sandzakpress.net\/arhiva\/wp-json\/wp\/v2\/posts\/103607\/revisions"}],"wp:featuredmedia":[{"embeddable":true,"href":"https:\/\/sandzakpress.net\/arhiva\/wp-json\/wp\/v2\/media\/103610"}],"wp:attachment":[{"href":"https:\/\/sandzakpress.net\/arhiva\/wp-json\/wp\/v2\/media?parent=103607"}],"wp:term":[{"taxonomy":"category","embeddable":true,"href":"https:\/\/sandzakpress.net\/arhiva\/wp-json\/wp\/v2\/categories?post=103607"},{"taxonomy":"post_tag","embeddable":true,"href":"https:\/\/sandzakpress.net\/arhiva\/wp-json\/wp\/v2\/tags?post=103607"}],"curies":[{"name":"wp","href":"https:\/\/api.w.org\/{rel}","templated":true}]}}