{"id":103600,"date":"2014-03-27T15:53:23","date_gmt":"2014-03-27T14:53:23","guid":{"rendered":"https:\/\/sandzakpress.net\/arhiva\/?p=103600"},"modified":"2014-03-27T15:53:23","modified_gmt":"2014-03-27T14:53:23","slug":"dokazite-nam-da-smo-vasa-buducnost","status":"publish","type":"post","link":"https:\/\/sandzakpress.net\/arhiva\/dokazite-nam-da-smo-vasa-buducnost\/","title":{"rendered":"Doka\u017eite nam da smo va\u0161a budu\u0107nost"},"content":{"rendered":"<figure style=\"width: 308px\" class=\"wp-caption alignleft\"><img loading=\"lazy\" decoding=\"async\" style=\"font-size: 14px; line-height: 1.5em; border: 0px;\" alt=\"\" src=\"http:\/\/www.bosnjaci.net\/foto\/440_Bosnjacka_omladina_Mannheim_Odbor_bosnjacke_omladine.jpg\" width=\"308\" height=\"205\" border=\"0\" \/><figcaption class=\"wp-caption-text\">Odbor bo\u0161nja\u010dke omladine<\/figcaption><\/figure>\n<p style=\"text-align: left;\"><strong>Njema\u010dka &#8211;\u00a0U prostorijma bh. kluba \u201cLjiljani\u201c u Mannheimu (Njema\u010dka) odr\u017ean je sastanak bo\u0161nja\u010dke omladine za podru\u010dje medzlisa Frankfurt (pokrajina Hessen), a koji obuhvata 15 d\u017eemata. U\u010de\u0161\u0107e na ovom sastanku uzelo je vi\u0161e od 50 mladi\u0107a i djevojaka koji su do\u0161li iz susjednih gradova Wiesbadena, Offenbacha, Kelna, Frankfurta, kao i predstavnici d\u017eemata Mannheima. Mladim Bo\u0161njacima, a na kojima \u0107e jednom ostati sva odgovornost koju danas imaju i nose njihovi roditelji, prvi se obratio predsjednik IZBNJ Edin Atlagi\u0107, koji je rekao da je i sam djete gastarbajtera, ali koji je ro\u0111en u njema\u010dkom gradu Ulmu, tu odsrastao, \u0161kolovao&#8230;, a danas je mladi uspje\u0161ni poslovni \u010dovjek, koji je i dalje ostao aktivan u IZ, i koji zahvaljuju\u0107i svojim roditeljima nikada kao dijete nije zaboravio ko je, \u0161ta je i odakle su mu korijeni.<\/strong><\/p>\n<p>\u201eTada u to vrijeme a i kasnije, nije bilo d\u017eemata bio bi asimiliran u njema\u010dko dru\u0161tvo. Mektebska nastava ostavila je veliki trag u meni, ta nastava imala je veliku ulogu za igra\u0111ivanje moje li\u010dnosti. Sada smo mi tu da vas sve pove\u017eemo, da vas kroz 73 d\u017eemata u Njema\u010dkoj \u0161to vi\u0161e pribli\u017eimo jedni drugima. To \u0107e jednog dana biti od koristi svima nama, jer vi \u0107ete jednog dana preuzeti sve ono \u0161to danas \u010dine i rade va\u0161i roditelji. Vi ste nam veoma va\u017eni, na vama ostaje buducnost, obaveza je na\u0161a da vam pomognemo i da se pove\u017eete sa njema\u010dkim ustanovama i dru\u0161tvom, da gradite i gajite me\u0111ureligijske odnose i kontakte. Svi mi moramo da se trudimo da ispravimo krivu sliku o Islamu koju imaju Nijemci, da Islam nije ono \u0161to se predstavlja u medijima. Empatija je jako va\u017ena, to jest, jako je va\u017eno da razumijemo onog drugog. Musliman mora da bude empati\u010dan, uspje\u0161an i \u0161kolovan\u201c &#8211; rekao je izme\u0111u ostalog Atlagi\u0107 u svom obra\u0107anju.<br \/>\n<img loading=\"lazy\" decoding=\"async\" class=\"aligncenter\" style=\"border: 0px;\" alt=\"\" src=\"http:\/\/www.bosnjaci.net\/foto\/Bosnjacka_omladina_MannheimZajednicka_fotografija.jpg\" width=\"612\" height=\"408\" border=\"0\" \/><br \/>\nPoslije toga kratko su se obratili i mladi Bo\u0161njaci, prvi me\u0111u njima je bio Kenan Guti\u0107 iz d\u017eemata iz Kelna, koji je rekao da je omladina u njihovom d\u017eematu jako dobro organizirana, da se sastaju, dru\u017ee, prave zajedni\u010dke izlete, ali da im ipak treba neko ko \u0107e ih povezati na saveznom nivou.<br \/>\nAmina Kahrimanovi\u0107 je do\u0161la iz Frankfurta i rekla kako ona ne pripada ni jednom d\u017eematu, a u Frankfurtu ih ima najmanje sedam.<\/p>\n<p>\u201eNi sama ne znam u koji da odem, jer ni jedan izme\u0111u sebe nema dobru komunikaciju. Svi su na nekoj rivalskoj osnovi, nedostaje me\u0111usobne komunikacije, a nama mladima je to jedna veoma te\u0161ka i \u010dudna situacija. Pomozite nam da se pove\u017eemo\u201c &#8211; istakla je Amina.<\/p>\n<p>Ismail D\u017eini\u0107 iz d\u017eemata Wiesbaden je rekao da je veoma malo aktivne omladine u njihovom d\u017eematu, mada ih ima dovoljno, ali ne dolaze.<\/p>\n<p>Armin Me\u0161inovi\u0107 iz d\u017eemata Darmstadt je rekao kako odbor njihovog d\u017eemata ne shvata ozbiljno omladinu. Samo kad im treba sklanjati stolove i stolice onda su dobri, a kada oni trebaju pomo\u0107 od njih onda nemaju vremena za njih.<\/p>\n<p>\u201eDoka\u017eite nam da smo va\u0161a budu\u0107nost, a mi imamo i volje i \u017eelje i elana da dosta toga u\u010dinimo i pokrenemo\u201c &#8211; rekao je izme\u0111u ostalog Me\u0161inovi\u0107.<\/p>\n<p>Rifet Me\u0161inovi\u0107 koji je ispred Me\u0161ihata IZBNJ izabran za rad sa omladinom podr\u017eao je dana\u0161nji sastanak i obe\u0107ao mladima da \u0107e uvjek biti na raspolaganju za sve njihove ideje, ciljeve ali i rje\u0161avanja problema.<\/p>\n<p>Na ovom sastanku izabran je odbor Bo\u0161nja\u010dke omladine koji sa\u010dinjavaju Almasa Rami\u010devi\u0107, Ismail D\u017eini\u0107, Amina Kahrimanovi\u0107, Amina Haramba\u0161i\u0107, Harun Zlojo Emina \u0160aboti\u0107, Benjamin Mustafi\u0107 i Armin Me\u0161inovi\u0107 koji je izabran i za predsjednika Bo\u0161nja\u010dke omladine Medzlisa Frankfurt.<br \/>\nKoordinator i moderator sastanka bio je \u0160efvket Zuki\u0107, \u010dlan Glavnog odbora Me\u0161ihata IZBNJ i ministar omladine na nivou IZBNJ.<\/p>\n<p>Omladina je nakon dvo\u010dasovnog govornog dijela programa priredila i pripremila zajedni\u010dki ru\u010dak, a nakon toga uslijedilo je druzenje uz muziciranje popularnog Armina Muzaferiju.<\/p>\n<p>Benjamin Avdovi\u0107, Nedim Krpo, Ahmet, Emina i Ajla Zuki\u0107, Amina i Selma Mrkalj, Sabina Nurki\u0107\u2026 i mnogi drugi mladi Bo\u0161njaci bili su i vi\u0161e nego zadovoljni ovim sastankom, a i \u0161to tako i doma\u0107ini u prostorijama \u201eLjiljani\u201c Ishak ef. Ale\u0161evi\u0107 te Fatima i Eniz Mrkalj.<\/p>\n<p>(bosnjaci)<\/p>\n","protected":false},"excerpt":{"rendered":"<p>Njema\u010dka &#8211;\u00a0U prostorijma bh. kluba \u201cLjiljani\u201c u Mannheimu (Njema\u010dka) odr\u017ean je sastanak bo\u0161nja\u010dke omladine za podru\u010dje medzlisa Frankfurt (pokrajina Hessen), a koji obuhvata 15 d\u017eemata. U\u010de\u0161\u0107e na ovom sastanku uzelo je vi\u0161e od 50 mladi\u0107a i djevojaka koji su do\u0161li iz susjednih gradova Wiesbadena, Offenbacha, Kelna, Frankfurta, kao i predstavnici d\u017eemata Mannheima. Mladim Bo\u0161njacima, a [&hellip;]<\/p>\n","protected":false},"author":83,"featured_media":103602,"comment_status":"open","ping_status":"open","sticky":false,"template":"","format":"standard","meta":{"footnotes":""},"categories":[800,9538],"tags":[],"class_list":{"0":"post-103600","1":"post","2":"type-post","3":"status-publish","4":"format-standard","5":"has-post-thumbnail","7":"category-nacija","8":"category-njemacka-dijaspora-gradovi-vase-vijesti"},"yoast_head":"<!-- This site is optimized with the Yoast SEO Premium plugin v23.1 (Yoast SEO v24.9) - https:\/\/yoast.com\/wordpress\/plugins\/seo\/ -->\n<title>Doka\u017eite nam da smo va\u0161a budu\u0107nost<\/title>\n<meta name=\"robots\" content=\"index, follow, max-snippet:-1, max-image-preview:large, max-video-preview:-1\" \/>\n<link rel=\"canonical\" href=\"https:\/\/sandzakpress.net\/arhiva\/dokazite-nam-da-smo-vasa-buducnost\/\" \/>\n<meta property=\"og:locale\" content=\"bs_BA\" \/>\n<meta property=\"og:type\" content=\"article\" \/>\n<meta property=\"og:title\" content=\"Doka\u017eite nam da smo va\u0161a budu\u0107nost\" \/>\n<meta property=\"og:description\" content=\"Njema\u010dka &#8211;\u00a0U prostorijma bh. kluba \u201cLjiljani\u201c u Mannheimu (Njema\u010dka) odr\u017ean je sastanak bo\u0161nja\u010dke omladine za podru\u010dje medzlisa Frankfurt (pokrajina Hessen), a koji obuhvata 15 d\u017eemata. U\u010de\u0161\u0107e na ovom sastanku uzelo je vi\u0161e od 50 mladi\u0107a i djevojaka koji su do\u0161li iz susjednih gradova Wiesbadena, Offenbacha, Kelna, Frankfurta, kao i predstavnici d\u017eemata Mannheima. Mladim Bo\u0161njacima, a [&hellip;]\" \/>\n<meta property=\"og:url\" content=\"https:\/\/sandzakpress.net\/arhiva\/dokazite-nam-da-smo-vasa-buducnost\/\" \/>\n<meta property=\"og:site_name\" content=\"Sand\u017eak PRESS\" \/>\n<meta property=\"article:published_time\" content=\"2014-03-27T14:53:23+00:00\" \/>\n<meta property=\"og:image\" content=\"https:\/\/sandzakpress.net\/arhiva\/wp-content\/uploads\/2014\/03\/440_Bosnjacka_omladina_Mannheim_Odbor_bosnjacke_omladine.jpg\" \/>\n\t<meta property=\"og:image:width\" content=\"440\" \/>\n\t<meta property=\"og:image:height\" content=\"293\" \/>\n\t<meta property=\"og:image:type\" content=\"image\/jpeg\" \/>\n<meta name=\"author\" content=\"bosniak\" \/>\n<meta name=\"twitter:card\" content=\"summary_large_image\" \/>\n<meta name=\"twitter:label1\" content=\"Written by\" \/>\n\t<meta name=\"twitter:data1\" content=\"bosniak\" \/>\n\t<meta name=\"twitter:label2\" content=\"Est. reading time\" \/>\n\t<meta name=\"twitter:data2\" content=\"4 minute\" \/>\n<script type=\"application\/ld+json\" class=\"yoast-schema-graph\">{\"@context\":\"https:\/\/schema.org\",\"@graph\":[{\"@type\":\"Article\",\"@id\":\"https:\/\/sandzakpress.net\/arhiva\/dokazite-nam-da-smo-vasa-buducnost\/#article\",\"isPartOf\":{\"@id\":\"https:\/\/sandzakpress.net\/arhiva\/dokazite-nam-da-smo-vasa-buducnost\/\"},\"author\":{\"name\":\"bosniak\",\"@id\":\"https:\/\/sandzakpress.net\/arhiva\/#\/schema\/person\/c8baee722073534b583ea7bdb2e36c02\"},\"headline\":\"Doka\u017eite nam da smo va\u0161a budu\u0107nost\",\"datePublished\":\"2014-03-27T14:53:23+00:00\",\"mainEntityOfPage\":{\"@id\":\"https:\/\/sandzakpress.net\/arhiva\/dokazite-nam-da-smo-vasa-buducnost\/\"},\"wordCount\":766,\"commentCount\":0,\"publisher\":{\"@id\":\"https:\/\/sandzakpress.net\/arhiva\/#\/schema\/person\/6e72b67d6e51910a1117b3b483ba20bd\"},\"image\":{\"@id\":\"https:\/\/sandzakpress.net\/arhiva\/dokazite-nam-da-smo-vasa-buducnost\/#primaryimage\"},\"thumbnailUrl\":\"https:\/\/sandzakpress.net\/arhiva\/wp-content\/uploads\/2014\/03\/440_Bosnjacka_omladina_Mannheim_Odbor_bosnjacke_omladine.jpg\",\"articleSection\":[\"Nacija\",\"Njema\u010dka\"],\"inLanguage\":\"bs-BA\",\"potentialAction\":[{\"@type\":\"CommentAction\",\"name\":\"Comment\",\"target\":[\"https:\/\/sandzakpress.net\/arhiva\/dokazite-nam-da-smo-vasa-buducnost\/#respond\"]}]},{\"@type\":\"WebPage\",\"@id\":\"https:\/\/sandzakpress.net\/arhiva\/dokazite-nam-da-smo-vasa-buducnost\/\",\"url\":\"https:\/\/sandzakpress.net\/arhiva\/dokazite-nam-da-smo-vasa-buducnost\/\",\"name\":\"Doka\u017eite nam da smo va\u0161a budu\u0107nost\",\"isPartOf\":{\"@id\":\"https:\/\/sandzakpress.net\/arhiva\/#website\"},\"primaryImageOfPage\":{\"@id\":\"https:\/\/sandzakpress.net\/arhiva\/dokazite-nam-da-smo-vasa-buducnost\/#primaryimage\"},\"image\":{\"@id\":\"https:\/\/sandzakpress.net\/arhiva\/dokazite-nam-da-smo-vasa-buducnost\/#primaryimage\"},\"thumbnailUrl\":\"https:\/\/sandzakpress.net\/arhiva\/wp-content\/uploads\/2014\/03\/440_Bosnjacka_omladina_Mannheim_Odbor_bosnjacke_omladine.jpg\",\"datePublished\":\"2014-03-27T14:53:23+00:00\",\"breadcrumb\":{\"@id\":\"https:\/\/sandzakpress.net\/arhiva\/dokazite-nam-da-smo-vasa-buducnost\/#breadcrumb\"},\"inLanguage\":\"bs-BA\",\"potentialAction\":[{\"@type\":\"ReadAction\",\"target\":[\"https:\/\/sandzakpress.net\/arhiva\/dokazite-nam-da-smo-vasa-buducnost\/\"]}]},{\"@type\":\"ImageObject\",\"inLanguage\":\"bs-BA\",\"@id\":\"https:\/\/sandzakpress.net\/arhiva\/dokazite-nam-da-smo-vasa-buducnost\/#primaryimage\",\"url\":\"https:\/\/sandzakpress.net\/arhiva\/wp-content\/uploads\/2014\/03\/440_Bosnjacka_omladina_Mannheim_Odbor_bosnjacke_omladine.jpg\",\"contentUrl\":\"https:\/\/sandzakpress.net\/arhiva\/wp-content\/uploads\/2014\/03\/440_Bosnjacka_omladina_Mannheim_Odbor_bosnjacke_omladine.jpg\",\"width\":440,\"height\":293},{\"@type\":\"BreadcrumbList\",\"@id\":\"https:\/\/sandzakpress.net\/arhiva\/dokazite-nam-da-smo-vasa-buducnost\/#breadcrumb\",\"itemListElement\":[{\"@type\":\"ListItem\",\"position\":1,\"name\":\"Home\",\"item\":\"https:\/\/sandzakpress.net\/arhiva\/\"},{\"@type\":\"ListItem\",\"position\":2,\"name\":\"Doka\u017eite nam da smo va\u0161a budu\u0107nost\"}]},{\"@type\":\"WebSite\",\"@id\":\"https:\/\/sandzakpress.net\/arhiva\/#website\",\"url\":\"https:\/\/sandzakpress.net\/arhiva\/\",\"name\":\"Sand\u017eak PRESS\",\"description\":\"Prve elektronske novine u Sand\u017eaku\",\"publisher\":{\"@id\":\"https:\/\/sandzakpress.net\/arhiva\/#\/schema\/person\/6e72b67d6e51910a1117b3b483ba20bd\"},\"potentialAction\":[{\"@type\":\"SearchAction\",\"target\":{\"@type\":\"EntryPoint\",\"urlTemplate\":\"https:\/\/sandzakpress.net\/arhiva\/?s={search_term_string}\"},\"query-input\":{\"@type\":\"PropertyValueSpecification\",\"valueRequired\":true,\"valueName\":\"search_term_string\"}}],\"inLanguage\":\"bs-BA\"},{\"@type\":[\"Person\",\"Organization\"],\"@id\":\"https:\/\/sandzakpress.net\/arhiva\/#\/schema\/person\/6e72b67d6e51910a1117b3b483ba20bd\",\"name\":\"Kul\",\"image\":{\"@type\":\"ImageObject\",\"inLanguage\":\"bs-BA\",\"@id\":\"https:\/\/sandzakpress.net\/arhiva\/#\/schema\/person\/image\/\",\"url\":\"https:\/\/secure.gravatar.com\/avatar\/42263f39aa27ac04c43cab85c280eb2e?s=96&d=mm&r=pg\",\"contentUrl\":\"https:\/\/secure.gravatar.com\/avatar\/42263f39aa27ac04c43cab85c280eb2e?s=96&d=mm&r=pg\",\"caption\":\"Kul\"},\"logo\":{\"@id\":\"https:\/\/sandzakpress.net\/arhiva\/#\/schema\/person\/image\/\"}},{\"@type\":\"Person\",\"@id\":\"https:\/\/sandzakpress.net\/arhiva\/#\/schema\/person\/c8baee722073534b583ea7bdb2e36c02\",\"name\":\"bosniak\",\"image\":{\"@type\":\"ImageObject\",\"inLanguage\":\"bs-BA\",\"@id\":\"https:\/\/sandzakpress.net\/arhiva\/#\/schema\/person\/image\/\",\"url\":\"https:\/\/secure.gravatar.com\/avatar\/a04fd330bfe3a36a72a0ad4a6d89fca7?s=96&d=mm&r=pg\",\"contentUrl\":\"https:\/\/secure.gravatar.com\/avatar\/a04fd330bfe3a36a72a0ad4a6d89fca7?s=96&d=mm&r=pg\",\"caption\":\"bosniak\"},\"url\":\"https:\/\/sandzakpress.net\/arhiva\/author\/bosniak\/\"}]}<\/script>\n<!-- \/ Yoast SEO Premium plugin. -->","yoast_head_json":{"title":"Doka\u017eite nam da smo va\u0161a budu\u0107nost","robots":{"index":"index","follow":"follow","max-snippet":"max-snippet:-1","max-image-preview":"max-image-preview:large","max-video-preview":"max-video-preview:-1"},"canonical":"https:\/\/sandzakpress.net\/arhiva\/dokazite-nam-da-smo-vasa-buducnost\/","og_locale":"bs_BA","og_type":"article","og_title":"Doka\u017eite nam da smo va\u0161a budu\u0107nost","og_description":"Njema\u010dka &#8211;\u00a0U prostorijma bh. kluba \u201cLjiljani\u201c u Mannheimu (Njema\u010dka) odr\u017ean je sastanak bo\u0161nja\u010dke omladine za podru\u010dje medzlisa Frankfurt (pokrajina Hessen), a koji obuhvata 15 d\u017eemata. U\u010de\u0161\u0107e na ovom sastanku uzelo je vi\u0161e od 50 mladi\u0107a i djevojaka koji su do\u0161li iz susjednih gradova Wiesbadena, Offenbacha, Kelna, Frankfurta, kao i predstavnici d\u017eemata Mannheima. Mladim Bo\u0161njacima, a [&hellip;]","og_url":"https:\/\/sandzakpress.net\/arhiva\/dokazite-nam-da-smo-vasa-buducnost\/","og_site_name":"Sand\u017eak PRESS","article_published_time":"2014-03-27T14:53:23+00:00","og_image":[{"width":440,"height":293,"url":"https:\/\/sandzakpress.net\/arhiva\/wp-content\/uploads\/2014\/03\/440_Bosnjacka_omladina_Mannheim_Odbor_bosnjacke_omladine.jpg","type":"image\/jpeg"}],"author":"bosniak","twitter_card":"summary_large_image","twitter_misc":{"Written by":"bosniak","Est. reading time":"4 minute"},"schema":{"@context":"https:\/\/schema.org","@graph":[{"@type":"Article","@id":"https:\/\/sandzakpress.net\/arhiva\/dokazite-nam-da-smo-vasa-buducnost\/#article","isPartOf":{"@id":"https:\/\/sandzakpress.net\/arhiva\/dokazite-nam-da-smo-vasa-buducnost\/"},"author":{"name":"bosniak","@id":"https:\/\/sandzakpress.net\/arhiva\/#\/schema\/person\/c8baee722073534b583ea7bdb2e36c02"},"headline":"Doka\u017eite nam da smo va\u0161a budu\u0107nost","datePublished":"2014-03-27T14:53:23+00:00","mainEntityOfPage":{"@id":"https:\/\/sandzakpress.net\/arhiva\/dokazite-nam-da-smo-vasa-buducnost\/"},"wordCount":766,"commentCount":0,"publisher":{"@id":"https:\/\/sandzakpress.net\/arhiva\/#\/schema\/person\/6e72b67d6e51910a1117b3b483ba20bd"},"image":{"@id":"https:\/\/sandzakpress.net\/arhiva\/dokazite-nam-da-smo-vasa-buducnost\/#primaryimage"},"thumbnailUrl":"https:\/\/sandzakpress.net\/arhiva\/wp-content\/uploads\/2014\/03\/440_Bosnjacka_omladina_Mannheim_Odbor_bosnjacke_omladine.jpg","articleSection":["Nacija","Njema\u010dka"],"inLanguage":"bs-BA","potentialAction":[{"@type":"CommentAction","name":"Comment","target":["https:\/\/sandzakpress.net\/arhiva\/dokazite-nam-da-smo-vasa-buducnost\/#respond"]}]},{"@type":"WebPage","@id":"https:\/\/sandzakpress.net\/arhiva\/dokazite-nam-da-smo-vasa-buducnost\/","url":"https:\/\/sandzakpress.net\/arhiva\/dokazite-nam-da-smo-vasa-buducnost\/","name":"Doka\u017eite nam da smo va\u0161a budu\u0107nost","isPartOf":{"@id":"https:\/\/sandzakpress.net\/arhiva\/#website"},"primaryImageOfPage":{"@id":"https:\/\/sandzakpress.net\/arhiva\/dokazite-nam-da-smo-vasa-buducnost\/#primaryimage"},"image":{"@id":"https:\/\/sandzakpress.net\/arhiva\/dokazite-nam-da-smo-vasa-buducnost\/#primaryimage"},"thumbnailUrl":"https:\/\/sandzakpress.net\/arhiva\/wp-content\/uploads\/2014\/03\/440_Bosnjacka_omladina_Mannheim_Odbor_bosnjacke_omladine.jpg","datePublished":"2014-03-27T14:53:23+00:00","breadcrumb":{"@id":"https:\/\/sandzakpress.net\/arhiva\/dokazite-nam-da-smo-vasa-buducnost\/#breadcrumb"},"inLanguage":"bs-BA","potentialAction":[{"@type":"ReadAction","target":["https:\/\/sandzakpress.net\/arhiva\/dokazite-nam-da-smo-vasa-buducnost\/"]}]},{"@type":"ImageObject","inLanguage":"bs-BA","@id":"https:\/\/sandzakpress.net\/arhiva\/dokazite-nam-da-smo-vasa-buducnost\/#primaryimage","url":"https:\/\/sandzakpress.net\/arhiva\/wp-content\/uploads\/2014\/03\/440_Bosnjacka_omladina_Mannheim_Odbor_bosnjacke_omladine.jpg","contentUrl":"https:\/\/sandzakpress.net\/arhiva\/wp-content\/uploads\/2014\/03\/440_Bosnjacka_omladina_Mannheim_Odbor_bosnjacke_omladine.jpg","width":440,"height":293},{"@type":"BreadcrumbList","@id":"https:\/\/sandzakpress.net\/arhiva\/dokazite-nam-da-smo-vasa-buducnost\/#breadcrumb","itemListElement":[{"@type":"ListItem","position":1,"name":"Home","item":"https:\/\/sandzakpress.net\/arhiva\/"},{"@type":"ListItem","position":2,"name":"Doka\u017eite nam da smo va\u0161a budu\u0107nost"}]},{"@type":"WebSite","@id":"https:\/\/sandzakpress.net\/arhiva\/#website","url":"https:\/\/sandzakpress.net\/arhiva\/","name":"Sand\u017eak PRESS","description":"Prve elektronske novine u Sand\u017eaku","publisher":{"@id":"https:\/\/sandzakpress.net\/arhiva\/#\/schema\/person\/6e72b67d6e51910a1117b3b483ba20bd"},"potentialAction":[{"@type":"SearchAction","target":{"@type":"EntryPoint","urlTemplate":"https:\/\/sandzakpress.net\/arhiva\/?s={search_term_string}"},"query-input":{"@type":"PropertyValueSpecification","valueRequired":true,"valueName":"search_term_string"}}],"inLanguage":"bs-BA"},{"@type":["Person","Organization"],"@id":"https:\/\/sandzakpress.net\/arhiva\/#\/schema\/person\/6e72b67d6e51910a1117b3b483ba20bd","name":"Kul","image":{"@type":"ImageObject","inLanguage":"bs-BA","@id":"https:\/\/sandzakpress.net\/arhiva\/#\/schema\/person\/image\/","url":"https:\/\/secure.gravatar.com\/avatar\/42263f39aa27ac04c43cab85c280eb2e?s=96&d=mm&r=pg","contentUrl":"https:\/\/secure.gravatar.com\/avatar\/42263f39aa27ac04c43cab85c280eb2e?s=96&d=mm&r=pg","caption":"Kul"},"logo":{"@id":"https:\/\/sandzakpress.net\/arhiva\/#\/schema\/person\/image\/"}},{"@type":"Person","@id":"https:\/\/sandzakpress.net\/arhiva\/#\/schema\/person\/c8baee722073534b583ea7bdb2e36c02","name":"bosniak","image":{"@type":"ImageObject","inLanguage":"bs-BA","@id":"https:\/\/sandzakpress.net\/arhiva\/#\/schema\/person\/image\/","url":"https:\/\/secure.gravatar.com\/avatar\/a04fd330bfe3a36a72a0ad4a6d89fca7?s=96&d=mm&r=pg","contentUrl":"https:\/\/secure.gravatar.com\/avatar\/a04fd330bfe3a36a72a0ad4a6d89fca7?s=96&d=mm&r=pg","caption":"bosniak"},"url":"https:\/\/sandzakpress.net\/arhiva\/author\/bosniak\/"}]}},"_links":{"self":[{"href":"https:\/\/sandzakpress.net\/arhiva\/wp-json\/wp\/v2\/posts\/103600"}],"collection":[{"href":"https:\/\/sandzakpress.net\/arhiva\/wp-json\/wp\/v2\/posts"}],"about":[{"href":"https:\/\/sandzakpress.net\/arhiva\/wp-json\/wp\/v2\/types\/post"}],"author":[{"embeddable":true,"href":"https:\/\/sandzakpress.net\/arhiva\/wp-json\/wp\/v2\/users\/83"}],"replies":[{"embeddable":true,"href":"https:\/\/sandzakpress.net\/arhiva\/wp-json\/wp\/v2\/comments?post=103600"}],"version-history":[{"count":0,"href":"https:\/\/sandzakpress.net\/arhiva\/wp-json\/wp\/v2\/posts\/103600\/revisions"}],"wp:featuredmedia":[{"embeddable":true,"href":"https:\/\/sandzakpress.net\/arhiva\/wp-json\/wp\/v2\/media\/103602"}],"wp:attachment":[{"href":"https:\/\/sandzakpress.net\/arhiva\/wp-json\/wp\/v2\/media?parent=103600"}],"wp:term":[{"taxonomy":"category","embeddable":true,"href":"https:\/\/sandzakpress.net\/arhiva\/wp-json\/wp\/v2\/categories?post=103600"},{"taxonomy":"post_tag","embeddable":true,"href":"https:\/\/sandzakpress.net\/arhiva\/wp-json\/wp\/v2\/tags?post=103600"}],"curies":[{"name":"wp","href":"https:\/\/api.w.org\/{rel}","templated":true}]}}