{"id":10352,"date":"2010-12-09T22:22:39","date_gmt":"2010-12-09T21:22:39","guid":{"rendered":"https:\/\/sandzakpress.net\/arhiva\/?p=10352"},"modified":"2010-12-09T22:22:39","modified_gmt":"2010-12-09T21:22:39","slug":"rektor-dudic-ucestvuje-na-medunarodnom-simpozijumu-u-varsavi","status":"publish","type":"post","link":"https:\/\/sandzakpress.net\/arhiva\/rektor-dudic-ucestvuje-na-medunarodnom-simpozijumu-u-varsavi\/","title":{"rendered":"Rektor Dudi\u0107 u\u010destvuje na me\u0111unarodnom simpozijumu u Var\u0161avi"},"content":{"rendered":"<p><strong><a href=\"https:\/\/sandzakpress.net\/arhiva\/wp-content\/uploads\/2010\/12\/dudic_mevlud-5.jpg\"><img loading=\"lazy\" decoding=\"async\" class=\"alignleft size-medium wp-image-10353\" title=\"dudic_mevlud-5\" src=\"https:\/\/sandzakpress.net\/arhiva\/wp-content\/uploads\/2010\/12\/dudic_mevlud-5-199x300.jpg\" alt=\"\" width=\"102\" height=\"154\" \/><\/a>Novi Pazar &#8211; Rektor Internacionalnog Univerziteta u Novom Pazaru, prof.dr Mevlud Dudi\u0107 uzeo je u\u010de\u0161\u0107e na Me\u0111unarodnom simpozijumu u Var\u0161avi od 08. do 10.12.2010. god.<\/strong><\/p>\n<p>Drugi simpozijum u organizaciji Islamske konferencije posve\u0107en je miroljubivoj koegzistenciji kao i \u017eivotu u miru uprkos raznolikosti religija, kultura i civilizacija.<\/p>\n<p>Rektor Univerziteta \u0107e drugog dana konferencije govoriti o\u00a0<strong>ulozi\u00a0 islamskih organizacija i centara u promovisanju veza izme\u0111u muslimanskih zajednica i manjina u Isto\u010dnoj i Centralnoj Evropi i islamskog svijeta<\/strong>.<\/p>\n<p>Izvor: <strong>SandzakPRESS.net<\/strong><\/p>\n","protected":false},"excerpt":{"rendered":"<p>Novi Pazar &#8211; Rektor Internacionalnog Univerziteta u Novom Pazaru, prof.dr Mevlud Dudi\u0107 uzeo je u\u010de\u0161\u0107e na Me\u0111unarodnom simpozijumu u Var\u0161avi od 08. do 10.12.2010. god. Drugi simpozijum u organizaciji Islamske konferencije posve\u0107en je miroljubivoj koegzistenciji kao i \u017eivotu u miru uprkos raznolikosti religija, kultura i civilizacija. Rektor Univerziteta \u0107e drugog dana konferencije govoriti o\u00a0ulozi\u00a0 islamskih [&hellip;]<\/p>\n","protected":false},"author":83,"featured_media":10353,"comment_status":"open","ping_status":"open","sticky":false,"template":"","format":"standard","meta":{"footnotes":""},"categories":[72,4],"tags":[],"class_list":{"0":"post-10352","1":"post","2":"type-post","3":"status-publish","4":"format-standard","5":"has-post-thumbnail","7":"category-novi-pazar","8":"category-obrazovanje"},"yoast_head":"<!-- This site is optimized with the Yoast SEO Premium plugin v23.1 (Yoast SEO v24.9) - https:\/\/yoast.com\/wordpress\/plugins\/seo\/ -->\n<title>Rektor Dudi\u0107 u\u010destvuje na me\u0111unarodnom simpozijumu u Var\u0161avi<\/title>\n<meta name=\"robots\" content=\"index, follow, max-snippet:-1, max-image-preview:large, max-video-preview:-1\" \/>\n<link rel=\"canonical\" href=\"https:\/\/sandzakpress.net\/arhiva\/rektor-dudic-ucestvuje-na-medunarodnom-simpozijumu-u-varsavi\/\" \/>\n<meta property=\"og:locale\" content=\"bs_BA\" \/>\n<meta property=\"og:type\" content=\"article\" \/>\n<meta property=\"og:title\" content=\"Rektor Dudi\u0107 u\u010destvuje na me\u0111unarodnom simpozijumu u Var\u0161avi\" \/>\n<meta property=\"og:description\" content=\"Novi Pazar &#8211; Rektor Internacionalnog Univerziteta u Novom Pazaru, prof.dr Mevlud Dudi\u0107 uzeo je u\u010de\u0161\u0107e na Me\u0111unarodnom simpozijumu u Var\u0161avi od 08. do 10.12.2010. god. Drugi simpozijum u organizaciji Islamske konferencije posve\u0107en je miroljubivoj koegzistenciji kao i \u017eivotu u miru uprkos raznolikosti religija, kultura i civilizacija. Rektor Univerziteta \u0107e drugog dana konferencije govoriti o\u00a0ulozi\u00a0 islamskih [&hellip;]\" \/>\n<meta property=\"og:url\" content=\"https:\/\/sandzakpress.net\/arhiva\/rektor-dudic-ucestvuje-na-medunarodnom-simpozijumu-u-varsavi\/\" \/>\n<meta property=\"og:site_name\" content=\"Sand\u017eak PRESS\" \/>\n<meta property=\"article:published_time\" content=\"2010-12-09T21:22:39+00:00\" \/>\n<meta property=\"og:image\" content=\"https:\/\/sandzakpress.net\/arhiva\/wp-content\/uploads\/2010\/12\/dudic_mevlud-5.jpg\" \/>\n\t<meta property=\"og:image:width\" content=\"500\" \/>\n\t<meta property=\"og:image:height\" content=\"752\" \/>\n\t<meta property=\"og:image:type\" content=\"image\/jpeg\" \/>\n<meta name=\"author\" content=\"bosniak\" \/>\n<meta name=\"twitter:card\" content=\"summary_large_image\" \/>\n<meta name=\"twitter:label1\" content=\"Written by\" \/>\n\t<meta name=\"twitter:data1\" content=\"bosniak\" \/>\n<script type=\"application\/ld+json\" class=\"yoast-schema-graph\">{\"@context\":\"https:\/\/schema.org\",\"@graph\":[{\"@type\":\"Article\",\"@id\":\"https:\/\/sandzakpress.net\/arhiva\/rektor-dudic-ucestvuje-na-medunarodnom-simpozijumu-u-varsavi\/#article\",\"isPartOf\":{\"@id\":\"https:\/\/sandzakpress.net\/arhiva\/rektor-dudic-ucestvuje-na-medunarodnom-simpozijumu-u-varsavi\/\"},\"author\":{\"name\":\"bosniak\",\"@id\":\"https:\/\/sandzakpress.net\/arhiva\/#\/schema\/person\/c8baee722073534b583ea7bdb2e36c02\"},\"headline\":\"Rektor Dudi\u0107 u\u010destvuje na me\u0111unarodnom simpozijumu u Var\u0161avi\",\"datePublished\":\"2010-12-09T21:22:39+00:00\",\"mainEntityOfPage\":{\"@id\":\"https:\/\/sandzakpress.net\/arhiva\/rektor-dudic-ucestvuje-na-medunarodnom-simpozijumu-u-varsavi\/\"},\"wordCount\":95,\"commentCount\":0,\"publisher\":{\"@id\":\"https:\/\/sandzakpress.net\/arhiva\/#\/schema\/person\/6e72b67d6e51910a1117b3b483ba20bd\"},\"image\":{\"@id\":\"https:\/\/sandzakpress.net\/arhiva\/rektor-dudic-ucestvuje-na-medunarodnom-simpozijumu-u-varsavi\/#primaryimage\"},\"thumbnailUrl\":\"https:\/\/sandzakpress.net\/arhiva\/wp-content\/uploads\/2010\/12\/dudic_mevlud-5.jpg\",\"articleSection\":[\"Novi Pazar\",\"Obrazovanje\"],\"inLanguage\":\"bs-BA\",\"potentialAction\":[{\"@type\":\"CommentAction\",\"name\":\"Comment\",\"target\":[\"https:\/\/sandzakpress.net\/arhiva\/rektor-dudic-ucestvuje-na-medunarodnom-simpozijumu-u-varsavi\/#respond\"]}]},{\"@type\":\"WebPage\",\"@id\":\"https:\/\/sandzakpress.net\/arhiva\/rektor-dudic-ucestvuje-na-medunarodnom-simpozijumu-u-varsavi\/\",\"url\":\"https:\/\/sandzakpress.net\/arhiva\/rektor-dudic-ucestvuje-na-medunarodnom-simpozijumu-u-varsavi\/\",\"name\":\"Rektor Dudi\u0107 u\u010destvuje na me\u0111unarodnom simpozijumu u Var\u0161avi\",\"isPartOf\":{\"@id\":\"https:\/\/sandzakpress.net\/arhiva\/#website\"},\"primaryImageOfPage\":{\"@id\":\"https:\/\/sandzakpress.net\/arhiva\/rektor-dudic-ucestvuje-na-medunarodnom-simpozijumu-u-varsavi\/#primaryimage\"},\"image\":{\"@id\":\"https:\/\/sandzakpress.net\/arhiva\/rektor-dudic-ucestvuje-na-medunarodnom-simpozijumu-u-varsavi\/#primaryimage\"},\"thumbnailUrl\":\"https:\/\/sandzakpress.net\/arhiva\/wp-content\/uploads\/2010\/12\/dudic_mevlud-5.jpg\",\"datePublished\":\"2010-12-09T21:22:39+00:00\",\"breadcrumb\":{\"@id\":\"https:\/\/sandzakpress.net\/arhiva\/rektor-dudic-ucestvuje-na-medunarodnom-simpozijumu-u-varsavi\/#breadcrumb\"},\"inLanguage\":\"bs-BA\",\"potentialAction\":[{\"@type\":\"ReadAction\",\"target\":[\"https:\/\/sandzakpress.net\/arhiva\/rektor-dudic-ucestvuje-na-medunarodnom-simpozijumu-u-varsavi\/\"]}]},{\"@type\":\"ImageObject\",\"inLanguage\":\"bs-BA\",\"@id\":\"https:\/\/sandzakpress.net\/arhiva\/rektor-dudic-ucestvuje-na-medunarodnom-simpozijumu-u-varsavi\/#primaryimage\",\"url\":\"https:\/\/sandzakpress.net\/arhiva\/wp-content\/uploads\/2010\/12\/dudic_mevlud-5.jpg\",\"contentUrl\":\"https:\/\/sandzakpress.net\/arhiva\/wp-content\/uploads\/2010\/12\/dudic_mevlud-5.jpg\",\"width\":500,\"height\":752},{\"@type\":\"BreadcrumbList\",\"@id\":\"https:\/\/sandzakpress.net\/arhiva\/rektor-dudic-ucestvuje-na-medunarodnom-simpozijumu-u-varsavi\/#breadcrumb\",\"itemListElement\":[{\"@type\":\"ListItem\",\"position\":1,\"name\":\"Home\",\"item\":\"https:\/\/sandzakpress.net\/arhiva\/\"},{\"@type\":\"ListItem\",\"position\":2,\"name\":\"Rektor Dudi\u0107 u\u010destvuje na me\u0111unarodnom simpozijumu u Var\u0161avi\"}]},{\"@type\":\"WebSite\",\"@id\":\"https:\/\/sandzakpress.net\/arhiva\/#website\",\"url\":\"https:\/\/sandzakpress.net\/arhiva\/\",\"name\":\"Sand\u017eak PRESS\",\"description\":\"Prve elektronske novine u Sand\u017eaku\",\"publisher\":{\"@id\":\"https:\/\/sandzakpress.net\/arhiva\/#\/schema\/person\/6e72b67d6e51910a1117b3b483ba20bd\"},\"potentialAction\":[{\"@type\":\"SearchAction\",\"target\":{\"@type\":\"EntryPoint\",\"urlTemplate\":\"https:\/\/sandzakpress.net\/arhiva\/?s={search_term_string}\"},\"query-input\":{\"@type\":\"PropertyValueSpecification\",\"valueRequired\":true,\"valueName\":\"search_term_string\"}}],\"inLanguage\":\"bs-BA\"},{\"@type\":[\"Person\",\"Organization\"],\"@id\":\"https:\/\/sandzakpress.net\/arhiva\/#\/schema\/person\/6e72b67d6e51910a1117b3b483ba20bd\",\"name\":\"Kul\",\"image\":{\"@type\":\"ImageObject\",\"inLanguage\":\"bs-BA\",\"@id\":\"https:\/\/sandzakpress.net\/arhiva\/#\/schema\/person\/image\/\",\"url\":\"https:\/\/secure.gravatar.com\/avatar\/42263f39aa27ac04c43cab85c280eb2e?s=96&d=mm&r=pg\",\"contentUrl\":\"https:\/\/secure.gravatar.com\/avatar\/42263f39aa27ac04c43cab85c280eb2e?s=96&d=mm&r=pg\",\"caption\":\"Kul\"},\"logo\":{\"@id\":\"https:\/\/sandzakpress.net\/arhiva\/#\/schema\/person\/image\/\"}},{\"@type\":\"Person\",\"@id\":\"https:\/\/sandzakpress.net\/arhiva\/#\/schema\/person\/c8baee722073534b583ea7bdb2e36c02\",\"name\":\"bosniak\",\"image\":{\"@type\":\"ImageObject\",\"inLanguage\":\"bs-BA\",\"@id\":\"https:\/\/sandzakpress.net\/arhiva\/#\/schema\/person\/image\/\",\"url\":\"https:\/\/secure.gravatar.com\/avatar\/a04fd330bfe3a36a72a0ad4a6d89fca7?s=96&d=mm&r=pg\",\"contentUrl\":\"https:\/\/secure.gravatar.com\/avatar\/a04fd330bfe3a36a72a0ad4a6d89fca7?s=96&d=mm&r=pg\",\"caption\":\"bosniak\"},\"url\":\"https:\/\/sandzakpress.net\/arhiva\/author\/bosniak\/\"}]}<\/script>\n<!-- \/ Yoast SEO Premium plugin. -->","yoast_head_json":{"title":"Rektor Dudi\u0107 u\u010destvuje na me\u0111unarodnom simpozijumu u Var\u0161avi","robots":{"index":"index","follow":"follow","max-snippet":"max-snippet:-1","max-image-preview":"max-image-preview:large","max-video-preview":"max-video-preview:-1"},"canonical":"https:\/\/sandzakpress.net\/arhiva\/rektor-dudic-ucestvuje-na-medunarodnom-simpozijumu-u-varsavi\/","og_locale":"bs_BA","og_type":"article","og_title":"Rektor Dudi\u0107 u\u010destvuje na me\u0111unarodnom simpozijumu u Var\u0161avi","og_description":"Novi Pazar &#8211; Rektor Internacionalnog Univerziteta u Novom Pazaru, prof.dr Mevlud Dudi\u0107 uzeo je u\u010de\u0161\u0107e na Me\u0111unarodnom simpozijumu u Var\u0161avi od 08. do 10.12.2010. god. Drugi simpozijum u organizaciji Islamske konferencije posve\u0107en je miroljubivoj koegzistenciji kao i \u017eivotu u miru uprkos raznolikosti religija, kultura i civilizacija. Rektor Univerziteta \u0107e drugog dana konferencije govoriti o\u00a0ulozi\u00a0 islamskih [&hellip;]","og_url":"https:\/\/sandzakpress.net\/arhiva\/rektor-dudic-ucestvuje-na-medunarodnom-simpozijumu-u-varsavi\/","og_site_name":"Sand\u017eak PRESS","article_published_time":"2010-12-09T21:22:39+00:00","og_image":[{"width":500,"height":752,"url":"https:\/\/sandzakpress.net\/arhiva\/wp-content\/uploads\/2010\/12\/dudic_mevlud-5.jpg","type":"image\/jpeg"}],"author":"bosniak","twitter_card":"summary_large_image","twitter_misc":{"Written by":"bosniak"},"schema":{"@context":"https:\/\/schema.org","@graph":[{"@type":"Article","@id":"https:\/\/sandzakpress.net\/arhiva\/rektor-dudic-ucestvuje-na-medunarodnom-simpozijumu-u-varsavi\/#article","isPartOf":{"@id":"https:\/\/sandzakpress.net\/arhiva\/rektor-dudic-ucestvuje-na-medunarodnom-simpozijumu-u-varsavi\/"},"author":{"name":"bosniak","@id":"https:\/\/sandzakpress.net\/arhiva\/#\/schema\/person\/c8baee722073534b583ea7bdb2e36c02"},"headline":"Rektor Dudi\u0107 u\u010destvuje na me\u0111unarodnom simpozijumu u Var\u0161avi","datePublished":"2010-12-09T21:22:39+00:00","mainEntityOfPage":{"@id":"https:\/\/sandzakpress.net\/arhiva\/rektor-dudic-ucestvuje-na-medunarodnom-simpozijumu-u-varsavi\/"},"wordCount":95,"commentCount":0,"publisher":{"@id":"https:\/\/sandzakpress.net\/arhiva\/#\/schema\/person\/6e72b67d6e51910a1117b3b483ba20bd"},"image":{"@id":"https:\/\/sandzakpress.net\/arhiva\/rektor-dudic-ucestvuje-na-medunarodnom-simpozijumu-u-varsavi\/#primaryimage"},"thumbnailUrl":"https:\/\/sandzakpress.net\/arhiva\/wp-content\/uploads\/2010\/12\/dudic_mevlud-5.jpg","articleSection":["Novi Pazar","Obrazovanje"],"inLanguage":"bs-BA","potentialAction":[{"@type":"CommentAction","name":"Comment","target":["https:\/\/sandzakpress.net\/arhiva\/rektor-dudic-ucestvuje-na-medunarodnom-simpozijumu-u-varsavi\/#respond"]}]},{"@type":"WebPage","@id":"https:\/\/sandzakpress.net\/arhiva\/rektor-dudic-ucestvuje-na-medunarodnom-simpozijumu-u-varsavi\/","url":"https:\/\/sandzakpress.net\/arhiva\/rektor-dudic-ucestvuje-na-medunarodnom-simpozijumu-u-varsavi\/","name":"Rektor Dudi\u0107 u\u010destvuje na me\u0111unarodnom simpozijumu u Var\u0161avi","isPartOf":{"@id":"https:\/\/sandzakpress.net\/arhiva\/#website"},"primaryImageOfPage":{"@id":"https:\/\/sandzakpress.net\/arhiva\/rektor-dudic-ucestvuje-na-medunarodnom-simpozijumu-u-varsavi\/#primaryimage"},"image":{"@id":"https:\/\/sandzakpress.net\/arhiva\/rektor-dudic-ucestvuje-na-medunarodnom-simpozijumu-u-varsavi\/#primaryimage"},"thumbnailUrl":"https:\/\/sandzakpress.net\/arhiva\/wp-content\/uploads\/2010\/12\/dudic_mevlud-5.jpg","datePublished":"2010-12-09T21:22:39+00:00","breadcrumb":{"@id":"https:\/\/sandzakpress.net\/arhiva\/rektor-dudic-ucestvuje-na-medunarodnom-simpozijumu-u-varsavi\/#breadcrumb"},"inLanguage":"bs-BA","potentialAction":[{"@type":"ReadAction","target":["https:\/\/sandzakpress.net\/arhiva\/rektor-dudic-ucestvuje-na-medunarodnom-simpozijumu-u-varsavi\/"]}]},{"@type":"ImageObject","inLanguage":"bs-BA","@id":"https:\/\/sandzakpress.net\/arhiva\/rektor-dudic-ucestvuje-na-medunarodnom-simpozijumu-u-varsavi\/#primaryimage","url":"https:\/\/sandzakpress.net\/arhiva\/wp-content\/uploads\/2010\/12\/dudic_mevlud-5.jpg","contentUrl":"https:\/\/sandzakpress.net\/arhiva\/wp-content\/uploads\/2010\/12\/dudic_mevlud-5.jpg","width":500,"height":752},{"@type":"BreadcrumbList","@id":"https:\/\/sandzakpress.net\/arhiva\/rektor-dudic-ucestvuje-na-medunarodnom-simpozijumu-u-varsavi\/#breadcrumb","itemListElement":[{"@type":"ListItem","position":1,"name":"Home","item":"https:\/\/sandzakpress.net\/arhiva\/"},{"@type":"ListItem","position":2,"name":"Rektor Dudi\u0107 u\u010destvuje na me\u0111unarodnom simpozijumu u Var\u0161avi"}]},{"@type":"WebSite","@id":"https:\/\/sandzakpress.net\/arhiva\/#website","url":"https:\/\/sandzakpress.net\/arhiva\/","name":"Sand\u017eak PRESS","description":"Prve elektronske novine u Sand\u017eaku","publisher":{"@id":"https:\/\/sandzakpress.net\/arhiva\/#\/schema\/person\/6e72b67d6e51910a1117b3b483ba20bd"},"potentialAction":[{"@type":"SearchAction","target":{"@type":"EntryPoint","urlTemplate":"https:\/\/sandzakpress.net\/arhiva\/?s={search_term_string}"},"query-input":{"@type":"PropertyValueSpecification","valueRequired":true,"valueName":"search_term_string"}}],"inLanguage":"bs-BA"},{"@type":["Person","Organization"],"@id":"https:\/\/sandzakpress.net\/arhiva\/#\/schema\/person\/6e72b67d6e51910a1117b3b483ba20bd","name":"Kul","image":{"@type":"ImageObject","inLanguage":"bs-BA","@id":"https:\/\/sandzakpress.net\/arhiva\/#\/schema\/person\/image\/","url":"https:\/\/secure.gravatar.com\/avatar\/42263f39aa27ac04c43cab85c280eb2e?s=96&d=mm&r=pg","contentUrl":"https:\/\/secure.gravatar.com\/avatar\/42263f39aa27ac04c43cab85c280eb2e?s=96&d=mm&r=pg","caption":"Kul"},"logo":{"@id":"https:\/\/sandzakpress.net\/arhiva\/#\/schema\/person\/image\/"}},{"@type":"Person","@id":"https:\/\/sandzakpress.net\/arhiva\/#\/schema\/person\/c8baee722073534b583ea7bdb2e36c02","name":"bosniak","image":{"@type":"ImageObject","inLanguage":"bs-BA","@id":"https:\/\/sandzakpress.net\/arhiva\/#\/schema\/person\/image\/","url":"https:\/\/secure.gravatar.com\/avatar\/a04fd330bfe3a36a72a0ad4a6d89fca7?s=96&d=mm&r=pg","contentUrl":"https:\/\/secure.gravatar.com\/avatar\/a04fd330bfe3a36a72a0ad4a6d89fca7?s=96&d=mm&r=pg","caption":"bosniak"},"url":"https:\/\/sandzakpress.net\/arhiva\/author\/bosniak\/"}]}},"_links":{"self":[{"href":"https:\/\/sandzakpress.net\/arhiva\/wp-json\/wp\/v2\/posts\/10352"}],"collection":[{"href":"https:\/\/sandzakpress.net\/arhiva\/wp-json\/wp\/v2\/posts"}],"about":[{"href":"https:\/\/sandzakpress.net\/arhiva\/wp-json\/wp\/v2\/types\/post"}],"author":[{"embeddable":true,"href":"https:\/\/sandzakpress.net\/arhiva\/wp-json\/wp\/v2\/users\/83"}],"replies":[{"embeddable":true,"href":"https:\/\/sandzakpress.net\/arhiva\/wp-json\/wp\/v2\/comments?post=10352"}],"version-history":[{"count":0,"href":"https:\/\/sandzakpress.net\/arhiva\/wp-json\/wp\/v2\/posts\/10352\/revisions"}],"wp:featuredmedia":[{"embeddable":true,"href":"https:\/\/sandzakpress.net\/arhiva\/wp-json\/wp\/v2\/media\/10353"}],"wp:attachment":[{"href":"https:\/\/sandzakpress.net\/arhiva\/wp-json\/wp\/v2\/media?parent=10352"}],"wp:term":[{"taxonomy":"category","embeddable":true,"href":"https:\/\/sandzakpress.net\/arhiva\/wp-json\/wp\/v2\/categories?post=10352"},{"taxonomy":"post_tag","embeddable":true,"href":"https:\/\/sandzakpress.net\/arhiva\/wp-json\/wp\/v2\/tags?post=10352"}],"curies":[{"name":"wp","href":"https:\/\/api.w.org\/{rel}","templated":true}]}}