{"id":10346,"date":"2010-12-09T22:13:19","date_gmt":"2010-12-09T21:13:19","guid":{"rendered":"https:\/\/sandzakpress.net\/arhiva\/?p=10346"},"modified":"2010-12-09T22:13:19","modified_gmt":"2010-12-09T21:13:19","slug":"traktorom-povrijedio-dvojicu-policajaca","status":"publish","type":"post","link":"https:\/\/sandzakpress.net\/arhiva\/traktorom-povrijedio-dvojicu-policajaca\/","title":{"rendered":"Traktorom povrijedio dvojicu policajaca"},"content":{"rendered":"<p><strong><a href=\"https:\/\/sandzakpress.net\/arhiva\/wp-content\/uploads\/2010\/12\/Hotel-Rozaje.jpg\"><img loading=\"lazy\" decoding=\"async\" class=\"alignleft size-medium wp-image-10347\" title=\"Hotel-Rozaje\" src=\"https:\/\/sandzakpress.net\/arhiva\/wp-content\/uploads\/2010\/12\/Hotel-Rozaje-300x225.jpg\" alt=\"\" width=\"300\" height=\"225\" \/><\/a>Ro\u017eaje &#8211; Grani\u010dna policija Ro\u017eaja poku\u0161ala je da zaustavi, kako sumnja, H.M. iz sela Jablanica, koji je namjeravao da pro\u0161vercuje cigarete, ali je on uspio da pobjegne, dok su policajci povrije\u0111eni.<\/strong><\/p>\n<p>Policija je jutros u rejonu tog sela, koje gravitira prema Srbiji, uo\u010dila traktor sa zaka\u010denom korpom u kojoj su se nalazile cigarete.<\/p>\n<p>\u201cKada je policija preprije\u010dila put traktoru i izdala nare\u0111enje voza\u010du da stane, ta osoba se oglu\u0161ila o nare\u0111enje i naglo skrenula traktorom i korpom udarila jednog policijskog slu\u017ebenika u desnu nogu, zbog \u010dega je policajac pao i zadobio povredu\u201d, saop\u0161teno je iz Uprave policije.<\/p>\n<p>Voza\u010d traktora je, kako navode, nastavio kretanje i prednjim dijelom udario u lijevi dio slu\u017ebenog vozila i o\u0161tetio ga.<\/p>\n<p>\u201cDrugi \u010dlan policijske patrole je poku\u0161ao da sustigne traktor, pri \u010demu je, poku\u0161avaju\u0107i da dohvati voza\u010da, pao i zadobio povredu\u201d, ka\u017ee se u saop\u0161tenju.<\/p>\n<p>Dodaje se da je usljed naglog skretanja, iz korpe traktora ispalo 20 \u0161teka cigareta marke \u201cEva slims\u201d.<\/p>\n<p>\u201cVoza\u010d traktora je nastavio kretanje kroz selo Jablanica u pravcu \u0161ume, i na tom terenu ga slu\u017ebeno vozilo nije moglo pratiti. Naknadnom pretragom sa policijskim slu\u017ebenicima Ispostave Ro\u017eaje, traktor je prona\u0111en sa izbu\u0161enim pneumaticima\u201d, navode iz policije.<\/p>\n<p>Dodaje se da je, prilikom povratka sa lica mjesta, policijske slu\u017ebenike u Jablanici sa\u010dekalo 12 mje\u0161tana \u201ckoji su reagovali na vo\u017enju policijskih slu\u017ebenika kroz selo u toku potjere\u201d.<\/p>\n<p>\u201cMje\u0161tanima je predo\u010den doga\u0111aj i ukazano im je na tragove bje\u017eanja voza\u010da sa traktorom preko livada i lomljenja ograda njihovih imanja, nakon \u010dega su se oni razi\u0161li\u201d, navodi se u saop\u0161tenju.<\/p>\n<p>Policija sumnja da je traktorom upravljao H.M. iz Jablanice.<\/p>\n<p>O doga\u0111aju u ro\u017eajskom selu upoznat je Osnovni dr\u017eavni tu\u017eilac, koji je nalo\u017eio pronalazak osumnji\u010denog, kao i ostale aktivnosti u cilju rasvjetljavanja slu\u010daja i procesuiranja nadle\u017enom sudu.<\/p>\n<p>\u201cPovrije\u0111eni policijski slu\u017ebenici su prevezeni u Domu zdravlja u Ro\u017eajama, gdje im je ukazana medicinska pomo\u0107\u201d, saop\u0161tila je policija.<\/p>\n<p>Izvor: <strong>Bicent.com<\/strong><\/p>\n","protected":false},"excerpt":{"rendered":"<p>Ro\u017eaje &#8211; Grani\u010dna policija Ro\u017eaja poku\u0161ala je da zaustavi, kako sumnja, H.M. iz sela Jablanica, koji je namjeravao da pro\u0161vercuje cigarete, ali je on uspio da pobjegne, dok su policajci povrije\u0111eni. Policija je jutros u rejonu tog sela, koje gravitira prema Srbiji, uo\u010dila traktor sa zaka\u010denom korpom u kojoj su se nalazile cigarete. \u201cKada je [&hellip;]<\/p>\n","protected":false},"author":83,"featured_media":10347,"comment_status":"open","ping_status":"open","sticky":false,"template":"","format":"standard","meta":{"footnotes":""},"categories":[398,801],"tags":[],"class_list":{"0":"post-10346","1":"post","2":"type-post","3":"status-publish","4":"format-standard","5":"has-post-thumbnail","7":"category-rozaje","8":"category-crna_hronika"},"yoast_head":"<!-- This site is optimized with the Yoast SEO Premium plugin v23.1 (Yoast SEO v24.9) - https:\/\/yoast.com\/wordpress\/plugins\/seo\/ -->\n<title>Traktorom povrijedio dvojicu policajaca<\/title>\n<meta name=\"robots\" content=\"index, follow, max-snippet:-1, max-image-preview:large, max-video-preview:-1\" \/>\n<link rel=\"canonical\" href=\"https:\/\/sandzakpress.net\/arhiva\/traktorom-povrijedio-dvojicu-policajaca\/\" \/>\n<meta property=\"og:locale\" content=\"bs_BA\" \/>\n<meta property=\"og:type\" content=\"article\" \/>\n<meta property=\"og:title\" content=\"Traktorom povrijedio dvojicu policajaca\" \/>\n<meta property=\"og:description\" content=\"Ro\u017eaje &#8211; Grani\u010dna policija Ro\u017eaja poku\u0161ala je da zaustavi, kako sumnja, H.M. iz sela Jablanica, koji je namjeravao da pro\u0161vercuje cigarete, ali je on uspio da pobjegne, dok su policajci povrije\u0111eni. Policija je jutros u rejonu tog sela, koje gravitira prema Srbiji, uo\u010dila traktor sa zaka\u010denom korpom u kojoj su se nalazile cigarete. \u201cKada je [&hellip;]\" \/>\n<meta property=\"og:url\" content=\"https:\/\/sandzakpress.net\/arhiva\/traktorom-povrijedio-dvojicu-policajaca\/\" \/>\n<meta property=\"og:site_name\" content=\"Sand\u017eak PRESS\" \/>\n<meta property=\"article:published_time\" content=\"2010-12-09T21:13:19+00:00\" \/>\n<meta property=\"og:image\" content=\"https:\/\/sandzakpress.net\/arhiva\/wp-content\/uploads\/2010\/12\/Hotel-Rozaje.jpg\" \/>\n\t<meta property=\"og:image:width\" content=\"500\" \/>\n\t<meta property=\"og:image:height\" content=\"375\" \/>\n\t<meta property=\"og:image:type\" content=\"image\/jpeg\" \/>\n<meta name=\"author\" content=\"bosniak\" \/>\n<meta name=\"twitter:card\" content=\"summary_large_image\" \/>\n<meta name=\"twitter:label1\" content=\"Written by\" \/>\n\t<meta name=\"twitter:data1\" content=\"bosniak\" \/>\n\t<meta name=\"twitter:label2\" content=\"Est. reading time\" \/>\n\t<meta name=\"twitter:data2\" content=\"2 minute\" \/>\n<script type=\"application\/ld+json\" class=\"yoast-schema-graph\">{\"@context\":\"https:\/\/schema.org\",\"@graph\":[{\"@type\":\"Article\",\"@id\":\"https:\/\/sandzakpress.net\/arhiva\/traktorom-povrijedio-dvojicu-policajaca\/#article\",\"isPartOf\":{\"@id\":\"https:\/\/sandzakpress.net\/arhiva\/traktorom-povrijedio-dvojicu-policajaca\/\"},\"author\":{\"name\":\"bosniak\",\"@id\":\"https:\/\/sandzakpress.net\/arhiva\/#\/schema\/person\/c8baee722073534b583ea7bdb2e36c02\"},\"headline\":\"Traktorom povrijedio dvojicu policajaca\",\"datePublished\":\"2010-12-09T21:13:19+00:00\",\"mainEntityOfPage\":{\"@id\":\"https:\/\/sandzakpress.net\/arhiva\/traktorom-povrijedio-dvojicu-policajaca\/\"},\"wordCount\":367,\"commentCount\":0,\"publisher\":{\"@id\":\"https:\/\/sandzakpress.net\/arhiva\/#\/schema\/person\/6e72b67d6e51910a1117b3b483ba20bd\"},\"image\":{\"@id\":\"https:\/\/sandzakpress.net\/arhiva\/traktorom-povrijedio-dvojicu-policajaca\/#primaryimage\"},\"thumbnailUrl\":\"https:\/\/sandzakpress.net\/arhiva\/wp-content\/uploads\/2010\/12\/Hotel-Rozaje.jpg\",\"articleSection\":[\"Ro\u017eaje\",\"Hronika\"],\"inLanguage\":\"bs-BA\",\"potentialAction\":[{\"@type\":\"CommentAction\",\"name\":\"Comment\",\"target\":[\"https:\/\/sandzakpress.net\/arhiva\/traktorom-povrijedio-dvojicu-policajaca\/#respond\"]}]},{\"@type\":\"WebPage\",\"@id\":\"https:\/\/sandzakpress.net\/arhiva\/traktorom-povrijedio-dvojicu-policajaca\/\",\"url\":\"https:\/\/sandzakpress.net\/arhiva\/traktorom-povrijedio-dvojicu-policajaca\/\",\"name\":\"Traktorom povrijedio dvojicu policajaca\",\"isPartOf\":{\"@id\":\"https:\/\/sandzakpress.net\/arhiva\/#website\"},\"primaryImageOfPage\":{\"@id\":\"https:\/\/sandzakpress.net\/arhiva\/traktorom-povrijedio-dvojicu-policajaca\/#primaryimage\"},\"image\":{\"@id\":\"https:\/\/sandzakpress.net\/arhiva\/traktorom-povrijedio-dvojicu-policajaca\/#primaryimage\"},\"thumbnailUrl\":\"https:\/\/sandzakpress.net\/arhiva\/wp-content\/uploads\/2010\/12\/Hotel-Rozaje.jpg\",\"datePublished\":\"2010-12-09T21:13:19+00:00\",\"breadcrumb\":{\"@id\":\"https:\/\/sandzakpress.net\/arhiva\/traktorom-povrijedio-dvojicu-policajaca\/#breadcrumb\"},\"inLanguage\":\"bs-BA\",\"potentialAction\":[{\"@type\":\"ReadAction\",\"target\":[\"https:\/\/sandzakpress.net\/arhiva\/traktorom-povrijedio-dvojicu-policajaca\/\"]}]},{\"@type\":\"ImageObject\",\"inLanguage\":\"bs-BA\",\"@id\":\"https:\/\/sandzakpress.net\/arhiva\/traktorom-povrijedio-dvojicu-policajaca\/#primaryimage\",\"url\":\"https:\/\/sandzakpress.net\/arhiva\/wp-content\/uploads\/2010\/12\/Hotel-Rozaje.jpg\",\"contentUrl\":\"https:\/\/sandzakpress.net\/arhiva\/wp-content\/uploads\/2010\/12\/Hotel-Rozaje.jpg\",\"width\":500,\"height\":375},{\"@type\":\"BreadcrumbList\",\"@id\":\"https:\/\/sandzakpress.net\/arhiva\/traktorom-povrijedio-dvojicu-policajaca\/#breadcrumb\",\"itemListElement\":[{\"@type\":\"ListItem\",\"position\":1,\"name\":\"Home\",\"item\":\"https:\/\/sandzakpress.net\/arhiva\/\"},{\"@type\":\"ListItem\",\"position\":2,\"name\":\"Traktorom povrijedio dvojicu policajaca\"}]},{\"@type\":\"WebSite\",\"@id\":\"https:\/\/sandzakpress.net\/arhiva\/#website\",\"url\":\"https:\/\/sandzakpress.net\/arhiva\/\",\"name\":\"Sand\u017eak PRESS\",\"description\":\"Prve elektronske novine u Sand\u017eaku\",\"publisher\":{\"@id\":\"https:\/\/sandzakpress.net\/arhiva\/#\/schema\/person\/6e72b67d6e51910a1117b3b483ba20bd\"},\"potentialAction\":[{\"@type\":\"SearchAction\",\"target\":{\"@type\":\"EntryPoint\",\"urlTemplate\":\"https:\/\/sandzakpress.net\/arhiva\/?s={search_term_string}\"},\"query-input\":{\"@type\":\"PropertyValueSpecification\",\"valueRequired\":true,\"valueName\":\"search_term_string\"}}],\"inLanguage\":\"bs-BA\"},{\"@type\":[\"Person\",\"Organization\"],\"@id\":\"https:\/\/sandzakpress.net\/arhiva\/#\/schema\/person\/6e72b67d6e51910a1117b3b483ba20bd\",\"name\":\"Kul\",\"image\":{\"@type\":\"ImageObject\",\"inLanguage\":\"bs-BA\",\"@id\":\"https:\/\/sandzakpress.net\/arhiva\/#\/schema\/person\/image\/\",\"url\":\"https:\/\/secure.gravatar.com\/avatar\/42263f39aa27ac04c43cab85c280eb2e?s=96&d=mm&r=pg\",\"contentUrl\":\"https:\/\/secure.gravatar.com\/avatar\/42263f39aa27ac04c43cab85c280eb2e?s=96&d=mm&r=pg\",\"caption\":\"Kul\"},\"logo\":{\"@id\":\"https:\/\/sandzakpress.net\/arhiva\/#\/schema\/person\/image\/\"}},{\"@type\":\"Person\",\"@id\":\"https:\/\/sandzakpress.net\/arhiva\/#\/schema\/person\/c8baee722073534b583ea7bdb2e36c02\",\"name\":\"bosniak\",\"image\":{\"@type\":\"ImageObject\",\"inLanguage\":\"bs-BA\",\"@id\":\"https:\/\/sandzakpress.net\/arhiva\/#\/schema\/person\/image\/\",\"url\":\"https:\/\/secure.gravatar.com\/avatar\/a04fd330bfe3a36a72a0ad4a6d89fca7?s=96&d=mm&r=pg\",\"contentUrl\":\"https:\/\/secure.gravatar.com\/avatar\/a04fd330bfe3a36a72a0ad4a6d89fca7?s=96&d=mm&r=pg\",\"caption\":\"bosniak\"},\"url\":\"https:\/\/sandzakpress.net\/arhiva\/author\/bosniak\/\"}]}<\/script>\n<!-- \/ Yoast SEO Premium plugin. -->","yoast_head_json":{"title":"Traktorom povrijedio dvojicu policajaca","robots":{"index":"index","follow":"follow","max-snippet":"max-snippet:-1","max-image-preview":"max-image-preview:large","max-video-preview":"max-video-preview:-1"},"canonical":"https:\/\/sandzakpress.net\/arhiva\/traktorom-povrijedio-dvojicu-policajaca\/","og_locale":"bs_BA","og_type":"article","og_title":"Traktorom povrijedio dvojicu policajaca","og_description":"Ro\u017eaje &#8211; Grani\u010dna policija Ro\u017eaja poku\u0161ala je da zaustavi, kako sumnja, H.M. iz sela Jablanica, koji je namjeravao da pro\u0161vercuje cigarete, ali je on uspio da pobjegne, dok su policajci povrije\u0111eni. Policija je jutros u rejonu tog sela, koje gravitira prema Srbiji, uo\u010dila traktor sa zaka\u010denom korpom u kojoj su se nalazile cigarete. \u201cKada je [&hellip;]","og_url":"https:\/\/sandzakpress.net\/arhiva\/traktorom-povrijedio-dvojicu-policajaca\/","og_site_name":"Sand\u017eak PRESS","article_published_time":"2010-12-09T21:13:19+00:00","og_image":[{"width":500,"height":375,"url":"https:\/\/sandzakpress.net\/arhiva\/wp-content\/uploads\/2010\/12\/Hotel-Rozaje.jpg","type":"image\/jpeg"}],"author":"bosniak","twitter_card":"summary_large_image","twitter_misc":{"Written by":"bosniak","Est. reading time":"2 minute"},"schema":{"@context":"https:\/\/schema.org","@graph":[{"@type":"Article","@id":"https:\/\/sandzakpress.net\/arhiva\/traktorom-povrijedio-dvojicu-policajaca\/#article","isPartOf":{"@id":"https:\/\/sandzakpress.net\/arhiva\/traktorom-povrijedio-dvojicu-policajaca\/"},"author":{"name":"bosniak","@id":"https:\/\/sandzakpress.net\/arhiva\/#\/schema\/person\/c8baee722073534b583ea7bdb2e36c02"},"headline":"Traktorom povrijedio dvojicu policajaca","datePublished":"2010-12-09T21:13:19+00:00","mainEntityOfPage":{"@id":"https:\/\/sandzakpress.net\/arhiva\/traktorom-povrijedio-dvojicu-policajaca\/"},"wordCount":367,"commentCount":0,"publisher":{"@id":"https:\/\/sandzakpress.net\/arhiva\/#\/schema\/person\/6e72b67d6e51910a1117b3b483ba20bd"},"image":{"@id":"https:\/\/sandzakpress.net\/arhiva\/traktorom-povrijedio-dvojicu-policajaca\/#primaryimage"},"thumbnailUrl":"https:\/\/sandzakpress.net\/arhiva\/wp-content\/uploads\/2010\/12\/Hotel-Rozaje.jpg","articleSection":["Ro\u017eaje","Hronika"],"inLanguage":"bs-BA","potentialAction":[{"@type":"CommentAction","name":"Comment","target":["https:\/\/sandzakpress.net\/arhiva\/traktorom-povrijedio-dvojicu-policajaca\/#respond"]}]},{"@type":"WebPage","@id":"https:\/\/sandzakpress.net\/arhiva\/traktorom-povrijedio-dvojicu-policajaca\/","url":"https:\/\/sandzakpress.net\/arhiva\/traktorom-povrijedio-dvojicu-policajaca\/","name":"Traktorom povrijedio dvojicu policajaca","isPartOf":{"@id":"https:\/\/sandzakpress.net\/arhiva\/#website"},"primaryImageOfPage":{"@id":"https:\/\/sandzakpress.net\/arhiva\/traktorom-povrijedio-dvojicu-policajaca\/#primaryimage"},"image":{"@id":"https:\/\/sandzakpress.net\/arhiva\/traktorom-povrijedio-dvojicu-policajaca\/#primaryimage"},"thumbnailUrl":"https:\/\/sandzakpress.net\/arhiva\/wp-content\/uploads\/2010\/12\/Hotel-Rozaje.jpg","datePublished":"2010-12-09T21:13:19+00:00","breadcrumb":{"@id":"https:\/\/sandzakpress.net\/arhiva\/traktorom-povrijedio-dvojicu-policajaca\/#breadcrumb"},"inLanguage":"bs-BA","potentialAction":[{"@type":"ReadAction","target":["https:\/\/sandzakpress.net\/arhiva\/traktorom-povrijedio-dvojicu-policajaca\/"]}]},{"@type":"ImageObject","inLanguage":"bs-BA","@id":"https:\/\/sandzakpress.net\/arhiva\/traktorom-povrijedio-dvojicu-policajaca\/#primaryimage","url":"https:\/\/sandzakpress.net\/arhiva\/wp-content\/uploads\/2010\/12\/Hotel-Rozaje.jpg","contentUrl":"https:\/\/sandzakpress.net\/arhiva\/wp-content\/uploads\/2010\/12\/Hotel-Rozaje.jpg","width":500,"height":375},{"@type":"BreadcrumbList","@id":"https:\/\/sandzakpress.net\/arhiva\/traktorom-povrijedio-dvojicu-policajaca\/#breadcrumb","itemListElement":[{"@type":"ListItem","position":1,"name":"Home","item":"https:\/\/sandzakpress.net\/arhiva\/"},{"@type":"ListItem","position":2,"name":"Traktorom povrijedio dvojicu policajaca"}]},{"@type":"WebSite","@id":"https:\/\/sandzakpress.net\/arhiva\/#website","url":"https:\/\/sandzakpress.net\/arhiva\/","name":"Sand\u017eak PRESS","description":"Prve elektronske novine u Sand\u017eaku","publisher":{"@id":"https:\/\/sandzakpress.net\/arhiva\/#\/schema\/person\/6e72b67d6e51910a1117b3b483ba20bd"},"potentialAction":[{"@type":"SearchAction","target":{"@type":"EntryPoint","urlTemplate":"https:\/\/sandzakpress.net\/arhiva\/?s={search_term_string}"},"query-input":{"@type":"PropertyValueSpecification","valueRequired":true,"valueName":"search_term_string"}}],"inLanguage":"bs-BA"},{"@type":["Person","Organization"],"@id":"https:\/\/sandzakpress.net\/arhiva\/#\/schema\/person\/6e72b67d6e51910a1117b3b483ba20bd","name":"Kul","image":{"@type":"ImageObject","inLanguage":"bs-BA","@id":"https:\/\/sandzakpress.net\/arhiva\/#\/schema\/person\/image\/","url":"https:\/\/secure.gravatar.com\/avatar\/42263f39aa27ac04c43cab85c280eb2e?s=96&d=mm&r=pg","contentUrl":"https:\/\/secure.gravatar.com\/avatar\/42263f39aa27ac04c43cab85c280eb2e?s=96&d=mm&r=pg","caption":"Kul"},"logo":{"@id":"https:\/\/sandzakpress.net\/arhiva\/#\/schema\/person\/image\/"}},{"@type":"Person","@id":"https:\/\/sandzakpress.net\/arhiva\/#\/schema\/person\/c8baee722073534b583ea7bdb2e36c02","name":"bosniak","image":{"@type":"ImageObject","inLanguage":"bs-BA","@id":"https:\/\/sandzakpress.net\/arhiva\/#\/schema\/person\/image\/","url":"https:\/\/secure.gravatar.com\/avatar\/a04fd330bfe3a36a72a0ad4a6d89fca7?s=96&d=mm&r=pg","contentUrl":"https:\/\/secure.gravatar.com\/avatar\/a04fd330bfe3a36a72a0ad4a6d89fca7?s=96&d=mm&r=pg","caption":"bosniak"},"url":"https:\/\/sandzakpress.net\/arhiva\/author\/bosniak\/"}]}},"_links":{"self":[{"href":"https:\/\/sandzakpress.net\/arhiva\/wp-json\/wp\/v2\/posts\/10346"}],"collection":[{"href":"https:\/\/sandzakpress.net\/arhiva\/wp-json\/wp\/v2\/posts"}],"about":[{"href":"https:\/\/sandzakpress.net\/arhiva\/wp-json\/wp\/v2\/types\/post"}],"author":[{"embeddable":true,"href":"https:\/\/sandzakpress.net\/arhiva\/wp-json\/wp\/v2\/users\/83"}],"replies":[{"embeddable":true,"href":"https:\/\/sandzakpress.net\/arhiva\/wp-json\/wp\/v2\/comments?post=10346"}],"version-history":[{"count":0,"href":"https:\/\/sandzakpress.net\/arhiva\/wp-json\/wp\/v2\/posts\/10346\/revisions"}],"wp:featuredmedia":[{"embeddable":true,"href":"https:\/\/sandzakpress.net\/arhiva\/wp-json\/wp\/v2\/media\/10347"}],"wp:attachment":[{"href":"https:\/\/sandzakpress.net\/arhiva\/wp-json\/wp\/v2\/media?parent=10346"}],"wp:term":[{"taxonomy":"category","embeddable":true,"href":"https:\/\/sandzakpress.net\/arhiva\/wp-json\/wp\/v2\/categories?post=10346"},{"taxonomy":"post_tag","embeddable":true,"href":"https:\/\/sandzakpress.net\/arhiva\/wp-json\/wp\/v2\/tags?post=10346"}],"curies":[{"name":"wp","href":"https:\/\/api.w.org\/{rel}","templated":true}]}}