{"id":10342,"date":"2010-12-09T22:09:54","date_gmt":"2010-12-09T21:09:54","guid":{"rendered":"https:\/\/sandzakpress.net\/arhiva\/?p=10342"},"modified":"2010-12-09T22:10:46","modified_gmt":"2010-12-09T21:10:46","slug":"sjenicki-karatisti-osvojili-sedam-medalja","status":"publish","type":"post","link":"https:\/\/sandzakpress.net\/arhiva\/sjenicki-karatisti-osvojili-sedam-medalja\/","title":{"rendered":"Sjeni\u010dki karatisti osvojili sedam medalja"},"content":{"rendered":"<p><strong><a href=\"https:\/\/sandzakpress.net\/arhiva\/wp-content\/uploads\/2010\/12\/karate.jpg\"><img loading=\"lazy\" decoding=\"async\" class=\"alignleft size-medium wp-image-10343\" title=\"karate\" src=\"https:\/\/sandzakpress.net\/arhiva\/wp-content\/uploads\/2010\/12\/karate-300x286.jpg\" alt=\"\" width=\"201\" height=\"191\" \/><\/a>Sjenica\u00a0&#8211; Na Prvenstvu u\u017ee Srbije, odr\u017eanom proteklog vikenda u \u010ca\u010dku, sjeni\u010dki karatisti iz karate klubova &#8221;Pobjednik&#8221; i &#8221;Sjenica&#8221;, osvojili su ukupno sedam medalja, kvalifikuju\u0107i se za Prvenstvo Karate federacije Srbije, koje \u0107e se odr\u017eati 11.decembra u Novom Sadu.<\/strong><\/p>\n<p>Takmi\u010dari novoformiranog KK &#8221;Pobjednik&#8221;, osvojili su dvije zlatne i jednu srebrnu medalju. U juniorskoj konkurenciji zlato je osvojila najuspe\u0161nija karatistkinja Sjenice, Fahira Fazli\u0107, dok je u kategoriji mla\u0111ih seniora za Pobjednik, Kenan Mahmutovi\u0107 osvojio zlatnu, a Zerina Avdovi\u0107, srebrnu medalju. Najuspje\u0161niji me\u0111u takmi\u010darima KK &#8221;Sjenica&#8221;, koji su se borili u te\u0161koj i polute\u0161koj juniorskoj konkurenciji, bio je Adis Drndi\u0107, koji je osvojio zlatnu medalju u te\u0161koj kategoriji. Srebrne medalje osvojili su Bajramka Lakota i Milo\u0161 Radeka, a bronzanu Kerim Mahmutovi\u0107.<\/p>\n<p>Izvor: <strong>Danas.rs<\/strong><\/p>\n","protected":false},"excerpt":{"rendered":"<p>Sjenica\u00a0&#8211; Na Prvenstvu u\u017ee Srbije, odr\u017eanom proteklog vikenda u \u010ca\u010dku, sjeni\u010dki karatisti iz karate klubova &#8221;Pobjednik&#8221; i &#8221;Sjenica&#8221;, osvojili su ukupno sedam medalja, kvalifikuju\u0107i se za Prvenstvo Karate federacije Srbije, koje \u0107e se odr\u017eati 11.decembra u Novom Sadu. Takmi\u010dari novoformiranog KK &#8221;Pobjednik&#8221;, osvojili su dvije zlatne i jednu srebrnu medalju. U juniorskoj konkurenciji zlato je [&hellip;]<\/p>\n","protected":false},"author":83,"featured_media":10343,"comment_status":"open","ping_status":"open","sticky":false,"template":"","format":"standard","meta":{"footnotes":""},"categories":[52,13],"tags":[],"class_list":{"0":"post-10342","1":"post","2":"type-post","3":"status-publish","4":"format-standard","5":"has-post-thumbnail","7":"category-sjenica","8":"category-sport"},"yoast_head":"<!-- This site is optimized with the Yoast SEO Premium plugin v23.1 (Yoast SEO v24.9) - https:\/\/yoast.com\/wordpress\/plugins\/seo\/ -->\n<title>Sjeni\u010dki karatisti osvojili sedam medalja<\/title>\n<meta name=\"robots\" content=\"index, follow, max-snippet:-1, max-image-preview:large, max-video-preview:-1\" \/>\n<link rel=\"canonical\" href=\"https:\/\/sandzakpress.net\/arhiva\/sjenicki-karatisti-osvojili-sedam-medalja\/\" \/>\n<meta property=\"og:locale\" content=\"bs_BA\" \/>\n<meta property=\"og:type\" content=\"article\" \/>\n<meta property=\"og:title\" content=\"Sjeni\u010dki karatisti osvojili sedam medalja\" \/>\n<meta property=\"og:description\" content=\"Sjenica\u00a0&#8211; Na Prvenstvu u\u017ee Srbije, odr\u017eanom proteklog vikenda u \u010ca\u010dku, sjeni\u010dki karatisti iz karate klubova &#8221;Pobjednik&#8221; i &#8221;Sjenica&#8221;, osvojili su ukupno sedam medalja, kvalifikuju\u0107i se za Prvenstvo Karate federacije Srbije, koje \u0107e se odr\u017eati 11.decembra u Novom Sadu. Takmi\u010dari novoformiranog KK &#8221;Pobjednik&#8221;, osvojili su dvije zlatne i jednu srebrnu medalju. U juniorskoj konkurenciji zlato je [&hellip;]\" \/>\n<meta property=\"og:url\" content=\"https:\/\/sandzakpress.net\/arhiva\/sjenicki-karatisti-osvojili-sedam-medalja\/\" \/>\n<meta property=\"og:site_name\" content=\"Sand\u017eak PRESS\" \/>\n<meta property=\"article:published_time\" content=\"2010-12-09T21:09:54+00:00\" \/>\n<meta property=\"article:modified_time\" content=\"2010-12-09T21:10:46+00:00\" \/>\n<meta property=\"og:image\" content=\"https:\/\/sandzakpress.net\/arhiva\/wp-content\/uploads\/2010\/12\/karate.jpg\" \/>\n\t<meta property=\"og:image:width\" content=\"449\" \/>\n\t<meta property=\"og:image:height\" content=\"429\" \/>\n\t<meta property=\"og:image:type\" content=\"image\/jpeg\" \/>\n<meta name=\"author\" content=\"bosniak\" \/>\n<meta name=\"twitter:card\" content=\"summary_large_image\" \/>\n<meta name=\"twitter:label1\" content=\"Written by\" \/>\n\t<meta name=\"twitter:data1\" content=\"bosniak\" \/>\n\t<meta name=\"twitter:label2\" content=\"Est. reading time\" \/>\n\t<meta name=\"twitter:data2\" content=\"1 minuta\" \/>\n<script type=\"application\/ld+json\" class=\"yoast-schema-graph\">{\"@context\":\"https:\/\/schema.org\",\"@graph\":[{\"@type\":\"Article\",\"@id\":\"https:\/\/sandzakpress.net\/arhiva\/sjenicki-karatisti-osvojili-sedam-medalja\/#article\",\"isPartOf\":{\"@id\":\"https:\/\/sandzakpress.net\/arhiva\/sjenicki-karatisti-osvojili-sedam-medalja\/\"},\"author\":{\"name\":\"bosniak\",\"@id\":\"https:\/\/sandzakpress.net\/arhiva\/#\/schema\/person\/c8baee722073534b583ea7bdb2e36c02\"},\"headline\":\"Sjeni\u010dki karatisti osvojili sedam medalja\",\"datePublished\":\"2010-12-09T21:09:54+00:00\",\"dateModified\":\"2010-12-09T21:10:46+00:00\",\"mainEntityOfPage\":{\"@id\":\"https:\/\/sandzakpress.net\/arhiva\/sjenicki-karatisti-osvojili-sedam-medalja\/\"},\"wordCount\":143,\"commentCount\":0,\"publisher\":{\"@id\":\"https:\/\/sandzakpress.net\/arhiva\/#\/schema\/person\/6e72b67d6e51910a1117b3b483ba20bd\"},\"image\":{\"@id\":\"https:\/\/sandzakpress.net\/arhiva\/sjenicki-karatisti-osvojili-sedam-medalja\/#primaryimage\"},\"thumbnailUrl\":\"https:\/\/sandzakpress.net\/arhiva\/wp-content\/uploads\/2010\/12\/karate.jpg\",\"articleSection\":[\"Sjenica\",\"Sport\"],\"inLanguage\":\"bs-BA\",\"potentialAction\":[{\"@type\":\"CommentAction\",\"name\":\"Comment\",\"target\":[\"https:\/\/sandzakpress.net\/arhiva\/sjenicki-karatisti-osvojili-sedam-medalja\/#respond\"]}]},{\"@type\":\"WebPage\",\"@id\":\"https:\/\/sandzakpress.net\/arhiva\/sjenicki-karatisti-osvojili-sedam-medalja\/\",\"url\":\"https:\/\/sandzakpress.net\/arhiva\/sjenicki-karatisti-osvojili-sedam-medalja\/\",\"name\":\"Sjeni\u010dki karatisti osvojili sedam medalja\",\"isPartOf\":{\"@id\":\"https:\/\/sandzakpress.net\/arhiva\/#website\"},\"primaryImageOfPage\":{\"@id\":\"https:\/\/sandzakpress.net\/arhiva\/sjenicki-karatisti-osvojili-sedam-medalja\/#primaryimage\"},\"image\":{\"@id\":\"https:\/\/sandzakpress.net\/arhiva\/sjenicki-karatisti-osvojili-sedam-medalja\/#primaryimage\"},\"thumbnailUrl\":\"https:\/\/sandzakpress.net\/arhiva\/wp-content\/uploads\/2010\/12\/karate.jpg\",\"datePublished\":\"2010-12-09T21:09:54+00:00\",\"dateModified\":\"2010-12-09T21:10:46+00:00\",\"breadcrumb\":{\"@id\":\"https:\/\/sandzakpress.net\/arhiva\/sjenicki-karatisti-osvojili-sedam-medalja\/#breadcrumb\"},\"inLanguage\":\"bs-BA\",\"potentialAction\":[{\"@type\":\"ReadAction\",\"target\":[\"https:\/\/sandzakpress.net\/arhiva\/sjenicki-karatisti-osvojili-sedam-medalja\/\"]}]},{\"@type\":\"ImageObject\",\"inLanguage\":\"bs-BA\",\"@id\":\"https:\/\/sandzakpress.net\/arhiva\/sjenicki-karatisti-osvojili-sedam-medalja\/#primaryimage\",\"url\":\"https:\/\/sandzakpress.net\/arhiva\/wp-content\/uploads\/2010\/12\/karate.jpg\",\"contentUrl\":\"https:\/\/sandzakpress.net\/arhiva\/wp-content\/uploads\/2010\/12\/karate.jpg\",\"width\":449,\"height\":429},{\"@type\":\"BreadcrumbList\",\"@id\":\"https:\/\/sandzakpress.net\/arhiva\/sjenicki-karatisti-osvojili-sedam-medalja\/#breadcrumb\",\"itemListElement\":[{\"@type\":\"ListItem\",\"position\":1,\"name\":\"Home\",\"item\":\"https:\/\/sandzakpress.net\/arhiva\/\"},{\"@type\":\"ListItem\",\"position\":2,\"name\":\"Sjeni\u010dki karatisti osvojili sedam medalja\"}]},{\"@type\":\"WebSite\",\"@id\":\"https:\/\/sandzakpress.net\/arhiva\/#website\",\"url\":\"https:\/\/sandzakpress.net\/arhiva\/\",\"name\":\"Sand\u017eak PRESS\",\"description\":\"Prve elektronske novine u Sand\u017eaku\",\"publisher\":{\"@id\":\"https:\/\/sandzakpress.net\/arhiva\/#\/schema\/person\/6e72b67d6e51910a1117b3b483ba20bd\"},\"potentialAction\":[{\"@type\":\"SearchAction\",\"target\":{\"@type\":\"EntryPoint\",\"urlTemplate\":\"https:\/\/sandzakpress.net\/arhiva\/?s={search_term_string}\"},\"query-input\":{\"@type\":\"PropertyValueSpecification\",\"valueRequired\":true,\"valueName\":\"search_term_string\"}}],\"inLanguage\":\"bs-BA\"},{\"@type\":[\"Person\",\"Organization\"],\"@id\":\"https:\/\/sandzakpress.net\/arhiva\/#\/schema\/person\/6e72b67d6e51910a1117b3b483ba20bd\",\"name\":\"Kul\",\"image\":{\"@type\":\"ImageObject\",\"inLanguage\":\"bs-BA\",\"@id\":\"https:\/\/sandzakpress.net\/arhiva\/#\/schema\/person\/image\/\",\"url\":\"https:\/\/secure.gravatar.com\/avatar\/42263f39aa27ac04c43cab85c280eb2e?s=96&d=mm&r=pg\",\"contentUrl\":\"https:\/\/secure.gravatar.com\/avatar\/42263f39aa27ac04c43cab85c280eb2e?s=96&d=mm&r=pg\",\"caption\":\"Kul\"},\"logo\":{\"@id\":\"https:\/\/sandzakpress.net\/arhiva\/#\/schema\/person\/image\/\"}},{\"@type\":\"Person\",\"@id\":\"https:\/\/sandzakpress.net\/arhiva\/#\/schema\/person\/c8baee722073534b583ea7bdb2e36c02\",\"name\":\"bosniak\",\"image\":{\"@type\":\"ImageObject\",\"inLanguage\":\"bs-BA\",\"@id\":\"https:\/\/sandzakpress.net\/arhiva\/#\/schema\/person\/image\/\",\"url\":\"https:\/\/secure.gravatar.com\/avatar\/a04fd330bfe3a36a72a0ad4a6d89fca7?s=96&d=mm&r=pg\",\"contentUrl\":\"https:\/\/secure.gravatar.com\/avatar\/a04fd330bfe3a36a72a0ad4a6d89fca7?s=96&d=mm&r=pg\",\"caption\":\"bosniak\"},\"url\":\"https:\/\/sandzakpress.net\/arhiva\/author\/bosniak\/\"}]}<\/script>\n<!-- \/ Yoast SEO Premium plugin. -->","yoast_head_json":{"title":"Sjeni\u010dki karatisti osvojili sedam medalja","robots":{"index":"index","follow":"follow","max-snippet":"max-snippet:-1","max-image-preview":"max-image-preview:large","max-video-preview":"max-video-preview:-1"},"canonical":"https:\/\/sandzakpress.net\/arhiva\/sjenicki-karatisti-osvojili-sedam-medalja\/","og_locale":"bs_BA","og_type":"article","og_title":"Sjeni\u010dki karatisti osvojili sedam medalja","og_description":"Sjenica\u00a0&#8211; Na Prvenstvu u\u017ee Srbije, odr\u017eanom proteklog vikenda u \u010ca\u010dku, sjeni\u010dki karatisti iz karate klubova &#8221;Pobjednik&#8221; i &#8221;Sjenica&#8221;, osvojili su ukupno sedam medalja, kvalifikuju\u0107i se za Prvenstvo Karate federacije Srbije, koje \u0107e se odr\u017eati 11.decembra u Novom Sadu. Takmi\u010dari novoformiranog KK &#8221;Pobjednik&#8221;, osvojili su dvije zlatne i jednu srebrnu medalju. U juniorskoj konkurenciji zlato je [&hellip;]","og_url":"https:\/\/sandzakpress.net\/arhiva\/sjenicki-karatisti-osvojili-sedam-medalja\/","og_site_name":"Sand\u017eak PRESS","article_published_time":"2010-12-09T21:09:54+00:00","article_modified_time":"2010-12-09T21:10:46+00:00","og_image":[{"width":449,"height":429,"url":"https:\/\/sandzakpress.net\/arhiva\/wp-content\/uploads\/2010\/12\/karate.jpg","type":"image\/jpeg"}],"author":"bosniak","twitter_card":"summary_large_image","twitter_misc":{"Written by":"bosniak","Est. reading time":"1 minuta"},"schema":{"@context":"https:\/\/schema.org","@graph":[{"@type":"Article","@id":"https:\/\/sandzakpress.net\/arhiva\/sjenicki-karatisti-osvojili-sedam-medalja\/#article","isPartOf":{"@id":"https:\/\/sandzakpress.net\/arhiva\/sjenicki-karatisti-osvojili-sedam-medalja\/"},"author":{"name":"bosniak","@id":"https:\/\/sandzakpress.net\/arhiva\/#\/schema\/person\/c8baee722073534b583ea7bdb2e36c02"},"headline":"Sjeni\u010dki karatisti osvojili sedam medalja","datePublished":"2010-12-09T21:09:54+00:00","dateModified":"2010-12-09T21:10:46+00:00","mainEntityOfPage":{"@id":"https:\/\/sandzakpress.net\/arhiva\/sjenicki-karatisti-osvojili-sedam-medalja\/"},"wordCount":143,"commentCount":0,"publisher":{"@id":"https:\/\/sandzakpress.net\/arhiva\/#\/schema\/person\/6e72b67d6e51910a1117b3b483ba20bd"},"image":{"@id":"https:\/\/sandzakpress.net\/arhiva\/sjenicki-karatisti-osvojili-sedam-medalja\/#primaryimage"},"thumbnailUrl":"https:\/\/sandzakpress.net\/arhiva\/wp-content\/uploads\/2010\/12\/karate.jpg","articleSection":["Sjenica","Sport"],"inLanguage":"bs-BA","potentialAction":[{"@type":"CommentAction","name":"Comment","target":["https:\/\/sandzakpress.net\/arhiva\/sjenicki-karatisti-osvojili-sedam-medalja\/#respond"]}]},{"@type":"WebPage","@id":"https:\/\/sandzakpress.net\/arhiva\/sjenicki-karatisti-osvojili-sedam-medalja\/","url":"https:\/\/sandzakpress.net\/arhiva\/sjenicki-karatisti-osvojili-sedam-medalja\/","name":"Sjeni\u010dki karatisti osvojili sedam medalja","isPartOf":{"@id":"https:\/\/sandzakpress.net\/arhiva\/#website"},"primaryImageOfPage":{"@id":"https:\/\/sandzakpress.net\/arhiva\/sjenicki-karatisti-osvojili-sedam-medalja\/#primaryimage"},"image":{"@id":"https:\/\/sandzakpress.net\/arhiva\/sjenicki-karatisti-osvojili-sedam-medalja\/#primaryimage"},"thumbnailUrl":"https:\/\/sandzakpress.net\/arhiva\/wp-content\/uploads\/2010\/12\/karate.jpg","datePublished":"2010-12-09T21:09:54+00:00","dateModified":"2010-12-09T21:10:46+00:00","breadcrumb":{"@id":"https:\/\/sandzakpress.net\/arhiva\/sjenicki-karatisti-osvojili-sedam-medalja\/#breadcrumb"},"inLanguage":"bs-BA","potentialAction":[{"@type":"ReadAction","target":["https:\/\/sandzakpress.net\/arhiva\/sjenicki-karatisti-osvojili-sedam-medalja\/"]}]},{"@type":"ImageObject","inLanguage":"bs-BA","@id":"https:\/\/sandzakpress.net\/arhiva\/sjenicki-karatisti-osvojili-sedam-medalja\/#primaryimage","url":"https:\/\/sandzakpress.net\/arhiva\/wp-content\/uploads\/2010\/12\/karate.jpg","contentUrl":"https:\/\/sandzakpress.net\/arhiva\/wp-content\/uploads\/2010\/12\/karate.jpg","width":449,"height":429},{"@type":"BreadcrumbList","@id":"https:\/\/sandzakpress.net\/arhiva\/sjenicki-karatisti-osvojili-sedam-medalja\/#breadcrumb","itemListElement":[{"@type":"ListItem","position":1,"name":"Home","item":"https:\/\/sandzakpress.net\/arhiva\/"},{"@type":"ListItem","position":2,"name":"Sjeni\u010dki karatisti osvojili sedam medalja"}]},{"@type":"WebSite","@id":"https:\/\/sandzakpress.net\/arhiva\/#website","url":"https:\/\/sandzakpress.net\/arhiva\/","name":"Sand\u017eak PRESS","description":"Prve elektronske novine u Sand\u017eaku","publisher":{"@id":"https:\/\/sandzakpress.net\/arhiva\/#\/schema\/person\/6e72b67d6e51910a1117b3b483ba20bd"},"potentialAction":[{"@type":"SearchAction","target":{"@type":"EntryPoint","urlTemplate":"https:\/\/sandzakpress.net\/arhiva\/?s={search_term_string}"},"query-input":{"@type":"PropertyValueSpecification","valueRequired":true,"valueName":"search_term_string"}}],"inLanguage":"bs-BA"},{"@type":["Person","Organization"],"@id":"https:\/\/sandzakpress.net\/arhiva\/#\/schema\/person\/6e72b67d6e51910a1117b3b483ba20bd","name":"Kul","image":{"@type":"ImageObject","inLanguage":"bs-BA","@id":"https:\/\/sandzakpress.net\/arhiva\/#\/schema\/person\/image\/","url":"https:\/\/secure.gravatar.com\/avatar\/42263f39aa27ac04c43cab85c280eb2e?s=96&d=mm&r=pg","contentUrl":"https:\/\/secure.gravatar.com\/avatar\/42263f39aa27ac04c43cab85c280eb2e?s=96&d=mm&r=pg","caption":"Kul"},"logo":{"@id":"https:\/\/sandzakpress.net\/arhiva\/#\/schema\/person\/image\/"}},{"@type":"Person","@id":"https:\/\/sandzakpress.net\/arhiva\/#\/schema\/person\/c8baee722073534b583ea7bdb2e36c02","name":"bosniak","image":{"@type":"ImageObject","inLanguage":"bs-BA","@id":"https:\/\/sandzakpress.net\/arhiva\/#\/schema\/person\/image\/","url":"https:\/\/secure.gravatar.com\/avatar\/a04fd330bfe3a36a72a0ad4a6d89fca7?s=96&d=mm&r=pg","contentUrl":"https:\/\/secure.gravatar.com\/avatar\/a04fd330bfe3a36a72a0ad4a6d89fca7?s=96&d=mm&r=pg","caption":"bosniak"},"url":"https:\/\/sandzakpress.net\/arhiva\/author\/bosniak\/"}]}},"_links":{"self":[{"href":"https:\/\/sandzakpress.net\/arhiva\/wp-json\/wp\/v2\/posts\/10342"}],"collection":[{"href":"https:\/\/sandzakpress.net\/arhiva\/wp-json\/wp\/v2\/posts"}],"about":[{"href":"https:\/\/sandzakpress.net\/arhiva\/wp-json\/wp\/v2\/types\/post"}],"author":[{"embeddable":true,"href":"https:\/\/sandzakpress.net\/arhiva\/wp-json\/wp\/v2\/users\/83"}],"replies":[{"embeddable":true,"href":"https:\/\/sandzakpress.net\/arhiva\/wp-json\/wp\/v2\/comments?post=10342"}],"version-history":[{"count":0,"href":"https:\/\/sandzakpress.net\/arhiva\/wp-json\/wp\/v2\/posts\/10342\/revisions"}],"wp:featuredmedia":[{"embeddable":true,"href":"https:\/\/sandzakpress.net\/arhiva\/wp-json\/wp\/v2\/media\/10343"}],"wp:attachment":[{"href":"https:\/\/sandzakpress.net\/arhiva\/wp-json\/wp\/v2\/media?parent=10342"}],"wp:term":[{"taxonomy":"category","embeddable":true,"href":"https:\/\/sandzakpress.net\/arhiva\/wp-json\/wp\/v2\/categories?post=10342"},{"taxonomy":"post_tag","embeddable":true,"href":"https:\/\/sandzakpress.net\/arhiva\/wp-json\/wp\/v2\/tags?post=10342"}],"curies":[{"name":"wp","href":"https:\/\/api.w.org\/{rel}","templated":true}]}}