{"id":103372,"date":"2014-03-24T19:26:42","date_gmt":"2014-03-24T18:26:42","guid":{"rendered":"https:\/\/sandzakpress.net\/arhiva\/?p=103372"},"modified":"2014-03-24T19:26:42","modified_gmt":"2014-03-24T18:26:42","slug":"masakr-se-nastavlja-osudeno-529-clanova-muslimanske-brace-na-smrtnu-kaznu-zbog-ubistva-1-policajca","status":"publish","type":"post","link":"https:\/\/sandzakpress.net\/arhiva\/masakr-se-nastavlja-osudeno-529-clanova-muslimanske-brace-na-smrtnu-kaznu-zbog-ubistva-1-policajca\/","title":{"rendered":"Masakr se nastavlja: Osu\u0111eno 529 \u010dlanova Muslimanske bra\u0107e na smrtnu kaznu zbog ubistva 1 policajca"},"content":{"rendered":"<div class=\"youtube-embed\" data-video_id=\"9UsqNdHKovU\"><iframe loading=\"lazy\" title=\"Najve\u0107a masovna osuda na smrt u Egiptu\" width=\"696\" height=\"392\" src=\"https:\/\/www.youtube.com\/embed\/9UsqNdHKovU?feature=oembed&#038;enablejsapi=1\" frameborder=\"0\" allow=\"accelerometer; autoplay; encrypted-media; gyroscope; picture-in-picture\" allowfullscreen><\/iframe><\/div>\n<div>\n<p><strong>Egipat &#8211; Egipatski sud osudio na smrt 529 \u010dlanova Muslimanske bra\u0107e, Amnesty ka\u017ee da treba ukinuti smrtnu kaznu.<\/strong><\/p>\n<\/div>\n<div>\n<p>Egipatski sud uputio je 529 \u010dlanova Muslimanske bra\u0107e muftiji, koji daje pravna mi\u0161ljenja i ukaze, kako bi odobrio smrtnu kaznu koja im je izre\u010dena, prenosi egipatska dr\u017eavna televizija.<\/p>\n<p>Osu\u0111enici su, kako se navodi, me\u0111u 545 optu\u017eenih za ubistvo policajca, poku\u0161aj ubistva dvojice drugih policajaca, napada na policijsku stanicu i druge \u010dinove nasilja.<\/p>\n<p>&#8220;Sud je odlu\u010dio da osudi na smrt 529 optu\u017eenih, dok je 16 njih oslobo\u0111eno optu\u017ebi&#8221;, rekao je advokat Ahmed al-Sharif za Reuters.<\/p>\n<p>Osu\u0111eni imaju pravo \u017ealbe.<\/p>\n<p>&#8220;Ovo je najbr\u017ei sudski proces, a broj osu\u0111enih na smrt je najve\u0107i u istoriji pravosu\u0111a&#8221;, rekao je Nabil Abdel Salam, advokat nekolicine vo\u0111a Muslimanske bra\u0107e, uklju\u010duju\u0107i svrgnutog predsjednika Muhameda Mursija.<\/p>\n<p>Dr\u017eavna televizija je prenijela vijest o presudi bez komentara. Portparol Vlade nije odgovarao na pozive, prenosi Reuters.<\/p>\n<p><strong>Sutra nove presude<\/strong><\/p>\n<p>Ve\u0107ina osu\u0111enih je uhap\u0161ena tokom sukoba koji su izbili u ju\u017enoj oblasti Minya, nakon \u0161to su rasturena dva protestna kampa Muslimanske bra\u0107e u Kairu 14. augusta.<\/p>\n<p>Samo 123 optu\u017eena su bila prisutna u sudnici. Ostali se brane sa slobode, u bjekstvu su ili su oslobo\u0111eni.<\/p>\n<p>U utorak se o\u010dekuje su\u0111enje drugoj grupi od 700 optu\u017eenih, koji se terete za napade na ljude i dr\u017eavnu imovinu u ju\u017enom Egiptu u augustu pro\u0161le godine.<\/p>\n<p><a href=\"http:\/\/balkans.aljazeera.net\/tema\/egipat-u-tranziciji\" target=\"_blank\">Vlada Egipta<\/a>\u00a0zabranila je organizaciju Muslimanska bra\u0107a, te uhapsila brojne njene vo\u0111e i \u010dlanove.<\/p>\n<p>Gu\u0161enje organizacije po\u010delo je svrgavanjem Mursija u julu 2013. godine.<\/p>\n<p><strong>Amnesty: Nema pravde<\/strong><\/p>\n<p>Amnesty International osudio je odluku Suda, rekav\u0161i da su masovne smrtne kazne &#8220;apsurdan primjer nedostataka i selektivne prirode egipatskog pravosudnog sistema&#8221;.<\/p>\n<p>&#8220;Ovo je velika nepravda i ove smrtne kazne moraju biti ukinute. Odre\u0111ivanje smrtnih kazni na ovom nivou u jednom jedinom slu\u010daju zna\u010di da je Egipat pretekao broj smrtnih kazni izre\u010den u ve\u0107ini drugih dr\u017eava&#8221;, rekla je Hassiba Hadj Sahraoui, zamjenica direktora Amnestyja za Bliski istok i Sjevernu Afriku.<\/p>\n<p>&#8220;Ovo je najve\u0107a masovna smrtna kazna izre\u010dena posljednjih godina, ne samo u Egiptu nego bilo gdje u svijetu&#8221;, dodala je Hadj Sahraoui.<\/p>\n<p>&#8220;Egipatski sudovi po\u017eurili su da kazne pristalice Muhameda Mursija, ali ignori\u0161u \u010dinjenicu da snage sigurnosti masovno kr\u0161e ljudska prava. Dok hiljade Mursijevih pristalica trunu u zatvoru, nije bilo adekvatne istrage o pogibijama stotina demonstranata. Samo jedan policajac je osu\u0111en na zatvorsku kaznu, zbog smrti 37 zatvorenika.&#8221;<\/p>\n<p>AI poziva na pokretanje nezavisnog i nepristrasnog sistema, koji \u0107e donijeti istinu i pravdu svima. U protivnom, &#8220;mnogi \u0107e se pitati da li egipatsko pravosu\u0111e ima ikakve veze s pravdom&#8221;, rekla je Hadj Sahraoui.<\/p>\n<p>Amnesty smatra da egipatske vlasti trebaju proglasiti moratorijum na pogubljenja, te razmotriti potpuno ukidanje smrtne kazne.<\/p>\n<p>Egipatske vlasti ne objavljuju statistiku o izre\u010denim smrtnim kaznama i pogubljenjima, uprkos \u010destim upitima Amnesty Internationala.<\/p>\n<p>Ova organizacija za za\u0161titu ljudskih prava saznala je da su egipatski sudovi izrekli najmanje 109 smrtnih kazni 2013, dok je godinu ranije taj broj bio 91.<\/p>\n<p>Posljednji javno poznati slu\u010daj pogubljenja desio se u oktobru 2011, kada je mu\u0161karac obje\u0161en zbog ubistava \u0161est koptskih hri\u0161\u0107ana i policijskog \u010duvara, muslimana, navode u Amnestyju.<\/p>\n<p><em>Izvor: Al Jazeera i agencije<\/em><\/p>\n<\/div>\n","protected":false},"excerpt":{"rendered":"<p>Nikada u svijetu nije osu\u0111eno vi\u0161e smrtnih kazni u jednom danu &#8211; Masakr nad muslimanima Egipta se nastavlja<\/p>\n","protected":false},"author":83,"featured_media":103373,"comment_status":"open","ping_status":"open","sticky":false,"template":"","format":"standard","meta":{"footnotes":""},"categories":[9,8957],"tags":[10228],"class_list":{"0":"post-103372","1":"post","2":"type-post","3":"status-publish","4":"format-standard","5":"has-post-thumbnail","7":"category-svijet","8":"category-vijesti-dana","9":"tag-egipat"},"yoast_head":"<!-- This site is optimized with the Yoast SEO Premium plugin v23.1 (Yoast SEO v24.9) - https:\/\/yoast.com\/wordpress\/plugins\/seo\/ -->\n<title>Masakr se nastavlja: Osu\u0111eno 529 \u010dlanova Muslimanske bra\u0107e na smrtnu kaznu zbog ubistva 1 policajca<\/title>\n<meta name=\"robots\" content=\"index, follow, max-snippet:-1, max-image-preview:large, max-video-preview:-1\" \/>\n<link rel=\"canonical\" href=\"https:\/\/sandzakpress.net\/arhiva\/masakr-se-nastavlja-osudeno-529-clanova-muslimanske-brace-na-smrtnu-kaznu-zbog-ubistva-1-policajca\/\" \/>\n<meta property=\"og:locale\" content=\"bs_BA\" \/>\n<meta property=\"og:type\" content=\"article\" \/>\n<meta property=\"og:title\" content=\"Masakr se nastavlja: Osu\u0111eno 529 \u010dlanova Muslimanske bra\u0107e na smrtnu kaznu zbog ubistva 1 policajca\" \/>\n<meta property=\"og:description\" content=\"Nikada u svijetu nije osu\u0111eno vi\u0161e smrtnih kazni u jednom danu - Masakr nad muslimanima Egipta se nastavlja\" \/>\n<meta property=\"og:url\" content=\"https:\/\/sandzakpress.net\/arhiva\/masakr-se-nastavlja-osudeno-529-clanova-muslimanske-brace-na-smrtnu-kaznu-zbog-ubistva-1-policajca\/\" \/>\n<meta property=\"og:site_name\" content=\"Sand\u017eak PRESS\" \/>\n<meta property=\"article:published_time\" content=\"2014-03-24T18:26:42+00:00\" \/>\n<meta property=\"og:image\" content=\"https:\/\/sandzakpress.net\/arhiva\/wp-content\/uploads\/2014\/03\/032.jpg\" \/>\n\t<meta property=\"og:image:width\" content=\"480\" \/>\n\t<meta property=\"og:image:height\" content=\"360\" \/>\n\t<meta property=\"og:image:type\" content=\"image\/jpeg\" \/>\n<meta name=\"author\" content=\"bosniak\" \/>\n<meta name=\"twitter:card\" content=\"summary_large_image\" \/>\n<meta name=\"twitter:label1\" content=\"Written by\" \/>\n\t<meta name=\"twitter:data1\" content=\"bosniak\" \/>\n\t<meta name=\"twitter:label2\" content=\"Est. reading time\" \/>\n\t<meta name=\"twitter:data2\" content=\"3 minute\" \/>\n<script type=\"application\/ld+json\" class=\"yoast-schema-graph\">{\"@context\":\"https:\/\/schema.org\",\"@graph\":[{\"@type\":\"Article\",\"@id\":\"https:\/\/sandzakpress.net\/arhiva\/masakr-se-nastavlja-osudeno-529-clanova-muslimanske-brace-na-smrtnu-kaznu-zbog-ubistva-1-policajca\/#article\",\"isPartOf\":{\"@id\":\"https:\/\/sandzakpress.net\/arhiva\/masakr-se-nastavlja-osudeno-529-clanova-muslimanske-brace-na-smrtnu-kaznu-zbog-ubistva-1-policajca\/\"},\"author\":{\"name\":\"bosniak\",\"@id\":\"https:\/\/sandzakpress.net\/arhiva\/#\/schema\/person\/c8baee722073534b583ea7bdb2e36c02\"},\"headline\":\"Masakr se nastavlja: Osu\u0111eno 529 \u010dlanova Muslimanske bra\u0107e na smrtnu kaznu zbog ubistva 1 policajca\",\"datePublished\":\"2014-03-24T18:26:42+00:00\",\"mainEntityOfPage\":{\"@id\":\"https:\/\/sandzakpress.net\/arhiva\/masakr-se-nastavlja-osudeno-529-clanova-muslimanske-brace-na-smrtnu-kaznu-zbog-ubistva-1-policajca\/\"},\"wordCount\":574,\"commentCount\":10,\"publisher\":{\"@id\":\"https:\/\/sandzakpress.net\/arhiva\/#\/schema\/person\/6e72b67d6e51910a1117b3b483ba20bd\"},\"image\":{\"@id\":\"https:\/\/sandzakpress.net\/arhiva\/masakr-se-nastavlja-osudeno-529-clanova-muslimanske-brace-na-smrtnu-kaznu-zbog-ubistva-1-policajca\/#primaryimage\"},\"thumbnailUrl\":\"https:\/\/sandzakpress.net\/arhiva\/wp-content\/uploads\/2014\/03\/032.jpg\",\"keywords\":[\"Egipat\"],\"articleSection\":[\"Svijet\",\"VIJESTI DANA\"],\"inLanguage\":\"bs-BA\",\"potentialAction\":[{\"@type\":\"CommentAction\",\"name\":\"Comment\",\"target\":[\"https:\/\/sandzakpress.net\/arhiva\/masakr-se-nastavlja-osudeno-529-clanova-muslimanske-brace-na-smrtnu-kaznu-zbog-ubistva-1-policajca\/#respond\"]}]},{\"@type\":\"WebPage\",\"@id\":\"https:\/\/sandzakpress.net\/arhiva\/masakr-se-nastavlja-osudeno-529-clanova-muslimanske-brace-na-smrtnu-kaznu-zbog-ubistva-1-policajca\/\",\"url\":\"https:\/\/sandzakpress.net\/arhiva\/masakr-se-nastavlja-osudeno-529-clanova-muslimanske-brace-na-smrtnu-kaznu-zbog-ubistva-1-policajca\/\",\"name\":\"Masakr se nastavlja: Osu\u0111eno 529 \u010dlanova Muslimanske bra\u0107e na smrtnu kaznu zbog ubistva 1 policajca\",\"isPartOf\":{\"@id\":\"https:\/\/sandzakpress.net\/arhiva\/#website\"},\"primaryImageOfPage\":{\"@id\":\"https:\/\/sandzakpress.net\/arhiva\/masakr-se-nastavlja-osudeno-529-clanova-muslimanske-brace-na-smrtnu-kaznu-zbog-ubistva-1-policajca\/#primaryimage\"},\"image\":{\"@id\":\"https:\/\/sandzakpress.net\/arhiva\/masakr-se-nastavlja-osudeno-529-clanova-muslimanske-brace-na-smrtnu-kaznu-zbog-ubistva-1-policajca\/#primaryimage\"},\"thumbnailUrl\":\"https:\/\/sandzakpress.net\/arhiva\/wp-content\/uploads\/2014\/03\/032.jpg\",\"datePublished\":\"2014-03-24T18:26:42+00:00\",\"breadcrumb\":{\"@id\":\"https:\/\/sandzakpress.net\/arhiva\/masakr-se-nastavlja-osudeno-529-clanova-muslimanske-brace-na-smrtnu-kaznu-zbog-ubistva-1-policajca\/#breadcrumb\"},\"inLanguage\":\"bs-BA\",\"potentialAction\":[{\"@type\":\"ReadAction\",\"target\":[\"https:\/\/sandzakpress.net\/arhiva\/masakr-se-nastavlja-osudeno-529-clanova-muslimanske-brace-na-smrtnu-kaznu-zbog-ubistva-1-policajca\/\"]}]},{\"@type\":\"ImageObject\",\"inLanguage\":\"bs-BA\",\"@id\":\"https:\/\/sandzakpress.net\/arhiva\/masakr-se-nastavlja-osudeno-529-clanova-muslimanske-brace-na-smrtnu-kaznu-zbog-ubistva-1-policajca\/#primaryimage\",\"url\":\"https:\/\/sandzakpress.net\/arhiva\/wp-content\/uploads\/2014\/03\/032.jpg\",\"contentUrl\":\"https:\/\/sandzakpress.net\/arhiva\/wp-content\/uploads\/2014\/03\/032.jpg\",\"width\":480,\"height\":360},{\"@type\":\"BreadcrumbList\",\"@id\":\"https:\/\/sandzakpress.net\/arhiva\/masakr-se-nastavlja-osudeno-529-clanova-muslimanske-brace-na-smrtnu-kaznu-zbog-ubistva-1-policajca\/#breadcrumb\",\"itemListElement\":[{\"@type\":\"ListItem\",\"position\":1,\"name\":\"Home\",\"item\":\"https:\/\/sandzakpress.net\/arhiva\/\"},{\"@type\":\"ListItem\",\"position\":2,\"name\":\"Masakr se nastavlja: Osu\u0111eno 529 \u010dlanova Muslimanske bra\u0107e na smrtnu kaznu zbog ubistva 1 policajca\"}]},{\"@type\":\"WebSite\",\"@id\":\"https:\/\/sandzakpress.net\/arhiva\/#website\",\"url\":\"https:\/\/sandzakpress.net\/arhiva\/\",\"name\":\"Sand\u017eak PRESS\",\"description\":\"Prve elektronske novine u Sand\u017eaku\",\"publisher\":{\"@id\":\"https:\/\/sandzakpress.net\/arhiva\/#\/schema\/person\/6e72b67d6e51910a1117b3b483ba20bd\"},\"potentialAction\":[{\"@type\":\"SearchAction\",\"target\":{\"@type\":\"EntryPoint\",\"urlTemplate\":\"https:\/\/sandzakpress.net\/arhiva\/?s={search_term_string}\"},\"query-input\":{\"@type\":\"PropertyValueSpecification\",\"valueRequired\":true,\"valueName\":\"search_term_string\"}}],\"inLanguage\":\"bs-BA\"},{\"@type\":[\"Person\",\"Organization\"],\"@id\":\"https:\/\/sandzakpress.net\/arhiva\/#\/schema\/person\/6e72b67d6e51910a1117b3b483ba20bd\",\"name\":\"Kul\",\"image\":{\"@type\":\"ImageObject\",\"inLanguage\":\"bs-BA\",\"@id\":\"https:\/\/sandzakpress.net\/arhiva\/#\/schema\/person\/image\/\",\"url\":\"https:\/\/secure.gravatar.com\/avatar\/42263f39aa27ac04c43cab85c280eb2e?s=96&d=mm&r=pg\",\"contentUrl\":\"https:\/\/secure.gravatar.com\/avatar\/42263f39aa27ac04c43cab85c280eb2e?s=96&d=mm&r=pg\",\"caption\":\"Kul\"},\"logo\":{\"@id\":\"https:\/\/sandzakpress.net\/arhiva\/#\/schema\/person\/image\/\"}},{\"@type\":\"Person\",\"@id\":\"https:\/\/sandzakpress.net\/arhiva\/#\/schema\/person\/c8baee722073534b583ea7bdb2e36c02\",\"name\":\"bosniak\",\"image\":{\"@type\":\"ImageObject\",\"inLanguage\":\"bs-BA\",\"@id\":\"https:\/\/sandzakpress.net\/arhiva\/#\/schema\/person\/image\/\",\"url\":\"https:\/\/secure.gravatar.com\/avatar\/a04fd330bfe3a36a72a0ad4a6d89fca7?s=96&d=mm&r=pg\",\"contentUrl\":\"https:\/\/secure.gravatar.com\/avatar\/a04fd330bfe3a36a72a0ad4a6d89fca7?s=96&d=mm&r=pg\",\"caption\":\"bosniak\"},\"url\":\"https:\/\/sandzakpress.net\/arhiva\/author\/bosniak\/\"}]}<\/script>\n<!-- \/ Yoast SEO Premium plugin. -->","yoast_head_json":{"title":"Masakr se nastavlja: Osu\u0111eno 529 \u010dlanova Muslimanske bra\u0107e na smrtnu kaznu zbog ubistva 1 policajca","robots":{"index":"index","follow":"follow","max-snippet":"max-snippet:-1","max-image-preview":"max-image-preview:large","max-video-preview":"max-video-preview:-1"},"canonical":"https:\/\/sandzakpress.net\/arhiva\/masakr-se-nastavlja-osudeno-529-clanova-muslimanske-brace-na-smrtnu-kaznu-zbog-ubistva-1-policajca\/","og_locale":"bs_BA","og_type":"article","og_title":"Masakr se nastavlja: Osu\u0111eno 529 \u010dlanova Muslimanske bra\u0107e na smrtnu kaznu zbog ubistva 1 policajca","og_description":"Nikada u svijetu nije osu\u0111eno vi\u0161e smrtnih kazni u jednom danu - Masakr nad muslimanima Egipta se nastavlja","og_url":"https:\/\/sandzakpress.net\/arhiva\/masakr-se-nastavlja-osudeno-529-clanova-muslimanske-brace-na-smrtnu-kaznu-zbog-ubistva-1-policajca\/","og_site_name":"Sand\u017eak PRESS","article_published_time":"2014-03-24T18:26:42+00:00","og_image":[{"width":480,"height":360,"url":"https:\/\/sandzakpress.net\/arhiva\/wp-content\/uploads\/2014\/03\/032.jpg","type":"image\/jpeg"}],"author":"bosniak","twitter_card":"summary_large_image","twitter_misc":{"Written by":"bosniak","Est. reading time":"3 minute"},"schema":{"@context":"https:\/\/schema.org","@graph":[{"@type":"Article","@id":"https:\/\/sandzakpress.net\/arhiva\/masakr-se-nastavlja-osudeno-529-clanova-muslimanske-brace-na-smrtnu-kaznu-zbog-ubistva-1-policajca\/#article","isPartOf":{"@id":"https:\/\/sandzakpress.net\/arhiva\/masakr-se-nastavlja-osudeno-529-clanova-muslimanske-brace-na-smrtnu-kaznu-zbog-ubistva-1-policajca\/"},"author":{"name":"bosniak","@id":"https:\/\/sandzakpress.net\/arhiva\/#\/schema\/person\/c8baee722073534b583ea7bdb2e36c02"},"headline":"Masakr se nastavlja: Osu\u0111eno 529 \u010dlanova Muslimanske bra\u0107e na smrtnu kaznu zbog ubistva 1 policajca","datePublished":"2014-03-24T18:26:42+00:00","mainEntityOfPage":{"@id":"https:\/\/sandzakpress.net\/arhiva\/masakr-se-nastavlja-osudeno-529-clanova-muslimanske-brace-na-smrtnu-kaznu-zbog-ubistva-1-policajca\/"},"wordCount":574,"commentCount":10,"publisher":{"@id":"https:\/\/sandzakpress.net\/arhiva\/#\/schema\/person\/6e72b67d6e51910a1117b3b483ba20bd"},"image":{"@id":"https:\/\/sandzakpress.net\/arhiva\/masakr-se-nastavlja-osudeno-529-clanova-muslimanske-brace-na-smrtnu-kaznu-zbog-ubistva-1-policajca\/#primaryimage"},"thumbnailUrl":"https:\/\/sandzakpress.net\/arhiva\/wp-content\/uploads\/2014\/03\/032.jpg","keywords":["Egipat"],"articleSection":["Svijet","VIJESTI DANA"],"inLanguage":"bs-BA","potentialAction":[{"@type":"CommentAction","name":"Comment","target":["https:\/\/sandzakpress.net\/arhiva\/masakr-se-nastavlja-osudeno-529-clanova-muslimanske-brace-na-smrtnu-kaznu-zbog-ubistva-1-policajca\/#respond"]}]},{"@type":"WebPage","@id":"https:\/\/sandzakpress.net\/arhiva\/masakr-se-nastavlja-osudeno-529-clanova-muslimanske-brace-na-smrtnu-kaznu-zbog-ubistva-1-policajca\/","url":"https:\/\/sandzakpress.net\/arhiva\/masakr-se-nastavlja-osudeno-529-clanova-muslimanske-brace-na-smrtnu-kaznu-zbog-ubistva-1-policajca\/","name":"Masakr se nastavlja: Osu\u0111eno 529 \u010dlanova Muslimanske bra\u0107e na smrtnu kaznu zbog ubistva 1 policajca","isPartOf":{"@id":"https:\/\/sandzakpress.net\/arhiva\/#website"},"primaryImageOfPage":{"@id":"https:\/\/sandzakpress.net\/arhiva\/masakr-se-nastavlja-osudeno-529-clanova-muslimanske-brace-na-smrtnu-kaznu-zbog-ubistva-1-policajca\/#primaryimage"},"image":{"@id":"https:\/\/sandzakpress.net\/arhiva\/masakr-se-nastavlja-osudeno-529-clanova-muslimanske-brace-na-smrtnu-kaznu-zbog-ubistva-1-policajca\/#primaryimage"},"thumbnailUrl":"https:\/\/sandzakpress.net\/arhiva\/wp-content\/uploads\/2014\/03\/032.jpg","datePublished":"2014-03-24T18:26:42+00:00","breadcrumb":{"@id":"https:\/\/sandzakpress.net\/arhiva\/masakr-se-nastavlja-osudeno-529-clanova-muslimanske-brace-na-smrtnu-kaznu-zbog-ubistva-1-policajca\/#breadcrumb"},"inLanguage":"bs-BA","potentialAction":[{"@type":"ReadAction","target":["https:\/\/sandzakpress.net\/arhiva\/masakr-se-nastavlja-osudeno-529-clanova-muslimanske-brace-na-smrtnu-kaznu-zbog-ubistva-1-policajca\/"]}]},{"@type":"ImageObject","inLanguage":"bs-BA","@id":"https:\/\/sandzakpress.net\/arhiva\/masakr-se-nastavlja-osudeno-529-clanova-muslimanske-brace-na-smrtnu-kaznu-zbog-ubistva-1-policajca\/#primaryimage","url":"https:\/\/sandzakpress.net\/arhiva\/wp-content\/uploads\/2014\/03\/032.jpg","contentUrl":"https:\/\/sandzakpress.net\/arhiva\/wp-content\/uploads\/2014\/03\/032.jpg","width":480,"height":360},{"@type":"BreadcrumbList","@id":"https:\/\/sandzakpress.net\/arhiva\/masakr-se-nastavlja-osudeno-529-clanova-muslimanske-brace-na-smrtnu-kaznu-zbog-ubistva-1-policajca\/#breadcrumb","itemListElement":[{"@type":"ListItem","position":1,"name":"Home","item":"https:\/\/sandzakpress.net\/arhiva\/"},{"@type":"ListItem","position":2,"name":"Masakr se nastavlja: Osu\u0111eno 529 \u010dlanova Muslimanske bra\u0107e na smrtnu kaznu zbog ubistva 1 policajca"}]},{"@type":"WebSite","@id":"https:\/\/sandzakpress.net\/arhiva\/#website","url":"https:\/\/sandzakpress.net\/arhiva\/","name":"Sand\u017eak PRESS","description":"Prve elektronske novine u Sand\u017eaku","publisher":{"@id":"https:\/\/sandzakpress.net\/arhiva\/#\/schema\/person\/6e72b67d6e51910a1117b3b483ba20bd"},"potentialAction":[{"@type":"SearchAction","target":{"@type":"EntryPoint","urlTemplate":"https:\/\/sandzakpress.net\/arhiva\/?s={search_term_string}"},"query-input":{"@type":"PropertyValueSpecification","valueRequired":true,"valueName":"search_term_string"}}],"inLanguage":"bs-BA"},{"@type":["Person","Organization"],"@id":"https:\/\/sandzakpress.net\/arhiva\/#\/schema\/person\/6e72b67d6e51910a1117b3b483ba20bd","name":"Kul","image":{"@type":"ImageObject","inLanguage":"bs-BA","@id":"https:\/\/sandzakpress.net\/arhiva\/#\/schema\/person\/image\/","url":"https:\/\/secure.gravatar.com\/avatar\/42263f39aa27ac04c43cab85c280eb2e?s=96&d=mm&r=pg","contentUrl":"https:\/\/secure.gravatar.com\/avatar\/42263f39aa27ac04c43cab85c280eb2e?s=96&d=mm&r=pg","caption":"Kul"},"logo":{"@id":"https:\/\/sandzakpress.net\/arhiva\/#\/schema\/person\/image\/"}},{"@type":"Person","@id":"https:\/\/sandzakpress.net\/arhiva\/#\/schema\/person\/c8baee722073534b583ea7bdb2e36c02","name":"bosniak","image":{"@type":"ImageObject","inLanguage":"bs-BA","@id":"https:\/\/sandzakpress.net\/arhiva\/#\/schema\/person\/image\/","url":"https:\/\/secure.gravatar.com\/avatar\/a04fd330bfe3a36a72a0ad4a6d89fca7?s=96&d=mm&r=pg","contentUrl":"https:\/\/secure.gravatar.com\/avatar\/a04fd330bfe3a36a72a0ad4a6d89fca7?s=96&d=mm&r=pg","caption":"bosniak"},"url":"https:\/\/sandzakpress.net\/arhiva\/author\/bosniak\/"}]}},"_links":{"self":[{"href":"https:\/\/sandzakpress.net\/arhiva\/wp-json\/wp\/v2\/posts\/103372"}],"collection":[{"href":"https:\/\/sandzakpress.net\/arhiva\/wp-json\/wp\/v2\/posts"}],"about":[{"href":"https:\/\/sandzakpress.net\/arhiva\/wp-json\/wp\/v2\/types\/post"}],"author":[{"embeddable":true,"href":"https:\/\/sandzakpress.net\/arhiva\/wp-json\/wp\/v2\/users\/83"}],"replies":[{"embeddable":true,"href":"https:\/\/sandzakpress.net\/arhiva\/wp-json\/wp\/v2\/comments?post=103372"}],"version-history":[{"count":0,"href":"https:\/\/sandzakpress.net\/arhiva\/wp-json\/wp\/v2\/posts\/103372\/revisions"}],"wp:featuredmedia":[{"embeddable":true,"href":"https:\/\/sandzakpress.net\/arhiva\/wp-json\/wp\/v2\/media\/103373"}],"wp:attachment":[{"href":"https:\/\/sandzakpress.net\/arhiva\/wp-json\/wp\/v2\/media?parent=103372"}],"wp:term":[{"taxonomy":"category","embeddable":true,"href":"https:\/\/sandzakpress.net\/arhiva\/wp-json\/wp\/v2\/categories?post=103372"},{"taxonomy":"post_tag","embeddable":true,"href":"https:\/\/sandzakpress.net\/arhiva\/wp-json\/wp\/v2\/tags?post=103372"}],"curies":[{"name":"wp","href":"https:\/\/api.w.org\/{rel}","templated":true}]}}