{"id":103253,"date":"2014-03-21T20:10:51","date_gmt":"2014-03-21T19:10:51","guid":{"rendered":"https:\/\/sandzakpress.net\/arhiva\/?p=103253"},"modified":"2014-03-21T20:10:51","modified_gmt":"2014-03-21T19:10:51","slug":"povodom-posjete-dukanovica-sjedinjenim-drzavama-albanske-organizacije-pozivaju-na-demonstracije-ispred-bijele-kuce","status":"publish","type":"post","link":"https:\/\/sandzakpress.net\/arhiva\/povodom-posjete-dukanovica-sjedinjenim-drzavama-albanske-organizacije-pozivaju-na-demonstracije-ispred-bijele-kuce\/","title":{"rendered":"Povodom posjete \u0110ukanovi\u0107a Sjedinjenim Dr\u017eavama albanske organizacije pozivaju na demonstracije ispred Bijele ku\u0107e"},"content":{"rendered":"<p><img loading=\"lazy\" decoding=\"async\" class=\"alignleft\" style=\"font-size: 14px; line-height: 1.5em; border: 0px;\" alt=\"\" src=\"http:\/\/www.bosnjaci.net\/foto\/Albanska_zastava_03b.jpg\" width=\"306\" height=\"186\" border=\"0\" \/><strong>Amerika, Crna Gora &#8211;\u00a0Albanci porijeklom sa etni\u010dkih teritorija pod Crnom Gorom, ujedinjeni, jedinstveni i slo\u017eni kao nikada ranije, sa djelovanjem i aktivnostima u SAD; povodom ponovne zakazane posjete crnogorskog premjera Mila \u0110ukanovi\u0107a upu\u0107uju javni poziv na masovno u\u010de\u0161\u0107e na demonstracije u Washington DC-u, u utorak, 8. aprila 2014. godine. Demonstracije \u0107e se odr\u017eati ispred Bijele ku\u0107e i Ambasade Republike Crne Gore u Washingtonu D.C..<\/strong><\/p>\n<p>Pozivamo cjelokupnu albansku zajednicu u SAD, Albansko-Ameri\u010dku ligu, Albansko-Ameri\u010dki savjet, Panalbansko dru\u0161tvo \u201cVatra\u201c, \u201cAlbanski korjeni\u201d, i sva ostala dru\u0161tva i udru\u017eenja porijeklom iz navedenih albanskih podru\u010dja koja djeluju u SAD, da podr\u017ee demonstracije i masovno u\u010destvuju i solidari\u0161u sa na\u0161om bra\u0107om i sunarodnicima koji \u017eive u Crnoj Gori, nad kojima se u kontin uitetu kr\u0161e ljudska prava<\/p>\n<p>Ove mirne demonstracije imaju za cilj da se digne glas protiv diskriminuju\u0107e politike koju crnogorske vlasti primjenjuju prema na\u0161im sunarodnicima.<\/p>\n<p>Vrijeme je da se dr\u017eavi Crnoj Gori ka\u017ee \u201cSTOP\u201c u primjevanju duplih politi\u010dkih ar\u0161ina prema Albancima.<\/p>\n<p>Vrijeme je da se zaustavi integracija Crne Gore u me\u0111unarodnim institucijama, da se zaustave pregovori sa EU, sve dok se ne pobolj\u0161aju odnosi prema albanskom narodu u Crnoj Gori.<br \/>\nVrijeme je da mi autohtoni Albanci pod Crnom Gorom, snagom razuma, zahtijevamo obezbje\u0111enje svih prava na osnovu konvencija i na\u010dela koja se primjenjuju u demokratskim dru\u0161tvima u naprednim dr\u017eavama svijeta.<\/p>\n<p><b>Apel za masovno u\u010de\u0161\u0107e upu\u0107uju sljede\u0107a udru\u017eenja i organizacije:\u00a0<\/b><br \/>\n1. \u201d Ana e Malit \u201c New York<br \/>\n2. \u201dDed Gjon Luli \u201c New York<br \/>\n3, Fondacija \u201cDom Simon Filipaj\u201c New York<br \/>\n4. Fondacvija \u201cPlav-Gusinje\u201c New York<br \/>\n5. Humanitarni fond \u201cMal\u00ebsia\u201c New York<br \/>\n6. Patriotsko dru\u0161tvo \u201cMal\u00ebsia e Madhe\u201c Detroit<br \/>\n7. Patriotsko dru\u0161tvo \u201cKraja\u201c New York<br \/>\n8. Dru\u0161tvo \u201cUlcini\u201c Chikago.<\/p>\n<p><b>Polazak je organizovan autobusima, u utorak, 8. april 2014. u 4:30 am:\u00a0<\/b><\/p>\n<p><b>Bronx:\u00a0<\/b><br \/>\nArthur Avenue; ispred restorana \u201cGjiovani\u201c, vlasnik Gjergj Dedvukaj.<br \/>\nZa rezervacije obratite se:<br \/>\nAgim Rugova &#8211; 917 291-0138<br \/>\nFahredin Kukaj &#8211; 201 304-1113<\/p>\n<p><b>Brooklyn:\u00a0<\/b><br \/>\nNa uglu Church Avenue i McDonald.<\/p>\n<p>Za rezervacije obratite se:<br \/>\nMustafa Ahmetaj &#8211; 917 548-6273.<\/p>\n<p><b>Detroit:\u00a0<\/b><br \/>\nPolazak u ponedjeljak, 7.aprila 2014. u 8:00pm.<br \/>\nZa rezervacije javite se na telefone: 586-530-0373 i 586-929-9062<\/p>\n<p>(bosnjaci)<\/p>\n","protected":false},"excerpt":{"rendered":"<p>Amerika, Crna Gora &#8211;\u00a0Albanci porijeklom sa etni\u010dkih teritorija pod Crnom Gorom, ujedinjeni, jedinstveni i slo\u017eni kao nikada ranije, sa djelovanjem i aktivnostima u SAD; povodom ponovne zakazane posjete crnogorskog premjera Mila \u0110ukanovi\u0107a upu\u0107uju javni poziv na masovno u\u010de\u0161\u0107e na demonstracije u Washington DC-u, u utorak, 8. aprila 2014. godine. Demonstracije \u0107e se odr\u017eati ispred Bijele [&hellip;]<\/p>\n","protected":false},"author":83,"featured_media":103254,"comment_status":"open","ping_status":"open","sticky":false,"template":"","format":"standard","meta":{"footnotes":""},"categories":[3012,1,10308],"tags":[],"class_list":{"0":"post-103253","1":"post","2":"type-post","3":"status-publish","4":"format-standard","5":"has-post-thumbnail","7":"category-amerika-gradovi","8":"category-politika","9":"category-crna-gora"},"yoast_head":"<!-- This site is optimized with the Yoast SEO Premium plugin v23.1 (Yoast SEO v24.9) - https:\/\/yoast.com\/wordpress\/plugins\/seo\/ -->\n<title>Povodom posjete \u0110ukanovi\u0107a Sjedinjenim Dr\u017eavama albanske organizacije pozivaju na demonstracije ispred Bijele ku\u0107e<\/title>\n<meta name=\"robots\" content=\"index, follow, max-snippet:-1, max-image-preview:large, max-video-preview:-1\" \/>\n<link rel=\"canonical\" href=\"https:\/\/sandzakpress.net\/arhiva\/povodom-posjete-dukanovica-sjedinjenim-drzavama-albanske-organizacije-pozivaju-na-demonstracije-ispred-bijele-kuce\/\" \/>\n<meta property=\"og:locale\" content=\"bs_BA\" \/>\n<meta property=\"og:type\" content=\"article\" \/>\n<meta property=\"og:title\" content=\"Povodom posjete \u0110ukanovi\u0107a Sjedinjenim Dr\u017eavama albanske organizacije pozivaju na demonstracije ispred Bijele ku\u0107e\" \/>\n<meta property=\"og:description\" content=\"Amerika, Crna Gora &#8211;\u00a0Albanci porijeklom sa etni\u010dkih teritorija pod Crnom Gorom, ujedinjeni, jedinstveni i slo\u017eni kao nikada ranije, sa djelovanjem i aktivnostima u SAD; povodom ponovne zakazane posjete crnogorskog premjera Mila \u0110ukanovi\u0107a upu\u0107uju javni poziv na masovno u\u010de\u0161\u0107e na demonstracije u Washington DC-u, u utorak, 8. aprila 2014. godine. Demonstracije \u0107e se odr\u017eati ispred Bijele [&hellip;]\" \/>\n<meta property=\"og:url\" content=\"https:\/\/sandzakpress.net\/arhiva\/povodom-posjete-dukanovica-sjedinjenim-drzavama-albanske-organizacije-pozivaju-na-demonstracije-ispred-bijele-kuce\/\" \/>\n<meta property=\"og:site_name\" content=\"Sand\u017eak PRESS\" \/>\n<meta property=\"article:published_time\" content=\"2014-03-21T19:10:51+00:00\" \/>\n<meta property=\"og:image\" content=\"https:\/\/sandzakpress.net\/arhiva\/wp-content\/uploads\/2014\/03\/Albanska_zastava_03b.jpg\" \/>\n\t<meta property=\"og:image:width\" content=\"682\" \/>\n\t<meta property=\"og:image:height\" content=\"413\" \/>\n\t<meta property=\"og:image:type\" content=\"image\/jpeg\" \/>\n<meta name=\"author\" content=\"bosniak\" \/>\n<meta name=\"twitter:card\" content=\"summary_large_image\" \/>\n<meta name=\"twitter:label1\" content=\"Written by\" \/>\n\t<meta name=\"twitter:data1\" content=\"bosniak\" \/>\n\t<meta name=\"twitter:label2\" content=\"Est. reading time\" \/>\n\t<meta name=\"twitter:data2\" content=\"2 minute\" \/>\n<script type=\"application\/ld+json\" class=\"yoast-schema-graph\">{\"@context\":\"https:\/\/schema.org\",\"@graph\":[{\"@type\":\"Article\",\"@id\":\"https:\/\/sandzakpress.net\/arhiva\/povodom-posjete-dukanovica-sjedinjenim-drzavama-albanske-organizacije-pozivaju-na-demonstracije-ispred-bijele-kuce\/#article\",\"isPartOf\":{\"@id\":\"https:\/\/sandzakpress.net\/arhiva\/povodom-posjete-dukanovica-sjedinjenim-drzavama-albanske-organizacije-pozivaju-na-demonstracije-ispred-bijele-kuce\/\"},\"author\":{\"name\":\"bosniak\",\"@id\":\"https:\/\/sandzakpress.net\/arhiva\/#\/schema\/person\/c8baee722073534b583ea7bdb2e36c02\"},\"headline\":\"Povodom posjete \u0110ukanovi\u0107a Sjedinjenim Dr\u017eavama albanske organizacije pozivaju na demonstracije ispred Bijele ku\u0107e\",\"datePublished\":\"2014-03-21T19:10:51+00:00\",\"mainEntityOfPage\":{\"@id\":\"https:\/\/sandzakpress.net\/arhiva\/povodom-posjete-dukanovica-sjedinjenim-drzavama-albanske-organizacije-pozivaju-na-demonstracije-ispred-bijele-kuce\/\"},\"wordCount\":386,\"commentCount\":1,\"publisher\":{\"@id\":\"https:\/\/sandzakpress.net\/arhiva\/#\/schema\/person\/6e72b67d6e51910a1117b3b483ba20bd\"},\"image\":{\"@id\":\"https:\/\/sandzakpress.net\/arhiva\/povodom-posjete-dukanovica-sjedinjenim-drzavama-albanske-organizacije-pozivaju-na-demonstracije-ispred-bijele-kuce\/#primaryimage\"},\"thumbnailUrl\":\"https:\/\/sandzakpress.net\/arhiva\/wp-content\/uploads\/2014\/03\/Albanska_zastava_03b.jpg\",\"articleSection\":[\"Amerika\",\"Politika\",\"Crna Gora\"],\"inLanguage\":\"bs-BA\",\"potentialAction\":[{\"@type\":\"CommentAction\",\"name\":\"Comment\",\"target\":[\"https:\/\/sandzakpress.net\/arhiva\/povodom-posjete-dukanovica-sjedinjenim-drzavama-albanske-organizacije-pozivaju-na-demonstracije-ispred-bijele-kuce\/#respond\"]}]},{\"@type\":\"WebPage\",\"@id\":\"https:\/\/sandzakpress.net\/arhiva\/povodom-posjete-dukanovica-sjedinjenim-drzavama-albanske-organizacije-pozivaju-na-demonstracije-ispred-bijele-kuce\/\",\"url\":\"https:\/\/sandzakpress.net\/arhiva\/povodom-posjete-dukanovica-sjedinjenim-drzavama-albanske-organizacije-pozivaju-na-demonstracije-ispred-bijele-kuce\/\",\"name\":\"Povodom posjete \u0110ukanovi\u0107a Sjedinjenim Dr\u017eavama albanske organizacije pozivaju na demonstracije ispred Bijele ku\u0107e\",\"isPartOf\":{\"@id\":\"https:\/\/sandzakpress.net\/arhiva\/#website\"},\"primaryImageOfPage\":{\"@id\":\"https:\/\/sandzakpress.net\/arhiva\/povodom-posjete-dukanovica-sjedinjenim-drzavama-albanske-organizacije-pozivaju-na-demonstracije-ispred-bijele-kuce\/#primaryimage\"},\"image\":{\"@id\":\"https:\/\/sandzakpress.net\/arhiva\/povodom-posjete-dukanovica-sjedinjenim-drzavama-albanske-organizacije-pozivaju-na-demonstracije-ispred-bijele-kuce\/#primaryimage\"},\"thumbnailUrl\":\"https:\/\/sandzakpress.net\/arhiva\/wp-content\/uploads\/2014\/03\/Albanska_zastava_03b.jpg\",\"datePublished\":\"2014-03-21T19:10:51+00:00\",\"breadcrumb\":{\"@id\":\"https:\/\/sandzakpress.net\/arhiva\/povodom-posjete-dukanovica-sjedinjenim-drzavama-albanske-organizacije-pozivaju-na-demonstracije-ispred-bijele-kuce\/#breadcrumb\"},\"inLanguage\":\"bs-BA\",\"potentialAction\":[{\"@type\":\"ReadAction\",\"target\":[\"https:\/\/sandzakpress.net\/arhiva\/povodom-posjete-dukanovica-sjedinjenim-drzavama-albanske-organizacije-pozivaju-na-demonstracije-ispred-bijele-kuce\/\"]}]},{\"@type\":\"ImageObject\",\"inLanguage\":\"bs-BA\",\"@id\":\"https:\/\/sandzakpress.net\/arhiva\/povodom-posjete-dukanovica-sjedinjenim-drzavama-albanske-organizacije-pozivaju-na-demonstracije-ispred-bijele-kuce\/#primaryimage\",\"url\":\"https:\/\/sandzakpress.net\/arhiva\/wp-content\/uploads\/2014\/03\/Albanska_zastava_03b.jpg\",\"contentUrl\":\"https:\/\/sandzakpress.net\/arhiva\/wp-content\/uploads\/2014\/03\/Albanska_zastava_03b.jpg\",\"width\":682,\"height\":413},{\"@type\":\"BreadcrumbList\",\"@id\":\"https:\/\/sandzakpress.net\/arhiva\/povodom-posjete-dukanovica-sjedinjenim-drzavama-albanske-organizacije-pozivaju-na-demonstracije-ispred-bijele-kuce\/#breadcrumb\",\"itemListElement\":[{\"@type\":\"ListItem\",\"position\":1,\"name\":\"Home\",\"item\":\"https:\/\/sandzakpress.net\/arhiva\/\"},{\"@type\":\"ListItem\",\"position\":2,\"name\":\"Povodom posjete \u0110ukanovi\u0107a Sjedinjenim Dr\u017eavama albanske organizacije pozivaju na demonstracije ispred Bijele ku\u0107e\"}]},{\"@type\":\"WebSite\",\"@id\":\"https:\/\/sandzakpress.net\/arhiva\/#website\",\"url\":\"https:\/\/sandzakpress.net\/arhiva\/\",\"name\":\"Sand\u017eak PRESS\",\"description\":\"Prve elektronske novine u Sand\u017eaku\",\"publisher\":{\"@id\":\"https:\/\/sandzakpress.net\/arhiva\/#\/schema\/person\/6e72b67d6e51910a1117b3b483ba20bd\"},\"potentialAction\":[{\"@type\":\"SearchAction\",\"target\":{\"@type\":\"EntryPoint\",\"urlTemplate\":\"https:\/\/sandzakpress.net\/arhiva\/?s={search_term_string}\"},\"query-input\":{\"@type\":\"PropertyValueSpecification\",\"valueRequired\":true,\"valueName\":\"search_term_string\"}}],\"inLanguage\":\"bs-BA\"},{\"@type\":[\"Person\",\"Organization\"],\"@id\":\"https:\/\/sandzakpress.net\/arhiva\/#\/schema\/person\/6e72b67d6e51910a1117b3b483ba20bd\",\"name\":\"Kul\",\"image\":{\"@type\":\"ImageObject\",\"inLanguage\":\"bs-BA\",\"@id\":\"https:\/\/sandzakpress.net\/arhiva\/#\/schema\/person\/image\/\",\"url\":\"https:\/\/secure.gravatar.com\/avatar\/42263f39aa27ac04c43cab85c280eb2e?s=96&d=mm&r=pg\",\"contentUrl\":\"https:\/\/secure.gravatar.com\/avatar\/42263f39aa27ac04c43cab85c280eb2e?s=96&d=mm&r=pg\",\"caption\":\"Kul\"},\"logo\":{\"@id\":\"https:\/\/sandzakpress.net\/arhiva\/#\/schema\/person\/image\/\"}},{\"@type\":\"Person\",\"@id\":\"https:\/\/sandzakpress.net\/arhiva\/#\/schema\/person\/c8baee722073534b583ea7bdb2e36c02\",\"name\":\"bosniak\",\"image\":{\"@type\":\"ImageObject\",\"inLanguage\":\"bs-BA\",\"@id\":\"https:\/\/sandzakpress.net\/arhiva\/#\/schema\/person\/image\/\",\"url\":\"https:\/\/secure.gravatar.com\/avatar\/a04fd330bfe3a36a72a0ad4a6d89fca7?s=96&d=mm&r=pg\",\"contentUrl\":\"https:\/\/secure.gravatar.com\/avatar\/a04fd330bfe3a36a72a0ad4a6d89fca7?s=96&d=mm&r=pg\",\"caption\":\"bosniak\"},\"url\":\"https:\/\/sandzakpress.net\/arhiva\/author\/bosniak\/\"}]}<\/script>\n<!-- \/ Yoast SEO Premium plugin. -->","yoast_head_json":{"title":"Povodom posjete \u0110ukanovi\u0107a Sjedinjenim Dr\u017eavama albanske organizacije pozivaju na demonstracije ispred Bijele ku\u0107e","robots":{"index":"index","follow":"follow","max-snippet":"max-snippet:-1","max-image-preview":"max-image-preview:large","max-video-preview":"max-video-preview:-1"},"canonical":"https:\/\/sandzakpress.net\/arhiva\/povodom-posjete-dukanovica-sjedinjenim-drzavama-albanske-organizacije-pozivaju-na-demonstracije-ispred-bijele-kuce\/","og_locale":"bs_BA","og_type":"article","og_title":"Povodom posjete \u0110ukanovi\u0107a Sjedinjenim Dr\u017eavama albanske organizacije pozivaju na demonstracije ispred Bijele ku\u0107e","og_description":"Amerika, Crna Gora &#8211;\u00a0Albanci porijeklom sa etni\u010dkih teritorija pod Crnom Gorom, ujedinjeni, jedinstveni i slo\u017eni kao nikada ranije, sa djelovanjem i aktivnostima u SAD; povodom ponovne zakazane posjete crnogorskog premjera Mila \u0110ukanovi\u0107a upu\u0107uju javni poziv na masovno u\u010de\u0161\u0107e na demonstracije u Washington DC-u, u utorak, 8. aprila 2014. godine. Demonstracije \u0107e se odr\u017eati ispred Bijele [&hellip;]","og_url":"https:\/\/sandzakpress.net\/arhiva\/povodom-posjete-dukanovica-sjedinjenim-drzavama-albanske-organizacije-pozivaju-na-demonstracije-ispred-bijele-kuce\/","og_site_name":"Sand\u017eak PRESS","article_published_time":"2014-03-21T19:10:51+00:00","og_image":[{"width":682,"height":413,"url":"https:\/\/sandzakpress.net\/arhiva\/wp-content\/uploads\/2014\/03\/Albanska_zastava_03b.jpg","type":"image\/jpeg"}],"author":"bosniak","twitter_card":"summary_large_image","twitter_misc":{"Written by":"bosniak","Est. reading time":"2 minute"},"schema":{"@context":"https:\/\/schema.org","@graph":[{"@type":"Article","@id":"https:\/\/sandzakpress.net\/arhiva\/povodom-posjete-dukanovica-sjedinjenim-drzavama-albanske-organizacije-pozivaju-na-demonstracije-ispred-bijele-kuce\/#article","isPartOf":{"@id":"https:\/\/sandzakpress.net\/arhiva\/povodom-posjete-dukanovica-sjedinjenim-drzavama-albanske-organizacije-pozivaju-na-demonstracije-ispred-bijele-kuce\/"},"author":{"name":"bosniak","@id":"https:\/\/sandzakpress.net\/arhiva\/#\/schema\/person\/c8baee722073534b583ea7bdb2e36c02"},"headline":"Povodom posjete \u0110ukanovi\u0107a Sjedinjenim Dr\u017eavama albanske organizacije pozivaju na demonstracije ispred Bijele ku\u0107e","datePublished":"2014-03-21T19:10:51+00:00","mainEntityOfPage":{"@id":"https:\/\/sandzakpress.net\/arhiva\/povodom-posjete-dukanovica-sjedinjenim-drzavama-albanske-organizacije-pozivaju-na-demonstracije-ispred-bijele-kuce\/"},"wordCount":386,"commentCount":1,"publisher":{"@id":"https:\/\/sandzakpress.net\/arhiva\/#\/schema\/person\/6e72b67d6e51910a1117b3b483ba20bd"},"image":{"@id":"https:\/\/sandzakpress.net\/arhiva\/povodom-posjete-dukanovica-sjedinjenim-drzavama-albanske-organizacije-pozivaju-na-demonstracije-ispred-bijele-kuce\/#primaryimage"},"thumbnailUrl":"https:\/\/sandzakpress.net\/arhiva\/wp-content\/uploads\/2014\/03\/Albanska_zastava_03b.jpg","articleSection":["Amerika","Politika","Crna Gora"],"inLanguage":"bs-BA","potentialAction":[{"@type":"CommentAction","name":"Comment","target":["https:\/\/sandzakpress.net\/arhiva\/povodom-posjete-dukanovica-sjedinjenim-drzavama-albanske-organizacije-pozivaju-na-demonstracije-ispred-bijele-kuce\/#respond"]}]},{"@type":"WebPage","@id":"https:\/\/sandzakpress.net\/arhiva\/povodom-posjete-dukanovica-sjedinjenim-drzavama-albanske-organizacije-pozivaju-na-demonstracije-ispred-bijele-kuce\/","url":"https:\/\/sandzakpress.net\/arhiva\/povodom-posjete-dukanovica-sjedinjenim-drzavama-albanske-organizacije-pozivaju-na-demonstracije-ispred-bijele-kuce\/","name":"Povodom posjete \u0110ukanovi\u0107a Sjedinjenim Dr\u017eavama albanske organizacije pozivaju na demonstracije ispred Bijele ku\u0107e","isPartOf":{"@id":"https:\/\/sandzakpress.net\/arhiva\/#website"},"primaryImageOfPage":{"@id":"https:\/\/sandzakpress.net\/arhiva\/povodom-posjete-dukanovica-sjedinjenim-drzavama-albanske-organizacije-pozivaju-na-demonstracije-ispred-bijele-kuce\/#primaryimage"},"image":{"@id":"https:\/\/sandzakpress.net\/arhiva\/povodom-posjete-dukanovica-sjedinjenim-drzavama-albanske-organizacije-pozivaju-na-demonstracije-ispred-bijele-kuce\/#primaryimage"},"thumbnailUrl":"https:\/\/sandzakpress.net\/arhiva\/wp-content\/uploads\/2014\/03\/Albanska_zastava_03b.jpg","datePublished":"2014-03-21T19:10:51+00:00","breadcrumb":{"@id":"https:\/\/sandzakpress.net\/arhiva\/povodom-posjete-dukanovica-sjedinjenim-drzavama-albanske-organizacije-pozivaju-na-demonstracije-ispred-bijele-kuce\/#breadcrumb"},"inLanguage":"bs-BA","potentialAction":[{"@type":"ReadAction","target":["https:\/\/sandzakpress.net\/arhiva\/povodom-posjete-dukanovica-sjedinjenim-drzavama-albanske-organizacije-pozivaju-na-demonstracije-ispred-bijele-kuce\/"]}]},{"@type":"ImageObject","inLanguage":"bs-BA","@id":"https:\/\/sandzakpress.net\/arhiva\/povodom-posjete-dukanovica-sjedinjenim-drzavama-albanske-organizacije-pozivaju-na-demonstracije-ispred-bijele-kuce\/#primaryimage","url":"https:\/\/sandzakpress.net\/arhiva\/wp-content\/uploads\/2014\/03\/Albanska_zastava_03b.jpg","contentUrl":"https:\/\/sandzakpress.net\/arhiva\/wp-content\/uploads\/2014\/03\/Albanska_zastava_03b.jpg","width":682,"height":413},{"@type":"BreadcrumbList","@id":"https:\/\/sandzakpress.net\/arhiva\/povodom-posjete-dukanovica-sjedinjenim-drzavama-albanske-organizacije-pozivaju-na-demonstracije-ispred-bijele-kuce\/#breadcrumb","itemListElement":[{"@type":"ListItem","position":1,"name":"Home","item":"https:\/\/sandzakpress.net\/arhiva\/"},{"@type":"ListItem","position":2,"name":"Povodom posjete \u0110ukanovi\u0107a Sjedinjenim Dr\u017eavama albanske organizacije pozivaju na demonstracije ispred Bijele ku\u0107e"}]},{"@type":"WebSite","@id":"https:\/\/sandzakpress.net\/arhiva\/#website","url":"https:\/\/sandzakpress.net\/arhiva\/","name":"Sand\u017eak PRESS","description":"Prve elektronske novine u Sand\u017eaku","publisher":{"@id":"https:\/\/sandzakpress.net\/arhiva\/#\/schema\/person\/6e72b67d6e51910a1117b3b483ba20bd"},"potentialAction":[{"@type":"SearchAction","target":{"@type":"EntryPoint","urlTemplate":"https:\/\/sandzakpress.net\/arhiva\/?s={search_term_string}"},"query-input":{"@type":"PropertyValueSpecification","valueRequired":true,"valueName":"search_term_string"}}],"inLanguage":"bs-BA"},{"@type":["Person","Organization"],"@id":"https:\/\/sandzakpress.net\/arhiva\/#\/schema\/person\/6e72b67d6e51910a1117b3b483ba20bd","name":"Kul","image":{"@type":"ImageObject","inLanguage":"bs-BA","@id":"https:\/\/sandzakpress.net\/arhiva\/#\/schema\/person\/image\/","url":"https:\/\/secure.gravatar.com\/avatar\/42263f39aa27ac04c43cab85c280eb2e?s=96&d=mm&r=pg","contentUrl":"https:\/\/secure.gravatar.com\/avatar\/42263f39aa27ac04c43cab85c280eb2e?s=96&d=mm&r=pg","caption":"Kul"},"logo":{"@id":"https:\/\/sandzakpress.net\/arhiva\/#\/schema\/person\/image\/"}},{"@type":"Person","@id":"https:\/\/sandzakpress.net\/arhiva\/#\/schema\/person\/c8baee722073534b583ea7bdb2e36c02","name":"bosniak","image":{"@type":"ImageObject","inLanguage":"bs-BA","@id":"https:\/\/sandzakpress.net\/arhiva\/#\/schema\/person\/image\/","url":"https:\/\/secure.gravatar.com\/avatar\/a04fd330bfe3a36a72a0ad4a6d89fca7?s=96&d=mm&r=pg","contentUrl":"https:\/\/secure.gravatar.com\/avatar\/a04fd330bfe3a36a72a0ad4a6d89fca7?s=96&d=mm&r=pg","caption":"bosniak"},"url":"https:\/\/sandzakpress.net\/arhiva\/author\/bosniak\/"}]}},"_links":{"self":[{"href":"https:\/\/sandzakpress.net\/arhiva\/wp-json\/wp\/v2\/posts\/103253"}],"collection":[{"href":"https:\/\/sandzakpress.net\/arhiva\/wp-json\/wp\/v2\/posts"}],"about":[{"href":"https:\/\/sandzakpress.net\/arhiva\/wp-json\/wp\/v2\/types\/post"}],"author":[{"embeddable":true,"href":"https:\/\/sandzakpress.net\/arhiva\/wp-json\/wp\/v2\/users\/83"}],"replies":[{"embeddable":true,"href":"https:\/\/sandzakpress.net\/arhiva\/wp-json\/wp\/v2\/comments?post=103253"}],"version-history":[{"count":0,"href":"https:\/\/sandzakpress.net\/arhiva\/wp-json\/wp\/v2\/posts\/103253\/revisions"}],"wp:featuredmedia":[{"embeddable":true,"href":"https:\/\/sandzakpress.net\/arhiva\/wp-json\/wp\/v2\/media\/103254"}],"wp:attachment":[{"href":"https:\/\/sandzakpress.net\/arhiva\/wp-json\/wp\/v2\/media?parent=103253"}],"wp:term":[{"taxonomy":"category","embeddable":true,"href":"https:\/\/sandzakpress.net\/arhiva\/wp-json\/wp\/v2\/categories?post=103253"},{"taxonomy":"post_tag","embeddable":true,"href":"https:\/\/sandzakpress.net\/arhiva\/wp-json\/wp\/v2\/tags?post=103253"}],"curies":[{"name":"wp","href":"https:\/\/api.w.org\/{rel}","templated":true}]}}