{"id":103249,"date":"2014-03-21T20:02:18","date_gmt":"2014-03-21T19:02:18","guid":{"rendered":"https:\/\/sandzakpress.net\/arhiva\/?p=103249"},"modified":"2014-03-21T20:02:18","modified_gmt":"2014-03-21T19:02:18","slug":"ugljanin-hocemo-da-srbija-bude-slobodna-a-ne-da-se-gradani-plase-izlaska-na-izbore","status":"publish","type":"post","link":"https:\/\/sandzakpress.net\/arhiva\/ugljanin-hocemo-da-srbija-bude-slobodna-a-ne-da-se-gradani-plase-izlaska-na-izbore\/","title":{"rendered":"Ugljanin: &#8220;Ho\u0107emo da Srbija bude slobodna, a ne da se gra\u0111ani pla\u0161e izlaska na izbore&#8221;"},"content":{"rendered":"<p><img loading=\"lazy\" decoding=\"async\" class=\"alignleft\" style=\"font-size: 14px; line-height: 1.5em; border: 0px;\" alt=\"\" src=\"http:\/\/www.sda.rs\/slikan.php?image=http:\/\/www.sda.rs\/slike\/vesti\/slika-1430-0.jpg\" width=\"297\" height=\"250\" border=\"0\" \/><strong>Novi Pazar &#8211;\u00a0Izjava predsjednika Ugljanina data agenciji Tanjug.<\/strong><\/p>\n<p>Predsednik SDA Sand\u017eaka dr. Sulejman Ugljanin o\u010dekuje poziv SNS u vladu s obzirom na, kako ka\u017ee, dobre izborne rezultate.<\/p>\n<p>U izjavi datoj Tanjugu predsjednik Ugljanin je rekao da &#8220;kao \u010dovek i politi\u010dar&#8221; nema ni\u0161ta protiv Ljaji\u0107a, ali ipak ostaje pri stavu da lider SDPS &#8220;treba da se obra\u010duna sa ljudima koji su po\u010dinili zlo\u010dine u njegovo ime&#8221;.<\/p>\n<p>&#8220;Da bismo imali pravnu sigurnost, moramo da rasvetlimo politi\u010dko nasilje i politi\u010dka ubistva, sva nerasvetljena ubistva u zemlji, a posebno u Sandzaku&#8221;, rekao je Ugljanin i naglasio da politi\u010dari moraju strogo da vode ra\u010duna \u0161ta drugi ljudi rade u njihovo ime.<\/p>\n<p>Povodom Ljaji\u0107eve izjave da ne \u017eeli sa njim u vladu, Ugljanin ka\u017ee da je za to &#8220;\u010duo od drugih&#8221;.<\/p>\n<p>Tvrdi da se u ovom trenutku bavi konkretnim stvarima i da je klju\u010d politi\u010dkog rada njegove stranke pravna sigurnost i evropska budu\u0107nost.<\/p>\n<p>&#8220;Ono \u0161to Aleksandar Vu\u010di\u0107 radi u \u010ditavoj Srbiji &#8211; vra\u0107a ljudima poverenje u dr\u017eavu i pravnu sigurnost &#8211; treba da se uradi i u Sand\u017eaku i ja o\u010dekujem i Ljaji\u0107evu podr\u0161ku za to&#8221;, rekao je Ugljanin.<\/p>\n<p>On je ponovio da sud treba da radi svoj posao i dodao da i SDA Sand\u017eaka, u cilju vra\u0107anja poverenja gra\u0111ana tog dela Srbije u dr\u017eavu, poku\u0161ava da radi svoj.<\/p>\n<p>Ugljanin je naveo i da je i na izborima 16. marta u Sand\u017eaku bilo zastra\u0161ivanja i pretnji koje su rezultirale odno\u0161enjem kutija sa bira\u010dkog mesta u Muru, navode\u0107i da su to uradile &#8220;Ljaji\u0107eve pristalice u ime Aleksandra Vu\u010di\u0107a&#8221;.<\/p>\n<p>&#8220;Mi smo dali do znanja da to nije dobro i mislim da \u0107emo na\u0107i na\u010din da se to zaustavi. Ne mo\u017ee niko vi\u0161e da zavodi teror i strahovladu u Sand\u017eaku ni u \u010dije ime, ho\u0107emo da Srbija bude slobodna, a ne da se gra\u0111ani pla\u0161e izlaska na izbore&#8221;, rekao je Ugljanin.<\/p>\n<p>(tanjug)<\/p>\n","protected":false},"excerpt":{"rendered":"<p>Novi Pazar &#8211;\u00a0Izjava predsjednika Ugljanina data agenciji Tanjug. Predsednik SDA Sand\u017eaka dr. Sulejman Ugljanin o\u010dekuje poziv SNS u vladu s obzirom na, kako ka\u017ee, dobre izborne rezultate. U izjavi datoj Tanjugu predsjednik Ugljanin je rekao da &#8220;kao \u010dovek i politi\u010dar&#8221; nema ni\u0161ta protiv Ljaji\u0107a, ali ipak ostaje pri stavu da lider SDPS &#8220;treba da se [&hellip;]<\/p>\n","protected":false},"author":83,"featured_media":103250,"comment_status":"open","ping_status":"open","sticky":false,"template":"","format":"standard","meta":{"footnotes":""},"categories":[72,1],"tags":[],"class_list":{"0":"post-103249","1":"post","2":"type-post","3":"status-publish","4":"format-standard","5":"has-post-thumbnail","7":"category-novi-pazar","8":"category-politika"},"yoast_head":"<!-- This site is optimized with the Yoast SEO Premium plugin v23.1 (Yoast SEO v24.9) - https:\/\/yoast.com\/wordpress\/plugins\/seo\/ -->\n<title>Ugljanin: &quot;Ho\u0107emo da Srbija bude slobodna, a ne da se gra\u0111ani pla\u0161e izlaska na izbore&quot;<\/title>\n<meta name=\"robots\" content=\"index, follow, max-snippet:-1, max-image-preview:large, max-video-preview:-1\" \/>\n<link rel=\"canonical\" href=\"https:\/\/sandzakpress.net\/arhiva\/ugljanin-hocemo-da-srbija-bude-slobodna-a-ne-da-se-gradani-plase-izlaska-na-izbore\/\" \/>\n<meta property=\"og:locale\" content=\"bs_BA\" \/>\n<meta property=\"og:type\" content=\"article\" \/>\n<meta property=\"og:title\" content=\"Ugljanin: &quot;Ho\u0107emo da Srbija bude slobodna, a ne da se gra\u0111ani pla\u0161e izlaska na izbore&quot;\" \/>\n<meta property=\"og:description\" content=\"Novi Pazar &#8211;\u00a0Izjava predsjednika Ugljanina data agenciji Tanjug. Predsednik SDA Sand\u017eaka dr. Sulejman Ugljanin o\u010dekuje poziv SNS u vladu s obzirom na, kako ka\u017ee, dobre izborne rezultate. U izjavi datoj Tanjugu predsjednik Ugljanin je rekao da &#8220;kao \u010dovek i politi\u010dar&#8221; nema ni\u0161ta protiv Ljaji\u0107a, ali ipak ostaje pri stavu da lider SDPS &#8220;treba da se [&hellip;]\" \/>\n<meta property=\"og:url\" content=\"https:\/\/sandzakpress.net\/arhiva\/ugljanin-hocemo-da-srbija-bude-slobodna-a-ne-da-se-gradani-plase-izlaska-na-izbore\/\" \/>\n<meta property=\"og:site_name\" content=\"Sand\u017eak PRESS\" \/>\n<meta property=\"article:published_time\" content=\"2014-03-21T19:02:18+00:00\" \/>\n<meta property=\"og:image\" content=\"https:\/\/sandzakpress.net\/arhiva\/wp-content\/uploads\/2014\/03\/slika-1430-0.jpg\" \/>\n\t<meta property=\"og:image:width\" content=\"297\" \/>\n\t<meta property=\"og:image:height\" content=\"250\" \/>\n\t<meta property=\"og:image:type\" content=\"image\/jpeg\" \/>\n<meta name=\"author\" content=\"bosniak\" \/>\n<meta name=\"twitter:card\" content=\"summary_large_image\" \/>\n<meta name=\"twitter:label1\" content=\"Written by\" \/>\n\t<meta name=\"twitter:data1\" content=\"bosniak\" \/>\n\t<meta name=\"twitter:label2\" content=\"Est. reading time\" \/>\n\t<meta name=\"twitter:data2\" content=\"2 minute\" \/>\n<script type=\"application\/ld+json\" class=\"yoast-schema-graph\">{\"@context\":\"https:\/\/schema.org\",\"@graph\":[{\"@type\":\"Article\",\"@id\":\"https:\/\/sandzakpress.net\/arhiva\/ugljanin-hocemo-da-srbija-bude-slobodna-a-ne-da-se-gradani-plase-izlaska-na-izbore\/#article\",\"isPartOf\":{\"@id\":\"https:\/\/sandzakpress.net\/arhiva\/ugljanin-hocemo-da-srbija-bude-slobodna-a-ne-da-se-gradani-plase-izlaska-na-izbore\/\"},\"author\":{\"name\":\"bosniak\",\"@id\":\"https:\/\/sandzakpress.net\/arhiva\/#\/schema\/person\/c8baee722073534b583ea7bdb2e36c02\"},\"headline\":\"Ugljanin: &#8220;Ho\u0107emo da Srbija bude slobodna, a ne da se gra\u0111ani pla\u0161e izlaska na izbore&#8221;\",\"datePublished\":\"2014-03-21T19:02:18+00:00\",\"mainEntityOfPage\":{\"@id\":\"https:\/\/sandzakpress.net\/arhiva\/ugljanin-hocemo-da-srbija-bude-slobodna-a-ne-da-se-gradani-plase-izlaska-na-izbore\/\"},\"wordCount\":366,\"commentCount\":3,\"publisher\":{\"@id\":\"https:\/\/sandzakpress.net\/arhiva\/#\/schema\/person\/6e72b67d6e51910a1117b3b483ba20bd\"},\"image\":{\"@id\":\"https:\/\/sandzakpress.net\/arhiva\/ugljanin-hocemo-da-srbija-bude-slobodna-a-ne-da-se-gradani-plase-izlaska-na-izbore\/#primaryimage\"},\"thumbnailUrl\":\"https:\/\/sandzakpress.net\/arhiva\/wp-content\/uploads\/2014\/03\/slika-1430-0.jpg\",\"articleSection\":[\"Novi Pazar\",\"Politika\"],\"inLanguage\":\"bs-BA\",\"potentialAction\":[{\"@type\":\"CommentAction\",\"name\":\"Comment\",\"target\":[\"https:\/\/sandzakpress.net\/arhiva\/ugljanin-hocemo-da-srbija-bude-slobodna-a-ne-da-se-gradani-plase-izlaska-na-izbore\/#respond\"]}]},{\"@type\":\"WebPage\",\"@id\":\"https:\/\/sandzakpress.net\/arhiva\/ugljanin-hocemo-da-srbija-bude-slobodna-a-ne-da-se-gradani-plase-izlaska-na-izbore\/\",\"url\":\"https:\/\/sandzakpress.net\/arhiva\/ugljanin-hocemo-da-srbija-bude-slobodna-a-ne-da-se-gradani-plase-izlaska-na-izbore\/\",\"name\":\"Ugljanin: \\\"Ho\u0107emo da Srbija bude slobodna, a ne da se gra\u0111ani pla\u0161e izlaska na izbore\\\"\",\"isPartOf\":{\"@id\":\"https:\/\/sandzakpress.net\/arhiva\/#website\"},\"primaryImageOfPage\":{\"@id\":\"https:\/\/sandzakpress.net\/arhiva\/ugljanin-hocemo-da-srbija-bude-slobodna-a-ne-da-se-gradani-plase-izlaska-na-izbore\/#primaryimage\"},\"image\":{\"@id\":\"https:\/\/sandzakpress.net\/arhiva\/ugljanin-hocemo-da-srbija-bude-slobodna-a-ne-da-se-gradani-plase-izlaska-na-izbore\/#primaryimage\"},\"thumbnailUrl\":\"https:\/\/sandzakpress.net\/arhiva\/wp-content\/uploads\/2014\/03\/slika-1430-0.jpg\",\"datePublished\":\"2014-03-21T19:02:18+00:00\",\"breadcrumb\":{\"@id\":\"https:\/\/sandzakpress.net\/arhiva\/ugljanin-hocemo-da-srbija-bude-slobodna-a-ne-da-se-gradani-plase-izlaska-na-izbore\/#breadcrumb\"},\"inLanguage\":\"bs-BA\",\"potentialAction\":[{\"@type\":\"ReadAction\",\"target\":[\"https:\/\/sandzakpress.net\/arhiva\/ugljanin-hocemo-da-srbija-bude-slobodna-a-ne-da-se-gradani-plase-izlaska-na-izbore\/\"]}]},{\"@type\":\"ImageObject\",\"inLanguage\":\"bs-BA\",\"@id\":\"https:\/\/sandzakpress.net\/arhiva\/ugljanin-hocemo-da-srbija-bude-slobodna-a-ne-da-se-gradani-plase-izlaska-na-izbore\/#primaryimage\",\"url\":\"https:\/\/sandzakpress.net\/arhiva\/wp-content\/uploads\/2014\/03\/slika-1430-0.jpg\",\"contentUrl\":\"https:\/\/sandzakpress.net\/arhiva\/wp-content\/uploads\/2014\/03\/slika-1430-0.jpg\",\"width\":297,\"height\":250},{\"@type\":\"BreadcrumbList\",\"@id\":\"https:\/\/sandzakpress.net\/arhiva\/ugljanin-hocemo-da-srbija-bude-slobodna-a-ne-da-se-gradani-plase-izlaska-na-izbore\/#breadcrumb\",\"itemListElement\":[{\"@type\":\"ListItem\",\"position\":1,\"name\":\"Home\",\"item\":\"https:\/\/sandzakpress.net\/arhiva\/\"},{\"@type\":\"ListItem\",\"position\":2,\"name\":\"Ugljanin: &#8220;Ho\u0107emo da Srbija bude slobodna, a ne da se gra\u0111ani pla\u0161e izlaska na izbore&#8221;\"}]},{\"@type\":\"WebSite\",\"@id\":\"https:\/\/sandzakpress.net\/arhiva\/#website\",\"url\":\"https:\/\/sandzakpress.net\/arhiva\/\",\"name\":\"Sand\u017eak PRESS\",\"description\":\"Prve elektronske novine u Sand\u017eaku\",\"publisher\":{\"@id\":\"https:\/\/sandzakpress.net\/arhiva\/#\/schema\/person\/6e72b67d6e51910a1117b3b483ba20bd\"},\"potentialAction\":[{\"@type\":\"SearchAction\",\"target\":{\"@type\":\"EntryPoint\",\"urlTemplate\":\"https:\/\/sandzakpress.net\/arhiva\/?s={search_term_string}\"},\"query-input\":{\"@type\":\"PropertyValueSpecification\",\"valueRequired\":true,\"valueName\":\"search_term_string\"}}],\"inLanguage\":\"bs-BA\"},{\"@type\":[\"Person\",\"Organization\"],\"@id\":\"https:\/\/sandzakpress.net\/arhiva\/#\/schema\/person\/6e72b67d6e51910a1117b3b483ba20bd\",\"name\":\"Kul\",\"image\":{\"@type\":\"ImageObject\",\"inLanguage\":\"bs-BA\",\"@id\":\"https:\/\/sandzakpress.net\/arhiva\/#\/schema\/person\/image\/\",\"url\":\"https:\/\/secure.gravatar.com\/avatar\/42263f39aa27ac04c43cab85c280eb2e?s=96&d=mm&r=pg\",\"contentUrl\":\"https:\/\/secure.gravatar.com\/avatar\/42263f39aa27ac04c43cab85c280eb2e?s=96&d=mm&r=pg\",\"caption\":\"Kul\"},\"logo\":{\"@id\":\"https:\/\/sandzakpress.net\/arhiva\/#\/schema\/person\/image\/\"}},{\"@type\":\"Person\",\"@id\":\"https:\/\/sandzakpress.net\/arhiva\/#\/schema\/person\/c8baee722073534b583ea7bdb2e36c02\",\"name\":\"bosniak\",\"image\":{\"@type\":\"ImageObject\",\"inLanguage\":\"bs-BA\",\"@id\":\"https:\/\/sandzakpress.net\/arhiva\/#\/schema\/person\/image\/\",\"url\":\"https:\/\/secure.gravatar.com\/avatar\/a04fd330bfe3a36a72a0ad4a6d89fca7?s=96&d=mm&r=pg\",\"contentUrl\":\"https:\/\/secure.gravatar.com\/avatar\/a04fd330bfe3a36a72a0ad4a6d89fca7?s=96&d=mm&r=pg\",\"caption\":\"bosniak\"},\"url\":\"https:\/\/sandzakpress.net\/arhiva\/author\/bosniak\/\"}]}<\/script>\n<!-- \/ Yoast SEO Premium plugin. -->","yoast_head_json":{"title":"Ugljanin: \"Ho\u0107emo da Srbija bude slobodna, a ne da se gra\u0111ani pla\u0161e izlaska na izbore\"","robots":{"index":"index","follow":"follow","max-snippet":"max-snippet:-1","max-image-preview":"max-image-preview:large","max-video-preview":"max-video-preview:-1"},"canonical":"https:\/\/sandzakpress.net\/arhiva\/ugljanin-hocemo-da-srbija-bude-slobodna-a-ne-da-se-gradani-plase-izlaska-na-izbore\/","og_locale":"bs_BA","og_type":"article","og_title":"Ugljanin: \"Ho\u0107emo da Srbija bude slobodna, a ne da se gra\u0111ani pla\u0161e izlaska na izbore\"","og_description":"Novi Pazar &#8211;\u00a0Izjava predsjednika Ugljanina data agenciji Tanjug. Predsednik SDA Sand\u017eaka dr. Sulejman Ugljanin o\u010dekuje poziv SNS u vladu s obzirom na, kako ka\u017ee, dobre izborne rezultate. U izjavi datoj Tanjugu predsjednik Ugljanin je rekao da &#8220;kao \u010dovek i politi\u010dar&#8221; nema ni\u0161ta protiv Ljaji\u0107a, ali ipak ostaje pri stavu da lider SDPS &#8220;treba da se [&hellip;]","og_url":"https:\/\/sandzakpress.net\/arhiva\/ugljanin-hocemo-da-srbija-bude-slobodna-a-ne-da-se-gradani-plase-izlaska-na-izbore\/","og_site_name":"Sand\u017eak PRESS","article_published_time":"2014-03-21T19:02:18+00:00","og_image":[{"width":297,"height":250,"url":"https:\/\/sandzakpress.net\/arhiva\/wp-content\/uploads\/2014\/03\/slika-1430-0.jpg","type":"image\/jpeg"}],"author":"bosniak","twitter_card":"summary_large_image","twitter_misc":{"Written by":"bosniak","Est. reading time":"2 minute"},"schema":{"@context":"https:\/\/schema.org","@graph":[{"@type":"Article","@id":"https:\/\/sandzakpress.net\/arhiva\/ugljanin-hocemo-da-srbija-bude-slobodna-a-ne-da-se-gradani-plase-izlaska-na-izbore\/#article","isPartOf":{"@id":"https:\/\/sandzakpress.net\/arhiva\/ugljanin-hocemo-da-srbija-bude-slobodna-a-ne-da-se-gradani-plase-izlaska-na-izbore\/"},"author":{"name":"bosniak","@id":"https:\/\/sandzakpress.net\/arhiva\/#\/schema\/person\/c8baee722073534b583ea7bdb2e36c02"},"headline":"Ugljanin: &#8220;Ho\u0107emo da Srbija bude slobodna, a ne da se gra\u0111ani pla\u0161e izlaska na izbore&#8221;","datePublished":"2014-03-21T19:02:18+00:00","mainEntityOfPage":{"@id":"https:\/\/sandzakpress.net\/arhiva\/ugljanin-hocemo-da-srbija-bude-slobodna-a-ne-da-se-gradani-plase-izlaska-na-izbore\/"},"wordCount":366,"commentCount":3,"publisher":{"@id":"https:\/\/sandzakpress.net\/arhiva\/#\/schema\/person\/6e72b67d6e51910a1117b3b483ba20bd"},"image":{"@id":"https:\/\/sandzakpress.net\/arhiva\/ugljanin-hocemo-da-srbija-bude-slobodna-a-ne-da-se-gradani-plase-izlaska-na-izbore\/#primaryimage"},"thumbnailUrl":"https:\/\/sandzakpress.net\/arhiva\/wp-content\/uploads\/2014\/03\/slika-1430-0.jpg","articleSection":["Novi Pazar","Politika"],"inLanguage":"bs-BA","potentialAction":[{"@type":"CommentAction","name":"Comment","target":["https:\/\/sandzakpress.net\/arhiva\/ugljanin-hocemo-da-srbija-bude-slobodna-a-ne-da-se-gradani-plase-izlaska-na-izbore\/#respond"]}]},{"@type":"WebPage","@id":"https:\/\/sandzakpress.net\/arhiva\/ugljanin-hocemo-da-srbija-bude-slobodna-a-ne-da-se-gradani-plase-izlaska-na-izbore\/","url":"https:\/\/sandzakpress.net\/arhiva\/ugljanin-hocemo-da-srbija-bude-slobodna-a-ne-da-se-gradani-plase-izlaska-na-izbore\/","name":"Ugljanin: \"Ho\u0107emo da Srbija bude slobodna, a ne da se gra\u0111ani pla\u0161e izlaska na izbore\"","isPartOf":{"@id":"https:\/\/sandzakpress.net\/arhiva\/#website"},"primaryImageOfPage":{"@id":"https:\/\/sandzakpress.net\/arhiva\/ugljanin-hocemo-da-srbija-bude-slobodna-a-ne-da-se-gradani-plase-izlaska-na-izbore\/#primaryimage"},"image":{"@id":"https:\/\/sandzakpress.net\/arhiva\/ugljanin-hocemo-da-srbija-bude-slobodna-a-ne-da-se-gradani-plase-izlaska-na-izbore\/#primaryimage"},"thumbnailUrl":"https:\/\/sandzakpress.net\/arhiva\/wp-content\/uploads\/2014\/03\/slika-1430-0.jpg","datePublished":"2014-03-21T19:02:18+00:00","breadcrumb":{"@id":"https:\/\/sandzakpress.net\/arhiva\/ugljanin-hocemo-da-srbija-bude-slobodna-a-ne-da-se-gradani-plase-izlaska-na-izbore\/#breadcrumb"},"inLanguage":"bs-BA","potentialAction":[{"@type":"ReadAction","target":["https:\/\/sandzakpress.net\/arhiva\/ugljanin-hocemo-da-srbija-bude-slobodna-a-ne-da-se-gradani-plase-izlaska-na-izbore\/"]}]},{"@type":"ImageObject","inLanguage":"bs-BA","@id":"https:\/\/sandzakpress.net\/arhiva\/ugljanin-hocemo-da-srbija-bude-slobodna-a-ne-da-se-gradani-plase-izlaska-na-izbore\/#primaryimage","url":"https:\/\/sandzakpress.net\/arhiva\/wp-content\/uploads\/2014\/03\/slika-1430-0.jpg","contentUrl":"https:\/\/sandzakpress.net\/arhiva\/wp-content\/uploads\/2014\/03\/slika-1430-0.jpg","width":297,"height":250},{"@type":"BreadcrumbList","@id":"https:\/\/sandzakpress.net\/arhiva\/ugljanin-hocemo-da-srbija-bude-slobodna-a-ne-da-se-gradani-plase-izlaska-na-izbore\/#breadcrumb","itemListElement":[{"@type":"ListItem","position":1,"name":"Home","item":"https:\/\/sandzakpress.net\/arhiva\/"},{"@type":"ListItem","position":2,"name":"Ugljanin: &#8220;Ho\u0107emo da Srbija bude slobodna, a ne da se gra\u0111ani pla\u0161e izlaska na izbore&#8221;"}]},{"@type":"WebSite","@id":"https:\/\/sandzakpress.net\/arhiva\/#website","url":"https:\/\/sandzakpress.net\/arhiva\/","name":"Sand\u017eak PRESS","description":"Prve elektronske novine u Sand\u017eaku","publisher":{"@id":"https:\/\/sandzakpress.net\/arhiva\/#\/schema\/person\/6e72b67d6e51910a1117b3b483ba20bd"},"potentialAction":[{"@type":"SearchAction","target":{"@type":"EntryPoint","urlTemplate":"https:\/\/sandzakpress.net\/arhiva\/?s={search_term_string}"},"query-input":{"@type":"PropertyValueSpecification","valueRequired":true,"valueName":"search_term_string"}}],"inLanguage":"bs-BA"},{"@type":["Person","Organization"],"@id":"https:\/\/sandzakpress.net\/arhiva\/#\/schema\/person\/6e72b67d6e51910a1117b3b483ba20bd","name":"Kul","image":{"@type":"ImageObject","inLanguage":"bs-BA","@id":"https:\/\/sandzakpress.net\/arhiva\/#\/schema\/person\/image\/","url":"https:\/\/secure.gravatar.com\/avatar\/42263f39aa27ac04c43cab85c280eb2e?s=96&d=mm&r=pg","contentUrl":"https:\/\/secure.gravatar.com\/avatar\/42263f39aa27ac04c43cab85c280eb2e?s=96&d=mm&r=pg","caption":"Kul"},"logo":{"@id":"https:\/\/sandzakpress.net\/arhiva\/#\/schema\/person\/image\/"}},{"@type":"Person","@id":"https:\/\/sandzakpress.net\/arhiva\/#\/schema\/person\/c8baee722073534b583ea7bdb2e36c02","name":"bosniak","image":{"@type":"ImageObject","inLanguage":"bs-BA","@id":"https:\/\/sandzakpress.net\/arhiva\/#\/schema\/person\/image\/","url":"https:\/\/secure.gravatar.com\/avatar\/a04fd330bfe3a36a72a0ad4a6d89fca7?s=96&d=mm&r=pg","contentUrl":"https:\/\/secure.gravatar.com\/avatar\/a04fd330bfe3a36a72a0ad4a6d89fca7?s=96&d=mm&r=pg","caption":"bosniak"},"url":"https:\/\/sandzakpress.net\/arhiva\/author\/bosniak\/"}]}},"_links":{"self":[{"href":"https:\/\/sandzakpress.net\/arhiva\/wp-json\/wp\/v2\/posts\/103249"}],"collection":[{"href":"https:\/\/sandzakpress.net\/arhiva\/wp-json\/wp\/v2\/posts"}],"about":[{"href":"https:\/\/sandzakpress.net\/arhiva\/wp-json\/wp\/v2\/types\/post"}],"author":[{"embeddable":true,"href":"https:\/\/sandzakpress.net\/arhiva\/wp-json\/wp\/v2\/users\/83"}],"replies":[{"embeddable":true,"href":"https:\/\/sandzakpress.net\/arhiva\/wp-json\/wp\/v2\/comments?post=103249"}],"version-history":[{"count":0,"href":"https:\/\/sandzakpress.net\/arhiva\/wp-json\/wp\/v2\/posts\/103249\/revisions"}],"wp:featuredmedia":[{"embeddable":true,"href":"https:\/\/sandzakpress.net\/arhiva\/wp-json\/wp\/v2\/media\/103250"}],"wp:attachment":[{"href":"https:\/\/sandzakpress.net\/arhiva\/wp-json\/wp\/v2\/media?parent=103249"}],"wp:term":[{"taxonomy":"category","embeddable":true,"href":"https:\/\/sandzakpress.net\/arhiva\/wp-json\/wp\/v2\/categories?post=103249"},{"taxonomy":"post_tag","embeddable":true,"href":"https:\/\/sandzakpress.net\/arhiva\/wp-json\/wp\/v2\/tags?post=103249"}],"curies":[{"name":"wp","href":"https:\/\/api.w.org\/{rel}","templated":true}]}}