{"id":103244,"date":"2014-03-21T17:56:43","date_gmt":"2014-03-21T16:56:43","guid":{"rendered":"https:\/\/sandzakpress.net\/arhiva\/?p=103244"},"modified":"2014-03-21T18:04:24","modified_gmt":"2014-03-21T17:04:24","slug":"muftija-dr-mevlud-ef-dudic-dobio-prestizno-tursko-priznanje","status":"publish","type":"post","link":"https:\/\/sandzakpress.net\/arhiva\/muftija-dr-mevlud-ef-dudic-dobio-prestizno-tursko-priznanje\/","title":{"rendered":"Muftija dr. Mevlud ef. Dudi\u0107 dobio presti\u017eno tursko priznanje"},"content":{"rendered":"<p style=\"text-align: left;\"><strong><img loading=\"lazy\" decoding=\"async\" class=\"aligncenter\" alt=\"\" src=\"http:\/\/mesihat.org\/images\/stories\/picture.jpg\" width=\"614\" height=\"346\" \/>Novi Pazar &#8211; Dana 20.03.2014. god. u Eski\u0161ehiru u Turskoj, koji je izabran da bude glavni grad turske kulture za pro\u0161lu godinu, odr\u017eana je ceremonija dodjele nagrade \u201eEski\u0161ehir \u2013 kulturna prijestolnica 2013.\u201c. \u00a0<\/strong><\/p>\n<p>Ovu presti\u017enu nagradu dobilo je 33-oje intelektualaca iz cijelog svijeta, a me\u0111u njima i muftija dr. Mevlud ef. Dudi\u0107 u svojstvu tada\u0161njeg rektora Internacionalnog univerziteta u Novom Pazaru. Priznanje im je uru\u010dio ministar prosvjete u Vladi Republike Turske dr. Nabi Avd\u017ei, a ceremoniji su, pored ostalih, prisustvovali valija i gradona\u010delnik Eski\u0161ehira, kao i nekoliko poslanika turskog parlamenta.<\/p>\n<p>Pored dr. Dudi\u0107a ovo zna\u010dajno priznanje dobili su: akademik \u0160erbo Rastoder iz Crne Gore, dr. Adnan Ismaili iz Makedonije, dr. Irfan Morina sa Kosova, dr. Amina \u0160iljak Jasenkovi\u0107 iz BiH i drugi. U svom obra\u0107anju dr. Dudi\u0107 se zahvalio na nagradi i istakao da je ona osim njemu li\u010dno ujedno i priznanje Internacionalnom univerzitetu, kao i Bo\u0161njacima i svim muslimanima u Sand\u017eaku i Srbiji.<\/p>\n<p>Drugog dana boravka laureate su primili valija Eski\u0161ehira i njegov gradona\u010delnik. Ina\u010de, Univerzitet \u201eOsman Gazi\u201c u Eski\u0161ehiru ima preko 90.000 studenata, a na njemu u desetodnevnoj razmjeni borave i dva studenta Internacionalnog univerziteta, sa Departmana za umjetnost<\/p>\n<p>(mesihat)<\/p>\n","protected":false},"excerpt":{"rendered":"<p>Novi Pazar &#8211; Dana 20.03.2014. god. u Eski\u0161ehiru u Turskoj, koji je izabran da bude glavni grad turske kulture za pro\u0161lu godinu, odr\u017eana je ceremonija dodjele nagrade \u201eEski\u0161ehir \u2013 kulturna prijestolnica 2013.\u201c. \u00a0 Ovu presti\u017enu nagradu dobilo je 33-oje intelektualaca iz cijelog svijeta, a me\u0111u njima i muftija dr. Mevlud ef. Dudi\u0107 u svojstvu tada\u0161njeg [&hellip;]<\/p>\n","protected":false},"author":83,"featured_media":103245,"comment_status":"open","ping_status":"open","sticky":false,"template":"","format":"standard","meta":{"footnotes":""},"categories":[72,802,8957],"tags":[],"class_list":{"0":"post-103244","1":"post","2":"type-post","3":"status-publish","4":"format-standard","5":"has-post-thumbnail","7":"category-novi-pazar","8":"category-islamska_zajednica","9":"category-vijesti-dana"},"yoast_head":"<!-- This site is optimized with the Yoast SEO Premium plugin v23.1 (Yoast SEO v24.9) - https:\/\/yoast.com\/wordpress\/plugins\/seo\/ -->\n<title>Muftija dr. Mevlud ef. Dudi\u0107 dobio presti\u017eno tursko priznanje<\/title>\n<meta name=\"robots\" content=\"index, follow, max-snippet:-1, max-image-preview:large, max-video-preview:-1\" \/>\n<link rel=\"canonical\" href=\"https:\/\/sandzakpress.net\/arhiva\/muftija-dr-mevlud-ef-dudic-dobio-prestizno-tursko-priznanje\/\" \/>\n<meta property=\"og:locale\" content=\"bs_BA\" \/>\n<meta property=\"og:type\" content=\"article\" \/>\n<meta property=\"og:title\" content=\"Muftija dr. Mevlud ef. Dudi\u0107 dobio presti\u017eno tursko priznanje\" \/>\n<meta property=\"og:description\" content=\"Novi Pazar &#8211; Dana 20.03.2014. god. u Eski\u0161ehiru u Turskoj, koji je izabran da bude glavni grad turske kulture za pro\u0161lu godinu, odr\u017eana je ceremonija dodjele nagrade \u201eEski\u0161ehir \u2013 kulturna prijestolnica 2013.\u201c. \u00a0 Ovu presti\u017enu nagradu dobilo je 33-oje intelektualaca iz cijelog svijeta, a me\u0111u njima i muftija dr. Mevlud ef. Dudi\u0107 u svojstvu tada\u0161njeg [&hellip;]\" \/>\n<meta property=\"og:url\" content=\"https:\/\/sandzakpress.net\/arhiva\/muftija-dr-mevlud-ef-dudic-dobio-prestizno-tursko-priznanje\/\" \/>\n<meta property=\"og:site_name\" content=\"Sand\u017eak PRESS\" \/>\n<meta property=\"article:published_time\" content=\"2014-03-21T16:56:43+00:00\" \/>\n<meta property=\"article:modified_time\" content=\"2014-03-21T17:04:24+00:00\" \/>\n<meta property=\"og:image\" content=\"https:\/\/sandzakpress.net\/arhiva\/wp-content\/uploads\/2014\/03\/picture.jpg\" \/>\n\t<meta property=\"og:image:width\" content=\"1280\" \/>\n\t<meta property=\"og:image:height\" content=\"720\" \/>\n\t<meta property=\"og:image:type\" content=\"image\/jpeg\" \/>\n<meta name=\"author\" content=\"bosniak\" \/>\n<meta name=\"twitter:card\" content=\"summary_large_image\" \/>\n<meta name=\"twitter:label1\" content=\"Written by\" \/>\n\t<meta name=\"twitter:data1\" content=\"bosniak\" \/>\n\t<meta name=\"twitter:label2\" content=\"Est. reading time\" \/>\n\t<meta name=\"twitter:data2\" content=\"1 minuta\" \/>\n<script type=\"application\/ld+json\" class=\"yoast-schema-graph\">{\"@context\":\"https:\/\/schema.org\",\"@graph\":[{\"@type\":\"Article\",\"@id\":\"https:\/\/sandzakpress.net\/arhiva\/muftija-dr-mevlud-ef-dudic-dobio-prestizno-tursko-priznanje\/#article\",\"isPartOf\":{\"@id\":\"https:\/\/sandzakpress.net\/arhiva\/muftija-dr-mevlud-ef-dudic-dobio-prestizno-tursko-priznanje\/\"},\"author\":{\"name\":\"bosniak\",\"@id\":\"https:\/\/sandzakpress.net\/arhiva\/#\/schema\/person\/c8baee722073534b583ea7bdb2e36c02\"},\"headline\":\"Muftija dr. Mevlud ef. Dudi\u0107 dobio presti\u017eno tursko priznanje\",\"datePublished\":\"2014-03-21T16:56:43+00:00\",\"dateModified\":\"2014-03-21T17:04:24+00:00\",\"mainEntityOfPage\":{\"@id\":\"https:\/\/sandzakpress.net\/arhiva\/muftija-dr-mevlud-ef-dudic-dobio-prestizno-tursko-priznanje\/\"},\"wordCount\":218,\"commentCount\":3,\"publisher\":{\"@id\":\"https:\/\/sandzakpress.net\/arhiva\/#\/schema\/person\/6e72b67d6e51910a1117b3b483ba20bd\"},\"image\":{\"@id\":\"https:\/\/sandzakpress.net\/arhiva\/muftija-dr-mevlud-ef-dudic-dobio-prestizno-tursko-priznanje\/#primaryimage\"},\"thumbnailUrl\":\"https:\/\/sandzakpress.net\/arhiva\/wp-content\/uploads\/2014\/03\/picture.jpg\",\"articleSection\":[\"Novi Pazar\",\"Islamska zajednica\",\"VIJESTI DANA\"],\"inLanguage\":\"bs-BA\",\"potentialAction\":[{\"@type\":\"CommentAction\",\"name\":\"Comment\",\"target\":[\"https:\/\/sandzakpress.net\/arhiva\/muftija-dr-mevlud-ef-dudic-dobio-prestizno-tursko-priznanje\/#respond\"]}]},{\"@type\":\"WebPage\",\"@id\":\"https:\/\/sandzakpress.net\/arhiva\/muftija-dr-mevlud-ef-dudic-dobio-prestizno-tursko-priznanje\/\",\"url\":\"https:\/\/sandzakpress.net\/arhiva\/muftija-dr-mevlud-ef-dudic-dobio-prestizno-tursko-priznanje\/\",\"name\":\"Muftija dr. Mevlud ef. Dudi\u0107 dobio presti\u017eno tursko priznanje\",\"isPartOf\":{\"@id\":\"https:\/\/sandzakpress.net\/arhiva\/#website\"},\"primaryImageOfPage\":{\"@id\":\"https:\/\/sandzakpress.net\/arhiva\/muftija-dr-mevlud-ef-dudic-dobio-prestizno-tursko-priznanje\/#primaryimage\"},\"image\":{\"@id\":\"https:\/\/sandzakpress.net\/arhiva\/muftija-dr-mevlud-ef-dudic-dobio-prestizno-tursko-priznanje\/#primaryimage\"},\"thumbnailUrl\":\"https:\/\/sandzakpress.net\/arhiva\/wp-content\/uploads\/2014\/03\/picture.jpg\",\"datePublished\":\"2014-03-21T16:56:43+00:00\",\"dateModified\":\"2014-03-21T17:04:24+00:00\",\"breadcrumb\":{\"@id\":\"https:\/\/sandzakpress.net\/arhiva\/muftija-dr-mevlud-ef-dudic-dobio-prestizno-tursko-priznanje\/#breadcrumb\"},\"inLanguage\":\"bs-BA\",\"potentialAction\":[{\"@type\":\"ReadAction\",\"target\":[\"https:\/\/sandzakpress.net\/arhiva\/muftija-dr-mevlud-ef-dudic-dobio-prestizno-tursko-priznanje\/\"]}]},{\"@type\":\"ImageObject\",\"inLanguage\":\"bs-BA\",\"@id\":\"https:\/\/sandzakpress.net\/arhiva\/muftija-dr-mevlud-ef-dudic-dobio-prestizno-tursko-priznanje\/#primaryimage\",\"url\":\"https:\/\/sandzakpress.net\/arhiva\/wp-content\/uploads\/2014\/03\/picture.jpg\",\"contentUrl\":\"https:\/\/sandzakpress.net\/arhiva\/wp-content\/uploads\/2014\/03\/picture.jpg\",\"width\":1280,\"height\":720},{\"@type\":\"BreadcrumbList\",\"@id\":\"https:\/\/sandzakpress.net\/arhiva\/muftija-dr-mevlud-ef-dudic-dobio-prestizno-tursko-priznanje\/#breadcrumb\",\"itemListElement\":[{\"@type\":\"ListItem\",\"position\":1,\"name\":\"Home\",\"item\":\"https:\/\/sandzakpress.net\/arhiva\/\"},{\"@type\":\"ListItem\",\"position\":2,\"name\":\"Muftija dr. Mevlud ef. Dudi\u0107 dobio presti\u017eno tursko priznanje\"}]},{\"@type\":\"WebSite\",\"@id\":\"https:\/\/sandzakpress.net\/arhiva\/#website\",\"url\":\"https:\/\/sandzakpress.net\/arhiva\/\",\"name\":\"Sand\u017eak PRESS\",\"description\":\"Prve elektronske novine u Sand\u017eaku\",\"publisher\":{\"@id\":\"https:\/\/sandzakpress.net\/arhiva\/#\/schema\/person\/6e72b67d6e51910a1117b3b483ba20bd\"},\"potentialAction\":[{\"@type\":\"SearchAction\",\"target\":{\"@type\":\"EntryPoint\",\"urlTemplate\":\"https:\/\/sandzakpress.net\/arhiva\/?s={search_term_string}\"},\"query-input\":{\"@type\":\"PropertyValueSpecification\",\"valueRequired\":true,\"valueName\":\"search_term_string\"}}],\"inLanguage\":\"bs-BA\"},{\"@type\":[\"Person\",\"Organization\"],\"@id\":\"https:\/\/sandzakpress.net\/arhiva\/#\/schema\/person\/6e72b67d6e51910a1117b3b483ba20bd\",\"name\":\"Kul\",\"image\":{\"@type\":\"ImageObject\",\"inLanguage\":\"bs-BA\",\"@id\":\"https:\/\/sandzakpress.net\/arhiva\/#\/schema\/person\/image\/\",\"url\":\"https:\/\/secure.gravatar.com\/avatar\/42263f39aa27ac04c43cab85c280eb2e?s=96&d=mm&r=pg\",\"contentUrl\":\"https:\/\/secure.gravatar.com\/avatar\/42263f39aa27ac04c43cab85c280eb2e?s=96&d=mm&r=pg\",\"caption\":\"Kul\"},\"logo\":{\"@id\":\"https:\/\/sandzakpress.net\/arhiva\/#\/schema\/person\/image\/\"}},{\"@type\":\"Person\",\"@id\":\"https:\/\/sandzakpress.net\/arhiva\/#\/schema\/person\/c8baee722073534b583ea7bdb2e36c02\",\"name\":\"bosniak\",\"image\":{\"@type\":\"ImageObject\",\"inLanguage\":\"bs-BA\",\"@id\":\"https:\/\/sandzakpress.net\/arhiva\/#\/schema\/person\/image\/\",\"url\":\"https:\/\/secure.gravatar.com\/avatar\/a04fd330bfe3a36a72a0ad4a6d89fca7?s=96&d=mm&r=pg\",\"contentUrl\":\"https:\/\/secure.gravatar.com\/avatar\/a04fd330bfe3a36a72a0ad4a6d89fca7?s=96&d=mm&r=pg\",\"caption\":\"bosniak\"},\"url\":\"https:\/\/sandzakpress.net\/arhiva\/author\/bosniak\/\"}]}<\/script>\n<!-- \/ Yoast SEO Premium plugin. -->","yoast_head_json":{"title":"Muftija dr. Mevlud ef. Dudi\u0107 dobio presti\u017eno tursko priznanje","robots":{"index":"index","follow":"follow","max-snippet":"max-snippet:-1","max-image-preview":"max-image-preview:large","max-video-preview":"max-video-preview:-1"},"canonical":"https:\/\/sandzakpress.net\/arhiva\/muftija-dr-mevlud-ef-dudic-dobio-prestizno-tursko-priznanje\/","og_locale":"bs_BA","og_type":"article","og_title":"Muftija dr. Mevlud ef. Dudi\u0107 dobio presti\u017eno tursko priznanje","og_description":"Novi Pazar &#8211; Dana 20.03.2014. god. u Eski\u0161ehiru u Turskoj, koji je izabran da bude glavni grad turske kulture za pro\u0161lu godinu, odr\u017eana je ceremonija dodjele nagrade \u201eEski\u0161ehir \u2013 kulturna prijestolnica 2013.\u201c. \u00a0 Ovu presti\u017enu nagradu dobilo je 33-oje intelektualaca iz cijelog svijeta, a me\u0111u njima i muftija dr. Mevlud ef. Dudi\u0107 u svojstvu tada\u0161njeg [&hellip;]","og_url":"https:\/\/sandzakpress.net\/arhiva\/muftija-dr-mevlud-ef-dudic-dobio-prestizno-tursko-priznanje\/","og_site_name":"Sand\u017eak PRESS","article_published_time":"2014-03-21T16:56:43+00:00","article_modified_time":"2014-03-21T17:04:24+00:00","og_image":[{"width":1280,"height":720,"url":"https:\/\/sandzakpress.net\/arhiva\/wp-content\/uploads\/2014\/03\/picture.jpg","type":"image\/jpeg"}],"author":"bosniak","twitter_card":"summary_large_image","twitter_misc":{"Written by":"bosniak","Est. reading time":"1 minuta"},"schema":{"@context":"https:\/\/schema.org","@graph":[{"@type":"Article","@id":"https:\/\/sandzakpress.net\/arhiva\/muftija-dr-mevlud-ef-dudic-dobio-prestizno-tursko-priznanje\/#article","isPartOf":{"@id":"https:\/\/sandzakpress.net\/arhiva\/muftija-dr-mevlud-ef-dudic-dobio-prestizno-tursko-priznanje\/"},"author":{"name":"bosniak","@id":"https:\/\/sandzakpress.net\/arhiva\/#\/schema\/person\/c8baee722073534b583ea7bdb2e36c02"},"headline":"Muftija dr. Mevlud ef. Dudi\u0107 dobio presti\u017eno tursko priznanje","datePublished":"2014-03-21T16:56:43+00:00","dateModified":"2014-03-21T17:04:24+00:00","mainEntityOfPage":{"@id":"https:\/\/sandzakpress.net\/arhiva\/muftija-dr-mevlud-ef-dudic-dobio-prestizno-tursko-priznanje\/"},"wordCount":218,"commentCount":3,"publisher":{"@id":"https:\/\/sandzakpress.net\/arhiva\/#\/schema\/person\/6e72b67d6e51910a1117b3b483ba20bd"},"image":{"@id":"https:\/\/sandzakpress.net\/arhiva\/muftija-dr-mevlud-ef-dudic-dobio-prestizno-tursko-priznanje\/#primaryimage"},"thumbnailUrl":"https:\/\/sandzakpress.net\/arhiva\/wp-content\/uploads\/2014\/03\/picture.jpg","articleSection":["Novi Pazar","Islamska zajednica","VIJESTI DANA"],"inLanguage":"bs-BA","potentialAction":[{"@type":"CommentAction","name":"Comment","target":["https:\/\/sandzakpress.net\/arhiva\/muftija-dr-mevlud-ef-dudic-dobio-prestizno-tursko-priznanje\/#respond"]}]},{"@type":"WebPage","@id":"https:\/\/sandzakpress.net\/arhiva\/muftija-dr-mevlud-ef-dudic-dobio-prestizno-tursko-priznanje\/","url":"https:\/\/sandzakpress.net\/arhiva\/muftija-dr-mevlud-ef-dudic-dobio-prestizno-tursko-priznanje\/","name":"Muftija dr. Mevlud ef. Dudi\u0107 dobio presti\u017eno tursko priznanje","isPartOf":{"@id":"https:\/\/sandzakpress.net\/arhiva\/#website"},"primaryImageOfPage":{"@id":"https:\/\/sandzakpress.net\/arhiva\/muftija-dr-mevlud-ef-dudic-dobio-prestizno-tursko-priznanje\/#primaryimage"},"image":{"@id":"https:\/\/sandzakpress.net\/arhiva\/muftija-dr-mevlud-ef-dudic-dobio-prestizno-tursko-priznanje\/#primaryimage"},"thumbnailUrl":"https:\/\/sandzakpress.net\/arhiva\/wp-content\/uploads\/2014\/03\/picture.jpg","datePublished":"2014-03-21T16:56:43+00:00","dateModified":"2014-03-21T17:04:24+00:00","breadcrumb":{"@id":"https:\/\/sandzakpress.net\/arhiva\/muftija-dr-mevlud-ef-dudic-dobio-prestizno-tursko-priznanje\/#breadcrumb"},"inLanguage":"bs-BA","potentialAction":[{"@type":"ReadAction","target":["https:\/\/sandzakpress.net\/arhiva\/muftija-dr-mevlud-ef-dudic-dobio-prestizno-tursko-priznanje\/"]}]},{"@type":"ImageObject","inLanguage":"bs-BA","@id":"https:\/\/sandzakpress.net\/arhiva\/muftija-dr-mevlud-ef-dudic-dobio-prestizno-tursko-priznanje\/#primaryimage","url":"https:\/\/sandzakpress.net\/arhiva\/wp-content\/uploads\/2014\/03\/picture.jpg","contentUrl":"https:\/\/sandzakpress.net\/arhiva\/wp-content\/uploads\/2014\/03\/picture.jpg","width":1280,"height":720},{"@type":"BreadcrumbList","@id":"https:\/\/sandzakpress.net\/arhiva\/muftija-dr-mevlud-ef-dudic-dobio-prestizno-tursko-priznanje\/#breadcrumb","itemListElement":[{"@type":"ListItem","position":1,"name":"Home","item":"https:\/\/sandzakpress.net\/arhiva\/"},{"@type":"ListItem","position":2,"name":"Muftija dr. Mevlud ef. Dudi\u0107 dobio presti\u017eno tursko priznanje"}]},{"@type":"WebSite","@id":"https:\/\/sandzakpress.net\/arhiva\/#website","url":"https:\/\/sandzakpress.net\/arhiva\/","name":"Sand\u017eak PRESS","description":"Prve elektronske novine u Sand\u017eaku","publisher":{"@id":"https:\/\/sandzakpress.net\/arhiva\/#\/schema\/person\/6e72b67d6e51910a1117b3b483ba20bd"},"potentialAction":[{"@type":"SearchAction","target":{"@type":"EntryPoint","urlTemplate":"https:\/\/sandzakpress.net\/arhiva\/?s={search_term_string}"},"query-input":{"@type":"PropertyValueSpecification","valueRequired":true,"valueName":"search_term_string"}}],"inLanguage":"bs-BA"},{"@type":["Person","Organization"],"@id":"https:\/\/sandzakpress.net\/arhiva\/#\/schema\/person\/6e72b67d6e51910a1117b3b483ba20bd","name":"Kul","image":{"@type":"ImageObject","inLanguage":"bs-BA","@id":"https:\/\/sandzakpress.net\/arhiva\/#\/schema\/person\/image\/","url":"https:\/\/secure.gravatar.com\/avatar\/42263f39aa27ac04c43cab85c280eb2e?s=96&d=mm&r=pg","contentUrl":"https:\/\/secure.gravatar.com\/avatar\/42263f39aa27ac04c43cab85c280eb2e?s=96&d=mm&r=pg","caption":"Kul"},"logo":{"@id":"https:\/\/sandzakpress.net\/arhiva\/#\/schema\/person\/image\/"}},{"@type":"Person","@id":"https:\/\/sandzakpress.net\/arhiva\/#\/schema\/person\/c8baee722073534b583ea7bdb2e36c02","name":"bosniak","image":{"@type":"ImageObject","inLanguage":"bs-BA","@id":"https:\/\/sandzakpress.net\/arhiva\/#\/schema\/person\/image\/","url":"https:\/\/secure.gravatar.com\/avatar\/a04fd330bfe3a36a72a0ad4a6d89fca7?s=96&d=mm&r=pg","contentUrl":"https:\/\/secure.gravatar.com\/avatar\/a04fd330bfe3a36a72a0ad4a6d89fca7?s=96&d=mm&r=pg","caption":"bosniak"},"url":"https:\/\/sandzakpress.net\/arhiva\/author\/bosniak\/"}]}},"_links":{"self":[{"href":"https:\/\/sandzakpress.net\/arhiva\/wp-json\/wp\/v2\/posts\/103244"}],"collection":[{"href":"https:\/\/sandzakpress.net\/arhiva\/wp-json\/wp\/v2\/posts"}],"about":[{"href":"https:\/\/sandzakpress.net\/arhiva\/wp-json\/wp\/v2\/types\/post"}],"author":[{"embeddable":true,"href":"https:\/\/sandzakpress.net\/arhiva\/wp-json\/wp\/v2\/users\/83"}],"replies":[{"embeddable":true,"href":"https:\/\/sandzakpress.net\/arhiva\/wp-json\/wp\/v2\/comments?post=103244"}],"version-history":[{"count":0,"href":"https:\/\/sandzakpress.net\/arhiva\/wp-json\/wp\/v2\/posts\/103244\/revisions"}],"wp:featuredmedia":[{"embeddable":true,"href":"https:\/\/sandzakpress.net\/arhiva\/wp-json\/wp\/v2\/media\/103245"}],"wp:attachment":[{"href":"https:\/\/sandzakpress.net\/arhiva\/wp-json\/wp\/v2\/media?parent=103244"}],"wp:term":[{"taxonomy":"category","embeddable":true,"href":"https:\/\/sandzakpress.net\/arhiva\/wp-json\/wp\/v2\/categories?post=103244"},{"taxonomy":"post_tag","embeddable":true,"href":"https:\/\/sandzakpress.net\/arhiva\/wp-json\/wp\/v2\/tags?post=103244"}],"curies":[{"name":"wp","href":"https:\/\/api.w.org\/{rel}","templated":true}]}}