{"id":103236,"date":"2014-03-20T21:33:30","date_gmt":"2014-03-20T20:33:30","guid":{"rendered":"https:\/\/sandzakpress.net\/arhiva\/?p=103236"},"modified":"2014-03-21T00:34:51","modified_gmt":"2014-03-20T23:34:51","slug":"gotovo-svakodnevno-izbijaju-pozari-u-okolini-bijelog-polja-nemar-ugrozava-imovinu","status":"publish","type":"post","link":"https:\/\/sandzakpress.net\/arhiva\/gotovo-svakodnevno-izbijaju-pozari-u-okolini-bijelog-polja-nemar-ugrozava-imovinu\/","title":{"rendered":"Gotovo svakodnevno izbijaju po\u017eari u okolini Bijelog Polja: Nemar ugro\u017eava imovinu"},"content":{"rendered":"<p><strong style=\"font-size: 14px; line-height: 1.5em;\"><a href=\"http:\/\/www.pobjeda.me\/wp-content\/uploads\/2014\/03\/2014-03-19-cgo-t-str-xx-v01-z-pl-pozari.jpg\" data-slb-group=\"slb\" data-slb-active=\"1\" data-slb-internal=\"0\"><img loading=\"lazy\" decoding=\"async\" class=\"alignleft\" title=\"Gotovo svakodnevno izbijaju po\u017eari u okolini Bijelog Polja: Nemar ugro\u017eava imovinu\" alt=\"2014 03 19 cgo t str xx v01 z pl pozari 300x168 Gotovo svakodnevno izbijaju po\u017eari u okolini Bijelog Polja: Nemar ugro\u017eava imovinu\" src=\"http:\/\/www.pobjeda.me\/wp-content\/uploads\/2014\/03\/2014-03-19-cgo-t-str-xx-v01-z-pl-pozari-300x168.jpg\" width=\"300\" height=\"168\" \/><\/a><\/strong><strong>Bijelo Polje &#8211;\u00a0Dolaskom lijepog vremena, na teritoriji bjelopoljske op\u0161tine zabilje\u017een je veliki broj po\u017eara, a samim tim i vi\u0161e posla za vatrogasce.<\/strong><\/p>\n<p>Prema rije\u010dima rukovodioca Slu\u017ebe spa\u0161avanja Zorana Puleti\u0107a,\u00a0 vatrogasci\u00a0 su prethodnih deset dana imali intervencije u skoro svim selima u okolini Bijelog Polja.<\/p>\n<p>&#8211; Rije\u010d je o po\u017earima na otvorenom prostoru, koji su uglavnom rezultat nemara i nepa\u017enje prilikom ra\u0161\u010di\u0161\u0107avanja poljoprivrednog zemlji\u0161ta, livada i njiva. Zbog ne\u010dijeg nemara svakodnevno interveni\u0161emo kako bismo sprije\u010dili \u0161irenje po\u017eara na \u0161umu \u2013 kazao je Puleti\u0107.<\/p>\n<p>On je dodao da dojave o po\u017earima obi\u010dno dobijaju u kasnim poslijepodnevnim satima. Moraju da interveni\u0161u sa punom opremom, a kako je uglavnom rije\u010d o udaljenim lokacijama i nepristupa\u010dnom terenu, urbani dio grada za to vrijeme ostaje neza\u0161ti\u0107en.<\/p>\n<p>&#8211; Zakonom o za\u0161titi i spa\u0161avanju zabranjeno je spaljivanje ostataka biljaka i sme\u0107a na otvorenom prostoru, ali pojedincima to izgleda ne smeta. Uprkos svemu, pale vatru i samim tim uve\u0107avaju opasnost da do\u0111e do po\u017eara ve\u0107ih razmjera \u2013 istakao je Puleti\u0107.<\/p>\n<p>Iako svake godine preko sredstava informisanja upozoravaju javnost na ovu pojavu, Puleti\u0107 ka\u017ee da takva upozorenja ne daju rezultat.<\/p>\n<p>&#8211; Za petak je zakazan sastanak sa predsjednikom op\u0161tine i predstavnicima Uprave policije i Uprave za \u0161ume da vidimo koje mjere preduzeti da bi se za\u0161titila dobra. Najvjerovatnije \u0107e po\u010deti podno\u0161enje krivi\u010dnih prijava protiv lica koja \u010dine takva djela, jer na kraju krajeva, rije\u010d je o ugro\u017eavanju \u017eivota i imovine gra\u0111ana \u2013 kazao je Puleti\u0107.<\/p>\n<p>(pobjeda)<\/p>\n","protected":false},"excerpt":{"rendered":"<p>Bijelo Polje &#8211;\u00a0Dolaskom lijepog vremena, na teritoriji bjelopoljske op\u0161tine zabilje\u017een je veliki broj po\u017eara, a samim tim i vi\u0161e posla za vatrogasce. Prema rije\u010dima rukovodioca Slu\u017ebe spa\u0161avanja Zorana Puleti\u0107a,\u00a0 vatrogasci\u00a0 su prethodnih deset dana imali intervencije u skoro svim selima u okolini Bijelog Polja. &#8211; Rije\u010d je o po\u017earima na otvorenom prostoru, koji su uglavnom [&hellip;]<\/p>\n","protected":false},"author":83,"featured_media":103237,"comment_status":"open","ping_status":"open","sticky":false,"template":"","format":"standard","meta":{"footnotes":""},"categories":[396,801],"tags":[],"class_list":{"0":"post-103236","1":"post","2":"type-post","3":"status-publish","4":"format-standard","5":"has-post-thumbnail","7":"category-bijelo_polje","8":"category-crna_hronika"},"yoast_head":"<!-- This site is optimized with the Yoast SEO Premium plugin v23.1 (Yoast SEO v24.9) - https:\/\/yoast.com\/wordpress\/plugins\/seo\/ -->\n<title>Gotovo svakodnevno izbijaju po\u017eari u okolini Bijelog Polja: Nemar ugro\u017eava imovinu<\/title>\n<meta name=\"robots\" content=\"index, follow, max-snippet:-1, max-image-preview:large, max-video-preview:-1\" \/>\n<link rel=\"canonical\" href=\"https:\/\/sandzakpress.net\/arhiva\/gotovo-svakodnevno-izbijaju-pozari-u-okolini-bijelog-polja-nemar-ugrozava-imovinu\/\" \/>\n<meta property=\"og:locale\" content=\"bs_BA\" \/>\n<meta property=\"og:type\" content=\"article\" \/>\n<meta property=\"og:title\" content=\"Gotovo svakodnevno izbijaju po\u017eari u okolini Bijelog Polja: Nemar ugro\u017eava imovinu\" \/>\n<meta property=\"og:description\" content=\"Bijelo Polje &#8211;\u00a0Dolaskom lijepog vremena, na teritoriji bjelopoljske op\u0161tine zabilje\u017een je veliki broj po\u017eara, a samim tim i vi\u0161e posla za vatrogasce. Prema rije\u010dima rukovodioca Slu\u017ebe spa\u0161avanja Zorana Puleti\u0107a,\u00a0 vatrogasci\u00a0 su prethodnih deset dana imali intervencije u skoro svim selima u okolini Bijelog Polja. &#8211; Rije\u010d je o po\u017earima na otvorenom prostoru, koji su uglavnom [&hellip;]\" \/>\n<meta property=\"og:url\" content=\"https:\/\/sandzakpress.net\/arhiva\/gotovo-svakodnevno-izbijaju-pozari-u-okolini-bijelog-polja-nemar-ugrozava-imovinu\/\" \/>\n<meta property=\"og:site_name\" content=\"Sand\u017eak PRESS\" \/>\n<meta property=\"article:published_time\" content=\"2014-03-20T20:33:30+00:00\" \/>\n<meta property=\"article:modified_time\" content=\"2014-03-20T23:34:51+00:00\" \/>\n<meta property=\"og:image\" content=\"https:\/\/sandzakpress.net\/arhiva\/wp-content\/uploads\/2014\/03\/2014-03-19-cgo-t-str-xx-v01-z-pl-pozari-300x1681.jpg\" \/>\n\t<meta property=\"og:image:width\" content=\"300\" \/>\n\t<meta property=\"og:image:height\" content=\"168\" \/>\n\t<meta property=\"og:image:type\" content=\"image\/jpeg\" \/>\n<meta name=\"author\" content=\"bosniak\" \/>\n<meta name=\"twitter:card\" content=\"summary_large_image\" \/>\n<meta name=\"twitter:label1\" content=\"Written by\" \/>\n\t<meta name=\"twitter:data1\" content=\"bosniak\" \/>\n\t<meta name=\"twitter:label2\" content=\"Est. reading time\" \/>\n\t<meta name=\"twitter:data2\" content=\"1 minuta\" \/>\n<script type=\"application\/ld+json\" class=\"yoast-schema-graph\">{\"@context\":\"https:\/\/schema.org\",\"@graph\":[{\"@type\":\"Article\",\"@id\":\"https:\/\/sandzakpress.net\/arhiva\/gotovo-svakodnevno-izbijaju-pozari-u-okolini-bijelog-polja-nemar-ugrozava-imovinu\/#article\",\"isPartOf\":{\"@id\":\"https:\/\/sandzakpress.net\/arhiva\/gotovo-svakodnevno-izbijaju-pozari-u-okolini-bijelog-polja-nemar-ugrozava-imovinu\/\"},\"author\":{\"name\":\"bosniak\",\"@id\":\"https:\/\/sandzakpress.net\/arhiva\/#\/schema\/person\/c8baee722073534b583ea7bdb2e36c02\"},\"headline\":\"Gotovo svakodnevno izbijaju po\u017eari u okolini Bijelog Polja: Nemar ugro\u017eava imovinu\",\"datePublished\":\"2014-03-20T20:33:30+00:00\",\"dateModified\":\"2014-03-20T23:34:51+00:00\",\"mainEntityOfPage\":{\"@id\":\"https:\/\/sandzakpress.net\/arhiva\/gotovo-svakodnevno-izbijaju-pozari-u-okolini-bijelog-polja-nemar-ugrozava-imovinu\/\"},\"wordCount\":285,\"commentCount\":0,\"publisher\":{\"@id\":\"https:\/\/sandzakpress.net\/arhiva\/#\/schema\/person\/6e72b67d6e51910a1117b3b483ba20bd\"},\"image\":{\"@id\":\"https:\/\/sandzakpress.net\/arhiva\/gotovo-svakodnevno-izbijaju-pozari-u-okolini-bijelog-polja-nemar-ugrozava-imovinu\/#primaryimage\"},\"thumbnailUrl\":\"https:\/\/sandzakpress.net\/arhiva\/wp-content\/uploads\/2014\/03\/2014-03-19-cgo-t-str-xx-v01-z-pl-pozari-300x1681.jpg\",\"articleSection\":[\"Bijelo Polje\",\"Hronika\"],\"inLanguage\":\"bs-BA\",\"potentialAction\":[{\"@type\":\"CommentAction\",\"name\":\"Comment\",\"target\":[\"https:\/\/sandzakpress.net\/arhiva\/gotovo-svakodnevno-izbijaju-pozari-u-okolini-bijelog-polja-nemar-ugrozava-imovinu\/#respond\"]}]},{\"@type\":\"WebPage\",\"@id\":\"https:\/\/sandzakpress.net\/arhiva\/gotovo-svakodnevno-izbijaju-pozari-u-okolini-bijelog-polja-nemar-ugrozava-imovinu\/\",\"url\":\"https:\/\/sandzakpress.net\/arhiva\/gotovo-svakodnevno-izbijaju-pozari-u-okolini-bijelog-polja-nemar-ugrozava-imovinu\/\",\"name\":\"Gotovo svakodnevno izbijaju po\u017eari u okolini Bijelog Polja: Nemar ugro\u017eava imovinu\",\"isPartOf\":{\"@id\":\"https:\/\/sandzakpress.net\/arhiva\/#website\"},\"primaryImageOfPage\":{\"@id\":\"https:\/\/sandzakpress.net\/arhiva\/gotovo-svakodnevno-izbijaju-pozari-u-okolini-bijelog-polja-nemar-ugrozava-imovinu\/#primaryimage\"},\"image\":{\"@id\":\"https:\/\/sandzakpress.net\/arhiva\/gotovo-svakodnevno-izbijaju-pozari-u-okolini-bijelog-polja-nemar-ugrozava-imovinu\/#primaryimage\"},\"thumbnailUrl\":\"https:\/\/sandzakpress.net\/arhiva\/wp-content\/uploads\/2014\/03\/2014-03-19-cgo-t-str-xx-v01-z-pl-pozari-300x1681.jpg\",\"datePublished\":\"2014-03-20T20:33:30+00:00\",\"dateModified\":\"2014-03-20T23:34:51+00:00\",\"breadcrumb\":{\"@id\":\"https:\/\/sandzakpress.net\/arhiva\/gotovo-svakodnevno-izbijaju-pozari-u-okolini-bijelog-polja-nemar-ugrozava-imovinu\/#breadcrumb\"},\"inLanguage\":\"bs-BA\",\"potentialAction\":[{\"@type\":\"ReadAction\",\"target\":[\"https:\/\/sandzakpress.net\/arhiva\/gotovo-svakodnevno-izbijaju-pozari-u-okolini-bijelog-polja-nemar-ugrozava-imovinu\/\"]}]},{\"@type\":\"ImageObject\",\"inLanguage\":\"bs-BA\",\"@id\":\"https:\/\/sandzakpress.net\/arhiva\/gotovo-svakodnevno-izbijaju-pozari-u-okolini-bijelog-polja-nemar-ugrozava-imovinu\/#primaryimage\",\"url\":\"https:\/\/sandzakpress.net\/arhiva\/wp-content\/uploads\/2014\/03\/2014-03-19-cgo-t-str-xx-v01-z-pl-pozari-300x1681.jpg\",\"contentUrl\":\"https:\/\/sandzakpress.net\/arhiva\/wp-content\/uploads\/2014\/03\/2014-03-19-cgo-t-str-xx-v01-z-pl-pozari-300x1681.jpg\",\"width\":300,\"height\":168},{\"@type\":\"BreadcrumbList\",\"@id\":\"https:\/\/sandzakpress.net\/arhiva\/gotovo-svakodnevno-izbijaju-pozari-u-okolini-bijelog-polja-nemar-ugrozava-imovinu\/#breadcrumb\",\"itemListElement\":[{\"@type\":\"ListItem\",\"position\":1,\"name\":\"Home\",\"item\":\"https:\/\/sandzakpress.net\/arhiva\/\"},{\"@type\":\"ListItem\",\"position\":2,\"name\":\"Gotovo svakodnevno izbijaju po\u017eari u okolini Bijelog Polja: Nemar ugro\u017eava imovinu\"}]},{\"@type\":\"WebSite\",\"@id\":\"https:\/\/sandzakpress.net\/arhiva\/#website\",\"url\":\"https:\/\/sandzakpress.net\/arhiva\/\",\"name\":\"Sand\u017eak PRESS\",\"description\":\"Prve elektronske novine u Sand\u017eaku\",\"publisher\":{\"@id\":\"https:\/\/sandzakpress.net\/arhiva\/#\/schema\/person\/6e72b67d6e51910a1117b3b483ba20bd\"},\"potentialAction\":[{\"@type\":\"SearchAction\",\"target\":{\"@type\":\"EntryPoint\",\"urlTemplate\":\"https:\/\/sandzakpress.net\/arhiva\/?s={search_term_string}\"},\"query-input\":{\"@type\":\"PropertyValueSpecification\",\"valueRequired\":true,\"valueName\":\"search_term_string\"}}],\"inLanguage\":\"bs-BA\"},{\"@type\":[\"Person\",\"Organization\"],\"@id\":\"https:\/\/sandzakpress.net\/arhiva\/#\/schema\/person\/6e72b67d6e51910a1117b3b483ba20bd\",\"name\":\"Kul\",\"image\":{\"@type\":\"ImageObject\",\"inLanguage\":\"bs-BA\",\"@id\":\"https:\/\/sandzakpress.net\/arhiva\/#\/schema\/person\/image\/\",\"url\":\"https:\/\/secure.gravatar.com\/avatar\/42263f39aa27ac04c43cab85c280eb2e?s=96&d=mm&r=pg\",\"contentUrl\":\"https:\/\/secure.gravatar.com\/avatar\/42263f39aa27ac04c43cab85c280eb2e?s=96&d=mm&r=pg\",\"caption\":\"Kul\"},\"logo\":{\"@id\":\"https:\/\/sandzakpress.net\/arhiva\/#\/schema\/person\/image\/\"}},{\"@type\":\"Person\",\"@id\":\"https:\/\/sandzakpress.net\/arhiva\/#\/schema\/person\/c8baee722073534b583ea7bdb2e36c02\",\"name\":\"bosniak\",\"image\":{\"@type\":\"ImageObject\",\"inLanguage\":\"bs-BA\",\"@id\":\"https:\/\/sandzakpress.net\/arhiva\/#\/schema\/person\/image\/\",\"url\":\"https:\/\/secure.gravatar.com\/avatar\/a04fd330bfe3a36a72a0ad4a6d89fca7?s=96&d=mm&r=pg\",\"contentUrl\":\"https:\/\/secure.gravatar.com\/avatar\/a04fd330bfe3a36a72a0ad4a6d89fca7?s=96&d=mm&r=pg\",\"caption\":\"bosniak\"},\"url\":\"https:\/\/sandzakpress.net\/arhiva\/author\/bosniak\/\"}]}<\/script>\n<!-- \/ Yoast SEO Premium plugin. -->","yoast_head_json":{"title":"Gotovo svakodnevno izbijaju po\u017eari u okolini Bijelog Polja: Nemar ugro\u017eava imovinu","robots":{"index":"index","follow":"follow","max-snippet":"max-snippet:-1","max-image-preview":"max-image-preview:large","max-video-preview":"max-video-preview:-1"},"canonical":"https:\/\/sandzakpress.net\/arhiva\/gotovo-svakodnevno-izbijaju-pozari-u-okolini-bijelog-polja-nemar-ugrozava-imovinu\/","og_locale":"bs_BA","og_type":"article","og_title":"Gotovo svakodnevno izbijaju po\u017eari u okolini Bijelog Polja: Nemar ugro\u017eava imovinu","og_description":"Bijelo Polje &#8211;\u00a0Dolaskom lijepog vremena, na teritoriji bjelopoljske op\u0161tine zabilje\u017een je veliki broj po\u017eara, a samim tim i vi\u0161e posla za vatrogasce. Prema rije\u010dima rukovodioca Slu\u017ebe spa\u0161avanja Zorana Puleti\u0107a,\u00a0 vatrogasci\u00a0 su prethodnih deset dana imali intervencije u skoro svim selima u okolini Bijelog Polja. &#8211; Rije\u010d je o po\u017earima na otvorenom prostoru, koji su uglavnom [&hellip;]","og_url":"https:\/\/sandzakpress.net\/arhiva\/gotovo-svakodnevno-izbijaju-pozari-u-okolini-bijelog-polja-nemar-ugrozava-imovinu\/","og_site_name":"Sand\u017eak PRESS","article_published_time":"2014-03-20T20:33:30+00:00","article_modified_time":"2014-03-20T23:34:51+00:00","og_image":[{"width":300,"height":168,"url":"https:\/\/sandzakpress.net\/arhiva\/wp-content\/uploads\/2014\/03\/2014-03-19-cgo-t-str-xx-v01-z-pl-pozari-300x1681.jpg","type":"image\/jpeg"}],"author":"bosniak","twitter_card":"summary_large_image","twitter_misc":{"Written by":"bosniak","Est. reading time":"1 minuta"},"schema":{"@context":"https:\/\/schema.org","@graph":[{"@type":"Article","@id":"https:\/\/sandzakpress.net\/arhiva\/gotovo-svakodnevno-izbijaju-pozari-u-okolini-bijelog-polja-nemar-ugrozava-imovinu\/#article","isPartOf":{"@id":"https:\/\/sandzakpress.net\/arhiva\/gotovo-svakodnevno-izbijaju-pozari-u-okolini-bijelog-polja-nemar-ugrozava-imovinu\/"},"author":{"name":"bosniak","@id":"https:\/\/sandzakpress.net\/arhiva\/#\/schema\/person\/c8baee722073534b583ea7bdb2e36c02"},"headline":"Gotovo svakodnevno izbijaju po\u017eari u okolini Bijelog Polja: Nemar ugro\u017eava imovinu","datePublished":"2014-03-20T20:33:30+00:00","dateModified":"2014-03-20T23:34:51+00:00","mainEntityOfPage":{"@id":"https:\/\/sandzakpress.net\/arhiva\/gotovo-svakodnevno-izbijaju-pozari-u-okolini-bijelog-polja-nemar-ugrozava-imovinu\/"},"wordCount":285,"commentCount":0,"publisher":{"@id":"https:\/\/sandzakpress.net\/arhiva\/#\/schema\/person\/6e72b67d6e51910a1117b3b483ba20bd"},"image":{"@id":"https:\/\/sandzakpress.net\/arhiva\/gotovo-svakodnevno-izbijaju-pozari-u-okolini-bijelog-polja-nemar-ugrozava-imovinu\/#primaryimage"},"thumbnailUrl":"https:\/\/sandzakpress.net\/arhiva\/wp-content\/uploads\/2014\/03\/2014-03-19-cgo-t-str-xx-v01-z-pl-pozari-300x1681.jpg","articleSection":["Bijelo Polje","Hronika"],"inLanguage":"bs-BA","potentialAction":[{"@type":"CommentAction","name":"Comment","target":["https:\/\/sandzakpress.net\/arhiva\/gotovo-svakodnevno-izbijaju-pozari-u-okolini-bijelog-polja-nemar-ugrozava-imovinu\/#respond"]}]},{"@type":"WebPage","@id":"https:\/\/sandzakpress.net\/arhiva\/gotovo-svakodnevno-izbijaju-pozari-u-okolini-bijelog-polja-nemar-ugrozava-imovinu\/","url":"https:\/\/sandzakpress.net\/arhiva\/gotovo-svakodnevno-izbijaju-pozari-u-okolini-bijelog-polja-nemar-ugrozava-imovinu\/","name":"Gotovo svakodnevno izbijaju po\u017eari u okolini Bijelog Polja: Nemar ugro\u017eava imovinu","isPartOf":{"@id":"https:\/\/sandzakpress.net\/arhiva\/#website"},"primaryImageOfPage":{"@id":"https:\/\/sandzakpress.net\/arhiva\/gotovo-svakodnevno-izbijaju-pozari-u-okolini-bijelog-polja-nemar-ugrozava-imovinu\/#primaryimage"},"image":{"@id":"https:\/\/sandzakpress.net\/arhiva\/gotovo-svakodnevno-izbijaju-pozari-u-okolini-bijelog-polja-nemar-ugrozava-imovinu\/#primaryimage"},"thumbnailUrl":"https:\/\/sandzakpress.net\/arhiva\/wp-content\/uploads\/2014\/03\/2014-03-19-cgo-t-str-xx-v01-z-pl-pozari-300x1681.jpg","datePublished":"2014-03-20T20:33:30+00:00","dateModified":"2014-03-20T23:34:51+00:00","breadcrumb":{"@id":"https:\/\/sandzakpress.net\/arhiva\/gotovo-svakodnevno-izbijaju-pozari-u-okolini-bijelog-polja-nemar-ugrozava-imovinu\/#breadcrumb"},"inLanguage":"bs-BA","potentialAction":[{"@type":"ReadAction","target":["https:\/\/sandzakpress.net\/arhiva\/gotovo-svakodnevno-izbijaju-pozari-u-okolini-bijelog-polja-nemar-ugrozava-imovinu\/"]}]},{"@type":"ImageObject","inLanguage":"bs-BA","@id":"https:\/\/sandzakpress.net\/arhiva\/gotovo-svakodnevno-izbijaju-pozari-u-okolini-bijelog-polja-nemar-ugrozava-imovinu\/#primaryimage","url":"https:\/\/sandzakpress.net\/arhiva\/wp-content\/uploads\/2014\/03\/2014-03-19-cgo-t-str-xx-v01-z-pl-pozari-300x1681.jpg","contentUrl":"https:\/\/sandzakpress.net\/arhiva\/wp-content\/uploads\/2014\/03\/2014-03-19-cgo-t-str-xx-v01-z-pl-pozari-300x1681.jpg","width":300,"height":168},{"@type":"BreadcrumbList","@id":"https:\/\/sandzakpress.net\/arhiva\/gotovo-svakodnevno-izbijaju-pozari-u-okolini-bijelog-polja-nemar-ugrozava-imovinu\/#breadcrumb","itemListElement":[{"@type":"ListItem","position":1,"name":"Home","item":"https:\/\/sandzakpress.net\/arhiva\/"},{"@type":"ListItem","position":2,"name":"Gotovo svakodnevno izbijaju po\u017eari u okolini Bijelog Polja: Nemar ugro\u017eava imovinu"}]},{"@type":"WebSite","@id":"https:\/\/sandzakpress.net\/arhiva\/#website","url":"https:\/\/sandzakpress.net\/arhiva\/","name":"Sand\u017eak PRESS","description":"Prve elektronske novine u Sand\u017eaku","publisher":{"@id":"https:\/\/sandzakpress.net\/arhiva\/#\/schema\/person\/6e72b67d6e51910a1117b3b483ba20bd"},"potentialAction":[{"@type":"SearchAction","target":{"@type":"EntryPoint","urlTemplate":"https:\/\/sandzakpress.net\/arhiva\/?s={search_term_string}"},"query-input":{"@type":"PropertyValueSpecification","valueRequired":true,"valueName":"search_term_string"}}],"inLanguage":"bs-BA"},{"@type":["Person","Organization"],"@id":"https:\/\/sandzakpress.net\/arhiva\/#\/schema\/person\/6e72b67d6e51910a1117b3b483ba20bd","name":"Kul","image":{"@type":"ImageObject","inLanguage":"bs-BA","@id":"https:\/\/sandzakpress.net\/arhiva\/#\/schema\/person\/image\/","url":"https:\/\/secure.gravatar.com\/avatar\/42263f39aa27ac04c43cab85c280eb2e?s=96&d=mm&r=pg","contentUrl":"https:\/\/secure.gravatar.com\/avatar\/42263f39aa27ac04c43cab85c280eb2e?s=96&d=mm&r=pg","caption":"Kul"},"logo":{"@id":"https:\/\/sandzakpress.net\/arhiva\/#\/schema\/person\/image\/"}},{"@type":"Person","@id":"https:\/\/sandzakpress.net\/arhiva\/#\/schema\/person\/c8baee722073534b583ea7bdb2e36c02","name":"bosniak","image":{"@type":"ImageObject","inLanguage":"bs-BA","@id":"https:\/\/sandzakpress.net\/arhiva\/#\/schema\/person\/image\/","url":"https:\/\/secure.gravatar.com\/avatar\/a04fd330bfe3a36a72a0ad4a6d89fca7?s=96&d=mm&r=pg","contentUrl":"https:\/\/secure.gravatar.com\/avatar\/a04fd330bfe3a36a72a0ad4a6d89fca7?s=96&d=mm&r=pg","caption":"bosniak"},"url":"https:\/\/sandzakpress.net\/arhiva\/author\/bosniak\/"}]}},"_links":{"self":[{"href":"https:\/\/sandzakpress.net\/arhiva\/wp-json\/wp\/v2\/posts\/103236"}],"collection":[{"href":"https:\/\/sandzakpress.net\/arhiva\/wp-json\/wp\/v2\/posts"}],"about":[{"href":"https:\/\/sandzakpress.net\/arhiva\/wp-json\/wp\/v2\/types\/post"}],"author":[{"embeddable":true,"href":"https:\/\/sandzakpress.net\/arhiva\/wp-json\/wp\/v2\/users\/83"}],"replies":[{"embeddable":true,"href":"https:\/\/sandzakpress.net\/arhiva\/wp-json\/wp\/v2\/comments?post=103236"}],"version-history":[{"count":0,"href":"https:\/\/sandzakpress.net\/arhiva\/wp-json\/wp\/v2\/posts\/103236\/revisions"}],"wp:featuredmedia":[{"embeddable":true,"href":"https:\/\/sandzakpress.net\/arhiva\/wp-json\/wp\/v2\/media\/103237"}],"wp:attachment":[{"href":"https:\/\/sandzakpress.net\/arhiva\/wp-json\/wp\/v2\/media?parent=103236"}],"wp:term":[{"taxonomy":"category","embeddable":true,"href":"https:\/\/sandzakpress.net\/arhiva\/wp-json\/wp\/v2\/categories?post=103236"},{"taxonomy":"post_tag","embeddable":true,"href":"https:\/\/sandzakpress.net\/arhiva\/wp-json\/wp\/v2\/tags?post=103236"}],"curies":[{"name":"wp","href":"https:\/\/api.w.org\/{rel}","templated":true}]}}