{"id":103218,"date":"2014-03-20T19:31:40","date_gmt":"2014-03-20T18:31:40","guid":{"rendered":"https:\/\/sandzakpress.net\/arhiva\/?p=103218"},"modified":"2014-03-20T19:31:40","modified_gmt":"2014-03-20T18:31:40","slug":"pozari-na-podrucju-plavske-i-gusinjske-opstine-spaljivanje-korova-sve-opasnije","status":"publish","type":"post","link":"https:\/\/sandzakpress.net\/arhiva\/pozari-na-podrucju-plavske-i-gusinjske-opstine-spaljivanje-korova-sve-opasnije\/","title":{"rendered":"Po\u017eari na podru\u010dju plavske i gusinjske op\u0161tine: Spaljivanje korova sve opasnije"},"content":{"rendered":"<p><img loading=\"lazy\" decoding=\"async\" class=\"size-medium wp-image-504107 alignleft\" title=\"Po\u017eari na podru\u010dju plavske i gusinjske op\u0161tine: Spaljivanje korova sve opasnije\" alt=\"2014 03 19 cgo t str xx v01 z pl pozari 300x168 Po\u017eari na podru\u010dju plavske i gusinjske op\u0161tine: Spaljivanje korova sve opasnije\" src=\"http:\/\/www.pobjeda.me\/wp-content\/uploads\/2014\/03\/2014-03-19-cgo-t-str-xx-v01-z-pl-pozari-300x168.jpg\" width=\"300\" height=\"168\" \/><\/p>\n<p style=\"margin: 0px 0px 16px; padding: 0px; font-family: Arial, Helvetica, sans-serif; color: #474747; font-size: 14.44444465637207px; line-height: 23.999998092651367px;\"><strong style=\"margin: 0px; padding: 0px; line-height: 1.5em;\">P<\/strong><strong style=\"margin: 0px; padding: 0px; line-height: 1.5em;\">lav, Gusinje &#8211; Nekoliko manjih po\u017eara izbilo je u srijedu na prostoru op\u0161tine, a uglavnom je gorjela trava i nisko rastinje. Po pravilu, de\u0161avaju se na te\u017ee pristupa\u010dnom terenu, \u0161to plavskim vatrogascima dodatno ote\u017eava ga\u0161enje.<\/strong><\/p>\n<p style=\"margin: 0px 0px 16px; padding: 0px; font-family: Arial, Helvetica, sans-serif; color: #474747; font-size: 14.44444465637207px; line-height: 23.999998092651367px; text-align: justify;\">&#8211; Danas smo intervenisali u Zagra\u0111e i jo\u0161 nekoliko sela. U svim slu\u010dajevima po\u017ear je izazvala ljudska nepa\u017enja \u2013 nagla\u0161ava na\u010delnik Slu\u017ebe za\u0161tite i spasavanja Abedin Musi\u0107.<\/p>\n<p style=\"margin: 0px 0px 16px; padding: 0px; font-family: Arial, Helvetica, sans-serif; color: #474747; font-size: 14.44444465637207px; line-height: 23.999998092651367px; text-align: justify;\">On ka\u017ee da se zbog \u010di\u0161\u0107enja livada i spaljivanja korova vatra lako pro\u0161iri na \u0161umu i nisko rastinje. Uprkos stalnim apelima, mje\u0161tani\u00a0 prave veliku \u0161tetu i sebi i drugima.<\/p>\n<p style=\"margin: 0px 0px 16px; padding: 0px; font-family: Arial, Helvetica, sans-serif; color: #474747; font-size: 14.44444465637207px; line-height: 23.999998092651367px; text-align: justify;\">&#8211; Apelujemo na sve gra\u0111ane, planinare i turiste koji odlaze na izlet u planinske predjele, da ne pale vatru na otvorenom prostoru. Situacija lako mo\u017ee da izmakne kontroli i mogu biti dovedeni u opasnost ljudski \u017eivoti i \u0161umski kompleksi \u00a0&#8211; naglasio je na\u010delnik plavske Slu\u017ebe za\u0161tite i spasavanja Abedin Musi\u0107.<\/p>\n<p style=\"margin: 0px 0px 16px; padding: 0px; font-family: Arial, Helvetica, sans-serif; color: #474747; font-size: 14.44444465637207px; line-height: 23.999998092651367px; text-align: justify;\">(pobjeda)<\/p>\n","protected":false},"excerpt":{"rendered":"<p>Plav, Gusinje &#8211; Nekoliko manjih po\u017eara izbilo je u srijedu na prostoru op\u0161tine, a uglavnom je gorjela trava i nisko rastinje. Po pravilu, de\u0161avaju se na te\u017ee pristupa\u010dnom terenu, \u0161to plavskim vatrogascima dodatno ote\u017eava ga\u0161enje. &#8211; Danas smo intervenisali u Zagra\u0111e i jo\u0161 nekoliko sela. U svim slu\u010dajevima po\u017ear je izazvala ljudska nepa\u017enja \u2013 nagla\u0161ava [&hellip;]<\/p>\n","protected":false},"author":83,"featured_media":103219,"comment_status":"open","ping_status":"open","sticky":false,"template":"","format":"standard","meta":{"footnotes":""},"categories":[3,399,10173],"tags":[],"class_list":{"0":"post-103218","1":"post","2":"type-post","3":"status-publish","4":"format-standard","5":"has-post-thumbnail","7":"category-privreda","8":"category-plav_","9":"category-gusinje-vase-vijesti"},"yoast_head":"<!-- This site is optimized with the Yoast SEO Premium plugin v23.1 (Yoast SEO v24.9) - https:\/\/yoast.com\/wordpress\/plugins\/seo\/ -->\n<title>Po\u017eari na podru\u010dju plavske i gusinjske op\u0161tine: Spaljivanje korova sve opasnije<\/title>\n<meta name=\"robots\" content=\"index, follow, max-snippet:-1, max-image-preview:large, max-video-preview:-1\" \/>\n<link rel=\"canonical\" href=\"https:\/\/sandzakpress.net\/arhiva\/pozari-na-podrucju-plavske-i-gusinjske-opstine-spaljivanje-korova-sve-opasnije\/\" \/>\n<meta property=\"og:locale\" content=\"bs_BA\" \/>\n<meta property=\"og:type\" content=\"article\" \/>\n<meta property=\"og:title\" content=\"Po\u017eari na podru\u010dju plavske i gusinjske op\u0161tine: Spaljivanje korova sve opasnije\" \/>\n<meta property=\"og:description\" content=\"Plav, Gusinje &#8211; Nekoliko manjih po\u017eara izbilo je u srijedu na prostoru op\u0161tine, a uglavnom je gorjela trava i nisko rastinje. Po pravilu, de\u0161avaju se na te\u017ee pristupa\u010dnom terenu, \u0161to plavskim vatrogascima dodatno ote\u017eava ga\u0161enje. &#8211; Danas smo intervenisali u Zagra\u0111e i jo\u0161 nekoliko sela. U svim slu\u010dajevima po\u017ear je izazvala ljudska nepa\u017enja \u2013 nagla\u0161ava [&hellip;]\" \/>\n<meta property=\"og:url\" content=\"https:\/\/sandzakpress.net\/arhiva\/pozari-na-podrucju-plavske-i-gusinjske-opstine-spaljivanje-korova-sve-opasnije\/\" \/>\n<meta property=\"og:site_name\" content=\"Sand\u017eak PRESS\" \/>\n<meta property=\"article:published_time\" content=\"2014-03-20T18:31:40+00:00\" \/>\n<meta property=\"og:image\" content=\"https:\/\/sandzakpress.net\/arhiva\/wp-content\/uploads\/2014\/03\/2014-03-19-cgo-t-str-xx-v01-z-pl-pozari-300x168.jpg\" \/>\n\t<meta property=\"og:image:width\" content=\"300\" \/>\n\t<meta property=\"og:image:height\" content=\"168\" \/>\n\t<meta property=\"og:image:type\" content=\"image\/jpeg\" \/>\n<meta name=\"author\" content=\"bosniak\" \/>\n<meta name=\"twitter:card\" content=\"summary_large_image\" \/>\n<meta name=\"twitter:label1\" content=\"Written by\" \/>\n\t<meta name=\"twitter:data1\" content=\"bosniak\" \/>\n\t<meta name=\"twitter:label2\" content=\"Est. reading time\" \/>\n\t<meta name=\"twitter:data2\" content=\"1 minuta\" \/>\n<script type=\"application\/ld+json\" class=\"yoast-schema-graph\">{\"@context\":\"https:\/\/schema.org\",\"@graph\":[{\"@type\":\"Article\",\"@id\":\"https:\/\/sandzakpress.net\/arhiva\/pozari-na-podrucju-plavske-i-gusinjske-opstine-spaljivanje-korova-sve-opasnije\/#article\",\"isPartOf\":{\"@id\":\"https:\/\/sandzakpress.net\/arhiva\/pozari-na-podrucju-plavske-i-gusinjske-opstine-spaljivanje-korova-sve-opasnije\/\"},\"author\":{\"name\":\"bosniak\",\"@id\":\"https:\/\/sandzakpress.net\/arhiva\/#\/schema\/person\/c8baee722073534b583ea7bdb2e36c02\"},\"headline\":\"Po\u017eari na podru\u010dju plavske i gusinjske op\u0161tine: Spaljivanje korova sve opasnije\",\"datePublished\":\"2014-03-20T18:31:40+00:00\",\"mainEntityOfPage\":{\"@id\":\"https:\/\/sandzakpress.net\/arhiva\/pozari-na-podrucju-plavske-i-gusinjske-opstine-spaljivanje-korova-sve-opasnije\/\"},\"wordCount\":180,\"commentCount\":0,\"publisher\":{\"@id\":\"https:\/\/sandzakpress.net\/arhiva\/#\/schema\/person\/6e72b67d6e51910a1117b3b483ba20bd\"},\"image\":{\"@id\":\"https:\/\/sandzakpress.net\/arhiva\/pozari-na-podrucju-plavske-i-gusinjske-opstine-spaljivanje-korova-sve-opasnije\/#primaryimage\"},\"thumbnailUrl\":\"https:\/\/sandzakpress.net\/arhiva\/wp-content\/uploads\/2014\/03\/2014-03-19-cgo-t-str-xx-v01-z-pl-pozari-300x168.jpg\",\"articleSection\":[\"Privreda\",\"Plav\",\"Gusinje\"],\"inLanguage\":\"bs-BA\",\"potentialAction\":[{\"@type\":\"CommentAction\",\"name\":\"Comment\",\"target\":[\"https:\/\/sandzakpress.net\/arhiva\/pozari-na-podrucju-plavske-i-gusinjske-opstine-spaljivanje-korova-sve-opasnije\/#respond\"]}]},{\"@type\":\"WebPage\",\"@id\":\"https:\/\/sandzakpress.net\/arhiva\/pozari-na-podrucju-plavske-i-gusinjske-opstine-spaljivanje-korova-sve-opasnije\/\",\"url\":\"https:\/\/sandzakpress.net\/arhiva\/pozari-na-podrucju-plavske-i-gusinjske-opstine-spaljivanje-korova-sve-opasnije\/\",\"name\":\"Po\u017eari na podru\u010dju plavske i gusinjske op\u0161tine: Spaljivanje korova sve opasnije\",\"isPartOf\":{\"@id\":\"https:\/\/sandzakpress.net\/arhiva\/#website\"},\"primaryImageOfPage\":{\"@id\":\"https:\/\/sandzakpress.net\/arhiva\/pozari-na-podrucju-plavske-i-gusinjske-opstine-spaljivanje-korova-sve-opasnije\/#primaryimage\"},\"image\":{\"@id\":\"https:\/\/sandzakpress.net\/arhiva\/pozari-na-podrucju-plavske-i-gusinjske-opstine-spaljivanje-korova-sve-opasnije\/#primaryimage\"},\"thumbnailUrl\":\"https:\/\/sandzakpress.net\/arhiva\/wp-content\/uploads\/2014\/03\/2014-03-19-cgo-t-str-xx-v01-z-pl-pozari-300x168.jpg\",\"datePublished\":\"2014-03-20T18:31:40+00:00\",\"breadcrumb\":{\"@id\":\"https:\/\/sandzakpress.net\/arhiva\/pozari-na-podrucju-plavske-i-gusinjske-opstine-spaljivanje-korova-sve-opasnije\/#breadcrumb\"},\"inLanguage\":\"bs-BA\",\"potentialAction\":[{\"@type\":\"ReadAction\",\"target\":[\"https:\/\/sandzakpress.net\/arhiva\/pozari-na-podrucju-plavske-i-gusinjske-opstine-spaljivanje-korova-sve-opasnije\/\"]}]},{\"@type\":\"ImageObject\",\"inLanguage\":\"bs-BA\",\"@id\":\"https:\/\/sandzakpress.net\/arhiva\/pozari-na-podrucju-plavske-i-gusinjske-opstine-spaljivanje-korova-sve-opasnije\/#primaryimage\",\"url\":\"https:\/\/sandzakpress.net\/arhiva\/wp-content\/uploads\/2014\/03\/2014-03-19-cgo-t-str-xx-v01-z-pl-pozari-300x168.jpg\",\"contentUrl\":\"https:\/\/sandzakpress.net\/arhiva\/wp-content\/uploads\/2014\/03\/2014-03-19-cgo-t-str-xx-v01-z-pl-pozari-300x168.jpg\",\"width\":300,\"height\":168},{\"@type\":\"BreadcrumbList\",\"@id\":\"https:\/\/sandzakpress.net\/arhiva\/pozari-na-podrucju-plavske-i-gusinjske-opstine-spaljivanje-korova-sve-opasnije\/#breadcrumb\",\"itemListElement\":[{\"@type\":\"ListItem\",\"position\":1,\"name\":\"Home\",\"item\":\"https:\/\/sandzakpress.net\/arhiva\/\"},{\"@type\":\"ListItem\",\"position\":2,\"name\":\"Po\u017eari na podru\u010dju plavske i gusinjske op\u0161tine: Spaljivanje korova sve opasnije\"}]},{\"@type\":\"WebSite\",\"@id\":\"https:\/\/sandzakpress.net\/arhiva\/#website\",\"url\":\"https:\/\/sandzakpress.net\/arhiva\/\",\"name\":\"Sand\u017eak PRESS\",\"description\":\"Prve elektronske novine u Sand\u017eaku\",\"publisher\":{\"@id\":\"https:\/\/sandzakpress.net\/arhiva\/#\/schema\/person\/6e72b67d6e51910a1117b3b483ba20bd\"},\"potentialAction\":[{\"@type\":\"SearchAction\",\"target\":{\"@type\":\"EntryPoint\",\"urlTemplate\":\"https:\/\/sandzakpress.net\/arhiva\/?s={search_term_string}\"},\"query-input\":{\"@type\":\"PropertyValueSpecification\",\"valueRequired\":true,\"valueName\":\"search_term_string\"}}],\"inLanguage\":\"bs-BA\"},{\"@type\":[\"Person\",\"Organization\"],\"@id\":\"https:\/\/sandzakpress.net\/arhiva\/#\/schema\/person\/6e72b67d6e51910a1117b3b483ba20bd\",\"name\":\"Kul\",\"image\":{\"@type\":\"ImageObject\",\"inLanguage\":\"bs-BA\",\"@id\":\"https:\/\/sandzakpress.net\/arhiva\/#\/schema\/person\/image\/\",\"url\":\"https:\/\/secure.gravatar.com\/avatar\/42263f39aa27ac04c43cab85c280eb2e?s=96&d=mm&r=pg\",\"contentUrl\":\"https:\/\/secure.gravatar.com\/avatar\/42263f39aa27ac04c43cab85c280eb2e?s=96&d=mm&r=pg\",\"caption\":\"Kul\"},\"logo\":{\"@id\":\"https:\/\/sandzakpress.net\/arhiva\/#\/schema\/person\/image\/\"}},{\"@type\":\"Person\",\"@id\":\"https:\/\/sandzakpress.net\/arhiva\/#\/schema\/person\/c8baee722073534b583ea7bdb2e36c02\",\"name\":\"bosniak\",\"image\":{\"@type\":\"ImageObject\",\"inLanguage\":\"bs-BA\",\"@id\":\"https:\/\/sandzakpress.net\/arhiva\/#\/schema\/person\/image\/\",\"url\":\"https:\/\/secure.gravatar.com\/avatar\/a04fd330bfe3a36a72a0ad4a6d89fca7?s=96&d=mm&r=pg\",\"contentUrl\":\"https:\/\/secure.gravatar.com\/avatar\/a04fd330bfe3a36a72a0ad4a6d89fca7?s=96&d=mm&r=pg\",\"caption\":\"bosniak\"},\"url\":\"https:\/\/sandzakpress.net\/arhiva\/author\/bosniak\/\"}]}<\/script>\n<!-- \/ Yoast SEO Premium plugin. -->","yoast_head_json":{"title":"Po\u017eari na podru\u010dju plavske i gusinjske op\u0161tine: Spaljivanje korova sve opasnije","robots":{"index":"index","follow":"follow","max-snippet":"max-snippet:-1","max-image-preview":"max-image-preview:large","max-video-preview":"max-video-preview:-1"},"canonical":"https:\/\/sandzakpress.net\/arhiva\/pozari-na-podrucju-plavske-i-gusinjske-opstine-spaljivanje-korova-sve-opasnije\/","og_locale":"bs_BA","og_type":"article","og_title":"Po\u017eari na podru\u010dju plavske i gusinjske op\u0161tine: Spaljivanje korova sve opasnije","og_description":"Plav, Gusinje &#8211; Nekoliko manjih po\u017eara izbilo je u srijedu na prostoru op\u0161tine, a uglavnom je gorjela trava i nisko rastinje. Po pravilu, de\u0161avaju se na te\u017ee pristupa\u010dnom terenu, \u0161to plavskim vatrogascima dodatno ote\u017eava ga\u0161enje. &#8211; Danas smo intervenisali u Zagra\u0111e i jo\u0161 nekoliko sela. U svim slu\u010dajevima po\u017ear je izazvala ljudska nepa\u017enja \u2013 nagla\u0161ava [&hellip;]","og_url":"https:\/\/sandzakpress.net\/arhiva\/pozari-na-podrucju-plavske-i-gusinjske-opstine-spaljivanje-korova-sve-opasnije\/","og_site_name":"Sand\u017eak PRESS","article_published_time":"2014-03-20T18:31:40+00:00","og_image":[{"width":300,"height":168,"url":"https:\/\/sandzakpress.net\/arhiva\/wp-content\/uploads\/2014\/03\/2014-03-19-cgo-t-str-xx-v01-z-pl-pozari-300x168.jpg","type":"image\/jpeg"}],"author":"bosniak","twitter_card":"summary_large_image","twitter_misc":{"Written by":"bosniak","Est. reading time":"1 minuta"},"schema":{"@context":"https:\/\/schema.org","@graph":[{"@type":"Article","@id":"https:\/\/sandzakpress.net\/arhiva\/pozari-na-podrucju-plavske-i-gusinjske-opstine-spaljivanje-korova-sve-opasnije\/#article","isPartOf":{"@id":"https:\/\/sandzakpress.net\/arhiva\/pozari-na-podrucju-plavske-i-gusinjske-opstine-spaljivanje-korova-sve-opasnije\/"},"author":{"name":"bosniak","@id":"https:\/\/sandzakpress.net\/arhiva\/#\/schema\/person\/c8baee722073534b583ea7bdb2e36c02"},"headline":"Po\u017eari na podru\u010dju plavske i gusinjske op\u0161tine: Spaljivanje korova sve opasnije","datePublished":"2014-03-20T18:31:40+00:00","mainEntityOfPage":{"@id":"https:\/\/sandzakpress.net\/arhiva\/pozari-na-podrucju-plavske-i-gusinjske-opstine-spaljivanje-korova-sve-opasnije\/"},"wordCount":180,"commentCount":0,"publisher":{"@id":"https:\/\/sandzakpress.net\/arhiva\/#\/schema\/person\/6e72b67d6e51910a1117b3b483ba20bd"},"image":{"@id":"https:\/\/sandzakpress.net\/arhiva\/pozari-na-podrucju-plavske-i-gusinjske-opstine-spaljivanje-korova-sve-opasnije\/#primaryimage"},"thumbnailUrl":"https:\/\/sandzakpress.net\/arhiva\/wp-content\/uploads\/2014\/03\/2014-03-19-cgo-t-str-xx-v01-z-pl-pozari-300x168.jpg","articleSection":["Privreda","Plav","Gusinje"],"inLanguage":"bs-BA","potentialAction":[{"@type":"CommentAction","name":"Comment","target":["https:\/\/sandzakpress.net\/arhiva\/pozari-na-podrucju-plavske-i-gusinjske-opstine-spaljivanje-korova-sve-opasnije\/#respond"]}]},{"@type":"WebPage","@id":"https:\/\/sandzakpress.net\/arhiva\/pozari-na-podrucju-plavske-i-gusinjske-opstine-spaljivanje-korova-sve-opasnije\/","url":"https:\/\/sandzakpress.net\/arhiva\/pozari-na-podrucju-plavske-i-gusinjske-opstine-spaljivanje-korova-sve-opasnije\/","name":"Po\u017eari na podru\u010dju plavske i gusinjske op\u0161tine: Spaljivanje korova sve opasnije","isPartOf":{"@id":"https:\/\/sandzakpress.net\/arhiva\/#website"},"primaryImageOfPage":{"@id":"https:\/\/sandzakpress.net\/arhiva\/pozari-na-podrucju-plavske-i-gusinjske-opstine-spaljivanje-korova-sve-opasnije\/#primaryimage"},"image":{"@id":"https:\/\/sandzakpress.net\/arhiva\/pozari-na-podrucju-plavske-i-gusinjske-opstine-spaljivanje-korova-sve-opasnije\/#primaryimage"},"thumbnailUrl":"https:\/\/sandzakpress.net\/arhiva\/wp-content\/uploads\/2014\/03\/2014-03-19-cgo-t-str-xx-v01-z-pl-pozari-300x168.jpg","datePublished":"2014-03-20T18:31:40+00:00","breadcrumb":{"@id":"https:\/\/sandzakpress.net\/arhiva\/pozari-na-podrucju-plavske-i-gusinjske-opstine-spaljivanje-korova-sve-opasnije\/#breadcrumb"},"inLanguage":"bs-BA","potentialAction":[{"@type":"ReadAction","target":["https:\/\/sandzakpress.net\/arhiva\/pozari-na-podrucju-plavske-i-gusinjske-opstine-spaljivanje-korova-sve-opasnije\/"]}]},{"@type":"ImageObject","inLanguage":"bs-BA","@id":"https:\/\/sandzakpress.net\/arhiva\/pozari-na-podrucju-plavske-i-gusinjske-opstine-spaljivanje-korova-sve-opasnije\/#primaryimage","url":"https:\/\/sandzakpress.net\/arhiva\/wp-content\/uploads\/2014\/03\/2014-03-19-cgo-t-str-xx-v01-z-pl-pozari-300x168.jpg","contentUrl":"https:\/\/sandzakpress.net\/arhiva\/wp-content\/uploads\/2014\/03\/2014-03-19-cgo-t-str-xx-v01-z-pl-pozari-300x168.jpg","width":300,"height":168},{"@type":"BreadcrumbList","@id":"https:\/\/sandzakpress.net\/arhiva\/pozari-na-podrucju-plavske-i-gusinjske-opstine-spaljivanje-korova-sve-opasnije\/#breadcrumb","itemListElement":[{"@type":"ListItem","position":1,"name":"Home","item":"https:\/\/sandzakpress.net\/arhiva\/"},{"@type":"ListItem","position":2,"name":"Po\u017eari na podru\u010dju plavske i gusinjske op\u0161tine: Spaljivanje korova sve opasnije"}]},{"@type":"WebSite","@id":"https:\/\/sandzakpress.net\/arhiva\/#website","url":"https:\/\/sandzakpress.net\/arhiva\/","name":"Sand\u017eak PRESS","description":"Prve elektronske novine u Sand\u017eaku","publisher":{"@id":"https:\/\/sandzakpress.net\/arhiva\/#\/schema\/person\/6e72b67d6e51910a1117b3b483ba20bd"},"potentialAction":[{"@type":"SearchAction","target":{"@type":"EntryPoint","urlTemplate":"https:\/\/sandzakpress.net\/arhiva\/?s={search_term_string}"},"query-input":{"@type":"PropertyValueSpecification","valueRequired":true,"valueName":"search_term_string"}}],"inLanguage":"bs-BA"},{"@type":["Person","Organization"],"@id":"https:\/\/sandzakpress.net\/arhiva\/#\/schema\/person\/6e72b67d6e51910a1117b3b483ba20bd","name":"Kul","image":{"@type":"ImageObject","inLanguage":"bs-BA","@id":"https:\/\/sandzakpress.net\/arhiva\/#\/schema\/person\/image\/","url":"https:\/\/secure.gravatar.com\/avatar\/42263f39aa27ac04c43cab85c280eb2e?s=96&d=mm&r=pg","contentUrl":"https:\/\/secure.gravatar.com\/avatar\/42263f39aa27ac04c43cab85c280eb2e?s=96&d=mm&r=pg","caption":"Kul"},"logo":{"@id":"https:\/\/sandzakpress.net\/arhiva\/#\/schema\/person\/image\/"}},{"@type":"Person","@id":"https:\/\/sandzakpress.net\/arhiva\/#\/schema\/person\/c8baee722073534b583ea7bdb2e36c02","name":"bosniak","image":{"@type":"ImageObject","inLanguage":"bs-BA","@id":"https:\/\/sandzakpress.net\/arhiva\/#\/schema\/person\/image\/","url":"https:\/\/secure.gravatar.com\/avatar\/a04fd330bfe3a36a72a0ad4a6d89fca7?s=96&d=mm&r=pg","contentUrl":"https:\/\/secure.gravatar.com\/avatar\/a04fd330bfe3a36a72a0ad4a6d89fca7?s=96&d=mm&r=pg","caption":"bosniak"},"url":"https:\/\/sandzakpress.net\/arhiva\/author\/bosniak\/"}]}},"_links":{"self":[{"href":"https:\/\/sandzakpress.net\/arhiva\/wp-json\/wp\/v2\/posts\/103218"}],"collection":[{"href":"https:\/\/sandzakpress.net\/arhiva\/wp-json\/wp\/v2\/posts"}],"about":[{"href":"https:\/\/sandzakpress.net\/arhiva\/wp-json\/wp\/v2\/types\/post"}],"author":[{"embeddable":true,"href":"https:\/\/sandzakpress.net\/arhiva\/wp-json\/wp\/v2\/users\/83"}],"replies":[{"embeddable":true,"href":"https:\/\/sandzakpress.net\/arhiva\/wp-json\/wp\/v2\/comments?post=103218"}],"version-history":[{"count":0,"href":"https:\/\/sandzakpress.net\/arhiva\/wp-json\/wp\/v2\/posts\/103218\/revisions"}],"wp:featuredmedia":[{"embeddable":true,"href":"https:\/\/sandzakpress.net\/arhiva\/wp-json\/wp\/v2\/media\/103219"}],"wp:attachment":[{"href":"https:\/\/sandzakpress.net\/arhiva\/wp-json\/wp\/v2\/media?parent=103218"}],"wp:term":[{"taxonomy":"category","embeddable":true,"href":"https:\/\/sandzakpress.net\/arhiva\/wp-json\/wp\/v2\/categories?post=103218"},{"taxonomy":"post_tag","embeddable":true,"href":"https:\/\/sandzakpress.net\/arhiva\/wp-json\/wp\/v2\/tags?post=103218"}],"curies":[{"name":"wp","href":"https:\/\/api.w.org\/{rel}","templated":true}]}}