{"id":103170,"date":"2014-03-18T23:55:19","date_gmt":"2014-03-18T22:55:19","guid":{"rendered":"https:\/\/sandzakpress.net\/arhiva\/?p=103170"},"modified":"2014-03-18T23:55:19","modified_gmt":"2014-03-18T22:55:19","slug":"ubijen-vojnik-u-simferopolju-dvojica-povrijedena","status":"publish","type":"post","link":"https:\/\/sandzakpress.net\/arhiva\/ubijen-vojnik-u-simferopolju-dvojica-povrijedena\/","title":{"rendered":"Ubijen vojnik u Simferopolju, dvojica povrije\u0111ena"},"content":{"rendered":"<p><img loading=\"lazy\" decoding=\"async\" class=\"alignleft\" style=\"font-size: 14px; line-height: 1.5em; -webkit-user-select: none;\" alt=\"\" src=\"data:image\/jpeg;base64,\/9j\/4AAQSkZJRgABAQAAAQABAAD\/2wCEAAkGBxQTEhUUExMWFRQVGBcYFxgVGRUYFxoWGxoZGBQbGRgYHCsgGRolHBoXIzEiJykrLi4uFyAzODMsNygtLisBCgoKDg0OGhAQGywkHyUsLC8sLyw0LiwtLDAsLS0sLCwuLCwsLywsLSwsLCwsLCwsLCwsLCwsLCwsLCwsLCwsLP\/AABEIALgBEgMBIgACEQEDEQH\/xAAbAAACAwEBAQAAAAAAAAAAAAAAAwECBAUGB\/\/EADsQAAEDAwIEBAMGBgEEAwAAAAEAAhEDITESQQRRYXEFIoGRMqGxBhNCYsHwFFKC0eHxcgcjkqIzU7L\/xAAaAQEBAQEBAQEAAAAAAAAAAAAAAQIDBAYF\/8QAKhEBAAIBBAEDAwMFAAAAAAAAAAECEQMSITEEBUFRE0JhkdHwIjKBscH\/2gAMAwEAAhEDEQA\/APq5KiUFQgmUgOc+YcWtFgRl3O5w3brEzGXLKGupgX1UxAvAcLgAgixAGxE9ThBppt0iB9SSTzJOSrSoQgmUSolTCAlEqEIJlEqEIJlEqEIJlLquIgzYZ7H9AYKuhBMqlZmppadwQlGoGWvFtMZMmIHqR7rQ2jUJIDIj+dwAPbTqn5JMxBBXCVCWMJMktaScXIBNtk3V1SqXC1KflLJbfToJdAtYyBa5iNhHfXwnAA6jUYJJEAwS0AWuMOnUZB3HJZm0BD6kCSYHX5JY4tn\/ANjbfmHpv0PsunR4FjTqAkjBcXOI5xqJj0RwrRc6RqEt1Rc3JMHMTNsKb1wwh3VEqK1MMqFos0t1NFuZ16eg8vbV2QtROUTKJUIVEyiVCEEyiVCEEyiVCEEyiVCEEyhQhBJUKSoQCz8a6zBze3mcecWGSdMevotCRxrfLO7XNeDexaQQbXjnGRKC4qydLQS\/+UgtPcg\/COp+ZgLfT8NbA1aidzreJO5gGB2C2BC5TaZUgcDTgj7tpnMgEnuTcpFHw+kS4\/dszEaRaJHoTm3RbkjUWkkgaSbmbgQLxGJtm3YLOQl\/hrfwuczoII9jz6EZ53S3cC8Yc1w\/MC0j2kH5LogoV3SOF\/EtBLXENc0kEE+xvsRBnqris28OBgAmDMA3GOa6vEOdYNMEnJvAFz6\/vZL4fgWMAGmYMguguBteT2HsFreYYKbwQCMH942UGoJib8vePofY8lt4zw5r2u0wx5Mh4aCQ7n1691Nfg2imWtDWCxBtEtIILudwJ3yrvMMaEyj4e4jU55a4wYbGltriCJcZOTyFhebcRwJa0Fhc4iJBgyJEkREECTbtGIu6EHhlLUTUI3LWf8bBxjmXTfkBzXRWHwU\/9s2OnU7TIgwTJsbiHFwg8luXO3awEIQopXEbZjUAYtmw9JhMa0AQBA6JPECXMbsTJuZ8sFth1+nVPQYfFHss1zXE3c0sgERaQ5xA3xuDcQslOYGrMCYxO61eMmGNdaz25neW25G\/yI3WVlUGYIMZ5juNt88l0p0krIUMeCJBBHMXClbQIQhAIQhAIQhAIQhAIQhBJUKSoQCEIQN8NrBp+7JiTNPqIktHUEExyxgx0lx6Jiq0tElwII\/KATM7QbbTr7Lq06kyIgjI+l8YXK0cquodg3jry90uvVIs27yLAzGYkkbBQ+k42JBBIkRFgQbX9DPP0OVTwnwNtE39DcT1hNQqPqgWuTyAJPTGO5QVpXJcerR0AP62PoOSak8K+QdvMZB2\/wB5\/qTkAoe2QQcEQfVShArhiYvkEiDcgTaTvaPffKniCdJ0kDvy6dVFH4nnqB6gC\/zj0UcW4Bsbu8oiLk9yrHaT0T4XZgbaWz6ic+62LHQ0nQIcCG\/maNtQ23i6ax+mQ6c+UmTIPXcgyOcAK25mUrxEHoSvv7iQQCYBOSf+OQP7HCastEV2kEOaRPlaQRIgu23Bv8k9J4l4GkXzNgSYEnA2mB6qx4hu7gP+Vj7G6BqVW4djiC5jXEY1AGPdQ3iWkgA3O0H0m1vVNQcvxCiWuDmxpe4apGDpgEGd9LREbqi2eLD\/ALL8Yyfw3Hm\/p+L+lYwZwutJ4SQhCFpAhCEAhCEAhCEAhCEElQpKhAIp0zUJa2wFnO5dG83fTJ5GA0ucGNsTcn+VvPucD9YK61GkGgNaIAx+9z1WLWwqlDhmsu0XNpJJPuSpfRBMizuYz6zYpiFzVnbTIqDzEgtOQAcjcZyIEWurivI8oJ5SHNHuRjtKrxHmlgEmMzAEyAZBkb4TmiAByQJ+\/dq06RMA5MRcH8O0D3TabI6k3J5lUYPO7nDfa8fPV7pqBFUlkuFxcuBPIZB7DCel8QwlpA\/tN5InaRb1UN4huBNrEaXSLAwRHIhA1CX98OTv\/E\/r\/pTSfMgiCMiZ6jb9wUCw0NcIgB82\/NdxPc3n0TKtIOz6HcHmOqqDqcCMN1CeexAHKRnp1TUGWgwhxL+obiDMaja9zeCfotSCJWWrUcCYuGkA6iBMxuBYDUL9Fe06X4wkjSBLjjaIuDPeEUmBwkOduJJIwYPlNhjkr0mmSXWNhAMiB\/kn0hVHlebQHRHLVeZ5W091FMZTA7nJNyVZCEFarJBHseR2PulM4tsSciZABMRY4Fh3hPVarJBH77HogXqe7HkH5ru6WBge\/tsml4YwTqGvlqAIaOTRt9dpsFpY8kkEQRexkQZ\/srojm1fD3Nk0yNOQwj3DXarDMCLTGIi1Pw8kS55B5M0wOkuaSe9uwXQQrukczjeDbTbrYIiNe8tm7nE3JFzM7nKousuY7gGmppEfdjS5zIBGqZEXhoMAkRt1larb5C0Jz\/DSI+7ebYa6NMREag3UOc3wsz3ObBezQ02klvxZ22zckX2utxaJRdChjwbgz2UqgQhCBX8S3VBOknAcIntOU1RWYHAtODI\/fVIfUezIDxNogOkwAINiZ3BGRZB0\/CmjRP4iTqPNwJb7Wt0hbFzvCKhl7HNIIOqSCJDibXsS2ACQSMHdb6j4E\/LmdgOq4z2qyzvrOgkQACQTkgAw4xHQ\/wCcJhLuTfcn5aVFGhpZosRcWECOUclFMYyP1O5KlJ4SpqaJyLHuLH9wnIFs+N3ZvtePnq9kxLb8Z\/4t+r\/7JiASeFw60HU6RtcyI7gg+qvUebAZM5wAMn5iyik0ySYvFhfFpmB09kDEs0bkhxE5jT23HKPZMQgTw7YLgMTO+SJNz7\/1JxKz1mnWNJ0mCTYEEYHcgkHp6q38K2+ZNidTpI5G9xm3Uoiz+IaPxCZiARM7COamkyBfJJJ9dusCB6KzWgYAHZSis76bm\/AZFvKbn0JOOn+kt\/FAtdLRMGAcE7CdjK2LM8tfmRYkONgQN53Hfvi63W0fc52rP2rcDW1saZkwJMReLmE9cfhi5kEeaXEES3zeYglpnne9rxZdOjxIdGQTcA2MdOforeuJ46KWzHPZqFD3gAkmALkpZLyLAN\/5XPqAbe5XN0U41k6YA1ahpJ2jzE\/+v0ytKy0mfdxIbiNYEd9V7Tmf8ToDxYyIOL57IJQhCAS6Vy49YHZtvrqVXEuPlMATqNr9BM4OVFAFri0mZ1OnfIEEC2\/yQPUqEIMfEcBqcXB5bq+KwOwEicOgDmLYWGjNwZkOIIORew62i+8zuujxfGhkiC58SGgHrEmIaCRusDQZJJlzjJOBMACBsAAB6LpTKSlCELaJKtwTNVQHIYDPR5gD10l3\/kOiyw5pIaA4TYucRA3BMEm+Ona+rwzidHkqFokksM5LnElt8kEiOc4ss26HRqU53IPMJTi6xLRAMy2TaCPhjrgStCFyaQ10gEYN1KS6jBls5mJgXBBx6G6vSfORBGR\/Y7jr\/pAvieHLiHNdpcDkCZG4g29drqGV9J0uMxA1EQD3MQDjkPMOydUfFhcnA+pPIf3UU2G8xczbsB+iIVSqtL5BBDmiIuPKTN8fiC0Ttuku4ZmYi5dIJbciCbHMbrjU+Mpl7202NqOEkvqOHmPNsNMsBMbdMgmxGR2fvAakAgkNdIm4u2JHunLjvqvMRppgXAYATMETLhEXNtPqn0\/EdP8A8pGm3nsAJtDgTa8X69JN2yOihVp1A4S0gjEggiRnCssqXXabFolzZIGJtcTtP1AV2OkAjBVaz4HUkATiSYv+743SaHD+XzO1TJgRpuZOMjObIGCoTMAQCRJJGLG2k7yPRQ8OIiAAbEySY3tGYTWtAFgABysENcDcGR0QLPDN5W3AsD1IGSruYDEgGDIkCxxI5HKshALB4lw4iQ1u82Mk7Wa4apva5NrFb0pgGt3OBfcTIjoPKDHVInCTyxfw9RkebWwRMzqEHVbniPXouhTeHCQZCsqfciZFicxae4x65WpnPbMRjoxKqUGmbQTuAJ94VmHIO30\/c+ysstFMrwPMQCDB5d+0QekpbHOeAQ5oEkEtEm04JJGY2wnimJ1ReInolUWAPfaCYPcR9ZJ+SKcxgAgY\/c9ylcW3yl0eYAkG0yLi\/dOUVGSCOYI90FlCVQqEyDkHkRI2In+6ag5Xip1PDBALW6p80w4wANLhbykm+wS6TYAEkxuc\/Na\/GG+TVElrmmQJIE+Y84icLM0yJ5rrTpJCEIWkSVWowOBBuCCCOhypqOAknAknsMrOKRfd2oCfK2YgRkxeZne1t0DGcZV1PYDqsPO7SNDjOAGw4xpMe5utFPjKgsQH\/mLtJjqA2J9vRJp0w0QBA\/ck8z1VlnbA0t8TH4mPb1jUJ\/pJPrCKXGh1QCHN1AgF0Q4i7YgyDGo3hZlD2AiCAQdipshct5rtYNTjcuLRYk2JgACTgT80t3iI2Y8+jR\/+iFip04y5ziJALokAmTgDJ3zZXSKGRxDjUcC5oAbgG\/mOSbZEADuUriuHD2xuDLT\/ACuGCI+fMEjBTULURhC+Gq6mgkQbgjk4GHD3BTFnadDyDh5kH80AFvrEj+rpOhUJp8MGkkOeATMB7wAdyIO9hyhoiLrRQ4twLWv1C4ZrBbp\/KSDkuMDFjAGZVVGmXMHN4OY+HzfMCI68pWbRGB0zw4PxEuibODYv2CpUojU3IaSZAJAmJFsRnG8dVoVKzJaRvt3yD7rk0qeGbu0Hvc+526IqUJmHFpPKM4mDbCBVdqAc0AHBDpvcxBA2BTUCqBMlpJMXBMfCcY6gplR+kEnABPtdVqUmnIE89x2OQoHDt\/lH9+\/M9SgTULneU+VrwRInULYnYm5nbTzNtFOmGiAP8nmeZ6pdcw5pgkXxGYtO8Rq+Sn+Jb1AO5EDtJ3QNSuLcQ2xIMtxE\/ELCbXxfmkv8Spi2q4MRg9bFLrccC13kqAEEA6XXMHlcesLWy3wxvr8tFOlc+Z0zEyMROCI3OyKjHAEtdcCfNEE9eQPT\/a+GqDW6BZ1\/UACT3H0WtLVms4kraJjgipxI+7L2naRg32HebK9OmQSSZsALQYEn9emFJotP4RfNh2VKby2zuwdsR+GTs6PSe4Cy2chCrVqBrS44AJPYXKCtdoiZ0kA+aYjcz0tvZKo8ewz52ZizwQbA291jr8Q94gtDG2JuXEwQYwAMXyqkf29FuKJlo8UfIYAQQXid8AvGOoCzqraTQZDQDiQBMKy3EYQIQhUJ4rzEM\/mnVGdG\/aTA9THMOSeGE6nfznV2bADfkJ7kpyAQhCAQhCAQhCAQhCClanqBGOvIi4PoQFFCpMzGppIMfI9iIPqmJHFCPPgtiT+SfPPMAaigeq1aQcIcJH67Ecj1VkIH+FV3Fz2ueH6QzYAgkGZjmA0+pwIXQXHpOLHlzQDIAINjaYIdzvuNhiF1aFUPa1ww4A3zfY9VytGJUVGkxGQZvjBH6qKNWZBEEbXxscXBVg4OBg9DHafoQsvD1dLXOqHzNOlx2tiIGDqB536KYMtLavmLcEQe4O49ZH+1dZOIcBUpunTZ06jA0xjOZj58k774n4WkjmYA9JudvfKTCRKtYAvbaS0zPIEEJznQCTtdZqZOsud5YGkNBDiRM6jAkdsKKwLy2GnSDMnB\/pmSrEZ7JnHSrOG1efHm1AEAiLesm\/v6rRS8zYdBMuBiwsSBvbZNSjZ9vxXI5QI1drAeo6ym0zJFYiF2UwMAD6+6shCyoSK8k6JgEXMXzgHnE7JtSoBkgd1k4quDAbeCHTyjHr05TiQtVrNuktaI7bQIsOwWPxR\/\/aeARJGnnkhpBvYXgnaUiq4u+KOgGPnuqFo5Cy718f5lwnyPiCDXMwBMRJv8gASfp1Vn1Y06oGoxneCfeysKs4jvP6BGjcyT3Me2FuYpBWdS3PsshCFydwhCEElQpKhAIQhAIQhAIQhAIQhAKtQ2Mxg5x69FZI40S2OZYD2LgCOxEhBfhfgbn4W5zgZ6qK1Rwa5wEhrmtIElzi4ts0D\/AJC\/TG6an+EOn7wgy0uERcFwaNRB7aRH5eqlpxAwu4gt+Jjm2kzENbbzOMxAJggGR2ut\/g\/EgsazDmAAjYxaQdwc8+a6CzcZTEapgtwfp++qxndxJPEZgmt5HeU\/FMjl+ySb8ys9QmD5okzeI1WgnE4FsWVnPLjqNiduXRQ5oIIODYr2U04iOe3iveZnjpVlRxIEnVMCSbE77yP3zWyjTqlzvvCAwRp0Zdz1GLCeUdVhFNwMteQet\/pBOBknAWwccQPM0k\/lx8zP1XPVpb7Yb0rx90tjWgYEdlK558QJs1sGD8Qd+rVyftZ9pHcNSZUa0\/G0OFryHWBIO4Bm23VcJ0rRzL1ado1LRSnMz09Ml1aZkObEi19xykX+vZeW4b7X06mktqBoBgl9gZA3HlsZHOQe67R8QcQMAuAiDMYn1hX6NmbX2zi0TB1fi4IsbZFr\/E0jOxA91SrWLjkgbAGPeFmbTl2o9SB1OSesfUpq9NNKI7eW+rMqUwblxk9yYGwv7+qs1oE9TJ74\/QKULs5Ic2bHCQwD4TcjYyfW\/OCtCRxLp8gmT3tvmMrNozHbdJxPWV2tj9lSqUicGbbkR\/j2V15Z7e2vXAQhCihCEIJKhSVCAQhCAQhCAQhCAQhCASONMMnkWkdSHAgDqYj1T1StSDmkHfcRIOxE7jIQRUZrIpTGsGT+UfFHN0G2wyeR7TnRE7mFwOHqspw6oSHtMSS8y2PMW6iReAYF9lp\/jC46qYMGHTUEAHTBhoMutvIHIlZtGUiW7iuL0EWtB7l0jSB\/7bbLExzyPO6d4GAd\/qfSOUqj65L2h5GqDGkQCLSCDJBEggzzxu1ejRpGM+7za1rbsBCELu4BCFyftMziTRjhCBULgCSQCGQZ0k2mY9Ji6kziMt6dN9ormIz7z0R499qqHCnS4l9S3kZkD8xw2173XgfHPtfX4jUy1Ok78LRLotl+faMkKvj32Zr8O01azg8EgamFz7n+dzgCMATeZAXC0mJgwcHbrdfn62tqZxPD6\/070\/xIrGpWd8\/M9Z\/EfyVjWcWhsnSMDbM439V6v7NfawMdprFwa4CX3cddgCRswNtAxpm5JK8ghcKalqzmH6PkeHpa9Nt4\/Tvl924PiRUY17cOHe+4905eG+yP2j4anRp0y8tc1p+8FS1wSdTXYIAtHxaQ3JF9HH\/b+i2oBTDqjACCQNMu2I1RYR6652v+nGtTbEzL4u3p3kfVtStJnH4\/nb2KF8+8B+1\/G16v3baVF5ILo8zAAPzSdyBcHOy9uOJN9TYg7XtaL436YKtNSt4zDl5Pianj32Xxn8Tk+rUDRJ6D1OEh1E6g7lPzIPrgeyVxtQuaA1pO97YmDzzC2LOpbrDOjTOchCELg9IQhCAQhCCGukTe\/PKlIc17ZghwkkAzq5xqJP0S38TILmuAY2LkfEclvTYWEz2ghrQl0KmoSQW9DP6gGPRMQCEIQCEIQCEIQCEIQCo2pJjvvexg2U1HQCeQJ9knhKRI1PuTgXjAB74zGIsF0pTdly1NTbg8fEOx+ZH9kxVawDAAnkrLvWMRh5b23TkIQhaZCEIQVqUw4FrgCDYgiQR1BXgv+pPh1OnSouptDPOW6W2bdsyGC0jSBOcdF79c3x7wj+KoVWQC8CaY1Bp1iYJOkw24xmIsuOvH9Evd6frfS8ils8Z5fFUErRwHA1K1QU6bCXnaDbmXcgN5X17wn7OcPw7QGU2l0DU9w1OcRvfF9gvBpaE6j63z\/U9PxMRMZmfb9\/8Aj5x9lvs2\/intcWxQDoe6YkXJDbXOB6+3p\/Fv+nzHOaeHf9038bXFz7c2zec2JjC9nSpNaIa0NBJJgAXJlxtuSSVde2vjUiuJ5fNa\/rPkX1d9J2x7R7f59pl5f7M\/ZH+FqOea2vU1zNIaGgtJBE3Jm2y9DUomPK7nY49xcfNPQutaVrGIh4NbyNTWvN7zmf0\/0UwyL5v\/AGVkFhmx9D+7KjCRY558\/wDK42pMcutNSJxHuuhCFzdQhCEAhCEFi08kutS1CMYIMYIMj6KUIE8LX1AagWuImCIkcxc7bSY3WjSeSEIDSeSNJ5IQgNJ5I0nkhCA0nkqVHhud9oJPsLqUICm8OxfYxseR5FW0nkhCClUW6SAeyZqHMIQvRpdPLr\/3DUOaNQ5oQujjgahzRqHNCEMDUOaNQ5oQhgahzVagBBBOeRIPW4MhCEGbgvD6NIuNNjWl5Jc7LnEmbuNzda9Q5oQkcLaZtOZkahzRqHNCETA1DmjUOaEIYGoc1DoP+1CEFTbBnoY+UKzb3CELjqViIzD06N5mcSnSeSNJ5IQuLuNJ5IQhB\/\/Z\" width=\"274\" height=\"184\" \/><strong>Ukrajinski vojnik ubijen je u napadu na vojnu zgradu u Simferopolju, glavnom gradu Krima, a jo\u0161 dvojica su ranjena, saop\u0107eno je iz Ministarstva odbrane Ukrajine.<\/strong><\/p>\n<p>Tako\u0111er, navodi se da su izvr\u0161ioci napada na vojno-topografsku bazu Oru\u017eanih snaga Ukrajine &#8220;naoru\u017eani maskirani ljudi&#8221;.<\/p>\n<p>Reporterka Al Jazeere Mirjana Hrga iz Kijeva\u00a0javlja kako je jedan vojnik ubijen, a njegov zapovjednik ranjen kad je u vojnu bazu u Simferopolju upala grupa maskiranih naoru\u017eanih mu\u0161karaca, oduzela dokumente i oru\u017eje, te zato\u010dila 20 vojnika.<\/p>\n<p>S druge strane, krimska policija tvrdi da nije rije\u010d o ubijenom ukrajinskom vojniku, nego o pripadniku krimske samoodbrane, javlja Hrga.<\/p>\n<p>Ukrajinski premijer Arsenij Jacenjuk smatra da je krimski konflikt pre\u0161ao iz politi\u010dke u ratnu fazu, te je zatra\u017eio hitan sastanak sa ruskim, britanskim i ameri\u010dkim kolegama.<\/p>\n<p>U me\u0111uvremenu su se Jacenjuk i privremeni predsjednik Oleksandar Tur\u010dinov sastali sa zapovjednicima ukrajinskih snaga na Krimu, nakon \u010dega su vojnici dobili dopu\u0161tenje da pucaju u samoodbrani i koriste oru\u017eje kako bi se za\u0161titili.<\/p>\n<p><strong>Rompuy ne ide u Moskvu<\/strong><\/p>\n<p>Predsjednik Evropskog vije\u0107a Herman Van Rompuy otkazao je posjetu Moskvi, najavljenu za srijedu. Trebao se sastati sa ruskim predsjednikom Vladimirom Putinom i razgovarati o krizi u Ukrajini, potvrdio je izvor u Briselu.<\/p>\n<p>Susret se trebao dogoditi uo\u010di samita \u0161efova dr\u017eava i vlada EU-a, koji \u0107e ponoviti o\u0161tru poruku nakon ruske odluke o pripojenju Krima i uz zadr\u017eavanje spremnosti za dijalog sa Moskvom.<\/p>\n<p>&#8220;EU ne priznaje i ne\u0107e priznati pripojenje Krima i Sevastopolja Rusiji&#8221;, poru\u010dili su prethodno Van Rompuy i predsjednik Evropske komisije Jose Manuel Barroso.<\/p>\n<p><strong>Slavlje u Moskvi<\/strong><\/p>\n<p>Nakon \u0161to je ruski predsjednik Vladimir Putin s novim proruski orijentiranim \u010delnicima Krima potpisao sporazum o pripajanju tog poluotoka ju\u017ene Ukrajine Rusiji, koji je na snagu stupio odmah, na Crvenom trgu po\u010delo je slavlje.<\/p>\n<p>Al Jazeerin reporter Ivan Pavkovi\u0107 javlja kako je ceremonija na kojoj je Putin objavio aneksiju Krima \u201eocijenjena kao povijesna\u201c, nakon \u010dega je na centralnom moskovskom trgu po\u010delo slavlje velikog broja Moskovljana na skupu simboli\u010dno nazvanom \u201eMi smo zajedno\u201c. Obratio im se i Putin li\u010dno.<\/p>\n<p>\u201eO sankcijama se ovdje ni ne razmi\u0161lja. Iako se u Moskvi slavi, zabrinutost ipak postoji. Rusija optu\u017euje Zapad da se pona\u0161a neprihvatljivo i najavljuje da \u0107e odgovoriti na sankcije\u201c, javlja Pavkovi\u0107.<\/p>\n<p>Donosi i informaciju da je \u201etr\u017ei\u0161te kapitala poraslo, ba\u0161 kao i vrijednost rublje\u201c, no svi su svjesni neizvjesnosti koja slijedi do 30. marta kada se Krim i formalno treba priklju\u010diti Rusiji.<\/p>\n<div>\n<h4>SPECIJAL: KRIZA U UKRAJINI<\/h4>\n<\/div>\n<p>Iz Kijeva su jo\u0161 jednom ponovili kako Ukrajina ne priznaje nezavisnost Krima, te su pozvali me\u0111unarodnu zajednicu da to ne uradi ni ona, javlja Hrga.<\/p>\n<p>Poru\u010duju i kako je odluka o prihvatanju Krima &#8220;opasna provokacija iz Moskve i dokaz koliko je Rusija opasna za svijet, ali i poku\u0161aj destabilizacije i cijelog istoka Ukrajine&#8221;.<\/p>\n<p>Ameri\u010dki potpredsjednik Joe Biden je, tokom posjete Poljskoj, osudio nastavak potkopavanja ukrajinskog suvereniteta i najavio nove mjere protiv Rusije.<\/p>\n<p>NATO savez je pozvao na a\u017euriranje kriznih planova i procjenu prijetnji.<\/p>\n<p>Nakon dana\u0161njih doga\u0111aja Velika Britanija je obustavila svu vojnu saradnju sa Rusijom.<\/p>\n<p><strong>Pripojenje uz zvuke himne<\/strong><\/p>\n<p>Ranije u utorak Putin je, uz zvuke ruske nacionalne himne, dokument o prihvatanju Krima u sastav Rusije potpisao s predsjednikom krimskog parlamenta Vladimirom Konstantinovim, krimskim premijerom Sergejem Aksjonovim, kao i s gradona\u010delnikom Sevastopolja Aleksejem \u010calijem, navodi Itar-Tass.<\/p>\n<p>Gra\u0111ani Ukrajine s prebivali\u0161tem na Krimu i u Sevastopolju smatraju se gra\u0111anima Ruske Federacije, navodi se u sporazumu izme\u0111u Moskve i Krima.<\/p>\n<p>U dokumentu stoji da su teritorije samozvane Republike Krim i federalnog grada Sevastopolja definirane njihovim granicama na dan pridru\u017eivanja Ruskoj Federaciji.<\/p>\n<p>&#8220;Podjela morskog podru\u010dja izme\u0111u Crnog mora i Azovskog mora izvr\u0161ena je na osnovu unutra\u0161njih sporazuma Ruske Federacije, normi i regulativa me\u0111unarodnog prava&#8221;, pi\u0161e u dokumentu, prenio je Itar-Tass.<\/p>\n<p>Taj dokument bit \u0107e podnesen na usvajanje Ustavnom sudu, a nakon toga i parlamentima Krima i Rusije.<\/p>\n<p>Putin je ranije u utorak potpisao Nacrt zakona o pripajanju Krima Ruskoj Federaciji, nakon \u0161to je formalno obavijestio Parlament o zahtjevu Krima da se ujedini s Rusijom, saop\u0107io je Kremlj.<\/p>\n<p><strong>Poseban status za Sevastopolj<\/strong><\/p>\n<p>&#8220;Uzimaju\u0107i u obzir izra\u017eenu volju naroda Krima na op\u0107ekrimskom referendumu odr\u017eanom 16. marta, treba priznati Republiku Krim, u kojoj grad Sevastopolj ima poseban status, kao suverenu i nezavisnu dr\u017eavu&#8221;, navedeno je u ukazu.<\/p>\n<div>\n<div>\n<h4>GORBA\u010cOV: SRETAN DOGA\u0110AJ<\/h4>\n<p>Biv\u0161i predsjednik Sovjetskog saveza Mihail Gorba\u010dov pozdravio je referendum na Krimu o pripajanju Rusiji kao &#8220;sretan doga\u0111aj&#8221;.<br \/>\nOn je za ruski on-line dnevnik Slon.ru rekao da je na referendumu gra\u0111anima Krima ponu\u0111ena sloboda izbora i da on pravedno odra\u017eava njihovu volju, prenio je AP.<br \/>\nGorba\u010dov je rekao kako je referendum pokazao da se &#8220;ljudi, zaista, \u017eele vratiti u Rusiju&#8221; i da je to bio &#8220;sretan doga\u0111aj&#8221;.<br \/>\nDodao je da je referendum na Krimu odredio primjer za ruskojezi\u010dne ljude na istoku Ukrajine, koji, tako\u0111er, trebaju odlu\u010diti o svojoj sudbini.<br \/>\nGorba\u010dov je izjavio da podr\u017eava politiku predsjednika Putina prema ukrajinskoj krizi.<\/p>\n<\/div>\n<\/div>\n<p>Putin je u obra\u0107anju zastupnicima Parlamenta kazao da je referendum na Krimu odr\u017ean u skladu s demokratskim procedurama i me\u0111unarodnim pravom.<\/p>\n<p>&#8220;Pitanje Krima ima za nas vitalan, historijski zna\u010daj&#8221;, rekao je.<\/p>\n<p>Putin je izjavio da \u0107e na Krimu ubudu\u0107e u upotrebi biti tri ravnopravna jezika: ruski, ukrajinski i jezik Krimskih Tatara te dodao da je va\u017eno osigurati prava svih etni\u010dkih zajednica na tom poluotoku, uklju\u010duju\u0107i i Tatare.<\/p>\n<p>Ruski predsjednik je kazao da \u0107e odnosi s bratskim ukrajinskim narodom uvijek biti od klju\u010dnog zna\u010daja za Rusiju.<\/p>\n<p><strong>Duma usvojila deklaraciju<\/strong><\/p>\n<p>Ruska Duma (Donji dom Parlamenta) usvojila je u utorak deklaraciju o situaciji na Krimu, u kojoj se izra\u017eava podr\u0161ka narodu tog poluotoka, u njegovoj te\u017enji za ujedinjenje sa Rusijom, javio je Itar-Tass.<\/p>\n<p>&#8220;Pozdravljaju\u0107i izra\u017eavanje volje naroda Krima na referendumu od 16. marta za uklju\u010denje Republike Krim i grada Sevastopolja u sastav Ruske Federacije, Duma polazi od toga da \u0107e organi dr\u017eavne vlasti koji funkcioniraju na teritoriji Krima, podr\u017eavati me\u0111ukonfesionalnu slogu i jezi\u010dku raznolikost Republike&#8221;, navedeno je u deklaraciji.<\/p>\n<p>Zastupnici su, tako\u0111er, pru\u017eili uvjeravanje da \u0107e &#8220;pomagati socijalno-ekonomski razvoj Krima i dobrobit njegovog stanovni\u0161tva&#8221; u prijelaznom periodu.<\/p>\n<p>&#8220;Duma \u0107e doprinositi osiguranju bezbjednosti svih osoba koje se nalaze na teritoriji Krima, nezavisno od njihovog dr\u017eavljanstva, nacionalnosti, jezi\u010dke i vjerske pripadnosti, te po\u0161tivanju njihovih legalnih prava i sloboda&#8221;, navodi se u dokumentu, usvojenom sa 441 glasom za i jednim uzdr\u017eanim.<\/p>\n<p>Ministarstvo vanjskih poslova Ukrajine izrazilo je u utorak &#8220;odlu\u010dan i kategori\u010dan protest protiv ruskog priznanja samoprogla\u0161ene Republike Krim kao subjekta me\u0111unarodnog prava&#8221;, isti\u010du\u0107i da takvo postupanje Rusije ne odgovara njenim me\u0111unarodnim obavezama iz multilateralnih i bilateralnih sporazuma koji garantiraju teritorijalnu cjelovitost Ukrajine.<\/p>\n<p>Zvani\u010dni Kijev je saop\u0107io da odluka Rusije o priznanju Krima ne odgovara obavezama iz sporazuma koji jam\u010de teritorijalnu cjelovitost Ukrajine i nepovredivost njenih granica, kao i nemije\u0161anje u unutra\u0161nja pitanja, prenijela je agencija UNN.<\/p>\n<p>U saop\u0107enju ukrajinskog ministarstva navodi se da je nezavisnost Krima proglasio &#8220;nelegitimni organ na osnovu rezultata antiustavnog referenduma, koji je odr\u017ean uz znatno kr\u0161enje demokratskih standarda za odr\u017eavanje referenduma, koji su izra\u0111eni u okviru OSCE-a i Vije\u0107a Evrope&#8221;.<\/p>\n<p><strong>Bez pravnog zna\u010daja<\/strong><\/p>\n<p>&#8220;Priznaju\u0107i samoprogla\u0161enu Republiku Krim za &#8216;suverenu i nezavisnu dr\u017eavu&#8217;, Ruska Federacija je samim tim prekr\u0161ila svoje obaveze i obaveze koje proisti\u010du iz njenog \u010dlanstva u tim organizacijama&#8221;, navodi se u saop\u0107enju i dodaje da je jedini cilj priznanja &#8220;stvaranje osnova za aneksiju tog dijela teritorije Ukrajine i njenog inkorporiranja u Rusku Federaciju&#8221;.<\/p>\n<div>\n<div>\n<div>\n<h4>G8 SUSPENDIRAO RUSIJU<\/h4>\n<p>Francuski ministar vanjskih poslova Laurent Fabius je u utorak izjavio da su lideri \u010dlanica Grupe osam najrazvijenijih svjetskih privreda suspendirali \u010dlanstvo Rusije u tom klubu zbog tenzija u vezi sa Ukrajinom i prisustvom ruskih snaga na Krimu.<br \/>\nPreostalih sedam \u010dlanica G8 je ve\u0107 ranije suspendiralo pripreme za samit G8, koji je trebao biti odr\u017ean u ruskom gradu So\u010diju u junu, prenijela je agencija AP.<br \/>\nFabius je u izjavi za francuski radio Europe 1 rekao da, &#8220;kada je rije\u010d o G8, odlu\u010dili smo suspendirati \u010dlanstvo Rusije i predvi\u0111eno je da se sve druge zemlje, njih sedam, udru\u017ee bez Rusije&#8221;.<\/p>\n<\/div>\n<\/div>\n<\/div>\n<p>Zvani\u010dni Kijev dodaje da akt priznanja nema pravni zna\u010daj.<\/p>\n<p>&#8220;Savremeno me\u0111unarodno pravo ne priznaje nasilno prisajedinjenje dr\u017eavne teritorije kao legalan na\u010din za njeno stjecanje&#8221;, navelo je ukrajinsko ministarstvo, dodaju\u0107i da &#8220;Ukrajina i cijeli civilizirani svijet nikada ne\u0107e priznati nelegitimno progla\u0161enu nezavisnost Krima i nasilno odvajanje od teritorije na\u0161e dr\u017eave&#8221;.<\/p>\n<p>U me\u0111uvremenu, ukrajinski premijer Arsenij Jacenjuk izjavio je kako \u0107e u\u010diniti sve \u0161to je u njegovoj mo\u0107i da oja\u010da dobrosusjedske odnose izme\u0111u Ukrajine i Rusije.<\/p>\n<p>&#8220;Mi ne vidimo odnose izme\u0111u EU-a i Rusije po principu &#8216;ili &#8211; ili&#8217;. Uprkos katastrofalnom pogor\u0161anju odnosa s Rusijom, za koje nismo mi krivi, uprkos oru\u017eanoj agresiji Rusije na Ukrajinu, ja \u0107u u\u010diniti sve \u0161to je u mojoj mo\u0107i da o\u010duvam mir i izgradim istinsko partnerstvo i dobrosusjedske odnose s Rusijom&#8221;, kazao je Jacenjuk, prenijela je ukrajinska agencija Ukrinform.<\/p>\n<p>Vr\u0161ilac du\u017enosti predsjednika Ukrajine i predsjednik Parlamenta te zemlje Oleksandar Tur\u010dinov je, tako\u0111er, izjavio da je Ukrajina spremna na dijalog, ali da nikada ne\u0107e prihvatiti aneksiju njene teritorije, javlja Anadolija.<\/p>\n<p><strong>&#8216;Neki \u017eele gra\u0111anski rat&#8217;<\/strong><\/p>\n<p>Za ukrajinsku dr\u017eavnu televiziju rekao je da Ukrajina nikada ne\u0107e prihvatiti rezultate referenduma na Krimu.<\/p>\n<p>&#8220;Ukrajina prolazi kroz te\u017eak period. Na Krimu je odr\u017ean referendum koji nikada ne\u0107emo prihvatiti. Kriza na Krimu je privremenog karaktera i to ne\u0107e voditi odvajanju tog djela zemlje od Ukrajine. Spremni smo na dijalog, ali ne priznajemo oduzimanje na\u0161e teritorije&#8221;, rekao je Tur\u010dinov.<\/p>\n<p>Smatra da Rusija i njena vlada ne \u017eele evropsku Ukrajinu koje se, kako je kazao, Rusija boji.<\/p>\n<p>&#8220;Protiv Ukrajinaca nije ruski narod, nego ruski politi\u010dari. Moskva se boji demokratske, evropske i uspje\u0161ne Ukrajine koju \u017eelimo graditi&#8221;, naglasio je v. d. predsjednika Ukrajine.<\/p>\n<p>Napomenuo je da se ukrajinski narod mora ujediniti kako bi bio sna\u017eniji u te\u0161kim vremenima.<\/p>\n<p>&#8220;Narod Ukrajine treba se ujediniti kao jedna velika porodica koja je spremna \u0161tititi svoju ku\u0107u. U ovom te\u0161kom periodu trebamo biti ujedinjeni i jedinstveni. Svi trebamo biti u prvom redu u borbi protiv napada\u010da koji poku\u0161avaju uzrokovati gra\u0111anski rat u Ukrajini&#8221;, ocijenio je Tur\u010dinov.<\/p>\n<p>Ve\u0107ina gra\u0111ana Krima u nedjelju je glasala za otcjepljenje od\u00a0Ukrajine\u00a0i ujedinjenje s Rusijom.<\/p>\n<p>Zapad i Ukrajina smatraju da je referendum nelegitiman.<\/p>\n<p>Evropska unija i SAD su u ponedjeljak najavili zamrzavanje imovine i druge mjere protiv ruskih i ukrajinskih zvani\u010dnika odgovornih za krizu na Krimu.<\/p>\n<p>(aljazeera)<\/p>\n","protected":false},"excerpt":{"rendered":"<p>Ukrajinski vojnik ubijen je u napadu na vojnu zgradu u Simferopolju, glavnom gradu Krima, a jo\u0161 dvojica su ranjena, saop\u0107eno je iz Ministarstva odbrane Ukrajine. Tako\u0111er, navodi se da su izvr\u0161ioci napada na vojno-topografsku bazu Oru\u017eanih snaga Ukrajine &#8220;naoru\u017eani maskirani ljudi&#8221;. Reporterka Al Jazeere Mirjana Hrga iz Kijeva\u00a0javlja kako je jedan vojnik ubijen, a njegov [&hellip;]<\/p>\n","protected":false},"author":83,"featured_media":0,"comment_status":"open","ping_status":"open","sticky":false,"template":"","format":"standard","meta":{"footnotes":""},"categories":[9],"tags":[],"class_list":{"0":"post-103170","1":"post","2":"type-post","3":"status-publish","4":"format-standard","6":"category-svijet"},"yoast_head":"<!-- This site is optimized with the Yoast SEO Premium plugin v23.1 (Yoast SEO v24.9) - https:\/\/yoast.com\/wordpress\/plugins\/seo\/ -->\n<title>Ubijen vojnik u Simferopolju, dvojica povrije\u0111ena<\/title>\n<meta name=\"robots\" content=\"index, follow, max-snippet:-1, max-image-preview:large, max-video-preview:-1\" \/>\n<link rel=\"canonical\" href=\"https:\/\/sandzakpress.net\/arhiva\/ubijen-vojnik-u-simferopolju-dvojica-povrijedena\/\" \/>\n<meta property=\"og:locale\" content=\"bs_BA\" \/>\n<meta property=\"og:type\" content=\"article\" \/>\n<meta property=\"og:title\" content=\"Ubijen vojnik u Simferopolju, dvojica povrije\u0111ena\" \/>\n<meta property=\"og:description\" content=\"Ukrajinski vojnik ubijen je u napadu na vojnu zgradu u Simferopolju, glavnom gradu Krima, a jo\u0161 dvojica su ranjena, saop\u0107eno je iz Ministarstva odbrane Ukrajine. Tako\u0111er, navodi se da su izvr\u0161ioci napada na vojno-topografsku bazu Oru\u017eanih snaga Ukrajine &#8220;naoru\u017eani maskirani ljudi&#8221;. Reporterka Al Jazeere Mirjana Hrga iz Kijeva\u00a0javlja kako je jedan vojnik ubijen, a njegov [&hellip;]\" \/>\n<meta property=\"og:url\" content=\"https:\/\/sandzakpress.net\/arhiva\/ubijen-vojnik-u-simferopolju-dvojica-povrijedena\/\" \/>\n<meta property=\"og:site_name\" content=\"Sand\u017eak PRESS\" \/>\n<meta property=\"article:published_time\" content=\"2014-03-18T22:55:19+00:00\" \/>\n<meta name=\"author\" content=\"bosniak\" \/>\n<meta name=\"twitter:card\" content=\"summary_large_image\" \/>\n<meta name=\"twitter:label1\" content=\"Written by\" \/>\n\t<meta name=\"twitter:data1\" content=\"bosniak\" \/>\n\t<meta name=\"twitter:label2\" content=\"Est. reading time\" \/>\n\t<meta name=\"twitter:data2\" content=\"9 minuta\" \/>\n<script type=\"application\/ld+json\" class=\"yoast-schema-graph\">{\"@context\":\"https:\/\/schema.org\",\"@graph\":[{\"@type\":\"Article\",\"@id\":\"https:\/\/sandzakpress.net\/arhiva\/ubijen-vojnik-u-simferopolju-dvojica-povrijedena\/#article\",\"isPartOf\":{\"@id\":\"https:\/\/sandzakpress.net\/arhiva\/ubijen-vojnik-u-simferopolju-dvojica-povrijedena\/\"},\"author\":{\"name\":\"bosniak\",\"@id\":\"https:\/\/sandzakpress.net\/arhiva\/#\/schema\/person\/c8baee722073534b583ea7bdb2e36c02\"},\"headline\":\"Ubijen vojnik u Simferopolju, dvojica povrije\u0111ena\",\"datePublished\":\"2014-03-18T22:55:19+00:00\",\"mainEntityOfPage\":{\"@id\":\"https:\/\/sandzakpress.net\/arhiva\/ubijen-vojnik-u-simferopolju-dvojica-povrijedena\/\"},\"wordCount\":1840,\"commentCount\":0,\"publisher\":{\"@id\":\"https:\/\/sandzakpress.net\/arhiva\/#\/schema\/person\/6e72b67d6e51910a1117b3b483ba20bd\"},\"articleSection\":[\"Svijet\"],\"inLanguage\":\"bs-BA\",\"potentialAction\":[{\"@type\":\"CommentAction\",\"name\":\"Comment\",\"target\":[\"https:\/\/sandzakpress.net\/arhiva\/ubijen-vojnik-u-simferopolju-dvojica-povrijedena\/#respond\"]}]},{\"@type\":\"WebPage\",\"@id\":\"https:\/\/sandzakpress.net\/arhiva\/ubijen-vojnik-u-simferopolju-dvojica-povrijedena\/\",\"url\":\"https:\/\/sandzakpress.net\/arhiva\/ubijen-vojnik-u-simferopolju-dvojica-povrijedena\/\",\"name\":\"Ubijen vojnik u Simferopolju, dvojica povrije\u0111ena\",\"isPartOf\":{\"@id\":\"https:\/\/sandzakpress.net\/arhiva\/#website\"},\"datePublished\":\"2014-03-18T22:55:19+00:00\",\"breadcrumb\":{\"@id\":\"https:\/\/sandzakpress.net\/arhiva\/ubijen-vojnik-u-simferopolju-dvojica-povrijedena\/#breadcrumb\"},\"inLanguage\":\"bs-BA\",\"potentialAction\":[{\"@type\":\"ReadAction\",\"target\":[\"https:\/\/sandzakpress.net\/arhiva\/ubijen-vojnik-u-simferopolju-dvojica-povrijedena\/\"]}]},{\"@type\":\"BreadcrumbList\",\"@id\":\"https:\/\/sandzakpress.net\/arhiva\/ubijen-vojnik-u-simferopolju-dvojica-povrijedena\/#breadcrumb\",\"itemListElement\":[{\"@type\":\"ListItem\",\"position\":1,\"name\":\"Home\",\"item\":\"https:\/\/sandzakpress.net\/arhiva\/\"},{\"@type\":\"ListItem\",\"position\":2,\"name\":\"Ubijen vojnik u Simferopolju, dvojica povrije\u0111ena\"}]},{\"@type\":\"WebSite\",\"@id\":\"https:\/\/sandzakpress.net\/arhiva\/#website\",\"url\":\"https:\/\/sandzakpress.net\/arhiva\/\",\"name\":\"Sand\u017eak PRESS\",\"description\":\"Prve elektronske novine u Sand\u017eaku\",\"publisher\":{\"@id\":\"https:\/\/sandzakpress.net\/arhiva\/#\/schema\/person\/6e72b67d6e51910a1117b3b483ba20bd\"},\"potentialAction\":[{\"@type\":\"SearchAction\",\"target\":{\"@type\":\"EntryPoint\",\"urlTemplate\":\"https:\/\/sandzakpress.net\/arhiva\/?s={search_term_string}\"},\"query-input\":{\"@type\":\"PropertyValueSpecification\",\"valueRequired\":true,\"valueName\":\"search_term_string\"}}],\"inLanguage\":\"bs-BA\"},{\"@type\":[\"Person\",\"Organization\"],\"@id\":\"https:\/\/sandzakpress.net\/arhiva\/#\/schema\/person\/6e72b67d6e51910a1117b3b483ba20bd\",\"name\":\"Kul\",\"image\":{\"@type\":\"ImageObject\",\"inLanguage\":\"bs-BA\",\"@id\":\"https:\/\/sandzakpress.net\/arhiva\/#\/schema\/person\/image\/\",\"url\":\"https:\/\/secure.gravatar.com\/avatar\/42263f39aa27ac04c43cab85c280eb2e?s=96&d=mm&r=pg\",\"contentUrl\":\"https:\/\/secure.gravatar.com\/avatar\/42263f39aa27ac04c43cab85c280eb2e?s=96&d=mm&r=pg\",\"caption\":\"Kul\"},\"logo\":{\"@id\":\"https:\/\/sandzakpress.net\/arhiva\/#\/schema\/person\/image\/\"}},{\"@type\":\"Person\",\"@id\":\"https:\/\/sandzakpress.net\/arhiva\/#\/schema\/person\/c8baee722073534b583ea7bdb2e36c02\",\"name\":\"bosniak\",\"image\":{\"@type\":\"ImageObject\",\"inLanguage\":\"bs-BA\",\"@id\":\"https:\/\/sandzakpress.net\/arhiva\/#\/schema\/person\/image\/\",\"url\":\"https:\/\/secure.gravatar.com\/avatar\/a04fd330bfe3a36a72a0ad4a6d89fca7?s=96&d=mm&r=pg\",\"contentUrl\":\"https:\/\/secure.gravatar.com\/avatar\/a04fd330bfe3a36a72a0ad4a6d89fca7?s=96&d=mm&r=pg\",\"caption\":\"bosniak\"},\"url\":\"https:\/\/sandzakpress.net\/arhiva\/author\/bosniak\/\"}]}<\/script>\n<!-- \/ Yoast SEO Premium plugin. -->","yoast_head_json":{"title":"Ubijen vojnik u Simferopolju, dvojica povrije\u0111ena","robots":{"index":"index","follow":"follow","max-snippet":"max-snippet:-1","max-image-preview":"max-image-preview:large","max-video-preview":"max-video-preview:-1"},"canonical":"https:\/\/sandzakpress.net\/arhiva\/ubijen-vojnik-u-simferopolju-dvojica-povrijedena\/","og_locale":"bs_BA","og_type":"article","og_title":"Ubijen vojnik u Simferopolju, dvojica povrije\u0111ena","og_description":"Ukrajinski vojnik ubijen je u napadu na vojnu zgradu u Simferopolju, glavnom gradu Krima, a jo\u0161 dvojica su ranjena, saop\u0107eno je iz Ministarstva odbrane Ukrajine. Tako\u0111er, navodi se da su izvr\u0161ioci napada na vojno-topografsku bazu Oru\u017eanih snaga Ukrajine &#8220;naoru\u017eani maskirani ljudi&#8221;. Reporterka Al Jazeere Mirjana Hrga iz Kijeva\u00a0javlja kako je jedan vojnik ubijen, a njegov [&hellip;]","og_url":"https:\/\/sandzakpress.net\/arhiva\/ubijen-vojnik-u-simferopolju-dvojica-povrijedena\/","og_site_name":"Sand\u017eak PRESS","article_published_time":"2014-03-18T22:55:19+00:00","author":"bosniak","twitter_card":"summary_large_image","twitter_misc":{"Written by":"bosniak","Est. reading time":"9 minuta"},"schema":{"@context":"https:\/\/schema.org","@graph":[{"@type":"Article","@id":"https:\/\/sandzakpress.net\/arhiva\/ubijen-vojnik-u-simferopolju-dvojica-povrijedena\/#article","isPartOf":{"@id":"https:\/\/sandzakpress.net\/arhiva\/ubijen-vojnik-u-simferopolju-dvojica-povrijedena\/"},"author":{"name":"bosniak","@id":"https:\/\/sandzakpress.net\/arhiva\/#\/schema\/person\/c8baee722073534b583ea7bdb2e36c02"},"headline":"Ubijen vojnik u Simferopolju, dvojica povrije\u0111ena","datePublished":"2014-03-18T22:55:19+00:00","mainEntityOfPage":{"@id":"https:\/\/sandzakpress.net\/arhiva\/ubijen-vojnik-u-simferopolju-dvojica-povrijedena\/"},"wordCount":1840,"commentCount":0,"publisher":{"@id":"https:\/\/sandzakpress.net\/arhiva\/#\/schema\/person\/6e72b67d6e51910a1117b3b483ba20bd"},"articleSection":["Svijet"],"inLanguage":"bs-BA","potentialAction":[{"@type":"CommentAction","name":"Comment","target":["https:\/\/sandzakpress.net\/arhiva\/ubijen-vojnik-u-simferopolju-dvojica-povrijedena\/#respond"]}]},{"@type":"WebPage","@id":"https:\/\/sandzakpress.net\/arhiva\/ubijen-vojnik-u-simferopolju-dvojica-povrijedena\/","url":"https:\/\/sandzakpress.net\/arhiva\/ubijen-vojnik-u-simferopolju-dvojica-povrijedena\/","name":"Ubijen vojnik u Simferopolju, dvojica povrije\u0111ena","isPartOf":{"@id":"https:\/\/sandzakpress.net\/arhiva\/#website"},"datePublished":"2014-03-18T22:55:19+00:00","breadcrumb":{"@id":"https:\/\/sandzakpress.net\/arhiva\/ubijen-vojnik-u-simferopolju-dvojica-povrijedena\/#breadcrumb"},"inLanguage":"bs-BA","potentialAction":[{"@type":"ReadAction","target":["https:\/\/sandzakpress.net\/arhiva\/ubijen-vojnik-u-simferopolju-dvojica-povrijedena\/"]}]},{"@type":"BreadcrumbList","@id":"https:\/\/sandzakpress.net\/arhiva\/ubijen-vojnik-u-simferopolju-dvojica-povrijedena\/#breadcrumb","itemListElement":[{"@type":"ListItem","position":1,"name":"Home","item":"https:\/\/sandzakpress.net\/arhiva\/"},{"@type":"ListItem","position":2,"name":"Ubijen vojnik u Simferopolju, dvojica povrije\u0111ena"}]},{"@type":"WebSite","@id":"https:\/\/sandzakpress.net\/arhiva\/#website","url":"https:\/\/sandzakpress.net\/arhiva\/","name":"Sand\u017eak PRESS","description":"Prve elektronske novine u Sand\u017eaku","publisher":{"@id":"https:\/\/sandzakpress.net\/arhiva\/#\/schema\/person\/6e72b67d6e51910a1117b3b483ba20bd"},"potentialAction":[{"@type":"SearchAction","target":{"@type":"EntryPoint","urlTemplate":"https:\/\/sandzakpress.net\/arhiva\/?s={search_term_string}"},"query-input":{"@type":"PropertyValueSpecification","valueRequired":true,"valueName":"search_term_string"}}],"inLanguage":"bs-BA"},{"@type":["Person","Organization"],"@id":"https:\/\/sandzakpress.net\/arhiva\/#\/schema\/person\/6e72b67d6e51910a1117b3b483ba20bd","name":"Kul","image":{"@type":"ImageObject","inLanguage":"bs-BA","@id":"https:\/\/sandzakpress.net\/arhiva\/#\/schema\/person\/image\/","url":"https:\/\/secure.gravatar.com\/avatar\/42263f39aa27ac04c43cab85c280eb2e?s=96&d=mm&r=pg","contentUrl":"https:\/\/secure.gravatar.com\/avatar\/42263f39aa27ac04c43cab85c280eb2e?s=96&d=mm&r=pg","caption":"Kul"},"logo":{"@id":"https:\/\/sandzakpress.net\/arhiva\/#\/schema\/person\/image\/"}},{"@type":"Person","@id":"https:\/\/sandzakpress.net\/arhiva\/#\/schema\/person\/c8baee722073534b583ea7bdb2e36c02","name":"bosniak","image":{"@type":"ImageObject","inLanguage":"bs-BA","@id":"https:\/\/sandzakpress.net\/arhiva\/#\/schema\/person\/image\/","url":"https:\/\/secure.gravatar.com\/avatar\/a04fd330bfe3a36a72a0ad4a6d89fca7?s=96&d=mm&r=pg","contentUrl":"https:\/\/secure.gravatar.com\/avatar\/a04fd330bfe3a36a72a0ad4a6d89fca7?s=96&d=mm&r=pg","caption":"bosniak"},"url":"https:\/\/sandzakpress.net\/arhiva\/author\/bosniak\/"}]}},"_links":{"self":[{"href":"https:\/\/sandzakpress.net\/arhiva\/wp-json\/wp\/v2\/posts\/103170"}],"collection":[{"href":"https:\/\/sandzakpress.net\/arhiva\/wp-json\/wp\/v2\/posts"}],"about":[{"href":"https:\/\/sandzakpress.net\/arhiva\/wp-json\/wp\/v2\/types\/post"}],"author":[{"embeddable":true,"href":"https:\/\/sandzakpress.net\/arhiva\/wp-json\/wp\/v2\/users\/83"}],"replies":[{"embeddable":true,"href":"https:\/\/sandzakpress.net\/arhiva\/wp-json\/wp\/v2\/comments?post=103170"}],"version-history":[{"count":0,"href":"https:\/\/sandzakpress.net\/arhiva\/wp-json\/wp\/v2\/posts\/103170\/revisions"}],"wp:attachment":[{"href":"https:\/\/sandzakpress.net\/arhiva\/wp-json\/wp\/v2\/media?parent=103170"}],"wp:term":[{"taxonomy":"category","embeddable":true,"href":"https:\/\/sandzakpress.net\/arhiva\/wp-json\/wp\/v2\/categories?post=103170"},{"taxonomy":"post_tag","embeddable":true,"href":"https:\/\/sandzakpress.net\/arhiva\/wp-json\/wp\/v2\/tags?post=103170"}],"curies":[{"name":"wp","href":"https:\/\/api.w.org\/{rel}","templated":true}]}}