{"id":102972,"date":"2014-03-14T18:18:15","date_gmt":"2014-03-14T17:18:15","guid":{"rendered":"https:\/\/sandzakpress.net\/arhiva\/?p=102972"},"modified":"2014-03-14T18:29:08","modified_gmt":"2014-03-14T17:29:08","slug":"vrijeme-je-2","status":"publish","type":"post","link":"https:\/\/sandzakpress.net\/arhiva\/vrijeme-je-2\/","title":{"rendered":"Vrijeme je!"},"content":{"rendered":"<figure style=\"width: 300px\" class=\"wp-caption alignleft\"><img loading=\"lazy\" decoding=\"async\" alt=\"\" src=\"https:\/\/sandzakpress.net\/arhiva\/wp-content\/uploads\/2014\/02\/salahudin.jpg\" width=\"300\" height=\"300\" \/><figcaption class=\"wp-caption-text\">Salahudin Feti\u0107<\/figcaption><\/figure>\n<p>Izbori su. Biraju se ljudi kojima se mo\u017ee vjerovati. Izabrati nekad nije lahko. Ustvari, uvijek je to bilo jako te\u0161ko. Jer, kada se to mogla dati rije\u010d bez dobrog hesapa, tabirenja, razmi\u0161ljanja. Danas je to, \u010dini se, jo\u0161 mnogo te\u017ee. Ali, izabrati nekog treba\u0161, a da ne pogrije\u0161i\u0161 i da se poslije ne pi\u0161mani\u0161, ne kaje\u0161. Kome dati povjerenje, kome predati taj dio svoga \u201eja\u201c na Trgu glasa \u201eza\u201c ili \u201eprotiv\u201c? Nije lahko!<!--more--><\/p>\n<p>Dilema koju pamtimo u upitnom dr\u017eanju bira\u010da, savijenog u gr\u010du mi\u0161i\u0107a, s vrha no\u017enih prstiju do nakostrije\u0161ene kose, sa polunakrivljenom glavom, isko\u0161enim pogledom, ukro\u0107enog jezika i stisnutih zuba, nekako kao da ve\u0107 popu\u0161ta, nestaje u jednoj iskri nade u mirnom pogledu na kraju. I \u010dini se, ili bi \u017eeljeli da smo sigurni, da je ova izborna kampanja obznanila kraj jedne epohe proma\u0161ene politike, politike koja nas je zbunila, a kojoj smo se u \u010dudu divili, misle\u0107i da je taj proma\u0161aj, ustvari ona razlika koju smo o\u010dekivali ili podrazumijevali, kao ljudsko bi\u0107e, da je trebamo u odnosu na druge.<\/p>\n<p>&nbsp;<\/p>\n<p>Ali, da li smo mi danas dobro shvatili \u0161ta nam se desilo? Jesmo li spremni priznati da smo pro\u017eivjeli dvije duge decenije sa obogaljenom politikom i liderima iz tu\u0111eg gnijezda. Da li smo kona\u010dno isko\u010dili iz za\u010daranog kruga negativne selekcije kadrova i mo\u017eemo li kona\u010dno izabrati one na\u0161e, koje smo rodili i othranili, \u0161kolovali i u svijet na\u0161om dovom spremili? Da li smo kona\u010dno nau\u010dili lekciju o tome \u0161ta nam je izvor mudrosti i pouke, a \u0161ta nam je primjer sramote i bruke?<\/p>\n<p>Ovaj broj revije \u201cSand\u017eak\u201d posve\u0107ujemo izboru u kojem se bira jedno novo shvatanje vremena, a odbacuje zbunjuju\u0107a misao iz pro\u0161losti o kojoj ne treba mnogo tro\u0161iti rije\u010di jer nas je\u00a0 vratila iz naroda sa neprocjenjivom komparativnom predno\u0161\u0107u u narod pred vratima civilizacije. A u tom smislu, sigurni smo da VRIJEME JE!<\/p>\n<p><strong>Autor: Salahudin FETI\u0106, glavni i odgovorni urednik Revije Sand\u017eak<\/strong><br \/>\n<strong>(Revija Sand\u017eak broj 177., 1. mart 2014. godine)<\/strong><\/p>\n","protected":false},"excerpt":{"rendered":"<p>Salahudin Feti\u0107<\/p>\n","protected":false},"author":83,"featured_media":101053,"comment_status":"open","ping_status":"open","sticky":false,"template":"","format":"standard","meta":{"footnotes":""},"categories":[10196],"tags":[10428],"class_list":{"0":"post-102972","1":"post","2":"type-post","3":"status-publish","4":"format-standard","5":"has-post-thumbnail","7":"category-iz-pera-nasih-autora","8":"tag-salahudin-fetic"},"yoast_head":"<!-- This site is optimized with the Yoast SEO Premium plugin v23.1 (Yoast SEO v24.9) - https:\/\/yoast.com\/wordpress\/plugins\/seo\/ -->\n<title>Vrijeme je!<\/title>\n<meta name=\"robots\" content=\"index, follow, max-snippet:-1, max-image-preview:large, max-video-preview:-1\" \/>\n<link rel=\"canonical\" href=\"https:\/\/sandzakpress.net\/arhiva\/vrijeme-je-2\/\" \/>\n<meta property=\"og:locale\" content=\"bs_BA\" \/>\n<meta property=\"og:type\" content=\"article\" \/>\n<meta property=\"og:title\" content=\"Vrijeme je!\" \/>\n<meta property=\"og:description\" content=\"Salahudin Feti\u0107\" \/>\n<meta property=\"og:url\" content=\"https:\/\/sandzakpress.net\/arhiva\/vrijeme-je-2\/\" \/>\n<meta property=\"og:site_name\" content=\"Sand\u017eak PRESS\" \/>\n<meta property=\"article:published_time\" content=\"2014-03-14T17:18:15+00:00\" \/>\n<meta property=\"article:modified_time\" content=\"2014-03-14T17:29:08+00:00\" \/>\n<meta property=\"og:image\" content=\"https:\/\/sandzakpress.net\/arhiva\/wp-content\/uploads\/2014\/02\/salahudin.jpg\" \/>\n\t<meta property=\"og:image:width\" content=\"600\" \/>\n\t<meta property=\"og:image:height\" content=\"600\" \/>\n\t<meta property=\"og:image:type\" content=\"image\/jpeg\" \/>\n<meta name=\"author\" content=\"bosniak\" \/>\n<meta name=\"twitter:card\" content=\"summary_large_image\" \/>\n<meta name=\"twitter:label1\" content=\"Written by\" \/>\n\t<meta name=\"twitter:data1\" content=\"bosniak\" \/>\n\t<meta name=\"twitter:label2\" content=\"Est. reading time\" \/>\n\t<meta name=\"twitter:data2\" content=\"2 minute\" \/>\n<script type=\"application\/ld+json\" class=\"yoast-schema-graph\">{\"@context\":\"https:\/\/schema.org\",\"@graph\":[{\"@type\":\"Article\",\"@id\":\"https:\/\/sandzakpress.net\/arhiva\/vrijeme-je-2\/#article\",\"isPartOf\":{\"@id\":\"https:\/\/sandzakpress.net\/arhiva\/vrijeme-je-2\/\"},\"author\":{\"name\":\"bosniak\",\"@id\":\"https:\/\/sandzakpress.net\/arhiva\/#\/schema\/person\/c8baee722073534b583ea7bdb2e36c02\"},\"headline\":\"Vrijeme je!\",\"datePublished\":\"2014-03-14T17:18:15+00:00\",\"dateModified\":\"2014-03-14T17:29:08+00:00\",\"mainEntityOfPage\":{\"@id\":\"https:\/\/sandzakpress.net\/arhiva\/vrijeme-je-2\/\"},\"wordCount\":371,\"commentCount\":5,\"publisher\":{\"@id\":\"https:\/\/sandzakpress.net\/arhiva\/#\/schema\/person\/6e72b67d6e51910a1117b3b483ba20bd\"},\"image\":{\"@id\":\"https:\/\/sandzakpress.net\/arhiva\/vrijeme-je-2\/#primaryimage\"},\"thumbnailUrl\":\"https:\/\/sandzakpress.net\/arhiva\/wp-content\/uploads\/2014\/02\/salahudin.jpg\",\"keywords\":[\"Salahudin Feti\u0107\"],\"articleSection\":[\"Iz pera na\u0161ih autora\"],\"inLanguage\":\"bs-BA\",\"potentialAction\":[{\"@type\":\"CommentAction\",\"name\":\"Comment\",\"target\":[\"https:\/\/sandzakpress.net\/arhiva\/vrijeme-je-2\/#respond\"]}]},{\"@type\":\"WebPage\",\"@id\":\"https:\/\/sandzakpress.net\/arhiva\/vrijeme-je-2\/\",\"url\":\"https:\/\/sandzakpress.net\/arhiva\/vrijeme-je-2\/\",\"name\":\"Vrijeme je!\",\"isPartOf\":{\"@id\":\"https:\/\/sandzakpress.net\/arhiva\/#website\"},\"primaryImageOfPage\":{\"@id\":\"https:\/\/sandzakpress.net\/arhiva\/vrijeme-je-2\/#primaryimage\"},\"image\":{\"@id\":\"https:\/\/sandzakpress.net\/arhiva\/vrijeme-je-2\/#primaryimage\"},\"thumbnailUrl\":\"https:\/\/sandzakpress.net\/arhiva\/wp-content\/uploads\/2014\/02\/salahudin.jpg\",\"datePublished\":\"2014-03-14T17:18:15+00:00\",\"dateModified\":\"2014-03-14T17:29:08+00:00\",\"breadcrumb\":{\"@id\":\"https:\/\/sandzakpress.net\/arhiva\/vrijeme-je-2\/#breadcrumb\"},\"inLanguage\":\"bs-BA\",\"potentialAction\":[{\"@type\":\"ReadAction\",\"target\":[\"https:\/\/sandzakpress.net\/arhiva\/vrijeme-je-2\/\"]}]},{\"@type\":\"ImageObject\",\"inLanguage\":\"bs-BA\",\"@id\":\"https:\/\/sandzakpress.net\/arhiva\/vrijeme-je-2\/#primaryimage\",\"url\":\"https:\/\/sandzakpress.net\/arhiva\/wp-content\/uploads\/2014\/02\/salahudin.jpg\",\"contentUrl\":\"https:\/\/sandzakpress.net\/arhiva\/wp-content\/uploads\/2014\/02\/salahudin.jpg\",\"width\":600,\"height\":600,\"caption\":\"Salahudin Feti\u0107, glavni i odgovorni urednik Revije Sand\u017eak\"},{\"@type\":\"BreadcrumbList\",\"@id\":\"https:\/\/sandzakpress.net\/arhiva\/vrijeme-je-2\/#breadcrumb\",\"itemListElement\":[{\"@type\":\"ListItem\",\"position\":1,\"name\":\"Home\",\"item\":\"https:\/\/sandzakpress.net\/arhiva\/\"},{\"@type\":\"ListItem\",\"position\":2,\"name\":\"Vrijeme je!\"}]},{\"@type\":\"WebSite\",\"@id\":\"https:\/\/sandzakpress.net\/arhiva\/#website\",\"url\":\"https:\/\/sandzakpress.net\/arhiva\/\",\"name\":\"Sand\u017eak PRESS\",\"description\":\"Prve elektronske novine u Sand\u017eaku\",\"publisher\":{\"@id\":\"https:\/\/sandzakpress.net\/arhiva\/#\/schema\/person\/6e72b67d6e51910a1117b3b483ba20bd\"},\"potentialAction\":[{\"@type\":\"SearchAction\",\"target\":{\"@type\":\"EntryPoint\",\"urlTemplate\":\"https:\/\/sandzakpress.net\/arhiva\/?s={search_term_string}\"},\"query-input\":{\"@type\":\"PropertyValueSpecification\",\"valueRequired\":true,\"valueName\":\"search_term_string\"}}],\"inLanguage\":\"bs-BA\"},{\"@type\":[\"Person\",\"Organization\"],\"@id\":\"https:\/\/sandzakpress.net\/arhiva\/#\/schema\/person\/6e72b67d6e51910a1117b3b483ba20bd\",\"name\":\"Kul\",\"image\":{\"@type\":\"ImageObject\",\"inLanguage\":\"bs-BA\",\"@id\":\"https:\/\/sandzakpress.net\/arhiva\/#\/schema\/person\/image\/\",\"url\":\"https:\/\/secure.gravatar.com\/avatar\/42263f39aa27ac04c43cab85c280eb2e?s=96&d=mm&r=pg\",\"contentUrl\":\"https:\/\/secure.gravatar.com\/avatar\/42263f39aa27ac04c43cab85c280eb2e?s=96&d=mm&r=pg\",\"caption\":\"Kul\"},\"logo\":{\"@id\":\"https:\/\/sandzakpress.net\/arhiva\/#\/schema\/person\/image\/\"}},{\"@type\":\"Person\",\"@id\":\"https:\/\/sandzakpress.net\/arhiva\/#\/schema\/person\/c8baee722073534b583ea7bdb2e36c02\",\"name\":\"bosniak\",\"image\":{\"@type\":\"ImageObject\",\"inLanguage\":\"bs-BA\",\"@id\":\"https:\/\/sandzakpress.net\/arhiva\/#\/schema\/person\/image\/\",\"url\":\"https:\/\/secure.gravatar.com\/avatar\/a04fd330bfe3a36a72a0ad4a6d89fca7?s=96&d=mm&r=pg\",\"contentUrl\":\"https:\/\/secure.gravatar.com\/avatar\/a04fd330bfe3a36a72a0ad4a6d89fca7?s=96&d=mm&r=pg\",\"caption\":\"bosniak\"},\"url\":\"https:\/\/sandzakpress.net\/arhiva\/author\/bosniak\/\"}]}<\/script>\n<!-- \/ Yoast SEO Premium plugin. -->","yoast_head_json":{"title":"Vrijeme je!","robots":{"index":"index","follow":"follow","max-snippet":"max-snippet:-1","max-image-preview":"max-image-preview:large","max-video-preview":"max-video-preview:-1"},"canonical":"https:\/\/sandzakpress.net\/arhiva\/vrijeme-je-2\/","og_locale":"bs_BA","og_type":"article","og_title":"Vrijeme je!","og_description":"Salahudin Feti\u0107","og_url":"https:\/\/sandzakpress.net\/arhiva\/vrijeme-je-2\/","og_site_name":"Sand\u017eak PRESS","article_published_time":"2014-03-14T17:18:15+00:00","article_modified_time":"2014-03-14T17:29:08+00:00","og_image":[{"width":600,"height":600,"url":"https:\/\/sandzakpress.net\/arhiva\/wp-content\/uploads\/2014\/02\/salahudin.jpg","type":"image\/jpeg"}],"author":"bosniak","twitter_card":"summary_large_image","twitter_misc":{"Written by":"bosniak","Est. reading time":"2 minute"},"schema":{"@context":"https:\/\/schema.org","@graph":[{"@type":"Article","@id":"https:\/\/sandzakpress.net\/arhiva\/vrijeme-je-2\/#article","isPartOf":{"@id":"https:\/\/sandzakpress.net\/arhiva\/vrijeme-je-2\/"},"author":{"name":"bosniak","@id":"https:\/\/sandzakpress.net\/arhiva\/#\/schema\/person\/c8baee722073534b583ea7bdb2e36c02"},"headline":"Vrijeme je!","datePublished":"2014-03-14T17:18:15+00:00","dateModified":"2014-03-14T17:29:08+00:00","mainEntityOfPage":{"@id":"https:\/\/sandzakpress.net\/arhiva\/vrijeme-je-2\/"},"wordCount":371,"commentCount":5,"publisher":{"@id":"https:\/\/sandzakpress.net\/arhiva\/#\/schema\/person\/6e72b67d6e51910a1117b3b483ba20bd"},"image":{"@id":"https:\/\/sandzakpress.net\/arhiva\/vrijeme-je-2\/#primaryimage"},"thumbnailUrl":"https:\/\/sandzakpress.net\/arhiva\/wp-content\/uploads\/2014\/02\/salahudin.jpg","keywords":["Salahudin Feti\u0107"],"articleSection":["Iz pera na\u0161ih autora"],"inLanguage":"bs-BA","potentialAction":[{"@type":"CommentAction","name":"Comment","target":["https:\/\/sandzakpress.net\/arhiva\/vrijeme-je-2\/#respond"]}]},{"@type":"WebPage","@id":"https:\/\/sandzakpress.net\/arhiva\/vrijeme-je-2\/","url":"https:\/\/sandzakpress.net\/arhiva\/vrijeme-je-2\/","name":"Vrijeme je!","isPartOf":{"@id":"https:\/\/sandzakpress.net\/arhiva\/#website"},"primaryImageOfPage":{"@id":"https:\/\/sandzakpress.net\/arhiva\/vrijeme-je-2\/#primaryimage"},"image":{"@id":"https:\/\/sandzakpress.net\/arhiva\/vrijeme-je-2\/#primaryimage"},"thumbnailUrl":"https:\/\/sandzakpress.net\/arhiva\/wp-content\/uploads\/2014\/02\/salahudin.jpg","datePublished":"2014-03-14T17:18:15+00:00","dateModified":"2014-03-14T17:29:08+00:00","breadcrumb":{"@id":"https:\/\/sandzakpress.net\/arhiva\/vrijeme-je-2\/#breadcrumb"},"inLanguage":"bs-BA","potentialAction":[{"@type":"ReadAction","target":["https:\/\/sandzakpress.net\/arhiva\/vrijeme-je-2\/"]}]},{"@type":"ImageObject","inLanguage":"bs-BA","@id":"https:\/\/sandzakpress.net\/arhiva\/vrijeme-je-2\/#primaryimage","url":"https:\/\/sandzakpress.net\/arhiva\/wp-content\/uploads\/2014\/02\/salahudin.jpg","contentUrl":"https:\/\/sandzakpress.net\/arhiva\/wp-content\/uploads\/2014\/02\/salahudin.jpg","width":600,"height":600,"caption":"Salahudin Feti\u0107, glavni i odgovorni urednik Revije Sand\u017eak"},{"@type":"BreadcrumbList","@id":"https:\/\/sandzakpress.net\/arhiva\/vrijeme-je-2\/#breadcrumb","itemListElement":[{"@type":"ListItem","position":1,"name":"Home","item":"https:\/\/sandzakpress.net\/arhiva\/"},{"@type":"ListItem","position":2,"name":"Vrijeme je!"}]},{"@type":"WebSite","@id":"https:\/\/sandzakpress.net\/arhiva\/#website","url":"https:\/\/sandzakpress.net\/arhiva\/","name":"Sand\u017eak PRESS","description":"Prve elektronske novine u Sand\u017eaku","publisher":{"@id":"https:\/\/sandzakpress.net\/arhiva\/#\/schema\/person\/6e72b67d6e51910a1117b3b483ba20bd"},"potentialAction":[{"@type":"SearchAction","target":{"@type":"EntryPoint","urlTemplate":"https:\/\/sandzakpress.net\/arhiva\/?s={search_term_string}"},"query-input":{"@type":"PropertyValueSpecification","valueRequired":true,"valueName":"search_term_string"}}],"inLanguage":"bs-BA"},{"@type":["Person","Organization"],"@id":"https:\/\/sandzakpress.net\/arhiva\/#\/schema\/person\/6e72b67d6e51910a1117b3b483ba20bd","name":"Kul","image":{"@type":"ImageObject","inLanguage":"bs-BA","@id":"https:\/\/sandzakpress.net\/arhiva\/#\/schema\/person\/image\/","url":"https:\/\/secure.gravatar.com\/avatar\/42263f39aa27ac04c43cab85c280eb2e?s=96&d=mm&r=pg","contentUrl":"https:\/\/secure.gravatar.com\/avatar\/42263f39aa27ac04c43cab85c280eb2e?s=96&d=mm&r=pg","caption":"Kul"},"logo":{"@id":"https:\/\/sandzakpress.net\/arhiva\/#\/schema\/person\/image\/"}},{"@type":"Person","@id":"https:\/\/sandzakpress.net\/arhiva\/#\/schema\/person\/c8baee722073534b583ea7bdb2e36c02","name":"bosniak","image":{"@type":"ImageObject","inLanguage":"bs-BA","@id":"https:\/\/sandzakpress.net\/arhiva\/#\/schema\/person\/image\/","url":"https:\/\/secure.gravatar.com\/avatar\/a04fd330bfe3a36a72a0ad4a6d89fca7?s=96&d=mm&r=pg","contentUrl":"https:\/\/secure.gravatar.com\/avatar\/a04fd330bfe3a36a72a0ad4a6d89fca7?s=96&d=mm&r=pg","caption":"bosniak"},"url":"https:\/\/sandzakpress.net\/arhiva\/author\/bosniak\/"}]}},"_links":{"self":[{"href":"https:\/\/sandzakpress.net\/arhiva\/wp-json\/wp\/v2\/posts\/102972"}],"collection":[{"href":"https:\/\/sandzakpress.net\/arhiva\/wp-json\/wp\/v2\/posts"}],"about":[{"href":"https:\/\/sandzakpress.net\/arhiva\/wp-json\/wp\/v2\/types\/post"}],"author":[{"embeddable":true,"href":"https:\/\/sandzakpress.net\/arhiva\/wp-json\/wp\/v2\/users\/83"}],"replies":[{"embeddable":true,"href":"https:\/\/sandzakpress.net\/arhiva\/wp-json\/wp\/v2\/comments?post=102972"}],"version-history":[{"count":0,"href":"https:\/\/sandzakpress.net\/arhiva\/wp-json\/wp\/v2\/posts\/102972\/revisions"}],"wp:featuredmedia":[{"embeddable":true,"href":"https:\/\/sandzakpress.net\/arhiva\/wp-json\/wp\/v2\/media\/101053"}],"wp:attachment":[{"href":"https:\/\/sandzakpress.net\/arhiva\/wp-json\/wp\/v2\/media?parent=102972"}],"wp:term":[{"taxonomy":"category","embeddable":true,"href":"https:\/\/sandzakpress.net\/arhiva\/wp-json\/wp\/v2\/categories?post=102972"},{"taxonomy":"post_tag","embeddable":true,"href":"https:\/\/sandzakpress.net\/arhiva\/wp-json\/wp\/v2\/tags?post=102972"}],"curies":[{"name":"wp","href":"https:\/\/api.w.org\/{rel}","templated":true}]}}