{"id":102946,"date":"2014-03-13T19:59:17","date_gmt":"2014-03-13T18:59:17","guid":{"rendered":"https:\/\/sandzakpress.net\/arhiva\/?p=102946"},"modified":"2014-03-13T19:59:17","modified_gmt":"2014-03-13T18:59:17","slug":"albanske-organizacije-pozivaju-na-masovne-demonstracije-u-washingtonu-povodom-posjete-crnogorskog-premijera-djukanovica","status":"publish","type":"post","link":"https:\/\/sandzakpress.net\/arhiva\/albanske-organizacije-pozivaju-na-masovne-demonstracije-u-washingtonu-povodom-posjete-crnogorskog-premijera-djukanovica\/","title":{"rendered":"Albanske organizacije pozivaju na masovne demonstracije u Washingtonu povodom posjete crnogorskog premijera Djukanovi\u0107a"},"content":{"rendered":"<p><img loading=\"lazy\" decoding=\"async\" class=\"alignleft\" style=\"font-size: 14px; line-height: 1.5em; border: 0px;\" alt=\"\" src=\"http:\/\/www.bosnjaci.net\/foto\/zastava-albanca.jpg\" width=\"340\" height=\"150\" border=\"0\" \/><strong>Kosovo, Amerika &#8211;\u00a0Albanci porijeklom sa etni\u010dkih teritorija pod Crnom Gorom, ujedinjeni, jedinstveni i slo\u017eni kao nikada ranije, sa djelovanjem i aktivnostima u SAD; povodom posjete crnogorskog premjera Mila \u0110ukanovi\u0107a upu\u0107uju javni poziv na masovno u\u010de\u0161\u0107e na demonstracije u Washington DC-u, 19. marta 2014. godine. Demonstracije \u0107e se odr\u017eati ispred zgrade Ameri\u010dkog Kongresa i Ambasade Republike Crne Gore u Washingtonu D.C..<\/strong><\/p>\n<table width=\"350\" border=\"0\" cellspacing=\"0\" cellpadding=\"5\" align=\"right\" bgcolor=\"white\">\n<tbody>\n<tr>\n<td align=\"left\"><center><img decoding=\"async\" alt=\"\" src=\"http:\/\/www.bosnjaci.net\/foto\/350_Milo_Djukanovic_8779.jpg\" width=\"350\" border=\"0\" \/><\/center><span style=\"color: maroon;\"><br \/>\nPovodom posjete crnogorskog premjera Mila \u0110ukanovi\u0107a, albanske organizacije upu\u0107uju javni poziv na masovno u\u010de\u0161\u0107e na demonstracije u Washington DC-u, 19. marta 2014. godine. Demonstracije \u0107e se odr\u017eati ispred zgrade Ameri\u010dkog Kongresa i Ambasade Republike Crne Gore u Washingtonu D.C..<\/span><\/td>\n<\/tr>\n<\/tbody>\n<\/table>\n<p>Pozivamo cjelokupnu albansku zajednicu u SAD, Albansko-Ameri\u010dku ligu, Albansko-Ameri\u010dki savjet, Panalbansko dru\u0161tvo \u201cVatra\u201c, \u201cAlbanski korjeni\u201d, i sva ostala dru\u0161tva i udru\u017eenja porijeklom iz navedenih albanskih podru\u010dja koja djeluju u SAD, da podr\u017ee demonstracije i masovno u\u010destvuju i solidari\u0161u sa na\u0161om bra\u0107om i sunarodnicima koji \u017eive u Crnoj Gori.<\/p>\n<p>Ove mirne demonstracije imaju za cilj da se digne glas protiv diskriminuju\u0107e politike koju crnogorske vlasti primjenjuju prema na\u0161im sunarodnicima.<\/p>\n<p>Vrijeme je da se dr\u017eavi Crnoj Gori ka\u017ee \u201cSTOP\u201c u primjevanju duplih politi\u010dkih ar\u0161ina prema Albancima.<\/p>\n<p>Vrijeme je da se zaustavi integracija Crne Gore i me\u0111unarodnih institucija, da se zaustave pregovori sa EU, sve dok se ne pobolj\u0161aju odnosi prema albanskom narodu u Crnoj Gori.<br \/>\nVrijeme je da mi autohtoni Albanci pod Crnom Gorom, snagom razuma, zahtijevamo obezbje\u0111enje svih prava na osnovu konvencija demokratskog svijeta.<\/p>\n<p><b>Apel za masovno u\u010de\u0161\u0107e upu\u0107uju sljede\u0107a udru\u017eenja i organizacije:\u00a0<\/b><br \/>\n1. \u201d Ana e Malit \u201c New York<br \/>\n2. \u201dDed Gjon Luli \u201c New York<br \/>\n3, Fondacija \u201cDom Simon Filipaj\u201c New York<br \/>\n4. Fondacvija \u201cPlav-Gusinje\u201c New York<br \/>\n5. Humanitarni fond \u201cMal\u00ebsia\u201c New York<br \/>\n6. Patriotsko dru\u0161tvo \u201cMal\u00ebsia e Madhe\u201c Detroit<br \/>\n7. Patriotsko dru\u0161tvo \u201cKraja\u201c New York<br \/>\n8. Dru\u0161tvo \u201cUlcini\u201c Chikago.<\/p>\n<p><b>Polazak je organizovan autobusima, u srijedu 19. marta 2014. u 5:00 am:\u00a0<\/b><\/p>\n<p><b>Bronx:\u00a0<\/b><br \/>\nArthur Avenue; ispred restorana \u201cGjiovani\u201c, vlasnik Gjergj Dedvukaj.<br \/>\nZa rezervacije obratite se:<br \/>\nAgim Rugova &#8211; 917 291-0138<br \/>\nFahredin Kukaj &#8211; 201 304-1113<\/p>\n<p><b>Brooklyn:\u00a0<\/b><br \/>\nNa uglu Church Avenue i McDonald.<\/p>\n<p>Za rezervacije obratite se:<br \/>\nMustafa Ahmetaj &#8211; 917 548-6273.<\/p>\n<p>Molimo sve zainteresirane da \u0161to prije obezbijedite rezervacije za polazak autobusima.<\/p>\n<p><center><img loading=\"lazy\" decoding=\"async\" class=\"aligncenter\" style=\"border: 0px;\" alt=\"\" src=\"http:\/\/www.bosnjaci.net\/foto\/Stop_discrimination.jpg\" width=\"612\" height=\"295\" border=\"0\" \/><\/center><center>(bo\u0161njaci)<\/center><\/p>\n","protected":false},"excerpt":{"rendered":"<p>Kosovo, Amerika &#8211;\u00a0Albanci porijeklom sa etni\u010dkih teritorija pod Crnom Gorom, ujedinjeni, jedinstveni i slo\u017eni kao nikada ranije, sa djelovanjem i aktivnostima u SAD; povodom posjete crnogorskog premjera Mila \u0110ukanovi\u0107a upu\u0107uju javni poziv na masovno u\u010de\u0161\u0107e na demonstracije u Washington DC-u, 19. marta 2014. godine. Demonstracije \u0107e se odr\u017eati ispred zgrade Ameri\u010dkog Kongresa i Ambasade Republike [&hellip;]<\/p>\n","protected":false},"author":83,"featured_media":102947,"comment_status":"open","ping_status":"open","sticky":false,"template":"","format":"standard","meta":{"footnotes":""},"categories":[3012,1,2690],"tags":[],"class_list":{"0":"post-102946","1":"post","2":"type-post","3":"status-publish","4":"format-standard","5":"has-post-thumbnail","7":"category-amerika-gradovi","8":"category-politika","9":"category-kosovo-gradovi"},"yoast_head":"<!-- This site is optimized with the Yoast SEO Premium plugin v23.1 (Yoast SEO v24.9) - https:\/\/yoast.com\/wordpress\/plugins\/seo\/ -->\n<title>Albanske organizacije pozivaju na masovne demonstracije u Washingtonu povodom posjete crnogorskog premijera Djukanovi\u0107a<\/title>\n<meta name=\"robots\" content=\"index, follow, max-snippet:-1, max-image-preview:large, max-video-preview:-1\" \/>\n<link rel=\"canonical\" href=\"https:\/\/sandzakpress.net\/arhiva\/albanske-organizacije-pozivaju-na-masovne-demonstracije-u-washingtonu-povodom-posjete-crnogorskog-premijera-djukanovica\/\" \/>\n<meta property=\"og:locale\" content=\"bs_BA\" \/>\n<meta property=\"og:type\" content=\"article\" \/>\n<meta property=\"og:title\" content=\"Albanske organizacije pozivaju na masovne demonstracije u Washingtonu povodom posjete crnogorskog premijera Djukanovi\u0107a\" \/>\n<meta property=\"og:description\" content=\"Kosovo, Amerika &#8211;\u00a0Albanci porijeklom sa etni\u010dkih teritorija pod Crnom Gorom, ujedinjeni, jedinstveni i slo\u017eni kao nikada ranije, sa djelovanjem i aktivnostima u SAD; povodom posjete crnogorskog premjera Mila \u0110ukanovi\u0107a upu\u0107uju javni poziv na masovno u\u010de\u0161\u0107e na demonstracije u Washington DC-u, 19. marta 2014. godine. Demonstracije \u0107e se odr\u017eati ispred zgrade Ameri\u010dkog Kongresa i Ambasade Republike [&hellip;]\" \/>\n<meta property=\"og:url\" content=\"https:\/\/sandzakpress.net\/arhiva\/albanske-organizacije-pozivaju-na-masovne-demonstracije-u-washingtonu-povodom-posjete-crnogorskog-premijera-djukanovica\/\" \/>\n<meta property=\"og:site_name\" content=\"Sand\u017eak PRESS\" \/>\n<meta property=\"article:published_time\" content=\"2014-03-13T18:59:17+00:00\" \/>\n<meta property=\"og:image\" content=\"https:\/\/sandzakpress.net\/arhiva\/wp-content\/uploads\/2014\/03\/zastava-albanca.jpg\" \/>\n\t<meta property=\"og:image:width\" content=\"682\" \/>\n\t<meta property=\"og:image:height\" content=\"299\" \/>\n\t<meta property=\"og:image:type\" content=\"image\/jpeg\" \/>\n<meta name=\"author\" content=\"bosniak\" \/>\n<meta name=\"twitter:card\" content=\"summary_large_image\" \/>\n<meta name=\"twitter:label1\" content=\"Written by\" \/>\n\t<meta name=\"twitter:data1\" content=\"bosniak\" \/>\n\t<meta name=\"twitter:label2\" content=\"Est. reading time\" \/>\n\t<meta name=\"twitter:data2\" content=\"2 minute\" \/>\n<script type=\"application\/ld+json\" class=\"yoast-schema-graph\">{\"@context\":\"https:\/\/schema.org\",\"@graph\":[{\"@type\":\"Article\",\"@id\":\"https:\/\/sandzakpress.net\/arhiva\/albanske-organizacije-pozivaju-na-masovne-demonstracije-u-washingtonu-povodom-posjete-crnogorskog-premijera-djukanovica\/#article\",\"isPartOf\":{\"@id\":\"https:\/\/sandzakpress.net\/arhiva\/albanske-organizacije-pozivaju-na-masovne-demonstracije-u-washingtonu-povodom-posjete-crnogorskog-premijera-djukanovica\/\"},\"author\":{\"name\":\"bosniak\",\"@id\":\"https:\/\/sandzakpress.net\/arhiva\/#\/schema\/person\/c8baee722073534b583ea7bdb2e36c02\"},\"headline\":\"Albanske organizacije pozivaju na masovne demonstracije u Washingtonu povodom posjete crnogorskog premijera Djukanovi\u0107a\",\"datePublished\":\"2014-03-13T18:59:17+00:00\",\"mainEntityOfPage\":{\"@id\":\"https:\/\/sandzakpress.net\/arhiva\/albanske-organizacije-pozivaju-na-masovne-demonstracije-u-washingtonu-povodom-posjete-crnogorskog-premijera-djukanovica\/\"},\"wordCount\":395,\"commentCount\":4,\"publisher\":{\"@id\":\"https:\/\/sandzakpress.net\/arhiva\/#\/schema\/person\/6e72b67d6e51910a1117b3b483ba20bd\"},\"image\":{\"@id\":\"https:\/\/sandzakpress.net\/arhiva\/albanske-organizacije-pozivaju-na-masovne-demonstracije-u-washingtonu-povodom-posjete-crnogorskog-premijera-djukanovica\/#primaryimage\"},\"thumbnailUrl\":\"https:\/\/sandzakpress.net\/arhiva\/wp-content\/uploads\/2014\/03\/zastava-albanca.jpg\",\"articleSection\":[\"Amerika\",\"Politika\",\"Kosovo\"],\"inLanguage\":\"bs-BA\",\"potentialAction\":[{\"@type\":\"CommentAction\",\"name\":\"Comment\",\"target\":[\"https:\/\/sandzakpress.net\/arhiva\/albanske-organizacije-pozivaju-na-masovne-demonstracije-u-washingtonu-povodom-posjete-crnogorskog-premijera-djukanovica\/#respond\"]}]},{\"@type\":\"WebPage\",\"@id\":\"https:\/\/sandzakpress.net\/arhiva\/albanske-organizacije-pozivaju-na-masovne-demonstracije-u-washingtonu-povodom-posjete-crnogorskog-premijera-djukanovica\/\",\"url\":\"https:\/\/sandzakpress.net\/arhiva\/albanske-organizacije-pozivaju-na-masovne-demonstracije-u-washingtonu-povodom-posjete-crnogorskog-premijera-djukanovica\/\",\"name\":\"Albanske organizacije pozivaju na masovne demonstracije u Washingtonu povodom posjete crnogorskog premijera Djukanovi\u0107a\",\"isPartOf\":{\"@id\":\"https:\/\/sandzakpress.net\/arhiva\/#website\"},\"primaryImageOfPage\":{\"@id\":\"https:\/\/sandzakpress.net\/arhiva\/albanske-organizacije-pozivaju-na-masovne-demonstracije-u-washingtonu-povodom-posjete-crnogorskog-premijera-djukanovica\/#primaryimage\"},\"image\":{\"@id\":\"https:\/\/sandzakpress.net\/arhiva\/albanske-organizacije-pozivaju-na-masovne-demonstracije-u-washingtonu-povodom-posjete-crnogorskog-premijera-djukanovica\/#primaryimage\"},\"thumbnailUrl\":\"https:\/\/sandzakpress.net\/arhiva\/wp-content\/uploads\/2014\/03\/zastava-albanca.jpg\",\"datePublished\":\"2014-03-13T18:59:17+00:00\",\"breadcrumb\":{\"@id\":\"https:\/\/sandzakpress.net\/arhiva\/albanske-organizacije-pozivaju-na-masovne-demonstracije-u-washingtonu-povodom-posjete-crnogorskog-premijera-djukanovica\/#breadcrumb\"},\"inLanguage\":\"bs-BA\",\"potentialAction\":[{\"@type\":\"ReadAction\",\"target\":[\"https:\/\/sandzakpress.net\/arhiva\/albanske-organizacije-pozivaju-na-masovne-demonstracije-u-washingtonu-povodom-posjete-crnogorskog-premijera-djukanovica\/\"]}]},{\"@type\":\"ImageObject\",\"inLanguage\":\"bs-BA\",\"@id\":\"https:\/\/sandzakpress.net\/arhiva\/albanske-organizacije-pozivaju-na-masovne-demonstracije-u-washingtonu-povodom-posjete-crnogorskog-premijera-djukanovica\/#primaryimage\",\"url\":\"https:\/\/sandzakpress.net\/arhiva\/wp-content\/uploads\/2014\/03\/zastava-albanca.jpg\",\"contentUrl\":\"https:\/\/sandzakpress.net\/arhiva\/wp-content\/uploads\/2014\/03\/zastava-albanca.jpg\",\"width\":682,\"height\":299},{\"@type\":\"BreadcrumbList\",\"@id\":\"https:\/\/sandzakpress.net\/arhiva\/albanske-organizacije-pozivaju-na-masovne-demonstracije-u-washingtonu-povodom-posjete-crnogorskog-premijera-djukanovica\/#breadcrumb\",\"itemListElement\":[{\"@type\":\"ListItem\",\"position\":1,\"name\":\"Home\",\"item\":\"https:\/\/sandzakpress.net\/arhiva\/\"},{\"@type\":\"ListItem\",\"position\":2,\"name\":\"Albanske organizacije pozivaju na masovne demonstracije u Washingtonu povodom posjete crnogorskog premijera Djukanovi\u0107a\"}]},{\"@type\":\"WebSite\",\"@id\":\"https:\/\/sandzakpress.net\/arhiva\/#website\",\"url\":\"https:\/\/sandzakpress.net\/arhiva\/\",\"name\":\"Sand\u017eak PRESS\",\"description\":\"Prve elektronske novine u Sand\u017eaku\",\"publisher\":{\"@id\":\"https:\/\/sandzakpress.net\/arhiva\/#\/schema\/person\/6e72b67d6e51910a1117b3b483ba20bd\"},\"potentialAction\":[{\"@type\":\"SearchAction\",\"target\":{\"@type\":\"EntryPoint\",\"urlTemplate\":\"https:\/\/sandzakpress.net\/arhiva\/?s={search_term_string}\"},\"query-input\":{\"@type\":\"PropertyValueSpecification\",\"valueRequired\":true,\"valueName\":\"search_term_string\"}}],\"inLanguage\":\"bs-BA\"},{\"@type\":[\"Person\",\"Organization\"],\"@id\":\"https:\/\/sandzakpress.net\/arhiva\/#\/schema\/person\/6e72b67d6e51910a1117b3b483ba20bd\",\"name\":\"Kul\",\"image\":{\"@type\":\"ImageObject\",\"inLanguage\":\"bs-BA\",\"@id\":\"https:\/\/sandzakpress.net\/arhiva\/#\/schema\/person\/image\/\",\"url\":\"https:\/\/secure.gravatar.com\/avatar\/42263f39aa27ac04c43cab85c280eb2e?s=96&d=mm&r=pg\",\"contentUrl\":\"https:\/\/secure.gravatar.com\/avatar\/42263f39aa27ac04c43cab85c280eb2e?s=96&d=mm&r=pg\",\"caption\":\"Kul\"},\"logo\":{\"@id\":\"https:\/\/sandzakpress.net\/arhiva\/#\/schema\/person\/image\/\"}},{\"@type\":\"Person\",\"@id\":\"https:\/\/sandzakpress.net\/arhiva\/#\/schema\/person\/c8baee722073534b583ea7bdb2e36c02\",\"name\":\"bosniak\",\"image\":{\"@type\":\"ImageObject\",\"inLanguage\":\"bs-BA\",\"@id\":\"https:\/\/sandzakpress.net\/arhiva\/#\/schema\/person\/image\/\",\"url\":\"https:\/\/secure.gravatar.com\/avatar\/a04fd330bfe3a36a72a0ad4a6d89fca7?s=96&d=mm&r=pg\",\"contentUrl\":\"https:\/\/secure.gravatar.com\/avatar\/a04fd330bfe3a36a72a0ad4a6d89fca7?s=96&d=mm&r=pg\",\"caption\":\"bosniak\"},\"url\":\"https:\/\/sandzakpress.net\/arhiva\/author\/bosniak\/\"}]}<\/script>\n<!-- \/ Yoast SEO Premium plugin. -->","yoast_head_json":{"title":"Albanske organizacije pozivaju na masovne demonstracije u Washingtonu povodom posjete crnogorskog premijera Djukanovi\u0107a","robots":{"index":"index","follow":"follow","max-snippet":"max-snippet:-1","max-image-preview":"max-image-preview:large","max-video-preview":"max-video-preview:-1"},"canonical":"https:\/\/sandzakpress.net\/arhiva\/albanske-organizacije-pozivaju-na-masovne-demonstracije-u-washingtonu-povodom-posjete-crnogorskog-premijera-djukanovica\/","og_locale":"bs_BA","og_type":"article","og_title":"Albanske organizacije pozivaju na masovne demonstracije u Washingtonu povodom posjete crnogorskog premijera Djukanovi\u0107a","og_description":"Kosovo, Amerika &#8211;\u00a0Albanci porijeklom sa etni\u010dkih teritorija pod Crnom Gorom, ujedinjeni, jedinstveni i slo\u017eni kao nikada ranije, sa djelovanjem i aktivnostima u SAD; povodom posjete crnogorskog premjera Mila \u0110ukanovi\u0107a upu\u0107uju javni poziv na masovno u\u010de\u0161\u0107e na demonstracije u Washington DC-u, 19. marta 2014. godine. Demonstracije \u0107e se odr\u017eati ispred zgrade Ameri\u010dkog Kongresa i Ambasade Republike [&hellip;]","og_url":"https:\/\/sandzakpress.net\/arhiva\/albanske-organizacije-pozivaju-na-masovne-demonstracije-u-washingtonu-povodom-posjete-crnogorskog-premijera-djukanovica\/","og_site_name":"Sand\u017eak PRESS","article_published_time":"2014-03-13T18:59:17+00:00","og_image":[{"width":682,"height":299,"url":"https:\/\/sandzakpress.net\/arhiva\/wp-content\/uploads\/2014\/03\/zastava-albanca.jpg","type":"image\/jpeg"}],"author":"bosniak","twitter_card":"summary_large_image","twitter_misc":{"Written by":"bosniak","Est. reading time":"2 minute"},"schema":{"@context":"https:\/\/schema.org","@graph":[{"@type":"Article","@id":"https:\/\/sandzakpress.net\/arhiva\/albanske-organizacije-pozivaju-na-masovne-demonstracije-u-washingtonu-povodom-posjete-crnogorskog-premijera-djukanovica\/#article","isPartOf":{"@id":"https:\/\/sandzakpress.net\/arhiva\/albanske-organizacije-pozivaju-na-masovne-demonstracije-u-washingtonu-povodom-posjete-crnogorskog-premijera-djukanovica\/"},"author":{"name":"bosniak","@id":"https:\/\/sandzakpress.net\/arhiva\/#\/schema\/person\/c8baee722073534b583ea7bdb2e36c02"},"headline":"Albanske organizacije pozivaju na masovne demonstracije u Washingtonu povodom posjete crnogorskog premijera Djukanovi\u0107a","datePublished":"2014-03-13T18:59:17+00:00","mainEntityOfPage":{"@id":"https:\/\/sandzakpress.net\/arhiva\/albanske-organizacije-pozivaju-na-masovne-demonstracije-u-washingtonu-povodom-posjete-crnogorskog-premijera-djukanovica\/"},"wordCount":395,"commentCount":4,"publisher":{"@id":"https:\/\/sandzakpress.net\/arhiva\/#\/schema\/person\/6e72b67d6e51910a1117b3b483ba20bd"},"image":{"@id":"https:\/\/sandzakpress.net\/arhiva\/albanske-organizacije-pozivaju-na-masovne-demonstracije-u-washingtonu-povodom-posjete-crnogorskog-premijera-djukanovica\/#primaryimage"},"thumbnailUrl":"https:\/\/sandzakpress.net\/arhiva\/wp-content\/uploads\/2014\/03\/zastava-albanca.jpg","articleSection":["Amerika","Politika","Kosovo"],"inLanguage":"bs-BA","potentialAction":[{"@type":"CommentAction","name":"Comment","target":["https:\/\/sandzakpress.net\/arhiva\/albanske-organizacije-pozivaju-na-masovne-demonstracije-u-washingtonu-povodom-posjete-crnogorskog-premijera-djukanovica\/#respond"]}]},{"@type":"WebPage","@id":"https:\/\/sandzakpress.net\/arhiva\/albanske-organizacije-pozivaju-na-masovne-demonstracije-u-washingtonu-povodom-posjete-crnogorskog-premijera-djukanovica\/","url":"https:\/\/sandzakpress.net\/arhiva\/albanske-organizacije-pozivaju-na-masovne-demonstracije-u-washingtonu-povodom-posjete-crnogorskog-premijera-djukanovica\/","name":"Albanske organizacije pozivaju na masovne demonstracije u Washingtonu povodom posjete crnogorskog premijera Djukanovi\u0107a","isPartOf":{"@id":"https:\/\/sandzakpress.net\/arhiva\/#website"},"primaryImageOfPage":{"@id":"https:\/\/sandzakpress.net\/arhiva\/albanske-organizacije-pozivaju-na-masovne-demonstracije-u-washingtonu-povodom-posjete-crnogorskog-premijera-djukanovica\/#primaryimage"},"image":{"@id":"https:\/\/sandzakpress.net\/arhiva\/albanske-organizacije-pozivaju-na-masovne-demonstracije-u-washingtonu-povodom-posjete-crnogorskog-premijera-djukanovica\/#primaryimage"},"thumbnailUrl":"https:\/\/sandzakpress.net\/arhiva\/wp-content\/uploads\/2014\/03\/zastava-albanca.jpg","datePublished":"2014-03-13T18:59:17+00:00","breadcrumb":{"@id":"https:\/\/sandzakpress.net\/arhiva\/albanske-organizacije-pozivaju-na-masovne-demonstracije-u-washingtonu-povodom-posjete-crnogorskog-premijera-djukanovica\/#breadcrumb"},"inLanguage":"bs-BA","potentialAction":[{"@type":"ReadAction","target":["https:\/\/sandzakpress.net\/arhiva\/albanske-organizacije-pozivaju-na-masovne-demonstracije-u-washingtonu-povodom-posjete-crnogorskog-premijera-djukanovica\/"]}]},{"@type":"ImageObject","inLanguage":"bs-BA","@id":"https:\/\/sandzakpress.net\/arhiva\/albanske-organizacije-pozivaju-na-masovne-demonstracije-u-washingtonu-povodom-posjete-crnogorskog-premijera-djukanovica\/#primaryimage","url":"https:\/\/sandzakpress.net\/arhiva\/wp-content\/uploads\/2014\/03\/zastava-albanca.jpg","contentUrl":"https:\/\/sandzakpress.net\/arhiva\/wp-content\/uploads\/2014\/03\/zastava-albanca.jpg","width":682,"height":299},{"@type":"BreadcrumbList","@id":"https:\/\/sandzakpress.net\/arhiva\/albanske-organizacije-pozivaju-na-masovne-demonstracije-u-washingtonu-povodom-posjete-crnogorskog-premijera-djukanovica\/#breadcrumb","itemListElement":[{"@type":"ListItem","position":1,"name":"Home","item":"https:\/\/sandzakpress.net\/arhiva\/"},{"@type":"ListItem","position":2,"name":"Albanske organizacije pozivaju na masovne demonstracije u Washingtonu povodom posjete crnogorskog premijera Djukanovi\u0107a"}]},{"@type":"WebSite","@id":"https:\/\/sandzakpress.net\/arhiva\/#website","url":"https:\/\/sandzakpress.net\/arhiva\/","name":"Sand\u017eak PRESS","description":"Prve elektronske novine u Sand\u017eaku","publisher":{"@id":"https:\/\/sandzakpress.net\/arhiva\/#\/schema\/person\/6e72b67d6e51910a1117b3b483ba20bd"},"potentialAction":[{"@type":"SearchAction","target":{"@type":"EntryPoint","urlTemplate":"https:\/\/sandzakpress.net\/arhiva\/?s={search_term_string}"},"query-input":{"@type":"PropertyValueSpecification","valueRequired":true,"valueName":"search_term_string"}}],"inLanguage":"bs-BA"},{"@type":["Person","Organization"],"@id":"https:\/\/sandzakpress.net\/arhiva\/#\/schema\/person\/6e72b67d6e51910a1117b3b483ba20bd","name":"Kul","image":{"@type":"ImageObject","inLanguage":"bs-BA","@id":"https:\/\/sandzakpress.net\/arhiva\/#\/schema\/person\/image\/","url":"https:\/\/secure.gravatar.com\/avatar\/42263f39aa27ac04c43cab85c280eb2e?s=96&d=mm&r=pg","contentUrl":"https:\/\/secure.gravatar.com\/avatar\/42263f39aa27ac04c43cab85c280eb2e?s=96&d=mm&r=pg","caption":"Kul"},"logo":{"@id":"https:\/\/sandzakpress.net\/arhiva\/#\/schema\/person\/image\/"}},{"@type":"Person","@id":"https:\/\/sandzakpress.net\/arhiva\/#\/schema\/person\/c8baee722073534b583ea7bdb2e36c02","name":"bosniak","image":{"@type":"ImageObject","inLanguage":"bs-BA","@id":"https:\/\/sandzakpress.net\/arhiva\/#\/schema\/person\/image\/","url":"https:\/\/secure.gravatar.com\/avatar\/a04fd330bfe3a36a72a0ad4a6d89fca7?s=96&d=mm&r=pg","contentUrl":"https:\/\/secure.gravatar.com\/avatar\/a04fd330bfe3a36a72a0ad4a6d89fca7?s=96&d=mm&r=pg","caption":"bosniak"},"url":"https:\/\/sandzakpress.net\/arhiva\/author\/bosniak\/"}]}},"_links":{"self":[{"href":"https:\/\/sandzakpress.net\/arhiva\/wp-json\/wp\/v2\/posts\/102946"}],"collection":[{"href":"https:\/\/sandzakpress.net\/arhiva\/wp-json\/wp\/v2\/posts"}],"about":[{"href":"https:\/\/sandzakpress.net\/arhiva\/wp-json\/wp\/v2\/types\/post"}],"author":[{"embeddable":true,"href":"https:\/\/sandzakpress.net\/arhiva\/wp-json\/wp\/v2\/users\/83"}],"replies":[{"embeddable":true,"href":"https:\/\/sandzakpress.net\/arhiva\/wp-json\/wp\/v2\/comments?post=102946"}],"version-history":[{"count":0,"href":"https:\/\/sandzakpress.net\/arhiva\/wp-json\/wp\/v2\/posts\/102946\/revisions"}],"wp:featuredmedia":[{"embeddable":true,"href":"https:\/\/sandzakpress.net\/arhiva\/wp-json\/wp\/v2\/media\/102947"}],"wp:attachment":[{"href":"https:\/\/sandzakpress.net\/arhiva\/wp-json\/wp\/v2\/media?parent=102946"}],"wp:term":[{"taxonomy":"category","embeddable":true,"href":"https:\/\/sandzakpress.net\/arhiva\/wp-json\/wp\/v2\/categories?post=102946"},{"taxonomy":"post_tag","embeddable":true,"href":"https:\/\/sandzakpress.net\/arhiva\/wp-json\/wp\/v2\/tags?post=102946"}],"curies":[{"name":"wp","href":"https:\/\/api.w.org\/{rel}","templated":true}]}}