{"id":102510,"date":"2014-03-05T23:18:44","date_gmt":"2014-03-05T22:18:44","guid":{"rendered":"https:\/\/sandzakpress.net\/arhiva\/?p=102510"},"modified":"2014-03-05T23:18:44","modified_gmt":"2014-03-05T22:18:44","slug":"mali-slobo-u-novoj-verziji","status":"publish","type":"post","link":"https:\/\/sandzakpress.net\/arhiva\/mali-slobo-u-novoj-verziji\/","title":{"rendered":"&#8220;Mali Slobo&#8221; u novoj verziji"},"content":{"rendered":"<p><img loading=\"lazy\" decoding=\"async\" class=\"alignleft\" style=\"font-size: 14px; line-height: 1.5em; -webkit-user-select: none;\" alt=\"\" src=\"http:\/\/www.bosnjaci.net\/foto\/100_Ceman_nedzad01.jpg\" width=\"100\" height=\"110\" \/><b>Ned\u017ead \u0106eman:<\/b>\u00a0Dokaz da pacijenti te vrste ne \u017eive u realnom vremenu je i neka &#8221;srpska snaga&#8221; u koji je ubje\u0111en da samo to Srbi imaju, bijeda i jad re\u0107i \u0107e realisti, ali kao da nismo bili svjedoci da je nedavno on li\u010dno potpisao kapitulaciju &#8221;srpskog svetog Kosova i Metohije&#8221; i li\u010dno u Briselu predao &#8221;kolijevku nebeskog naroda&#8221; premijeru nezavisne dr\u017eave Republike Kosovo. Kad dublje razmislimo i nije ba\u0161 za \u010du\u0111enje, rastao je on na mitovima, poraz na Kosovu Polju (1389) proslavljao kao pobjedu na Gazimestanu 1989. Guslao Njego\u0161eve genocidne epove iz Gorskog vijenca i napajao du\u0161u na izvoru zla. Klasi\u010dan primjer poreme\u0107aja vrijednosti.<\/p>\n<p>Umi\u0161ljena si\u0107u\u0161na, arogantna kreacija i propast srpske politike zvana Ivica Da\u010di\u0107, prizivaju\u0107i fantome pro\u0161losti i sa sjetom se prisje\u0107aju\u0107i na svog duhovnog oca, ratnog zlo\u010dinca i u svijetu poznatijeg Balkanskog kasapina Slobodana Milo\u0161evi\u0107a, je na predizbornoj konvenciji koalicije koju \u010dine Socijalisti\u010dka partija Srbije, Partija unije penzionera Srbije i Jedinstvena Srbija, pokazao da Srbija i dalje u civilizacijskom kolapsu, da se i dalje gaji i obnavlja mr\u017enja prema svima koji \u017eive i okru\u017euju tu nesretnu i prokletu zemlju \u0161to se zove Srbija, a sudbina im nije bila &#8220;naklonjena&#8221; i pusti snovi o nebeskom narodu, davno propali. Dobar poznavalac srpske \u010dudi je rekao: &#8220;U svakom narodu ima korova, ali se u Srbiji taj korov zaljeva&#8221;, da je ta\u010dna ova misao potvr\u0111uje i Da\u010di\u0107eva izjava i njegova nesposobnost da se odrekne mra\u010dnja\u0161tva politike koja je krajem pro\u0161log vijeka sijala smrt na prostoru biv\u0161e Jugoslavije.<\/p>\n<div class=\"youtube-embed\" data-video_id=\"qDTV-U1I2j4\"><iframe loading=\"lazy\" title=\"Srpska je vjecna\" width=\"696\" height=\"522\" src=\"https:\/\/www.youtube.com\/embed\/qDTV-U1I2j4?feature=oembed&#038;enablejsapi=1\" frameborder=\"0\" allow=\"accelerometer; autoplay; encrypted-media; gyroscope; picture-in-picture\" allowfullscreen><\/iframe><\/div>\n<p>Pokazao je Ivica Da\u010di\u0107 da je te\u0161ko \u017eivjeti s maskom, maska mora pasti, ne mo\u017ee velikonacionalista i \u0161ovinista, \u010dovjek koji je nasljednik zlo\u010dina\u010dke genocidne politike glumiti liberala i politi\u010dara srednjeg puta, protagonistu tzv. evropske Srbije. Da\u010di\u0107 je pokazao da je mr\u017enja du\u0161evna hrana srpske nacije, a u svome hiru priznao jo\u0161 jednom da su on i njegove pristalice planirali, naredili i po\u010dinili genocid nad Bo\u0161njacima, ali i Hrvatima i Albancima. Ali da se ni trunke toga ne stidi &#8221;upozorio&#8221; je Albance i &#8221;muslimane&#8221; da se ne igraju sa genocidnom tvorevinom, ba\u0161 onako lu\u0111a\u010dki kao \u0161to je to i Karad\u017ei\u0107 1992. prijetio u bosanskohercegova\u010dkom parlamentu da \u0107e &#8221;muslimanski narod nestati&#8221;. Dokaz da pacijenti te vrste ne \u017eive u realnom vremenu je i neka &#8221;srpska snaga&#8221; u<\/p>\n<figure style=\"width: 380px\" class=\"wp-caption alignleft\"><img loading=\"lazy\" decoding=\"async\" style=\"font-size: 14px; line-height: 1.5em; border: 0px;\" alt=\"\" src=\"http:\/\/www.bosnjaci.net\/foto\/Dacic_Hitler344.jpg\" width=\"380\" height=\"204\" border=\"0\" \/><figcaption class=\"wp-caption-text\">Milo\u0161evi\u0107 se rodi: Da\u010di\u0107eve prijetnje ratom<\/figcaption><\/figure>\n<p><span style=\"font-size: 14px; line-height: 1.5em;\">A, ako ve\u0107 ho\u0107e da prijeti, &#8221;mali Slobo&#8221; treba da bude svjestan da se na silu odgovara silom, da one nekada\u0161nje naivne kom\u0161ije ne vjeruju vi\u0161e u JNA i \u010detni\u010dke \u0161ajka\u010de ta vremena su pro\u0161la. I da u najskorijoj budu\u0107nosti mo\u017ee od vjekovima sanjane a nikad nedosanjane &#8220;Velike Srbije&#8221; realno da ima samo \u201cBeogradski pa\u0161aluk\u201d, pa da bude tra\u017eili ste gledajte.<\/span>koji je ubje\u0111en da samo to Srbi imaju, bijeda i jad re\u0107i \u0107e realisti, ali kao da nismo bili svjedoci da je nedavno on li\u010dno potpisao kapitulaciju &#8221;srpskog svetog Kosova i Metohije&#8221; i li\u010dno u Briselu predao &#8221;kolijevku nebeskog naroda&#8221; premijeru nezavisne dr\u017eave Republike Kosovo. Kad dublje razmislimo i nije ba\u0161 za \u010du\u0111enje, rastao je on na mitovima, poraz na Kosovu Polju (1389) proslavljao kao pobjedu na Gazimestanu 1989. Guslao Njego\u0161eve genocidne epove iz Gorskog vijenca i napajao du\u0161u na izvoru zla. Klasi\u010dan primjer poreme\u0107aja vrijednosti. Kod njega je obrnut sistem rasu\u0111ivanja, \u0161to je dobro za njega je lo\u0161e za normalnog insana. Rije\u010d mir, ljubav i humanost ne postoje u Da\u010di\u0107evom vokabularu. Mr\u017enja ovog Milo\u0161evi\u0107evog kepeca je osnovna emocija. Samo historijski gubitnici u sebi imaju toliko mr\u017enje i naboja prema svojim kom\u0161ijama. Dijalog je nepoznata imenica, jedino kada je na koljenima. Sila mu je sredstvo komunikacije. Zaboravio je da takva politika vi\u0161e ne prolazi. Da su mu bra\u0107a po mr\u017enji sad u Hagu i tamo pola\u017eu ra\u010dune za svoja genocidna (ne)djela. Da je takvima kao \u0161to je on davno otkucao politi\u010dki sat i da je on li\u010dno svojom fa\u0161isti\u010dkom retorikom sazrio za optu\u017eeni\u010dku klupu, to nam je pokazao u svom ru\u0161ila\u010dkom hiru pred zalu\u0111enom masom srpskih neofa\u0161ista.<\/p>\n<p>Nego Bo\u0161njaci, s obje strane Drine, svjestni su istrebljiva\u010dke genocidne politike koja im se nekoliko stolje\u0107a servir\u00e1 sa Terazija. Vi\u0161e nema igre. Zato sudbinu moraju uzeti u svoje ruke, kako u Bosni i Hercegovini tako i u Sand\u017eaku. U BiH se trebaju pripremiti za predostoje\u0107e izbore i izabrati svoje predstavnike koji radi vlastitih interesa ne\u0107e prodati narod i dr\u017eavu. Dok u Sand\u017eaku su izbori za desetak dana, na kojima trebamo izaberiti nove snage. One politi\u010dke snage koje \u0107e dostojanstveno predstavljati Sand\u017eak i sve narode u njemu. Nedajte glas onima koji su na vlasti vi\u0161e od dvadeset godina i koji su promijenili sve kape. Koji su trgovinom sa Ko\u0161tunicom, Tadi\u0107em, Da\u010di\u0107em i da\u010di\u0107ima svoj narod doveli na rubu propasti.<\/p>\n<p>Sada kada je primjetno da im narod sprema izbornu \u201c\u010distku\u201d, javno uklanjaju zastave i prijete ubistvima politi\u010dkim neistomi\u0161ljenicima, dok srbijanska policija to mirno posmatra \u010dekaju\u0107i da se opet prolije nedu\u017ena krv Bo\u0161njaka.<\/p>\n<p>Zbog takvih, i posebno zbog Da\u010di\u0107evih prijetnji na\u0161 izbor u BiH i Sand\u017eaku trebaju biti novi i po\u0161teni ljudi koji \u0107e se \u010dasno boriti za svoj bo\u0161nja\u010dki narod, za dr\u017eavu Bosnu i Hercegovinu i Sand\u017eak!<\/p>\n","protected":false},"excerpt":{"rendered":"<p>Ned\u017ead \u0106eman<\/p>\n","protected":false},"author":83,"featured_media":102511,"comment_status":"open","ping_status":"open","sticky":false,"template":"","format":"standard","meta":{"footnotes":""},"categories":[10196],"tags":[10366],"class_list":{"0":"post-102510","1":"post","2":"type-post","3":"status-publish","4":"format-standard","5":"has-post-thumbnail","7":"category-iz-pera-nasih-autora","8":"tag-nedzad-ceman"},"yoast_head":"<!-- This site is optimized with the Yoast SEO Premium plugin v23.1 (Yoast SEO v24.9) - https:\/\/yoast.com\/wordpress\/plugins\/seo\/ -->\n<title>&quot;Mali Slobo&quot; u novoj verziji<\/title>\n<meta name=\"robots\" content=\"index, follow, max-snippet:-1, max-image-preview:large, max-video-preview:-1\" \/>\n<link rel=\"canonical\" href=\"https:\/\/sandzakpress.net\/arhiva\/mali-slobo-u-novoj-verziji\/\" \/>\n<meta property=\"og:locale\" content=\"bs_BA\" \/>\n<meta property=\"og:type\" content=\"article\" \/>\n<meta property=\"og:title\" content=\"&quot;Mali Slobo&quot; u novoj verziji\" \/>\n<meta property=\"og:description\" content=\"Ned\u017ead \u0106eman\" \/>\n<meta property=\"og:url\" content=\"https:\/\/sandzakpress.net\/arhiva\/mali-slobo-u-novoj-verziji\/\" \/>\n<meta property=\"og:site_name\" content=\"Sand\u017eak PRESS\" \/>\n<meta property=\"article:published_time\" content=\"2014-03-05T22:18:44+00:00\" \/>\n<meta property=\"og:image\" content=\"https:\/\/sandzakpress.net\/arhiva\/wp-content\/uploads\/2014\/03\/100_Ceman_nedzad01.jpg\" \/>\n\t<meta property=\"og:image:width\" content=\"100\" \/>\n\t<meta property=\"og:image:height\" content=\"110\" \/>\n\t<meta property=\"og:image:type\" content=\"image\/jpeg\" \/>\n<meta name=\"author\" content=\"bosniak\" \/>\n<meta name=\"twitter:card\" content=\"summary_large_image\" \/>\n<meta name=\"twitter:label1\" content=\"Written by\" \/>\n\t<meta name=\"twitter:data1\" content=\"bosniak\" \/>\n\t<meta name=\"twitter:label2\" content=\"Est. reading time\" \/>\n\t<meta name=\"twitter:data2\" content=\"5 minuta\" \/>\n<script type=\"application\/ld+json\" class=\"yoast-schema-graph\">{\"@context\":\"https:\/\/schema.org\",\"@graph\":[{\"@type\":\"Article\",\"@id\":\"https:\/\/sandzakpress.net\/arhiva\/mali-slobo-u-novoj-verziji\/#article\",\"isPartOf\":{\"@id\":\"https:\/\/sandzakpress.net\/arhiva\/mali-slobo-u-novoj-verziji\/\"},\"author\":{\"name\":\"bosniak\",\"@id\":\"https:\/\/sandzakpress.net\/arhiva\/#\/schema\/person\/c8baee722073534b583ea7bdb2e36c02\"},\"headline\":\"&#8220;Mali Slobo&#8221; u novoj verziji\",\"datePublished\":\"2014-03-05T22:18:44+00:00\",\"mainEntityOfPage\":{\"@id\":\"https:\/\/sandzakpress.net\/arhiva\/mali-slobo-u-novoj-verziji\/\"},\"wordCount\":972,\"commentCount\":3,\"publisher\":{\"@id\":\"https:\/\/sandzakpress.net\/arhiva\/#\/schema\/person\/6e72b67d6e51910a1117b3b483ba20bd\"},\"image\":{\"@id\":\"https:\/\/sandzakpress.net\/arhiva\/mali-slobo-u-novoj-verziji\/#primaryimage\"},\"thumbnailUrl\":\"https:\/\/sandzakpress.net\/arhiva\/wp-content\/uploads\/2014\/03\/100_Ceman_nedzad01.jpg\",\"keywords\":[\"Ned\u017ead \u0106eman\"],\"articleSection\":[\"Iz pera na\u0161ih autora\"],\"inLanguage\":\"bs-BA\",\"potentialAction\":[{\"@type\":\"CommentAction\",\"name\":\"Comment\",\"target\":[\"https:\/\/sandzakpress.net\/arhiva\/mali-slobo-u-novoj-verziji\/#respond\"]}]},{\"@type\":\"WebPage\",\"@id\":\"https:\/\/sandzakpress.net\/arhiva\/mali-slobo-u-novoj-verziji\/\",\"url\":\"https:\/\/sandzakpress.net\/arhiva\/mali-slobo-u-novoj-verziji\/\",\"name\":\"\\\"Mali Slobo\\\" u novoj verziji\",\"isPartOf\":{\"@id\":\"https:\/\/sandzakpress.net\/arhiva\/#website\"},\"primaryImageOfPage\":{\"@id\":\"https:\/\/sandzakpress.net\/arhiva\/mali-slobo-u-novoj-verziji\/#primaryimage\"},\"image\":{\"@id\":\"https:\/\/sandzakpress.net\/arhiva\/mali-slobo-u-novoj-verziji\/#primaryimage\"},\"thumbnailUrl\":\"https:\/\/sandzakpress.net\/arhiva\/wp-content\/uploads\/2014\/03\/100_Ceman_nedzad01.jpg\",\"datePublished\":\"2014-03-05T22:18:44+00:00\",\"breadcrumb\":{\"@id\":\"https:\/\/sandzakpress.net\/arhiva\/mali-slobo-u-novoj-verziji\/#breadcrumb\"},\"inLanguage\":\"bs-BA\",\"potentialAction\":[{\"@type\":\"ReadAction\",\"target\":[\"https:\/\/sandzakpress.net\/arhiva\/mali-slobo-u-novoj-verziji\/\"]}]},{\"@type\":\"ImageObject\",\"inLanguage\":\"bs-BA\",\"@id\":\"https:\/\/sandzakpress.net\/arhiva\/mali-slobo-u-novoj-verziji\/#primaryimage\",\"url\":\"https:\/\/sandzakpress.net\/arhiva\/wp-content\/uploads\/2014\/03\/100_Ceman_nedzad01.jpg\",\"contentUrl\":\"https:\/\/sandzakpress.net\/arhiva\/wp-content\/uploads\/2014\/03\/100_Ceman_nedzad01.jpg\",\"width\":100,\"height\":110},{\"@type\":\"BreadcrumbList\",\"@id\":\"https:\/\/sandzakpress.net\/arhiva\/mali-slobo-u-novoj-verziji\/#breadcrumb\",\"itemListElement\":[{\"@type\":\"ListItem\",\"position\":1,\"name\":\"Home\",\"item\":\"https:\/\/sandzakpress.net\/arhiva\/\"},{\"@type\":\"ListItem\",\"position\":2,\"name\":\"&#8220;Mali Slobo&#8221; u novoj verziji\"}]},{\"@type\":\"WebSite\",\"@id\":\"https:\/\/sandzakpress.net\/arhiva\/#website\",\"url\":\"https:\/\/sandzakpress.net\/arhiva\/\",\"name\":\"Sand\u017eak PRESS\",\"description\":\"Prve elektronske novine u Sand\u017eaku\",\"publisher\":{\"@id\":\"https:\/\/sandzakpress.net\/arhiva\/#\/schema\/person\/6e72b67d6e51910a1117b3b483ba20bd\"},\"potentialAction\":[{\"@type\":\"SearchAction\",\"target\":{\"@type\":\"EntryPoint\",\"urlTemplate\":\"https:\/\/sandzakpress.net\/arhiva\/?s={search_term_string}\"},\"query-input\":{\"@type\":\"PropertyValueSpecification\",\"valueRequired\":true,\"valueName\":\"search_term_string\"}}],\"inLanguage\":\"bs-BA\"},{\"@type\":[\"Person\",\"Organization\"],\"@id\":\"https:\/\/sandzakpress.net\/arhiva\/#\/schema\/person\/6e72b67d6e51910a1117b3b483ba20bd\",\"name\":\"Kul\",\"image\":{\"@type\":\"ImageObject\",\"inLanguage\":\"bs-BA\",\"@id\":\"https:\/\/sandzakpress.net\/arhiva\/#\/schema\/person\/image\/\",\"url\":\"https:\/\/secure.gravatar.com\/avatar\/42263f39aa27ac04c43cab85c280eb2e?s=96&d=mm&r=pg\",\"contentUrl\":\"https:\/\/secure.gravatar.com\/avatar\/42263f39aa27ac04c43cab85c280eb2e?s=96&d=mm&r=pg\",\"caption\":\"Kul\"},\"logo\":{\"@id\":\"https:\/\/sandzakpress.net\/arhiva\/#\/schema\/person\/image\/\"}},{\"@type\":\"Person\",\"@id\":\"https:\/\/sandzakpress.net\/arhiva\/#\/schema\/person\/c8baee722073534b583ea7bdb2e36c02\",\"name\":\"bosniak\",\"image\":{\"@type\":\"ImageObject\",\"inLanguage\":\"bs-BA\",\"@id\":\"https:\/\/sandzakpress.net\/arhiva\/#\/schema\/person\/image\/\",\"url\":\"https:\/\/secure.gravatar.com\/avatar\/a04fd330bfe3a36a72a0ad4a6d89fca7?s=96&d=mm&r=pg\",\"contentUrl\":\"https:\/\/secure.gravatar.com\/avatar\/a04fd330bfe3a36a72a0ad4a6d89fca7?s=96&d=mm&r=pg\",\"caption\":\"bosniak\"},\"url\":\"https:\/\/sandzakpress.net\/arhiva\/author\/bosniak\/\"}]}<\/script>\n<!-- \/ Yoast SEO Premium plugin. -->","yoast_head_json":{"title":"\"Mali Slobo\" u novoj verziji","robots":{"index":"index","follow":"follow","max-snippet":"max-snippet:-1","max-image-preview":"max-image-preview:large","max-video-preview":"max-video-preview:-1"},"canonical":"https:\/\/sandzakpress.net\/arhiva\/mali-slobo-u-novoj-verziji\/","og_locale":"bs_BA","og_type":"article","og_title":"\"Mali Slobo\" u novoj verziji","og_description":"Ned\u017ead \u0106eman","og_url":"https:\/\/sandzakpress.net\/arhiva\/mali-slobo-u-novoj-verziji\/","og_site_name":"Sand\u017eak PRESS","article_published_time":"2014-03-05T22:18:44+00:00","og_image":[{"width":100,"height":110,"url":"https:\/\/sandzakpress.net\/arhiva\/wp-content\/uploads\/2014\/03\/100_Ceman_nedzad01.jpg","type":"image\/jpeg"}],"author":"bosniak","twitter_card":"summary_large_image","twitter_misc":{"Written by":"bosniak","Est. reading time":"5 minuta"},"schema":{"@context":"https:\/\/schema.org","@graph":[{"@type":"Article","@id":"https:\/\/sandzakpress.net\/arhiva\/mali-slobo-u-novoj-verziji\/#article","isPartOf":{"@id":"https:\/\/sandzakpress.net\/arhiva\/mali-slobo-u-novoj-verziji\/"},"author":{"name":"bosniak","@id":"https:\/\/sandzakpress.net\/arhiva\/#\/schema\/person\/c8baee722073534b583ea7bdb2e36c02"},"headline":"&#8220;Mali Slobo&#8221; u novoj verziji","datePublished":"2014-03-05T22:18:44+00:00","mainEntityOfPage":{"@id":"https:\/\/sandzakpress.net\/arhiva\/mali-slobo-u-novoj-verziji\/"},"wordCount":972,"commentCount":3,"publisher":{"@id":"https:\/\/sandzakpress.net\/arhiva\/#\/schema\/person\/6e72b67d6e51910a1117b3b483ba20bd"},"image":{"@id":"https:\/\/sandzakpress.net\/arhiva\/mali-slobo-u-novoj-verziji\/#primaryimage"},"thumbnailUrl":"https:\/\/sandzakpress.net\/arhiva\/wp-content\/uploads\/2014\/03\/100_Ceman_nedzad01.jpg","keywords":["Ned\u017ead \u0106eman"],"articleSection":["Iz pera na\u0161ih autora"],"inLanguage":"bs-BA","potentialAction":[{"@type":"CommentAction","name":"Comment","target":["https:\/\/sandzakpress.net\/arhiva\/mali-slobo-u-novoj-verziji\/#respond"]}]},{"@type":"WebPage","@id":"https:\/\/sandzakpress.net\/arhiva\/mali-slobo-u-novoj-verziji\/","url":"https:\/\/sandzakpress.net\/arhiva\/mali-slobo-u-novoj-verziji\/","name":"\"Mali Slobo\" u novoj verziji","isPartOf":{"@id":"https:\/\/sandzakpress.net\/arhiva\/#website"},"primaryImageOfPage":{"@id":"https:\/\/sandzakpress.net\/arhiva\/mali-slobo-u-novoj-verziji\/#primaryimage"},"image":{"@id":"https:\/\/sandzakpress.net\/arhiva\/mali-slobo-u-novoj-verziji\/#primaryimage"},"thumbnailUrl":"https:\/\/sandzakpress.net\/arhiva\/wp-content\/uploads\/2014\/03\/100_Ceman_nedzad01.jpg","datePublished":"2014-03-05T22:18:44+00:00","breadcrumb":{"@id":"https:\/\/sandzakpress.net\/arhiva\/mali-slobo-u-novoj-verziji\/#breadcrumb"},"inLanguage":"bs-BA","potentialAction":[{"@type":"ReadAction","target":["https:\/\/sandzakpress.net\/arhiva\/mali-slobo-u-novoj-verziji\/"]}]},{"@type":"ImageObject","inLanguage":"bs-BA","@id":"https:\/\/sandzakpress.net\/arhiva\/mali-slobo-u-novoj-verziji\/#primaryimage","url":"https:\/\/sandzakpress.net\/arhiva\/wp-content\/uploads\/2014\/03\/100_Ceman_nedzad01.jpg","contentUrl":"https:\/\/sandzakpress.net\/arhiva\/wp-content\/uploads\/2014\/03\/100_Ceman_nedzad01.jpg","width":100,"height":110},{"@type":"BreadcrumbList","@id":"https:\/\/sandzakpress.net\/arhiva\/mali-slobo-u-novoj-verziji\/#breadcrumb","itemListElement":[{"@type":"ListItem","position":1,"name":"Home","item":"https:\/\/sandzakpress.net\/arhiva\/"},{"@type":"ListItem","position":2,"name":"&#8220;Mali Slobo&#8221; u novoj verziji"}]},{"@type":"WebSite","@id":"https:\/\/sandzakpress.net\/arhiva\/#website","url":"https:\/\/sandzakpress.net\/arhiva\/","name":"Sand\u017eak PRESS","description":"Prve elektronske novine u Sand\u017eaku","publisher":{"@id":"https:\/\/sandzakpress.net\/arhiva\/#\/schema\/person\/6e72b67d6e51910a1117b3b483ba20bd"},"potentialAction":[{"@type":"SearchAction","target":{"@type":"EntryPoint","urlTemplate":"https:\/\/sandzakpress.net\/arhiva\/?s={search_term_string}"},"query-input":{"@type":"PropertyValueSpecification","valueRequired":true,"valueName":"search_term_string"}}],"inLanguage":"bs-BA"},{"@type":["Person","Organization"],"@id":"https:\/\/sandzakpress.net\/arhiva\/#\/schema\/person\/6e72b67d6e51910a1117b3b483ba20bd","name":"Kul","image":{"@type":"ImageObject","inLanguage":"bs-BA","@id":"https:\/\/sandzakpress.net\/arhiva\/#\/schema\/person\/image\/","url":"https:\/\/secure.gravatar.com\/avatar\/42263f39aa27ac04c43cab85c280eb2e?s=96&d=mm&r=pg","contentUrl":"https:\/\/secure.gravatar.com\/avatar\/42263f39aa27ac04c43cab85c280eb2e?s=96&d=mm&r=pg","caption":"Kul"},"logo":{"@id":"https:\/\/sandzakpress.net\/arhiva\/#\/schema\/person\/image\/"}},{"@type":"Person","@id":"https:\/\/sandzakpress.net\/arhiva\/#\/schema\/person\/c8baee722073534b583ea7bdb2e36c02","name":"bosniak","image":{"@type":"ImageObject","inLanguage":"bs-BA","@id":"https:\/\/sandzakpress.net\/arhiva\/#\/schema\/person\/image\/","url":"https:\/\/secure.gravatar.com\/avatar\/a04fd330bfe3a36a72a0ad4a6d89fca7?s=96&d=mm&r=pg","contentUrl":"https:\/\/secure.gravatar.com\/avatar\/a04fd330bfe3a36a72a0ad4a6d89fca7?s=96&d=mm&r=pg","caption":"bosniak"},"url":"https:\/\/sandzakpress.net\/arhiva\/author\/bosniak\/"}]}},"_links":{"self":[{"href":"https:\/\/sandzakpress.net\/arhiva\/wp-json\/wp\/v2\/posts\/102510"}],"collection":[{"href":"https:\/\/sandzakpress.net\/arhiva\/wp-json\/wp\/v2\/posts"}],"about":[{"href":"https:\/\/sandzakpress.net\/arhiva\/wp-json\/wp\/v2\/types\/post"}],"author":[{"embeddable":true,"href":"https:\/\/sandzakpress.net\/arhiva\/wp-json\/wp\/v2\/users\/83"}],"replies":[{"embeddable":true,"href":"https:\/\/sandzakpress.net\/arhiva\/wp-json\/wp\/v2\/comments?post=102510"}],"version-history":[{"count":0,"href":"https:\/\/sandzakpress.net\/arhiva\/wp-json\/wp\/v2\/posts\/102510\/revisions"}],"wp:featuredmedia":[{"embeddable":true,"href":"https:\/\/sandzakpress.net\/arhiva\/wp-json\/wp\/v2\/media\/102511"}],"wp:attachment":[{"href":"https:\/\/sandzakpress.net\/arhiva\/wp-json\/wp\/v2\/media?parent=102510"}],"wp:term":[{"taxonomy":"category","embeddable":true,"href":"https:\/\/sandzakpress.net\/arhiva\/wp-json\/wp\/v2\/categories?post=102510"},{"taxonomy":"post_tag","embeddable":true,"href":"https:\/\/sandzakpress.net\/arhiva\/wp-json\/wp\/v2\/tags?post=102510"}],"curies":[{"name":"wp","href":"https:\/\/api.w.org\/{rel}","templated":true}]}}